{"id":207160,"date":"2020-11-19T12:03:13","date_gmt":"2020-11-19T17:03:13","guid":{"rendered":"https:\/\/www.fiscalia.gov.co\/colombia\/?p=207160"},"modified":"2020-11-19T12:03:13","modified_gmt":"2020-11-19T17:03:13","slug":"judicializados-presuntos-integrantes-de-banda-criminal-dedicada-a-la-falsificacion-de-licencias-de-conduccion","status":"publish","type":"post","link":"https:\/\/www.fiscalia.gov.co\/colombia\/seccionales\/judicializados-presuntos-integrantes-de-banda-criminal-dedicada-a-la-falsificacion-de-licencias-de-conduccion\/","title":{"rendered":"Judicializados presuntos integrantes de banda criminal dedicada a la falsificaci\u00f3n de licencias de conducci\u00f3n\u00a0"},"content":{"rendered":"<p class=\"x_MsoNormal\">Por solicitud de la\u00a0<b>Fiscal\u00eda General de la Naci\u00f3n<\/b>, el Juzgado 13 Penal Municipal de Medell\u00edn impuso\u00a0<b>medida de aseguramiento intramuros contra Juan Andr\u00e9s Ca\u00f1ola M\u00e1rquez<\/b>, como presunto responsable de concierto para delinquir y falsedad material en documento p\u00fablico en concurso homog\u00e9neo y sucesivo.<\/p>\n<p class=\"x_MsoNormal\">El despacho judicial tambi\u00e9n impuso medida de aseguramiento en su lugar de domicilio a Ester Sof\u00eda Valencia \u00c1lvarez y a Robinson Alberto Posada Estrada. \u00a0<b>Los tres procesados se allanaron a los cargos imputados.\u00a0<\/b><\/p>\n<p><img loading=\"lazy\" decoding=\"async\" class=\"alignnone wp-image-207162 size-large\" src=\"https:\/\/www.fiscalia.gov.co\/colombia\/wp-content\/uploads\/falsificadores-de-licencias-de-conduccio\u0301n-1024x768.jpg\" alt=\"\" width=\"696\" height=\"522\" srcset=\"https:\/\/www.fiscalia.gov.co\/colombia\/wp-content\/uploads\/falsificadores-de-licencias-de-conduccio\u0301n-1024x768.jpg 1024w, https:\/\/www.fiscalia.gov.co\/colombia\/wp-content\/uploads\/falsificadores-de-licencias-de-conduccio\u0301n-300x225.jpg 300w, https:\/\/www.fiscalia.gov.co\/colombia\/wp-content\/uploads\/falsificadores-de-licencias-de-conduccio\u0301n-768x576.jpg 768w, https:\/\/www.fiscalia.gov.co\/colombia\/wp-content\/uploads\/falsificadores-de-licencias-de-conduccio\u0301n-696x522.jpg 696w, https:\/\/www.fiscalia.gov.co\/colombia\/wp-content\/uploads\/falsificadores-de-licencias-de-conduccio\u0301n-1068x801.jpg 1068w, https:\/\/www.fiscalia.gov.co\/colombia\/wp-content\/uploads\/falsificadores-de-licencias-de-conduccio\u0301n-560x420.jpg 560w, https:\/\/www.fiscalia.gov.co\/colombia\/wp-content\/uploads\/falsificadores-de-licencias-de-conduccio\u0301n-80x60.jpg 80w, https:\/\/www.fiscalia.gov.co\/colombia\/wp-content\/uploads\/falsificadores-de-licencias-de-conduccio\u0301n-265x198.jpg 265w, https:\/\/www.fiscalia.gov.co\/colombia\/wp-content\/uploads\/falsificadores-de-licencias-de-conduccio\u0301n.jpg 1280w\" sizes=\"auto, (max-width: 696px) 100vw, 696px\" \/><\/p>\n<p class=\"x_MsoNormal\">Seg\u00fan la investigaci\u00f3n adelantada por un fiscal de la Estructura de Apoyo (EDA), entre febrero de 2018 y agosto de 2020, los presuntos implicados habr\u00edan organizado una estructura criminal y habr\u00edan\u00a0<b>falsificado unas 29 licencias de conducci\u00f3n de las secretar\u00edas se Movilidad<\/b>\u00a0de Ubat\u00e9 (Cundinamarca) y de los municipios antioque\u00f1os de Itag\u00fc\u00ed, Envigado y Marinilla.<\/p>\n<p class=\"x_MsoNormal\">Los investigadores evidenciaron que, para captar a sus v\u00edctimas, la\u00a0<b>banda ofrec\u00eda sus servicios en las redes sociales<\/b>\u00a0por medio de un supuesto gestor de tr\u00e1nsito, quien se compromet\u00eda a entregar la licencia en un d\u00eda.<\/p>\n<p class=\"x_MsoNormal\">Las v\u00edctimas solo deb\u00edan consignar el dinero a trav\u00e9s de algunas empresas de giros y enviar una fotocopia de la c\u00e9dula de ciudadan\u00eda y una foto tipo documento.<\/p>\n<p class=\"x_MsoNormal\">Ca\u00f1ola M\u00e1rquez, presunto cabecilla de la organizaci\u00f3n, Valencia \u00c1lvarez y Posada Estrada fueron capturados por la Sij\u00edn de la\u00a0<b>Polic\u00eda de Tr\u00e1nsito<\/b>\u00a0(Ditra) este 12 de noviembre, durante un operativo que permiti\u00f3 la incautaci\u00f3n de 2 licencias de conducci\u00f3n falsas que iban a ser enviadas al municipio de Don Mat\u00edas (Antioquia).<\/p>\n<p class=\"x_MsoNormal\">Estos resultados hacen parte del cumplimiento de los objetivos del\u00a0<b>Direccionamiento Estrat\u00e9gico de la fiscal\u00eda General de la Naci\u00f3n 2020-2024<\/b>, trazados por el Fiscal General de la Naci\u00f3n Francisco Barbosa Delgado.<\/p>\n<p class=\"x_MsoNormal\">La Fiscal\u00eda hace p\u00fablica esta informaci\u00f3n por razones de inter\u00e9s general.<\/p>\n<p class=\"x_MsoNormal\">LFML\/MG\/MR<\/p>\n\n<div class=\"twitter-share\"><a href=\"https:\/\/twitter.com\/intent\/tweet?via=fiscaliacol\" class=\"twitter-share-button\">Tweet<\/a><\/div>\n","protected":false},"excerpt":{"rendered":"<p>Por solicitud de la\u00a0Fiscal\u00eda General de la Naci\u00f3n, el Juzgado 13 Penal Municipal de Medell\u00edn impuso\u00a0medida de aseguramiento intramuros contra Juan Andr\u00e9s Ca\u00f1ola M\u00e1rquez, como presunto responsable de concierto para delinquir y falsedad material en documento p\u00fablico en concurso homog\u00e9neo y sucesivo. El despacho judicial tambi\u00e9n impuso medida de aseguramiento en su lugar de domicilio [&hellip;]<\/p>\n","protected":false},"author":169,"featured_media":0,"comment_status":"closed","ping_status":"open","sticky":false,"template":"","format":"standard","meta":{"tdm_status":"","tdm_grid_status":"","footnotes":""},"categories":[331,303,24099],"tags":[],"class_list":{"0":"post-207160","1":"post","2":"type-post","3":"status-publish","4":"format-standard","6":"category-seccional-medellin","7":"category-seccionales","8":"category-seguridad-territorial"},"yoast_head":"<!-- This site is optimized with the Yoast SEO plugin v24.3 - https:\/\/yoast.com\/wordpress\/plugins\/seo\/ -->\n<title>Fiscal\u00eda General de la Naci\u00f3n<\/title>\n<meta name=\"description\" content=\"P\u00e1gina oficial de la Fiscal\u00eda General de la Naci\u00f3n \u2013 Colombia. Garantizamos el acceso efectivo a la justicia, la verdad y la reparaci\u00f3n de las v\u00edctimas de los delitos.\" \/>\n<meta name=\"robots\" content=\"noindex, follow\" \/>\n<meta property=\"og:locale\" content=\"es_ES\" \/>\n<meta property=\"og:type\" content=\"article\" \/>\n<meta property=\"og:title\" content=\"Fiscal\u00eda General de la Naci\u00f3n\" \/>\n<meta property=\"og:description\" content=\"P\u00e1gina oficial de la Fiscal\u00eda General de la Naci\u00f3n \u2013 Colombia. Garantizamos el acceso efectivo a la justicia, la verdad y la reparaci\u00f3n de las v\u00edctimas de los delitos.\" \/>\n<meta property=\"og:url\" content=\"https:\/\/www.fiscalia.gov.co\/colombia\/seccionales\/judicializados-presuntos-integrantes-de-banda-criminal-dedicada-a-la-falsificacion-de-licencias-de-conduccion\/\" \/>\n<meta property=\"og:site_name\" content=\"Fiscal\u00eda General de la Naci\u00f3n\" \/>\n<meta property=\"article:publisher\" content=\"https:\/\/www.facebook.com\/FiscaliaCol\" \/>\n<meta property=\"article:published_time\" content=\"2020-11-19T17:03:13+00:00\" \/>\n<meta name=\"author\" content=\"Carolina Rivera\" \/>\n<meta name=\"twitter:card\" content=\"summary_large_image\" \/>\n<meta name=\"twitter:creator\" content=\"@FiscaliaCol\" \/>\n<meta name=\"twitter:site\" content=\"@FiscaliaCol\" \/>\n<meta name=\"twitter:label1\" content=\"Escrito por\" \/>\n\t<meta name=\"twitter:data1\" content=\"Carolina Rivera\" \/>\n\t<meta name=\"twitter:label2\" content=\"Tiempo de lectura\" \/>\n\t<meta name=\"twitter:data2\" content=\"2 minutos\" \/>\n<script type=\"application\/ld+json\" class=\"yoast-schema-graph\">{\"@context\":\"https:\/\/schema.org\",\"@graph\":[{\"@type\":\"Article\",\"@id\":\"https:\/\/www.fiscalia.gov.co\/colombia\/seccionales\/judicializados-presuntos-integrantes-de-banda-criminal-dedicada-a-la-falsificacion-de-licencias-de-conduccion\/#article\",\"isPartOf\":{\"@id\":\"https:\/\/www.fiscalia.gov.co\/colombia\/seccionales\/judicializados-presuntos-integrantes-de-banda-criminal-dedicada-a-la-falsificacion-de-licencias-de-conduccion\/\"},\"author\":{\"name\":\"Carolina Rivera\",\"@id\":\"https:\/\/www.fiscalia.gov.co\/colombia\/#\/schema\/person\/ed1786c6f60705e137e0d2dde5ceadef\"},\"headline\":\"Judicializados presuntos integrantes de banda criminal dedicada a la falsificaci\u00f3n de licencias de conducci\u00f3n\u00a0\",\"datePublished\":\"2020-11-19T17:03:13+00:00\",\"dateModified\":\"2020-11-19T17:03:13+00:00\",\"mainEntityOfPage\":{\"@id\":\"https:\/\/www.fiscalia.gov.co\/colombia\/seccionales\/judicializados-presuntos-integrantes-de-banda-criminal-dedicada-a-la-falsificacion-de-licencias-de-conduccion\/\"},\"wordCount\":346,\"publisher\":{\"@id\":\"https:\/\/www.fiscalia.gov.co\/colombia\/#organization\"},\"articleSection\":[\"Seccional Medell\u00edn\",\"Seccionales\",\"Seguridad territorial\"],\"inLanguage\":\"es-CO\"},{\"@type\":\"WebPage\",\"@id\":\"https:\/\/www.fiscalia.gov.co\/colombia\/seccionales\/judicializados-presuntos-integrantes-de-banda-criminal-dedicada-a-la-falsificacion-de-licencias-de-conduccion\/\",\"url\":\"https:\/\/www.fiscalia.gov.co\/colombia\/seccionales\/judicializados-presuntos-integrantes-de-banda-criminal-dedicada-a-la-falsificacion-de-licencias-de-conduccion\/\",\"name\":\"Fiscal\u00eda General de la Naci\u00f3n\",\"isPartOf\":{\"@id\":\"https:\/\/www.fiscalia.gov.co\/colombia\/#website\"},\"datePublished\":\"2020-11-19T17:03:13+00:00\",\"dateModified\":\"2020-11-19T17:03:13+00:00\",\"description\":\"P\u00e1gina oficial de la Fiscal\u00eda General de la Naci\u00f3n \u2013 Colombia. Garantizamos el acceso efectivo a la justicia, la verdad y la reparaci\u00f3n de las v\u00edctimas de los delitos.\",\"breadcrumb\":{\"@id\":\"https:\/\/www.fiscalia.gov.co\/colombia\/seccionales\/judicializados-presuntos-integrantes-de-banda-criminal-dedicada-a-la-falsificacion-de-licencias-de-conduccion\/#breadcrumb\"},\"inLanguage\":\"es-CO\",\"potentialAction\":[{\"@type\":\"ReadAction\",\"target\":[\"https:\/\/www.fiscalia.gov.co\/colombia\/seccionales\/judicializados-presuntos-integrantes-de-banda-criminal-dedicada-a-la-falsificacion-de-licencias-de-conduccion\/\"]}]},{\"@type\":\"BreadcrumbList\",\"@id\":\"https:\/\/www.fiscalia.gov.co\/colombia\/seccionales\/judicializados-presuntos-integrantes-de-banda-criminal-dedicada-a-la-falsificacion-de-licencias-de-conduccion\/#breadcrumb\",\"itemListElement\":[{\"@type\":\"ListItem\",\"position\":1,\"name\":\"Home\",\"item\":\"https:\/\/www.fiscalia.gov.co\/colombia\/\"},{\"@type\":\"ListItem\",\"position\":2,\"name\":\"Judicializados presuntos integrantes de banda criminal dedicada a la falsificaci\u00f3n de licencias de conducci\u00f3n\u00a0\"}]},{\"@type\":\"WebSite\",\"@id\":\"https:\/\/www.fiscalia.gov.co\/colombia\/#website\",\"url\":\"https:\/\/www.fiscalia.gov.co\/colombia\/\",\"name\":\"Fiscal\u00eda General de la Naci\u00f3n\",\"description\":\"P\u00e1gina oficial de la Fiscal\u00eda General de la Naci\u00f3n \u2013 Colombia. Garantizamos el acceso efectivo a la justicia, la verdad y la reparaci\u00f3n de las v\u00edctimas de los delitos.\",\"publisher\":{\"@id\":\"https:\/\/www.fiscalia.gov.co\/colombia\/#organization\"},\"potentialAction\":[{\"@type\":\"SearchAction\",\"target\":{\"@type\":\"EntryPoint\",\"urlTemplate\":\"https:\/\/www.fiscalia.gov.co\/colombia\/?s={search_term_string}\"},\"query-input\":{\"@type\":\"PropertyValueSpecification\",\"valueRequired\":true,\"valueName\":\"search_term_string\"}}],\"inLanguage\":\"es-CO\"},{\"@type\":\"Organization\",\"@id\":\"https:\/\/www.fiscalia.gov.co\/colombia\/#organization\",\"name\":\"Fiscal\u00eda General de la Naci\u00f3n\",\"url\":\"https:\/\/www.fiscalia.gov.co\/colombia\/\",\"logo\":{\"@type\":\"ImageObject\",\"inLanguage\":\"es-CO\",\"@id\":\"https:\/\/www.fiscalia.gov.co\/colombia\/#\/schema\/logo\/image\/\",\"url\":\"https:\/\/www.fiscalia.gov.co\/colombia\/wp-content\/uploads\/LogoHorizontal_1.jpg\",\"contentUrl\":\"https:\/\/www.fiscalia.gov.co\/colombia\/wp-content\/uploads\/LogoHorizontal_1.jpg\",\"width\":300,\"height\":90,\"caption\":\"Fiscal\u00eda General de la Naci\u00f3n\"},\"image\":{\"@id\":\"https:\/\/www.fiscalia.gov.co\/colombia\/#\/schema\/logo\/image\/\"},\"sameAs\":[\"https:\/\/www.facebook.com\/FiscaliaCol\",\"https:\/\/x.com\/FiscaliaCol\",\"https:\/\/www.instagram.com\/fiscaliacol\",\"https:\/\/www.linkedin.com\/company\/fiscalia-general-de-la-naci-n\/\",\"https:\/\/youtube.com\/@fiscaliageneraldelanacion-4668?si=6nN79nyQICPU5iTh\"]},{\"@type\":\"Person\",\"@id\":\"https:\/\/www.fiscalia.gov.co\/colombia\/#\/schema\/person\/ed1786c6f60705e137e0d2dde5ceadef\",\"name\":\"Carolina Rivera\",\"image\":{\"@type\":\"ImageObject\",\"inLanguage\":\"es-CO\",\"@id\":\"https:\/\/www.fiscalia.gov.co\/colombia\/#\/schema\/person\/image\/\",\"url\":\"https:\/\/secure.gravatar.com\/avatar\/e22ff7fdba9b74ef157e5bc316460275?s=96&d=mm&r=g\",\"contentUrl\":\"https:\/\/secure.gravatar.com\/avatar\/e22ff7fdba9b74ef157e5bc316460275?s=96&d=mm&r=g\",\"caption\":\"Carolina Rivera\"},\"url\":\"https:\/\/www.fiscalia.gov.co\/colombia\/author\/crivera\/\"}]}<\/script>\n<!-- \/ Yoast SEO plugin. -->","yoast_head_json":{"title":"Fiscal\u00eda General de la Naci\u00f3n","description":"P\u00e1gina oficial de la Fiscal\u00eda General de la Naci\u00f3n \u2013 Colombia. Garantizamos el acceso efectivo a la justicia, la verdad y la reparaci\u00f3n de las v\u00edctimas de los delitos.","robots":{"index":"noindex","follow":"follow"},"og_locale":"es_ES","og_type":"article","og_title":"Fiscal\u00eda General de la Naci\u00f3n","og_description":"P\u00e1gina oficial de la Fiscal\u00eda General de la Naci\u00f3n \u2013 Colombia. Garantizamos el acceso efectivo a la justicia, la verdad y la reparaci\u00f3n de las v\u00edctimas de los delitos.","og_url":"https:\/\/www.fiscalia.gov.co\/colombia\/seccionales\/judicializados-presuntos-integrantes-de-banda-criminal-dedicada-a-la-falsificacion-de-licencias-de-conduccion\/","og_site_name":"Fiscal\u00eda General de la Naci\u00f3n","article_publisher":"https:\/\/www.facebook.com\/FiscaliaCol","article_published_time":"2020-11-19T17:03:13+00:00","author":"Carolina Rivera","twitter_card":"summary_large_image","twitter_creator":"@FiscaliaCol","twitter_site":"@FiscaliaCol","twitter_misc":{"Escrito por":"Carolina Rivera","Tiempo de lectura":"2 minutos"},"schema":{"@context":"https:\/\/schema.org","@graph":[{"@type":"Article","@id":"https:\/\/www.fiscalia.gov.co\/colombia\/seccionales\/judicializados-presuntos-integrantes-de-banda-criminal-dedicada-a-la-falsificacion-de-licencias-de-conduccion\/#article","isPartOf":{"@id":"https:\/\/www.fiscalia.gov.co\/colombia\/seccionales\/judicializados-presuntos-integrantes-de-banda-criminal-dedicada-a-la-falsificacion-de-licencias-de-conduccion\/"},"author":{"name":"Carolina Rivera","@id":"https:\/\/www.fiscalia.gov.co\/colombia\/#\/schema\/person\/ed1786c6f60705e137e0d2dde5ceadef"},"headline":"Judicializados presuntos integrantes de banda criminal dedicada a la falsificaci\u00f3n de licencias de conducci\u00f3n\u00a0","datePublished":"2020-11-19T17:03:13+00:00","dateModified":"2020-11-19T17:03:13+00:00","mainEntityOfPage":{"@id":"https:\/\/www.fiscalia.gov.co\/colombia\/seccionales\/judicializados-presuntos-integrantes-de-banda-criminal-dedicada-a-la-falsificacion-de-licencias-de-conduccion\/"},"wordCount":346,"publisher":{"@id":"https:\/\/www.fiscalia.gov.co\/colombia\/#organization"},"articleSection":["Seccional Medell\u00edn","Seccionales","Seguridad territorial"],"inLanguage":"es-CO"},{"@type":"WebPage","@id":"https:\/\/www.fiscalia.gov.co\/colombia\/seccionales\/judicializados-presuntos-integrantes-de-banda-criminal-dedicada-a-la-falsificacion-de-licencias-de-conduccion\/","url":"https:\/\/www.fiscalia.gov.co\/colombia\/seccionales\/judicializados-presuntos-integrantes-de-banda-criminal-dedicada-a-la-falsificacion-de-licencias-de-conduccion\/","name":"Fiscal\u00eda General de la Naci\u00f3n","isPartOf":{"@id":"https:\/\/www.fiscalia.gov.co\/colombia\/#website"},"datePublished":"2020-11-19T17:03:13+00:00","dateModified":"2020-11-19T17:03:13+00:00","description":"P\u00e1gina oficial de la Fiscal\u00eda General de la Naci\u00f3n \u2013 Colombia. Garantizamos el acceso efectivo a la justicia, la verdad y la reparaci\u00f3n de las v\u00edctimas de los delitos.","breadcrumb":{"@id":"https:\/\/www.fiscalia.gov.co\/colombia\/seccionales\/judicializados-presuntos-integrantes-de-banda-criminal-dedicada-a-la-falsificacion-de-licencias-de-conduccion\/#breadcrumb"},"inLanguage":"es-CO","potentialAction":[{"@type":"ReadAction","target":["https:\/\/www.fiscalia.gov.co\/colombia\/seccionales\/judicializados-presuntos-integrantes-de-banda-criminal-dedicada-a-la-falsificacion-de-licencias-de-conduccion\/"]}]},{"@type":"BreadcrumbList","@id":"https:\/\/www.fiscalia.gov.co\/colombia\/seccionales\/judicializados-presuntos-integrantes-de-banda-criminal-dedicada-a-la-falsificacion-de-licencias-de-conduccion\/#breadcrumb","itemListElement":[{"@type":"ListItem","position":1,"name":"Home","item":"https:\/\/www.fiscalia.gov.co\/colombia\/"},{"@type":"ListItem","position":2,"name":"Judicializados presuntos integrantes de banda criminal dedicada a la falsificaci\u00f3n de licencias de conducci\u00f3n\u00a0"}]},{"@type":"WebSite","@id":"https:\/\/www.fiscalia.gov.co\/colombia\/#website","url":"https:\/\/www.fiscalia.gov.co\/colombia\/","name":"Fiscal\u00eda General de la Naci\u00f3n","description":"P\u00e1gina oficial de la Fiscal\u00eda General de la Naci\u00f3n \u2013 Colombia. Garantizamos el acceso efectivo a la justicia, la verdad y la reparaci\u00f3n de las v\u00edctimas de los delitos.","publisher":{"@id":"https:\/\/www.fiscalia.gov.co\/colombia\/#organization"},"potentialAction":[{"@type":"SearchAction","target":{"@type":"EntryPoint","urlTemplate":"https:\/\/www.fiscalia.gov.co\/colombia\/?s={search_term_string}"},"query-input":{"@type":"PropertyValueSpecification","valueRequired":true,"valueName":"search_term_string"}}],"inLanguage":"es-CO"},{"@type":"Organization","@id":"https:\/\/www.fiscalia.gov.co\/colombia\/#organization","name":"Fiscal\u00eda General de la Naci\u00f3n","url":"https:\/\/www.fiscalia.gov.co\/colombia\/","logo":{"@type":"ImageObject","inLanguage":"es-CO","@id":"https:\/\/www.fiscalia.gov.co\/colombia\/#\/schema\/logo\/image\/","url":"https:\/\/www.fiscalia.gov.co\/colombia\/wp-content\/uploads\/LogoHorizontal_1.jpg","contentUrl":"https:\/\/www.fiscalia.gov.co\/colombia\/wp-content\/uploads\/LogoHorizontal_1.jpg","width":300,"height":90,"caption":"Fiscal\u00eda General de la Naci\u00f3n"},"image":{"@id":"https:\/\/www.fiscalia.gov.co\/colombia\/#\/schema\/logo\/image\/"},"sameAs":["https:\/\/www.facebook.com\/FiscaliaCol","https:\/\/x.com\/FiscaliaCol","https:\/\/www.instagram.com\/fiscaliacol","https:\/\/www.linkedin.com\/company\/fiscalia-general-de-la-naci-n\/","https:\/\/youtube.com\/@fiscaliageneraldelanacion-4668?si=6nN79nyQICPU5iTh"]},{"@type":"Person","@id":"https:\/\/www.fiscalia.gov.co\/colombia\/#\/schema\/person\/ed1786c6f60705e137e0d2dde5ceadef","name":"Carolina Rivera","image":{"@type":"ImageObject","inLanguage":"es-CO","@id":"https:\/\/www.fiscalia.gov.co\/colombia\/#\/schema\/person\/image\/","url":"https:\/\/secure.gravatar.com\/avatar\/e22ff7fdba9b74ef157e5bc316460275?s=96&d=mm&r=g","contentUrl":"https:\/\/secure.gravatar.com\/avatar\/e22ff7fdba9b74ef157e5bc316460275?s=96&d=mm&r=g","caption":"Carolina Rivera"},"url":"https:\/\/www.fiscalia.gov.co\/colombia\/author\/crivera\/"}]}},"_links":{"self":[{"href":"https:\/\/www.fiscalia.gov.co\/colombia\/wp-json\/wp\/v2\/posts\/207160","targetHints":{"allow":["GET"]}}],"collection":[{"href":"https:\/\/www.fiscalia.gov.co\/colombia\/wp-json\/wp\/v2\/posts"}],"about":[{"href":"https:\/\/www.fiscalia.gov.co\/colombia\/wp-json\/wp\/v2\/types\/post"}],"author":[{"embeddable":true,"href":"https:\/\/www.fiscalia.gov.co\/colombia\/wp-json\/wp\/v2\/users\/169"}],"replies":[{"embeddable":true,"href":"https:\/\/www.fiscalia.gov.co\/colombia\/wp-json\/wp\/v2\/comments?post=207160"}],"version-history":[{"count":2,"href":"https:\/\/www.fiscalia.gov.co\/colombia\/wp-json\/wp\/v2\/posts\/207160\/revisions"}],"predecessor-version":[{"id":207163,"href":"https:\/\/www.fiscalia.gov.co\/colombia\/wp-json\/wp\/v2\/posts\/207160\/revisions\/207163"}],"wp:attachment":[{"href":"https:\/\/www.fiscalia.gov.co\/colombia\/wp-json\/wp\/v2\/media?parent=207160"}],"wp:term":[{"taxonomy":"category","embeddable":true,"href":"https:\/\/www.fiscalia.gov.co\/colombia\/wp-json\/wp\/v2\/categories?post=207160"},{"taxonomy":"post_tag","embeddable":true,"href":"https:\/\/www.fiscalia.gov.co\/colombia\/wp-json\/wp\/v2\/tags?post=207160"}],"curies":[{"name":"wp","href":"https:\/\/api.w.org\/{rel}","templated":true}]}}