{"id":206403,"date":"2020-11-10T10:58:00","date_gmt":"2020-11-10T15:58:00","guid":{"rendered":"https:\/\/www.fiscalia.gov.co\/colombia\/?p=206403"},"modified":"2020-11-10T10:58:00","modified_gmt":"2020-11-10T15:58:00","slug":"fiscalia-judicializo-a-10-presuntos-integrantes-de-la-banda-los-cirujanos-por-supuesto-envio-de-cocaina-liquida-a-europa-a-traves-de-correos-humanos","status":"publish","type":"post","link":"https:\/\/www.fiscalia.gov.co\/colombia\/seccionales\/fiscalia-judicializo-a-10-presuntos-integrantes-de-la-banda-los-cirujanos-por-supuesto-envio-de-cocaina-liquida-a-europa-a-traves-de-correos-humanos\/","title":{"rendered":"Fiscal\u00eda judicializ\u00f3 a 10 presuntos integrantes de la banda Los Cirujanos por supuesto env\u00edo de coca\u00edna l\u00edquida a Europa a trav\u00e9s de correos humanos"},"content":{"rendered":"<blockquote class=\"td_quote_box td_box_center\">\n<h4 style=\"text-align: left;\"><strong><i><span lang=\"ES\">Mujeres j\u00f3venes eran convencidas para llevar la droga dentro de pr\u00f3tesis en sus senos y piernas con el fin de entregarla en Espa\u00f1a. La Fiscal\u00eda con apoyo de unidades del Batall\u00f3n de Operaciones Terrestres 12 y 13 de la Tercera Brigada del Ej\u00e9rcito Nacional, logr\u00f3 la captura de los investigados en Cali y Medell\u00edn.<\/span><\/i><span lang=\"ES\">\u00a0<\/span><span lang=\"ES\">\u00a0<\/span><\/strong><\/h4>\n<\/blockquote>\n<figure id=\"attachment_206405\" aria-describedby=\"caption-attachment-206405\" style=\"width: 696px\" class=\"wp-caption alignnone\"><img loading=\"lazy\" decoding=\"async\" class=\"size-large wp-image-206405\" src=\"https:\/\/www.fiscalia.gov.co\/colombia\/wp-content\/uploads\/Banda-Los-cirujanos-10-de-sus-integrantes-fueron-enviados-a-la-ca\u0301rcel-1024x768.jpeg\" alt=\"\" width=\"696\" height=\"522\" srcset=\"https:\/\/www.fiscalia.gov.co\/colombia\/wp-content\/uploads\/Banda-Los-cirujanos-10-de-sus-integrantes-fueron-enviados-a-la-ca\u0301rcel-1024x768.jpeg 1024w, https:\/\/www.fiscalia.gov.co\/colombia\/wp-content\/uploads\/Banda-Los-cirujanos-10-de-sus-integrantes-fueron-enviados-a-la-ca\u0301rcel-300x225.jpeg 300w, https:\/\/www.fiscalia.gov.co\/colombia\/wp-content\/uploads\/Banda-Los-cirujanos-10-de-sus-integrantes-fueron-enviados-a-la-ca\u0301rcel-768x576.jpeg 768w, https:\/\/www.fiscalia.gov.co\/colombia\/wp-content\/uploads\/Banda-Los-cirujanos-10-de-sus-integrantes-fueron-enviados-a-la-ca\u0301rcel-696x522.jpeg 696w, https:\/\/www.fiscalia.gov.co\/colombia\/wp-content\/uploads\/Banda-Los-cirujanos-10-de-sus-integrantes-fueron-enviados-a-la-ca\u0301rcel-560x420.jpeg 560w, https:\/\/www.fiscalia.gov.co\/colombia\/wp-content\/uploads\/Banda-Los-cirujanos-10-de-sus-integrantes-fueron-enviados-a-la-ca\u0301rcel-80x60.jpeg 80w, https:\/\/www.fiscalia.gov.co\/colombia\/wp-content\/uploads\/Banda-Los-cirujanos-10-de-sus-integrantes-fueron-enviados-a-la-ca\u0301rcel-265x198.jpeg 265w, https:\/\/www.fiscalia.gov.co\/colombia\/wp-content\/uploads\/Banda-Los-cirujanos-10-de-sus-integrantes-fueron-enviados-a-la-ca\u0301rcel.jpeg 1040w\" sizes=\"auto, (max-width: 696px) 100vw, 696px\" \/><figcaption id=\"caption-attachment-206405\" class=\"wp-caption-text\"><strong>Entre los procesados est\u00e1 una instrumentadora quir\u00fargica y un hombre que se hac\u00eda pasar por m\u00e9dico, quienes al parecer realizaban las cirug\u00edas en quir\u00f3fanos improvisados para colocar los implantes con la coca\u00edna l\u00edquida.<\/strong><\/figcaption><\/figure>\n<p class=\"x_MsoNormal\"><span lang=\"ES\">Al acoger los contundentes argumentos de la Fiscal\u00eda, durante las audiencias concentradas, el Juez 26 Penal de control de garant\u00edas de Cali (Valle) impuso\u00a0<b>medida de aseguramiento\u00a0<\/b>consistente en detenci\u00f3n preventiva en establecimiento carcelario en contra de 10 presuntos integrantes de una\u00a0<b>red transnacional\u00a0<\/b>de tr\u00e1fico de estupefacientes conocida como\u00a0<b>Los Cirujanos<\/b>, que enviaba coca\u00edna l\u00edquida a Europa a trav\u00e9s de correos humanos.\u00a0<\/span><span lang=\"ES-CO\">\u00a0<\/span><span lang=\"ES\">\u00a0<\/span><span lang=\"ES-CO\">\u00a0<\/span><\/p>\n<p class=\"x_MsoNormal\"><span lang=\"ES\">Estos resultados responden a la estrategia investigativa para combatir todos los eslabones de la cadena del narcotr\u00e1fico y contrarrestar fen\u00f3menos delictivos de alto impacto que afectan la seguridad ciudadana, desarrollada bajo los lineamientos trazados por el Fiscal General de la Naci\u00f3n, Francisco Barbosa Delgado.\u00a0<\/span><span lang=\"ES-CO\">\u00a0<\/span><\/p>\n<p class=\"x_MsoNormal\"><b><u><span lang=\"ES\">Red de correos humanos<\/span><\/u><\/b><span lang=\"ES-CO\">\u00a0<\/span><\/p>\n<p class=\"x_MsoNormal\"><span lang=\"ES\">De acuerdo con la investigaci\u00f3n, cuyo origen fue la informaci\u00f3n aportada por una fuente humana, los servidores del CTI lograron establecer que varias personas que tendr\u00edan roles espec\u00edficos dentro de la\u00a0<\/span><span lang=\"ES-CO\"><a href=\"https:\/\/www.fiscalia.gov.co\/colombia\/seccionales\/judicializados-13-presuntos-integrantes-de-la-organizacion-criminal-los-juaquinillos-con-injerencia-en-el-barrio-belen-de-medellin\/\" target=\"_blank\" rel=\"noopener noreferrer\" data-auth=\"NotApplicable\"><span lang=\"ES\">organizaci\u00f3n criminal<\/span><\/a><\/span>\u00a0<span lang=\"ES\">se habr\u00edan concertado desde hace tres a\u00f1os, aproximadamente, con el prop\u00f3sito de enviar coca\u00edna a Europa, en la modalidad de\u00a0<b>correos humanos<\/b>, espec\u00edficamente a Madrid (Espa\u00f1a), saliendo por los aeropuertos Alfonso Bonilla Arag\u00f3n de Palmira (Valle del Cauca) y El Dorado de Bogot\u00e1.\u00a0\u00a0<\/span><span lang=\"ES-CO\">\u00a0<\/span><\/p>\n<p class=\"x_MsoNormal\"><span lang=\"ES\">Con base en el recaudo de material probatorio se evidenci\u00f3 que dos personas vinculadas al sector de la Salud al parecer hac\u00edan parte de esta banda delincuencial y ser\u00edan quienes se encargaban de intervenir quir\u00fargicamente a las mujeres reclutadas para transportar la droga.\u00a0<\/span><span lang=\"ES-CO\">\u00a0<\/span><\/p>\n<p class=\"x_MsoNormal\"><span lang=\"ES\">Se conoci\u00f3 que tales procedimientos se realizaban en\u00a0<b>quir\u00f3fanos improvisados\u00a0<\/b>en habitaciones de moteles o aparta-estudios que rentaban por d\u00edas hasta la recuperaci\u00f3n de las v\u00edctimas, a las cuales les implantaban en senos y piernas<b>\u00a0pr\u00f3tesis que conten\u00edan\u00a0<\/b><\/span><b><span lang=\"ES-CO\"><a href=\"https:\/\/www.fiscalia.gov.co\/colombia\/seccionales\/fiscalia-descubre-cartel-de-cocaina-liquida-para-su-envio-hacia-norteamerica-y-europa\/\" target=\"_blank\" rel=\"noopener noreferrer\" data-auth=\"NotApplicable\"><span lang=\"ES\">coca\u00edna l\u00edquida<\/span><\/a><\/span><\/b>.\u00a0<span lang=\"ES-CO\">\u00a0<\/span><\/p>\n<p class=\"x_MsoNormal\"><span lang=\"ES\">Un miembro de la estructura criminal perfilaba y reclutaba a las mujeres que ser\u00edan cargadas con la droga, ofreci\u00e9ndoles oportunidades laborales en Espa\u00f1a.\u00a0\u00a0<\/span><span lang=\"ES-CO\">\u00a0<\/span><\/p>\n<p class=\"x_MsoNormal\"><span lang=\"ES\">Las v\u00edctimas eran enviadas en vuelos comerciales a Madrid, donde les eran extra\u00eddas las pr\u00f3tesis con el alcaloide, igualmente en quir\u00f3fanos improvisados, en esa ciudad.\u00a0<\/span><\/p>\n<p class=\"x_MsoNormal\"><span lang=\"ES\">Asimismo, en el desarrollo de la indagaci\u00f3n, que cont\u00f3 con labores de vigilancia y seguimiento a personas, adem\u00e1s de la interceptaci\u00f3n de tel\u00e9fonos celulares, se pudo establecer que una\u00a0<b>instrumentadora quir\u00fargica<\/b>, quien labora en un hospital de Cali, al parecer tambi\u00e9n participaba en las citadas cirug\u00edas; adem\u00e1s de un hombre que\u00a0<b>se habr\u00eda hecho pasar por m\u00e9dico<\/b>, puesto que no est\u00e1 titulado, y quien en los \u00faltimos d\u00edas se encontraba laborando como m\u00e9dico general (telemedicina pacientes Covid-19) en un reconocido hospital de Medell\u00edn.\u00a0\u00a0<\/span><span lang=\"ES-CO\">\u00a0<\/span><\/p>\n<p class=\"x_MsoNormal\"><b><u><span lang=\"ES\">La judicializaci\u00f3n<\/span><\/u><\/b><span lang=\"ES-CO\">\u00a0<\/span><\/p>\n<p class=\"x_MsoNormal\"><span lang=\"ES\">Ante el juez de control de garant\u00edas, el ente acusador les imput\u00f3 cargos a los 10 investigados por su presunta responsabilidad en el delito de\u00a0<b>concierto para delinquir agravado con fines de narcotr\u00e1fico<\/b>, al cual no se allanaron.\u00a0\u00a0<\/span> <span lang=\"ES\">\u00a0\u00a0<\/span><span lang=\"ES-CO\">\u00a0<\/span><\/p>\n<p class=\"x_MsoNormal\"><span lang=\"ES\">Los cobijados con la medida judicial intramuros fueron identificados como: \u00a0\u00a0<\/span><span lang=\"ES-CO\">\u00a0<\/span><\/p>\n<ol>\n<li><span lang=\"ES-CO\">Alias el Viejo, presunto cabecilla de la organizaci\u00f3n capturado en el barrio Alameda de Cali.\u00a0<\/span><span lang=\"ES-CO\">\u00a0<\/span><\/li>\n<li><span lang=\"ES-CO\">Alias Andr\u00e9s el Abogado, capturado en el barrio La Hacienda de Cali.\u00a0\u00a0<\/span><span lang=\"ES-CO\">\u00a0<\/span><\/li>\n<li><span lang=\"ES-CO\">Alias Leudo, capturado en\u00a0<b>Medell\u00edn (Antioquia).<\/b>\u00a0<\/span><span lang=\"ES-CO\">\u00a0<\/span><\/li>\n<li><span lang=\"ES-CO\">Alias Felipe, capturado en el barrio La Selva de Cali. \u00a0<\/span><span lang=\"ES-CO\">\u00a0<\/span><\/li>\n<li><span lang=\"ES-CO\">Alias el Doctor, capturado el barrio Santa Anita de Cali.\u00a0<\/span><span lang=\"ES-CO\">\u00a0<\/span><\/li>\n<li><span lang=\"ES-CO\">Alias Maya, capturado en el barrio Miraflores de Cali.\u00a0\u00a0\u00a0\u00a0<\/span><span lang=\"ES-CO\">\u00a0<\/span><\/li>\n<li><span lang=\"ES-CO\">Alias Tefa, capturada en el barrio La Selva de Cali.\u00a0<\/span><span lang=\"ES-CO\">\u00a0<\/span><\/li>\n<li><span lang=\"ES-CO\">Alias La Maye, capturada en barrio el Guabal de Cali.\u00a0<\/span><span lang=\"ES-CO\">\u00a0<\/span><\/li>\n<li><span lang=\"ES-CO\">Alias Yenifer, capturada en Villa Gorgona, municipio de Candelaria (Valle).\u00a0<\/span><\/li>\n<li>Alias Camila, capturada en el\u00a0corregimiento Montebello de Cali.<\/li>\n<\/ol>\n<p><span lang=\"ES-CO\"><br \/>\n<\/span><span lang=\"ES\">Estas personas fueron capturadas el pasado 5 de noviembre durante operativos conjuntos realizados por servidores del Cuerpo T\u00e9cnico de Investigaci\u00f3n (CTI) y unidades del Batall\u00f3n de Operaciones Terrestres 12 y 13 de la Tercera Divisi\u00f3n del Ej\u00e9rcito Nacional, mediante orden judicial.\u00a0\u00a0<\/span><\/p>\n<p><span lang=\"ES\">En las diligencias\u00a0fueron\u00a0incautados 14 tel\u00e9fonos celulares y un pasaporte a nombre de Mar\u00eda Camila Gallego.\u00a0<\/span><\/p>\n<p><span lang=\"ES\">La Fiscal\u00eda hace p\u00fablica esta informaci\u00f3n por razones de inter\u00e9s general.\u00a0\u00a0<\/span><\/p>\n<p><span lang=\"ES\">JGPV\/DLBM\/CS\u00a0<\/span><\/p>\n<p><b><span lang=\"ES\">Le puede interesar:\u00a0<\/span><\/b><a href=\"https:\/\/www.fiscalia.gov.co\/colombia\/seccionales\/fiscalia-judicializo-a-presuntos-cabecillas-de-organizacion-criminal-los-morfhox-por-trafico-de-cocaina-liquida\/\" target=\"_blank\" rel=\"noopener noreferrer\" data-auth=\"NotApplicable\"><span lang=\"ES\">Fiscal\u00eda judicializ\u00f3 a presuntos cabecillas de organizaci\u00f3n criminal Los Morfhox por tr\u00e1fico de coca\u00edna l\u00edquida\u00a0<\/span><\/a><b><span lang=\"ES\">\u00a0<\/span><\/b><\/p>\n\n<div class=\"twitter-share\"><a href=\"https:\/\/twitter.com\/intent\/tweet?via=fiscaliacol\" class=\"twitter-share-button\">Tweet<\/a><\/div>\n","protected":false},"excerpt":{"rendered":"<p>Mujeres j\u00f3venes eran convencidas para llevar la droga dentro de pr\u00f3tesis en sus senos y piernas con el fin de entregarla en Espa\u00f1a. La Fiscal\u00eda con apoyo de unidades del [&hellip;]<\/p>\n","protected":false},"author":162,"featured_media":0,"comment_status":"closed","ping_status":"open","sticky":false,"template":"","format":"standard","meta":{"tdm_status":"","tdm_grid_status":"","footnotes":""},"categories":[24115,324,303],"tags":[7835,4829,24189,24481,1047,24479,148,7329,24480,155],"class_list":["post-206403","post","type-post","status-publish","format-standard","category-narcotrafico","category-seccional-cali","category-seccionales","tag-cocaina-liquida","tag-correos-humanos","tag-fiscal-francisco-barbosa-delgado","tag-fiscalia-de-colombia","tag-fiscalia-general-de-la-nacion","tag-mulas","tag-narcotrafico","tag-organizacion-criminal","tag-red-transnacional-de-narcotrafico","tag-trafico-de-estupefacientes"],"yoast_head":"<!-- This site is optimized with the Yoast SEO plugin v24.3 - https:\/\/yoast.com\/wordpress\/plugins\/seo\/ -->\n<title>Fiscal\u00eda General de la Naci\u00f3n<\/title>\n<meta name=\"description\" content=\"P\u00e1gina oficial de la Fiscal\u00eda General de la Naci\u00f3n \u2013 Colombia. Garantizamos el acceso efectivo a la justicia, la verdad y la reparaci\u00f3n de las v\u00edctimas de los delitos.\" \/>\n<meta name=\"robots\" content=\"noindex, follow\" \/>\n<meta property=\"og:locale\" content=\"es_ES\" \/>\n<meta property=\"og:type\" content=\"article\" \/>\n<meta property=\"og:title\" content=\"Fiscal\u00eda General de la Naci\u00f3n\" \/>\n<meta property=\"og:description\" content=\"P\u00e1gina oficial de la Fiscal\u00eda General de la Naci\u00f3n \u2013 Colombia. Garantizamos el acceso efectivo a la justicia, la verdad y la reparaci\u00f3n de las v\u00edctimas de los delitos.\" \/>\n<meta property=\"og:url\" content=\"https:\/\/www.fiscalia.gov.co\/colombia\/seccionales\/fiscalia-judicializo-a-10-presuntos-integrantes-de-la-banda-los-cirujanos-por-supuesto-envio-de-cocaina-liquida-a-europa-a-traves-de-correos-humanos\/\" \/>\n<meta property=\"og:site_name\" content=\"Fiscal\u00eda General de la Naci\u00f3n\" \/>\n<meta property=\"article:publisher\" content=\"https:\/\/www.facebook.com\/FiscaliaCol\" \/>\n<meta property=\"article:published_time\" content=\"2020-11-10T15:58:00+00:00\" \/>\n<meta name=\"author\" content=\"Direcci\u00f3n de Comunicaciones Fiscal\u00eda General de la Naci\u00f3n\" \/>\n<meta name=\"twitter:card\" content=\"summary_large_image\" \/>\n<meta name=\"twitter:creator\" content=\"@FiscaliaCol\" \/>\n<meta name=\"twitter:site\" content=\"@FiscaliaCol\" \/>\n<meta name=\"twitter:label1\" content=\"Escrito por\" \/>\n\t<meta name=\"twitter:data1\" content=\"Direcci\u00f3n de Comunicaciones Fiscal\u00eda General de la Naci\u00f3n\" \/>\n\t<meta name=\"twitter:label2\" content=\"Tiempo de lectura\" \/>\n\t<meta name=\"twitter:data2\" content=\"4 minutos\" \/>\n<script type=\"application\/ld+json\" class=\"yoast-schema-graph\">{\"@context\":\"https:\/\/schema.org\",\"@graph\":[{\"@type\":\"Article\",\"@id\":\"https:\/\/www.fiscalia.gov.co\/colombia\/seccionales\/fiscalia-judicializo-a-10-presuntos-integrantes-de-la-banda-los-cirujanos-por-supuesto-envio-de-cocaina-liquida-a-europa-a-traves-de-correos-humanos\/#article\",\"isPartOf\":{\"@id\":\"https:\/\/www.fiscalia.gov.co\/colombia\/seccionales\/fiscalia-judicializo-a-10-presuntos-integrantes-de-la-banda-los-cirujanos-por-supuesto-envio-de-cocaina-liquida-a-europa-a-traves-de-correos-humanos\/\"},\"author\":{\"name\":\"Direcci\u00f3n de Comunicaciones Fiscal\u00eda General de la Naci\u00f3n\",\"@id\":\"https:\/\/www.fiscalia.gov.co\/colombia\/#\/schema\/person\/bf28d8ae7f1b287bbe3af484b04f43ea\"},\"headline\":\"Fiscal\u00eda judicializ\u00f3 a 10 presuntos integrantes de la banda Los Cirujanos por supuesto env\u00edo de coca\u00edna l\u00edquida a Europa a trav\u00e9s de correos humanos\",\"datePublished\":\"2020-11-10T15:58:00+00:00\",\"dateModified\":\"2020-11-10T15:58:00+00:00\",\"mainEntityOfPage\":{\"@id\":\"https:\/\/www.fiscalia.gov.co\/colombia\/seccionales\/fiscalia-judicializo-a-10-presuntos-integrantes-de-la-banda-los-cirujanos-por-supuesto-envio-de-cocaina-liquida-a-europa-a-traves-de-correos-humanos\/\"},\"wordCount\":844,\"publisher\":{\"@id\":\"https:\/\/www.fiscalia.gov.co\/colombia\/#organization\"},\"keywords\":[\"Coca\u00edna l\u00edquida\",\"Correos Humanos\",\"Fiscal Francisco Barbosa Delgado\",\"Fiscal\u00eda de Colombia\",\"Fiscal\u00eda General de la Naci\u00f3n\",\"mulas\",\"Narcotr\u00e1fico\",\"Organizaci\u00f3n Criminal\",\"red transnacional de narcotr\u00e1fico\",\"Tr\u00e1fico de estupefacientes\"],\"articleSection\":[\"Narcotr\u00e1fico\",\"Seccional Cali\",\"Seccionales\"],\"inLanguage\":\"es-CO\"},{\"@type\":\"WebPage\",\"@id\":\"https:\/\/www.fiscalia.gov.co\/colombia\/seccionales\/fiscalia-judicializo-a-10-presuntos-integrantes-de-la-banda-los-cirujanos-por-supuesto-envio-de-cocaina-liquida-a-europa-a-traves-de-correos-humanos\/\",\"url\":\"https:\/\/www.fiscalia.gov.co\/colombia\/seccionales\/fiscalia-judicializo-a-10-presuntos-integrantes-de-la-banda-los-cirujanos-por-supuesto-envio-de-cocaina-liquida-a-europa-a-traves-de-correos-humanos\/\",\"name\":\"Fiscal\u00eda General de la Naci\u00f3n\",\"isPartOf\":{\"@id\":\"https:\/\/www.fiscalia.gov.co\/colombia\/#website\"},\"datePublished\":\"2020-11-10T15:58:00+00:00\",\"dateModified\":\"2020-11-10T15:58:00+00:00\",\"description\":\"P\u00e1gina oficial de la Fiscal\u00eda General de la Naci\u00f3n \u2013 Colombia. Garantizamos el acceso efectivo a la justicia, la verdad y la reparaci\u00f3n de las v\u00edctimas de los delitos.\",\"breadcrumb\":{\"@id\":\"https:\/\/www.fiscalia.gov.co\/colombia\/seccionales\/fiscalia-judicializo-a-10-presuntos-integrantes-de-la-banda-los-cirujanos-por-supuesto-envio-de-cocaina-liquida-a-europa-a-traves-de-correos-humanos\/#breadcrumb\"},\"inLanguage\":\"es-CO\",\"potentialAction\":[{\"@type\":\"ReadAction\",\"target\":[\"https:\/\/www.fiscalia.gov.co\/colombia\/seccionales\/fiscalia-judicializo-a-10-presuntos-integrantes-de-la-banda-los-cirujanos-por-supuesto-envio-de-cocaina-liquida-a-europa-a-traves-de-correos-humanos\/\"]}]},{\"@type\":\"BreadcrumbList\",\"@id\":\"https:\/\/www.fiscalia.gov.co\/colombia\/seccionales\/fiscalia-judicializo-a-10-presuntos-integrantes-de-la-banda-los-cirujanos-por-supuesto-envio-de-cocaina-liquida-a-europa-a-traves-de-correos-humanos\/#breadcrumb\",\"itemListElement\":[{\"@type\":\"ListItem\",\"position\":1,\"name\":\"Home\",\"item\":\"https:\/\/www.fiscalia.gov.co\/colombia\/\"},{\"@type\":\"ListItem\",\"position\":2,\"name\":\"Fiscal\u00eda judicializ\u00f3 a 10 presuntos integrantes de la banda Los Cirujanos por supuesto env\u00edo de coca\u00edna l\u00edquida a Europa a trav\u00e9s de correos humanos\"}]},{\"@type\":\"WebSite\",\"@id\":\"https:\/\/www.fiscalia.gov.co\/colombia\/#website\",\"url\":\"https:\/\/www.fiscalia.gov.co\/colombia\/\",\"name\":\"Fiscal\u00eda General de la Naci\u00f3n\",\"description\":\"P\u00e1gina oficial de la Fiscal\u00eda General de la Naci\u00f3n \u2013 Colombia. Garantizamos el acceso efectivo a la justicia, la verdad y la reparaci\u00f3n de las v\u00edctimas de los delitos.\",\"publisher\":{\"@id\":\"https:\/\/www.fiscalia.gov.co\/colombia\/#organization\"},\"potentialAction\":[{\"@type\":\"SearchAction\",\"target\":{\"@type\":\"EntryPoint\",\"urlTemplate\":\"https:\/\/www.fiscalia.gov.co\/colombia\/?s={search_term_string}\"},\"query-input\":{\"@type\":\"PropertyValueSpecification\",\"valueRequired\":true,\"valueName\":\"search_term_string\"}}],\"inLanguage\":\"es-CO\"},{\"@type\":\"Organization\",\"@id\":\"https:\/\/www.fiscalia.gov.co\/colombia\/#organization\",\"name\":\"Fiscal\u00eda General de la Naci\u00f3n\",\"url\":\"https:\/\/www.fiscalia.gov.co\/colombia\/\",\"logo\":{\"@type\":\"ImageObject\",\"inLanguage\":\"es-CO\",\"@id\":\"https:\/\/www.fiscalia.gov.co\/colombia\/#\/schema\/logo\/image\/\",\"url\":\"https:\/\/www.fiscalia.gov.co\/colombia\/wp-content\/uploads\/LogoHorizontal_1.jpg\",\"contentUrl\":\"https:\/\/www.fiscalia.gov.co\/colombia\/wp-content\/uploads\/LogoHorizontal_1.jpg\",\"width\":300,\"height\":90,\"caption\":\"Fiscal\u00eda General de la Naci\u00f3n\"},\"image\":{\"@id\":\"https:\/\/www.fiscalia.gov.co\/colombia\/#\/schema\/logo\/image\/\"},\"sameAs\":[\"https:\/\/www.facebook.com\/FiscaliaCol\",\"https:\/\/x.com\/FiscaliaCol\",\"https:\/\/www.instagram.com\/fiscaliacol\",\"https:\/\/www.linkedin.com\/company\/fiscalia-general-de-la-naci-n\/\",\"https:\/\/youtube.com\/@fiscaliageneraldelanacion-4668?si=6nN79nyQICPU5iTh\"]},{\"@type\":\"Person\",\"@id\":\"https:\/\/www.fiscalia.gov.co\/colombia\/#\/schema\/person\/bf28d8ae7f1b287bbe3af484b04f43ea\",\"name\":\"Direcci\u00f3n de Comunicaciones Fiscal\u00eda General de la Naci\u00f3n\",\"image\":{\"@type\":\"ImageObject\",\"inLanguage\":\"es-CO\",\"@id\":\"https:\/\/www.fiscalia.gov.co\/colombia\/#\/schema\/person\/image\/\",\"url\":\"https:\/\/secure.gravatar.com\/avatar\/9d55ae161d32da16dbdd0b380c080a5f?s=96&d=mm&r=g\",\"contentUrl\":\"https:\/\/secure.gravatar.com\/avatar\/9d55ae161d32da16dbdd0b380c080a5f?s=96&d=mm&r=g\",\"caption\":\"Direcci\u00f3n de Comunicaciones Fiscal\u00eda General de la Naci\u00f3n\"},\"url\":\"https:\/\/www.fiscalia.gov.co\/colombia\/author\/kbonilla\/\"}]}<\/script>\n<!-- \/ Yoast SEO plugin. -->","yoast_head_json":{"title":"Fiscal\u00eda General de la Naci\u00f3n","description":"P\u00e1gina oficial de la Fiscal\u00eda General de la Naci\u00f3n \u2013 Colombia. Garantizamos el acceso efectivo a la justicia, la verdad y la reparaci\u00f3n de las v\u00edctimas de los delitos.","robots":{"index":"noindex","follow":"follow"},"og_locale":"es_ES","og_type":"article","og_title":"Fiscal\u00eda General de la Naci\u00f3n","og_description":"P\u00e1gina oficial de la Fiscal\u00eda General de la Naci\u00f3n \u2013 Colombia. Garantizamos el acceso efectivo a la justicia, la verdad y la reparaci\u00f3n de las v\u00edctimas de los delitos.","og_url":"https:\/\/www.fiscalia.gov.co\/colombia\/seccionales\/fiscalia-judicializo-a-10-presuntos-integrantes-de-la-banda-los-cirujanos-por-supuesto-envio-de-cocaina-liquida-a-europa-a-traves-de-correos-humanos\/","og_site_name":"Fiscal\u00eda General de la Naci\u00f3n","article_publisher":"https:\/\/www.facebook.com\/FiscaliaCol","article_published_time":"2020-11-10T15:58:00+00:00","author":"Direcci\u00f3n de Comunicaciones Fiscal\u00eda General de la Naci\u00f3n","twitter_card":"summary_large_image","twitter_creator":"@FiscaliaCol","twitter_site":"@FiscaliaCol","twitter_misc":{"Escrito por":"Direcci\u00f3n de Comunicaciones Fiscal\u00eda General de la Naci\u00f3n","Tiempo de lectura":"4 minutos"},"schema":{"@context":"https:\/\/schema.org","@graph":[{"@type":"Article","@id":"https:\/\/www.fiscalia.gov.co\/colombia\/seccionales\/fiscalia-judicializo-a-10-presuntos-integrantes-de-la-banda-los-cirujanos-por-supuesto-envio-de-cocaina-liquida-a-europa-a-traves-de-correos-humanos\/#article","isPartOf":{"@id":"https:\/\/www.fiscalia.gov.co\/colombia\/seccionales\/fiscalia-judicializo-a-10-presuntos-integrantes-de-la-banda-los-cirujanos-por-supuesto-envio-de-cocaina-liquida-a-europa-a-traves-de-correos-humanos\/"},"author":{"name":"Direcci\u00f3n de Comunicaciones Fiscal\u00eda General de la Naci\u00f3n","@id":"https:\/\/www.fiscalia.gov.co\/colombia\/#\/schema\/person\/bf28d8ae7f1b287bbe3af484b04f43ea"},"headline":"Fiscal\u00eda judicializ\u00f3 a 10 presuntos integrantes de la banda Los Cirujanos por supuesto env\u00edo de coca\u00edna l\u00edquida a Europa a trav\u00e9s de correos humanos","datePublished":"2020-11-10T15:58:00+00:00","dateModified":"2020-11-10T15:58:00+00:00","mainEntityOfPage":{"@id":"https:\/\/www.fiscalia.gov.co\/colombia\/seccionales\/fiscalia-judicializo-a-10-presuntos-integrantes-de-la-banda-los-cirujanos-por-supuesto-envio-de-cocaina-liquida-a-europa-a-traves-de-correos-humanos\/"},"wordCount":844,"publisher":{"@id":"https:\/\/www.fiscalia.gov.co\/colombia\/#organization"},"keywords":["Coca\u00edna l\u00edquida","Correos Humanos","Fiscal Francisco Barbosa Delgado","Fiscal\u00eda de Colombia","Fiscal\u00eda General de la Naci\u00f3n","mulas","Narcotr\u00e1fico","Organizaci\u00f3n Criminal","red transnacional de narcotr\u00e1fico","Tr\u00e1fico de estupefacientes"],"articleSection":["Narcotr\u00e1fico","Seccional Cali","Seccionales"],"inLanguage":"es-CO"},{"@type":"WebPage","@id":"https:\/\/www.fiscalia.gov.co\/colombia\/seccionales\/fiscalia-judicializo-a-10-presuntos-integrantes-de-la-banda-los-cirujanos-por-supuesto-envio-de-cocaina-liquida-a-europa-a-traves-de-correos-humanos\/","url":"https:\/\/www.fiscalia.gov.co\/colombia\/seccionales\/fiscalia-judicializo-a-10-presuntos-integrantes-de-la-banda-los-cirujanos-por-supuesto-envio-de-cocaina-liquida-a-europa-a-traves-de-correos-humanos\/","name":"Fiscal\u00eda General de la Naci\u00f3n","isPartOf":{"@id":"https:\/\/www.fiscalia.gov.co\/colombia\/#website"},"datePublished":"2020-11-10T15:58:00+00:00","dateModified":"2020-11-10T15:58:00+00:00","description":"P\u00e1gina oficial de la Fiscal\u00eda General de la Naci\u00f3n \u2013 Colombia. Garantizamos el acceso efectivo a la justicia, la verdad y la reparaci\u00f3n de las v\u00edctimas de los delitos.","breadcrumb":{"@id":"https:\/\/www.fiscalia.gov.co\/colombia\/seccionales\/fiscalia-judicializo-a-10-presuntos-integrantes-de-la-banda-los-cirujanos-por-supuesto-envio-de-cocaina-liquida-a-europa-a-traves-de-correos-humanos\/#breadcrumb"},"inLanguage":"es-CO","potentialAction":[{"@type":"ReadAction","target":["https:\/\/www.fiscalia.gov.co\/colombia\/seccionales\/fiscalia-judicializo-a-10-presuntos-integrantes-de-la-banda-los-cirujanos-por-supuesto-envio-de-cocaina-liquida-a-europa-a-traves-de-correos-humanos\/"]}]},{"@type":"BreadcrumbList","@id":"https:\/\/www.fiscalia.gov.co\/colombia\/seccionales\/fiscalia-judicializo-a-10-presuntos-integrantes-de-la-banda-los-cirujanos-por-supuesto-envio-de-cocaina-liquida-a-europa-a-traves-de-correos-humanos\/#breadcrumb","itemListElement":[{"@type":"ListItem","position":1,"name":"Home","item":"https:\/\/www.fiscalia.gov.co\/colombia\/"},{"@type":"ListItem","position":2,"name":"Fiscal\u00eda judicializ\u00f3 a 10 presuntos integrantes de la banda Los Cirujanos por supuesto env\u00edo de coca\u00edna l\u00edquida a Europa a trav\u00e9s de correos humanos"}]},{"@type":"WebSite","@id":"https:\/\/www.fiscalia.gov.co\/colombia\/#website","url":"https:\/\/www.fiscalia.gov.co\/colombia\/","name":"Fiscal\u00eda General de la Naci\u00f3n","description":"P\u00e1gina oficial de la Fiscal\u00eda General de la Naci\u00f3n \u2013 Colombia. Garantizamos el acceso efectivo a la justicia, la verdad y la reparaci\u00f3n de las v\u00edctimas de los delitos.","publisher":{"@id":"https:\/\/www.fiscalia.gov.co\/colombia\/#organization"},"potentialAction":[{"@type":"SearchAction","target":{"@type":"EntryPoint","urlTemplate":"https:\/\/www.fiscalia.gov.co\/colombia\/?s={search_term_string}"},"query-input":{"@type":"PropertyValueSpecification","valueRequired":true,"valueName":"search_term_string"}}],"inLanguage":"es-CO"},{"@type":"Organization","@id":"https:\/\/www.fiscalia.gov.co\/colombia\/#organization","name":"Fiscal\u00eda General de la Naci\u00f3n","url":"https:\/\/www.fiscalia.gov.co\/colombia\/","logo":{"@type":"ImageObject","inLanguage":"es-CO","@id":"https:\/\/www.fiscalia.gov.co\/colombia\/#\/schema\/logo\/image\/","url":"https:\/\/www.fiscalia.gov.co\/colombia\/wp-content\/uploads\/LogoHorizontal_1.jpg","contentUrl":"https:\/\/www.fiscalia.gov.co\/colombia\/wp-content\/uploads\/LogoHorizontal_1.jpg","width":300,"height":90,"caption":"Fiscal\u00eda General de la Naci\u00f3n"},"image":{"@id":"https:\/\/www.fiscalia.gov.co\/colombia\/#\/schema\/logo\/image\/"},"sameAs":["https:\/\/www.facebook.com\/FiscaliaCol","https:\/\/x.com\/FiscaliaCol","https:\/\/www.instagram.com\/fiscaliacol","https:\/\/www.linkedin.com\/company\/fiscalia-general-de-la-naci-n\/","https:\/\/youtube.com\/@fiscaliageneraldelanacion-4668?si=6nN79nyQICPU5iTh"]},{"@type":"Person","@id":"https:\/\/www.fiscalia.gov.co\/colombia\/#\/schema\/person\/bf28d8ae7f1b287bbe3af484b04f43ea","name":"Direcci\u00f3n de Comunicaciones Fiscal\u00eda General de la Naci\u00f3n","image":{"@type":"ImageObject","inLanguage":"es-CO","@id":"https:\/\/www.fiscalia.gov.co\/colombia\/#\/schema\/person\/image\/","url":"https:\/\/secure.gravatar.com\/avatar\/9d55ae161d32da16dbdd0b380c080a5f?s=96&d=mm&r=g","contentUrl":"https:\/\/secure.gravatar.com\/avatar\/9d55ae161d32da16dbdd0b380c080a5f?s=96&d=mm&r=g","caption":"Direcci\u00f3n de Comunicaciones Fiscal\u00eda General de la Naci\u00f3n"},"url":"https:\/\/www.fiscalia.gov.co\/colombia\/author\/kbonilla\/"}]}},"_links":{"self":[{"href":"https:\/\/www.fiscalia.gov.co\/colombia\/wp-json\/wp\/v2\/posts\/206403","targetHints":{"allow":["GET"]}}],"collection":[{"href":"https:\/\/www.fiscalia.gov.co\/colombia\/wp-json\/wp\/v2\/posts"}],"about":[{"href":"https:\/\/www.fiscalia.gov.co\/colombia\/wp-json\/wp\/v2\/types\/post"}],"author":[{"embeddable":true,"href":"https:\/\/www.fiscalia.gov.co\/colombia\/wp-json\/wp\/v2\/users\/162"}],"replies":[{"embeddable":true,"href":"https:\/\/www.fiscalia.gov.co\/colombia\/wp-json\/wp\/v2\/comments?post=206403"}],"version-history":[{"count":2,"href":"https:\/\/www.fiscalia.gov.co\/colombia\/wp-json\/wp\/v2\/posts\/206403\/revisions"}],"predecessor-version":[{"id":206406,"href":"https:\/\/www.fiscalia.gov.co\/colombia\/wp-json\/wp\/v2\/posts\/206403\/revisions\/206406"}],"wp:attachment":[{"href":"https:\/\/www.fiscalia.gov.co\/colombia\/wp-json\/wp\/v2\/media?parent=206403"}],"wp:term":[{"taxonomy":"category","embeddable":true,"href":"https:\/\/www.fiscalia.gov.co\/colombia\/wp-json\/wp\/v2\/categories?post=206403"},{"taxonomy":"post_tag","embeddable":true,"href":"https:\/\/www.fiscalia.gov.co\/colombia\/wp-json\/wp\/v2\/tags?post=206403"}],"curies":[{"name":"wp","href":"https:\/\/api.w.org\/{rel}","templated":true}]}}