{"id":206328,"date":"2020-11-09T17:29:41","date_gmt":"2020-11-09T22:29:41","guid":{"rendered":"https:\/\/www.fiscalia.gov.co\/colombia\/?p=206328"},"modified":"2020-11-09T17:29:41","modified_gmt":"2020-11-09T22:29:41","slug":"presunto-depredador-sexual-fue-enviado-a-prision-en-neiva-huila","status":"publish","type":"post","link":"https:\/\/www.fiscalia.gov.co\/colombia\/seccionales\/presunto-depredador-sexual-fue-enviado-a-prision-en-neiva-huila\/","title":{"rendered":"Presunto depredador sexual fue enviado a prisi\u00f3n en Neiva (Huila)"},"content":{"rendered":"<figure id=\"attachment_206330\" aria-describedby=\"caption-attachment-206330\" style=\"width: 1073px\" class=\"wp-caption alignnone\"><img loading=\"lazy\" decoding=\"async\" class=\"wp-image-206330 size-full\" src=\"https:\/\/www.fiscalia.gov.co\/colombia\/wp-content\/uploads\/Belmar-Perdomo-Fl\u00f3rez-depredador-sexualabusadorneiva.jpeg\" alt=\"Capturado\" width=\"1073\" height=\"640\" srcset=\"https:\/\/www.fiscalia.gov.co\/colombia\/wp-content\/uploads\/Belmar-Perdomo-Fl\u00f3rez-depredador-sexualabusadorneiva.jpeg 1073w, https:\/\/www.fiscalia.gov.co\/colombia\/wp-content\/uploads\/Belmar-Perdomo-Fl\u00f3rez-depredador-sexualabusadorneiva-300x179.jpeg 300w, https:\/\/www.fiscalia.gov.co\/colombia\/wp-content\/uploads\/Belmar-Perdomo-Fl\u00f3rez-depredador-sexualabusadorneiva-1024x611.jpeg 1024w, https:\/\/www.fiscalia.gov.co\/colombia\/wp-content\/uploads\/Belmar-Perdomo-Fl\u00f3rez-depredador-sexualabusadorneiva-768x458.jpeg 768w, https:\/\/www.fiscalia.gov.co\/colombia\/wp-content\/uploads\/Belmar-Perdomo-Fl\u00f3rez-depredador-sexualabusadorneiva-696x415.jpeg 696w, https:\/\/www.fiscalia.gov.co\/colombia\/wp-content\/uploads\/Belmar-Perdomo-Fl\u00f3rez-depredador-sexualabusadorneiva-1068x637.jpeg 1068w, https:\/\/www.fiscalia.gov.co\/colombia\/wp-content\/uploads\/Belmar-Perdomo-Fl\u00f3rez-depredador-sexualabusadorneiva-704x420.jpeg 704w\" sizes=\"auto, (max-width: 1073px) 100vw, 1073px\" \/><figcaption id=\"caption-attachment-206330\" class=\"wp-caption-text\">\u00a0Belmar Perdomo Fl\u00f3rez fue enviado a la c\u00e1rcel por su presunta participaci\u00f3n en los delitos de acceso carnal violento en concurso heterog\u00e9neo con hurto calificado contra una joven de 24 a\u00f1os.\u00a0<\/figcaption><\/figure>\n<h4 class=\"x_xmsonormal\"><em><strong><span lang=\"ES\">El hombre reincidente en delitos sexuales se refugiaba en la capital de Caquet\u00e1 debido a una orden de captura en su contra.\u00a0<\/span><\/strong><\/em><\/h4>\n<p class=\"x_xmsonormal\"><span lang=\"ES\">Belmar Perdomo Fl\u00f3rez fue enviado a prisi\u00f3n el fin de semana, como presunto responsables de los delitos de\u00a0<\/span><a href=\"https:\/\/www.fiscalia.gov.co\/colombia\/seccionales\/fiscalia-del-huila-apelo-decision-de-libertad-para-un-mototaxista-imputado-por-acceso-carnal-violento-a-una-de-sus-pasajeras\/\" target=\"_blank\" rel=\"noopener noreferrer\" data-auth=\"NotApplicable\"><span lang=\"ES\">acceso carnal violento<\/span><\/a><span lang=\"ES\">\u00a0en concurso heterog\u00e9neo con hurto calificado cometido, al parecer, contra una mujer de 24 a\u00f1os en Neiva (Huila). Los hechos se habr\u00edan presentado en 2019.<\/span><\/p>\n<p class=\"x_xmsonormal\"><span lang=\"ES\">El hombre fue detenido por miembros de la Sij\u00edn de la Polic\u00eda Metropolitana de Neiva en el barrio Atalaya Baja de Florencia (Caquet\u00e1), donde actualmente se refugiaba para huir de las autoridades, pues conoci\u00f3 que era requerido por un despacho adscrito al grupo Caivas (Centro de Atenci\u00f3n Integral a V\u00edctimas de Abuso Sexual) de la Fiscal\u00eda General de la Naci\u00f3n Seccional Huila, por estos hechos.<\/span><\/p>\n<p class=\"x_xmsonormal\"><b><span lang=\"ES\">La atac\u00f3 mientras dorm\u00eda\u00a0<\/span><\/b><\/p>\n<p class=\"x_xmsonormal\"><span lang=\"ES\">El 3 de noviembre del a\u00f1o pasado hacia las 5:00 de la ma\u00f1ana el procesado, de 33 a\u00f1os de edad, ingres\u00f3 supuestamente al apartamento de una mujer tras violentar la puerta principal, y aprovechando que se encontraba dormida la toc\u00f3 en sus partes \u00edntimas.<\/span><\/p>\n<p class=\"x_xmsonormal\"><span lang=\"ES\">Posteriormente, a ello la amenaz\u00f3 coloc\u00e1ndole un destornillador en el cuello y la oblig\u00f3 a tocamientos y vej\u00e1menes sexuales. En un descuido la mujer logr\u00f3 quitarle el elemento cortopunzante, obligando a que se marchara. En la huida el hombre le hurt\u00f3 un bolso con un computador.<\/span><\/p>\n<p class=\"x_xmsonormal\"><span lang=\"ES\">Gracias al pleno reconocimiento de la v\u00edctima y a otras labores propias de polic\u00eda judicial, se logr\u00f3 individualizar y judicializar a Perdomo Fl\u00f3rez quien ya purg\u00f3 una condena por delitos similares, ocurridos en 2013. Por este \u00faltimo hecho el hombre fue condenado en 2014, y hab\u00eda salido de la c\u00e1rcel por pena cumplida, en septiembre del a\u00f1o pasado.<\/span><\/p>\n<p class=\"x_xmsonormal\"><span lang=\"ES\">Para las autoridades haber logrado la detenci\u00f3n de este hombre es un certero golpe si se tiene en cuenta que adem\u00e1s de lo narrado cuenta con dos investigaciones activas por violencia sexual cometida contra ciudadanas igualmente de Neiva, al parecer, bajo la misma modalidad.<\/span><\/p>\n<p class=\"x_xmsonormal\"><span lang=\"ES\">Estos resultados hacen parte de la pol\u00edtica institucional del Fiscal General de la Naci\u00f3n, Francisco Barbosa Delgado, &#8220;En la calle y en los territorios&#8221; en la lucha contra la violencia de g\u00e9nero.<\/span><\/p>\n<p class=\"x_xmsonormal\"><span lang=\"ES\">La Fiscal\u00eda publica esta informaci\u00f3n por razones de inter\u00e9s general.<\/span><\/p>\n<p class=\"x_xmsonormal\"><span lang=\"ES\">PAAM\/MAGA<b><\/b><\/span><\/p>\n<p class=\"x_MsoNormal\">\n\n<div class=\"twitter-share\"><a href=\"https:\/\/twitter.com\/intent\/tweet?via=fiscaliacol\" class=\"twitter-share-button\">Tweet<\/a><\/div>\n","protected":false},"excerpt":{"rendered":"<p>El hombre reincidente en delitos sexuales se refugiaba en la capital de Caquet\u00e1 debido a una orden de captura en su contra.\u00a0 Belmar Perdomo Fl\u00f3rez fue enviado a prisi\u00f3n el fin de semana, como presunto responsables de los delitos de\u00a0acceso carnal violento\u00a0en concurso heterog\u00e9neo con hurto calificado cometido, al parecer, contra una mujer de 24 [&hellip;]<\/p>\n","protected":false},"author":167,"featured_media":0,"comment_status":"closed","ping_status":"open","sticky":false,"template":"","format":"standard","meta":{"_price":"","_stock":"","_tribe_ticket_header":"","_tribe_default_ticket_provider":"","_tribe_ticket_capacity":"0","_ticket_start_date":"","_ticket_end_date":"","_tribe_ticket_show_description":"","_tribe_ticket_show_not_going":false,"_tribe_ticket_use_global_stock":"","_tribe_ticket_global_stock_level":"","_global_stock_mode":"","_global_stock_cap":"","_tribe_rsvp_for_event":"","_tribe_ticket_going_count":"","_tribe_ticket_not_going_count":"","_tribe_tickets_list":"[]","_tribe_ticket_has_attendee_info_fields":false,"tdm_status":"","tdm_grid_status":"","footnotes":""},"categories":[333,303,24127],"tags":[23966,24470,6489,2369,24185,1047,23822,24182,2408,2067,23833,24469,24468],"class_list":{"0":"post-206328","1":"post","2":"type-post","3":"status-publish","4":"format-standard","6":"category-seccional-neiva","7":"category-seccionales","8":"category-violencia-sexual-e-intrafamiliar","9":"tag-acceso-carnal-violento","10":"tag-belmar-perdomo-florez","11":"tag-caqueta","12":"tag-de4litos-sexuales","13":"tag-fiscal-barbosa","14":"tag-fiscalia-general-de-la-nacion","15":"tag-florencia","16":"tag-francisco-barbosa-delgado","17":"tag-hurto-calificado","18":"tag-mujer","19":"tag-neiva","20":"tag-reincidente","21":"tag-vejamenes-sexuales"},"yoast_head":"<!-- This site is optimized with the Yoast SEO plugin v24.3 - https:\/\/yoast.com\/wordpress\/plugins\/seo\/ -->\n<title>Fiscal\u00eda General de la Naci\u00f3n<\/title>\n<meta name=\"description\" content=\"P\u00e1gina oficial de la Fiscal\u00eda General de la Naci\u00f3n \u2013 Colombia. Garantizamos el acceso efectivo a la justicia, la verdad y la reparaci\u00f3n de las v\u00edctimas de los delitos.\" \/>\n<meta name=\"robots\" content=\"noindex, follow\" \/>\n<meta property=\"og:locale\" content=\"es_ES\" \/>\n<meta property=\"og:type\" content=\"article\" \/>\n<meta property=\"og:title\" content=\"Fiscal\u00eda General de la Naci\u00f3n\" \/>\n<meta property=\"og:description\" content=\"P\u00e1gina oficial de la Fiscal\u00eda General de la Naci\u00f3n \u2013 Colombia. Garantizamos el acceso efectivo a la justicia, la verdad y la reparaci\u00f3n de las v\u00edctimas de los delitos.\" \/>\n<meta property=\"og:url\" content=\"https:\/\/www.fiscalia.gov.co\/colombia\/seccionales\/presunto-depredador-sexual-fue-enviado-a-prision-en-neiva-huila\/\" \/>\n<meta property=\"og:site_name\" content=\"Fiscal\u00eda General de la Naci\u00f3n\" \/>\n<meta property=\"article:publisher\" content=\"https:\/\/www.facebook.com\/FiscaliaCol\" \/>\n<meta property=\"article:published_time\" content=\"2020-11-09T22:29:41+00:00\" \/>\n<meta name=\"author\" content=\"Maira Giraldo\" \/>\n<meta name=\"twitter:card\" content=\"summary_large_image\" \/>\n<meta name=\"twitter:creator\" content=\"@FiscaliaCol\" \/>\n<meta name=\"twitter:site\" content=\"@FiscaliaCol\" \/>\n<meta name=\"twitter:label1\" content=\"Escrito por\" \/>\n\t<meta name=\"twitter:data1\" content=\"Maira Giraldo\" \/>\n\t<meta name=\"twitter:label2\" content=\"Tiempo de lectura\" \/>\n\t<meta name=\"twitter:data2\" content=\"2 minutos\" \/>\n<script type=\"application\/ld+json\" class=\"yoast-schema-graph\">{\"@context\":\"https:\/\/schema.org\",\"@graph\":[{\"@type\":\"Article\",\"@id\":\"https:\/\/www.fiscalia.gov.co\/colombia\/seccionales\/presunto-depredador-sexual-fue-enviado-a-prision-en-neiva-huila\/#article\",\"isPartOf\":{\"@id\":\"https:\/\/www.fiscalia.gov.co\/colombia\/seccionales\/presunto-depredador-sexual-fue-enviado-a-prision-en-neiva-huila\/\"},\"author\":{\"name\":\"Maira Giraldo\",\"@id\":\"https:\/\/www.fiscalia.gov.co\/colombia\/#\/schema\/person\/2440fe3a4bf7444850658578d6d6f0c6\"},\"headline\":\"Presunto depredador sexual fue enviado a prisi\u00f3n en Neiva (Huila)\",\"datePublished\":\"2020-11-09T22:29:41+00:00\",\"dateModified\":\"2020-11-09T22:29:41+00:00\",\"mainEntityOfPage\":{\"@id\":\"https:\/\/www.fiscalia.gov.co\/colombia\/seccionales\/presunto-depredador-sexual-fue-enviado-a-prision-en-neiva-huila\/\"},\"wordCount\":450,\"publisher\":{\"@id\":\"https:\/\/www.fiscalia.gov.co\/colombia\/#organization\"},\"keywords\":[\"Acceso carnal violento\",\"Belmar Perdomo Fl\u00f3rez\",\"Caquet\u00e1\",\"Delitos sexuales\",\"Fiscal Barbosa\",\"Fiscal\u00eda General de la Naci\u00f3n\",\"Florencia\",\"Francisco Barbosa Delgado\",\"Hurto calificado\",\"Mujer\",\"Neiva\",\"reincidente\",\"vej\u00e1menes sexuales\"],\"articleSection\":[\"Seccional Neiva\",\"Seccionales\",\"Violencia sexual e intrafamiliar\"],\"inLanguage\":\"es-CO\"},{\"@type\":\"WebPage\",\"@id\":\"https:\/\/www.fiscalia.gov.co\/colombia\/seccionales\/presunto-depredador-sexual-fue-enviado-a-prision-en-neiva-huila\/\",\"url\":\"https:\/\/www.fiscalia.gov.co\/colombia\/seccionales\/presunto-depredador-sexual-fue-enviado-a-prision-en-neiva-huila\/\",\"name\":\"Fiscal\u00eda General de la Naci\u00f3n\",\"isPartOf\":{\"@id\":\"https:\/\/www.fiscalia.gov.co\/colombia\/#website\"},\"datePublished\":\"2020-11-09T22:29:41+00:00\",\"dateModified\":\"2020-11-09T22:29:41+00:00\",\"description\":\"P\u00e1gina oficial de la Fiscal\u00eda General de la Naci\u00f3n \u2013 Colombia. Garantizamos el acceso efectivo a la justicia, la verdad y la reparaci\u00f3n de las v\u00edctimas de los delitos.\",\"breadcrumb\":{\"@id\":\"https:\/\/www.fiscalia.gov.co\/colombia\/seccionales\/presunto-depredador-sexual-fue-enviado-a-prision-en-neiva-huila\/#breadcrumb\"},\"inLanguage\":\"es-CO\",\"potentialAction\":[{\"@type\":\"ReadAction\",\"target\":[\"https:\/\/www.fiscalia.gov.co\/colombia\/seccionales\/presunto-depredador-sexual-fue-enviado-a-prision-en-neiva-huila\/\"]}]},{\"@type\":\"BreadcrumbList\",\"@id\":\"https:\/\/www.fiscalia.gov.co\/colombia\/seccionales\/presunto-depredador-sexual-fue-enviado-a-prision-en-neiva-huila\/#breadcrumb\",\"itemListElement\":[{\"@type\":\"ListItem\",\"position\":1,\"name\":\"Home\",\"item\":\"https:\/\/www.fiscalia.gov.co\/colombia\/\"},{\"@type\":\"ListItem\",\"position\":2,\"name\":\"Presunto depredador sexual fue enviado a prisi\u00f3n en Neiva (Huila)\"}]},{\"@type\":\"WebSite\",\"@id\":\"https:\/\/www.fiscalia.gov.co\/colombia\/#website\",\"url\":\"https:\/\/www.fiscalia.gov.co\/colombia\/\",\"name\":\"Fiscal\u00eda General de la Naci\u00f3n\",\"description\":\"P\u00e1gina oficial de la Fiscal\u00eda General de la Naci\u00f3n \u2013 Colombia. Garantizamos el acceso efectivo a la justicia, la verdad y la reparaci\u00f3n de las v\u00edctimas de los delitos.\",\"publisher\":{\"@id\":\"https:\/\/www.fiscalia.gov.co\/colombia\/#organization\"},\"potentialAction\":[{\"@type\":\"SearchAction\",\"target\":{\"@type\":\"EntryPoint\",\"urlTemplate\":\"https:\/\/www.fiscalia.gov.co\/colombia\/?s={search_term_string}\"},\"query-input\":{\"@type\":\"PropertyValueSpecification\",\"valueRequired\":true,\"valueName\":\"search_term_string\"}}],\"inLanguage\":\"es-CO\"},{\"@type\":\"Organization\",\"@id\":\"https:\/\/www.fiscalia.gov.co\/colombia\/#organization\",\"name\":\"Fiscal\u00eda General de la Naci\u00f3n\",\"url\":\"https:\/\/www.fiscalia.gov.co\/colombia\/\",\"logo\":{\"@type\":\"ImageObject\",\"inLanguage\":\"es-CO\",\"@id\":\"https:\/\/www.fiscalia.gov.co\/colombia\/#\/schema\/logo\/image\/\",\"url\":\"https:\/\/www.fiscalia.gov.co\/colombia\/wp-content\/uploads\/LogoHorizontal_1.jpg\",\"contentUrl\":\"https:\/\/www.fiscalia.gov.co\/colombia\/wp-content\/uploads\/LogoHorizontal_1.jpg\",\"width\":300,\"height\":90,\"caption\":\"Fiscal\u00eda General de la Naci\u00f3n\"},\"image\":{\"@id\":\"https:\/\/www.fiscalia.gov.co\/colombia\/#\/schema\/logo\/image\/\"},\"sameAs\":[\"https:\/\/www.facebook.com\/FiscaliaCol\",\"https:\/\/x.com\/FiscaliaCol\",\"https:\/\/www.instagram.com\/fiscaliacol\",\"https:\/\/www.linkedin.com\/company\/fiscalia-general-de-la-naci-n\/\",\"https:\/\/youtube.com\/@fiscaliageneraldelanacion-4668?si=6nN79nyQICPU5iTh\"]},{\"@type\":\"Person\",\"@id\":\"https:\/\/www.fiscalia.gov.co\/colombia\/#\/schema\/person\/2440fe3a4bf7444850658578d6d6f0c6\",\"name\":\"Maira Giraldo\",\"image\":{\"@type\":\"ImageObject\",\"inLanguage\":\"es-CO\",\"@id\":\"https:\/\/www.fiscalia.gov.co\/colombia\/#\/schema\/person\/image\/\",\"url\":\"https:\/\/secure.gravatar.com\/avatar\/7cd6b2b23627545037c8b4da5ea379fc?s=96&d=mm&r=g\",\"contentUrl\":\"https:\/\/secure.gravatar.com\/avatar\/7cd6b2b23627545037c8b4da5ea379fc?s=96&d=mm&r=g\",\"caption\":\"Maira Giraldo\"},\"url\":\"https:\/\/www.fiscalia.gov.co\/colombia\/author\/mgiraldo\/\"}]}<\/script>\n<!-- \/ Yoast SEO plugin. -->","yoast_head_json":{"title":"Fiscal\u00eda General de la Naci\u00f3n","description":"P\u00e1gina oficial de la Fiscal\u00eda General de la Naci\u00f3n \u2013 Colombia. Garantizamos el acceso efectivo a la justicia, la verdad y la reparaci\u00f3n de las v\u00edctimas de los delitos.","robots":{"index":"noindex","follow":"follow"},"og_locale":"es_ES","og_type":"article","og_title":"Fiscal\u00eda General de la Naci\u00f3n","og_description":"P\u00e1gina oficial de la Fiscal\u00eda General de la Naci\u00f3n \u2013 Colombia. Garantizamos el acceso efectivo a la justicia, la verdad y la reparaci\u00f3n de las v\u00edctimas de los delitos.","og_url":"https:\/\/www.fiscalia.gov.co\/colombia\/seccionales\/presunto-depredador-sexual-fue-enviado-a-prision-en-neiva-huila\/","og_site_name":"Fiscal\u00eda General de la Naci\u00f3n","article_publisher":"https:\/\/www.facebook.com\/FiscaliaCol","article_published_time":"2020-11-09T22:29:41+00:00","author":"Maira Giraldo","twitter_card":"summary_large_image","twitter_creator":"@FiscaliaCol","twitter_site":"@FiscaliaCol","twitter_misc":{"Escrito por":"Maira Giraldo","Tiempo de lectura":"2 minutos"},"schema":{"@context":"https:\/\/schema.org","@graph":[{"@type":"Article","@id":"https:\/\/www.fiscalia.gov.co\/colombia\/seccionales\/presunto-depredador-sexual-fue-enviado-a-prision-en-neiva-huila\/#article","isPartOf":{"@id":"https:\/\/www.fiscalia.gov.co\/colombia\/seccionales\/presunto-depredador-sexual-fue-enviado-a-prision-en-neiva-huila\/"},"author":{"name":"Maira Giraldo","@id":"https:\/\/www.fiscalia.gov.co\/colombia\/#\/schema\/person\/2440fe3a4bf7444850658578d6d6f0c6"},"headline":"Presunto depredador sexual fue enviado a prisi\u00f3n en Neiva (Huila)","datePublished":"2020-11-09T22:29:41+00:00","dateModified":"2020-11-09T22:29:41+00:00","mainEntityOfPage":{"@id":"https:\/\/www.fiscalia.gov.co\/colombia\/seccionales\/presunto-depredador-sexual-fue-enviado-a-prision-en-neiva-huila\/"},"wordCount":450,"publisher":{"@id":"https:\/\/www.fiscalia.gov.co\/colombia\/#organization"},"keywords":["Acceso carnal violento","Belmar Perdomo Fl\u00f3rez","Caquet\u00e1","Delitos sexuales","Fiscal Barbosa","Fiscal\u00eda General de la Naci\u00f3n","Florencia","Francisco Barbosa Delgado","Hurto calificado","Mujer","Neiva","reincidente","vej\u00e1menes sexuales"],"articleSection":["Seccional Neiva","Seccionales","Violencia sexual e intrafamiliar"],"inLanguage":"es-CO"},{"@type":"WebPage","@id":"https:\/\/www.fiscalia.gov.co\/colombia\/seccionales\/presunto-depredador-sexual-fue-enviado-a-prision-en-neiva-huila\/","url":"https:\/\/www.fiscalia.gov.co\/colombia\/seccionales\/presunto-depredador-sexual-fue-enviado-a-prision-en-neiva-huila\/","name":"Fiscal\u00eda General de la Naci\u00f3n","isPartOf":{"@id":"https:\/\/www.fiscalia.gov.co\/colombia\/#website"},"datePublished":"2020-11-09T22:29:41+00:00","dateModified":"2020-11-09T22:29:41+00:00","description":"P\u00e1gina oficial de la Fiscal\u00eda General de la Naci\u00f3n \u2013 Colombia. Garantizamos el acceso efectivo a la justicia, la verdad y la reparaci\u00f3n de las v\u00edctimas de los delitos.","breadcrumb":{"@id":"https:\/\/www.fiscalia.gov.co\/colombia\/seccionales\/presunto-depredador-sexual-fue-enviado-a-prision-en-neiva-huila\/#breadcrumb"},"inLanguage":"es-CO","potentialAction":[{"@type":"ReadAction","target":["https:\/\/www.fiscalia.gov.co\/colombia\/seccionales\/presunto-depredador-sexual-fue-enviado-a-prision-en-neiva-huila\/"]}]},{"@type":"BreadcrumbList","@id":"https:\/\/www.fiscalia.gov.co\/colombia\/seccionales\/presunto-depredador-sexual-fue-enviado-a-prision-en-neiva-huila\/#breadcrumb","itemListElement":[{"@type":"ListItem","position":1,"name":"Home","item":"https:\/\/www.fiscalia.gov.co\/colombia\/"},{"@type":"ListItem","position":2,"name":"Presunto depredador sexual fue enviado a prisi\u00f3n en Neiva (Huila)"}]},{"@type":"WebSite","@id":"https:\/\/www.fiscalia.gov.co\/colombia\/#website","url":"https:\/\/www.fiscalia.gov.co\/colombia\/","name":"Fiscal\u00eda General de la Naci\u00f3n","description":"P\u00e1gina oficial de la Fiscal\u00eda General de la Naci\u00f3n \u2013 Colombia. Garantizamos el acceso efectivo a la justicia, la verdad y la reparaci\u00f3n de las v\u00edctimas de los delitos.","publisher":{"@id":"https:\/\/www.fiscalia.gov.co\/colombia\/#organization"},"potentialAction":[{"@type":"SearchAction","target":{"@type":"EntryPoint","urlTemplate":"https:\/\/www.fiscalia.gov.co\/colombia\/?s={search_term_string}"},"query-input":{"@type":"PropertyValueSpecification","valueRequired":true,"valueName":"search_term_string"}}],"inLanguage":"es-CO"},{"@type":"Organization","@id":"https:\/\/www.fiscalia.gov.co\/colombia\/#organization","name":"Fiscal\u00eda General de la Naci\u00f3n","url":"https:\/\/www.fiscalia.gov.co\/colombia\/","logo":{"@type":"ImageObject","inLanguage":"es-CO","@id":"https:\/\/www.fiscalia.gov.co\/colombia\/#\/schema\/logo\/image\/","url":"https:\/\/www.fiscalia.gov.co\/colombia\/wp-content\/uploads\/LogoHorizontal_1.jpg","contentUrl":"https:\/\/www.fiscalia.gov.co\/colombia\/wp-content\/uploads\/LogoHorizontal_1.jpg","width":300,"height":90,"caption":"Fiscal\u00eda General de la Naci\u00f3n"},"image":{"@id":"https:\/\/www.fiscalia.gov.co\/colombia\/#\/schema\/logo\/image\/"},"sameAs":["https:\/\/www.facebook.com\/FiscaliaCol","https:\/\/x.com\/FiscaliaCol","https:\/\/www.instagram.com\/fiscaliacol","https:\/\/www.linkedin.com\/company\/fiscalia-general-de-la-naci-n\/","https:\/\/youtube.com\/@fiscaliageneraldelanacion-4668?si=6nN79nyQICPU5iTh"]},{"@type":"Person","@id":"https:\/\/www.fiscalia.gov.co\/colombia\/#\/schema\/person\/2440fe3a4bf7444850658578d6d6f0c6","name":"Maira Giraldo","image":{"@type":"ImageObject","inLanguage":"es-CO","@id":"https:\/\/www.fiscalia.gov.co\/colombia\/#\/schema\/person\/image\/","url":"https:\/\/secure.gravatar.com\/avatar\/7cd6b2b23627545037c8b4da5ea379fc?s=96&d=mm&r=g","contentUrl":"https:\/\/secure.gravatar.com\/avatar\/7cd6b2b23627545037c8b4da5ea379fc?s=96&d=mm&r=g","caption":"Maira Giraldo"},"url":"https:\/\/www.fiscalia.gov.co\/colombia\/author\/mgiraldo\/"}]}},"_links":{"self":[{"href":"https:\/\/www.fiscalia.gov.co\/colombia\/wp-json\/wp\/v2\/posts\/206328","targetHints":{"allow":["GET"]}}],"collection":[{"href":"https:\/\/www.fiscalia.gov.co\/colombia\/wp-json\/wp\/v2\/posts"}],"about":[{"href":"https:\/\/www.fiscalia.gov.co\/colombia\/wp-json\/wp\/v2\/types\/post"}],"author":[{"embeddable":true,"href":"https:\/\/www.fiscalia.gov.co\/colombia\/wp-json\/wp\/v2\/users\/167"}],"replies":[{"embeddable":true,"href":"https:\/\/www.fiscalia.gov.co\/colombia\/wp-json\/wp\/v2\/comments?post=206328"}],"version-history":[{"count":1,"href":"https:\/\/www.fiscalia.gov.co\/colombia\/wp-json\/wp\/v2\/posts\/206328\/revisions"}],"predecessor-version":[{"id":206334,"href":"https:\/\/www.fiscalia.gov.co\/colombia\/wp-json\/wp\/v2\/posts\/206328\/revisions\/206334"}],"wp:attachment":[{"href":"https:\/\/www.fiscalia.gov.co\/colombia\/wp-json\/wp\/v2\/media?parent=206328"}],"wp:term":[{"taxonomy":"category","embeddable":true,"href":"https:\/\/www.fiscalia.gov.co\/colombia\/wp-json\/wp\/v2\/categories?post=206328"},{"taxonomy":"post_tag","embeddable":true,"href":"https:\/\/www.fiscalia.gov.co\/colombia\/wp-json\/wp\/v2\/tags?post=206328"}],"curies":[{"name":"wp","href":"https:\/\/api.w.org\/{rel}","templated":true}]}}