{"id":206302,"date":"2020-11-09T15:00:32","date_gmt":"2020-11-09T20:00:32","guid":{"rendered":"https:\/\/www.fiscalia.gov.co\/colombia\/?p=206302"},"modified":"2020-11-09T15:00:32","modified_gmt":"2020-11-09T20:00:32","slug":"por-transportar-52-kilos-de-marihuana-envian-a-la-carcel-a-presunto-responsable-en-cartago-valle","status":"publish","type":"post","link":"https:\/\/www.fiscalia.gov.co\/colombia\/seccionales\/por-transportar-52-kilos-de-marihuana-envian-a-la-carcel-a-presunto-responsable-en-cartago-valle\/","title":{"rendered":"Por transportar 52 kilos de marihuana env\u00edan a la c\u00e1rcel a presunto responsable en Cartago (Valle)"},"content":{"rendered":"<p>&nbsp;<\/p>\n<figure id=\"attachment_206303\" aria-describedby=\"caption-attachment-206303\" style=\"width: 178px\" class=\"wp-caption alignleft\"><img loading=\"lazy\" decoding=\"async\" class=\"wp-image-206303 size-medium\" src=\"https:\/\/www.fiscalia.gov.co\/colombia\/wp-content\/uploads\/Michael-Steven-Mart\u00ednez.-52-kilos-marihuana.Cartago-178x300.jpg\" alt=\"Capturado\" width=\"178\" height=\"300\" srcset=\"https:\/\/www.fiscalia.gov.co\/colombia\/wp-content\/uploads\/Michael-Steven-Mart\u00ednez.-52-kilos-marihuana.Cartago-178x300.jpg 178w, https:\/\/www.fiscalia.gov.co\/colombia\/wp-content\/uploads\/Michael-Steven-Mart\u00ednez.-52-kilos-marihuana.Cartago-609x1024.jpg 609w, https:\/\/www.fiscalia.gov.co\/colombia\/wp-content\/uploads\/Michael-Steven-Mart\u00ednez.-52-kilos-marihuana.Cartago-696x1171.jpg 696w, https:\/\/www.fiscalia.gov.co\/colombia\/wp-content\/uploads\/Michael-Steven-Mart\u00ednez.-52-kilos-marihuana.Cartago-250x420.jpg 250w, https:\/\/www.fiscalia.gov.co\/colombia\/wp-content\/uploads\/Michael-Steven-Mart\u00ednez.-52-kilos-marihuana.Cartago.jpg 761w\" sizes=\"auto, (max-width: 178px) 100vw, 178px\" \/><figcaption id=\"caption-attachment-206303\" class=\"wp-caption-text\">El conductor del automotor fue capturado en flagrancia y el veh\u00edculo fue incautado.<\/figcaption><\/figure>\n<p>Con medida de <strong>aseguramiento intramuros fue cobijado Michael Stiven Mart\u00ednez,<\/strong> se\u00f1alado como presunto responsable de transportar 52.029 gramos de\u00a0<a href=\"https:\/\/www.fiscalia.gov.co\/colombia\/seccionales\/judicializados-dos-presuntos-responsables-de-transportar-376-kilos-de-marihuana-en-una-camioneta\/\">marihuana en una camioneta<\/a>, en jurisdicci\u00f3n del municipio de Cartago (Valle del Cauca).<\/p>\n<p>As\u00ed lo determin\u00f3 un juez de control de garant\u00edas, luego de acoger la solicitud de la <strong>Fiscal\u00eda General de la Naci\u00f3n.<\/strong><\/p>\n<p>El il\u00edcito se registr\u00f3 el 4 de noviembre pasado en un puesto de control, ubicado en la <strong>v\u00eda que de La Victoria conduce a Cartago<\/strong>, donde personal de la <strong>Polic\u00eda de Tr\u00e1nsito y Transporte<\/strong> llev\u00f3 a cabo la revisi\u00f3n de una camioneta de placa WLM 235 y en una caleta, tipo doble piso hallaron <strong>105 paquetes que seg\u00fan el an\u00e1lisis qu\u00edmico preliminar dio positivo para marihuana.<\/strong><\/p>\n<p>El conductor del automotor fue capturado en flagrancia y el veh\u00edculo fue incautado, as\u00ed como el estupefaciente.<\/p>\n<p>En las audiencias concentradas, la Fiscal\u00eda le formul\u00f3 cargos al capturado por el delito de fabricaci\u00f3n, tr\u00e1fico o porte de estupefacientes.<\/p>\n<p>Estos hechos responden a la pol\u00edtica institucional del <strong>Fiscal General de la Naci\u00f3n, Francisco Barbosa Delgado,<\/strong> encaminado a impactar los delitos que atentan contra la seguridad y el bienestar de la ciudadan\u00eda.<\/p>\n<p>La Fiscal\u00eda General de la Naci\u00f3n p\u00fablica esta informaci\u00f3n por razones de inter\u00e9s general.<\/p>\n<p>MAP\/MG<\/p>\n<p>&nbsp;<\/p>\n<p>&nbsp;<\/p>\n\n<div class=\"twitter-share\"><a href=\"https:\/\/twitter.com\/intent\/tweet?via=fiscaliacol\" class=\"twitter-share-button\">Tweet<\/a><\/div>\n","protected":false},"excerpt":{"rendered":"<p>&nbsp; Con medida de aseguramiento intramuros fue cobijado Michael Stiven Mart\u00ednez, se\u00f1alado como presunto responsable de transportar 52.029 gramos de\u00a0marihuana en una camioneta, en jurisdicci\u00f3n del municipio de Cartago (Valle del Cauca). As\u00ed lo determin\u00f3 un juez de control de garant\u00edas, luego de acoger la solicitud de la Fiscal\u00eda General de la Naci\u00f3n. El il\u00edcito [&hellip;]<\/p>\n","protected":false},"author":167,"featured_media":0,"comment_status":"closed","ping_status":"open","sticky":false,"template":"","format":"standard","meta":{"_price":"","_stock":"","_tribe_ticket_header":"","_tribe_default_ticket_provider":"","_tribe_ticket_capacity":"0","_ticket_start_date":"","_ticket_end_date":"","_tribe_ticket_show_description":"","_tribe_ticket_show_not_going":false,"_tribe_ticket_use_global_stock":"","_tribe_ticket_global_stock_level":"","_global_stock_mode":"","_global_stock_cap":"","_tribe_rsvp_for_event":"","_tribe_ticket_going_count":"","_tribe_ticket_not_going_count":"","_tribe_tickets_list":"[]","_tribe_ticket_has_attendee_info_fields":false,"tdm_status":"","tdm_grid_status":"","footnotes":""},"categories":[324,303,24103],"tags":[24416,3439,24463,24464,24417,50,78,24187,24462,1264,1185],"class_list":{"0":"post-206302","1":"post","2":"type-post","3":"status-publish","4":"format-standard","6":"category-seccional-cali","7":"category-seccionales","8":"category-trafico-de-estupefacientes","9":"tag-analisis-quimico-preliminar","10":"tag-caleta","11":"tag-camioneta","12":"tag-doble-piso","13":"tag-establecimiento-carcelario","14":"tag-estupefacientes","15":"tag-fiscal-general-de-la-nacion","16":"tag-fiscalia-colombia","17":"tag-incautado","18":"tag-marihuana","19":"tag-medida-de-aseguramiento"},"yoast_head":"<!-- This site is optimized with the Yoast SEO plugin v24.3 - https:\/\/yoast.com\/wordpress\/plugins\/seo\/ -->\n<title>Fiscal\u00eda General de la Naci\u00f3n<\/title>\n<meta name=\"description\" content=\"P\u00e1gina oficial de la Fiscal\u00eda General de la Naci\u00f3n \u2013 Colombia. Garantizamos el acceso efectivo a la justicia, la verdad y la reparaci\u00f3n de las v\u00edctimas de los delitos.\" \/>\n<meta name=\"robots\" content=\"noindex, follow\" \/>\n<meta property=\"og:locale\" content=\"es_ES\" \/>\n<meta property=\"og:type\" content=\"article\" \/>\n<meta property=\"og:title\" content=\"Fiscal\u00eda General de la Naci\u00f3n\" \/>\n<meta property=\"og:description\" content=\"P\u00e1gina oficial de la Fiscal\u00eda General de la Naci\u00f3n \u2013 Colombia. Garantizamos el acceso efectivo a la justicia, la verdad y la reparaci\u00f3n de las v\u00edctimas de los delitos.\" \/>\n<meta property=\"og:url\" content=\"https:\/\/www.fiscalia.gov.co\/colombia\/seccionales\/por-transportar-52-kilos-de-marihuana-envian-a-la-carcel-a-presunto-responsable-en-cartago-valle\/\" \/>\n<meta property=\"og:site_name\" content=\"Fiscal\u00eda General de la Naci\u00f3n\" \/>\n<meta property=\"article:publisher\" content=\"https:\/\/www.facebook.com\/FiscaliaCol\" \/>\n<meta property=\"article:published_time\" content=\"2020-11-09T20:00:32+00:00\" \/>\n<meta name=\"author\" content=\"Maira Giraldo\" \/>\n<meta name=\"twitter:card\" content=\"summary_large_image\" \/>\n<meta name=\"twitter:creator\" content=\"@FiscaliaCol\" \/>\n<meta name=\"twitter:site\" content=\"@FiscaliaCol\" \/>\n<meta name=\"twitter:label1\" content=\"Escrito por\" \/>\n\t<meta name=\"twitter:data1\" content=\"Maira Giraldo\" \/>\n\t<meta name=\"twitter:label2\" content=\"Tiempo de lectura\" \/>\n\t<meta name=\"twitter:data2\" content=\"1 minuto\" \/>\n<script type=\"application\/ld+json\" class=\"yoast-schema-graph\">{\"@context\":\"https:\/\/schema.org\",\"@graph\":[{\"@type\":\"Article\",\"@id\":\"https:\/\/www.fiscalia.gov.co\/colombia\/seccionales\/por-transportar-52-kilos-de-marihuana-envian-a-la-carcel-a-presunto-responsable-en-cartago-valle\/#article\",\"isPartOf\":{\"@id\":\"https:\/\/www.fiscalia.gov.co\/colombia\/seccionales\/por-transportar-52-kilos-de-marihuana-envian-a-la-carcel-a-presunto-responsable-en-cartago-valle\/\"},\"author\":{\"name\":\"Maira Giraldo\",\"@id\":\"https:\/\/www.fiscalia.gov.co\/colombia\/#\/schema\/person\/2440fe3a4bf7444850658578d6d6f0c6\"},\"headline\":\"Por transportar 52 kilos de marihuana env\u00edan a la c\u00e1rcel a presunto responsable en Cartago (Valle)\",\"datePublished\":\"2020-11-09T20:00:32+00:00\",\"dateModified\":\"2020-11-09T20:00:32+00:00\",\"mainEntityOfPage\":{\"@id\":\"https:\/\/www.fiscalia.gov.co\/colombia\/seccionales\/por-transportar-52-kilos-de-marihuana-envian-a-la-carcel-a-presunto-responsable-en-cartago-valle\/\"},\"wordCount\":268,\"publisher\":{\"@id\":\"https:\/\/www.fiscalia.gov.co\/colombia\/#organization\"},\"keywords\":[\"an\u00e1lisis qu\u00edmico preliminar\",\"Caleta\",\"camioneta\",\"doble piso\",\"establecimiento carcelario\",\"Estupefacientes\",\"Fiscal General de la Naci\u00f3n\",\"Fiscal\u00eda Colombia\",\"incautado\",\"Marihuana\",\"Medida de aseguramiento\"],\"articleSection\":[\"Seccional Cali\",\"Seccionales\",\"Tr\u00e1fico de estupefacientes\"],\"inLanguage\":\"es-CO\"},{\"@type\":\"WebPage\",\"@id\":\"https:\/\/www.fiscalia.gov.co\/colombia\/seccionales\/por-transportar-52-kilos-de-marihuana-envian-a-la-carcel-a-presunto-responsable-en-cartago-valle\/\",\"url\":\"https:\/\/www.fiscalia.gov.co\/colombia\/seccionales\/por-transportar-52-kilos-de-marihuana-envian-a-la-carcel-a-presunto-responsable-en-cartago-valle\/\",\"name\":\"Fiscal\u00eda General de la Naci\u00f3n\",\"isPartOf\":{\"@id\":\"https:\/\/www.fiscalia.gov.co\/colombia\/#website\"},\"datePublished\":\"2020-11-09T20:00:32+00:00\",\"dateModified\":\"2020-11-09T20:00:32+00:00\",\"description\":\"P\u00e1gina oficial de la Fiscal\u00eda General de la Naci\u00f3n \u2013 Colombia. Garantizamos el acceso efectivo a la justicia, la verdad y la reparaci\u00f3n de las v\u00edctimas de los delitos.\",\"breadcrumb\":{\"@id\":\"https:\/\/www.fiscalia.gov.co\/colombia\/seccionales\/por-transportar-52-kilos-de-marihuana-envian-a-la-carcel-a-presunto-responsable-en-cartago-valle\/#breadcrumb\"},\"inLanguage\":\"es-CO\",\"potentialAction\":[{\"@type\":\"ReadAction\",\"target\":[\"https:\/\/www.fiscalia.gov.co\/colombia\/seccionales\/por-transportar-52-kilos-de-marihuana-envian-a-la-carcel-a-presunto-responsable-en-cartago-valle\/\"]}]},{\"@type\":\"BreadcrumbList\",\"@id\":\"https:\/\/www.fiscalia.gov.co\/colombia\/seccionales\/por-transportar-52-kilos-de-marihuana-envian-a-la-carcel-a-presunto-responsable-en-cartago-valle\/#breadcrumb\",\"itemListElement\":[{\"@type\":\"ListItem\",\"position\":1,\"name\":\"Home\",\"item\":\"https:\/\/www.fiscalia.gov.co\/colombia\/\"},{\"@type\":\"ListItem\",\"position\":2,\"name\":\"Por transportar 52 kilos de marihuana env\u00edan a la c\u00e1rcel a presunto responsable en Cartago (Valle)\"}]},{\"@type\":\"WebSite\",\"@id\":\"https:\/\/www.fiscalia.gov.co\/colombia\/#website\",\"url\":\"https:\/\/www.fiscalia.gov.co\/colombia\/\",\"name\":\"Fiscal\u00eda General de la Naci\u00f3n\",\"description\":\"P\u00e1gina oficial de la Fiscal\u00eda General de la Naci\u00f3n \u2013 Colombia. Garantizamos el acceso efectivo a la justicia, la verdad y la reparaci\u00f3n de las v\u00edctimas de los delitos.\",\"publisher\":{\"@id\":\"https:\/\/www.fiscalia.gov.co\/colombia\/#organization\"},\"potentialAction\":[{\"@type\":\"SearchAction\",\"target\":{\"@type\":\"EntryPoint\",\"urlTemplate\":\"https:\/\/www.fiscalia.gov.co\/colombia\/?s={search_term_string}\"},\"query-input\":{\"@type\":\"PropertyValueSpecification\",\"valueRequired\":true,\"valueName\":\"search_term_string\"}}],\"inLanguage\":\"es-CO\"},{\"@type\":\"Organization\",\"@id\":\"https:\/\/www.fiscalia.gov.co\/colombia\/#organization\",\"name\":\"Fiscal\u00eda General de la Naci\u00f3n\",\"url\":\"https:\/\/www.fiscalia.gov.co\/colombia\/\",\"logo\":{\"@type\":\"ImageObject\",\"inLanguage\":\"es-CO\",\"@id\":\"https:\/\/www.fiscalia.gov.co\/colombia\/#\/schema\/logo\/image\/\",\"url\":\"https:\/\/www.fiscalia.gov.co\/colombia\/wp-content\/uploads\/LogoHorizontal_1.jpg\",\"contentUrl\":\"https:\/\/www.fiscalia.gov.co\/colombia\/wp-content\/uploads\/LogoHorizontal_1.jpg\",\"width\":300,\"height\":90,\"caption\":\"Fiscal\u00eda General de la Naci\u00f3n\"},\"image\":{\"@id\":\"https:\/\/www.fiscalia.gov.co\/colombia\/#\/schema\/logo\/image\/\"},\"sameAs\":[\"https:\/\/www.facebook.com\/FiscaliaCol\",\"https:\/\/x.com\/FiscaliaCol\",\"https:\/\/www.instagram.com\/fiscaliacol\",\"https:\/\/www.linkedin.com\/company\/fiscalia-general-de-la-naci-n\/\",\"https:\/\/youtube.com\/@fiscaliageneraldelanacion-4668?si=6nN79nyQICPU5iTh\"]},{\"@type\":\"Person\",\"@id\":\"https:\/\/www.fiscalia.gov.co\/colombia\/#\/schema\/person\/2440fe3a4bf7444850658578d6d6f0c6\",\"name\":\"Maira Giraldo\",\"image\":{\"@type\":\"ImageObject\",\"inLanguage\":\"es-CO\",\"@id\":\"https:\/\/www.fiscalia.gov.co\/colombia\/#\/schema\/person\/image\/\",\"url\":\"https:\/\/secure.gravatar.com\/avatar\/7cd6b2b23627545037c8b4da5ea379fc?s=96&d=mm&r=g\",\"contentUrl\":\"https:\/\/secure.gravatar.com\/avatar\/7cd6b2b23627545037c8b4da5ea379fc?s=96&d=mm&r=g\",\"caption\":\"Maira Giraldo\"},\"url\":\"https:\/\/www.fiscalia.gov.co\/colombia\/author\/mgiraldo\/\"}]}<\/script>\n<!-- \/ Yoast SEO plugin. -->","yoast_head_json":{"title":"Fiscal\u00eda General de la Naci\u00f3n","description":"P\u00e1gina oficial de la Fiscal\u00eda General de la Naci\u00f3n \u2013 Colombia. Garantizamos el acceso efectivo a la justicia, la verdad y la reparaci\u00f3n de las v\u00edctimas de los delitos.","robots":{"index":"noindex","follow":"follow"},"og_locale":"es_ES","og_type":"article","og_title":"Fiscal\u00eda General de la Naci\u00f3n","og_description":"P\u00e1gina oficial de la Fiscal\u00eda General de la Naci\u00f3n \u2013 Colombia. Garantizamos el acceso efectivo a la justicia, la verdad y la reparaci\u00f3n de las v\u00edctimas de los delitos.","og_url":"https:\/\/www.fiscalia.gov.co\/colombia\/seccionales\/por-transportar-52-kilos-de-marihuana-envian-a-la-carcel-a-presunto-responsable-en-cartago-valle\/","og_site_name":"Fiscal\u00eda General de la Naci\u00f3n","article_publisher":"https:\/\/www.facebook.com\/FiscaliaCol","article_published_time":"2020-11-09T20:00:32+00:00","author":"Maira Giraldo","twitter_card":"summary_large_image","twitter_creator":"@FiscaliaCol","twitter_site":"@FiscaliaCol","twitter_misc":{"Escrito por":"Maira Giraldo","Tiempo de lectura":"1 minuto"},"schema":{"@context":"https:\/\/schema.org","@graph":[{"@type":"Article","@id":"https:\/\/www.fiscalia.gov.co\/colombia\/seccionales\/por-transportar-52-kilos-de-marihuana-envian-a-la-carcel-a-presunto-responsable-en-cartago-valle\/#article","isPartOf":{"@id":"https:\/\/www.fiscalia.gov.co\/colombia\/seccionales\/por-transportar-52-kilos-de-marihuana-envian-a-la-carcel-a-presunto-responsable-en-cartago-valle\/"},"author":{"name":"Maira Giraldo","@id":"https:\/\/www.fiscalia.gov.co\/colombia\/#\/schema\/person\/2440fe3a4bf7444850658578d6d6f0c6"},"headline":"Por transportar 52 kilos de marihuana env\u00edan a la c\u00e1rcel a presunto responsable en Cartago (Valle)","datePublished":"2020-11-09T20:00:32+00:00","dateModified":"2020-11-09T20:00:32+00:00","mainEntityOfPage":{"@id":"https:\/\/www.fiscalia.gov.co\/colombia\/seccionales\/por-transportar-52-kilos-de-marihuana-envian-a-la-carcel-a-presunto-responsable-en-cartago-valle\/"},"wordCount":268,"publisher":{"@id":"https:\/\/www.fiscalia.gov.co\/colombia\/#organization"},"keywords":["an\u00e1lisis qu\u00edmico preliminar","Caleta","camioneta","doble piso","establecimiento carcelario","Estupefacientes","Fiscal General de la Naci\u00f3n","Fiscal\u00eda Colombia","incautado","Marihuana","Medida de aseguramiento"],"articleSection":["Seccional Cali","Seccionales","Tr\u00e1fico de estupefacientes"],"inLanguage":"es-CO"},{"@type":"WebPage","@id":"https:\/\/www.fiscalia.gov.co\/colombia\/seccionales\/por-transportar-52-kilos-de-marihuana-envian-a-la-carcel-a-presunto-responsable-en-cartago-valle\/","url":"https:\/\/www.fiscalia.gov.co\/colombia\/seccionales\/por-transportar-52-kilos-de-marihuana-envian-a-la-carcel-a-presunto-responsable-en-cartago-valle\/","name":"Fiscal\u00eda General de la Naci\u00f3n","isPartOf":{"@id":"https:\/\/www.fiscalia.gov.co\/colombia\/#website"},"datePublished":"2020-11-09T20:00:32+00:00","dateModified":"2020-11-09T20:00:32+00:00","description":"P\u00e1gina oficial de la Fiscal\u00eda General de la Naci\u00f3n \u2013 Colombia. Garantizamos el acceso efectivo a la justicia, la verdad y la reparaci\u00f3n de las v\u00edctimas de los delitos.","breadcrumb":{"@id":"https:\/\/www.fiscalia.gov.co\/colombia\/seccionales\/por-transportar-52-kilos-de-marihuana-envian-a-la-carcel-a-presunto-responsable-en-cartago-valle\/#breadcrumb"},"inLanguage":"es-CO","potentialAction":[{"@type":"ReadAction","target":["https:\/\/www.fiscalia.gov.co\/colombia\/seccionales\/por-transportar-52-kilos-de-marihuana-envian-a-la-carcel-a-presunto-responsable-en-cartago-valle\/"]}]},{"@type":"BreadcrumbList","@id":"https:\/\/www.fiscalia.gov.co\/colombia\/seccionales\/por-transportar-52-kilos-de-marihuana-envian-a-la-carcel-a-presunto-responsable-en-cartago-valle\/#breadcrumb","itemListElement":[{"@type":"ListItem","position":1,"name":"Home","item":"https:\/\/www.fiscalia.gov.co\/colombia\/"},{"@type":"ListItem","position":2,"name":"Por transportar 52 kilos de marihuana env\u00edan a la c\u00e1rcel a presunto responsable en Cartago (Valle)"}]},{"@type":"WebSite","@id":"https:\/\/www.fiscalia.gov.co\/colombia\/#website","url":"https:\/\/www.fiscalia.gov.co\/colombia\/","name":"Fiscal\u00eda General de la Naci\u00f3n","description":"P\u00e1gina oficial de la Fiscal\u00eda General de la Naci\u00f3n \u2013 Colombia. Garantizamos el acceso efectivo a la justicia, la verdad y la reparaci\u00f3n de las v\u00edctimas de los delitos.","publisher":{"@id":"https:\/\/www.fiscalia.gov.co\/colombia\/#organization"},"potentialAction":[{"@type":"SearchAction","target":{"@type":"EntryPoint","urlTemplate":"https:\/\/www.fiscalia.gov.co\/colombia\/?s={search_term_string}"},"query-input":{"@type":"PropertyValueSpecification","valueRequired":true,"valueName":"search_term_string"}}],"inLanguage":"es-CO"},{"@type":"Organization","@id":"https:\/\/www.fiscalia.gov.co\/colombia\/#organization","name":"Fiscal\u00eda General de la Naci\u00f3n","url":"https:\/\/www.fiscalia.gov.co\/colombia\/","logo":{"@type":"ImageObject","inLanguage":"es-CO","@id":"https:\/\/www.fiscalia.gov.co\/colombia\/#\/schema\/logo\/image\/","url":"https:\/\/www.fiscalia.gov.co\/colombia\/wp-content\/uploads\/LogoHorizontal_1.jpg","contentUrl":"https:\/\/www.fiscalia.gov.co\/colombia\/wp-content\/uploads\/LogoHorizontal_1.jpg","width":300,"height":90,"caption":"Fiscal\u00eda General de la Naci\u00f3n"},"image":{"@id":"https:\/\/www.fiscalia.gov.co\/colombia\/#\/schema\/logo\/image\/"},"sameAs":["https:\/\/www.facebook.com\/FiscaliaCol","https:\/\/x.com\/FiscaliaCol","https:\/\/www.instagram.com\/fiscaliacol","https:\/\/www.linkedin.com\/company\/fiscalia-general-de-la-naci-n\/","https:\/\/youtube.com\/@fiscaliageneraldelanacion-4668?si=6nN79nyQICPU5iTh"]},{"@type":"Person","@id":"https:\/\/www.fiscalia.gov.co\/colombia\/#\/schema\/person\/2440fe3a4bf7444850658578d6d6f0c6","name":"Maira Giraldo","image":{"@type":"ImageObject","inLanguage":"es-CO","@id":"https:\/\/www.fiscalia.gov.co\/colombia\/#\/schema\/person\/image\/","url":"https:\/\/secure.gravatar.com\/avatar\/7cd6b2b23627545037c8b4da5ea379fc?s=96&d=mm&r=g","contentUrl":"https:\/\/secure.gravatar.com\/avatar\/7cd6b2b23627545037c8b4da5ea379fc?s=96&d=mm&r=g","caption":"Maira Giraldo"},"url":"https:\/\/www.fiscalia.gov.co\/colombia\/author\/mgiraldo\/"}]}},"_links":{"self":[{"href":"https:\/\/www.fiscalia.gov.co\/colombia\/wp-json\/wp\/v2\/posts\/206302","targetHints":{"allow":["GET"]}}],"collection":[{"href":"https:\/\/www.fiscalia.gov.co\/colombia\/wp-json\/wp\/v2\/posts"}],"about":[{"href":"https:\/\/www.fiscalia.gov.co\/colombia\/wp-json\/wp\/v2\/types\/post"}],"author":[{"embeddable":true,"href":"https:\/\/www.fiscalia.gov.co\/colombia\/wp-json\/wp\/v2\/users\/167"}],"replies":[{"embeddable":true,"href":"https:\/\/www.fiscalia.gov.co\/colombia\/wp-json\/wp\/v2\/comments?post=206302"}],"version-history":[{"count":1,"href":"https:\/\/www.fiscalia.gov.co\/colombia\/wp-json\/wp\/v2\/posts\/206302\/revisions"}],"predecessor-version":[{"id":206304,"href":"https:\/\/www.fiscalia.gov.co\/colombia\/wp-json\/wp\/v2\/posts\/206302\/revisions\/206304"}],"wp:attachment":[{"href":"https:\/\/www.fiscalia.gov.co\/colombia\/wp-json\/wp\/v2\/media?parent=206302"}],"wp:term":[{"taxonomy":"category","embeddable":true,"href":"https:\/\/www.fiscalia.gov.co\/colombia\/wp-json\/wp\/v2\/categories?post=206302"},{"taxonomy":"post_tag","embeddable":true,"href":"https:\/\/www.fiscalia.gov.co\/colombia\/wp-json\/wp\/v2\/tags?post=206302"}],"curies":[{"name":"wp","href":"https:\/\/api.w.org\/{rel}","templated":true}]}}