{"id":206297,"date":"2020-11-09T14:34:01","date_gmt":"2020-11-09T19:34:01","guid":{"rendered":"https:\/\/www.fiscalia.gov.co\/colombia\/?p=206297"},"modified":"2020-11-09T14:34:01","modified_gmt":"2020-11-09T19:34:01","slug":"a-la-carcel-presunto-coordinador-de-sicarios-de-la-estructura-criminal-los-pachelly-que-delinque-en-bello-antioquia","status":"publish","type":"post","link":"https:\/\/www.fiscalia.gov.co\/colombia\/crimen-organizado\/a-la-carcel-presunto-coordinador-de-sicarios-de-la-estructura-criminal-los-pachelly-que-delinque-en-bello-antioquia\/","title":{"rendered":"A la c\u00e1rcel presunto coordinador de sicarios de la estructura criminal \u2018Los Pachelly\u2019 que delinque en Bello (Antioquia)"},"content":{"rendered":"<h4 style=\"font-weight: 400\"><strong><em>El investigado fue sorprendido en una finca de Florida Blanca (Santander) durante una fiesta en la que se expend\u00edan estupefacientes.\u00a0<\/em><\/strong><\/h4>\n<p style=\"font-weight: 400\"><strong> <img loading=\"lazy\" decoding=\"async\" class=\"alignnone wp-image-206298 size-large\" src=\"https:\/\/www.fiscalia.gov.co\/colombia\/wp-content\/uploads\/DIEGO-HUMBERTO-CASTA\u00d1EDA-TAMAYO-ALIAS-CACHORRO-1024x576.jpg\" alt=\"\" width=\"696\" height=\"392\" srcset=\"https:\/\/www.fiscalia.gov.co\/colombia\/wp-content\/uploads\/DIEGO-HUMBERTO-CASTA\u00d1EDA-TAMAYO-ALIAS-CACHORRO-1024x576.jpg 1024w, https:\/\/www.fiscalia.gov.co\/colombia\/wp-content\/uploads\/DIEGO-HUMBERTO-CASTA\u00d1EDA-TAMAYO-ALIAS-CACHORRO-300x169.jpg 300w, https:\/\/www.fiscalia.gov.co\/colombia\/wp-content\/uploads\/DIEGO-HUMBERTO-CASTA\u00d1EDA-TAMAYO-ALIAS-CACHORRO-768x432.jpg 768w, https:\/\/www.fiscalia.gov.co\/colombia\/wp-content\/uploads\/DIEGO-HUMBERTO-CASTA\u00d1EDA-TAMAYO-ALIAS-CACHORRO-696x392.jpg 696w, https:\/\/www.fiscalia.gov.co\/colombia\/wp-content\/uploads\/DIEGO-HUMBERTO-CASTA\u00d1EDA-TAMAYO-ALIAS-CACHORRO-1068x601.jpg 1068w, https:\/\/www.fiscalia.gov.co\/colombia\/wp-content\/uploads\/DIEGO-HUMBERTO-CASTA\u00d1EDA-TAMAYO-ALIAS-CACHORRO-747x420.jpg 747w, https:\/\/www.fiscalia.gov.co\/colombia\/wp-content\/uploads\/DIEGO-HUMBERTO-CASTA\u00d1EDA-TAMAYO-ALIAS-CACHORRO.jpg 1280w\" sizes=\"auto, (max-width: 696px) 100vw, 696px\" \/><\/strong><\/p>\n<p style=\"font-weight: 400\">Como presunto responsable de triple tentativa de homicidio agravado y porte ilegal de arma de fuego de defensa personal,\u00a0<strong>la Fiscal\u00eda General de la Naci\u00f3n obtuvo medida de aseguramiento intramuros contra Diego Humberto Casta\u00f1eda Tamayo<\/strong>, alias \u2018Cachorro\u2019.<\/p>\n<p style=\"font-weight: 400\">De acuerdo con la investigaci\u00f3n adelantada por un fiscal seccional de Bello, el investigado habr\u00eda participado en un <strong>ataque armado ocurrido el 7 de noviembre del a\u00f1o 2019,<\/strong>\u00a0en el barrio Niqu\u00eda de la mencionada poblaci\u00f3n del norte del Valle de Aburr\u00e1 en el que\u00a0<strong>fueron lesionados dos adultos y un menor de edad.\u00a0<\/strong><strong>\u00a0<\/strong><\/p>\n<p style=\"font-weight: 400\"><strong>\u00a0<\/strong>En la acci\u00f3n fue herida Liz A\u00edda Heredia Garc\u00eda, su hermano V\u00edctor Emilio y un menor de 16 a\u00f1os de edad, amigo de la familia.<\/p>\n<p style=\"font-weight: 400\">Los investigadores establecieron que el atentado iba dirigido contra la se\u00f1ora Heredia Garc\u00eda, quien habr\u00eda sido se\u00f1alada de presuntos v\u00ednculos con la <strong>organizaci\u00f3n criminal \u2018El Mesa\u2019,<\/strong>\u00a0que se disputa el control territorial con\u00a0\u2018<a href=\"https:\/\/www.fiscalia.gov.co\/colombia\/seccionales\/a-la-carcel-alias-pocho-presunto-cabecilla-de-la-estructura-criminal-pachelly-de-bello-antioquia\/\" data-saferedirecturl=\"https:\/\/www.google.com\/url?q=https:\/\/www.fiscalia.gov.co\/colombia\/seccionales\/a-la-carcel-alias-pocho-presunto-cabecilla-de-la-estructura-criminal-pachelly-de-bello-antioquia\/&amp;source=gmail&amp;ust=1605035984663000&amp;usg=AFQjCNGcAh4HkQPnn5LsglbSv9DUUeb97w\">Los Pachelly<\/a>\u2019, para la\u00a0<strong>distribuci\u00f3n de estupefacientes y la extorsi\u00f3n.\u00a0<\/strong><strong>\u00a0<\/strong><\/p>\n<p style=\"font-weight: 400\"><strong>\u00a0<\/strong><strong>Alias \u2018Cachorro\u2019, presunto coordinador de sicarios de Los Pachelly<\/strong>\u00a0fue capturado por la\u00a0<strong>Polic\u00eda Nacional<\/strong>\u00a0la madrugada de este domingo 8 de noviembre cuando se encontraba en una finca ubicada en el municipio\u00a0<strong>de Florida Blanca (Santander).<\/strong>\u00a0En el predio fueron hallados varios tipos de estupefacientes.<\/p>\n<p style=\"font-weight: 400\">\u00a0El investigado, quien figura en el cartel de los m\u00e1s buscados por la\u00a0<strong>Polic\u00eda Metropolitana del Valle de Aburr\u00e1,\u00a0<\/strong>no se allan\u00f3 a los cargos imputados. La medida restrictiva de la libertad fue proferida por el\u00a0<strong>Juzgado Segundo Penal Municipal de Bucaramanga (Santander)<\/strong>, con funci\u00f3n de control de garant\u00edas.<\/p>\n<p style=\"font-weight: 400\">\u00a0Por el triple homicidio tentado ya fueron sentenciados por v\u00eda de preacuerdo Alejandro Jim\u00e9nez Villa, alias Oj\u00f3n y Arley David Cano G\u00f3mez, alias Tapas.<\/p>\n<p style=\"font-weight: 400\">\u00a0Esta investigaci\u00f3n se adelant\u00f3 bajo los lineamientos del\u00a0<strong>Fiscal General de la Naci\u00f3n<\/strong>\u00a0de combatir las organizaciones criminales, especialmente las dedicadas a cometer delitos contra la vida.<\/p>\n<p style=\"font-weight: 400\">La Fiscal\u00eda hace p\u00fablica esta informaci\u00f3n por razones de inter\u00e9s general<\/p>\n<p style=\"font-weight: 400\">LFML\/MG<\/p>\n<p style=\"font-weight: 400\">\u00a0\u00a0<strong>LE PUEDE INTERESAR:\u00a0<\/strong><\/p>\n<p style=\"font-weight: 400\"><a href=\"https:\/\/www.fiscalia.gov.co\/colombia\/seccionales\/a-la-carcel-presunto-jefe-de-sicarios-de-la-estructura-criminal-pachelly-por-homicidio-de-un-mensajero\/\" data-saferedirecturl=\"https:\/\/www.google.com\/url?q=https:\/\/www.fiscalia.gov.co\/colombia\/seccionales\/a-la-carcel-presunto-jefe-de-sicarios-de-la-estructura-criminal-pachelly-por-homicidio-de-un-mensajero\/&amp;source=gmail&amp;ust=1605035984663000&amp;usg=AFQjCNH8ZpbD2MuVDGMKap-5dqAdEQailw\">A la c\u00e1rcel presunto jefe de sicarios de la estructura criminal Pachelly por homicidio de un mensajero\u00a0<\/a><strong>\u00a0<\/strong><\/p>\n\n<div class=\"twitter-share\"><a href=\"https:\/\/twitter.com\/intent\/tweet?via=fiscaliacol\" class=\"twitter-share-button\">Tweet<\/a><\/div>\n","protected":false},"excerpt":{"rendered":"<p>El investigado fue sorprendido en una finca de Florida Blanca (Santander) durante una fiesta en la que se expend\u00edan estupefacientes.\u00a0 Como presunto responsable de triple tentativa de homicidio agravado y porte ilegal de arma de fuego de defensa personal,\u00a0la Fiscal\u00eda General de la Naci\u00f3n obtuvo medida de aseguramiento intramuros contra Diego Humberto Casta\u00f1eda Tamayo, alias [&hellip;]<\/p>\n","protected":false},"author":170,"featured_media":0,"comment_status":"closed","ping_status":"open","sticky":false,"template":"","format":"standard","meta":{"_price":"","_stock":"","_tribe_ticket_header":"","_tribe_default_ticket_provider":"","_tribe_ticket_capacity":"0","_ticket_start_date":"","_ticket_end_date":"","_tribe_ticket_show_description":"","_tribe_ticket_show_not_going":false,"_tribe_ticket_use_global_stock":"","_tribe_ticket_global_stock_level":"","_global_stock_mode":"","_global_stock_cap":"","_tribe_rsvp_for_event":"","_tribe_ticket_going_count":"","_tribe_ticket_not_going_count":"","_tribe_tickets_list":"[]","_tribe_ticket_has_attendee_info_fields":false,"tdm_status":"","tdm_grid_status":"","footnotes":""},"categories":[24098,318],"tags":[7484,24185,5448],"class_list":{"0":"post-206297","1":"post","2":"type-post","3":"status-publish","4":"format-standard","6":"category-crimen-organizado","7":"category-seccional-antioquia","8":"tag-crimen-organizado","9":"tag-fiscal-barbosa","10":"tag-sicariato"},"yoast_head":"<!-- This site is optimized with the Yoast SEO plugin v24.3 - https:\/\/yoast.com\/wordpress\/plugins\/seo\/ -->\n<title>Fiscal\u00eda General de la Naci\u00f3n<\/title>\n<meta name=\"description\" content=\"P\u00e1gina oficial de la Fiscal\u00eda General de la Naci\u00f3n \u2013 Colombia. Garantizamos el acceso efectivo a la justicia, la verdad y la reparaci\u00f3n de las v\u00edctimas de los delitos.\" \/>\n<meta name=\"robots\" content=\"noindex, follow\" \/>\n<meta property=\"og:locale\" content=\"es_ES\" \/>\n<meta property=\"og:type\" content=\"article\" \/>\n<meta property=\"og:title\" content=\"Fiscal\u00eda General de la Naci\u00f3n\" \/>\n<meta property=\"og:description\" content=\"P\u00e1gina oficial de la Fiscal\u00eda General de la Naci\u00f3n \u2013 Colombia. Garantizamos el acceso efectivo a la justicia, la verdad y la reparaci\u00f3n de las v\u00edctimas de los delitos.\" \/>\n<meta property=\"og:url\" content=\"https:\/\/www.fiscalia.gov.co\/colombia\/crimen-organizado\/a-la-carcel-presunto-coordinador-de-sicarios-de-la-estructura-criminal-los-pachelly-que-delinque-en-bello-antioquia\/\" \/>\n<meta property=\"og:site_name\" content=\"Fiscal\u00eda General de la Naci\u00f3n\" \/>\n<meta property=\"article:publisher\" content=\"https:\/\/www.facebook.com\/FiscaliaCol\" \/>\n<meta property=\"article:published_time\" content=\"2020-11-09T19:34:01+00:00\" \/>\n<meta name=\"author\" content=\"Maribel Ramos\" \/>\n<meta name=\"twitter:card\" content=\"summary_large_image\" \/>\n<meta name=\"twitter:creator\" content=\"@FiscaliaCol\" \/>\n<meta name=\"twitter:site\" content=\"@FiscaliaCol\" \/>\n<meta name=\"twitter:label1\" content=\"Escrito por\" \/>\n\t<meta name=\"twitter:data1\" content=\"Maribel Ramos\" \/>\n\t<meta name=\"twitter:label2\" content=\"Tiempo de lectura\" \/>\n\t<meta name=\"twitter:data2\" content=\"2 minutos\" \/>\n<script type=\"application\/ld+json\" class=\"yoast-schema-graph\">{\"@context\":\"https:\/\/schema.org\",\"@graph\":[{\"@type\":\"Article\",\"@id\":\"https:\/\/www.fiscalia.gov.co\/colombia\/crimen-organizado\/a-la-carcel-presunto-coordinador-de-sicarios-de-la-estructura-criminal-los-pachelly-que-delinque-en-bello-antioquia\/#article\",\"isPartOf\":{\"@id\":\"https:\/\/www.fiscalia.gov.co\/colombia\/crimen-organizado\/a-la-carcel-presunto-coordinador-de-sicarios-de-la-estructura-criminal-los-pachelly-que-delinque-en-bello-antioquia\/\"},\"author\":{\"name\":\"Maribel Ramos\",\"@id\":\"https:\/\/www.fiscalia.gov.co\/colombia\/#\/schema\/person\/0e5a79ec1e6cf3890e6bcbdb49589737\"},\"headline\":\"A la c\u00e1rcel presunto coordinador de sicarios de la estructura criminal \u2018Los Pachelly\u2019 que delinque en Bello (Antioquia)\",\"datePublished\":\"2020-11-09T19:34:01+00:00\",\"dateModified\":\"2020-11-09T19:34:01+00:00\",\"mainEntityOfPage\":{\"@id\":\"https:\/\/www.fiscalia.gov.co\/colombia\/crimen-organizado\/a-la-carcel-presunto-coordinador-de-sicarios-de-la-estructura-criminal-los-pachelly-que-delinque-en-bello-antioquia\/\"},\"wordCount\":411,\"publisher\":{\"@id\":\"https:\/\/www.fiscalia.gov.co\/colombia\/#organization\"},\"keywords\":[\"Crimen organizado\",\"Fiscal Barbosa\",\"Sicariato\"],\"articleSection\":[\"Crimen organizado\",\"Seccional Antioquia\"],\"inLanguage\":\"es-CO\"},{\"@type\":\"WebPage\",\"@id\":\"https:\/\/www.fiscalia.gov.co\/colombia\/crimen-organizado\/a-la-carcel-presunto-coordinador-de-sicarios-de-la-estructura-criminal-los-pachelly-que-delinque-en-bello-antioquia\/\",\"url\":\"https:\/\/www.fiscalia.gov.co\/colombia\/crimen-organizado\/a-la-carcel-presunto-coordinador-de-sicarios-de-la-estructura-criminal-los-pachelly-que-delinque-en-bello-antioquia\/\",\"name\":\"Fiscal\u00eda General de la Naci\u00f3n\",\"isPartOf\":{\"@id\":\"https:\/\/www.fiscalia.gov.co\/colombia\/#website\"},\"datePublished\":\"2020-11-09T19:34:01+00:00\",\"dateModified\":\"2020-11-09T19:34:01+00:00\",\"description\":\"P\u00e1gina oficial de la Fiscal\u00eda General de la Naci\u00f3n \u2013 Colombia. Garantizamos el acceso efectivo a la justicia, la verdad y la reparaci\u00f3n de las v\u00edctimas de los delitos.\",\"breadcrumb\":{\"@id\":\"https:\/\/www.fiscalia.gov.co\/colombia\/crimen-organizado\/a-la-carcel-presunto-coordinador-de-sicarios-de-la-estructura-criminal-los-pachelly-que-delinque-en-bello-antioquia\/#breadcrumb\"},\"inLanguage\":\"es-CO\",\"potentialAction\":[{\"@type\":\"ReadAction\",\"target\":[\"https:\/\/www.fiscalia.gov.co\/colombia\/crimen-organizado\/a-la-carcel-presunto-coordinador-de-sicarios-de-la-estructura-criminal-los-pachelly-que-delinque-en-bello-antioquia\/\"]}]},{\"@type\":\"BreadcrumbList\",\"@id\":\"https:\/\/www.fiscalia.gov.co\/colombia\/crimen-organizado\/a-la-carcel-presunto-coordinador-de-sicarios-de-la-estructura-criminal-los-pachelly-que-delinque-en-bello-antioquia\/#breadcrumb\",\"itemListElement\":[{\"@type\":\"ListItem\",\"position\":1,\"name\":\"Home\",\"item\":\"https:\/\/www.fiscalia.gov.co\/colombia\/\"},{\"@type\":\"ListItem\",\"position\":2,\"name\":\"A la c\u00e1rcel presunto coordinador de sicarios de la estructura criminal \u2018Los Pachelly\u2019 que delinque en Bello (Antioquia)\"}]},{\"@type\":\"WebSite\",\"@id\":\"https:\/\/www.fiscalia.gov.co\/colombia\/#website\",\"url\":\"https:\/\/www.fiscalia.gov.co\/colombia\/\",\"name\":\"Fiscal\u00eda General de la Naci\u00f3n\",\"description\":\"P\u00e1gina oficial de la Fiscal\u00eda General de la Naci\u00f3n \u2013 Colombia. Garantizamos el acceso efectivo a la justicia, la verdad y la reparaci\u00f3n de las v\u00edctimas de los delitos.\",\"publisher\":{\"@id\":\"https:\/\/www.fiscalia.gov.co\/colombia\/#organization\"},\"potentialAction\":[{\"@type\":\"SearchAction\",\"target\":{\"@type\":\"EntryPoint\",\"urlTemplate\":\"https:\/\/www.fiscalia.gov.co\/colombia\/?s={search_term_string}\"},\"query-input\":{\"@type\":\"PropertyValueSpecification\",\"valueRequired\":true,\"valueName\":\"search_term_string\"}}],\"inLanguage\":\"es-CO\"},{\"@type\":\"Organization\",\"@id\":\"https:\/\/www.fiscalia.gov.co\/colombia\/#organization\",\"name\":\"Fiscal\u00eda General de la Naci\u00f3n\",\"url\":\"https:\/\/www.fiscalia.gov.co\/colombia\/\",\"logo\":{\"@type\":\"ImageObject\",\"inLanguage\":\"es-CO\",\"@id\":\"https:\/\/www.fiscalia.gov.co\/colombia\/#\/schema\/logo\/image\/\",\"url\":\"https:\/\/www.fiscalia.gov.co\/colombia\/wp-content\/uploads\/LogoHorizontal_1.jpg\",\"contentUrl\":\"https:\/\/www.fiscalia.gov.co\/colombia\/wp-content\/uploads\/LogoHorizontal_1.jpg\",\"width\":300,\"height\":90,\"caption\":\"Fiscal\u00eda General de la Naci\u00f3n\"},\"image\":{\"@id\":\"https:\/\/www.fiscalia.gov.co\/colombia\/#\/schema\/logo\/image\/\"},\"sameAs\":[\"https:\/\/www.facebook.com\/FiscaliaCol\",\"https:\/\/x.com\/FiscaliaCol\",\"https:\/\/www.instagram.com\/fiscaliacol\",\"https:\/\/www.linkedin.com\/company\/fiscalia-general-de-la-naci-n\/\",\"https:\/\/youtube.com\/@fiscaliageneraldelanacion-4668?si=6nN79nyQICPU5iTh\"]},{\"@type\":\"Person\",\"@id\":\"https:\/\/www.fiscalia.gov.co\/colombia\/#\/schema\/person\/0e5a79ec1e6cf3890e6bcbdb49589737\",\"name\":\"Maribel Ramos\",\"image\":{\"@type\":\"ImageObject\",\"inLanguage\":\"es-CO\",\"@id\":\"https:\/\/www.fiscalia.gov.co\/colombia\/#\/schema\/person\/image\/\",\"url\":\"https:\/\/secure.gravatar.com\/avatar\/6345ac0c55cd97b11426173ae0be5b23?s=96&d=mm&r=g\",\"contentUrl\":\"https:\/\/secure.gravatar.com\/avatar\/6345ac0c55cd97b11426173ae0be5b23?s=96&d=mm&r=g\",\"caption\":\"Maribel Ramos\"},\"url\":\"https:\/\/www.fiscalia.gov.co\/colombia\/author\/mramos\/\"}]}<\/script>\n<!-- \/ Yoast SEO plugin. -->","yoast_head_json":{"title":"Fiscal\u00eda General de la Naci\u00f3n","description":"P\u00e1gina oficial de la Fiscal\u00eda General de la Naci\u00f3n \u2013 Colombia. Garantizamos el acceso efectivo a la justicia, la verdad y la reparaci\u00f3n de las v\u00edctimas de los delitos.","robots":{"index":"noindex","follow":"follow"},"og_locale":"es_ES","og_type":"article","og_title":"Fiscal\u00eda General de la Naci\u00f3n","og_description":"P\u00e1gina oficial de la Fiscal\u00eda General de la Naci\u00f3n \u2013 Colombia. Garantizamos el acceso efectivo a la justicia, la verdad y la reparaci\u00f3n de las v\u00edctimas de los delitos.","og_url":"https:\/\/www.fiscalia.gov.co\/colombia\/crimen-organizado\/a-la-carcel-presunto-coordinador-de-sicarios-de-la-estructura-criminal-los-pachelly-que-delinque-en-bello-antioquia\/","og_site_name":"Fiscal\u00eda General de la Naci\u00f3n","article_publisher":"https:\/\/www.facebook.com\/FiscaliaCol","article_published_time":"2020-11-09T19:34:01+00:00","author":"Maribel Ramos","twitter_card":"summary_large_image","twitter_creator":"@FiscaliaCol","twitter_site":"@FiscaliaCol","twitter_misc":{"Escrito por":"Maribel Ramos","Tiempo de lectura":"2 minutos"},"schema":{"@context":"https:\/\/schema.org","@graph":[{"@type":"Article","@id":"https:\/\/www.fiscalia.gov.co\/colombia\/crimen-organizado\/a-la-carcel-presunto-coordinador-de-sicarios-de-la-estructura-criminal-los-pachelly-que-delinque-en-bello-antioquia\/#article","isPartOf":{"@id":"https:\/\/www.fiscalia.gov.co\/colombia\/crimen-organizado\/a-la-carcel-presunto-coordinador-de-sicarios-de-la-estructura-criminal-los-pachelly-que-delinque-en-bello-antioquia\/"},"author":{"name":"Maribel Ramos","@id":"https:\/\/www.fiscalia.gov.co\/colombia\/#\/schema\/person\/0e5a79ec1e6cf3890e6bcbdb49589737"},"headline":"A la c\u00e1rcel presunto coordinador de sicarios de la estructura criminal \u2018Los Pachelly\u2019 que delinque en Bello (Antioquia)","datePublished":"2020-11-09T19:34:01+00:00","dateModified":"2020-11-09T19:34:01+00:00","mainEntityOfPage":{"@id":"https:\/\/www.fiscalia.gov.co\/colombia\/crimen-organizado\/a-la-carcel-presunto-coordinador-de-sicarios-de-la-estructura-criminal-los-pachelly-que-delinque-en-bello-antioquia\/"},"wordCount":411,"publisher":{"@id":"https:\/\/www.fiscalia.gov.co\/colombia\/#organization"},"keywords":["Crimen organizado","Fiscal Barbosa","Sicariato"],"articleSection":["Crimen organizado","Seccional Antioquia"],"inLanguage":"es-CO"},{"@type":"WebPage","@id":"https:\/\/www.fiscalia.gov.co\/colombia\/crimen-organizado\/a-la-carcel-presunto-coordinador-de-sicarios-de-la-estructura-criminal-los-pachelly-que-delinque-en-bello-antioquia\/","url":"https:\/\/www.fiscalia.gov.co\/colombia\/crimen-organizado\/a-la-carcel-presunto-coordinador-de-sicarios-de-la-estructura-criminal-los-pachelly-que-delinque-en-bello-antioquia\/","name":"Fiscal\u00eda General de la Naci\u00f3n","isPartOf":{"@id":"https:\/\/www.fiscalia.gov.co\/colombia\/#website"},"datePublished":"2020-11-09T19:34:01+00:00","dateModified":"2020-11-09T19:34:01+00:00","description":"P\u00e1gina oficial de la Fiscal\u00eda General de la Naci\u00f3n \u2013 Colombia. Garantizamos el acceso efectivo a la justicia, la verdad y la reparaci\u00f3n de las v\u00edctimas de los delitos.","breadcrumb":{"@id":"https:\/\/www.fiscalia.gov.co\/colombia\/crimen-organizado\/a-la-carcel-presunto-coordinador-de-sicarios-de-la-estructura-criminal-los-pachelly-que-delinque-en-bello-antioquia\/#breadcrumb"},"inLanguage":"es-CO","potentialAction":[{"@type":"ReadAction","target":["https:\/\/www.fiscalia.gov.co\/colombia\/crimen-organizado\/a-la-carcel-presunto-coordinador-de-sicarios-de-la-estructura-criminal-los-pachelly-que-delinque-en-bello-antioquia\/"]}]},{"@type":"BreadcrumbList","@id":"https:\/\/www.fiscalia.gov.co\/colombia\/crimen-organizado\/a-la-carcel-presunto-coordinador-de-sicarios-de-la-estructura-criminal-los-pachelly-que-delinque-en-bello-antioquia\/#breadcrumb","itemListElement":[{"@type":"ListItem","position":1,"name":"Home","item":"https:\/\/www.fiscalia.gov.co\/colombia\/"},{"@type":"ListItem","position":2,"name":"A la c\u00e1rcel presunto coordinador de sicarios de la estructura criminal \u2018Los Pachelly\u2019 que delinque en Bello (Antioquia)"}]},{"@type":"WebSite","@id":"https:\/\/www.fiscalia.gov.co\/colombia\/#website","url":"https:\/\/www.fiscalia.gov.co\/colombia\/","name":"Fiscal\u00eda General de la Naci\u00f3n","description":"P\u00e1gina oficial de la Fiscal\u00eda General de la Naci\u00f3n \u2013 Colombia. Garantizamos el acceso efectivo a la justicia, la verdad y la reparaci\u00f3n de las v\u00edctimas de los delitos.","publisher":{"@id":"https:\/\/www.fiscalia.gov.co\/colombia\/#organization"},"potentialAction":[{"@type":"SearchAction","target":{"@type":"EntryPoint","urlTemplate":"https:\/\/www.fiscalia.gov.co\/colombia\/?s={search_term_string}"},"query-input":{"@type":"PropertyValueSpecification","valueRequired":true,"valueName":"search_term_string"}}],"inLanguage":"es-CO"},{"@type":"Organization","@id":"https:\/\/www.fiscalia.gov.co\/colombia\/#organization","name":"Fiscal\u00eda General de la Naci\u00f3n","url":"https:\/\/www.fiscalia.gov.co\/colombia\/","logo":{"@type":"ImageObject","inLanguage":"es-CO","@id":"https:\/\/www.fiscalia.gov.co\/colombia\/#\/schema\/logo\/image\/","url":"https:\/\/www.fiscalia.gov.co\/colombia\/wp-content\/uploads\/LogoHorizontal_1.jpg","contentUrl":"https:\/\/www.fiscalia.gov.co\/colombia\/wp-content\/uploads\/LogoHorizontal_1.jpg","width":300,"height":90,"caption":"Fiscal\u00eda General de la Naci\u00f3n"},"image":{"@id":"https:\/\/www.fiscalia.gov.co\/colombia\/#\/schema\/logo\/image\/"},"sameAs":["https:\/\/www.facebook.com\/FiscaliaCol","https:\/\/x.com\/FiscaliaCol","https:\/\/www.instagram.com\/fiscaliacol","https:\/\/www.linkedin.com\/company\/fiscalia-general-de-la-naci-n\/","https:\/\/youtube.com\/@fiscaliageneraldelanacion-4668?si=6nN79nyQICPU5iTh"]},{"@type":"Person","@id":"https:\/\/www.fiscalia.gov.co\/colombia\/#\/schema\/person\/0e5a79ec1e6cf3890e6bcbdb49589737","name":"Maribel Ramos","image":{"@type":"ImageObject","inLanguage":"es-CO","@id":"https:\/\/www.fiscalia.gov.co\/colombia\/#\/schema\/person\/image\/","url":"https:\/\/secure.gravatar.com\/avatar\/6345ac0c55cd97b11426173ae0be5b23?s=96&d=mm&r=g","contentUrl":"https:\/\/secure.gravatar.com\/avatar\/6345ac0c55cd97b11426173ae0be5b23?s=96&d=mm&r=g","caption":"Maribel Ramos"},"url":"https:\/\/www.fiscalia.gov.co\/colombia\/author\/mramos\/"}]}},"_links":{"self":[{"href":"https:\/\/www.fiscalia.gov.co\/colombia\/wp-json\/wp\/v2\/posts\/206297","targetHints":{"allow":["GET"]}}],"collection":[{"href":"https:\/\/www.fiscalia.gov.co\/colombia\/wp-json\/wp\/v2\/posts"}],"about":[{"href":"https:\/\/www.fiscalia.gov.co\/colombia\/wp-json\/wp\/v2\/types\/post"}],"author":[{"embeddable":true,"href":"https:\/\/www.fiscalia.gov.co\/colombia\/wp-json\/wp\/v2\/users\/170"}],"replies":[{"embeddable":true,"href":"https:\/\/www.fiscalia.gov.co\/colombia\/wp-json\/wp\/v2\/comments?post=206297"}],"version-history":[{"count":1,"href":"https:\/\/www.fiscalia.gov.co\/colombia\/wp-json\/wp\/v2\/posts\/206297\/revisions"}],"predecessor-version":[{"id":206299,"href":"https:\/\/www.fiscalia.gov.co\/colombia\/wp-json\/wp\/v2\/posts\/206297\/revisions\/206299"}],"wp:attachment":[{"href":"https:\/\/www.fiscalia.gov.co\/colombia\/wp-json\/wp\/v2\/media?parent=206297"}],"wp:term":[{"taxonomy":"category","embeddable":true,"href":"https:\/\/www.fiscalia.gov.co\/colombia\/wp-json\/wp\/v2\/categories?post=206297"},{"taxonomy":"post_tag","embeddable":true,"href":"https:\/\/www.fiscalia.gov.co\/colombia\/wp-json\/wp\/v2\/tags?post=206297"}],"curies":[{"name":"wp","href":"https:\/\/api.w.org\/{rel}","templated":true}]}}