{"id":206262,"date":"2020-11-09T10:07:50","date_gmt":"2020-11-09T15:07:50","guid":{"rendered":"https:\/\/www.fiscalia.gov.co\/colombia\/?p=206262"},"modified":"2020-11-09T11:53:12","modified_gmt":"2020-11-09T16:53:12","slug":"a-la-carcel-presunto-cabecilla-de-la-organizacion-delincuencia-frontera-del-norte-dedicada-al-sicariato-en-el-sur-del-tolima","status":"publish","type":"post","link":"https:\/\/www.fiscalia.gov.co\/colombia\/seccionales\/a-la-carcel-presunto-cabecilla-de-la-organizacion-delincuencia-frontera-del-norte-dedicada-al-sicariato-en-el-sur-del-tolima\/","title":{"rendered":"A la c\u00e1rcel presunto cabecilla de la organizaci\u00f3n delincuencial Frontera del Norte, dedicada al sicariato en el sur del Tolima\u00a0"},"content":{"rendered":"<h4><strong><i><span lang=\"es\">La Fiscal\u00eda logr\u00f3 igualmente judicializar a tres presuntos integrantes del mismo grupo delictivo.\u00a0<\/span><\/i><\/strong><\/h4>\n<p><span lang=\"es\">Ante un juzgado penal municipal con funciones de control de garant\u00edas de Ibagu\u00e9 (Tolima), un despacho adscrito al Grupo de Vida de la Fiscal\u00eda General de la Naci\u00f3n Seccional Tolima, logr\u00f3 el pasado viernes la judicializaci\u00f3n de Jos\u00e9 Camilo Reina, alias El Sult\u00e1n, presunto l\u00edder de la organizaci\u00f3n delincuencial conocida como\u00a0<a href=\"https:\/\/www.fiscalia.gov.co\/colombia\/seccionales\/seccional-ibague\/impactada-estructura-delincuencial-denominada-frontera-del-norte-presunta-responsable-de-multiples-homicidios-en-el-norte-del-tolima\/\" target=\"_blank\" rel=\"noopener noreferrer\" data-auth=\"NotApplicable\">\u2018Frontera del Norte\u2019<\/a>, dedicada, al parecer, a la comisi\u00f3n de homicidios bajo la modalidad de sicariato en el norte del departamento.\u00a0<\/span><\/p>\n<p><span lang=\"es\">Su captura, mediante orden judicial, se registr\u00f3 en zona rural del municipio tolimense de Fresno, la noche del jueves, 5 de noviembre, en una labor interinstitucional entre el CTI del Grupo de Vida de la Fiscal\u00eda General de la Naci\u00f3n y la Sij\u00edn del Departamento del Tolima.\u00a0<\/span><\/p>\n<p><span lang=\"es\">Este importante resultado se da en cumplimiento de las pol\u00edticas institucionales del Fiscal General de la Naci\u00f3n, Francisco Barbosa Delgado \u201cEn la calle y en los territorios\u201d que, precisamente, permiti\u00f3 que esa misma semana se diera la captura de otros tres presuntos integrantes de la misma organizaci\u00f3n, quienes fueron enviados a centro carcelario.\u00a0<\/span><\/p>\n<p><b><span lang=\"es\">Determin\u00f3 tres homicidios<\/span><\/b><\/p>\n<p><span lang=\"es\">El ente acusador se\u00f1ala al implicado como presunto determinador de tres homicidios ocurridos entre el a\u00f1o 2019 y 2020 en San Sebasti\u00e1n de Mariquita (Tolima). \u00a0<\/span><\/p>\n<p><span lang=\"es\">Se trata Mario Alfonso Veloza, alias Mono, excompa\u00f1ero sentimental de su novia; Andr\u00e9s Felipe Gativa, alias Pelo y de Willington Cuevas.\u00a0<\/span><\/p>\n<p><span lang=\"es\">Es as\u00ed como le fueron imputados los delitos de homicidio agravado en concurso con fabricaci\u00f3n, tr\u00e1fico y porte de armas de fuego, partes o municiones agravado, los cuales no acept\u00f3.\u00a0<\/span><\/p>\n<p><span lang=\"es\">Seg\u00fan las investigaciones preliminares, estos cr\u00edmenes se relacionar\u00edan con disputas en el control territorial por el tr\u00e1fico de sustancias\u00a0<\/span><strong><a href=\"https:\/\/www.fiscalia.gov.co\/colombia\/hay-justicia\/condenados-a-mas-de-cuatro-anos-de-prision-nueve-integrantes-de-neptuno-organizacion-dedicada-al-trafico-de-estupefacientes\/\" target=\"_blank\" rel=\"noopener noreferrer\" data-auth=\"NotApplicable\"><span lang=\"es\">estupefacientes<\/span><\/a><\/strong><strong><span lang=\"es\">\u00a0en Mariquita y Honda,\u00a0<\/span><\/strong><strong><span lang=\"es\">y as\u00ed,<\/span><\/strong><strong><span lang=\"es\">\u00a0<\/span><\/strong><span lang=\"es\">sacar del \u201cnegocio\u201d a quienes los implicados consideraban como desertores, debido a que decid\u00edan no trabajar m\u00e1s con ellos. \u00a0<\/span><\/p>\n<p><span lang=\"es\">Lo mismo suced\u00eda con quienes se atrevieran a \u2018contrabandear\u2019 marihuana de otros grupos en las zonas que consideraban como\u00a0suyas.<\/span><\/p>\n<p><span lang=\"es\">Al t\u00e9rmino de las audiencias de rigor al implicado le fue impuesta medida de aseguramiento en centro carcelario, en atenci\u00f3n a la solicitud que en tal sentido propuso el fiscal del caso. Esta petici\u00f3n fue\u00a0<\/span><span lang=\"es\">apoyada por el Ministerio P\u00fablico.\u00a0<\/span><\/p>\n<p><span lang=\"es\">La Fiscal\u00eda hace p\u00fablica esta informaci\u00f3n por razones de inter\u00e9s general.\u00a0<\/span><\/p>\n<p><b>PAAM\/MAGA<\/b><\/p>\n\n<div class=\"twitter-share\"><a href=\"https:\/\/twitter.com\/intent\/tweet?via=fiscaliacol\" class=\"twitter-share-button\">Tweet<\/a><\/div>\n","protected":false},"excerpt":{"rendered":"<p>La Fiscal\u00eda logr\u00f3 igualmente judicializar a tres presuntos integrantes del mismo grupo delictivo.\u00a0 Ante un juzgado penal municipal con funciones de control de garant\u00edas de Ibagu\u00e9 (Tolima), un despacho adscrito al Grupo de Vida de la Fiscal\u00eda General de la Naci\u00f3n Seccional Tolima, logr\u00f3 el pasado viernes la judicializaci\u00f3n de Jos\u00e9 Camilo Reina, alias El [&hellip;]<\/p>\n","protected":false},"author":167,"featured_media":0,"comment_status":"closed","ping_status":"open","sticky":false,"template":"","format":"standard","meta":{"_price":"","_stock":"","_tribe_ticket_header":"","_tribe_default_ticket_provider":"","_tribe_ticket_capacity":"0","_ticket_start_date":"","_ticket_end_date":"","_tribe_ticket_show_description":"","_tribe_ticket_show_not_going":false,"_tribe_ticket_use_global_stock":"","_tribe_ticket_global_stock_level":"","_global_stock_mode":"","_global_stock_cap":"","_tribe_rsvp_for_event":"","_tribe_ticket_going_count":"","_tribe_ticket_not_going_count":"","_tribe_tickets_list":"[]","_tribe_ticket_has_attendee_info_fields":false,"tdm_status":"","tdm_grid_status":"","footnotes":""},"categories":[329,303,24099],"tags":[],"class_list":{"0":"post-206262","1":"post","2":"type-post","3":"status-publish","4":"format-standard","6":"category-seccional-ibague","7":"category-seccionales","8":"category-seguridad-territorial"},"yoast_head":"<!-- This site is optimized with the Yoast SEO plugin v24.3 - https:\/\/yoast.com\/wordpress\/plugins\/seo\/ -->\n<title>Fiscal\u00eda General de la Naci\u00f3n<\/title>\n<meta name=\"description\" content=\"P\u00e1gina oficial de la Fiscal\u00eda General de la Naci\u00f3n \u2013 Colombia. Garantizamos el acceso efectivo a la justicia, la verdad y la reparaci\u00f3n de las v\u00edctimas de los delitos.\" \/>\n<meta name=\"robots\" content=\"noindex, follow\" \/>\n<meta property=\"og:locale\" content=\"es_ES\" \/>\n<meta property=\"og:type\" content=\"article\" \/>\n<meta property=\"og:title\" content=\"Fiscal\u00eda General de la Naci\u00f3n\" \/>\n<meta property=\"og:description\" content=\"P\u00e1gina oficial de la Fiscal\u00eda General de la Naci\u00f3n \u2013 Colombia. Garantizamos el acceso efectivo a la justicia, la verdad y la reparaci\u00f3n de las v\u00edctimas de los delitos.\" \/>\n<meta property=\"og:url\" content=\"https:\/\/www.fiscalia.gov.co\/colombia\/seccionales\/a-la-carcel-presunto-cabecilla-de-la-organizacion-delincuencia-frontera-del-norte-dedicada-al-sicariato-en-el-sur-del-tolima\/\" \/>\n<meta property=\"og:site_name\" content=\"Fiscal\u00eda General de la Naci\u00f3n\" \/>\n<meta property=\"article:publisher\" content=\"https:\/\/www.facebook.com\/FiscaliaCol\" \/>\n<meta property=\"article:published_time\" content=\"2020-11-09T15:07:50+00:00\" \/>\n<meta property=\"article:modified_time\" content=\"2020-11-09T16:53:12+00:00\" \/>\n<meta name=\"author\" content=\"Maira Giraldo\" \/>\n<meta name=\"twitter:card\" content=\"summary_large_image\" \/>\n<meta name=\"twitter:creator\" content=\"@FiscaliaCol\" \/>\n<meta name=\"twitter:site\" content=\"@FiscaliaCol\" \/>\n<meta name=\"twitter:label1\" content=\"Escrito por\" \/>\n\t<meta name=\"twitter:data1\" content=\"Maira Giraldo\" \/>\n\t<meta name=\"twitter:label2\" content=\"Tiempo de lectura\" \/>\n\t<meta name=\"twitter:data2\" content=\"2 minutos\" \/>\n<script type=\"application\/ld+json\" class=\"yoast-schema-graph\">{\"@context\":\"https:\/\/schema.org\",\"@graph\":[{\"@type\":\"Article\",\"@id\":\"https:\/\/www.fiscalia.gov.co\/colombia\/seccionales\/a-la-carcel-presunto-cabecilla-de-la-organizacion-delincuencia-frontera-del-norte-dedicada-al-sicariato-en-el-sur-del-tolima\/#article\",\"isPartOf\":{\"@id\":\"https:\/\/www.fiscalia.gov.co\/colombia\/seccionales\/a-la-carcel-presunto-cabecilla-de-la-organizacion-delincuencia-frontera-del-norte-dedicada-al-sicariato-en-el-sur-del-tolima\/\"},\"author\":{\"name\":\"Maira Giraldo\",\"@id\":\"https:\/\/www.fiscalia.gov.co\/colombia\/#\/schema\/person\/2440fe3a4bf7444850658578d6d6f0c6\"},\"headline\":\"A la c\u00e1rcel presunto cabecilla de la organizaci\u00f3n delincuencial Frontera del Norte, dedicada al sicariato en el sur del Tolima\u00a0\",\"datePublished\":\"2020-11-09T15:07:50+00:00\",\"dateModified\":\"2020-11-09T16:53:12+00:00\",\"mainEntityOfPage\":{\"@id\":\"https:\/\/www.fiscalia.gov.co\/colombia\/seccionales\/a-la-carcel-presunto-cabecilla-de-la-organizacion-delincuencia-frontera-del-norte-dedicada-al-sicariato-en-el-sur-del-tolima\/\"},\"wordCount\":438,\"publisher\":{\"@id\":\"https:\/\/www.fiscalia.gov.co\/colombia\/#organization\"},\"articleSection\":[\"Seccional Ibagu\u00e9\",\"Seccionales\",\"Seguridad territorial\"],\"inLanguage\":\"es-CO\"},{\"@type\":\"WebPage\",\"@id\":\"https:\/\/www.fiscalia.gov.co\/colombia\/seccionales\/a-la-carcel-presunto-cabecilla-de-la-organizacion-delincuencia-frontera-del-norte-dedicada-al-sicariato-en-el-sur-del-tolima\/\",\"url\":\"https:\/\/www.fiscalia.gov.co\/colombia\/seccionales\/a-la-carcel-presunto-cabecilla-de-la-organizacion-delincuencia-frontera-del-norte-dedicada-al-sicariato-en-el-sur-del-tolima\/\",\"name\":\"Fiscal\u00eda General de la Naci\u00f3n\",\"isPartOf\":{\"@id\":\"https:\/\/www.fiscalia.gov.co\/colombia\/#website\"},\"datePublished\":\"2020-11-09T15:07:50+00:00\",\"dateModified\":\"2020-11-09T16:53:12+00:00\",\"description\":\"P\u00e1gina oficial de la Fiscal\u00eda General de la Naci\u00f3n \u2013 Colombia. Garantizamos el acceso efectivo a la justicia, la verdad y la reparaci\u00f3n de las v\u00edctimas de los delitos.\",\"breadcrumb\":{\"@id\":\"https:\/\/www.fiscalia.gov.co\/colombia\/seccionales\/a-la-carcel-presunto-cabecilla-de-la-organizacion-delincuencia-frontera-del-norte-dedicada-al-sicariato-en-el-sur-del-tolima\/#breadcrumb\"},\"inLanguage\":\"es-CO\",\"potentialAction\":[{\"@type\":\"ReadAction\",\"target\":[\"https:\/\/www.fiscalia.gov.co\/colombia\/seccionales\/a-la-carcel-presunto-cabecilla-de-la-organizacion-delincuencia-frontera-del-norte-dedicada-al-sicariato-en-el-sur-del-tolima\/\"]}]},{\"@type\":\"BreadcrumbList\",\"@id\":\"https:\/\/www.fiscalia.gov.co\/colombia\/seccionales\/a-la-carcel-presunto-cabecilla-de-la-organizacion-delincuencia-frontera-del-norte-dedicada-al-sicariato-en-el-sur-del-tolima\/#breadcrumb\",\"itemListElement\":[{\"@type\":\"ListItem\",\"position\":1,\"name\":\"Home\",\"item\":\"https:\/\/www.fiscalia.gov.co\/colombia\/\"},{\"@type\":\"ListItem\",\"position\":2,\"name\":\"A la c\u00e1rcel presunto cabecilla de la organizaci\u00f3n delincuencial Frontera del Norte, dedicada al sicariato en el sur del Tolima\u00a0\"}]},{\"@type\":\"WebSite\",\"@id\":\"https:\/\/www.fiscalia.gov.co\/colombia\/#website\",\"url\":\"https:\/\/www.fiscalia.gov.co\/colombia\/\",\"name\":\"Fiscal\u00eda General de la Naci\u00f3n\",\"description\":\"P\u00e1gina oficial de la Fiscal\u00eda General de la Naci\u00f3n \u2013 Colombia. Garantizamos el acceso efectivo a la justicia, la verdad y la reparaci\u00f3n de las v\u00edctimas de los delitos.\",\"publisher\":{\"@id\":\"https:\/\/www.fiscalia.gov.co\/colombia\/#organization\"},\"potentialAction\":[{\"@type\":\"SearchAction\",\"target\":{\"@type\":\"EntryPoint\",\"urlTemplate\":\"https:\/\/www.fiscalia.gov.co\/colombia\/?s={search_term_string}\"},\"query-input\":{\"@type\":\"PropertyValueSpecification\",\"valueRequired\":true,\"valueName\":\"search_term_string\"}}],\"inLanguage\":\"es-CO\"},{\"@type\":\"Organization\",\"@id\":\"https:\/\/www.fiscalia.gov.co\/colombia\/#organization\",\"name\":\"Fiscal\u00eda General de la Naci\u00f3n\",\"url\":\"https:\/\/www.fiscalia.gov.co\/colombia\/\",\"logo\":{\"@type\":\"ImageObject\",\"inLanguage\":\"es-CO\",\"@id\":\"https:\/\/www.fiscalia.gov.co\/colombia\/#\/schema\/logo\/image\/\",\"url\":\"https:\/\/www.fiscalia.gov.co\/colombia\/wp-content\/uploads\/LogoHorizontal_1.jpg\",\"contentUrl\":\"https:\/\/www.fiscalia.gov.co\/colombia\/wp-content\/uploads\/LogoHorizontal_1.jpg\",\"width\":300,\"height\":90,\"caption\":\"Fiscal\u00eda General de la Naci\u00f3n\"},\"image\":{\"@id\":\"https:\/\/www.fiscalia.gov.co\/colombia\/#\/schema\/logo\/image\/\"},\"sameAs\":[\"https:\/\/www.facebook.com\/FiscaliaCol\",\"https:\/\/x.com\/FiscaliaCol\",\"https:\/\/www.instagram.com\/fiscaliacol\",\"https:\/\/www.linkedin.com\/company\/fiscalia-general-de-la-naci-n\/\",\"https:\/\/youtube.com\/@fiscaliageneraldelanacion-4668?si=6nN79nyQICPU5iTh\"]},{\"@type\":\"Person\",\"@id\":\"https:\/\/www.fiscalia.gov.co\/colombia\/#\/schema\/person\/2440fe3a4bf7444850658578d6d6f0c6\",\"name\":\"Maira Giraldo\",\"image\":{\"@type\":\"ImageObject\",\"inLanguage\":\"es-CO\",\"@id\":\"https:\/\/www.fiscalia.gov.co\/colombia\/#\/schema\/person\/image\/\",\"url\":\"https:\/\/secure.gravatar.com\/avatar\/7cd6b2b23627545037c8b4da5ea379fc?s=96&d=mm&r=g\",\"contentUrl\":\"https:\/\/secure.gravatar.com\/avatar\/7cd6b2b23627545037c8b4da5ea379fc?s=96&d=mm&r=g\",\"caption\":\"Maira Giraldo\"},\"url\":\"https:\/\/www.fiscalia.gov.co\/colombia\/author\/mgiraldo\/\"}]}<\/script>\n<!-- \/ Yoast SEO plugin. -->","yoast_head_json":{"title":"Fiscal\u00eda General de la Naci\u00f3n","description":"P\u00e1gina oficial de la Fiscal\u00eda General de la Naci\u00f3n \u2013 Colombia. Garantizamos el acceso efectivo a la justicia, la verdad y la reparaci\u00f3n de las v\u00edctimas de los delitos.","robots":{"index":"noindex","follow":"follow"},"og_locale":"es_ES","og_type":"article","og_title":"Fiscal\u00eda General de la Naci\u00f3n","og_description":"P\u00e1gina oficial de la Fiscal\u00eda General de la Naci\u00f3n \u2013 Colombia. Garantizamos el acceso efectivo a la justicia, la verdad y la reparaci\u00f3n de las v\u00edctimas de los delitos.","og_url":"https:\/\/www.fiscalia.gov.co\/colombia\/seccionales\/a-la-carcel-presunto-cabecilla-de-la-organizacion-delincuencia-frontera-del-norte-dedicada-al-sicariato-en-el-sur-del-tolima\/","og_site_name":"Fiscal\u00eda General de la Naci\u00f3n","article_publisher":"https:\/\/www.facebook.com\/FiscaliaCol","article_published_time":"2020-11-09T15:07:50+00:00","article_modified_time":"2020-11-09T16:53:12+00:00","author":"Maira Giraldo","twitter_card":"summary_large_image","twitter_creator":"@FiscaliaCol","twitter_site":"@FiscaliaCol","twitter_misc":{"Escrito por":"Maira Giraldo","Tiempo de lectura":"2 minutos"},"schema":{"@context":"https:\/\/schema.org","@graph":[{"@type":"Article","@id":"https:\/\/www.fiscalia.gov.co\/colombia\/seccionales\/a-la-carcel-presunto-cabecilla-de-la-organizacion-delincuencia-frontera-del-norte-dedicada-al-sicariato-en-el-sur-del-tolima\/#article","isPartOf":{"@id":"https:\/\/www.fiscalia.gov.co\/colombia\/seccionales\/a-la-carcel-presunto-cabecilla-de-la-organizacion-delincuencia-frontera-del-norte-dedicada-al-sicariato-en-el-sur-del-tolima\/"},"author":{"name":"Maira Giraldo","@id":"https:\/\/www.fiscalia.gov.co\/colombia\/#\/schema\/person\/2440fe3a4bf7444850658578d6d6f0c6"},"headline":"A la c\u00e1rcel presunto cabecilla de la organizaci\u00f3n delincuencial Frontera del Norte, dedicada al sicariato en el sur del Tolima\u00a0","datePublished":"2020-11-09T15:07:50+00:00","dateModified":"2020-11-09T16:53:12+00:00","mainEntityOfPage":{"@id":"https:\/\/www.fiscalia.gov.co\/colombia\/seccionales\/a-la-carcel-presunto-cabecilla-de-la-organizacion-delincuencia-frontera-del-norte-dedicada-al-sicariato-en-el-sur-del-tolima\/"},"wordCount":438,"publisher":{"@id":"https:\/\/www.fiscalia.gov.co\/colombia\/#organization"},"articleSection":["Seccional Ibagu\u00e9","Seccionales","Seguridad territorial"],"inLanguage":"es-CO"},{"@type":"WebPage","@id":"https:\/\/www.fiscalia.gov.co\/colombia\/seccionales\/a-la-carcel-presunto-cabecilla-de-la-organizacion-delincuencia-frontera-del-norte-dedicada-al-sicariato-en-el-sur-del-tolima\/","url":"https:\/\/www.fiscalia.gov.co\/colombia\/seccionales\/a-la-carcel-presunto-cabecilla-de-la-organizacion-delincuencia-frontera-del-norte-dedicada-al-sicariato-en-el-sur-del-tolima\/","name":"Fiscal\u00eda General de la Naci\u00f3n","isPartOf":{"@id":"https:\/\/www.fiscalia.gov.co\/colombia\/#website"},"datePublished":"2020-11-09T15:07:50+00:00","dateModified":"2020-11-09T16:53:12+00:00","description":"P\u00e1gina oficial de la Fiscal\u00eda General de la Naci\u00f3n \u2013 Colombia. Garantizamos el acceso efectivo a la justicia, la verdad y la reparaci\u00f3n de las v\u00edctimas de los delitos.","breadcrumb":{"@id":"https:\/\/www.fiscalia.gov.co\/colombia\/seccionales\/a-la-carcel-presunto-cabecilla-de-la-organizacion-delincuencia-frontera-del-norte-dedicada-al-sicariato-en-el-sur-del-tolima\/#breadcrumb"},"inLanguage":"es-CO","potentialAction":[{"@type":"ReadAction","target":["https:\/\/www.fiscalia.gov.co\/colombia\/seccionales\/a-la-carcel-presunto-cabecilla-de-la-organizacion-delincuencia-frontera-del-norte-dedicada-al-sicariato-en-el-sur-del-tolima\/"]}]},{"@type":"BreadcrumbList","@id":"https:\/\/www.fiscalia.gov.co\/colombia\/seccionales\/a-la-carcel-presunto-cabecilla-de-la-organizacion-delincuencia-frontera-del-norte-dedicada-al-sicariato-en-el-sur-del-tolima\/#breadcrumb","itemListElement":[{"@type":"ListItem","position":1,"name":"Home","item":"https:\/\/www.fiscalia.gov.co\/colombia\/"},{"@type":"ListItem","position":2,"name":"A la c\u00e1rcel presunto cabecilla de la organizaci\u00f3n delincuencial Frontera del Norte, dedicada al sicariato en el sur del Tolima\u00a0"}]},{"@type":"WebSite","@id":"https:\/\/www.fiscalia.gov.co\/colombia\/#website","url":"https:\/\/www.fiscalia.gov.co\/colombia\/","name":"Fiscal\u00eda General de la Naci\u00f3n","description":"P\u00e1gina oficial de la Fiscal\u00eda General de la Naci\u00f3n \u2013 Colombia. Garantizamos el acceso efectivo a la justicia, la verdad y la reparaci\u00f3n de las v\u00edctimas de los delitos.","publisher":{"@id":"https:\/\/www.fiscalia.gov.co\/colombia\/#organization"},"potentialAction":[{"@type":"SearchAction","target":{"@type":"EntryPoint","urlTemplate":"https:\/\/www.fiscalia.gov.co\/colombia\/?s={search_term_string}"},"query-input":{"@type":"PropertyValueSpecification","valueRequired":true,"valueName":"search_term_string"}}],"inLanguage":"es-CO"},{"@type":"Organization","@id":"https:\/\/www.fiscalia.gov.co\/colombia\/#organization","name":"Fiscal\u00eda General de la Naci\u00f3n","url":"https:\/\/www.fiscalia.gov.co\/colombia\/","logo":{"@type":"ImageObject","inLanguage":"es-CO","@id":"https:\/\/www.fiscalia.gov.co\/colombia\/#\/schema\/logo\/image\/","url":"https:\/\/www.fiscalia.gov.co\/colombia\/wp-content\/uploads\/LogoHorizontal_1.jpg","contentUrl":"https:\/\/www.fiscalia.gov.co\/colombia\/wp-content\/uploads\/LogoHorizontal_1.jpg","width":300,"height":90,"caption":"Fiscal\u00eda General de la Naci\u00f3n"},"image":{"@id":"https:\/\/www.fiscalia.gov.co\/colombia\/#\/schema\/logo\/image\/"},"sameAs":["https:\/\/www.facebook.com\/FiscaliaCol","https:\/\/x.com\/FiscaliaCol","https:\/\/www.instagram.com\/fiscaliacol","https:\/\/www.linkedin.com\/company\/fiscalia-general-de-la-naci-n\/","https:\/\/youtube.com\/@fiscaliageneraldelanacion-4668?si=6nN79nyQICPU5iTh"]},{"@type":"Person","@id":"https:\/\/www.fiscalia.gov.co\/colombia\/#\/schema\/person\/2440fe3a4bf7444850658578d6d6f0c6","name":"Maira Giraldo","image":{"@type":"ImageObject","inLanguage":"es-CO","@id":"https:\/\/www.fiscalia.gov.co\/colombia\/#\/schema\/person\/image\/","url":"https:\/\/secure.gravatar.com\/avatar\/7cd6b2b23627545037c8b4da5ea379fc?s=96&d=mm&r=g","contentUrl":"https:\/\/secure.gravatar.com\/avatar\/7cd6b2b23627545037c8b4da5ea379fc?s=96&d=mm&r=g","caption":"Maira Giraldo"},"url":"https:\/\/www.fiscalia.gov.co\/colombia\/author\/mgiraldo\/"}]}},"_links":{"self":[{"href":"https:\/\/www.fiscalia.gov.co\/colombia\/wp-json\/wp\/v2\/posts\/206262","targetHints":{"allow":["GET"]}}],"collection":[{"href":"https:\/\/www.fiscalia.gov.co\/colombia\/wp-json\/wp\/v2\/posts"}],"about":[{"href":"https:\/\/www.fiscalia.gov.co\/colombia\/wp-json\/wp\/v2\/types\/post"}],"author":[{"embeddable":true,"href":"https:\/\/www.fiscalia.gov.co\/colombia\/wp-json\/wp\/v2\/users\/167"}],"replies":[{"embeddable":true,"href":"https:\/\/www.fiscalia.gov.co\/colombia\/wp-json\/wp\/v2\/comments?post=206262"}],"version-history":[{"count":2,"href":"https:\/\/www.fiscalia.gov.co\/colombia\/wp-json\/wp\/v2\/posts\/206262\/revisions"}],"predecessor-version":[{"id":206279,"href":"https:\/\/www.fiscalia.gov.co\/colombia\/wp-json\/wp\/v2\/posts\/206262\/revisions\/206279"}],"wp:attachment":[{"href":"https:\/\/www.fiscalia.gov.co\/colombia\/wp-json\/wp\/v2\/media?parent=206262"}],"wp:term":[{"taxonomy":"category","embeddable":true,"href":"https:\/\/www.fiscalia.gov.co\/colombia\/wp-json\/wp\/v2\/categories?post=206262"},{"taxonomy":"post_tag","embeddable":true,"href":"https:\/\/www.fiscalia.gov.co\/colombia\/wp-json\/wp\/v2\/tags?post=206262"}],"curies":[{"name":"wp","href":"https:\/\/api.w.org\/{rel}","templated":true}]}}