{"id":206186,"date":"2020-11-07T07:57:06","date_gmt":"2020-11-07T12:57:06","guid":{"rendered":"https:\/\/www.fiscalia.gov.co\/colombia\/?p=206186"},"modified":"2020-11-09T19:41:01","modified_gmt":"2020-11-10T00:41:01","slug":"judicializados-los-bulldozer-senalados-de-comercializar-oro-y-otros-metales-preciosos-obtenidos-mediante-labores-de-mineria-ilegal","status":"publish","type":"post","link":"https:\/\/www.fiscalia.gov.co\/colombia\/lavado-de-activos\/judicializados-los-bulldozer-senalados-de-comercializar-oro-y-otros-metales-preciosos-obtenidos-mediante-labores-de-mineria-ilegal\/","title":{"rendered":"Judicializados \u2018Los Bulldozer\u2019, se\u00f1alados de comercializar oro y otros metales preciosos obtenidos mediante labores de miner\u00eda ilegal"},"content":{"rendered":"<blockquote class=\"td_quote_box td_box_center\">\n<h4 style=\"font-weight: 400; text-align: left;\"><strong><em>La Fiscal\u00eda General de la Naci\u00f3n estableci\u00f3 que esta red habr\u00eda lavado m\u00e1s de 120 mil millones de pesos con la compra y venta de minerales extra\u00eddos il\u00edcitamente en Antioquia y Choc\u00f3.<\/em><\/strong><\/h4>\n<\/blockquote>\n<p style=\"font-weight: 400;\">En una acci\u00f3n conjunta de la Fiscal\u00eda General de la Naci\u00f3n, a trav\u00e9s de la\u00a0<strong>Direcci\u00f3n Especializada contra el Lavado de Activos, y la DIJIN de la Polic\u00eda Nacional<\/strong>\u00a0fueron capturados y judicializados tres presuntos integrantes de una red delincuencial denominada \u2018<strong>Los Bulldozer<\/strong>\u2019, se\u00f1alada de comercializar\u00a0<strong>oro, plata y platino\u00a0<\/strong>extra\u00eddo ilegalmente.<\/p>\n<p style=\"font-weight: 400;\">En atenci\u00f3n al direccionamiento estrat\u00e9gico definido por el\u00a0<strong>Fiscal General de la Naci\u00f3n, Francisco Barbosa Delgado<\/strong>, que contempla la lucha contra las finanzas il\u00edcitas de las estructuras criminales y las actividades que afectan el medio ambiente, a estas tres personas les fueron imputados los delitos de\u00a0<a href=\"https:\/\/www.fiscalia.gov.co\/colombia\/seccionales\/juez-ordena-suspension-del-proceso-de-lavado-de-activos-contra-el-exgobernador-de-santander-hugo-aguilar-mientras-jep-define-su-competencia\/\" data-saferedirecturl=\"https:\/\/www.google.com\/url?q=https:\/\/www.fiscalia.gov.co\/colombia\/seccionales\/juez-ordena-suspension-del-proceso-de-lavado-de-activos-contra-el-exgobernador-de-santander-hugo-aguilar-mientras-jep-define-su-competencia\/&amp;source=gmail&amp;ust=1604839489848000&amp;usg=AFQjCNGuDoY3GnbZ0bxkKcwZ8rx_ewC9qQ\"><strong>lavado de activos<\/strong><\/a>, enriquecimiento il\u00edcito de particulares y concierto para delinquir, seg\u00fan sus responsabilidades individuales.<\/p>\n<p style=\"font-weight: 400;\">Por disposici\u00f3n de un juez de control de garant\u00edas de Medell\u00edn (Antioquia), dos de los procesados recibieron medida de aseguramiento en centro carcelario, ellos son:\u00a0<strong>Jos\u00e9 Alfredo Barrera L\u00f3pez, alias \u2018Timo\u2019; y Juan Guillermo Mart\u00ednez P\u00e9rez<\/strong>. Otro de los procesados,\u00a0<strong>Jhonatan Exbrey Granados Villegas,\u00a0<\/strong>fue cobijado con detenci\u00f3n en su lugar de residencia.<\/p>\n<p style=\"font-weight: 400;\"><strong>\u00a0<\/strong><strong><u>As\u00ed delinqu\u00edan<\/u><\/strong><\/p>\n<p style=\"font-weight: 400;\">Labores de polic\u00eda judicial permitieron conocer que, entre 2006 y 2011,\u00a0<strong>\u2018Los Bulldozer\u2019<\/strong>\u00a0habr\u00edan extra\u00eddo y comercializado de manera ilegal\u00a0<strong><a href=\"https:\/\/www.fiscalia.gov.co\/colombia\/noticias\/judicializados-exalcalde-de-mitu-dos-exfuncionarios-y-seis-particulares-por-presunta-participacion-en-mineria-ilegal-en-el-rio-vaupes\/\" data-saferedirecturl=\"https:\/\/www.google.com\/url?q=https:\/\/www.fiscalia.gov.co\/colombia\/noticias\/judicializados-exalcalde-de-mitu-dos-exfuncionarios-y-seis-particulares-por-presunta-participacion-en-mineria-ilegal-en-el-rio-vaupes\/&amp;source=gmail&amp;ust=1604839489848000&amp;usg=AFQjCNHS4B4Mcq6lKTz0VcsZPvAogjfObg\">oro, plata y platino<\/a><\/strong>. Para este prop\u00f3sito, establecieron roles que les permiti\u00f3 movilizar los dineros producto del il\u00edcito hacia el centro del pa\u00eds.<\/p>\n<p style=\"font-weight: 400;\"><strong>Barrera L\u00f3pez, supuesto cabecilla de la red de lavado de activos<\/strong>, ser\u00eda el encargado de la extracci\u00f3n y comercializaci\u00f3n de los metales preciosos en zonas de producci\u00f3n aur\u00edfera ubicadas en\u00a0<strong>Antioquia y Choc\u00f3<\/strong>. Esta actividad, al parecer, le represent\u00f3 ventas por m\u00e1s de\u00a0<strong>75 mil millones de pesos<\/strong>.<\/p>\n<p style=\"font-weight: 400;\">De otra parte,<strong>\u00a0Juan Guillermo Mart\u00ednez P\u00e9rez<\/strong>, quien ser\u00eda el segundo en la red de lavado de activos, es se\u00f1alado de definir la log\u00edstica para camuflar y movilizar el dinero en t<strong>axis, veh\u00edculos de alta gama, llantas de repuesto o correos humanos<\/strong>. Esta persona habr\u00eda logrado ventas de oro y otros productos por m\u00e1s de\u00a0<strong>45 mil millones de pesos<\/strong>.<\/p>\n<p style=\"font-weight: 400;\">Finalmente,\u00a0<strong>Jhonatan Exbrey Granados Villegas,\u00a0<\/strong>supuestamente, recib\u00eda y custodiaba el dinero de origen il\u00edcito, y contactaba y pagaba los servicios de quienes serv\u00edan de transportadores.<\/p>\n<p style=\"font-weight: 400;\">La suma de este tipo de acciones habr\u00eda permitido operaciones de blanqueo por m\u00e1s de\u00a0<strong>120 mil millones de pesos.\u00a0<\/strong>La abundante evidencia f\u00edsica da cuenta de que estos dineros se recibieron a trav\u00e9s de establecimientos de comercio dedicados a la compra y venta de divisas, a la comercializaci\u00f3n de metales, o al alquiler de maquinaria pesada. En realidad, estos negocios ser\u00edan fachadas que daban apariencia de legalidad al andamiaje ilegal.<\/p>\n<p style=\"font-weight: 400;\">El material de prueba en poder de la Fiscal\u00eda General de la Naci\u00f3n evidenci\u00f3 que las labores de extracci\u00f3n coordinadas por \u2018<strong>Los Bulldozer<\/strong>\u2019 se realizaron sin los t\u00edtulos mineros requeridos; mientras que la comercializaci\u00f3n de minerales se hizo sin certificaci\u00f3n de la\u00a0<strong>Agencia Nacional de Miner\u00eda (ANM)<\/strong>.<\/p>\n<p style=\"font-weight: 400;\">La Fiscal\u00eda publica esta informaci\u00f3n por razones de inter\u00e9s general.<\/p>\n<p style=\"font-weight: 400;\">MAGA\/JARG<\/p>\n<p style=\"font-weight: 400;\"><strong>LE PUEDE INTERESAR<\/strong><\/p>\n<p style=\"font-weight: 400;\"><strong>\u00a0<\/strong><a href=\"https:\/\/www.fiscalia.gov.co\/colombia\/dano-al-medio-ambiente\/fiscalia-continua-ofensiva-contra-la-mineria-ilegal-en-cauca\/\" data-saferedirecturl=\"https:\/\/www.google.com\/url?q=https:\/\/www.fiscalia.gov.co\/colombia\/dano-al-medio-ambiente\/fiscalia-continua-ofensiva-contra-la-mineria-ilegal-en-cauca\/&amp;source=gmail&amp;ust=1604839489848000&amp;usg=AFQjCNHao4G7DOZh-ZBUQt5FJ-PulIQVKw\">Fiscal\u00eda contin\u00faa ofensiva contra la miner\u00eda ilegal en Cauca<\/a><\/p>\n<p style=\"font-weight: 400;\"><strong>\u00a0<\/strong><\/p>\n<p style=\"font-weight: 400;\">\n\n<div class=\"twitter-share\"><a href=\"https:\/\/twitter.com\/intent\/tweet?via=fiscaliacol\" class=\"twitter-share-button\">Tweet<\/a><\/div>\n","protected":false},"excerpt":{"rendered":"<p>La Fiscal\u00eda General de la Naci\u00f3n estableci\u00f3 que esta red habr\u00eda lavado m\u00e1s de 120 mil millones de pesos con la compra y venta de minerales extra\u00eddos il\u00edcitamente en Antioquia y Choc\u00f3. En una acci\u00f3n conjunta de la Fiscal\u00eda General de la Naci\u00f3n, a trav\u00e9s de la\u00a0Direcci\u00f3n Especializada contra el Lavado de Activos, y la [&hellip;]<\/p>\n","protected":false},"author":170,"featured_media":0,"comment_status":"closed","ping_status":"open","sticky":false,"template":"","format":"video","meta":{"_price":"","_stock":"","_tribe_ticket_header":"","_tribe_default_ticket_provider":"","_tribe_ticket_capacity":"0","_ticket_start_date":"","_ticket_end_date":"","_tribe_ticket_show_description":"","_tribe_ticket_show_not_going":false,"_tribe_ticket_use_global_stock":"","_tribe_ticket_global_stock_level":"","_global_stock_mode":"","_global_stock_cap":"","_tribe_rsvp_for_event":"","_tribe_ticket_going_count":"","_tribe_ticket_not_going_count":"","_tribe_tickets_list":"[]","_tribe_ticket_has_attendee_info_fields":false,"tdm_status":"","tdm_grid_status":"","footnotes":""},"categories":[24125],"tags":[24447,24185,24446,1365,14379,24445],"class_list":{"0":"post-206186","1":"post","2":"type-post","3":"status-publish","4":"format-video","6":"category-lavado-de-activos","7":"tag-comercio-ilegal","8":"tag-fiscal-barbosa","9":"tag-metales-preciosos","10":"tag-mineria-ilegal","11":"tag-oro","12":"tag-platino","13":"post_format-post-format-video"},"yoast_head":"<!-- This site is optimized with the Yoast SEO plugin v24.3 - https:\/\/yoast.com\/wordpress\/plugins\/seo\/ -->\n<title>Fiscal\u00eda General de la Naci\u00f3n<\/title>\n<meta name=\"description\" content=\"P\u00e1gina oficial de la Fiscal\u00eda General de la Naci\u00f3n \u2013 Colombia. Garantizamos el acceso efectivo a la justicia, la verdad y la reparaci\u00f3n de las v\u00edctimas de los delitos.\" \/>\n<meta name=\"robots\" content=\"noindex, follow\" \/>\n<meta property=\"og:locale\" content=\"es_ES\" \/>\n<meta property=\"og:type\" content=\"article\" \/>\n<meta property=\"og:title\" content=\"Fiscal\u00eda General de la Naci\u00f3n\" \/>\n<meta property=\"og:description\" content=\"P\u00e1gina oficial de la Fiscal\u00eda General de la Naci\u00f3n \u2013 Colombia. Garantizamos el acceso efectivo a la justicia, la verdad y la reparaci\u00f3n de las v\u00edctimas de los delitos.\" \/>\n<meta property=\"og:url\" content=\"https:\/\/www.fiscalia.gov.co\/colombia\/lavado-de-activos\/judicializados-los-bulldozer-senalados-de-comercializar-oro-y-otros-metales-preciosos-obtenidos-mediante-labores-de-mineria-ilegal\/\" \/>\n<meta property=\"og:site_name\" content=\"Fiscal\u00eda General de la Naci\u00f3n\" \/>\n<meta property=\"article:publisher\" content=\"https:\/\/www.facebook.com\/FiscaliaCol\" \/>\n<meta property=\"article:published_time\" content=\"2020-11-07T12:57:06+00:00\" \/>\n<meta property=\"article:modified_time\" content=\"2020-11-10T00:41:01+00:00\" \/>\n<meta name=\"author\" content=\"Maribel Ramos\" \/>\n<meta name=\"twitter:card\" content=\"summary_large_image\" \/>\n<meta name=\"twitter:creator\" content=\"@FiscaliaCol\" \/>\n<meta name=\"twitter:site\" content=\"@FiscaliaCol\" \/>\n<meta name=\"twitter:label1\" content=\"Escrito por\" \/>\n\t<meta name=\"twitter:data1\" content=\"Maribel Ramos\" \/>\n\t<meta name=\"twitter:label2\" content=\"Tiempo de lectura\" \/>\n\t<meta name=\"twitter:data2\" content=\"3 minutos\" \/>\n<script type=\"application\/ld+json\" class=\"yoast-schema-graph\">{\"@context\":\"https:\/\/schema.org\",\"@graph\":[{\"@type\":\"Article\",\"@id\":\"https:\/\/www.fiscalia.gov.co\/colombia\/lavado-de-activos\/judicializados-los-bulldozer-senalados-de-comercializar-oro-y-otros-metales-preciosos-obtenidos-mediante-labores-de-mineria-ilegal\/#article\",\"isPartOf\":{\"@id\":\"https:\/\/www.fiscalia.gov.co\/colombia\/lavado-de-activos\/judicializados-los-bulldozer-senalados-de-comercializar-oro-y-otros-metales-preciosos-obtenidos-mediante-labores-de-mineria-ilegal\/\"},\"author\":{\"name\":\"Maribel Ramos\",\"@id\":\"https:\/\/www.fiscalia.gov.co\/colombia\/#\/schema\/person\/0e5a79ec1e6cf3890e6bcbdb49589737\"},\"headline\":\"Judicializados \u2018Los Bulldozer\u2019, se\u00f1alados de comercializar oro y otros metales preciosos obtenidos mediante labores de miner\u00eda ilegal\",\"datePublished\":\"2020-11-07T12:57:06+00:00\",\"dateModified\":\"2020-11-10T00:41:01+00:00\",\"mainEntityOfPage\":{\"@id\":\"https:\/\/www.fiscalia.gov.co\/colombia\/lavado-de-activos\/judicializados-los-bulldozer-senalados-de-comercializar-oro-y-otros-metales-preciosos-obtenidos-mediante-labores-de-mineria-ilegal\/\"},\"wordCount\":602,\"publisher\":{\"@id\":\"https:\/\/www.fiscalia.gov.co\/colombia\/#organization\"},\"keywords\":[\"comercio ilegal\",\"Fiscal Barbosa\",\"metales preciosos\",\"Miner\u00eda ilegal\",\"Oro\",\"platino\"],\"articleSection\":[\"Lavado de activos\"],\"inLanguage\":\"es-CO\"},{\"@type\":\"WebPage\",\"@id\":\"https:\/\/www.fiscalia.gov.co\/colombia\/lavado-de-activos\/judicializados-los-bulldozer-senalados-de-comercializar-oro-y-otros-metales-preciosos-obtenidos-mediante-labores-de-mineria-ilegal\/\",\"url\":\"https:\/\/www.fiscalia.gov.co\/colombia\/lavado-de-activos\/judicializados-los-bulldozer-senalados-de-comercializar-oro-y-otros-metales-preciosos-obtenidos-mediante-labores-de-mineria-ilegal\/\",\"name\":\"Fiscal\u00eda General de la Naci\u00f3n\",\"isPartOf\":{\"@id\":\"https:\/\/www.fiscalia.gov.co\/colombia\/#website\"},\"datePublished\":\"2020-11-07T12:57:06+00:00\",\"dateModified\":\"2020-11-10T00:41:01+00:00\",\"description\":\"P\u00e1gina oficial de la Fiscal\u00eda General de la Naci\u00f3n \u2013 Colombia. Garantizamos el acceso efectivo a la justicia, la verdad y la reparaci\u00f3n de las v\u00edctimas de los delitos.\",\"breadcrumb\":{\"@id\":\"https:\/\/www.fiscalia.gov.co\/colombia\/lavado-de-activos\/judicializados-los-bulldozer-senalados-de-comercializar-oro-y-otros-metales-preciosos-obtenidos-mediante-labores-de-mineria-ilegal\/#breadcrumb\"},\"inLanguage\":\"es-CO\",\"potentialAction\":[{\"@type\":\"ReadAction\",\"target\":[\"https:\/\/www.fiscalia.gov.co\/colombia\/lavado-de-activos\/judicializados-los-bulldozer-senalados-de-comercializar-oro-y-otros-metales-preciosos-obtenidos-mediante-labores-de-mineria-ilegal\/\"]}]},{\"@type\":\"BreadcrumbList\",\"@id\":\"https:\/\/www.fiscalia.gov.co\/colombia\/lavado-de-activos\/judicializados-los-bulldozer-senalados-de-comercializar-oro-y-otros-metales-preciosos-obtenidos-mediante-labores-de-mineria-ilegal\/#breadcrumb\",\"itemListElement\":[{\"@type\":\"ListItem\",\"position\":1,\"name\":\"Home\",\"item\":\"https:\/\/www.fiscalia.gov.co\/colombia\/\"},{\"@type\":\"ListItem\",\"position\":2,\"name\":\"Judicializados \u2018Los Bulldozer\u2019, se\u00f1alados de comercializar oro y otros metales preciosos obtenidos mediante labores de miner\u00eda ilegal\"}]},{\"@type\":\"WebSite\",\"@id\":\"https:\/\/www.fiscalia.gov.co\/colombia\/#website\",\"url\":\"https:\/\/www.fiscalia.gov.co\/colombia\/\",\"name\":\"Fiscal\u00eda General de la Naci\u00f3n\",\"description\":\"P\u00e1gina oficial de la Fiscal\u00eda General de la Naci\u00f3n \u2013 Colombia. Garantizamos el acceso efectivo a la justicia, la verdad y la reparaci\u00f3n de las v\u00edctimas de los delitos.\",\"publisher\":{\"@id\":\"https:\/\/www.fiscalia.gov.co\/colombia\/#organization\"},\"potentialAction\":[{\"@type\":\"SearchAction\",\"target\":{\"@type\":\"EntryPoint\",\"urlTemplate\":\"https:\/\/www.fiscalia.gov.co\/colombia\/?s={search_term_string}\"},\"query-input\":{\"@type\":\"PropertyValueSpecification\",\"valueRequired\":true,\"valueName\":\"search_term_string\"}}],\"inLanguage\":\"es-CO\"},{\"@type\":\"Organization\",\"@id\":\"https:\/\/www.fiscalia.gov.co\/colombia\/#organization\",\"name\":\"Fiscal\u00eda General de la Naci\u00f3n\",\"url\":\"https:\/\/www.fiscalia.gov.co\/colombia\/\",\"logo\":{\"@type\":\"ImageObject\",\"inLanguage\":\"es-CO\",\"@id\":\"https:\/\/www.fiscalia.gov.co\/colombia\/#\/schema\/logo\/image\/\",\"url\":\"https:\/\/www.fiscalia.gov.co\/colombia\/wp-content\/uploads\/LogoHorizontal_1.jpg\",\"contentUrl\":\"https:\/\/www.fiscalia.gov.co\/colombia\/wp-content\/uploads\/LogoHorizontal_1.jpg\",\"width\":300,\"height\":90,\"caption\":\"Fiscal\u00eda General de la Naci\u00f3n\"},\"image\":{\"@id\":\"https:\/\/www.fiscalia.gov.co\/colombia\/#\/schema\/logo\/image\/\"},\"sameAs\":[\"https:\/\/www.facebook.com\/FiscaliaCol\",\"https:\/\/x.com\/FiscaliaCol\",\"https:\/\/www.instagram.com\/fiscaliacol\",\"https:\/\/www.linkedin.com\/company\/fiscalia-general-de-la-naci-n\/\",\"https:\/\/youtube.com\/@fiscaliageneraldelanacion-4668?si=6nN79nyQICPU5iTh\"]},{\"@type\":\"Person\",\"@id\":\"https:\/\/www.fiscalia.gov.co\/colombia\/#\/schema\/person\/0e5a79ec1e6cf3890e6bcbdb49589737\",\"name\":\"Maribel Ramos\",\"image\":{\"@type\":\"ImageObject\",\"inLanguage\":\"es-CO\",\"@id\":\"https:\/\/www.fiscalia.gov.co\/colombia\/#\/schema\/person\/image\/\",\"url\":\"https:\/\/secure.gravatar.com\/avatar\/6345ac0c55cd97b11426173ae0be5b23?s=96&d=mm&r=g\",\"contentUrl\":\"https:\/\/secure.gravatar.com\/avatar\/6345ac0c55cd97b11426173ae0be5b23?s=96&d=mm&r=g\",\"caption\":\"Maribel Ramos\"},\"url\":\"https:\/\/www.fiscalia.gov.co\/colombia\/author\/mramos\/\"}]}<\/script>\n<!-- \/ Yoast SEO plugin. -->","yoast_head_json":{"title":"Fiscal\u00eda General de la Naci\u00f3n","description":"P\u00e1gina oficial de la Fiscal\u00eda General de la Naci\u00f3n \u2013 Colombia. Garantizamos el acceso efectivo a la justicia, la verdad y la reparaci\u00f3n de las v\u00edctimas de los delitos.","robots":{"index":"noindex","follow":"follow"},"og_locale":"es_ES","og_type":"article","og_title":"Fiscal\u00eda General de la Naci\u00f3n","og_description":"P\u00e1gina oficial de la Fiscal\u00eda General de la Naci\u00f3n \u2013 Colombia. Garantizamos el acceso efectivo a la justicia, la verdad y la reparaci\u00f3n de las v\u00edctimas de los delitos.","og_url":"https:\/\/www.fiscalia.gov.co\/colombia\/lavado-de-activos\/judicializados-los-bulldozer-senalados-de-comercializar-oro-y-otros-metales-preciosos-obtenidos-mediante-labores-de-mineria-ilegal\/","og_site_name":"Fiscal\u00eda General de la Naci\u00f3n","article_publisher":"https:\/\/www.facebook.com\/FiscaliaCol","article_published_time":"2020-11-07T12:57:06+00:00","article_modified_time":"2020-11-10T00:41:01+00:00","author":"Maribel Ramos","twitter_card":"summary_large_image","twitter_creator":"@FiscaliaCol","twitter_site":"@FiscaliaCol","twitter_misc":{"Escrito por":"Maribel Ramos","Tiempo de lectura":"3 minutos"},"schema":{"@context":"https:\/\/schema.org","@graph":[{"@type":"Article","@id":"https:\/\/www.fiscalia.gov.co\/colombia\/lavado-de-activos\/judicializados-los-bulldozer-senalados-de-comercializar-oro-y-otros-metales-preciosos-obtenidos-mediante-labores-de-mineria-ilegal\/#article","isPartOf":{"@id":"https:\/\/www.fiscalia.gov.co\/colombia\/lavado-de-activos\/judicializados-los-bulldozer-senalados-de-comercializar-oro-y-otros-metales-preciosos-obtenidos-mediante-labores-de-mineria-ilegal\/"},"author":{"name":"Maribel Ramos","@id":"https:\/\/www.fiscalia.gov.co\/colombia\/#\/schema\/person\/0e5a79ec1e6cf3890e6bcbdb49589737"},"headline":"Judicializados \u2018Los Bulldozer\u2019, se\u00f1alados de comercializar oro y otros metales preciosos obtenidos mediante labores de miner\u00eda ilegal","datePublished":"2020-11-07T12:57:06+00:00","dateModified":"2020-11-10T00:41:01+00:00","mainEntityOfPage":{"@id":"https:\/\/www.fiscalia.gov.co\/colombia\/lavado-de-activos\/judicializados-los-bulldozer-senalados-de-comercializar-oro-y-otros-metales-preciosos-obtenidos-mediante-labores-de-mineria-ilegal\/"},"wordCount":602,"publisher":{"@id":"https:\/\/www.fiscalia.gov.co\/colombia\/#organization"},"keywords":["comercio ilegal","Fiscal Barbosa","metales preciosos","Miner\u00eda ilegal","Oro","platino"],"articleSection":["Lavado de activos"],"inLanguage":"es-CO"},{"@type":"WebPage","@id":"https:\/\/www.fiscalia.gov.co\/colombia\/lavado-de-activos\/judicializados-los-bulldozer-senalados-de-comercializar-oro-y-otros-metales-preciosos-obtenidos-mediante-labores-de-mineria-ilegal\/","url":"https:\/\/www.fiscalia.gov.co\/colombia\/lavado-de-activos\/judicializados-los-bulldozer-senalados-de-comercializar-oro-y-otros-metales-preciosos-obtenidos-mediante-labores-de-mineria-ilegal\/","name":"Fiscal\u00eda General de la Naci\u00f3n","isPartOf":{"@id":"https:\/\/www.fiscalia.gov.co\/colombia\/#website"},"datePublished":"2020-11-07T12:57:06+00:00","dateModified":"2020-11-10T00:41:01+00:00","description":"P\u00e1gina oficial de la Fiscal\u00eda General de la Naci\u00f3n \u2013 Colombia. Garantizamos el acceso efectivo a la justicia, la verdad y la reparaci\u00f3n de las v\u00edctimas de los delitos.","breadcrumb":{"@id":"https:\/\/www.fiscalia.gov.co\/colombia\/lavado-de-activos\/judicializados-los-bulldozer-senalados-de-comercializar-oro-y-otros-metales-preciosos-obtenidos-mediante-labores-de-mineria-ilegal\/#breadcrumb"},"inLanguage":"es-CO","potentialAction":[{"@type":"ReadAction","target":["https:\/\/www.fiscalia.gov.co\/colombia\/lavado-de-activos\/judicializados-los-bulldozer-senalados-de-comercializar-oro-y-otros-metales-preciosos-obtenidos-mediante-labores-de-mineria-ilegal\/"]}]},{"@type":"BreadcrumbList","@id":"https:\/\/www.fiscalia.gov.co\/colombia\/lavado-de-activos\/judicializados-los-bulldozer-senalados-de-comercializar-oro-y-otros-metales-preciosos-obtenidos-mediante-labores-de-mineria-ilegal\/#breadcrumb","itemListElement":[{"@type":"ListItem","position":1,"name":"Home","item":"https:\/\/www.fiscalia.gov.co\/colombia\/"},{"@type":"ListItem","position":2,"name":"Judicializados \u2018Los Bulldozer\u2019, se\u00f1alados de comercializar oro y otros metales preciosos obtenidos mediante labores de miner\u00eda ilegal"}]},{"@type":"WebSite","@id":"https:\/\/www.fiscalia.gov.co\/colombia\/#website","url":"https:\/\/www.fiscalia.gov.co\/colombia\/","name":"Fiscal\u00eda General de la Naci\u00f3n","description":"P\u00e1gina oficial de la Fiscal\u00eda General de la Naci\u00f3n \u2013 Colombia. Garantizamos el acceso efectivo a la justicia, la verdad y la reparaci\u00f3n de las v\u00edctimas de los delitos.","publisher":{"@id":"https:\/\/www.fiscalia.gov.co\/colombia\/#organization"},"potentialAction":[{"@type":"SearchAction","target":{"@type":"EntryPoint","urlTemplate":"https:\/\/www.fiscalia.gov.co\/colombia\/?s={search_term_string}"},"query-input":{"@type":"PropertyValueSpecification","valueRequired":true,"valueName":"search_term_string"}}],"inLanguage":"es-CO"},{"@type":"Organization","@id":"https:\/\/www.fiscalia.gov.co\/colombia\/#organization","name":"Fiscal\u00eda General de la Naci\u00f3n","url":"https:\/\/www.fiscalia.gov.co\/colombia\/","logo":{"@type":"ImageObject","inLanguage":"es-CO","@id":"https:\/\/www.fiscalia.gov.co\/colombia\/#\/schema\/logo\/image\/","url":"https:\/\/www.fiscalia.gov.co\/colombia\/wp-content\/uploads\/LogoHorizontal_1.jpg","contentUrl":"https:\/\/www.fiscalia.gov.co\/colombia\/wp-content\/uploads\/LogoHorizontal_1.jpg","width":300,"height":90,"caption":"Fiscal\u00eda General de la Naci\u00f3n"},"image":{"@id":"https:\/\/www.fiscalia.gov.co\/colombia\/#\/schema\/logo\/image\/"},"sameAs":["https:\/\/www.facebook.com\/FiscaliaCol","https:\/\/x.com\/FiscaliaCol","https:\/\/www.instagram.com\/fiscaliacol","https:\/\/www.linkedin.com\/company\/fiscalia-general-de-la-naci-n\/","https:\/\/youtube.com\/@fiscaliageneraldelanacion-4668?si=6nN79nyQICPU5iTh"]},{"@type":"Person","@id":"https:\/\/www.fiscalia.gov.co\/colombia\/#\/schema\/person\/0e5a79ec1e6cf3890e6bcbdb49589737","name":"Maribel Ramos","image":{"@type":"ImageObject","inLanguage":"es-CO","@id":"https:\/\/www.fiscalia.gov.co\/colombia\/#\/schema\/person\/image\/","url":"https:\/\/secure.gravatar.com\/avatar\/6345ac0c55cd97b11426173ae0be5b23?s=96&d=mm&r=g","contentUrl":"https:\/\/secure.gravatar.com\/avatar\/6345ac0c55cd97b11426173ae0be5b23?s=96&d=mm&r=g","caption":"Maribel Ramos"},"url":"https:\/\/www.fiscalia.gov.co\/colombia\/author\/mramos\/"}]}},"_links":{"self":[{"href":"https:\/\/www.fiscalia.gov.co\/colombia\/wp-json\/wp\/v2\/posts\/206186","targetHints":{"allow":["GET"]}}],"collection":[{"href":"https:\/\/www.fiscalia.gov.co\/colombia\/wp-json\/wp\/v2\/posts"}],"about":[{"href":"https:\/\/www.fiscalia.gov.co\/colombia\/wp-json\/wp\/v2\/types\/post"}],"author":[{"embeddable":true,"href":"https:\/\/www.fiscalia.gov.co\/colombia\/wp-json\/wp\/v2\/users\/170"}],"replies":[{"embeddable":true,"href":"https:\/\/www.fiscalia.gov.co\/colombia\/wp-json\/wp\/v2\/comments?post=206186"}],"version-history":[{"count":2,"href":"https:\/\/www.fiscalia.gov.co\/colombia\/wp-json\/wp\/v2\/posts\/206186\/revisions"}],"predecessor-version":[{"id":206366,"href":"https:\/\/www.fiscalia.gov.co\/colombia\/wp-json\/wp\/v2\/posts\/206186\/revisions\/206366"}],"wp:attachment":[{"href":"https:\/\/www.fiscalia.gov.co\/colombia\/wp-json\/wp\/v2\/media?parent=206186"}],"wp:term":[{"taxonomy":"category","embeddable":true,"href":"https:\/\/www.fiscalia.gov.co\/colombia\/wp-json\/wp\/v2\/categories?post=206186"},{"taxonomy":"post_tag","embeddable":true,"href":"https:\/\/www.fiscalia.gov.co\/colombia\/wp-json\/wp\/v2\/tags?post=206186"}],"curies":[{"name":"wp","href":"https:\/\/api.w.org\/{rel}","templated":true}]}}