{"id":206182,"date":"2020-11-06T19:44:35","date_gmt":"2020-11-07T00:44:35","guid":{"rendered":"https:\/\/www.fiscalia.gov.co\/colombia\/?p=206182"},"modified":"2020-11-06T19:44:35","modified_gmt":"2020-11-07T00:44:35","slug":"impactada-estructura-delincuencial-denominada-frontera-del-norte-presunta-responsable-de-multiples-homicidios-en-el-norte-del-tolima","status":"publish","type":"post","link":"https:\/\/www.fiscalia.gov.co\/colombia\/seccionales\/seccional-ibague\/impactada-estructura-delincuencial-denominada-frontera-del-norte-presunta-responsable-de-multiples-homicidios-en-el-norte-del-tolima\/","title":{"rendered":"Impactada estructura delincuencial denominada \u2018Frontera del Norte\u2019 presunta responsable de m\u00faltiples homicidios en el norte del Tolima"},"content":{"rendered":"<h4 style=\"text-align: left\"><strong><i><span lang=\"ES\">El CTI de la Fiscal\u00eda General de la Naci\u00f3n en coordinaci\u00f3n con la Sij\u00edn del Departamento del Tolima de la Polic\u00eda Nacional capturaron tres personas, presuntamente responsables de los delitos de concierto para delinquir, homicidio, y porte ilegal de armas de fuego.<\/span><\/i><\/strong><\/h4>\n<p>&nbsp;<\/p>\n<figure id=\"attachment_206183\" aria-describedby=\"caption-attachment-206183\" style=\"width: 696px\" class=\"wp-caption alignnone\"><img loading=\"lazy\" decoding=\"async\" class=\"wp-image-206183 size-large\" src=\"https:\/\/www.fiscalia.gov.co\/colombia\/wp-content\/uploads\/bandafronteradelnorte-homicidiostolima-1024x768.jpeg\" alt=\"\" width=\"696\" height=\"522\" srcset=\"https:\/\/www.fiscalia.gov.co\/colombia\/wp-content\/uploads\/bandafronteradelnorte-homicidiostolima-1024x768.jpeg 1024w, https:\/\/www.fiscalia.gov.co\/colombia\/wp-content\/uploads\/bandafronteradelnorte-homicidiostolima-300x225.jpeg 300w, https:\/\/www.fiscalia.gov.co\/colombia\/wp-content\/uploads\/bandafronteradelnorte-homicidiostolima-768x576.jpeg 768w, https:\/\/www.fiscalia.gov.co\/colombia\/wp-content\/uploads\/bandafronteradelnorte-homicidiostolima-696x522.jpeg 696w, https:\/\/www.fiscalia.gov.co\/colombia\/wp-content\/uploads\/bandafronteradelnorte-homicidiostolima-1068x801.jpeg 1068w, https:\/\/www.fiscalia.gov.co\/colombia\/wp-content\/uploads\/bandafronteradelnorte-homicidiostolima-560x420.jpeg 560w, https:\/\/www.fiscalia.gov.co\/colombia\/wp-content\/uploads\/bandafronteradelnorte-homicidiostolima-80x60.jpeg 80w, https:\/\/www.fiscalia.gov.co\/colombia\/wp-content\/uploads\/bandafronteradelnorte-homicidiostolima-265x198.jpeg 265w, https:\/\/www.fiscalia.gov.co\/colombia\/wp-content\/uploads\/bandafronteradelnorte-homicidiostolima.jpeg 1280w\" sizes=\"auto, (max-width: 696px) 100vw, 696px\" \/><figcaption id=\"caption-attachment-206183\" class=\"wp-caption-text\">Los procesados fueron detenidos por el CTI y la Polic\u00eda del Departamento del Tolima en Mariquita la noche del 4 de noviembre por los delitos de concierto para delinquir con fines de homicidio, tr\u00e1fico de armas de fuego, homicidio agravado y tentativa de homicidio agravado<\/figcaption><\/figure>\n<p style=\"font-weight: 400\">En la lucha frontal contra el homicidio y todos los delitos que afectan la seguridad ciudadana, siguiendo los lineamientos del\u00a0<strong>Fiscal General de la Naci\u00f3n, Francisco Barbosa Delgado<\/strong>, la Brigada de Homicidios conformada por servidores del Cuerpo T\u00e9cnico de Investigaci\u00f3n (CTI) de la Seccional Tolima y de la Sij\u00edn de la Polic\u00eda Nacional capturaron a tres personas, por su presunta pertenencia a una organizaci\u00f3n delincuencial dedicada a la comisi\u00f3n de homicidios bajo la modalidad de sicariato.<\/p>\n<p style=\"font-weight: 400\">Se trata de la organizaci\u00f3n delincuencial denominada\u00a0<strong>\u2018Frontera del Norte\u2019<\/strong>\u00a0la cual, seg\u00fan las autoridades, ha cometido al menos una docena de\u00a0<strong><a href=\"https:\/\/www.fiscalia.gov.co\/colombia\/seccionales\/duro-golpe-al-crimen-organizado-fiscalia-judicializo-a-52-presuntos-integrantes-de-tres-bandas-delincuenciales-senaladas-de-perpetrar-multiples-homicidios-en-valle-del-cauca\/\" data-saferedirecturl=\"https:\/\/www.google.com\/url?q=https:\/\/www.fiscalia.gov.co\/colombia\/seccionales\/duro-golpe-al-crimen-organizado-fiscalia-judicializo-a-52-presuntos-integrantes-de-tres-bandas-delincuenciales-senaladas-de-perpetrar-multiples-homicidios-en-valle-del-cauca\/&amp;source=gmail&amp;ust=1604795633973000&amp;usg=AFQjCNE0w2ezfAXeC-JxZZDfY12365ujwg\">homicidios<\/a><\/strong>. Los implicados, junto a otras personas, ser\u00edan responsables de, al menos, 6 de dichos casos, adem\u00e1s de una tentativa de homicidio ocurrida en Mariquita y Honda (Tolima).<\/p>\n<p style=\"font-weight: 400\">Los procesados, seg\u00fan sus responsabilidades individuales, fueron imputados por delitos como concierto para delinquir agravado con fines de homicidio; homicidio agravado; tentativa de homicidio, y fabricaci\u00f3n, tr\u00e1fico y porte de armas de fuego.<\/p>\n<p style=\"font-weight: 400\">Una captura se realiz\u00f3 mediante diligencia de allanamiento y registro en el barrio Centro de San Sebasti\u00e1n de Mariquita. All\u00ed fue notificado Cristian David Osorio Mart\u00ednez, alias Pluto.<\/p>\n<p style=\"font-weight: 400\">Por su parte, Santiago Cruz Carvajal L\u00f3pez, alias Chivo; y Cristian Camilo T\u00e9llez Orjuela, alias Pinta, fueron capturados en el barrio Mujeres Solidarias de la misma localidad.<\/p>\n<p style=\"font-weight: 400\">Los casos reportados y por lo cuales se da la judicializaci\u00f3n ocurrieron entre junio y septiembre pasados, y se relacionar\u00edan con disputas de control territorial por el tr\u00e1fico de sustancias\u00a0<strong><a href=\"https:\/\/www.fiscalia.gov.co\/colombia\/hay-justicia\/condenados-a-mas-de-cuatro-anos-de-prision-nueve-integrantes-de-neptuno-organizacion-dedicada-al-trafico-de-estupefacientes\/\" data-saferedirecturl=\"https:\/\/www.google.com\/url?q=https:\/\/www.fiscalia.gov.co\/colombia\/hay-justicia\/condenados-a-mas-de-cuatro-anos-de-prision-nueve-integrantes-de-neptuno-organizacion-dedicada-al-trafico-de-estupefacientes\/&amp;source=gmail&amp;ust=1604795633973000&amp;usg=AFQjCNH6cuJ5tZqdY57BOa7DKNEG9XDKyA\">estupefacientes<\/a><\/strong>. As\u00ed se cree, se buscaba sacar del \u201cnegocio\u201d a quienes los implicados consideraban como desertores, esto debido a que decid\u00edan no trabajar m\u00e1s con ellos. Lo mismo suced\u00eda con quienes se atrevieran a \u2018contrabandear\u2019 marihuana de otros grupos y en las zonas que consideraban\u00a0suyas.<\/p>\n<p style=\"font-weight: 400\"><strong>Las v\u00edctimas son:\u00a0<\/strong><\/p>\n<p style=\"font-weight: 400\">Tentativa de homicidio de\u00a0<strong>Herman Hernando T\u00e9llez Vanegas<\/strong>, impactado en siete ocasiones con arma de fuego.\u00a0\u00a011 de septiembre del 2020 en el barrio Jard\u00edn.<\/p>\n<p style=\"font-weight: 400\">El doble homicidio de los hermanos\u00a0<strong>Brayan y Luis Miguel Guzm\u00e1n Tovar<\/strong>, ocurrido el 10 de julio en el barrio Canelos.<\/p>\n<p style=\"font-weight: 400\"><strong>Hemerson Steven Gallego Valencia<\/strong>, asesinado el 29 de junio en Honda.<\/p>\n<p style=\"font-weight: 400\"><strong>V\u00edctor Alfonso C\u00e1rdenas Mart\u00ednez, alias V\u00edctor o Musara\u00f1a<\/strong>, asesinado el 13 de junio en el barrio Honorio Moreno de Mariquita.<\/p>\n<p style=\"font-weight: 400\"><strong>Jhon Emiro Vanegas Arag\u00f3n<\/strong>\u00a0en el barrio Santa B\u00e1rbara de Honda, el 24 de junio.<\/p>\n<p style=\"font-weight: 400\"><strong>Andr\u00e9s Felipe Gativa<\/strong>, asesinado en el barrio \u00c1lamos de Mariquita el 4 de junio.<\/p>\n<p style=\"font-weight: 400\">Labores investigativas dan cuenta de que\u00a0<strong>los homicidios habr\u00edan sido ordenados desde las c\u00e1rceles La Dorada en Caldas y Picale\u00f1a en Ibagu\u00e9 (Tolima)<\/strong>.<\/p>\n<p style=\"font-weight: 400\">Por los hechos antes mencionados el\u00a0<strong><a href=\"https:\/\/www.fiscalia.gov.co\/colombia\/seccionales\/aseguradas-cuatro-personas-que-habrian-sido-capturadas-portando-armas-de-fuego-y-panfletos-alusivos-a-las-autodefensas-gaitanistas-de-colombia\/\" data-saferedirecturl=\"https:\/\/www.google.com\/url?q=https:\/\/www.fiscalia.gov.co\/colombia\/seccionales\/aseguradas-cuatro-personas-que-habrian-sido-capturadas-portando-armas-de-fuego-y-panfletos-alusivos-a-las-autodefensas-gaitanistas-de-colombia\/&amp;source=gmail&amp;ust=1604795633973000&amp;usg=AFQjCNHJ3tqolxucySipktuiabYfmgppeQ\">9 de octubre<\/a><\/strong>\u00a0pasado fueron judicializadas cuatro personas a quienes se les hall\u00f3 en su poder armas de fuego. Luego de los an\u00e1lisis t\u00e9cnicos y cient\u00edficos fue posible determinar que las balas que cegaron la vida de las v\u00edctimas se correspond\u00edan con las armas que estaban en poder de los implicados. Esto permiti\u00f3 determinar el concierto para delinquir.<\/p>\n<p style=\"font-weight: 400\">Ninguno de los detenidos acept\u00f3 los cargos enrostrados por el delegado fiscal adscrito al grupo de la Unidad de Vida, y fueron afectados con medida aseguramiento en centro carcelario y penitenciario.<\/p>\n<p style=\"font-weight: 400\">La Fiscal\u00eda hace p\u00fablica esta informaci\u00f3n por razones de inter\u00e9s general.<\/p>\n<p style=\"font-weight: 400\"><strong>PAAM\/MAGA<\/strong><\/p>\n\n<div class=\"twitter-share\"><a href=\"https:\/\/twitter.com\/intent\/tweet?via=fiscaliacol\" class=\"twitter-share-button\">Tweet<\/a><\/div>\n","protected":false},"excerpt":{"rendered":"<p>El CTI de la Fiscal\u00eda General de la Naci\u00f3n en coordinaci\u00f3n con la Sij\u00edn del Departamento del Tolima de la Polic\u00eda Nacional capturaron tres personas, presuntamente responsables de los delitos de concierto para delinquir, homicidio, y porte ilegal de armas de fuego. &nbsp; En la lucha frontal contra el homicidio y todos los delitos que [&hellip;]<\/p>\n","protected":false},"author":170,"featured_media":0,"comment_status":"closed","ping_status":"open","sticky":false,"template":"","format":"standard","meta":{"_price":"","_stock":"","_tribe_ticket_header":"","_tribe_default_ticket_provider":"","_tribe_ticket_capacity":"0","_ticket_start_date":"","_ticket_end_date":"","_tribe_ticket_show_description":"","_tribe_ticket_show_not_going":false,"_tribe_ticket_use_global_stock":"","_tribe_ticket_global_stock_level":"","_global_stock_mode":"","_global_stock_cap":"","_tribe_rsvp_for_event":"","_tribe_ticket_going_count":"","_tribe_ticket_not_going_count":"","_tribe_tickets_list":"[]","_tribe_ticket_has_attendee_info_fields":false,"tdm_status":"","tdm_grid_status":"","footnotes":""},"categories":[329,24099],"tags":[24278,45,24185,24187,1047,24182,24442,5187,23885,23838,24441,1264,24443,674,24444,24211,5448,23970],"class_list":{"0":"post-206182","1":"post","2":"type-post","3":"status-publish","4":"format-standard","6":"category-seccional-ibague","7":"category-seguridad-territorial","8":"tag-brigada-de-homicidios","9":"tag-cti","10":"tag-fiscal-barbosa","11":"tag-fiscalia-colombia","12":"tag-fiscalia-general-de-la-nacion","13":"tag-francisco-barbosa-delgado","14":"tag-frontera-del-norte","15":"tag-homicidios","16":"tag-honda","17":"tag-ibague","18":"tag-lucha-de-territorios","19":"tag-marihuana","20":"tag-mariquita","21":"tag-microtrafico","22":"tag-norte-de-tolima","23":"tag-seccional-tolima","24":"tag-sicariato","25":"tag-victimas"},"yoast_head":"<!-- This site is optimized with the Yoast SEO plugin v24.3 - https:\/\/yoast.com\/wordpress\/plugins\/seo\/ -->\n<title>Fiscal\u00eda General de la Naci\u00f3n<\/title>\n<meta name=\"description\" content=\"P\u00e1gina oficial de la Fiscal\u00eda General de la Naci\u00f3n \u2013 Colombia. Garantizamos el acceso efectivo a la justicia, la verdad y la reparaci\u00f3n de las v\u00edctimas de los delitos.\" \/>\n<meta name=\"robots\" content=\"noindex, follow\" \/>\n<meta property=\"og:locale\" content=\"es_ES\" \/>\n<meta property=\"og:type\" content=\"article\" \/>\n<meta property=\"og:title\" content=\"Fiscal\u00eda General de la Naci\u00f3n\" \/>\n<meta property=\"og:description\" content=\"P\u00e1gina oficial de la Fiscal\u00eda General de la Naci\u00f3n \u2013 Colombia. Garantizamos el acceso efectivo a la justicia, la verdad y la reparaci\u00f3n de las v\u00edctimas de los delitos.\" \/>\n<meta property=\"og:url\" content=\"https:\/\/www.fiscalia.gov.co\/colombia\/seccionales\/seccional-ibague\/impactada-estructura-delincuencial-denominada-frontera-del-norte-presunta-responsable-de-multiples-homicidios-en-el-norte-del-tolima\/\" \/>\n<meta property=\"og:site_name\" content=\"Fiscal\u00eda General de la Naci\u00f3n\" \/>\n<meta property=\"article:publisher\" content=\"https:\/\/www.facebook.com\/FiscaliaCol\" \/>\n<meta property=\"article:published_time\" content=\"2020-11-07T00:44:35+00:00\" \/>\n<meta property=\"og:image\" content=\"https:\/\/www.fiscalia.gov.co\/colombia\/wp-content\/uploads\/bandafronteradelnorte-homicidiostolima-1024x768.jpeg\" \/>\n<meta name=\"author\" content=\"Maribel Ramos\" \/>\n<meta name=\"twitter:card\" content=\"summary_large_image\" \/>\n<meta name=\"twitter:creator\" content=\"@FiscaliaCol\" \/>\n<meta name=\"twitter:site\" content=\"@FiscaliaCol\" \/>\n<meta name=\"twitter:label1\" content=\"Escrito por\" \/>\n\t<meta name=\"twitter:data1\" content=\"Maribel Ramos\" \/>\n\t<meta name=\"twitter:label2\" content=\"Tiempo de lectura\" \/>\n\t<meta name=\"twitter:data2\" content=\"3 minutos\" \/>\n<script type=\"application\/ld+json\" class=\"yoast-schema-graph\">{\"@context\":\"https:\/\/schema.org\",\"@graph\":[{\"@type\":\"Article\",\"@id\":\"https:\/\/www.fiscalia.gov.co\/colombia\/seccionales\/seccional-ibague\/impactada-estructura-delincuencial-denominada-frontera-del-norte-presunta-responsable-de-multiples-homicidios-en-el-norte-del-tolima\/#article\",\"isPartOf\":{\"@id\":\"https:\/\/www.fiscalia.gov.co\/colombia\/seccionales\/seccional-ibague\/impactada-estructura-delincuencial-denominada-frontera-del-norte-presunta-responsable-de-multiples-homicidios-en-el-norte-del-tolima\/\"},\"author\":{\"name\":\"Maribel Ramos\",\"@id\":\"https:\/\/www.fiscalia.gov.co\/colombia\/#\/schema\/person\/0e5a79ec1e6cf3890e6bcbdb49589737\"},\"headline\":\"Impactada estructura delincuencial denominada \u2018Frontera del Norte\u2019 presunta responsable de m\u00faltiples homicidios en el norte del Tolima\",\"datePublished\":\"2020-11-07T00:44:35+00:00\",\"dateModified\":\"2020-11-07T00:44:35+00:00\",\"mainEntityOfPage\":{\"@id\":\"https:\/\/www.fiscalia.gov.co\/colombia\/seccionales\/seccional-ibague\/impactada-estructura-delincuencial-denominada-frontera-del-norte-presunta-responsable-de-multiples-homicidios-en-el-norte-del-tolima\/\"},\"wordCount\":688,\"publisher\":{\"@id\":\"https:\/\/www.fiscalia.gov.co\/colombia\/#organization\"},\"image\":{\"@id\":\"https:\/\/www.fiscalia.gov.co\/colombia\/seccionales\/seccional-ibague\/impactada-estructura-delincuencial-denominada-frontera-del-norte-presunta-responsable-de-multiples-homicidios-en-el-norte-del-tolima\/#primaryimage\"},\"thumbnailUrl\":\"https:\/\/www.fiscalia.gov.co\/colombia\/wp-content\/uploads\/bandafronteradelnorte-homicidiostolima-1024x768.jpeg\",\"keywords\":[\"Brigada de Homicidios.\",\"CTI\",\"Fiscal Barbosa\",\"Fiscal\u00eda Colombia\",\"Fiscal\u00eda General de la Naci\u00f3n\",\"Francisco Barbosa Delgado\",\"Frontera del Norte\",\"Homicidios\",\"Honda\",\"Ibagu\u00e9\",\"lucha de territorios\",\"Marihuana\",\"Mariquita\",\"Microtr\u00e1fico\",\"norte de Tolima\",\"Seccional Tolima\",\"Sicariato\",\"V\u00edctimas\"],\"articleSection\":[\"Seccional Ibagu\u00e9\",\"Seguridad territorial\"],\"inLanguage\":\"es-CO\"},{\"@type\":\"WebPage\",\"@id\":\"https:\/\/www.fiscalia.gov.co\/colombia\/seccionales\/seccional-ibague\/impactada-estructura-delincuencial-denominada-frontera-del-norte-presunta-responsable-de-multiples-homicidios-en-el-norte-del-tolima\/\",\"url\":\"https:\/\/www.fiscalia.gov.co\/colombia\/seccionales\/seccional-ibague\/impactada-estructura-delincuencial-denominada-frontera-del-norte-presunta-responsable-de-multiples-homicidios-en-el-norte-del-tolima\/\",\"name\":\"Fiscal\u00eda General de la Naci\u00f3n\",\"isPartOf\":{\"@id\":\"https:\/\/www.fiscalia.gov.co\/colombia\/#website\"},\"primaryImageOfPage\":{\"@id\":\"https:\/\/www.fiscalia.gov.co\/colombia\/seccionales\/seccional-ibague\/impactada-estructura-delincuencial-denominada-frontera-del-norte-presunta-responsable-de-multiples-homicidios-en-el-norte-del-tolima\/#primaryimage\"},\"image\":{\"@id\":\"https:\/\/www.fiscalia.gov.co\/colombia\/seccionales\/seccional-ibague\/impactada-estructura-delincuencial-denominada-frontera-del-norte-presunta-responsable-de-multiples-homicidios-en-el-norte-del-tolima\/#primaryimage\"},\"thumbnailUrl\":\"https:\/\/www.fiscalia.gov.co\/colombia\/wp-content\/uploads\/bandafronteradelnorte-homicidiostolima-1024x768.jpeg\",\"datePublished\":\"2020-11-07T00:44:35+00:00\",\"dateModified\":\"2020-11-07T00:44:35+00:00\",\"description\":\"P\u00e1gina oficial de la Fiscal\u00eda General de la Naci\u00f3n \u2013 Colombia. Garantizamos el acceso efectivo a la justicia, la verdad y la reparaci\u00f3n de las v\u00edctimas de los delitos.\",\"breadcrumb\":{\"@id\":\"https:\/\/www.fiscalia.gov.co\/colombia\/seccionales\/seccional-ibague\/impactada-estructura-delincuencial-denominada-frontera-del-norte-presunta-responsable-de-multiples-homicidios-en-el-norte-del-tolima\/#breadcrumb\"},\"inLanguage\":\"es-CO\",\"potentialAction\":[{\"@type\":\"ReadAction\",\"target\":[\"https:\/\/www.fiscalia.gov.co\/colombia\/seccionales\/seccional-ibague\/impactada-estructura-delincuencial-denominada-frontera-del-norte-presunta-responsable-de-multiples-homicidios-en-el-norte-del-tolima\/\"]}]},{\"@type\":\"ImageObject\",\"inLanguage\":\"es-CO\",\"@id\":\"https:\/\/www.fiscalia.gov.co\/colombia\/seccionales\/seccional-ibague\/impactada-estructura-delincuencial-denominada-frontera-del-norte-presunta-responsable-de-multiples-homicidios-en-el-norte-del-tolima\/#primaryimage\",\"url\":\"https:\/\/www.fiscalia.gov.co\/colombia\/wp-content\/uploads\/bandafronteradelnorte-homicidiostolima-1024x768.jpeg\",\"contentUrl\":\"https:\/\/www.fiscalia.gov.co\/colombia\/wp-content\/uploads\/bandafronteradelnorte-homicidiostolima-1024x768.jpeg\"},{\"@type\":\"BreadcrumbList\",\"@id\":\"https:\/\/www.fiscalia.gov.co\/colombia\/seccionales\/seccional-ibague\/impactada-estructura-delincuencial-denominada-frontera-del-norte-presunta-responsable-de-multiples-homicidios-en-el-norte-del-tolima\/#breadcrumb\",\"itemListElement\":[{\"@type\":\"ListItem\",\"position\":1,\"name\":\"Home\",\"item\":\"https:\/\/www.fiscalia.gov.co\/colombia\/\"},{\"@type\":\"ListItem\",\"position\":2,\"name\":\"Impactada estructura delincuencial denominada \u2018Frontera del Norte\u2019 presunta responsable de m\u00faltiples homicidios en el norte del Tolima\"}]},{\"@type\":\"WebSite\",\"@id\":\"https:\/\/www.fiscalia.gov.co\/colombia\/#website\",\"url\":\"https:\/\/www.fiscalia.gov.co\/colombia\/\",\"name\":\"Fiscal\u00eda General de la Naci\u00f3n\",\"description\":\"P\u00e1gina oficial de la Fiscal\u00eda General de la Naci\u00f3n \u2013 Colombia. Garantizamos el acceso efectivo a la justicia, la verdad y la reparaci\u00f3n de las v\u00edctimas de los delitos.\",\"publisher\":{\"@id\":\"https:\/\/www.fiscalia.gov.co\/colombia\/#organization\"},\"potentialAction\":[{\"@type\":\"SearchAction\",\"target\":{\"@type\":\"EntryPoint\",\"urlTemplate\":\"https:\/\/www.fiscalia.gov.co\/colombia\/?s={search_term_string}\"},\"query-input\":{\"@type\":\"PropertyValueSpecification\",\"valueRequired\":true,\"valueName\":\"search_term_string\"}}],\"inLanguage\":\"es-CO\"},{\"@type\":\"Organization\",\"@id\":\"https:\/\/www.fiscalia.gov.co\/colombia\/#organization\",\"name\":\"Fiscal\u00eda General de la Naci\u00f3n\",\"url\":\"https:\/\/www.fiscalia.gov.co\/colombia\/\",\"logo\":{\"@type\":\"ImageObject\",\"inLanguage\":\"es-CO\",\"@id\":\"https:\/\/www.fiscalia.gov.co\/colombia\/#\/schema\/logo\/image\/\",\"url\":\"https:\/\/www.fiscalia.gov.co\/colombia\/wp-content\/uploads\/LogoHorizontal_1.jpg\",\"contentUrl\":\"https:\/\/www.fiscalia.gov.co\/colombia\/wp-content\/uploads\/LogoHorizontal_1.jpg\",\"width\":300,\"height\":90,\"caption\":\"Fiscal\u00eda General de la Naci\u00f3n\"},\"image\":{\"@id\":\"https:\/\/www.fiscalia.gov.co\/colombia\/#\/schema\/logo\/image\/\"},\"sameAs\":[\"https:\/\/www.facebook.com\/FiscaliaCol\",\"https:\/\/x.com\/FiscaliaCol\",\"https:\/\/www.instagram.com\/fiscaliacol\",\"https:\/\/www.linkedin.com\/company\/fiscalia-general-de-la-naci-n\/\",\"https:\/\/youtube.com\/@fiscaliageneraldelanacion-4668?si=6nN79nyQICPU5iTh\"]},{\"@type\":\"Person\",\"@id\":\"https:\/\/www.fiscalia.gov.co\/colombia\/#\/schema\/person\/0e5a79ec1e6cf3890e6bcbdb49589737\",\"name\":\"Maribel Ramos\",\"image\":{\"@type\":\"ImageObject\",\"inLanguage\":\"es-CO\",\"@id\":\"https:\/\/www.fiscalia.gov.co\/colombia\/#\/schema\/person\/image\/\",\"url\":\"https:\/\/secure.gravatar.com\/avatar\/6345ac0c55cd97b11426173ae0be5b23?s=96&d=mm&r=g\",\"contentUrl\":\"https:\/\/secure.gravatar.com\/avatar\/6345ac0c55cd97b11426173ae0be5b23?s=96&d=mm&r=g\",\"caption\":\"Maribel Ramos\"},\"url\":\"https:\/\/www.fiscalia.gov.co\/colombia\/author\/mramos\/\"}]}<\/script>\n<!-- \/ Yoast SEO plugin. -->","yoast_head_json":{"title":"Fiscal\u00eda General de la Naci\u00f3n","description":"P\u00e1gina oficial de la Fiscal\u00eda General de la Naci\u00f3n \u2013 Colombia. Garantizamos el acceso efectivo a la justicia, la verdad y la reparaci\u00f3n de las v\u00edctimas de los delitos.","robots":{"index":"noindex","follow":"follow"},"og_locale":"es_ES","og_type":"article","og_title":"Fiscal\u00eda General de la Naci\u00f3n","og_description":"P\u00e1gina oficial de la Fiscal\u00eda General de la Naci\u00f3n \u2013 Colombia. Garantizamos el acceso efectivo a la justicia, la verdad y la reparaci\u00f3n de las v\u00edctimas de los delitos.","og_url":"https:\/\/www.fiscalia.gov.co\/colombia\/seccionales\/seccional-ibague\/impactada-estructura-delincuencial-denominada-frontera-del-norte-presunta-responsable-de-multiples-homicidios-en-el-norte-del-tolima\/","og_site_name":"Fiscal\u00eda General de la Naci\u00f3n","article_publisher":"https:\/\/www.facebook.com\/FiscaliaCol","article_published_time":"2020-11-07T00:44:35+00:00","og_image":[{"url":"https:\/\/www.fiscalia.gov.co\/colombia\/wp-content\/uploads\/bandafronteradelnorte-homicidiostolima-1024x768.jpeg","type":"","width":"","height":""}],"author":"Maribel Ramos","twitter_card":"summary_large_image","twitter_creator":"@FiscaliaCol","twitter_site":"@FiscaliaCol","twitter_misc":{"Escrito por":"Maribel Ramos","Tiempo de lectura":"3 minutos"},"schema":{"@context":"https:\/\/schema.org","@graph":[{"@type":"Article","@id":"https:\/\/www.fiscalia.gov.co\/colombia\/seccionales\/seccional-ibague\/impactada-estructura-delincuencial-denominada-frontera-del-norte-presunta-responsable-de-multiples-homicidios-en-el-norte-del-tolima\/#article","isPartOf":{"@id":"https:\/\/www.fiscalia.gov.co\/colombia\/seccionales\/seccional-ibague\/impactada-estructura-delincuencial-denominada-frontera-del-norte-presunta-responsable-de-multiples-homicidios-en-el-norte-del-tolima\/"},"author":{"name":"Maribel Ramos","@id":"https:\/\/www.fiscalia.gov.co\/colombia\/#\/schema\/person\/0e5a79ec1e6cf3890e6bcbdb49589737"},"headline":"Impactada estructura delincuencial denominada \u2018Frontera del Norte\u2019 presunta responsable de m\u00faltiples homicidios en el norte del Tolima","datePublished":"2020-11-07T00:44:35+00:00","dateModified":"2020-11-07T00:44:35+00:00","mainEntityOfPage":{"@id":"https:\/\/www.fiscalia.gov.co\/colombia\/seccionales\/seccional-ibague\/impactada-estructura-delincuencial-denominada-frontera-del-norte-presunta-responsable-de-multiples-homicidios-en-el-norte-del-tolima\/"},"wordCount":688,"publisher":{"@id":"https:\/\/www.fiscalia.gov.co\/colombia\/#organization"},"image":{"@id":"https:\/\/www.fiscalia.gov.co\/colombia\/seccionales\/seccional-ibague\/impactada-estructura-delincuencial-denominada-frontera-del-norte-presunta-responsable-de-multiples-homicidios-en-el-norte-del-tolima\/#primaryimage"},"thumbnailUrl":"https:\/\/www.fiscalia.gov.co\/colombia\/wp-content\/uploads\/bandafronteradelnorte-homicidiostolima-1024x768.jpeg","keywords":["Brigada de Homicidios.","CTI","Fiscal Barbosa","Fiscal\u00eda Colombia","Fiscal\u00eda General de la Naci\u00f3n","Francisco Barbosa Delgado","Frontera del Norte","Homicidios","Honda","Ibagu\u00e9","lucha de territorios","Marihuana","Mariquita","Microtr\u00e1fico","norte de Tolima","Seccional Tolima","Sicariato","V\u00edctimas"],"articleSection":["Seccional Ibagu\u00e9","Seguridad territorial"],"inLanguage":"es-CO"},{"@type":"WebPage","@id":"https:\/\/www.fiscalia.gov.co\/colombia\/seccionales\/seccional-ibague\/impactada-estructura-delincuencial-denominada-frontera-del-norte-presunta-responsable-de-multiples-homicidios-en-el-norte-del-tolima\/","url":"https:\/\/www.fiscalia.gov.co\/colombia\/seccionales\/seccional-ibague\/impactada-estructura-delincuencial-denominada-frontera-del-norte-presunta-responsable-de-multiples-homicidios-en-el-norte-del-tolima\/","name":"Fiscal\u00eda General de la Naci\u00f3n","isPartOf":{"@id":"https:\/\/www.fiscalia.gov.co\/colombia\/#website"},"primaryImageOfPage":{"@id":"https:\/\/www.fiscalia.gov.co\/colombia\/seccionales\/seccional-ibague\/impactada-estructura-delincuencial-denominada-frontera-del-norte-presunta-responsable-de-multiples-homicidios-en-el-norte-del-tolima\/#primaryimage"},"image":{"@id":"https:\/\/www.fiscalia.gov.co\/colombia\/seccionales\/seccional-ibague\/impactada-estructura-delincuencial-denominada-frontera-del-norte-presunta-responsable-de-multiples-homicidios-en-el-norte-del-tolima\/#primaryimage"},"thumbnailUrl":"https:\/\/www.fiscalia.gov.co\/colombia\/wp-content\/uploads\/bandafronteradelnorte-homicidiostolima-1024x768.jpeg","datePublished":"2020-11-07T00:44:35+00:00","dateModified":"2020-11-07T00:44:35+00:00","description":"P\u00e1gina oficial de la Fiscal\u00eda General de la Naci\u00f3n \u2013 Colombia. Garantizamos el acceso efectivo a la justicia, la verdad y la reparaci\u00f3n de las v\u00edctimas de los delitos.","breadcrumb":{"@id":"https:\/\/www.fiscalia.gov.co\/colombia\/seccionales\/seccional-ibague\/impactada-estructura-delincuencial-denominada-frontera-del-norte-presunta-responsable-de-multiples-homicidios-en-el-norte-del-tolima\/#breadcrumb"},"inLanguage":"es-CO","potentialAction":[{"@type":"ReadAction","target":["https:\/\/www.fiscalia.gov.co\/colombia\/seccionales\/seccional-ibague\/impactada-estructura-delincuencial-denominada-frontera-del-norte-presunta-responsable-de-multiples-homicidios-en-el-norte-del-tolima\/"]}]},{"@type":"ImageObject","inLanguage":"es-CO","@id":"https:\/\/www.fiscalia.gov.co\/colombia\/seccionales\/seccional-ibague\/impactada-estructura-delincuencial-denominada-frontera-del-norte-presunta-responsable-de-multiples-homicidios-en-el-norte-del-tolima\/#primaryimage","url":"https:\/\/www.fiscalia.gov.co\/colombia\/wp-content\/uploads\/bandafronteradelnorte-homicidiostolima-1024x768.jpeg","contentUrl":"https:\/\/www.fiscalia.gov.co\/colombia\/wp-content\/uploads\/bandafronteradelnorte-homicidiostolima-1024x768.jpeg"},{"@type":"BreadcrumbList","@id":"https:\/\/www.fiscalia.gov.co\/colombia\/seccionales\/seccional-ibague\/impactada-estructura-delincuencial-denominada-frontera-del-norte-presunta-responsable-de-multiples-homicidios-en-el-norte-del-tolima\/#breadcrumb","itemListElement":[{"@type":"ListItem","position":1,"name":"Home","item":"https:\/\/www.fiscalia.gov.co\/colombia\/"},{"@type":"ListItem","position":2,"name":"Impactada estructura delincuencial denominada \u2018Frontera del Norte\u2019 presunta responsable de m\u00faltiples homicidios en el norte del Tolima"}]},{"@type":"WebSite","@id":"https:\/\/www.fiscalia.gov.co\/colombia\/#website","url":"https:\/\/www.fiscalia.gov.co\/colombia\/","name":"Fiscal\u00eda General de la Naci\u00f3n","description":"P\u00e1gina oficial de la Fiscal\u00eda General de la Naci\u00f3n \u2013 Colombia. Garantizamos el acceso efectivo a la justicia, la verdad y la reparaci\u00f3n de las v\u00edctimas de los delitos.","publisher":{"@id":"https:\/\/www.fiscalia.gov.co\/colombia\/#organization"},"potentialAction":[{"@type":"SearchAction","target":{"@type":"EntryPoint","urlTemplate":"https:\/\/www.fiscalia.gov.co\/colombia\/?s={search_term_string}"},"query-input":{"@type":"PropertyValueSpecification","valueRequired":true,"valueName":"search_term_string"}}],"inLanguage":"es-CO"},{"@type":"Organization","@id":"https:\/\/www.fiscalia.gov.co\/colombia\/#organization","name":"Fiscal\u00eda General de la Naci\u00f3n","url":"https:\/\/www.fiscalia.gov.co\/colombia\/","logo":{"@type":"ImageObject","inLanguage":"es-CO","@id":"https:\/\/www.fiscalia.gov.co\/colombia\/#\/schema\/logo\/image\/","url":"https:\/\/www.fiscalia.gov.co\/colombia\/wp-content\/uploads\/LogoHorizontal_1.jpg","contentUrl":"https:\/\/www.fiscalia.gov.co\/colombia\/wp-content\/uploads\/LogoHorizontal_1.jpg","width":300,"height":90,"caption":"Fiscal\u00eda General de la Naci\u00f3n"},"image":{"@id":"https:\/\/www.fiscalia.gov.co\/colombia\/#\/schema\/logo\/image\/"},"sameAs":["https:\/\/www.facebook.com\/FiscaliaCol","https:\/\/x.com\/FiscaliaCol","https:\/\/www.instagram.com\/fiscaliacol","https:\/\/www.linkedin.com\/company\/fiscalia-general-de-la-naci-n\/","https:\/\/youtube.com\/@fiscaliageneraldelanacion-4668?si=6nN79nyQICPU5iTh"]},{"@type":"Person","@id":"https:\/\/www.fiscalia.gov.co\/colombia\/#\/schema\/person\/0e5a79ec1e6cf3890e6bcbdb49589737","name":"Maribel Ramos","image":{"@type":"ImageObject","inLanguage":"es-CO","@id":"https:\/\/www.fiscalia.gov.co\/colombia\/#\/schema\/person\/image\/","url":"https:\/\/secure.gravatar.com\/avatar\/6345ac0c55cd97b11426173ae0be5b23?s=96&d=mm&r=g","contentUrl":"https:\/\/secure.gravatar.com\/avatar\/6345ac0c55cd97b11426173ae0be5b23?s=96&d=mm&r=g","caption":"Maribel Ramos"},"url":"https:\/\/www.fiscalia.gov.co\/colombia\/author\/mramos\/"}]}},"_links":{"self":[{"href":"https:\/\/www.fiscalia.gov.co\/colombia\/wp-json\/wp\/v2\/posts\/206182","targetHints":{"allow":["GET"]}}],"collection":[{"href":"https:\/\/www.fiscalia.gov.co\/colombia\/wp-json\/wp\/v2\/posts"}],"about":[{"href":"https:\/\/www.fiscalia.gov.co\/colombia\/wp-json\/wp\/v2\/types\/post"}],"author":[{"embeddable":true,"href":"https:\/\/www.fiscalia.gov.co\/colombia\/wp-json\/wp\/v2\/users\/170"}],"replies":[{"embeddable":true,"href":"https:\/\/www.fiscalia.gov.co\/colombia\/wp-json\/wp\/v2\/comments?post=206182"}],"version-history":[{"count":1,"href":"https:\/\/www.fiscalia.gov.co\/colombia\/wp-json\/wp\/v2\/posts\/206182\/revisions"}],"predecessor-version":[{"id":206185,"href":"https:\/\/www.fiscalia.gov.co\/colombia\/wp-json\/wp\/v2\/posts\/206182\/revisions\/206185"}],"wp:attachment":[{"href":"https:\/\/www.fiscalia.gov.co\/colombia\/wp-json\/wp\/v2\/media?parent=206182"}],"wp:term":[{"taxonomy":"category","embeddable":true,"href":"https:\/\/www.fiscalia.gov.co\/colombia\/wp-json\/wp\/v2\/categories?post=206182"},{"taxonomy":"post_tag","embeddable":true,"href":"https:\/\/www.fiscalia.gov.co\/colombia\/wp-json\/wp\/v2\/tags?post=206182"}],"curies":[{"name":"wp","href":"https:\/\/api.w.org\/{rel}","templated":true}]}}