{"id":206177,"date":"2020-11-06T18:26:47","date_gmt":"2020-11-06T23:26:47","guid":{"rendered":"https:\/\/www.fiscalia.gov.co\/colombia\/?p=206177"},"modified":"2020-11-06T18:30:30","modified_gmt":"2020-11-06T23:30:30","slug":"fiscalia-desarticulo-banda-los-magnificos-dedicada-al-hurto-de-vehiculos-en-cali","status":"publish","type":"post","link":"https:\/\/www.fiscalia.gov.co\/colombia\/seccionales\/seccional-buga\/fiscalia-desarticulo-banda-los-magnificos-dedicada-al-hurto-de-vehiculos-en-cali\/","title":{"rendered":"Fiscal\u00eda desarticul\u00f3 banda Los Magn\u00edficos, dedicada al hurto de veh\u00edculos en Cali"},"content":{"rendered":"<p>&nbsp;<\/p>\n<figure id=\"attachment_206179\" aria-describedby=\"caption-attachment-206179\" style=\"width: 696px\" class=\"wp-caption alignnone\"><img loading=\"lazy\" decoding=\"async\" class=\"wp-image-206179 size-large\" src=\"https:\/\/www.fiscalia.gov.co\/colombia\/wp-content\/uploads\/Foto-de-los-5-presuntoz-integrantes-de-la-banda-Los-Magnificos-1024x768.jpeg\" alt=\"\" width=\"696\" height=\"522\" srcset=\"https:\/\/www.fiscalia.gov.co\/colombia\/wp-content\/uploads\/Foto-de-los-5-presuntoz-integrantes-de-la-banda-Los-Magnificos-1024x768.jpeg 1024w, https:\/\/www.fiscalia.gov.co\/colombia\/wp-content\/uploads\/Foto-de-los-5-presuntoz-integrantes-de-la-banda-Los-Magnificos-300x225.jpeg 300w, https:\/\/www.fiscalia.gov.co\/colombia\/wp-content\/uploads\/Foto-de-los-5-presuntoz-integrantes-de-la-banda-Los-Magnificos-768x576.jpeg 768w, https:\/\/www.fiscalia.gov.co\/colombia\/wp-content\/uploads\/Foto-de-los-5-presuntoz-integrantes-de-la-banda-Los-Magnificos-696x522.jpeg 696w, https:\/\/www.fiscalia.gov.co\/colombia\/wp-content\/uploads\/Foto-de-los-5-presuntoz-integrantes-de-la-banda-Los-Magnificos-1068x801.jpeg 1068w, https:\/\/www.fiscalia.gov.co\/colombia\/wp-content\/uploads\/Foto-de-los-5-presuntoz-integrantes-de-la-banda-Los-Magnificos-560x420.jpeg 560w, https:\/\/www.fiscalia.gov.co\/colombia\/wp-content\/uploads\/Foto-de-los-5-presuntoz-integrantes-de-la-banda-Los-Magnificos-80x60.jpeg 80w, https:\/\/www.fiscalia.gov.co\/colombia\/wp-content\/uploads\/Foto-de-los-5-presuntoz-integrantes-de-la-banda-Los-Magnificos-265x198.jpeg 265w, https:\/\/www.fiscalia.gov.co\/colombia\/wp-content\/uploads\/Foto-de-los-5-presuntoz-integrantes-de-la-banda-Los-Magnificos.jpeg 1280w\" sizes=\"auto, (max-width: 696px) 100vw, 696px\" \/><figcaption id=\"caption-attachment-206179\" class=\"wp-caption-text\">Presuntos integrantes de la banda delincuencial Los Magn\u00edficos, dedicada al hurto de veh\u00edculos en Cali<\/figcaption><\/figure>\n<p style=\"font-weight: 400\">Al aceptar los argumentos s\u00f3lidos de la Fiscal\u00eda durante las audiencias concentradas, el juez cuarto penal de control de garant\u00edas envi\u00f3 a la c\u00e1rcel a 5 presuntos integrantes de la banda Los Magn\u00edficos, dedicada al\u00a0<a href=\"https:\/\/www.fiscalia.gov.co\/colombia\/seccionales\/asegurados-presuntos-integrantes-de-una-banda-delincuencial-dedicada-al-hurto-de-vehiculos-en-municipios-de-narino\/\" data-saferedirecturl=\"https:\/\/www.google.com\/url?q=https:\/\/www.fiscalia.gov.co\/colombia\/seccionales\/asegurados-presuntos-integrantes-de-una-banda-delincuencial-dedicada-al-hurto-de-vehiculos-en-municipios-de-narino\/&amp;source=gmail&amp;ust=1604790840379000&amp;usg=AFQjCNETKtCy1AlAzv2HsPzov8PwO4ZOig\">hurto de veh\u00edculos<\/a>, receptaci\u00f3n y\u00a0<a href=\"https:\/\/www.fiscalia.gov.co\/colombia\/seccionales\/judicializados-presuntos-integrantes-de-los-ketos-por-hurtos-y-extorsiones-en-popayan-cauca\/\" data-saferedirecturl=\"https:\/\/www.google.com\/url?q=https:\/\/www.fiscalia.gov.co\/colombia\/seccionales\/judicializados-presuntos-integrantes-de-los-ketos-por-hurtos-y-extorsiones-en-popayan-cauca\/&amp;source=gmail&amp;ust=1604790840379000&amp;usg=AFQjCNE2ZdT2ePJzbh_2C8wKdQYe9Ro1sA\">extorsi\u00f3n<\/a>\u00a0para la devoluci\u00f3n de los veh\u00edculos robados.<\/p>\n<p style=\"font-weight: 400\">Los cobijados con la medida judicial son Luis Eduardo Ram\u00edrez Moreno, Juan Gabriel Jaramillo Jaramillo, Gabriel Jaramillo Escobar, Alex\u00e1nder Dom\u00ednguez Cer\u00f3n y Deiby Yampier Cifuentes, a quienes la Fiscal\u00eda les imput\u00f3 cargos por su presunta responsabilidad en los delitos de <strong>concierto para delinquir<\/strong>,\u00a0<strong>hurto calificado y agravado<\/strong>\u00a0y\u00a0<strong>extorsi\u00f3n.<\/strong><\/p>\n<p style=\"font-weight: 400\">Servidores del Cuerpo T\u00e9cnico de Investigaci\u00f3n (CTI) y agentes de la Sij\u00edn de la Polic\u00eda Metropolitana de Cali capturaron mediante orden judicial a quienes de hac\u00edan llamar \u2018Los Magn\u00edficos\u2019, durante 8 operativos de registro y allanamiento en varios sectores de la capital del Valle y el municipio de Vijes.<\/p>\n<figure id=\"attachment_206178\" aria-describedby=\"caption-attachment-206178\" style=\"width: 696px\" class=\"wp-caption alignnone\"><img loading=\"lazy\" decoding=\"async\" class=\"wp-image-206178 size-large\" src=\"https:\/\/www.fiscalia.gov.co\/colombia\/wp-content\/uploads\/Captura-banda-LOs-magnificos-1024x768.jpeg\" alt=\"\" width=\"696\" height=\"522\" srcset=\"https:\/\/www.fiscalia.gov.co\/colombia\/wp-content\/uploads\/Captura-banda-LOs-magnificos-1024x768.jpeg 1024w, https:\/\/www.fiscalia.gov.co\/colombia\/wp-content\/uploads\/Captura-banda-LOs-magnificos-300x225.jpeg 300w, https:\/\/www.fiscalia.gov.co\/colombia\/wp-content\/uploads\/Captura-banda-LOs-magnificos-768x576.jpeg 768w, https:\/\/www.fiscalia.gov.co\/colombia\/wp-content\/uploads\/Captura-banda-LOs-magnificos-696x522.jpeg 696w, https:\/\/www.fiscalia.gov.co\/colombia\/wp-content\/uploads\/Captura-banda-LOs-magnificos-1068x801.jpeg 1068w, https:\/\/www.fiscalia.gov.co\/colombia\/wp-content\/uploads\/Captura-banda-LOs-magnificos-560x420.jpeg 560w, https:\/\/www.fiscalia.gov.co\/colombia\/wp-content\/uploads\/Captura-banda-LOs-magnificos-80x60.jpeg 80w, https:\/\/www.fiscalia.gov.co\/colombia\/wp-content\/uploads\/Captura-banda-LOs-magnificos-265x198.jpeg 265w, https:\/\/www.fiscalia.gov.co\/colombia\/wp-content\/uploads\/Captura-banda-LOs-magnificos.jpeg 1280w\" sizes=\"auto, (max-width: 696px) 100vw, 696px\" \/><figcaption id=\"caption-attachment-206178\" class=\"wp-caption-text\">La estructura delictiva operaba especialmente en el norte de Cali, comercializaba autopartes robadas o extorsionaba a las v\u00edctimas para devolverles sus veh\u00edculos.<\/figcaption><\/figure>\n<p style=\"font-weight: 400\"><strong>La denuncia \u00a0\u00a0<\/strong><\/p>\n<p style=\"font-weight: 400\">La investigaci\u00f3n contra la banda criminal Los Magn\u00edficos se inici\u00f3 en enero de 2020, cuando un ciudadano aport\u00f3 datos sobre la existencia de un grupo delincuencial que hurtaba veh\u00edculos en la modalidad de halado, afectando los corredores de las comunas\u00a02, 4, 5, 10 y 15 de la ciudad.<\/p>\n<p style=\"font-weight: 400\">Los veh\u00edculos eran llevados a lugares para su desguace y los miembros de la banda luego comercializaban las autopartes en diferentes puntos de la ciudad, teniendo como referencia el Centro.<\/p>\n<p style=\"font-weight: 400\">A ra\u00edz de esta informaci\u00f3n y de las verificaciones hechas mediante labores de vigilancia y seguimiento se logr\u00f3 identificar a los hoy procesados como posibles integrantes de la banda delincuencial, quienes al parecer se hac\u00edan pasar por transportadores o conductores de veh\u00edculos para acercarse a las v\u00edctimas e identificar quienes ten\u00edan carros de alta gama y as\u00ed perpetrar los hurtos, especialmente en sectores del norte de la capital vallecaucana.<\/p>\n<p style=\"font-weight: 400\">Posteriormente, otros miembros de la banda ubicaban garajes en municipios vecinos a esta capital, verificando que los automotores a hurtar, por encargo con caracter\u00edsticas de marcas espec\u00edficas, no tuvieran sistema de ubicaci\u00f3n GPS.<\/p>\n<p style=\"font-weight: 400\">Adem\u00e1s, se conoci\u00f3 que, si alguno de los carros hurtados no estaba en la lista de los encargos, la banda hac\u00eda exigencias de dinero a las v\u00edctimas para devolverles los automotores, entreg\u00e1ndolos en un lugar que esta dispon\u00eda para no levantar sospechas.<\/p>\n<p style=\"font-weight: 400\">Por parte, se evidenci\u00f3 que \u2018Los Magn\u00edficos\u2019 comercializaba las autopartes y repuestos entre clientes fijos, y el dinero recibido lo distribu\u00eda para el sostenimiento de la misma estructura y el mantenimiento de los veh\u00edculos utilizados para cometer los robos, as\u00ed como para el pago de parqueaderos a donde llevaban los carros robados.<\/p>\n<p style=\"font-weight: 400\">Durante los allanamientos fueron incautados 2 autom\u00f3viles de diferente marca.<\/p>\n<p style=\"font-weight: 400\">Estos resultados responden a la estrategia investigativa para contrarrestar los fen\u00f3menos delictivos que afectan la seguridad ciudadana, desarrollada bajo los lineamientos trazados por el Fiscal General de la Naci\u00f3n, Francisco Barbosa Delgado.<\/p>\n<p style=\"font-weight: 400\">La Fiscal\u00eda hace p\u00fablica esta informaci\u00f3n por razones de inter\u00e9s general.<\/p>\n<p style=\"font-weight: 400\">Le puede interesar: <strong>\u00a0<\/strong><a href=\"https:\/\/www.fiscalia.gov.co\/colombia\/seccionales\/judicializados-presuntos-integrantes-de-banda-delincuencial-dedicada-al-robo-de-vehiculos-en-bogota\/\" data-saferedirecturl=\"https:\/\/www.google.com\/url?q=https:\/\/www.fiscalia.gov.co\/colombia\/seccionales\/judicializados-presuntos-integrantes-de-banda-delincuencial-dedicada-al-robo-de-vehiculos-en-bogota\/&amp;source=gmail&amp;ust=1604790840379000&amp;usg=AFQjCNH2VQIl2gI3Pd9FlBdcxv2Oa24fJg\">Judicializados presuntos integrantes de banda delincuencial dedicada al robo de veh\u00edculos en Bogot\u00e1<\/a><\/p>\n<p style=\"font-weight: 400\">JGPV\/DLBM<\/p>\n<p style=\"font-weight: 400\">\n\n<div class=\"twitter-share\"><a href=\"https:\/\/twitter.com\/intent\/tweet?via=fiscaliacol\" class=\"twitter-share-button\">Tweet<\/a><\/div>\n","protected":false},"excerpt":{"rendered":"<p>&nbsp; Al aceptar los argumentos s\u00f3lidos de la Fiscal\u00eda durante las audiencias concentradas, el juez cuarto penal de control de garant\u00edas envi\u00f3 a la c\u00e1rcel a 5 presuntos integrantes de la banda Los Magn\u00edficos, dedicada al\u00a0hurto de veh\u00edculos, receptaci\u00f3n y\u00a0extorsi\u00f3n\u00a0para la devoluci\u00f3n de los veh\u00edculos robados. Los cobijados con la medida judicial son Luis Eduardo [&hellip;]<\/p>\n","protected":false},"author":170,"featured_media":0,"comment_status":"closed","ping_status":"open","sticky":false,"template":"","format":"standard","meta":{"tdm_status":"","tdm_grid_status":"","footnotes":""},"categories":[323,24099],"tags":[871,24187,1047,24440,2182,24342,11101],"class_list":{"0":"post-206177","1":"post","2":"type-post","3":"status-publish","4":"format-standard","6":"category-seccional-buga","7":"category-seguridad-territorial","8":"tag-extorion","9":"tag-fiscalia-colombia","10":"tag-fiscalia-general-de-la-nacion","11":"tag-halado","12":"tag-hurto-de-vehiculos","13":"tag-hurtos-en-cali","14":"tag-seguridad-ciudadana"},"yoast_head":"<!-- This site is optimized with the Yoast SEO plugin v24.3 - https:\/\/yoast.com\/wordpress\/plugins\/seo\/ -->\n<title>Fiscal\u00eda General de la Naci\u00f3n<\/title>\n<meta name=\"description\" content=\"P\u00e1gina oficial de la Fiscal\u00eda General de la Naci\u00f3n \u2013 Colombia. Garantizamos el acceso efectivo a la justicia, la verdad y la reparaci\u00f3n de las v\u00edctimas de los delitos.\" \/>\n<meta name=\"robots\" content=\"noindex, follow\" \/>\n<meta property=\"og:locale\" content=\"es_ES\" \/>\n<meta property=\"og:type\" content=\"article\" \/>\n<meta property=\"og:title\" content=\"Fiscal\u00eda General de la Naci\u00f3n\" \/>\n<meta property=\"og:description\" content=\"P\u00e1gina oficial de la Fiscal\u00eda General de la Naci\u00f3n \u2013 Colombia. Garantizamos el acceso efectivo a la justicia, la verdad y la reparaci\u00f3n de las v\u00edctimas de los delitos.\" \/>\n<meta property=\"og:url\" content=\"https:\/\/www.fiscalia.gov.co\/colombia\/seccionales\/seccional-buga\/fiscalia-desarticulo-banda-los-magnificos-dedicada-al-hurto-de-vehiculos-en-cali\/\" \/>\n<meta property=\"og:site_name\" content=\"Fiscal\u00eda General de la Naci\u00f3n\" \/>\n<meta property=\"article:publisher\" content=\"https:\/\/www.facebook.com\/FiscaliaCol\" \/>\n<meta property=\"article:published_time\" content=\"2020-11-06T23:26:47+00:00\" \/>\n<meta property=\"article:modified_time\" content=\"2020-11-06T23:30:30+00:00\" \/>\n<meta property=\"og:image\" content=\"https:\/\/www.fiscalia.gov.co\/colombia\/wp-content\/uploads\/Foto-de-los-5-presuntoz-integrantes-de-la-banda-Los-Magnificos-1024x768.jpeg\" \/>\n<meta name=\"author\" content=\"Maribel Ramos\" \/>\n<meta name=\"twitter:card\" content=\"summary_large_image\" \/>\n<meta name=\"twitter:creator\" content=\"@FiscaliaCol\" \/>\n<meta name=\"twitter:site\" content=\"@FiscaliaCol\" \/>\n<meta name=\"twitter:label1\" content=\"Escrito por\" \/>\n\t<meta name=\"twitter:data1\" content=\"Maribel Ramos\" \/>\n\t<meta name=\"twitter:label2\" content=\"Tiempo de lectura\" \/>\n\t<meta name=\"twitter:data2\" content=\"3 minutos\" \/>\n<script type=\"application\/ld+json\" class=\"yoast-schema-graph\">{\"@context\":\"https:\/\/schema.org\",\"@graph\":[{\"@type\":\"Article\",\"@id\":\"https:\/\/www.fiscalia.gov.co\/colombia\/seccionales\/seccional-buga\/fiscalia-desarticulo-banda-los-magnificos-dedicada-al-hurto-de-vehiculos-en-cali\/#article\",\"isPartOf\":{\"@id\":\"https:\/\/www.fiscalia.gov.co\/colombia\/seccionales\/seccional-buga\/fiscalia-desarticulo-banda-los-magnificos-dedicada-al-hurto-de-vehiculos-en-cali\/\"},\"author\":{\"name\":\"Maribel Ramos\",\"@id\":\"https:\/\/www.fiscalia.gov.co\/colombia\/#\/schema\/person\/0e5a79ec1e6cf3890e6bcbdb49589737\"},\"headline\":\"Fiscal\u00eda desarticul\u00f3 banda Los Magn\u00edficos, dedicada al hurto de veh\u00edculos en Cali\",\"datePublished\":\"2020-11-06T23:26:47+00:00\",\"dateModified\":\"2020-11-06T23:30:30+00:00\",\"mainEntityOfPage\":{\"@id\":\"https:\/\/www.fiscalia.gov.co\/colombia\/seccionales\/seccional-buga\/fiscalia-desarticulo-banda-los-magnificos-dedicada-al-hurto-de-vehiculos-en-cali\/\"},\"wordCount\":607,\"publisher\":{\"@id\":\"https:\/\/www.fiscalia.gov.co\/colombia\/#organization\"},\"image\":{\"@id\":\"https:\/\/www.fiscalia.gov.co\/colombia\/seccionales\/seccional-buga\/fiscalia-desarticulo-banda-los-magnificos-dedicada-al-hurto-de-vehiculos-en-cali\/#primaryimage\"},\"thumbnailUrl\":\"https:\/\/www.fiscalia.gov.co\/colombia\/wp-content\/uploads\/Foto-de-los-5-presuntoz-integrantes-de-la-banda-Los-Magnificos-1024x768.jpeg\",\"keywords\":[\"Extorsi\u00f3n\",\"Fiscal\u00eda Colombia\",\"Fiscal\u00eda General de la Naci\u00f3n\",\"halado\",\"Hurto de veh\u00edculos\",\"hurtos en Cali\",\"Seguridad ciudadana\"],\"articleSection\":[\"Seccional Buga\",\"Seguridad territorial\"],\"inLanguage\":\"es-CO\"},{\"@type\":\"WebPage\",\"@id\":\"https:\/\/www.fiscalia.gov.co\/colombia\/seccionales\/seccional-buga\/fiscalia-desarticulo-banda-los-magnificos-dedicada-al-hurto-de-vehiculos-en-cali\/\",\"url\":\"https:\/\/www.fiscalia.gov.co\/colombia\/seccionales\/seccional-buga\/fiscalia-desarticulo-banda-los-magnificos-dedicada-al-hurto-de-vehiculos-en-cali\/\",\"name\":\"Fiscal\u00eda General de la Naci\u00f3n\",\"isPartOf\":{\"@id\":\"https:\/\/www.fiscalia.gov.co\/colombia\/#website\"},\"primaryImageOfPage\":{\"@id\":\"https:\/\/www.fiscalia.gov.co\/colombia\/seccionales\/seccional-buga\/fiscalia-desarticulo-banda-los-magnificos-dedicada-al-hurto-de-vehiculos-en-cali\/#primaryimage\"},\"image\":{\"@id\":\"https:\/\/www.fiscalia.gov.co\/colombia\/seccionales\/seccional-buga\/fiscalia-desarticulo-banda-los-magnificos-dedicada-al-hurto-de-vehiculos-en-cali\/#primaryimage\"},\"thumbnailUrl\":\"https:\/\/www.fiscalia.gov.co\/colombia\/wp-content\/uploads\/Foto-de-los-5-presuntoz-integrantes-de-la-banda-Los-Magnificos-1024x768.jpeg\",\"datePublished\":\"2020-11-06T23:26:47+00:00\",\"dateModified\":\"2020-11-06T23:30:30+00:00\",\"description\":\"P\u00e1gina oficial de la Fiscal\u00eda General de la Naci\u00f3n \u2013 Colombia. Garantizamos el acceso efectivo a la justicia, la verdad y la reparaci\u00f3n de las v\u00edctimas de los delitos.\",\"breadcrumb\":{\"@id\":\"https:\/\/www.fiscalia.gov.co\/colombia\/seccionales\/seccional-buga\/fiscalia-desarticulo-banda-los-magnificos-dedicada-al-hurto-de-vehiculos-en-cali\/#breadcrumb\"},\"inLanguage\":\"es-CO\",\"potentialAction\":[{\"@type\":\"ReadAction\",\"target\":[\"https:\/\/www.fiscalia.gov.co\/colombia\/seccionales\/seccional-buga\/fiscalia-desarticulo-banda-los-magnificos-dedicada-al-hurto-de-vehiculos-en-cali\/\"]}]},{\"@type\":\"ImageObject\",\"inLanguage\":\"es-CO\",\"@id\":\"https:\/\/www.fiscalia.gov.co\/colombia\/seccionales\/seccional-buga\/fiscalia-desarticulo-banda-los-magnificos-dedicada-al-hurto-de-vehiculos-en-cali\/#primaryimage\",\"url\":\"https:\/\/www.fiscalia.gov.co\/colombia\/wp-content\/uploads\/Foto-de-los-5-presuntoz-integrantes-de-la-banda-Los-Magnificos-1024x768.jpeg\",\"contentUrl\":\"https:\/\/www.fiscalia.gov.co\/colombia\/wp-content\/uploads\/Foto-de-los-5-presuntoz-integrantes-de-la-banda-Los-Magnificos-1024x768.jpeg\"},{\"@type\":\"BreadcrumbList\",\"@id\":\"https:\/\/www.fiscalia.gov.co\/colombia\/seccionales\/seccional-buga\/fiscalia-desarticulo-banda-los-magnificos-dedicada-al-hurto-de-vehiculos-en-cali\/#breadcrumb\",\"itemListElement\":[{\"@type\":\"ListItem\",\"position\":1,\"name\":\"Home\",\"item\":\"https:\/\/www.fiscalia.gov.co\/colombia\/\"},{\"@type\":\"ListItem\",\"position\":2,\"name\":\"Fiscal\u00eda desarticul\u00f3 banda Los Magn\u00edficos, dedicada al hurto de veh\u00edculos en Cali\"}]},{\"@type\":\"WebSite\",\"@id\":\"https:\/\/www.fiscalia.gov.co\/colombia\/#website\",\"url\":\"https:\/\/www.fiscalia.gov.co\/colombia\/\",\"name\":\"Fiscal\u00eda General de la Naci\u00f3n\",\"description\":\"P\u00e1gina oficial de la Fiscal\u00eda General de la Naci\u00f3n \u2013 Colombia. Garantizamos el acceso efectivo a la justicia, la verdad y la reparaci\u00f3n de las v\u00edctimas de los delitos.\",\"publisher\":{\"@id\":\"https:\/\/www.fiscalia.gov.co\/colombia\/#organization\"},\"potentialAction\":[{\"@type\":\"SearchAction\",\"target\":{\"@type\":\"EntryPoint\",\"urlTemplate\":\"https:\/\/www.fiscalia.gov.co\/colombia\/?s={search_term_string}\"},\"query-input\":{\"@type\":\"PropertyValueSpecification\",\"valueRequired\":true,\"valueName\":\"search_term_string\"}}],\"inLanguage\":\"es-CO\"},{\"@type\":\"Organization\",\"@id\":\"https:\/\/www.fiscalia.gov.co\/colombia\/#organization\",\"name\":\"Fiscal\u00eda General de la Naci\u00f3n\",\"url\":\"https:\/\/www.fiscalia.gov.co\/colombia\/\",\"logo\":{\"@type\":\"ImageObject\",\"inLanguage\":\"es-CO\",\"@id\":\"https:\/\/www.fiscalia.gov.co\/colombia\/#\/schema\/logo\/image\/\",\"url\":\"https:\/\/www.fiscalia.gov.co\/colombia\/wp-content\/uploads\/LogoHorizontal_1.jpg\",\"contentUrl\":\"https:\/\/www.fiscalia.gov.co\/colombia\/wp-content\/uploads\/LogoHorizontal_1.jpg\",\"width\":300,\"height\":90,\"caption\":\"Fiscal\u00eda General de la Naci\u00f3n\"},\"image\":{\"@id\":\"https:\/\/www.fiscalia.gov.co\/colombia\/#\/schema\/logo\/image\/\"},\"sameAs\":[\"https:\/\/www.facebook.com\/FiscaliaCol\",\"https:\/\/x.com\/FiscaliaCol\",\"https:\/\/www.instagram.com\/fiscaliacol\",\"https:\/\/www.linkedin.com\/company\/fiscalia-general-de-la-naci-n\/\",\"https:\/\/youtube.com\/@fiscaliageneraldelanacion-4668?si=6nN79nyQICPU5iTh\"]},{\"@type\":\"Person\",\"@id\":\"https:\/\/www.fiscalia.gov.co\/colombia\/#\/schema\/person\/0e5a79ec1e6cf3890e6bcbdb49589737\",\"name\":\"Maribel Ramos\",\"image\":{\"@type\":\"ImageObject\",\"inLanguage\":\"es-CO\",\"@id\":\"https:\/\/www.fiscalia.gov.co\/colombia\/#\/schema\/person\/image\/\",\"url\":\"https:\/\/secure.gravatar.com\/avatar\/6345ac0c55cd97b11426173ae0be5b23?s=96&d=mm&r=g\",\"contentUrl\":\"https:\/\/secure.gravatar.com\/avatar\/6345ac0c55cd97b11426173ae0be5b23?s=96&d=mm&r=g\",\"caption\":\"Maribel Ramos\"},\"url\":\"https:\/\/www.fiscalia.gov.co\/colombia\/author\/mramos\/\"}]}<\/script>\n<!-- \/ Yoast SEO plugin. -->","yoast_head_json":{"title":"Fiscal\u00eda General de la Naci\u00f3n","description":"P\u00e1gina oficial de la Fiscal\u00eda General de la Naci\u00f3n \u2013 Colombia. Garantizamos el acceso efectivo a la justicia, la verdad y la reparaci\u00f3n de las v\u00edctimas de los delitos.","robots":{"index":"noindex","follow":"follow"},"og_locale":"es_ES","og_type":"article","og_title":"Fiscal\u00eda General de la Naci\u00f3n","og_description":"P\u00e1gina oficial de la Fiscal\u00eda General de la Naci\u00f3n \u2013 Colombia. Garantizamos el acceso efectivo a la justicia, la verdad y la reparaci\u00f3n de las v\u00edctimas de los delitos.","og_url":"https:\/\/www.fiscalia.gov.co\/colombia\/seccionales\/seccional-buga\/fiscalia-desarticulo-banda-los-magnificos-dedicada-al-hurto-de-vehiculos-en-cali\/","og_site_name":"Fiscal\u00eda General de la Naci\u00f3n","article_publisher":"https:\/\/www.facebook.com\/FiscaliaCol","article_published_time":"2020-11-06T23:26:47+00:00","article_modified_time":"2020-11-06T23:30:30+00:00","og_image":[{"url":"https:\/\/www.fiscalia.gov.co\/colombia\/wp-content\/uploads\/Foto-de-los-5-presuntoz-integrantes-de-la-banda-Los-Magnificos-1024x768.jpeg","type":"","width":"","height":""}],"author":"Maribel Ramos","twitter_card":"summary_large_image","twitter_creator":"@FiscaliaCol","twitter_site":"@FiscaliaCol","twitter_misc":{"Escrito por":"Maribel Ramos","Tiempo de lectura":"3 minutos"},"schema":{"@context":"https:\/\/schema.org","@graph":[{"@type":"Article","@id":"https:\/\/www.fiscalia.gov.co\/colombia\/seccionales\/seccional-buga\/fiscalia-desarticulo-banda-los-magnificos-dedicada-al-hurto-de-vehiculos-en-cali\/#article","isPartOf":{"@id":"https:\/\/www.fiscalia.gov.co\/colombia\/seccionales\/seccional-buga\/fiscalia-desarticulo-banda-los-magnificos-dedicada-al-hurto-de-vehiculos-en-cali\/"},"author":{"name":"Maribel Ramos","@id":"https:\/\/www.fiscalia.gov.co\/colombia\/#\/schema\/person\/0e5a79ec1e6cf3890e6bcbdb49589737"},"headline":"Fiscal\u00eda desarticul\u00f3 banda Los Magn\u00edficos, dedicada al hurto de veh\u00edculos en Cali","datePublished":"2020-11-06T23:26:47+00:00","dateModified":"2020-11-06T23:30:30+00:00","mainEntityOfPage":{"@id":"https:\/\/www.fiscalia.gov.co\/colombia\/seccionales\/seccional-buga\/fiscalia-desarticulo-banda-los-magnificos-dedicada-al-hurto-de-vehiculos-en-cali\/"},"wordCount":607,"publisher":{"@id":"https:\/\/www.fiscalia.gov.co\/colombia\/#organization"},"image":{"@id":"https:\/\/www.fiscalia.gov.co\/colombia\/seccionales\/seccional-buga\/fiscalia-desarticulo-banda-los-magnificos-dedicada-al-hurto-de-vehiculos-en-cali\/#primaryimage"},"thumbnailUrl":"https:\/\/www.fiscalia.gov.co\/colombia\/wp-content\/uploads\/Foto-de-los-5-presuntoz-integrantes-de-la-banda-Los-Magnificos-1024x768.jpeg","keywords":["Extorsi\u00f3n","Fiscal\u00eda Colombia","Fiscal\u00eda General de la Naci\u00f3n","halado","Hurto de veh\u00edculos","hurtos en Cali","Seguridad ciudadana"],"articleSection":["Seccional Buga","Seguridad territorial"],"inLanguage":"es-CO"},{"@type":"WebPage","@id":"https:\/\/www.fiscalia.gov.co\/colombia\/seccionales\/seccional-buga\/fiscalia-desarticulo-banda-los-magnificos-dedicada-al-hurto-de-vehiculos-en-cali\/","url":"https:\/\/www.fiscalia.gov.co\/colombia\/seccionales\/seccional-buga\/fiscalia-desarticulo-banda-los-magnificos-dedicada-al-hurto-de-vehiculos-en-cali\/","name":"Fiscal\u00eda General de la Naci\u00f3n","isPartOf":{"@id":"https:\/\/www.fiscalia.gov.co\/colombia\/#website"},"primaryImageOfPage":{"@id":"https:\/\/www.fiscalia.gov.co\/colombia\/seccionales\/seccional-buga\/fiscalia-desarticulo-banda-los-magnificos-dedicada-al-hurto-de-vehiculos-en-cali\/#primaryimage"},"image":{"@id":"https:\/\/www.fiscalia.gov.co\/colombia\/seccionales\/seccional-buga\/fiscalia-desarticulo-banda-los-magnificos-dedicada-al-hurto-de-vehiculos-en-cali\/#primaryimage"},"thumbnailUrl":"https:\/\/www.fiscalia.gov.co\/colombia\/wp-content\/uploads\/Foto-de-los-5-presuntoz-integrantes-de-la-banda-Los-Magnificos-1024x768.jpeg","datePublished":"2020-11-06T23:26:47+00:00","dateModified":"2020-11-06T23:30:30+00:00","description":"P\u00e1gina oficial de la Fiscal\u00eda General de la Naci\u00f3n \u2013 Colombia. Garantizamos el acceso efectivo a la justicia, la verdad y la reparaci\u00f3n de las v\u00edctimas de los delitos.","breadcrumb":{"@id":"https:\/\/www.fiscalia.gov.co\/colombia\/seccionales\/seccional-buga\/fiscalia-desarticulo-banda-los-magnificos-dedicada-al-hurto-de-vehiculos-en-cali\/#breadcrumb"},"inLanguage":"es-CO","potentialAction":[{"@type":"ReadAction","target":["https:\/\/www.fiscalia.gov.co\/colombia\/seccionales\/seccional-buga\/fiscalia-desarticulo-banda-los-magnificos-dedicada-al-hurto-de-vehiculos-en-cali\/"]}]},{"@type":"ImageObject","inLanguage":"es-CO","@id":"https:\/\/www.fiscalia.gov.co\/colombia\/seccionales\/seccional-buga\/fiscalia-desarticulo-banda-los-magnificos-dedicada-al-hurto-de-vehiculos-en-cali\/#primaryimage","url":"https:\/\/www.fiscalia.gov.co\/colombia\/wp-content\/uploads\/Foto-de-los-5-presuntoz-integrantes-de-la-banda-Los-Magnificos-1024x768.jpeg","contentUrl":"https:\/\/www.fiscalia.gov.co\/colombia\/wp-content\/uploads\/Foto-de-los-5-presuntoz-integrantes-de-la-banda-Los-Magnificos-1024x768.jpeg"},{"@type":"BreadcrumbList","@id":"https:\/\/www.fiscalia.gov.co\/colombia\/seccionales\/seccional-buga\/fiscalia-desarticulo-banda-los-magnificos-dedicada-al-hurto-de-vehiculos-en-cali\/#breadcrumb","itemListElement":[{"@type":"ListItem","position":1,"name":"Home","item":"https:\/\/www.fiscalia.gov.co\/colombia\/"},{"@type":"ListItem","position":2,"name":"Fiscal\u00eda desarticul\u00f3 banda Los Magn\u00edficos, dedicada al hurto de veh\u00edculos en Cali"}]},{"@type":"WebSite","@id":"https:\/\/www.fiscalia.gov.co\/colombia\/#website","url":"https:\/\/www.fiscalia.gov.co\/colombia\/","name":"Fiscal\u00eda General de la Naci\u00f3n","description":"P\u00e1gina oficial de la Fiscal\u00eda General de la Naci\u00f3n \u2013 Colombia. Garantizamos el acceso efectivo a la justicia, la verdad y la reparaci\u00f3n de las v\u00edctimas de los delitos.","publisher":{"@id":"https:\/\/www.fiscalia.gov.co\/colombia\/#organization"},"potentialAction":[{"@type":"SearchAction","target":{"@type":"EntryPoint","urlTemplate":"https:\/\/www.fiscalia.gov.co\/colombia\/?s={search_term_string}"},"query-input":{"@type":"PropertyValueSpecification","valueRequired":true,"valueName":"search_term_string"}}],"inLanguage":"es-CO"},{"@type":"Organization","@id":"https:\/\/www.fiscalia.gov.co\/colombia\/#organization","name":"Fiscal\u00eda General de la Naci\u00f3n","url":"https:\/\/www.fiscalia.gov.co\/colombia\/","logo":{"@type":"ImageObject","inLanguage":"es-CO","@id":"https:\/\/www.fiscalia.gov.co\/colombia\/#\/schema\/logo\/image\/","url":"https:\/\/www.fiscalia.gov.co\/colombia\/wp-content\/uploads\/LogoHorizontal_1.jpg","contentUrl":"https:\/\/www.fiscalia.gov.co\/colombia\/wp-content\/uploads\/LogoHorizontal_1.jpg","width":300,"height":90,"caption":"Fiscal\u00eda General de la Naci\u00f3n"},"image":{"@id":"https:\/\/www.fiscalia.gov.co\/colombia\/#\/schema\/logo\/image\/"},"sameAs":["https:\/\/www.facebook.com\/FiscaliaCol","https:\/\/x.com\/FiscaliaCol","https:\/\/www.instagram.com\/fiscaliacol","https:\/\/www.linkedin.com\/company\/fiscalia-general-de-la-naci-n\/","https:\/\/youtube.com\/@fiscaliageneraldelanacion-4668?si=6nN79nyQICPU5iTh"]},{"@type":"Person","@id":"https:\/\/www.fiscalia.gov.co\/colombia\/#\/schema\/person\/0e5a79ec1e6cf3890e6bcbdb49589737","name":"Maribel Ramos","image":{"@type":"ImageObject","inLanguage":"es-CO","@id":"https:\/\/www.fiscalia.gov.co\/colombia\/#\/schema\/person\/image\/","url":"https:\/\/secure.gravatar.com\/avatar\/6345ac0c55cd97b11426173ae0be5b23?s=96&d=mm&r=g","contentUrl":"https:\/\/secure.gravatar.com\/avatar\/6345ac0c55cd97b11426173ae0be5b23?s=96&d=mm&r=g","caption":"Maribel Ramos"},"url":"https:\/\/www.fiscalia.gov.co\/colombia\/author\/mramos\/"}]}},"_links":{"self":[{"href":"https:\/\/www.fiscalia.gov.co\/colombia\/wp-json\/wp\/v2\/posts\/206177","targetHints":{"allow":["GET"]}}],"collection":[{"href":"https:\/\/www.fiscalia.gov.co\/colombia\/wp-json\/wp\/v2\/posts"}],"about":[{"href":"https:\/\/www.fiscalia.gov.co\/colombia\/wp-json\/wp\/v2\/types\/post"}],"author":[{"embeddable":true,"href":"https:\/\/www.fiscalia.gov.co\/colombia\/wp-json\/wp\/v2\/users\/170"}],"replies":[{"embeddable":true,"href":"https:\/\/www.fiscalia.gov.co\/colombia\/wp-json\/wp\/v2\/comments?post=206177"}],"version-history":[{"count":2,"href":"https:\/\/www.fiscalia.gov.co\/colombia\/wp-json\/wp\/v2\/posts\/206177\/revisions"}],"predecessor-version":[{"id":206181,"href":"https:\/\/www.fiscalia.gov.co\/colombia\/wp-json\/wp\/v2\/posts\/206177\/revisions\/206181"}],"wp:attachment":[{"href":"https:\/\/www.fiscalia.gov.co\/colombia\/wp-json\/wp\/v2\/media?parent=206177"}],"wp:term":[{"taxonomy":"category","embeddable":true,"href":"https:\/\/www.fiscalia.gov.co\/colombia\/wp-json\/wp\/v2\/categories?post=206177"},{"taxonomy":"post_tag","embeddable":true,"href":"https:\/\/www.fiscalia.gov.co\/colombia\/wp-json\/wp\/v2\/tags?post=206177"}],"curies":[{"name":"wp","href":"https:\/\/api.w.org\/{rel}","templated":true}]}}