{"id":206115,"date":"2020-11-06T13:17:42","date_gmt":"2020-11-06T18:17:42","guid":{"rendered":"https:\/\/www.fiscalia.gov.co\/colombia\/?p=206115"},"modified":"2020-11-06T13:21:54","modified_gmt":"2020-11-06T18:21:54","slug":"fiscalia-pide-continuar-con-investigacion-por-muerte-de-juliana-giraldo-en-cauca-y-reafirma-su-competencia-en-el-caso","status":"publish","type":"post","link":"https:\/\/www.fiscalia.gov.co\/colombia\/derechos-humanos\/fiscalia-pide-continuar-con-investigacion-por-muerte-de-juliana-giraldo-en-cauca-y-reafirma-su-competencia-en-el-caso\/","title":{"rendered":"Fiscal\u00eda pide continuar con investigaci\u00f3n por muerte de Juliana Giraldo en cauca y reafirma su competencia en el caso"},"content":{"rendered":"<h4><strong><em>Durante audiencia de imputaci\u00f3n, la defensa de la persona indiciada plante\u00f3 conflicto de competencia y solicit\u00f3 que el proceso fuera trasladado a la Justicia Penal Militar. Consejo Superior de la Judicatura decidir\u00e1 al respecto.<\/em><\/strong><\/h4>\n<p>Ante el Juzgado Segundo Promiscuo de Miranda (Cauca), de acuerdo con la programaci\u00f3n definida, la Fiscal\u00eda General de la Naci\u00f3n se present\u00f3 para imputar el delito de homicidio en persona protegida a un integrante del Ej\u00e9rcito Nacional, quien ser\u00eda el responsable de la muerte de Juliana Giraldo D\u00edaz, ocurrida el pasado 24 de septiembre.<\/p>\n<p>Durante la diligencia el abogado de la defensa plante\u00f3 conflicto de competencia y pidi\u00f3 que el caso fuera trasladado a la Justicia Penal Militar.<\/p>\n<p>Al respecto, la Fiscal\u00eda argument\u00f3 que debe seguir con la investigaci\u00f3n para otorgar todas las garant\u00edas judiciales a la v\u00edctima y sus familiares. Precis\u00f3 que los indicios dan cuenta de que el uniformado involucrado en los hechos actu\u00f3 a mutuo propio y no en un acto del servicio. Adicionalmente, con su proceder habr\u00eda desatendido los lineamientos definidos por el Ej\u00e9rcito Nacional para reaccionar en un puesto de control.<\/p>\n<p>La Fiscal\u00eda tambi\u00e9n manifest\u00f3 que Juliana Giraldo D\u00edaz era una mujer transg\u00e9nero integrante de la poblaci\u00f3n civil, por lo tanto estaba protegida internacionalmente. Esto indicar\u00eda que con su muerte fueron vulnerados los principios de distinci\u00f3n y precauci\u00f3n que contempla el Derecho Internacional Humanitario.<\/p>\n<p>Debido a la situaci\u00f3n presentada en la audiencia, la imputaci\u00f3n no se realiz\u00f3 y la juez dio traslado a la Sala Disciplinaria del Consejo Superior de la Judicatura para que decida ante el conflicto de competencia planteado. Ante esta instancia la Fiscal\u00eda reiterar\u00e1 los argumentos para mantener el caso en la jurisdicci\u00f3n ordinaria.<\/p>\n<p>La Fiscal\u00eda General de la Naci\u00f3n hace p\u00fablica esta informaci\u00f3n por razones de inter\u00e9s general.<\/p>\n<p>JRG\/LAM<\/p>\n<p>&nbsp;<\/p>\n\n<div class=\"twitter-share\"><a href=\"https:\/\/twitter.com\/intent\/tweet?via=fiscaliacol\" class=\"twitter-share-button\">Tweet<\/a><\/div>\n","protected":false},"excerpt":{"rendered":"<p>Durante audiencia de imputaci\u00f3n, la defensa de la persona indiciada plante\u00f3 conflicto de competencia y solicit\u00f3 que el proceso fuera trasladado a la Justicia Penal Militar. Consejo Superior de la Judicatura decidir\u00e1 al respecto. Ante el Juzgado Segundo Promiscuo de Miranda (Cauca), de acuerdo con la programaci\u00f3n definida, la Fiscal\u00eda General de la Naci\u00f3n se [&hellip;]<\/p>\n","protected":false},"author":170,"featured_media":0,"comment_status":"closed","ping_status":"open","sticky":false,"template":"","format":"standard","meta":{"_price":"","_stock":"","_tribe_ticket_header":"","_tribe_default_ticket_provider":"","_tribe_ticket_capacity":"0","_ticket_start_date":"","_ticket_end_date":"","_tribe_ticket_show_description":"","_tribe_ticket_show_not_going":false,"_tribe_ticket_use_global_stock":"","_tribe_ticket_global_stock_level":"","_global_stock_mode":"","_global_stock_cap":"","_tribe_rsvp_for_event":"","_tribe_ticket_going_count":"","_tribe_ticket_not_going_count":"","_tribe_tickets_list":"[]","_tribe_ticket_has_attendee_info_fields":false,"tdm_status":"","tdm_grid_status":"","footnotes":""},"categories":[24102],"tags":[24426,24185,24425,24427,24428,11519],"class_list":{"0":"post-206115","1":"post","2":"type-post","3":"status-publish","4":"format-standard","6":"category-derechos-humanos","7":"tag-competencia","8":"tag-fiscal-barbosa","9":"tag-juliana-giraldo","10":"tag-justicia-ordinaria","11":"tag-justicia-penal-militar","12":"tag-transgenero"},"yoast_head":"<!-- This site is optimized with the Yoast SEO plugin v24.3 - https:\/\/yoast.com\/wordpress\/plugins\/seo\/ -->\n<title>Fiscal\u00eda General de la Naci\u00f3n<\/title>\n<meta name=\"description\" content=\"P\u00e1gina oficial de la Fiscal\u00eda General de la Naci\u00f3n \u2013 Colombia. Garantizamos el acceso efectivo a la justicia, la verdad y la reparaci\u00f3n de las v\u00edctimas de los delitos.\" \/>\n<meta name=\"robots\" content=\"noindex, follow\" \/>\n<meta property=\"og:locale\" content=\"es_ES\" \/>\n<meta property=\"og:type\" content=\"article\" \/>\n<meta property=\"og:title\" content=\"Fiscal\u00eda General de la Naci\u00f3n\" \/>\n<meta property=\"og:description\" content=\"P\u00e1gina oficial de la Fiscal\u00eda General de la Naci\u00f3n \u2013 Colombia. Garantizamos el acceso efectivo a la justicia, la verdad y la reparaci\u00f3n de las v\u00edctimas de los delitos.\" \/>\n<meta property=\"og:url\" content=\"https:\/\/www.fiscalia.gov.co\/colombia\/derechos-humanos\/fiscalia-pide-continuar-con-investigacion-por-muerte-de-juliana-giraldo-en-cauca-y-reafirma-su-competencia-en-el-caso\/\" \/>\n<meta property=\"og:site_name\" content=\"Fiscal\u00eda General de la Naci\u00f3n\" \/>\n<meta property=\"article:publisher\" content=\"https:\/\/www.facebook.com\/FiscaliaCol\" \/>\n<meta property=\"article:published_time\" content=\"2020-11-06T18:17:42+00:00\" \/>\n<meta property=\"article:modified_time\" content=\"2020-11-06T18:21:54+00:00\" \/>\n<meta name=\"author\" content=\"Maribel Ramos\" \/>\n<meta name=\"twitter:card\" content=\"summary_large_image\" \/>\n<meta name=\"twitter:creator\" content=\"@FiscaliaCol\" \/>\n<meta name=\"twitter:site\" content=\"@FiscaliaCol\" \/>\n<meta name=\"twitter:label1\" content=\"Escrito por\" \/>\n\t<meta name=\"twitter:data1\" content=\"Maribel Ramos\" \/>\n\t<meta name=\"twitter:label2\" content=\"Tiempo de lectura\" \/>\n\t<meta name=\"twitter:data2\" content=\"2 minutos\" \/>\n<script type=\"application\/ld+json\" class=\"yoast-schema-graph\">{\"@context\":\"https:\/\/schema.org\",\"@graph\":[{\"@type\":\"Article\",\"@id\":\"https:\/\/www.fiscalia.gov.co\/colombia\/derechos-humanos\/fiscalia-pide-continuar-con-investigacion-por-muerte-de-juliana-giraldo-en-cauca-y-reafirma-su-competencia-en-el-caso\/#article\",\"isPartOf\":{\"@id\":\"https:\/\/www.fiscalia.gov.co\/colombia\/derechos-humanos\/fiscalia-pide-continuar-con-investigacion-por-muerte-de-juliana-giraldo-en-cauca-y-reafirma-su-competencia-en-el-caso\/\"},\"author\":{\"name\":\"Maribel Ramos\",\"@id\":\"https:\/\/www.fiscalia.gov.co\/colombia\/#\/schema\/person\/0e5a79ec1e6cf3890e6bcbdb49589737\"},\"headline\":\"Fiscal\u00eda pide continuar con investigaci\u00f3n por muerte de Juliana Giraldo en cauca y reafirma su competencia en el caso\",\"datePublished\":\"2020-11-06T18:17:42+00:00\",\"dateModified\":\"2020-11-06T18:21:54+00:00\",\"mainEntityOfPage\":{\"@id\":\"https:\/\/www.fiscalia.gov.co\/colombia\/derechos-humanos\/fiscalia-pide-continuar-con-investigacion-por-muerte-de-juliana-giraldo-en-cauca-y-reafirma-su-competencia-en-el-caso\/\"},\"wordCount\":344,\"publisher\":{\"@id\":\"https:\/\/www.fiscalia.gov.co\/colombia\/#organization\"},\"keywords\":[\"competencia\",\"Fiscal Barbosa\",\"Juliana Giraldo\",\"justicia ordinaria\",\"justicia penal militar\",\"Transg\u00e9nero\"],\"articleSection\":[\"Derechos Humanos\"],\"inLanguage\":\"es-CO\"},{\"@type\":\"WebPage\",\"@id\":\"https:\/\/www.fiscalia.gov.co\/colombia\/derechos-humanos\/fiscalia-pide-continuar-con-investigacion-por-muerte-de-juliana-giraldo-en-cauca-y-reafirma-su-competencia-en-el-caso\/\",\"url\":\"https:\/\/www.fiscalia.gov.co\/colombia\/derechos-humanos\/fiscalia-pide-continuar-con-investigacion-por-muerte-de-juliana-giraldo-en-cauca-y-reafirma-su-competencia-en-el-caso\/\",\"name\":\"Fiscal\u00eda General de la Naci\u00f3n\",\"isPartOf\":{\"@id\":\"https:\/\/www.fiscalia.gov.co\/colombia\/#website\"},\"datePublished\":\"2020-11-06T18:17:42+00:00\",\"dateModified\":\"2020-11-06T18:21:54+00:00\",\"description\":\"P\u00e1gina oficial de la Fiscal\u00eda General de la Naci\u00f3n \u2013 Colombia. Garantizamos el acceso efectivo a la justicia, la verdad y la reparaci\u00f3n de las v\u00edctimas de los delitos.\",\"breadcrumb\":{\"@id\":\"https:\/\/www.fiscalia.gov.co\/colombia\/derechos-humanos\/fiscalia-pide-continuar-con-investigacion-por-muerte-de-juliana-giraldo-en-cauca-y-reafirma-su-competencia-en-el-caso\/#breadcrumb\"},\"inLanguage\":\"es-CO\",\"potentialAction\":[{\"@type\":\"ReadAction\",\"target\":[\"https:\/\/www.fiscalia.gov.co\/colombia\/derechos-humanos\/fiscalia-pide-continuar-con-investigacion-por-muerte-de-juliana-giraldo-en-cauca-y-reafirma-su-competencia-en-el-caso\/\"]}]},{\"@type\":\"BreadcrumbList\",\"@id\":\"https:\/\/www.fiscalia.gov.co\/colombia\/derechos-humanos\/fiscalia-pide-continuar-con-investigacion-por-muerte-de-juliana-giraldo-en-cauca-y-reafirma-su-competencia-en-el-caso\/#breadcrumb\",\"itemListElement\":[{\"@type\":\"ListItem\",\"position\":1,\"name\":\"Home\",\"item\":\"https:\/\/www.fiscalia.gov.co\/colombia\/\"},{\"@type\":\"ListItem\",\"position\":2,\"name\":\"Fiscal\u00eda pide continuar con investigaci\u00f3n por muerte de Juliana Giraldo en cauca y reafirma su competencia en el caso\"}]},{\"@type\":\"WebSite\",\"@id\":\"https:\/\/www.fiscalia.gov.co\/colombia\/#website\",\"url\":\"https:\/\/www.fiscalia.gov.co\/colombia\/\",\"name\":\"Fiscal\u00eda General de la Naci\u00f3n\",\"description\":\"P\u00e1gina oficial de la Fiscal\u00eda General de la Naci\u00f3n \u2013 Colombia. Garantizamos el acceso efectivo a la justicia, la verdad y la reparaci\u00f3n de las v\u00edctimas de los delitos.\",\"publisher\":{\"@id\":\"https:\/\/www.fiscalia.gov.co\/colombia\/#organization\"},\"potentialAction\":[{\"@type\":\"SearchAction\",\"target\":{\"@type\":\"EntryPoint\",\"urlTemplate\":\"https:\/\/www.fiscalia.gov.co\/colombia\/?s={search_term_string}\"},\"query-input\":{\"@type\":\"PropertyValueSpecification\",\"valueRequired\":true,\"valueName\":\"search_term_string\"}}],\"inLanguage\":\"es-CO\"},{\"@type\":\"Organization\",\"@id\":\"https:\/\/www.fiscalia.gov.co\/colombia\/#organization\",\"name\":\"Fiscal\u00eda General de la Naci\u00f3n\",\"url\":\"https:\/\/www.fiscalia.gov.co\/colombia\/\",\"logo\":{\"@type\":\"ImageObject\",\"inLanguage\":\"es-CO\",\"@id\":\"https:\/\/www.fiscalia.gov.co\/colombia\/#\/schema\/logo\/image\/\",\"url\":\"https:\/\/www.fiscalia.gov.co\/colombia\/wp-content\/uploads\/LogoHorizontal_1.jpg\",\"contentUrl\":\"https:\/\/www.fiscalia.gov.co\/colombia\/wp-content\/uploads\/LogoHorizontal_1.jpg\",\"width\":300,\"height\":90,\"caption\":\"Fiscal\u00eda General de la Naci\u00f3n\"},\"image\":{\"@id\":\"https:\/\/www.fiscalia.gov.co\/colombia\/#\/schema\/logo\/image\/\"},\"sameAs\":[\"https:\/\/www.facebook.com\/FiscaliaCol\",\"https:\/\/x.com\/FiscaliaCol\",\"https:\/\/www.instagram.com\/fiscaliacol\",\"https:\/\/www.linkedin.com\/company\/fiscalia-general-de-la-naci-n\/\",\"https:\/\/youtube.com\/@fiscaliageneraldelanacion-4668?si=6nN79nyQICPU5iTh\"]},{\"@type\":\"Person\",\"@id\":\"https:\/\/www.fiscalia.gov.co\/colombia\/#\/schema\/person\/0e5a79ec1e6cf3890e6bcbdb49589737\",\"name\":\"Maribel Ramos\",\"image\":{\"@type\":\"ImageObject\",\"inLanguage\":\"es-CO\",\"@id\":\"https:\/\/www.fiscalia.gov.co\/colombia\/#\/schema\/person\/image\/\",\"url\":\"https:\/\/secure.gravatar.com\/avatar\/6345ac0c55cd97b11426173ae0be5b23?s=96&d=mm&r=g\",\"contentUrl\":\"https:\/\/secure.gravatar.com\/avatar\/6345ac0c55cd97b11426173ae0be5b23?s=96&d=mm&r=g\",\"caption\":\"Maribel Ramos\"},\"url\":\"https:\/\/www.fiscalia.gov.co\/colombia\/author\/mramos\/\"}]}<\/script>\n<!-- \/ Yoast SEO plugin. -->","yoast_head_json":{"title":"Fiscal\u00eda General de la Naci\u00f3n","description":"P\u00e1gina oficial de la Fiscal\u00eda General de la Naci\u00f3n \u2013 Colombia. Garantizamos el acceso efectivo a la justicia, la verdad y la reparaci\u00f3n de las v\u00edctimas de los delitos.","robots":{"index":"noindex","follow":"follow"},"og_locale":"es_ES","og_type":"article","og_title":"Fiscal\u00eda General de la Naci\u00f3n","og_description":"P\u00e1gina oficial de la Fiscal\u00eda General de la Naci\u00f3n \u2013 Colombia. Garantizamos el acceso efectivo a la justicia, la verdad y la reparaci\u00f3n de las v\u00edctimas de los delitos.","og_url":"https:\/\/www.fiscalia.gov.co\/colombia\/derechos-humanos\/fiscalia-pide-continuar-con-investigacion-por-muerte-de-juliana-giraldo-en-cauca-y-reafirma-su-competencia-en-el-caso\/","og_site_name":"Fiscal\u00eda General de la Naci\u00f3n","article_publisher":"https:\/\/www.facebook.com\/FiscaliaCol","article_published_time":"2020-11-06T18:17:42+00:00","article_modified_time":"2020-11-06T18:21:54+00:00","author":"Maribel Ramos","twitter_card":"summary_large_image","twitter_creator":"@FiscaliaCol","twitter_site":"@FiscaliaCol","twitter_misc":{"Escrito por":"Maribel Ramos","Tiempo de lectura":"2 minutos"},"schema":{"@context":"https:\/\/schema.org","@graph":[{"@type":"Article","@id":"https:\/\/www.fiscalia.gov.co\/colombia\/derechos-humanos\/fiscalia-pide-continuar-con-investigacion-por-muerte-de-juliana-giraldo-en-cauca-y-reafirma-su-competencia-en-el-caso\/#article","isPartOf":{"@id":"https:\/\/www.fiscalia.gov.co\/colombia\/derechos-humanos\/fiscalia-pide-continuar-con-investigacion-por-muerte-de-juliana-giraldo-en-cauca-y-reafirma-su-competencia-en-el-caso\/"},"author":{"name":"Maribel Ramos","@id":"https:\/\/www.fiscalia.gov.co\/colombia\/#\/schema\/person\/0e5a79ec1e6cf3890e6bcbdb49589737"},"headline":"Fiscal\u00eda pide continuar con investigaci\u00f3n por muerte de Juliana Giraldo en cauca y reafirma su competencia en el caso","datePublished":"2020-11-06T18:17:42+00:00","dateModified":"2020-11-06T18:21:54+00:00","mainEntityOfPage":{"@id":"https:\/\/www.fiscalia.gov.co\/colombia\/derechos-humanos\/fiscalia-pide-continuar-con-investigacion-por-muerte-de-juliana-giraldo-en-cauca-y-reafirma-su-competencia-en-el-caso\/"},"wordCount":344,"publisher":{"@id":"https:\/\/www.fiscalia.gov.co\/colombia\/#organization"},"keywords":["competencia","Fiscal Barbosa","Juliana Giraldo","justicia ordinaria","justicia penal militar","Transg\u00e9nero"],"articleSection":["Derechos Humanos"],"inLanguage":"es-CO"},{"@type":"WebPage","@id":"https:\/\/www.fiscalia.gov.co\/colombia\/derechos-humanos\/fiscalia-pide-continuar-con-investigacion-por-muerte-de-juliana-giraldo-en-cauca-y-reafirma-su-competencia-en-el-caso\/","url":"https:\/\/www.fiscalia.gov.co\/colombia\/derechos-humanos\/fiscalia-pide-continuar-con-investigacion-por-muerte-de-juliana-giraldo-en-cauca-y-reafirma-su-competencia-en-el-caso\/","name":"Fiscal\u00eda General de la Naci\u00f3n","isPartOf":{"@id":"https:\/\/www.fiscalia.gov.co\/colombia\/#website"},"datePublished":"2020-11-06T18:17:42+00:00","dateModified":"2020-11-06T18:21:54+00:00","description":"P\u00e1gina oficial de la Fiscal\u00eda General de la Naci\u00f3n \u2013 Colombia. Garantizamos el acceso efectivo a la justicia, la verdad y la reparaci\u00f3n de las v\u00edctimas de los delitos.","breadcrumb":{"@id":"https:\/\/www.fiscalia.gov.co\/colombia\/derechos-humanos\/fiscalia-pide-continuar-con-investigacion-por-muerte-de-juliana-giraldo-en-cauca-y-reafirma-su-competencia-en-el-caso\/#breadcrumb"},"inLanguage":"es-CO","potentialAction":[{"@type":"ReadAction","target":["https:\/\/www.fiscalia.gov.co\/colombia\/derechos-humanos\/fiscalia-pide-continuar-con-investigacion-por-muerte-de-juliana-giraldo-en-cauca-y-reafirma-su-competencia-en-el-caso\/"]}]},{"@type":"BreadcrumbList","@id":"https:\/\/www.fiscalia.gov.co\/colombia\/derechos-humanos\/fiscalia-pide-continuar-con-investigacion-por-muerte-de-juliana-giraldo-en-cauca-y-reafirma-su-competencia-en-el-caso\/#breadcrumb","itemListElement":[{"@type":"ListItem","position":1,"name":"Home","item":"https:\/\/www.fiscalia.gov.co\/colombia\/"},{"@type":"ListItem","position":2,"name":"Fiscal\u00eda pide continuar con investigaci\u00f3n por muerte de Juliana Giraldo en cauca y reafirma su competencia en el caso"}]},{"@type":"WebSite","@id":"https:\/\/www.fiscalia.gov.co\/colombia\/#website","url":"https:\/\/www.fiscalia.gov.co\/colombia\/","name":"Fiscal\u00eda General de la Naci\u00f3n","description":"P\u00e1gina oficial de la Fiscal\u00eda General de la Naci\u00f3n \u2013 Colombia. Garantizamos el acceso efectivo a la justicia, la verdad y la reparaci\u00f3n de las v\u00edctimas de los delitos.","publisher":{"@id":"https:\/\/www.fiscalia.gov.co\/colombia\/#organization"},"potentialAction":[{"@type":"SearchAction","target":{"@type":"EntryPoint","urlTemplate":"https:\/\/www.fiscalia.gov.co\/colombia\/?s={search_term_string}"},"query-input":{"@type":"PropertyValueSpecification","valueRequired":true,"valueName":"search_term_string"}}],"inLanguage":"es-CO"},{"@type":"Organization","@id":"https:\/\/www.fiscalia.gov.co\/colombia\/#organization","name":"Fiscal\u00eda General de la Naci\u00f3n","url":"https:\/\/www.fiscalia.gov.co\/colombia\/","logo":{"@type":"ImageObject","inLanguage":"es-CO","@id":"https:\/\/www.fiscalia.gov.co\/colombia\/#\/schema\/logo\/image\/","url":"https:\/\/www.fiscalia.gov.co\/colombia\/wp-content\/uploads\/LogoHorizontal_1.jpg","contentUrl":"https:\/\/www.fiscalia.gov.co\/colombia\/wp-content\/uploads\/LogoHorizontal_1.jpg","width":300,"height":90,"caption":"Fiscal\u00eda General de la Naci\u00f3n"},"image":{"@id":"https:\/\/www.fiscalia.gov.co\/colombia\/#\/schema\/logo\/image\/"},"sameAs":["https:\/\/www.facebook.com\/FiscaliaCol","https:\/\/x.com\/FiscaliaCol","https:\/\/www.instagram.com\/fiscaliacol","https:\/\/www.linkedin.com\/company\/fiscalia-general-de-la-naci-n\/","https:\/\/youtube.com\/@fiscaliageneraldelanacion-4668?si=6nN79nyQICPU5iTh"]},{"@type":"Person","@id":"https:\/\/www.fiscalia.gov.co\/colombia\/#\/schema\/person\/0e5a79ec1e6cf3890e6bcbdb49589737","name":"Maribel Ramos","image":{"@type":"ImageObject","inLanguage":"es-CO","@id":"https:\/\/www.fiscalia.gov.co\/colombia\/#\/schema\/person\/image\/","url":"https:\/\/secure.gravatar.com\/avatar\/6345ac0c55cd97b11426173ae0be5b23?s=96&d=mm&r=g","contentUrl":"https:\/\/secure.gravatar.com\/avatar\/6345ac0c55cd97b11426173ae0be5b23?s=96&d=mm&r=g","caption":"Maribel Ramos"},"url":"https:\/\/www.fiscalia.gov.co\/colombia\/author\/mramos\/"}]}},"_links":{"self":[{"href":"https:\/\/www.fiscalia.gov.co\/colombia\/wp-json\/wp\/v2\/posts\/206115","targetHints":{"allow":["GET"]}}],"collection":[{"href":"https:\/\/www.fiscalia.gov.co\/colombia\/wp-json\/wp\/v2\/posts"}],"about":[{"href":"https:\/\/www.fiscalia.gov.co\/colombia\/wp-json\/wp\/v2\/types\/post"}],"author":[{"embeddable":true,"href":"https:\/\/www.fiscalia.gov.co\/colombia\/wp-json\/wp\/v2\/users\/170"}],"replies":[{"embeddable":true,"href":"https:\/\/www.fiscalia.gov.co\/colombia\/wp-json\/wp\/v2\/comments?post=206115"}],"version-history":[{"count":1,"href":"https:\/\/www.fiscalia.gov.co\/colombia\/wp-json\/wp\/v2\/posts\/206115\/revisions"}],"predecessor-version":[{"id":206117,"href":"https:\/\/www.fiscalia.gov.co\/colombia\/wp-json\/wp\/v2\/posts\/206115\/revisions\/206117"}],"wp:attachment":[{"href":"https:\/\/www.fiscalia.gov.co\/colombia\/wp-json\/wp\/v2\/media?parent=206115"}],"wp:term":[{"taxonomy":"category","embeddable":true,"href":"https:\/\/www.fiscalia.gov.co\/colombia\/wp-json\/wp\/v2\/categories?post=206115"},{"taxonomy":"post_tag","embeddable":true,"href":"https:\/\/www.fiscalia.gov.co\/colombia\/wp-json\/wp\/v2\/tags?post=206115"}],"curies":[{"name":"wp","href":"https:\/\/api.w.org\/{rel}","templated":true}]}}