{"id":205459,"date":"2020-10-29T09:12:27","date_gmt":"2020-10-29T14:12:27","guid":{"rendered":"https:\/\/www.fiscalia.gov.co\/colombia\/?p=205459"},"modified":"2020-10-29T17:30:14","modified_gmt":"2020-10-29T22:30:14","slug":"ocupados-con-fines-de-extincion-de-dominio-bienes-de-narcotraficante-extraditado-a-espana","status":"publish","type":"post","link":"https:\/\/www.fiscalia.gov.co\/colombia\/extincion-de-dominio\/ocupados-con-fines-de-extincion-de-dominio-bienes-de-narcotraficante-extraditado-a-espana\/","title":{"rendered":"Ocupados con fines de extinci\u00f3n de dominio bienes de narcotraficante extraditado a Espa\u00f1a"},"content":{"rendered":"<blockquote class=\"td_quote_box td_box_center\">\n<h4 style=\"text-align: left;\"><strong><i><span lang=\"ES\">Las propiedades afectadas, que pertenecer\u00edan a familiares del condenado Geiner Garz\u00f3n Arboleda, est\u00e1n avaluadas en 10.000 millones de pesos.\u00a0\u00a0\u00a0<\/span><\/i><\/strong><\/h4>\n<\/blockquote>\n<p class=\"x_x_x_MsoNormal\">En atenci\u00f3n al\u00a0<b>direccionamiento estrat\u00e9gico\u00a0<\/b>del Fiscal General de la Naci\u00f3n, Francisco Barbosa Delgado, para afectar los recursos y las\u00a0<b><a href=\"https:\/\/www.fiscalia.gov.co\/colombia\/seccionales\/judicializadas-cinco-mujeres-como-presuntas-testaferros-del-extraditado-narcotraficante-ovidio-perez-sanchez-alias-toyota\/\" target=\"_blank\" rel=\"noopener noreferrer\" data-auth=\"NotApplicable\">finanzas il\u00edcitas<\/a><\/b>\u00a0que nutren las estructuras criminales, la Direcci\u00f3n Especializada para la Extinci\u00f3n del Derecho de Dominio, con apoyo de la Sij\u00edn de Ibagu\u00e9 (Tolima), ocup\u00f3, con fines de extinci\u00f3n, bienes que presuntamente fueron adquiridos con dineros del narcotr\u00e1fico.<\/p>\n<p class=\"x_x_x_MsoNormal\">En el operativo conjunto desarrollado en las \u00faltimas horas en la capital tolimense, la Fiscal\u00eda impuso medidas cautelares de suspensi\u00f3n del poder dispositivo, embargo, secuestro y toma de posesi\u00f3n de haberes sobre 9 inmuebles: un predio rural, una bodega en zona franca, seis predios urbanos, entre ellos uno en el exclusivo sector de El Vergel; y dos establecimientos de comercio, avaluados en\u00a0<b>$10.000 millones<\/b>.<\/p>\n<figure id=\"attachment_205460\" aria-describedby=\"caption-attachment-205460\" style=\"width: 696px\" class=\"wp-caption alignnone\"><img loading=\"lazy\" decoding=\"async\" class=\"size-large wp-image-205460\" src=\"https:\/\/www.fiscalia.gov.co\/colombia\/wp-content\/uploads\/Extincio\u0301n-Ibague\u0301-narcotra\u0301fico-1-1024x576.jpeg\" alt=\"\" width=\"696\" height=\"392\" srcset=\"https:\/\/www.fiscalia.gov.co\/colombia\/wp-content\/uploads\/Extincio\u0301n-Ibague\u0301-narcotra\u0301fico-1-1024x576.jpeg 1024w, https:\/\/www.fiscalia.gov.co\/colombia\/wp-content\/uploads\/Extincio\u0301n-Ibague\u0301-narcotra\u0301fico-1-300x169.jpeg 300w, https:\/\/www.fiscalia.gov.co\/colombia\/wp-content\/uploads\/Extincio\u0301n-Ibague\u0301-narcotra\u0301fico-1-768x432.jpeg 768w, https:\/\/www.fiscalia.gov.co\/colombia\/wp-content\/uploads\/Extincio\u0301n-Ibague\u0301-narcotra\u0301fico-1-696x392.jpeg 696w, https:\/\/www.fiscalia.gov.co\/colombia\/wp-content\/uploads\/Extincio\u0301n-Ibague\u0301-narcotra\u0301fico-1-1068x601.jpeg 1068w, https:\/\/www.fiscalia.gov.co\/colombia\/wp-content\/uploads\/Extincio\u0301n-Ibague\u0301-narcotra\u0301fico-1-747x420.jpeg 747w, https:\/\/www.fiscalia.gov.co\/colombia\/wp-content\/uploads\/Extincio\u0301n-Ibague\u0301-narcotra\u0301fico-1.jpeg 1152w\" sizes=\"auto, (max-width: 696px) 100vw, 696px\" \/><figcaption id=\"caption-attachment-205460\" class=\"wp-caption-text\">Uno de los inmuebles afectados con medidas cautelares est\u00e1 ubicado en el exclusivo sector de El Vergel, en Ibagu\u00e9 (Tolima).<\/figcaption><\/figure>\n<p class=\"x_x_x_MsoNormal\">Mediante labores investigativas se evidenci\u00f3 que tales propiedades, en cabeza del clan familiar del extraditado y condenado narcotraficante Geiner Garz\u00f3n Arboleda, ser\u00edan, al parecer, producto de actividades del\u00a0<b>tr\u00e1fico de estupefacientes<\/b>\u00a0hacia el\u00a0<b>Reino Unido y Espa\u00f1a<\/b>, a trav\u00e9s de correos humanos entre los a\u00f1os 2005 y 2014.<\/p>\n<figure id=\"attachment_205462\" aria-describedby=\"caption-attachment-205462\" style=\"width: 696px\" class=\"wp-caption alignnone\"><img loading=\"lazy\" decoding=\"async\" class=\"size-large wp-image-205462\" src=\"https:\/\/www.fiscalia.gov.co\/colombia\/wp-content\/uploads\/ocupacio\u0301n-bienes-extincio\u0301n-ibague\u0301-1-1024x576.jpeg\" alt=\"\" width=\"696\" height=\"392\" srcset=\"https:\/\/www.fiscalia.gov.co\/colombia\/wp-content\/uploads\/ocupacio\u0301n-bienes-extincio\u0301n-ibague\u0301-1-1024x576.jpeg 1024w, https:\/\/www.fiscalia.gov.co\/colombia\/wp-content\/uploads\/ocupacio\u0301n-bienes-extincio\u0301n-ibague\u0301-1-300x169.jpeg 300w, https:\/\/www.fiscalia.gov.co\/colombia\/wp-content\/uploads\/ocupacio\u0301n-bienes-extincio\u0301n-ibague\u0301-1-768x432.jpeg 768w, https:\/\/www.fiscalia.gov.co\/colombia\/wp-content\/uploads\/ocupacio\u0301n-bienes-extincio\u0301n-ibague\u0301-1-696x392.jpeg 696w, https:\/\/www.fiscalia.gov.co\/colombia\/wp-content\/uploads\/ocupacio\u0301n-bienes-extincio\u0301n-ibague\u0301-1-1068x601.jpeg 1068w, https:\/\/www.fiscalia.gov.co\/colombia\/wp-content\/uploads\/ocupacio\u0301n-bienes-extincio\u0301n-ibague\u0301-1-747x420.jpeg 747w, https:\/\/www.fiscalia.gov.co\/colombia\/wp-content\/uploads\/ocupacio\u0301n-bienes-extincio\u0301n-ibague\u0301-1.jpeg 1152w\" sizes=\"auto, (max-width: 696px) 100vw, 696px\" \/><figcaption id=\"caption-attachment-205462\" class=\"wp-caption-text\">Una finca y una bodega en zona franca est\u00e1n entre los bienes que pertenecer\u00edan al clan familiar de Geiner Garz\u00f3n Arboleda.<\/figcaption><\/figure>\n<p class=\"x_x_x_MsoNormal\">Se estableci\u00f3 que las utilidades habr\u00edan ingresado a Colombia por medio de empresas de giros y, al parecer, fueron reclamadas por miembros del mismo n\u00facleo familiar.<\/p>\n<p class=\"x_x_x_MsoNormal\">Garz\u00f3n Arboleda fue requerido en 2014 por la Audiencia Provisional de Valencia (Espa\u00f1a), como responsable de delitos contra la salud p\u00fablica (narcotr\u00e1fico).<\/p>\n<p class=\"x_x_x_MsoNormal\"><span lang=\"ES\">La Fiscal\u00eda hace p\u00fablica esta informaci\u00f3n por razones de inter\u00e9s general.\u00a0<\/span><\/p>\n<p class=\"x_x_x_MsoNoSpacing\"><span lang=\"EN-US\">Le puede interesar:\u00a0<b><a href=\"https:\/\/www.fiscalia.gov.co\/colombia\/extincion-de-dominio\/ocupados-con-fines-de-extincion-de-dominio-bienes-de-presuntos-integrantes-de-organizacion-delictiva-de-alias-la-silla-o-doble-rueda\/\" target=\"_blank\" rel=\"noopener noreferrer\" data-auth=\"NotApplicable\">Ocupados con fines de extinci\u00f3n de dominio bienes de presuntos integrantes de organizaci\u00f3n delictiva de alias la Silla o Doble Rueda<\/a>\u00a0<\/b><\/span><\/p>\n<p class=\"x_x_x_MsoNormal\"><span lang=\"ES\">\u00a0<\/span><\/p>\n<p class=\"x_x_x_MsoNormal\"><span lang=\"ES\">DLBM\u00a0<\/span><\/p>\n\n<div class=\"twitter-share\"><a href=\"https:\/\/twitter.com\/intent\/tweet?via=fiscaliacol\" class=\"twitter-share-button\">Tweet<\/a><\/div>\n","protected":false},"excerpt":{"rendered":"<p>Las propiedades afectadas, que pertenecer\u00edan a familiares del condenado Geiner Garz\u00f3n Arboleda, est\u00e1n avaluadas en 10.000 millones de pesos.\u00a0\u00a0\u00a0 En atenci\u00f3n al\u00a0direccionamiento estrat\u00e9gico\u00a0del Fiscal General de la Naci\u00f3n, Francisco Barbosa Delgado, para afectar los recursos y las\u00a0finanzas il\u00edcitas\u00a0que nutren las estructuras criminales, la Direcci\u00f3n Especializada para la Extinci\u00f3n del Derecho de Dominio, con apoyo de [&hellip;]<\/p>\n","protected":false},"author":162,"featured_media":0,"comment_status":"closed","ping_status":"open","sticky":false,"template":"","format":"video","meta":{"_price":"","_stock":"","_tribe_ticket_header":"","_tribe_default_ticket_provider":"","_tribe_ticket_capacity":"0","_ticket_start_date":"","_ticket_end_date":"","_tribe_ticket_show_description":"","_tribe_ticket_show_not_going":false,"_tribe_ticket_use_global_stock":"","_tribe_ticket_global_stock_level":"","_global_stock_mode":"","_global_stock_cap":"","_tribe_rsvp_for_event":"","_tribe_ticket_going_count":"","_tribe_ticket_not_going_count":"","_tribe_tickets_list":"[]","_tribe_ticket_has_attendee_info_fields":false,"tdm_status":"","tdm_grid_status":"","footnotes":""},"categories":[24116,1],"tags":[1441,24199,24188,10,24187,1047,14117],"class_list":{"0":"post-205459","1":"post","2":"type-post","3":"status-publish","4":"format-video","6":"category-extincion-de-dominio","7":"category-noticias","8":"tag-extincion-de-dominio","9":"tag-finanzas-ilicitas","10":"tag-fiscal-francisco-barbosa","11":"tag-fiscal-general","12":"tag-fiscalia-colombia","13":"tag-fiscalia-general-de-la-nacion","14":"tag-medidas-cautelares","15":"post_format-post-format-video"},"yoast_head":"<!-- This site is optimized with the Yoast SEO plugin v24.3 - https:\/\/yoast.com\/wordpress\/plugins\/seo\/ -->\n<title>Fiscal\u00eda General de la Naci\u00f3n<\/title>\n<meta name=\"description\" content=\"P\u00e1gina oficial de la Fiscal\u00eda General de la Naci\u00f3n \u2013 Colombia. Garantizamos el acceso efectivo a la justicia, la verdad y la reparaci\u00f3n de las v\u00edctimas de los delitos.\" \/>\n<meta name=\"robots\" content=\"noindex, follow\" \/>\n<meta property=\"og:locale\" content=\"es_ES\" \/>\n<meta property=\"og:type\" content=\"article\" \/>\n<meta property=\"og:title\" content=\"Fiscal\u00eda General de la Naci\u00f3n\" \/>\n<meta property=\"og:description\" content=\"P\u00e1gina oficial de la Fiscal\u00eda General de la Naci\u00f3n \u2013 Colombia. Garantizamos el acceso efectivo a la justicia, la verdad y la reparaci\u00f3n de las v\u00edctimas de los delitos.\" \/>\n<meta property=\"og:url\" content=\"https:\/\/www.fiscalia.gov.co\/colombia\/extincion-de-dominio\/ocupados-con-fines-de-extincion-de-dominio-bienes-de-narcotraficante-extraditado-a-espana\/\" \/>\n<meta property=\"og:site_name\" content=\"Fiscal\u00eda General de la Naci\u00f3n\" \/>\n<meta property=\"article:publisher\" content=\"https:\/\/www.facebook.com\/FiscaliaCol\" \/>\n<meta property=\"article:published_time\" content=\"2020-10-29T14:12:27+00:00\" \/>\n<meta property=\"article:modified_time\" content=\"2020-10-29T22:30:14+00:00\" \/>\n<meta name=\"author\" content=\"Direcci\u00f3n de Comunicaciones Fiscal\u00eda General de la Naci\u00f3n\" \/>\n<meta name=\"twitter:card\" content=\"summary_large_image\" \/>\n<meta name=\"twitter:creator\" content=\"@FiscaliaCol\" \/>\n<meta name=\"twitter:site\" content=\"@FiscaliaCol\" \/>\n<meta name=\"twitter:label1\" content=\"Escrito por\" \/>\n\t<meta name=\"twitter:data1\" content=\"Direcci\u00f3n de Comunicaciones Fiscal\u00eda General de la Naci\u00f3n\" \/>\n\t<meta name=\"twitter:label2\" content=\"Tiempo de lectura\" \/>\n\t<meta name=\"twitter:data2\" content=\"2 minutos\" \/>\n<script type=\"application\/ld+json\" class=\"yoast-schema-graph\">{\"@context\":\"https:\/\/schema.org\",\"@graph\":[{\"@type\":\"Article\",\"@id\":\"https:\/\/www.fiscalia.gov.co\/colombia\/extincion-de-dominio\/ocupados-con-fines-de-extincion-de-dominio-bienes-de-narcotraficante-extraditado-a-espana\/#article\",\"isPartOf\":{\"@id\":\"https:\/\/www.fiscalia.gov.co\/colombia\/extincion-de-dominio\/ocupados-con-fines-de-extincion-de-dominio-bienes-de-narcotraficante-extraditado-a-espana\/\"},\"author\":{\"name\":\"Direcci\u00f3n de Comunicaciones Fiscal\u00eda General de la Naci\u00f3n\",\"@id\":\"https:\/\/www.fiscalia.gov.co\/colombia\/#\/schema\/person\/bf28d8ae7f1b287bbe3af484b04f43ea\"},\"headline\":\"Ocupados con fines de extinci\u00f3n de dominio bienes de narcotraficante extraditado a Espa\u00f1a\",\"datePublished\":\"2020-10-29T14:12:27+00:00\",\"dateModified\":\"2020-10-29T22:30:14+00:00\",\"mainEntityOfPage\":{\"@id\":\"https:\/\/www.fiscalia.gov.co\/colombia\/extincion-de-dominio\/ocupados-con-fines-de-extincion-de-dominio-bienes-de-narcotraficante-extraditado-a-espana\/\"},\"wordCount\":374,\"publisher\":{\"@id\":\"https:\/\/www.fiscalia.gov.co\/colombia\/#organization\"},\"keywords\":[\"Extinci\u00f3n de dominio\",\"finanzas il\u00edcitas\",\"Fiscal Francisco Barbosa\",\"Fiscal General\",\"Fiscal\u00eda Colombia\",\"Fiscal\u00eda General de la Naci\u00f3n\",\"Medidas cautelares\"],\"articleSection\":[\"Extinci\u00f3n de dominio\",\"Noticias\"],\"inLanguage\":\"es-CO\"},{\"@type\":\"WebPage\",\"@id\":\"https:\/\/www.fiscalia.gov.co\/colombia\/extincion-de-dominio\/ocupados-con-fines-de-extincion-de-dominio-bienes-de-narcotraficante-extraditado-a-espana\/\",\"url\":\"https:\/\/www.fiscalia.gov.co\/colombia\/extincion-de-dominio\/ocupados-con-fines-de-extincion-de-dominio-bienes-de-narcotraficante-extraditado-a-espana\/\",\"name\":\"Fiscal\u00eda General de la Naci\u00f3n\",\"isPartOf\":{\"@id\":\"https:\/\/www.fiscalia.gov.co\/colombia\/#website\"},\"datePublished\":\"2020-10-29T14:12:27+00:00\",\"dateModified\":\"2020-10-29T22:30:14+00:00\",\"description\":\"P\u00e1gina oficial de la Fiscal\u00eda General de la Naci\u00f3n \u2013 Colombia. Garantizamos el acceso efectivo a la justicia, la verdad y la reparaci\u00f3n de las v\u00edctimas de los delitos.\",\"breadcrumb\":{\"@id\":\"https:\/\/www.fiscalia.gov.co\/colombia\/extincion-de-dominio\/ocupados-con-fines-de-extincion-de-dominio-bienes-de-narcotraficante-extraditado-a-espana\/#breadcrumb\"},\"inLanguage\":\"es-CO\",\"potentialAction\":[{\"@type\":\"ReadAction\",\"target\":[\"https:\/\/www.fiscalia.gov.co\/colombia\/extincion-de-dominio\/ocupados-con-fines-de-extincion-de-dominio-bienes-de-narcotraficante-extraditado-a-espana\/\"]}]},{\"@type\":\"BreadcrumbList\",\"@id\":\"https:\/\/www.fiscalia.gov.co\/colombia\/extincion-de-dominio\/ocupados-con-fines-de-extincion-de-dominio-bienes-de-narcotraficante-extraditado-a-espana\/#breadcrumb\",\"itemListElement\":[{\"@type\":\"ListItem\",\"position\":1,\"name\":\"Home\",\"item\":\"https:\/\/www.fiscalia.gov.co\/colombia\/\"},{\"@type\":\"ListItem\",\"position\":2,\"name\":\"Ocupados con fines de extinci\u00f3n de dominio bienes de narcotraficante extraditado a Espa\u00f1a\"}]},{\"@type\":\"WebSite\",\"@id\":\"https:\/\/www.fiscalia.gov.co\/colombia\/#website\",\"url\":\"https:\/\/www.fiscalia.gov.co\/colombia\/\",\"name\":\"Fiscal\u00eda General de la Naci\u00f3n\",\"description\":\"P\u00e1gina oficial de la Fiscal\u00eda General de la Naci\u00f3n \u2013 Colombia. Garantizamos el acceso efectivo a la justicia, la verdad y la reparaci\u00f3n de las v\u00edctimas de los delitos.\",\"publisher\":{\"@id\":\"https:\/\/www.fiscalia.gov.co\/colombia\/#organization\"},\"potentialAction\":[{\"@type\":\"SearchAction\",\"target\":{\"@type\":\"EntryPoint\",\"urlTemplate\":\"https:\/\/www.fiscalia.gov.co\/colombia\/?s={search_term_string}\"},\"query-input\":{\"@type\":\"PropertyValueSpecification\",\"valueRequired\":true,\"valueName\":\"search_term_string\"}}],\"inLanguage\":\"es-CO\"},{\"@type\":\"Organization\",\"@id\":\"https:\/\/www.fiscalia.gov.co\/colombia\/#organization\",\"name\":\"Fiscal\u00eda General de la Naci\u00f3n\",\"url\":\"https:\/\/www.fiscalia.gov.co\/colombia\/\",\"logo\":{\"@type\":\"ImageObject\",\"inLanguage\":\"es-CO\",\"@id\":\"https:\/\/www.fiscalia.gov.co\/colombia\/#\/schema\/logo\/image\/\",\"url\":\"https:\/\/www.fiscalia.gov.co\/colombia\/wp-content\/uploads\/LogoHorizontal_1.jpg\",\"contentUrl\":\"https:\/\/www.fiscalia.gov.co\/colombia\/wp-content\/uploads\/LogoHorizontal_1.jpg\",\"width\":300,\"height\":90,\"caption\":\"Fiscal\u00eda General de la Naci\u00f3n\"},\"image\":{\"@id\":\"https:\/\/www.fiscalia.gov.co\/colombia\/#\/schema\/logo\/image\/\"},\"sameAs\":[\"https:\/\/www.facebook.com\/FiscaliaCol\",\"https:\/\/x.com\/FiscaliaCol\",\"https:\/\/www.instagram.com\/fiscaliacol\",\"https:\/\/www.linkedin.com\/company\/fiscalia-general-de-la-naci-n\/\",\"https:\/\/youtube.com\/@fiscaliageneraldelanacion-4668?si=6nN79nyQICPU5iTh\"]},{\"@type\":\"Person\",\"@id\":\"https:\/\/www.fiscalia.gov.co\/colombia\/#\/schema\/person\/bf28d8ae7f1b287bbe3af484b04f43ea\",\"name\":\"Direcci\u00f3n de Comunicaciones Fiscal\u00eda General de la Naci\u00f3n\",\"image\":{\"@type\":\"ImageObject\",\"inLanguage\":\"es-CO\",\"@id\":\"https:\/\/www.fiscalia.gov.co\/colombia\/#\/schema\/person\/image\/\",\"url\":\"https:\/\/secure.gravatar.com\/avatar\/9d55ae161d32da16dbdd0b380c080a5f?s=96&d=mm&r=g\",\"contentUrl\":\"https:\/\/secure.gravatar.com\/avatar\/9d55ae161d32da16dbdd0b380c080a5f?s=96&d=mm&r=g\",\"caption\":\"Direcci\u00f3n de Comunicaciones Fiscal\u00eda General de la Naci\u00f3n\"},\"url\":\"https:\/\/www.fiscalia.gov.co\/colombia\/author\/kbonilla\/\"}]}<\/script>\n<!-- \/ Yoast SEO plugin. -->","yoast_head_json":{"title":"Fiscal\u00eda General de la Naci\u00f3n","description":"P\u00e1gina oficial de la Fiscal\u00eda General de la Naci\u00f3n \u2013 Colombia. Garantizamos el acceso efectivo a la justicia, la verdad y la reparaci\u00f3n de las v\u00edctimas de los delitos.","robots":{"index":"noindex","follow":"follow"},"og_locale":"es_ES","og_type":"article","og_title":"Fiscal\u00eda General de la Naci\u00f3n","og_description":"P\u00e1gina oficial de la Fiscal\u00eda General de la Naci\u00f3n \u2013 Colombia. Garantizamos el acceso efectivo a la justicia, la verdad y la reparaci\u00f3n de las v\u00edctimas de los delitos.","og_url":"https:\/\/www.fiscalia.gov.co\/colombia\/extincion-de-dominio\/ocupados-con-fines-de-extincion-de-dominio-bienes-de-narcotraficante-extraditado-a-espana\/","og_site_name":"Fiscal\u00eda General de la Naci\u00f3n","article_publisher":"https:\/\/www.facebook.com\/FiscaliaCol","article_published_time":"2020-10-29T14:12:27+00:00","article_modified_time":"2020-10-29T22:30:14+00:00","author":"Direcci\u00f3n de Comunicaciones Fiscal\u00eda General de la Naci\u00f3n","twitter_card":"summary_large_image","twitter_creator":"@FiscaliaCol","twitter_site":"@FiscaliaCol","twitter_misc":{"Escrito por":"Direcci\u00f3n de Comunicaciones Fiscal\u00eda General de la Naci\u00f3n","Tiempo de lectura":"2 minutos"},"schema":{"@context":"https:\/\/schema.org","@graph":[{"@type":"Article","@id":"https:\/\/www.fiscalia.gov.co\/colombia\/extincion-de-dominio\/ocupados-con-fines-de-extincion-de-dominio-bienes-de-narcotraficante-extraditado-a-espana\/#article","isPartOf":{"@id":"https:\/\/www.fiscalia.gov.co\/colombia\/extincion-de-dominio\/ocupados-con-fines-de-extincion-de-dominio-bienes-de-narcotraficante-extraditado-a-espana\/"},"author":{"name":"Direcci\u00f3n de Comunicaciones Fiscal\u00eda General de la Naci\u00f3n","@id":"https:\/\/www.fiscalia.gov.co\/colombia\/#\/schema\/person\/bf28d8ae7f1b287bbe3af484b04f43ea"},"headline":"Ocupados con fines de extinci\u00f3n de dominio bienes de narcotraficante extraditado a Espa\u00f1a","datePublished":"2020-10-29T14:12:27+00:00","dateModified":"2020-10-29T22:30:14+00:00","mainEntityOfPage":{"@id":"https:\/\/www.fiscalia.gov.co\/colombia\/extincion-de-dominio\/ocupados-con-fines-de-extincion-de-dominio-bienes-de-narcotraficante-extraditado-a-espana\/"},"wordCount":374,"publisher":{"@id":"https:\/\/www.fiscalia.gov.co\/colombia\/#organization"},"keywords":["Extinci\u00f3n de dominio","finanzas il\u00edcitas","Fiscal Francisco Barbosa","Fiscal General","Fiscal\u00eda Colombia","Fiscal\u00eda General de la Naci\u00f3n","Medidas cautelares"],"articleSection":["Extinci\u00f3n de dominio","Noticias"],"inLanguage":"es-CO"},{"@type":"WebPage","@id":"https:\/\/www.fiscalia.gov.co\/colombia\/extincion-de-dominio\/ocupados-con-fines-de-extincion-de-dominio-bienes-de-narcotraficante-extraditado-a-espana\/","url":"https:\/\/www.fiscalia.gov.co\/colombia\/extincion-de-dominio\/ocupados-con-fines-de-extincion-de-dominio-bienes-de-narcotraficante-extraditado-a-espana\/","name":"Fiscal\u00eda General de la Naci\u00f3n","isPartOf":{"@id":"https:\/\/www.fiscalia.gov.co\/colombia\/#website"},"datePublished":"2020-10-29T14:12:27+00:00","dateModified":"2020-10-29T22:30:14+00:00","description":"P\u00e1gina oficial de la Fiscal\u00eda General de la Naci\u00f3n \u2013 Colombia. Garantizamos el acceso efectivo a la justicia, la verdad y la reparaci\u00f3n de las v\u00edctimas de los delitos.","breadcrumb":{"@id":"https:\/\/www.fiscalia.gov.co\/colombia\/extincion-de-dominio\/ocupados-con-fines-de-extincion-de-dominio-bienes-de-narcotraficante-extraditado-a-espana\/#breadcrumb"},"inLanguage":"es-CO","potentialAction":[{"@type":"ReadAction","target":["https:\/\/www.fiscalia.gov.co\/colombia\/extincion-de-dominio\/ocupados-con-fines-de-extincion-de-dominio-bienes-de-narcotraficante-extraditado-a-espana\/"]}]},{"@type":"BreadcrumbList","@id":"https:\/\/www.fiscalia.gov.co\/colombia\/extincion-de-dominio\/ocupados-con-fines-de-extincion-de-dominio-bienes-de-narcotraficante-extraditado-a-espana\/#breadcrumb","itemListElement":[{"@type":"ListItem","position":1,"name":"Home","item":"https:\/\/www.fiscalia.gov.co\/colombia\/"},{"@type":"ListItem","position":2,"name":"Ocupados con fines de extinci\u00f3n de dominio bienes de narcotraficante extraditado a Espa\u00f1a"}]},{"@type":"WebSite","@id":"https:\/\/www.fiscalia.gov.co\/colombia\/#website","url":"https:\/\/www.fiscalia.gov.co\/colombia\/","name":"Fiscal\u00eda General de la Naci\u00f3n","description":"P\u00e1gina oficial de la Fiscal\u00eda General de la Naci\u00f3n \u2013 Colombia. Garantizamos el acceso efectivo a la justicia, la verdad y la reparaci\u00f3n de las v\u00edctimas de los delitos.","publisher":{"@id":"https:\/\/www.fiscalia.gov.co\/colombia\/#organization"},"potentialAction":[{"@type":"SearchAction","target":{"@type":"EntryPoint","urlTemplate":"https:\/\/www.fiscalia.gov.co\/colombia\/?s={search_term_string}"},"query-input":{"@type":"PropertyValueSpecification","valueRequired":true,"valueName":"search_term_string"}}],"inLanguage":"es-CO"},{"@type":"Organization","@id":"https:\/\/www.fiscalia.gov.co\/colombia\/#organization","name":"Fiscal\u00eda General de la Naci\u00f3n","url":"https:\/\/www.fiscalia.gov.co\/colombia\/","logo":{"@type":"ImageObject","inLanguage":"es-CO","@id":"https:\/\/www.fiscalia.gov.co\/colombia\/#\/schema\/logo\/image\/","url":"https:\/\/www.fiscalia.gov.co\/colombia\/wp-content\/uploads\/LogoHorizontal_1.jpg","contentUrl":"https:\/\/www.fiscalia.gov.co\/colombia\/wp-content\/uploads\/LogoHorizontal_1.jpg","width":300,"height":90,"caption":"Fiscal\u00eda General de la Naci\u00f3n"},"image":{"@id":"https:\/\/www.fiscalia.gov.co\/colombia\/#\/schema\/logo\/image\/"},"sameAs":["https:\/\/www.facebook.com\/FiscaliaCol","https:\/\/x.com\/FiscaliaCol","https:\/\/www.instagram.com\/fiscaliacol","https:\/\/www.linkedin.com\/company\/fiscalia-general-de-la-naci-n\/","https:\/\/youtube.com\/@fiscaliageneraldelanacion-4668?si=6nN79nyQICPU5iTh"]},{"@type":"Person","@id":"https:\/\/www.fiscalia.gov.co\/colombia\/#\/schema\/person\/bf28d8ae7f1b287bbe3af484b04f43ea","name":"Direcci\u00f3n de Comunicaciones Fiscal\u00eda General de la Naci\u00f3n","image":{"@type":"ImageObject","inLanguage":"es-CO","@id":"https:\/\/www.fiscalia.gov.co\/colombia\/#\/schema\/person\/image\/","url":"https:\/\/secure.gravatar.com\/avatar\/9d55ae161d32da16dbdd0b380c080a5f?s=96&d=mm&r=g","contentUrl":"https:\/\/secure.gravatar.com\/avatar\/9d55ae161d32da16dbdd0b380c080a5f?s=96&d=mm&r=g","caption":"Direcci\u00f3n de Comunicaciones Fiscal\u00eda General de la Naci\u00f3n"},"url":"https:\/\/www.fiscalia.gov.co\/colombia\/author\/kbonilla\/"}]}},"_links":{"self":[{"href":"https:\/\/www.fiscalia.gov.co\/colombia\/wp-json\/wp\/v2\/posts\/205459","targetHints":{"allow":["GET"]}}],"collection":[{"href":"https:\/\/www.fiscalia.gov.co\/colombia\/wp-json\/wp\/v2\/posts"}],"about":[{"href":"https:\/\/www.fiscalia.gov.co\/colombia\/wp-json\/wp\/v2\/types\/post"}],"author":[{"embeddable":true,"href":"https:\/\/www.fiscalia.gov.co\/colombia\/wp-json\/wp\/v2\/users\/162"}],"replies":[{"embeddable":true,"href":"https:\/\/www.fiscalia.gov.co\/colombia\/wp-json\/wp\/v2\/comments?post=205459"}],"version-history":[{"count":1,"href":"https:\/\/www.fiscalia.gov.co\/colombia\/wp-json\/wp\/v2\/posts\/205459\/revisions"}],"predecessor-version":[{"id":205463,"href":"https:\/\/www.fiscalia.gov.co\/colombia\/wp-json\/wp\/v2\/posts\/205459\/revisions\/205463"}],"wp:attachment":[{"href":"https:\/\/www.fiscalia.gov.co\/colombia\/wp-json\/wp\/v2\/media?parent=205459"}],"wp:term":[{"taxonomy":"category","embeddable":true,"href":"https:\/\/www.fiscalia.gov.co\/colombia\/wp-json\/wp\/v2\/categories?post=205459"},{"taxonomy":"post_tag","embeddable":true,"href":"https:\/\/www.fiscalia.gov.co\/colombia\/wp-json\/wp\/v2\/tags?post=205459"}],"curies":[{"name":"wp","href":"https:\/\/api.w.org\/{rel}","templated":true}]}}