{"id":205072,"date":"2020-10-25T09:07:33","date_gmt":"2020-10-25T14:07:33","guid":{"rendered":"https:\/\/www.fiscalia.gov.co\/colombia\/?p=205072"},"modified":"2020-10-25T09:07:33","modified_gmt":"2020-10-25T14:07:33","slug":"aseguradas-ocho-personas-que-presuntamente-extraian-ilegalmente-carbon-de-tres-minas-de-zulia-norte-de-santander-6-mil-toneladas-del-mineral-serian-sacadas-cada-mes","status":"publish","type":"post","link":"https:\/\/www.fiscalia.gov.co\/colombia\/derechos-humanos\/aseguradas-ocho-personas-que-presuntamente-extraian-ilegalmente-carbon-de-tres-minas-de-zulia-norte-de-santander-6-mil-toneladas-del-mineral-serian-sacadas-cada-mes\/","title":{"rendered":"Aseguradas ocho personas que, presuntamente, extra\u00edan ilegalmente carb\u00f3n de tres minas de Zulia, Norte de Santander, 6 mil toneladas del mineral ser\u00edan sacadas cada mes"},"content":{"rendered":"<blockquote class=\"td_quote_box td_box_center\">\n<h4 style=\"text-align: left;\"><strong><em>Las minas y socavones fueron cerrados por autoridades locales pues no contaban con los permisos y autorizaciones de ley. A pesar de esto los implicados continuaron con la extracci\u00f3n ilegal del mineral causando un grave da\u00f1o al medio ambiente.<\/em><\/strong><\/h4>\n<\/blockquote>\n<p>Ante un juez con funciones de control de garant\u00edas de C\u00facuta (Norte de Santander) fueron presentadas ocho personas imputadas por la Fiscal\u00eda como presuntas responsables de los <strong>delitos de <\/strong><strong>explotaci\u00f3n il\u00edcita de yacimientos mineros, da\u00f1o a los recursos naturales y contaminaci\u00f3n ambiental por explotaci\u00f3n de yacimientos mineros<\/strong>. Cargos que ninguno de los implicados acept\u00f3.<\/p>\n<p>Tras exponer los argumentos, la Fiscal\u00eda vincul\u00f3 formalmente a las ocho personas a la investigaci\u00f3n y el juez del caso dict\u00f3 medida de aseguramiento en su contra.<\/p>\n<p>Esta acci\u00f3n fue adelantada en el marco de los direccionamientos estrat\u00e9gicos trazados por el Fiscal General de la Naci\u00f3n, Francisco Barbosa Delgado, para quien la protecci\u00f3n del medio ambiente es una prioridad.<\/p>\n<p>La operaci\u00f3n que termin\u00f3 con estas ocho judicializaciones fue liderada por la Direcci\u00f3n Especializada contra Violaciones a los Derechos Humanos &#8211; Eje Tem\u00e1tico Protecci\u00f3n a los Recursos Naturales y el Medio Ambiente, por medio de la Fiscal\u00eda 10 Especializada y cont\u00f3 con el apoyo de la Direcci\u00f3n de Carabineros y Seguridad Rural de la Polic\u00eda Nacional.<\/p>\n<p>Los funcionarios que hicieron parte de esta acci\u00f3n ejecutaron allanamientos en tres minas ilegales de carb\u00f3n, ubicadas en la vereda 20 de Julio del municipio de Zulia (Norte de Santander). All\u00ed fueron capturados los ocho implicados, dos de ellos de nacionalidad venezolana.<\/p>\n<p><strong>Minas ilegales<\/strong><\/p>\n<p>Las investigaciones de polic\u00eda judicial evidenciaron como, al menos, en los \u00faltimos cinco a\u00f1os se adelantaba la explotaci\u00f3n il\u00edcita de carb\u00f3n en las referidas minas, tipo socav\u00f3n.<\/p>\n<p>C\u00e1lculos preliminares dan cuenta de que, al menos, seis toneladas del mineral eran sacadas mensualmente de las minas.\u00a0 Dicha actividad, se precis\u00f3, se realizaba de manera anti t\u00e9cnica, insostenible, sin medidas de control y manejo ambiental y no contaban con las normas m\u00ednimas de seguridad requeridas para la extracci\u00f3n del carb\u00f3n del subsuelo, o un plan de manejo ambiental para su pleno funcionamiento.<\/p>\n<p>Las minas fueron consideradas ilegales debido a que no contaban con el respectivo t\u00edtulo minero entregado por la Agencia Nacional de Miner\u00eda y Licencia Ambiental, o su equivalente por parte de la Corporaci\u00f3n Aut\u00f3noma Regional de la Frontera Nororiental (Corponor) para la explotaci\u00f3n del carb\u00f3n.<\/p>\n<p>No obstante, s\u00ed contaban con equipos mec\u00e1nicos especializados como motores, comprensores, plantas el\u00e9ctricas, volquetas, malacates (equipo que permite subir a la superficie las vagonetas con el mineral).<\/p>\n<p>Por petici\u00f3n de la Delegada para el Medio Ambiente de la Procuradur\u00eda General de la Naci\u00f3n, autoridades locales del municipio de Zulia (Norte de Santander) hab\u00edan realizado, previamente, visitas de inspecci\u00f3n y hab\u00edan sellado las minas. A pesar de esto los sellos fueron levantados y continuaron la actividad il\u00edcita, sin importar el grave da\u00f1o al medio ambiente y el riesgo latente de muerte para los mineros.<\/p>\n<p><strong>Da\u00f1o ambiental<\/strong><\/p>\n<p>El impacto ambiental es visible a simple vista. La contaminaci\u00f3n provocada por la extracci\u00f3n de carb\u00f3n sin contar con las condiciones requeridas gener\u00f3 graves perjuicios al suelo, al aire, al paisaje y; claro, a la comunidad que vive en la vereda 20 de Julio.<\/p>\n<p>Las irregularidades encontradas permitieron establecer que hay movimientos de grandes cantidades de material minero y tierra sin control.<\/p>\n<p>Desapareci\u00f3 la capa vegetal nativa en cientos de metros en torno a las minas. Hay evidente erosi\u00f3n y compactaci\u00f3n del subsuelo. No hay un adecuado manejo de aguas residuales, por lo que se contamina el medio ambiente. El uso de volquetas descapotadas provoc\u00f3 que el polvillo del carb\u00f3n se esparciera impactando negativamente el aire que respiran los campesinos de la zona y en algunas bocaminas hay agrietamiento del suelo.<\/p>\n<p>La Fiscal\u00eda General de la Naci\u00f3n publica la presente informaci\u00f3n por considerarla de inter\u00e9s general.<\/p>\n<p>&nbsp;<\/p>\n<p>AG\/MAGA<\/p>\n\n<div class=\"twitter-share\"><a href=\"https:\/\/twitter.com\/intent\/tweet?via=fiscaliacol\" class=\"twitter-share-button\">Tweet<\/a><\/div>\n","protected":false},"excerpt":{"rendered":"<p>Las minas y socavones fueron cerrados por autoridades locales pues no contaban con los permisos y autorizaciones de ley. A pesar de esto los implicados continuaron con la extracci\u00f3n ilegal del mineral causando un grave da\u00f1o al medio ambiente. Ante un juez con funciones de control de garant\u00edas de C\u00facuta (Norte de Santander) fueron presentadas [&hellip;]<\/p>\n","protected":false},"author":162,"featured_media":0,"comment_status":"closed","ping_status":"open","sticky":false,"template":"","format":"standard","meta":{"_price":"","_stock":"","_tribe_ticket_header":"","_tribe_default_ticket_provider":"","_tribe_ticket_capacity":"0","_ticket_start_date":"","_ticket_end_date":"","_tribe_ticket_show_description":"","_tribe_ticket_show_not_going":false,"_tribe_ticket_use_global_stock":"","_tribe_ticket_global_stock_level":"","_global_stock_mode":"","_global_stock_cap":"","_tribe_rsvp_for_event":"","_tribe_ticket_going_count":"","_tribe_ticket_not_going_count":"","_tribe_tickets_list":"[]","_tribe_ticket_has_attendee_info_fields":false,"tdm_status":"","tdm_grid_status":"","footnotes":""},"categories":[24102,1],"tags":[],"class_list":{"0":"post-205072","1":"post","2":"type-post","3":"status-publish","4":"format-standard","6":"category-derechos-humanos","7":"category-noticias"},"yoast_head":"<!-- This site is optimized with the Yoast SEO plugin v24.3 - https:\/\/yoast.com\/wordpress\/plugins\/seo\/ -->\n<title>Fiscal\u00eda General de la Naci\u00f3n<\/title>\n<meta name=\"description\" content=\"P\u00e1gina oficial de la Fiscal\u00eda General de la Naci\u00f3n \u2013 Colombia. Garantizamos el acceso efectivo a la justicia, la verdad y la reparaci\u00f3n de las v\u00edctimas de los delitos.\" \/>\n<meta name=\"robots\" content=\"noindex, follow\" \/>\n<meta property=\"og:locale\" content=\"es_ES\" \/>\n<meta property=\"og:type\" content=\"article\" \/>\n<meta property=\"og:title\" content=\"Fiscal\u00eda General de la Naci\u00f3n\" \/>\n<meta property=\"og:description\" content=\"P\u00e1gina oficial de la Fiscal\u00eda General de la Naci\u00f3n \u2013 Colombia. Garantizamos el acceso efectivo a la justicia, la verdad y la reparaci\u00f3n de las v\u00edctimas de los delitos.\" \/>\n<meta property=\"og:url\" content=\"https:\/\/www.fiscalia.gov.co\/colombia\/derechos-humanos\/aseguradas-ocho-personas-que-presuntamente-extraian-ilegalmente-carbon-de-tres-minas-de-zulia-norte-de-santander-6-mil-toneladas-del-mineral-serian-sacadas-cada-mes\/\" \/>\n<meta property=\"og:site_name\" content=\"Fiscal\u00eda General de la Naci\u00f3n\" \/>\n<meta property=\"article:publisher\" content=\"https:\/\/www.facebook.com\/FiscaliaCol\" \/>\n<meta property=\"article:published_time\" content=\"2020-10-25T14:07:33+00:00\" \/>\n<meta name=\"author\" content=\"Direcci\u00f3n de Comunicaciones Fiscal\u00eda General de la Naci\u00f3n\" \/>\n<meta name=\"twitter:card\" content=\"summary_large_image\" \/>\n<meta name=\"twitter:creator\" content=\"@FiscaliaCol\" \/>\n<meta name=\"twitter:site\" content=\"@FiscaliaCol\" \/>\n<meta name=\"twitter:label1\" content=\"Escrito por\" \/>\n\t<meta name=\"twitter:data1\" content=\"Direcci\u00f3n de Comunicaciones Fiscal\u00eda General de la Naci\u00f3n\" \/>\n\t<meta name=\"twitter:label2\" content=\"Tiempo de lectura\" \/>\n\t<meta name=\"twitter:data2\" content=\"3 minutos\" \/>\n<script type=\"application\/ld+json\" class=\"yoast-schema-graph\">{\"@context\":\"https:\/\/schema.org\",\"@graph\":[{\"@type\":\"Article\",\"@id\":\"https:\/\/www.fiscalia.gov.co\/colombia\/derechos-humanos\/aseguradas-ocho-personas-que-presuntamente-extraian-ilegalmente-carbon-de-tres-minas-de-zulia-norte-de-santander-6-mil-toneladas-del-mineral-serian-sacadas-cada-mes\/#article\",\"isPartOf\":{\"@id\":\"https:\/\/www.fiscalia.gov.co\/colombia\/derechos-humanos\/aseguradas-ocho-personas-que-presuntamente-extraian-ilegalmente-carbon-de-tres-minas-de-zulia-norte-de-santander-6-mil-toneladas-del-mineral-serian-sacadas-cada-mes\/\"},\"author\":{\"name\":\"Direcci\u00f3n de Comunicaciones Fiscal\u00eda General de la Naci\u00f3n\",\"@id\":\"https:\/\/www.fiscalia.gov.co\/colombia\/#\/schema\/person\/bf28d8ae7f1b287bbe3af484b04f43ea\"},\"headline\":\"Aseguradas ocho personas que, presuntamente, extra\u00edan ilegalmente carb\u00f3n de tres minas de Zulia, Norte de Santander, 6 mil toneladas del mineral ser\u00edan sacadas cada mes\",\"datePublished\":\"2020-10-25T14:07:33+00:00\",\"dateModified\":\"2020-10-25T14:07:33+00:00\",\"mainEntityOfPage\":{\"@id\":\"https:\/\/www.fiscalia.gov.co\/colombia\/derechos-humanos\/aseguradas-ocho-personas-que-presuntamente-extraian-ilegalmente-carbon-de-tres-minas-de-zulia-norte-de-santander-6-mil-toneladas-del-mineral-serian-sacadas-cada-mes\/\"},\"wordCount\":718,\"publisher\":{\"@id\":\"https:\/\/www.fiscalia.gov.co\/colombia\/#organization\"},\"articleSection\":[\"Derechos Humanos\",\"Noticias\"],\"inLanguage\":\"es-CO\"},{\"@type\":\"WebPage\",\"@id\":\"https:\/\/www.fiscalia.gov.co\/colombia\/derechos-humanos\/aseguradas-ocho-personas-que-presuntamente-extraian-ilegalmente-carbon-de-tres-minas-de-zulia-norte-de-santander-6-mil-toneladas-del-mineral-serian-sacadas-cada-mes\/\",\"url\":\"https:\/\/www.fiscalia.gov.co\/colombia\/derechos-humanos\/aseguradas-ocho-personas-que-presuntamente-extraian-ilegalmente-carbon-de-tres-minas-de-zulia-norte-de-santander-6-mil-toneladas-del-mineral-serian-sacadas-cada-mes\/\",\"name\":\"Fiscal\u00eda General de la Naci\u00f3n\",\"isPartOf\":{\"@id\":\"https:\/\/www.fiscalia.gov.co\/colombia\/#website\"},\"datePublished\":\"2020-10-25T14:07:33+00:00\",\"dateModified\":\"2020-10-25T14:07:33+00:00\",\"description\":\"P\u00e1gina oficial de la Fiscal\u00eda General de la Naci\u00f3n \u2013 Colombia. Garantizamos el acceso efectivo a la justicia, la verdad y la reparaci\u00f3n de las v\u00edctimas de los delitos.\",\"breadcrumb\":{\"@id\":\"https:\/\/www.fiscalia.gov.co\/colombia\/derechos-humanos\/aseguradas-ocho-personas-que-presuntamente-extraian-ilegalmente-carbon-de-tres-minas-de-zulia-norte-de-santander-6-mil-toneladas-del-mineral-serian-sacadas-cada-mes\/#breadcrumb\"},\"inLanguage\":\"es-CO\",\"potentialAction\":[{\"@type\":\"ReadAction\",\"target\":[\"https:\/\/www.fiscalia.gov.co\/colombia\/derechos-humanos\/aseguradas-ocho-personas-que-presuntamente-extraian-ilegalmente-carbon-de-tres-minas-de-zulia-norte-de-santander-6-mil-toneladas-del-mineral-serian-sacadas-cada-mes\/\"]}]},{\"@type\":\"BreadcrumbList\",\"@id\":\"https:\/\/www.fiscalia.gov.co\/colombia\/derechos-humanos\/aseguradas-ocho-personas-que-presuntamente-extraian-ilegalmente-carbon-de-tres-minas-de-zulia-norte-de-santander-6-mil-toneladas-del-mineral-serian-sacadas-cada-mes\/#breadcrumb\",\"itemListElement\":[{\"@type\":\"ListItem\",\"position\":1,\"name\":\"Home\",\"item\":\"https:\/\/www.fiscalia.gov.co\/colombia\/\"},{\"@type\":\"ListItem\",\"position\":2,\"name\":\"Aseguradas ocho personas que, presuntamente, extra\u00edan ilegalmente carb\u00f3n de tres minas de Zulia, Norte de Santander, 6 mil toneladas del mineral ser\u00edan sacadas cada mes\"}]},{\"@type\":\"WebSite\",\"@id\":\"https:\/\/www.fiscalia.gov.co\/colombia\/#website\",\"url\":\"https:\/\/www.fiscalia.gov.co\/colombia\/\",\"name\":\"Fiscal\u00eda General de la Naci\u00f3n\",\"description\":\"P\u00e1gina oficial de la Fiscal\u00eda General de la Naci\u00f3n \u2013 Colombia. Garantizamos el acceso efectivo a la justicia, la verdad y la reparaci\u00f3n de las v\u00edctimas de los delitos.\",\"publisher\":{\"@id\":\"https:\/\/www.fiscalia.gov.co\/colombia\/#organization\"},\"potentialAction\":[{\"@type\":\"SearchAction\",\"target\":{\"@type\":\"EntryPoint\",\"urlTemplate\":\"https:\/\/www.fiscalia.gov.co\/colombia\/?s={search_term_string}\"},\"query-input\":{\"@type\":\"PropertyValueSpecification\",\"valueRequired\":true,\"valueName\":\"search_term_string\"}}],\"inLanguage\":\"es-CO\"},{\"@type\":\"Organization\",\"@id\":\"https:\/\/www.fiscalia.gov.co\/colombia\/#organization\",\"name\":\"Fiscal\u00eda General de la Naci\u00f3n\",\"url\":\"https:\/\/www.fiscalia.gov.co\/colombia\/\",\"logo\":{\"@type\":\"ImageObject\",\"inLanguage\":\"es-CO\",\"@id\":\"https:\/\/www.fiscalia.gov.co\/colombia\/#\/schema\/logo\/image\/\",\"url\":\"https:\/\/www.fiscalia.gov.co\/colombia\/wp-content\/uploads\/LogoHorizontal_1.jpg\",\"contentUrl\":\"https:\/\/www.fiscalia.gov.co\/colombia\/wp-content\/uploads\/LogoHorizontal_1.jpg\",\"width\":300,\"height\":90,\"caption\":\"Fiscal\u00eda General de la Naci\u00f3n\"},\"image\":{\"@id\":\"https:\/\/www.fiscalia.gov.co\/colombia\/#\/schema\/logo\/image\/\"},\"sameAs\":[\"https:\/\/www.facebook.com\/FiscaliaCol\",\"https:\/\/x.com\/FiscaliaCol\",\"https:\/\/www.instagram.com\/fiscaliacol\",\"https:\/\/www.linkedin.com\/company\/fiscalia-general-de-la-naci-n\/\",\"https:\/\/youtube.com\/@fiscaliageneraldelanacion-4668?si=6nN79nyQICPU5iTh\"]},{\"@type\":\"Person\",\"@id\":\"https:\/\/www.fiscalia.gov.co\/colombia\/#\/schema\/person\/bf28d8ae7f1b287bbe3af484b04f43ea\",\"name\":\"Direcci\u00f3n de Comunicaciones Fiscal\u00eda General de la Naci\u00f3n\",\"image\":{\"@type\":\"ImageObject\",\"inLanguage\":\"es-CO\",\"@id\":\"https:\/\/www.fiscalia.gov.co\/colombia\/#\/schema\/person\/image\/\",\"url\":\"https:\/\/secure.gravatar.com\/avatar\/9d55ae161d32da16dbdd0b380c080a5f?s=96&d=mm&r=g\",\"contentUrl\":\"https:\/\/secure.gravatar.com\/avatar\/9d55ae161d32da16dbdd0b380c080a5f?s=96&d=mm&r=g\",\"caption\":\"Direcci\u00f3n de Comunicaciones Fiscal\u00eda General de la Naci\u00f3n\"},\"url\":\"https:\/\/www.fiscalia.gov.co\/colombia\/author\/kbonilla\/\"}]}<\/script>\n<!-- \/ Yoast SEO plugin. -->","yoast_head_json":{"title":"Fiscal\u00eda General de la Naci\u00f3n","description":"P\u00e1gina oficial de la Fiscal\u00eda General de la Naci\u00f3n \u2013 Colombia. Garantizamos el acceso efectivo a la justicia, la verdad y la reparaci\u00f3n de las v\u00edctimas de los delitos.","robots":{"index":"noindex","follow":"follow"},"og_locale":"es_ES","og_type":"article","og_title":"Fiscal\u00eda General de la Naci\u00f3n","og_description":"P\u00e1gina oficial de la Fiscal\u00eda General de la Naci\u00f3n \u2013 Colombia. Garantizamos el acceso efectivo a la justicia, la verdad y la reparaci\u00f3n de las v\u00edctimas de los delitos.","og_url":"https:\/\/www.fiscalia.gov.co\/colombia\/derechos-humanos\/aseguradas-ocho-personas-que-presuntamente-extraian-ilegalmente-carbon-de-tres-minas-de-zulia-norte-de-santander-6-mil-toneladas-del-mineral-serian-sacadas-cada-mes\/","og_site_name":"Fiscal\u00eda General de la Naci\u00f3n","article_publisher":"https:\/\/www.facebook.com\/FiscaliaCol","article_published_time":"2020-10-25T14:07:33+00:00","author":"Direcci\u00f3n de Comunicaciones Fiscal\u00eda General de la Naci\u00f3n","twitter_card":"summary_large_image","twitter_creator":"@FiscaliaCol","twitter_site":"@FiscaliaCol","twitter_misc":{"Escrito por":"Direcci\u00f3n de Comunicaciones Fiscal\u00eda General de la Naci\u00f3n","Tiempo de lectura":"3 minutos"},"schema":{"@context":"https:\/\/schema.org","@graph":[{"@type":"Article","@id":"https:\/\/www.fiscalia.gov.co\/colombia\/derechos-humanos\/aseguradas-ocho-personas-que-presuntamente-extraian-ilegalmente-carbon-de-tres-minas-de-zulia-norte-de-santander-6-mil-toneladas-del-mineral-serian-sacadas-cada-mes\/#article","isPartOf":{"@id":"https:\/\/www.fiscalia.gov.co\/colombia\/derechos-humanos\/aseguradas-ocho-personas-que-presuntamente-extraian-ilegalmente-carbon-de-tres-minas-de-zulia-norte-de-santander-6-mil-toneladas-del-mineral-serian-sacadas-cada-mes\/"},"author":{"name":"Direcci\u00f3n de Comunicaciones Fiscal\u00eda General de la Naci\u00f3n","@id":"https:\/\/www.fiscalia.gov.co\/colombia\/#\/schema\/person\/bf28d8ae7f1b287bbe3af484b04f43ea"},"headline":"Aseguradas ocho personas que, presuntamente, extra\u00edan ilegalmente carb\u00f3n de tres minas de Zulia, Norte de Santander, 6 mil toneladas del mineral ser\u00edan sacadas cada mes","datePublished":"2020-10-25T14:07:33+00:00","dateModified":"2020-10-25T14:07:33+00:00","mainEntityOfPage":{"@id":"https:\/\/www.fiscalia.gov.co\/colombia\/derechos-humanos\/aseguradas-ocho-personas-que-presuntamente-extraian-ilegalmente-carbon-de-tres-minas-de-zulia-norte-de-santander-6-mil-toneladas-del-mineral-serian-sacadas-cada-mes\/"},"wordCount":718,"publisher":{"@id":"https:\/\/www.fiscalia.gov.co\/colombia\/#organization"},"articleSection":["Derechos Humanos","Noticias"],"inLanguage":"es-CO"},{"@type":"WebPage","@id":"https:\/\/www.fiscalia.gov.co\/colombia\/derechos-humanos\/aseguradas-ocho-personas-que-presuntamente-extraian-ilegalmente-carbon-de-tres-minas-de-zulia-norte-de-santander-6-mil-toneladas-del-mineral-serian-sacadas-cada-mes\/","url":"https:\/\/www.fiscalia.gov.co\/colombia\/derechos-humanos\/aseguradas-ocho-personas-que-presuntamente-extraian-ilegalmente-carbon-de-tres-minas-de-zulia-norte-de-santander-6-mil-toneladas-del-mineral-serian-sacadas-cada-mes\/","name":"Fiscal\u00eda General de la Naci\u00f3n","isPartOf":{"@id":"https:\/\/www.fiscalia.gov.co\/colombia\/#website"},"datePublished":"2020-10-25T14:07:33+00:00","dateModified":"2020-10-25T14:07:33+00:00","description":"P\u00e1gina oficial de la Fiscal\u00eda General de la Naci\u00f3n \u2013 Colombia. Garantizamos el acceso efectivo a la justicia, la verdad y la reparaci\u00f3n de las v\u00edctimas de los delitos.","breadcrumb":{"@id":"https:\/\/www.fiscalia.gov.co\/colombia\/derechos-humanos\/aseguradas-ocho-personas-que-presuntamente-extraian-ilegalmente-carbon-de-tres-minas-de-zulia-norte-de-santander-6-mil-toneladas-del-mineral-serian-sacadas-cada-mes\/#breadcrumb"},"inLanguage":"es-CO","potentialAction":[{"@type":"ReadAction","target":["https:\/\/www.fiscalia.gov.co\/colombia\/derechos-humanos\/aseguradas-ocho-personas-que-presuntamente-extraian-ilegalmente-carbon-de-tres-minas-de-zulia-norte-de-santander-6-mil-toneladas-del-mineral-serian-sacadas-cada-mes\/"]}]},{"@type":"BreadcrumbList","@id":"https:\/\/www.fiscalia.gov.co\/colombia\/derechos-humanos\/aseguradas-ocho-personas-que-presuntamente-extraian-ilegalmente-carbon-de-tres-minas-de-zulia-norte-de-santander-6-mil-toneladas-del-mineral-serian-sacadas-cada-mes\/#breadcrumb","itemListElement":[{"@type":"ListItem","position":1,"name":"Home","item":"https:\/\/www.fiscalia.gov.co\/colombia\/"},{"@type":"ListItem","position":2,"name":"Aseguradas ocho personas que, presuntamente, extra\u00edan ilegalmente carb\u00f3n de tres minas de Zulia, Norte de Santander, 6 mil toneladas del mineral ser\u00edan sacadas cada mes"}]},{"@type":"WebSite","@id":"https:\/\/www.fiscalia.gov.co\/colombia\/#website","url":"https:\/\/www.fiscalia.gov.co\/colombia\/","name":"Fiscal\u00eda General de la Naci\u00f3n","description":"P\u00e1gina oficial de la Fiscal\u00eda General de la Naci\u00f3n \u2013 Colombia. Garantizamos el acceso efectivo a la justicia, la verdad y la reparaci\u00f3n de las v\u00edctimas de los delitos.","publisher":{"@id":"https:\/\/www.fiscalia.gov.co\/colombia\/#organization"},"potentialAction":[{"@type":"SearchAction","target":{"@type":"EntryPoint","urlTemplate":"https:\/\/www.fiscalia.gov.co\/colombia\/?s={search_term_string}"},"query-input":{"@type":"PropertyValueSpecification","valueRequired":true,"valueName":"search_term_string"}}],"inLanguage":"es-CO"},{"@type":"Organization","@id":"https:\/\/www.fiscalia.gov.co\/colombia\/#organization","name":"Fiscal\u00eda General de la Naci\u00f3n","url":"https:\/\/www.fiscalia.gov.co\/colombia\/","logo":{"@type":"ImageObject","inLanguage":"es-CO","@id":"https:\/\/www.fiscalia.gov.co\/colombia\/#\/schema\/logo\/image\/","url":"https:\/\/www.fiscalia.gov.co\/colombia\/wp-content\/uploads\/LogoHorizontal_1.jpg","contentUrl":"https:\/\/www.fiscalia.gov.co\/colombia\/wp-content\/uploads\/LogoHorizontal_1.jpg","width":300,"height":90,"caption":"Fiscal\u00eda General de la Naci\u00f3n"},"image":{"@id":"https:\/\/www.fiscalia.gov.co\/colombia\/#\/schema\/logo\/image\/"},"sameAs":["https:\/\/www.facebook.com\/FiscaliaCol","https:\/\/x.com\/FiscaliaCol","https:\/\/www.instagram.com\/fiscaliacol","https:\/\/www.linkedin.com\/company\/fiscalia-general-de-la-naci-n\/","https:\/\/youtube.com\/@fiscaliageneraldelanacion-4668?si=6nN79nyQICPU5iTh"]},{"@type":"Person","@id":"https:\/\/www.fiscalia.gov.co\/colombia\/#\/schema\/person\/bf28d8ae7f1b287bbe3af484b04f43ea","name":"Direcci\u00f3n de Comunicaciones Fiscal\u00eda General de la Naci\u00f3n","image":{"@type":"ImageObject","inLanguage":"es-CO","@id":"https:\/\/www.fiscalia.gov.co\/colombia\/#\/schema\/person\/image\/","url":"https:\/\/secure.gravatar.com\/avatar\/9d55ae161d32da16dbdd0b380c080a5f?s=96&d=mm&r=g","contentUrl":"https:\/\/secure.gravatar.com\/avatar\/9d55ae161d32da16dbdd0b380c080a5f?s=96&d=mm&r=g","caption":"Direcci\u00f3n de Comunicaciones Fiscal\u00eda General de la Naci\u00f3n"},"url":"https:\/\/www.fiscalia.gov.co\/colombia\/author\/kbonilla\/"}]}},"_links":{"self":[{"href":"https:\/\/www.fiscalia.gov.co\/colombia\/wp-json\/wp\/v2\/posts\/205072","targetHints":{"allow":["GET"]}}],"collection":[{"href":"https:\/\/www.fiscalia.gov.co\/colombia\/wp-json\/wp\/v2\/posts"}],"about":[{"href":"https:\/\/www.fiscalia.gov.co\/colombia\/wp-json\/wp\/v2\/types\/post"}],"author":[{"embeddable":true,"href":"https:\/\/www.fiscalia.gov.co\/colombia\/wp-json\/wp\/v2\/users\/162"}],"replies":[{"embeddable":true,"href":"https:\/\/www.fiscalia.gov.co\/colombia\/wp-json\/wp\/v2\/comments?post=205072"}],"version-history":[{"count":1,"href":"https:\/\/www.fiscalia.gov.co\/colombia\/wp-json\/wp\/v2\/posts\/205072\/revisions"}],"predecessor-version":[{"id":205073,"href":"https:\/\/www.fiscalia.gov.co\/colombia\/wp-json\/wp\/v2\/posts\/205072\/revisions\/205073"}],"wp:attachment":[{"href":"https:\/\/www.fiscalia.gov.co\/colombia\/wp-json\/wp\/v2\/media?parent=205072"}],"wp:term":[{"taxonomy":"category","embeddable":true,"href":"https:\/\/www.fiscalia.gov.co\/colombia\/wp-json\/wp\/v2\/categories?post=205072"},{"taxonomy":"post_tag","embeddable":true,"href":"https:\/\/www.fiscalia.gov.co\/colombia\/wp-json\/wp\/v2\/tags?post=205072"}],"curies":[{"name":"wp","href":"https:\/\/api.w.org\/{rel}","templated":true}]}}