{"id":204923,"date":"2020-10-23T10:43:25","date_gmt":"2020-10-23T15:43:25","guid":{"rendered":"https:\/\/www.fiscalia.gov.co\/colombia\/?p=204923"},"modified":"2020-10-23T10:44:23","modified_gmt":"2020-10-23T15:44:23","slug":"imputados-un-exalcalde-y-tres-personas-mas-por-presunta-responsabilidad-en-la-no-construccion-de-un-puente-en-vaupes","status":"publish","type":"post","link":"https:\/\/www.fiscalia.gov.co\/colombia\/seccionales\/imputados-un-exalcalde-y-tres-personas-mas-por-presunta-responsabilidad-en-la-no-construccion-de-un-puente-en-vaupes\/","title":{"rendered":"Imputados un exalcalde y tres personas m\u00e1s por presunta responsabilidad en la no construcci\u00f3n de un puente en Vaup\u00e9s"},"content":{"rendered":"<h4><strong><i><span lang=\"es\">El 50% del valor total de la obra se habr\u00eda pagado de anticipo para la construcci\u00f3n de un puente met\u00e1lico que nunca se hizo.<\/span><\/i><\/strong><\/h4>\n<p><span lang=\"es\">La Fiscal\u00eda Seccional imput\u00f3 cargos por los delitos de\u00a0inter\u00e9s indebido en la celebraci\u00f3n de contratos,\u00a0contrato sin cumplimiento de requisitos y\u00a0peculado por apropiaci\u00f3n en concurso\u00a0simult\u00e1neo y homog\u00e9neo contra un exalcalde, un supervisor, un interventor y un contratista.\u00a0<b>Los hechos se habr\u00edan presentado desde agosto de 2015 en Mit\u00fa (Vaup\u00e9s)<\/b>.<\/span><\/p>\n<p><span lang=\"es\">El caso hace referencia a la administraci\u00f3n local de\u00a0<b>Carlos Iv\u00e1n Ram\u00edrez Mel\u00e9ndez Moreno<\/b>, quien habr\u00eda suscrito un contrato de obra con\u00a0<b>Freddy Mauricio Ceballos Delgadillo<\/b>, con la intervenci\u00f3n de\u00a0<b>John Jairo Romero \u00c1lvarez<\/b>\u00a0y la supervisi\u00f3n de\u00a0<b>Mario Alberto P\u00e9rez Mosos<\/b>.<\/span><span lang=\"es\">\u00a0<\/span><\/p>\n<p><span lang=\"es\">El objetivo del contrato era, supuestamente, construir un puente met\u00e1lico sobre el r\u00edo Vaup\u00e9s, que\u00a0comunicar\u00eda el centro del casco urbano de Mit\u00fa con las comunidades rurales ubicadas al margen del afluente.<\/span><\/p>\n<p><span lang=\"es\">La investigaci\u00f3n, iniciada de oficio, la Fiscal\u00eda habr\u00eda determinado que no solamente habr\u00edan entregado el\u00a0<b>50 por ciento de anticipo de la obra que valdr\u00eda\u00a06.106\u2019179.955 de pesos<\/b>; sino que habr\u00edan pagado\u00a0<b>interventor\u00eda externa por 305\u2019308.996 de pesos<\/b>, con presuntas irregularidades en la contrataci\u00f3n en la cual habr\u00eda desconocimiento las normas de planeaci\u00f3n.\u00a0<\/span><\/p>\n<p><span lang=\"es\">Ante el\u00a0<b>Juzgado 1\u00b0 Promiscuo Municipal la Fiscal\u00eda se\u00f1al\u00f3 que<\/b><\/span><b><span lang=\"es\">\u00a0el contrato por el cual son investigados los imputados de haber sido objeto de m\u00faltiples suspensiones<\/span><\/b><span lang=\"es\">\u00a0de t\u00e9rminos y adiciones en plazo, sin que hasta ahora se haya realizado la obra integralmente. Hoy, se menciona en el proceso, solamente existen dos columnas a cada orilla del r\u00edo.<\/span><\/p>\n<p><span lang=\"es\">El juzgado del caso orden\u00f3\u00a0la imposici\u00f3n de medida de aseguramiento no restrictiva de la libertad para los imputados; y est\u00e1 pendiente imputaci\u00f3n para otras tres personas que estar\u00edan vinculadas en los mismos hechos.<\/span><\/p>\n<p><span lang=\"es\">Estas acciones de la Fiscal\u00eda han sido adoptadas en el marco de los lineamientos trazados por el Fiscal General de la Naci\u00f3n, Francisco Barbosa Delgado, en el marco de la lucha contra la corrupci\u00f3n.<\/span><\/p>\n<p><span lang=\"es\">La Fiscal\u00eda General publica esta informaci\u00f3n por razones de inter\u00e9s general.<\/span><\/p>\n<p><span lang=\"es-CO\">PYMP\/MAGA<\/span><\/p>\n\n<div class=\"twitter-share\"><a href=\"https:\/\/twitter.com\/intent\/tweet?via=fiscaliacol\" class=\"twitter-share-button\">Tweet<\/a><\/div>\n","protected":false},"excerpt":{"rendered":"<p>El 50% del valor total de la obra se habr\u00eda pagado de anticipo para la construcci\u00f3n de un puente met\u00e1lico que nunca se hizo. La Fiscal\u00eda Seccional imput\u00f3 cargos por los delitos de\u00a0inter\u00e9s indebido en la celebraci\u00f3n de contratos,\u00a0contrato sin cumplimiento de requisitos y\u00a0peculado por apropiaci\u00f3n en concurso\u00a0simult\u00e1neo y homog\u00e9neo contra un exalcalde, un supervisor, [&hellip;]<\/p>\n","protected":false},"author":167,"featured_media":0,"comment_status":"closed","ping_status":"open","sticky":false,"template":"","format":"standard","meta":{"_price":"","_stock":"","_tribe_ticket_header":"","_tribe_default_ticket_provider":"","_tribe_ticket_capacity":"0","_ticket_start_date":"","_ticket_end_date":"","_tribe_ticket_show_description":"","_tribe_ticket_show_not_going":false,"_tribe_ticket_use_global_stock":"","_tribe_ticket_global_stock_level":"","_global_stock_mode":"","_global_stock_cap":"","_tribe_rsvp_for_event":"","_tribe_ticket_going_count":"","_tribe_ticket_not_going_count":"","_tribe_tickets_list":"[]","_tribe_ticket_has_attendee_info_fields":false,"tdm_status":"","tdm_grid_status":"","footnotes":""},"categories":[24097,24155,303],"tags":[],"class_list":{"0":"post-204923","1":"post","2":"type-post","3":"status-publish","4":"format-standard","6":"category-corrupcion","7":"category-seccional-mitu","8":"category-seccionales"},"yoast_head":"<!-- This site is optimized with the Yoast SEO plugin v24.3 - https:\/\/yoast.com\/wordpress\/plugins\/seo\/ -->\n<title>Fiscal\u00eda General de la Naci\u00f3n<\/title>\n<meta name=\"description\" content=\"P\u00e1gina oficial de la Fiscal\u00eda General de la Naci\u00f3n \u2013 Colombia. Garantizamos el acceso efectivo a la justicia, la verdad y la reparaci\u00f3n de las v\u00edctimas de los delitos.\" \/>\n<meta name=\"robots\" content=\"noindex, follow\" \/>\n<meta property=\"og:locale\" content=\"es_ES\" \/>\n<meta property=\"og:type\" content=\"article\" \/>\n<meta property=\"og:title\" content=\"Fiscal\u00eda General de la Naci\u00f3n\" \/>\n<meta property=\"og:description\" content=\"P\u00e1gina oficial de la Fiscal\u00eda General de la Naci\u00f3n \u2013 Colombia. Garantizamos el acceso efectivo a la justicia, la verdad y la reparaci\u00f3n de las v\u00edctimas de los delitos.\" \/>\n<meta property=\"og:url\" content=\"https:\/\/www.fiscalia.gov.co\/colombia\/seccionales\/imputados-un-exalcalde-y-tres-personas-mas-por-presunta-responsabilidad-en-la-no-construccion-de-un-puente-en-vaupes\/\" \/>\n<meta property=\"og:site_name\" content=\"Fiscal\u00eda General de la Naci\u00f3n\" \/>\n<meta property=\"article:publisher\" content=\"https:\/\/www.facebook.com\/FiscaliaCol\" \/>\n<meta property=\"article:published_time\" content=\"2020-10-23T15:43:25+00:00\" \/>\n<meta property=\"article:modified_time\" content=\"2020-10-23T15:44:23+00:00\" \/>\n<meta name=\"author\" content=\"Maira Giraldo\" \/>\n<meta name=\"twitter:card\" content=\"summary_large_image\" \/>\n<meta name=\"twitter:creator\" content=\"@FiscaliaCol\" \/>\n<meta name=\"twitter:site\" content=\"@FiscaliaCol\" \/>\n<meta name=\"twitter:label1\" content=\"Escrito por\" \/>\n\t<meta name=\"twitter:data1\" content=\"Maira Giraldo\" \/>\n\t<meta name=\"twitter:label2\" content=\"Tiempo de lectura\" \/>\n\t<meta name=\"twitter:data2\" content=\"2 minutos\" \/>\n<script type=\"application\/ld+json\" class=\"yoast-schema-graph\">{\"@context\":\"https:\/\/schema.org\",\"@graph\":[{\"@type\":\"Article\",\"@id\":\"https:\/\/www.fiscalia.gov.co\/colombia\/seccionales\/imputados-un-exalcalde-y-tres-personas-mas-por-presunta-responsabilidad-en-la-no-construccion-de-un-puente-en-vaupes\/#article\",\"isPartOf\":{\"@id\":\"https:\/\/www.fiscalia.gov.co\/colombia\/seccionales\/imputados-un-exalcalde-y-tres-personas-mas-por-presunta-responsabilidad-en-la-no-construccion-de-un-puente-en-vaupes\/\"},\"author\":{\"name\":\"Maira Giraldo\",\"@id\":\"https:\/\/www.fiscalia.gov.co\/colombia\/#\/schema\/person\/2440fe3a4bf7444850658578d6d6f0c6\"},\"headline\":\"Imputados un exalcalde y tres personas m\u00e1s por presunta responsabilidad en la no construcci\u00f3n de un puente en Vaup\u00e9s\",\"datePublished\":\"2020-10-23T15:43:25+00:00\",\"dateModified\":\"2020-10-23T15:44:23+00:00\",\"mainEntityOfPage\":{\"@id\":\"https:\/\/www.fiscalia.gov.co\/colombia\/seccionales\/imputados-un-exalcalde-y-tres-personas-mas-por-presunta-responsabilidad-en-la-no-construccion-de-un-puente-en-vaupes\/\"},\"wordCount\":404,\"publisher\":{\"@id\":\"https:\/\/www.fiscalia.gov.co\/colombia\/#organization\"},\"articleSection\":[\"Corrupci\u00f3n\",\"Seccional Mit\u00fa\",\"Seccionales\"],\"inLanguage\":\"es-CO\"},{\"@type\":\"WebPage\",\"@id\":\"https:\/\/www.fiscalia.gov.co\/colombia\/seccionales\/imputados-un-exalcalde-y-tres-personas-mas-por-presunta-responsabilidad-en-la-no-construccion-de-un-puente-en-vaupes\/\",\"url\":\"https:\/\/www.fiscalia.gov.co\/colombia\/seccionales\/imputados-un-exalcalde-y-tres-personas-mas-por-presunta-responsabilidad-en-la-no-construccion-de-un-puente-en-vaupes\/\",\"name\":\"Fiscal\u00eda General de la Naci\u00f3n\",\"isPartOf\":{\"@id\":\"https:\/\/www.fiscalia.gov.co\/colombia\/#website\"},\"datePublished\":\"2020-10-23T15:43:25+00:00\",\"dateModified\":\"2020-10-23T15:44:23+00:00\",\"description\":\"P\u00e1gina oficial de la Fiscal\u00eda General de la Naci\u00f3n \u2013 Colombia. Garantizamos el acceso efectivo a la justicia, la verdad y la reparaci\u00f3n de las v\u00edctimas de los delitos.\",\"breadcrumb\":{\"@id\":\"https:\/\/www.fiscalia.gov.co\/colombia\/seccionales\/imputados-un-exalcalde-y-tres-personas-mas-por-presunta-responsabilidad-en-la-no-construccion-de-un-puente-en-vaupes\/#breadcrumb\"},\"inLanguage\":\"es-CO\",\"potentialAction\":[{\"@type\":\"ReadAction\",\"target\":[\"https:\/\/www.fiscalia.gov.co\/colombia\/seccionales\/imputados-un-exalcalde-y-tres-personas-mas-por-presunta-responsabilidad-en-la-no-construccion-de-un-puente-en-vaupes\/\"]}]},{\"@type\":\"BreadcrumbList\",\"@id\":\"https:\/\/www.fiscalia.gov.co\/colombia\/seccionales\/imputados-un-exalcalde-y-tres-personas-mas-por-presunta-responsabilidad-en-la-no-construccion-de-un-puente-en-vaupes\/#breadcrumb\",\"itemListElement\":[{\"@type\":\"ListItem\",\"position\":1,\"name\":\"Home\",\"item\":\"https:\/\/www.fiscalia.gov.co\/colombia\/\"},{\"@type\":\"ListItem\",\"position\":2,\"name\":\"Imputados un exalcalde y tres personas m\u00e1s por presunta responsabilidad en la no construcci\u00f3n de un puente en Vaup\u00e9s\"}]},{\"@type\":\"WebSite\",\"@id\":\"https:\/\/www.fiscalia.gov.co\/colombia\/#website\",\"url\":\"https:\/\/www.fiscalia.gov.co\/colombia\/\",\"name\":\"Fiscal\u00eda General de la Naci\u00f3n\",\"description\":\"P\u00e1gina oficial de la Fiscal\u00eda General de la Naci\u00f3n \u2013 Colombia. Garantizamos el acceso efectivo a la justicia, la verdad y la reparaci\u00f3n de las v\u00edctimas de los delitos.\",\"publisher\":{\"@id\":\"https:\/\/www.fiscalia.gov.co\/colombia\/#organization\"},\"potentialAction\":[{\"@type\":\"SearchAction\",\"target\":{\"@type\":\"EntryPoint\",\"urlTemplate\":\"https:\/\/www.fiscalia.gov.co\/colombia\/?s={search_term_string}\"},\"query-input\":{\"@type\":\"PropertyValueSpecification\",\"valueRequired\":true,\"valueName\":\"search_term_string\"}}],\"inLanguage\":\"es-CO\"},{\"@type\":\"Organization\",\"@id\":\"https:\/\/www.fiscalia.gov.co\/colombia\/#organization\",\"name\":\"Fiscal\u00eda General de la Naci\u00f3n\",\"url\":\"https:\/\/www.fiscalia.gov.co\/colombia\/\",\"logo\":{\"@type\":\"ImageObject\",\"inLanguage\":\"es-CO\",\"@id\":\"https:\/\/www.fiscalia.gov.co\/colombia\/#\/schema\/logo\/image\/\",\"url\":\"https:\/\/www.fiscalia.gov.co\/colombia\/wp-content\/uploads\/LogoHorizontal_1.jpg\",\"contentUrl\":\"https:\/\/www.fiscalia.gov.co\/colombia\/wp-content\/uploads\/LogoHorizontal_1.jpg\",\"width\":300,\"height\":90,\"caption\":\"Fiscal\u00eda General de la Naci\u00f3n\"},\"image\":{\"@id\":\"https:\/\/www.fiscalia.gov.co\/colombia\/#\/schema\/logo\/image\/\"},\"sameAs\":[\"https:\/\/www.facebook.com\/FiscaliaCol\",\"https:\/\/x.com\/FiscaliaCol\",\"https:\/\/www.instagram.com\/fiscaliacol\",\"https:\/\/www.linkedin.com\/company\/fiscalia-general-de-la-naci-n\/\",\"https:\/\/youtube.com\/@fiscaliageneraldelanacion-4668?si=6nN79nyQICPU5iTh\"]},{\"@type\":\"Person\",\"@id\":\"https:\/\/www.fiscalia.gov.co\/colombia\/#\/schema\/person\/2440fe3a4bf7444850658578d6d6f0c6\",\"name\":\"Maira Giraldo\",\"image\":{\"@type\":\"ImageObject\",\"inLanguage\":\"es-CO\",\"@id\":\"https:\/\/www.fiscalia.gov.co\/colombia\/#\/schema\/person\/image\/\",\"url\":\"https:\/\/secure.gravatar.com\/avatar\/7cd6b2b23627545037c8b4da5ea379fc?s=96&d=mm&r=g\",\"contentUrl\":\"https:\/\/secure.gravatar.com\/avatar\/7cd6b2b23627545037c8b4da5ea379fc?s=96&d=mm&r=g\",\"caption\":\"Maira Giraldo\"},\"url\":\"https:\/\/www.fiscalia.gov.co\/colombia\/author\/mgiraldo\/\"}]}<\/script>\n<!-- \/ Yoast SEO plugin. -->","yoast_head_json":{"title":"Fiscal\u00eda General de la Naci\u00f3n","description":"P\u00e1gina oficial de la Fiscal\u00eda General de la Naci\u00f3n \u2013 Colombia. Garantizamos el acceso efectivo a la justicia, la verdad y la reparaci\u00f3n de las v\u00edctimas de los delitos.","robots":{"index":"noindex","follow":"follow"},"og_locale":"es_ES","og_type":"article","og_title":"Fiscal\u00eda General de la Naci\u00f3n","og_description":"P\u00e1gina oficial de la Fiscal\u00eda General de la Naci\u00f3n \u2013 Colombia. Garantizamos el acceso efectivo a la justicia, la verdad y la reparaci\u00f3n de las v\u00edctimas de los delitos.","og_url":"https:\/\/www.fiscalia.gov.co\/colombia\/seccionales\/imputados-un-exalcalde-y-tres-personas-mas-por-presunta-responsabilidad-en-la-no-construccion-de-un-puente-en-vaupes\/","og_site_name":"Fiscal\u00eda General de la Naci\u00f3n","article_publisher":"https:\/\/www.facebook.com\/FiscaliaCol","article_published_time":"2020-10-23T15:43:25+00:00","article_modified_time":"2020-10-23T15:44:23+00:00","author":"Maira Giraldo","twitter_card":"summary_large_image","twitter_creator":"@FiscaliaCol","twitter_site":"@FiscaliaCol","twitter_misc":{"Escrito por":"Maira Giraldo","Tiempo de lectura":"2 minutos"},"schema":{"@context":"https:\/\/schema.org","@graph":[{"@type":"Article","@id":"https:\/\/www.fiscalia.gov.co\/colombia\/seccionales\/imputados-un-exalcalde-y-tres-personas-mas-por-presunta-responsabilidad-en-la-no-construccion-de-un-puente-en-vaupes\/#article","isPartOf":{"@id":"https:\/\/www.fiscalia.gov.co\/colombia\/seccionales\/imputados-un-exalcalde-y-tres-personas-mas-por-presunta-responsabilidad-en-la-no-construccion-de-un-puente-en-vaupes\/"},"author":{"name":"Maira Giraldo","@id":"https:\/\/www.fiscalia.gov.co\/colombia\/#\/schema\/person\/2440fe3a4bf7444850658578d6d6f0c6"},"headline":"Imputados un exalcalde y tres personas m\u00e1s por presunta responsabilidad en la no construcci\u00f3n de un puente en Vaup\u00e9s","datePublished":"2020-10-23T15:43:25+00:00","dateModified":"2020-10-23T15:44:23+00:00","mainEntityOfPage":{"@id":"https:\/\/www.fiscalia.gov.co\/colombia\/seccionales\/imputados-un-exalcalde-y-tres-personas-mas-por-presunta-responsabilidad-en-la-no-construccion-de-un-puente-en-vaupes\/"},"wordCount":404,"publisher":{"@id":"https:\/\/www.fiscalia.gov.co\/colombia\/#organization"},"articleSection":["Corrupci\u00f3n","Seccional Mit\u00fa","Seccionales"],"inLanguage":"es-CO"},{"@type":"WebPage","@id":"https:\/\/www.fiscalia.gov.co\/colombia\/seccionales\/imputados-un-exalcalde-y-tres-personas-mas-por-presunta-responsabilidad-en-la-no-construccion-de-un-puente-en-vaupes\/","url":"https:\/\/www.fiscalia.gov.co\/colombia\/seccionales\/imputados-un-exalcalde-y-tres-personas-mas-por-presunta-responsabilidad-en-la-no-construccion-de-un-puente-en-vaupes\/","name":"Fiscal\u00eda General de la Naci\u00f3n","isPartOf":{"@id":"https:\/\/www.fiscalia.gov.co\/colombia\/#website"},"datePublished":"2020-10-23T15:43:25+00:00","dateModified":"2020-10-23T15:44:23+00:00","description":"P\u00e1gina oficial de la Fiscal\u00eda General de la Naci\u00f3n \u2013 Colombia. Garantizamos el acceso efectivo a la justicia, la verdad y la reparaci\u00f3n de las v\u00edctimas de los delitos.","breadcrumb":{"@id":"https:\/\/www.fiscalia.gov.co\/colombia\/seccionales\/imputados-un-exalcalde-y-tres-personas-mas-por-presunta-responsabilidad-en-la-no-construccion-de-un-puente-en-vaupes\/#breadcrumb"},"inLanguage":"es-CO","potentialAction":[{"@type":"ReadAction","target":["https:\/\/www.fiscalia.gov.co\/colombia\/seccionales\/imputados-un-exalcalde-y-tres-personas-mas-por-presunta-responsabilidad-en-la-no-construccion-de-un-puente-en-vaupes\/"]}]},{"@type":"BreadcrumbList","@id":"https:\/\/www.fiscalia.gov.co\/colombia\/seccionales\/imputados-un-exalcalde-y-tres-personas-mas-por-presunta-responsabilidad-en-la-no-construccion-de-un-puente-en-vaupes\/#breadcrumb","itemListElement":[{"@type":"ListItem","position":1,"name":"Home","item":"https:\/\/www.fiscalia.gov.co\/colombia\/"},{"@type":"ListItem","position":2,"name":"Imputados un exalcalde y tres personas m\u00e1s por presunta responsabilidad en la no construcci\u00f3n de un puente en Vaup\u00e9s"}]},{"@type":"WebSite","@id":"https:\/\/www.fiscalia.gov.co\/colombia\/#website","url":"https:\/\/www.fiscalia.gov.co\/colombia\/","name":"Fiscal\u00eda General de la Naci\u00f3n","description":"P\u00e1gina oficial de la Fiscal\u00eda General de la Naci\u00f3n \u2013 Colombia. Garantizamos el acceso efectivo a la justicia, la verdad y la reparaci\u00f3n de las v\u00edctimas de los delitos.","publisher":{"@id":"https:\/\/www.fiscalia.gov.co\/colombia\/#organization"},"potentialAction":[{"@type":"SearchAction","target":{"@type":"EntryPoint","urlTemplate":"https:\/\/www.fiscalia.gov.co\/colombia\/?s={search_term_string}"},"query-input":{"@type":"PropertyValueSpecification","valueRequired":true,"valueName":"search_term_string"}}],"inLanguage":"es-CO"},{"@type":"Organization","@id":"https:\/\/www.fiscalia.gov.co\/colombia\/#organization","name":"Fiscal\u00eda General de la Naci\u00f3n","url":"https:\/\/www.fiscalia.gov.co\/colombia\/","logo":{"@type":"ImageObject","inLanguage":"es-CO","@id":"https:\/\/www.fiscalia.gov.co\/colombia\/#\/schema\/logo\/image\/","url":"https:\/\/www.fiscalia.gov.co\/colombia\/wp-content\/uploads\/LogoHorizontal_1.jpg","contentUrl":"https:\/\/www.fiscalia.gov.co\/colombia\/wp-content\/uploads\/LogoHorizontal_1.jpg","width":300,"height":90,"caption":"Fiscal\u00eda General de la Naci\u00f3n"},"image":{"@id":"https:\/\/www.fiscalia.gov.co\/colombia\/#\/schema\/logo\/image\/"},"sameAs":["https:\/\/www.facebook.com\/FiscaliaCol","https:\/\/x.com\/FiscaliaCol","https:\/\/www.instagram.com\/fiscaliacol","https:\/\/www.linkedin.com\/company\/fiscalia-general-de-la-naci-n\/","https:\/\/youtube.com\/@fiscaliageneraldelanacion-4668?si=6nN79nyQICPU5iTh"]},{"@type":"Person","@id":"https:\/\/www.fiscalia.gov.co\/colombia\/#\/schema\/person\/2440fe3a4bf7444850658578d6d6f0c6","name":"Maira Giraldo","image":{"@type":"ImageObject","inLanguage":"es-CO","@id":"https:\/\/www.fiscalia.gov.co\/colombia\/#\/schema\/person\/image\/","url":"https:\/\/secure.gravatar.com\/avatar\/7cd6b2b23627545037c8b4da5ea379fc?s=96&d=mm&r=g","contentUrl":"https:\/\/secure.gravatar.com\/avatar\/7cd6b2b23627545037c8b4da5ea379fc?s=96&d=mm&r=g","caption":"Maira Giraldo"},"url":"https:\/\/www.fiscalia.gov.co\/colombia\/author\/mgiraldo\/"}]}},"_links":{"self":[{"href":"https:\/\/www.fiscalia.gov.co\/colombia\/wp-json\/wp\/v2\/posts\/204923","targetHints":{"allow":["GET"]}}],"collection":[{"href":"https:\/\/www.fiscalia.gov.co\/colombia\/wp-json\/wp\/v2\/posts"}],"about":[{"href":"https:\/\/www.fiscalia.gov.co\/colombia\/wp-json\/wp\/v2\/types\/post"}],"author":[{"embeddable":true,"href":"https:\/\/www.fiscalia.gov.co\/colombia\/wp-json\/wp\/v2\/users\/167"}],"replies":[{"embeddable":true,"href":"https:\/\/www.fiscalia.gov.co\/colombia\/wp-json\/wp\/v2\/comments?post=204923"}],"version-history":[{"count":1,"href":"https:\/\/www.fiscalia.gov.co\/colombia\/wp-json\/wp\/v2\/posts\/204923\/revisions"}],"predecessor-version":[{"id":204924,"href":"https:\/\/www.fiscalia.gov.co\/colombia\/wp-json\/wp\/v2\/posts\/204923\/revisions\/204924"}],"wp:attachment":[{"href":"https:\/\/www.fiscalia.gov.co\/colombia\/wp-json\/wp\/v2\/media?parent=204923"}],"wp:term":[{"taxonomy":"category","embeddable":true,"href":"https:\/\/www.fiscalia.gov.co\/colombia\/wp-json\/wp\/v2\/categories?post=204923"},{"taxonomy":"post_tag","embeddable":true,"href":"https:\/\/www.fiscalia.gov.co\/colombia\/wp-json\/wp\/v2\/tags?post=204923"}],"curies":[{"name":"wp","href":"https:\/\/api.w.org\/{rel}","templated":true}]}}