{"id":204696,"date":"2020-10-21T16:59:21","date_gmt":"2020-10-21T21:59:21","guid":{"rendered":"https:\/\/www.fiscalia.gov.co\/colombia\/?p=204696"},"modified":"2020-10-21T16:59:21","modified_gmt":"2020-10-21T21:59:21","slug":"el-fiscal-francisco-barbosa-estuvo-en-el-partido-colombia-vs-venezuela-falso","status":"publish","type":"post","link":"https:\/\/www.fiscalia.gov.co\/colombia\/la-verdad-sea-dicha\/el-fiscal-francisco-barbosa-estuvo-en-el-partido-colombia-vs-venezuela-falso\/","title":{"rendered":"\u00bfEl Fiscal Francisco Barbosa estuvo en el partido Colombia vs Venezuela? !Falso!"},"content":{"rendered":"<div style=\"width: 696px;\" class=\"wp-video\"><!--[if lt IE 9]><script>document.createElement('video');<\/script><![endif]-->\n<video class=\"wp-video-shortcode\" id=\"video-204696-1\" width=\"696\" height=\"394\" preload=\"metadata\" controls=\"controls\"><source type=\"video\/mp4\" src=\"https:\/\/www.fiscalia.gov.co\/colombia\/wp-content\/uploads\/VID-20201016-WA0033.mp4?_=1\" \/><a href=\"https:\/\/www.fiscalia.gov.co\/colombia\/wp-content\/uploads\/VID-20201016-WA0033.mp4\">https:\/\/www.fiscalia.gov.co\/colombia\/wp-content\/uploads\/VID-20201016-WA0033.mp4<\/a><\/video><\/div>\n<p>En redes sociales circul\u00f3 una informaci\u00f3n que hac\u00eda referencia a la supuesta participaci\u00f3n del Fiscal General de la Naci\u00f3n, Francisco Barbosa Delgado, en el partido de f\u00fatbol Colombia \u2013 Venezuela, que se cumpli\u00f3 el pasado 9 de octubre, en Barranquilla.<\/p>\n<p><strong>ESA INFORMACI\u00d3N ES FALSA<\/strong><\/p>\n<p>El se\u00f1or Fiscal General de la Naci\u00f3n, luego de resultar positivo a las pruebas\u00a0para SARS Covid-19, el 21 de septiembre de 2020, inici\u00f3 una etapa de aislamiento en cumplimiento de los par\u00e1metros estipulados por el Gobierno Nacional y por la doctrina m\u00e9dica en esta materia.<\/p>\n<p>Durante el tiempo de tratamiento y recuperaci\u00f3n de la enfermedad, continu\u00f3 con el desarrollo de las labores propias de su cargo.<\/p>\n<p><strong>Rectificaci\u00f3n<\/strong><\/p>\n<p><strong><img loading=\"lazy\" decoding=\"async\" class=\"wp-image-204324 alignleft\" src=\"https:\/\/www.fiscalia.gov.co\/colombia\/wp-content\/uploads\/rectificacion-986x1024.jpeg\" alt=\"\" width=\"430\" height=\"446\" srcset=\"https:\/\/www.fiscalia.gov.co\/colombia\/wp-content\/uploads\/rectificacion-986x1024.jpeg 986w, https:\/\/www.fiscalia.gov.co\/colombia\/wp-content\/uploads\/rectificacion-289x300.jpeg 289w, https:\/\/www.fiscalia.gov.co\/colombia\/wp-content\/uploads\/rectificacion-768x798.jpeg 768w, https:\/\/www.fiscalia.gov.co\/colombia\/wp-content\/uploads\/rectificacion-696x723.jpeg 696w, https:\/\/www.fiscalia.gov.co\/colombia\/wp-content\/uploads\/rectificacion-1068x1110.jpeg 1068w, https:\/\/www.fiscalia.gov.co\/colombia\/wp-content\/uploads\/rectificacion-404x420.jpeg 404w, https:\/\/www.fiscalia.gov.co\/colombia\/wp-content\/uploads\/rectificacion.jpeg 1232w\" sizes=\"auto, (max-width: 430px) 100vw, 430px\" \/><\/strong><\/p>\n<p>&nbsp;<\/p>\n<p><img loading=\"lazy\" decoding=\"async\" class=\"alignnone wp-image-204325\" src=\"https:\/\/www.fiscalia.gov.co\/colombia\/wp-content\/uploads\/rectificacion-1-1024x1005.jpeg\" alt=\"\" width=\"431\" height=\"423\" srcset=\"https:\/\/www.fiscalia.gov.co\/colombia\/wp-content\/uploads\/rectificacion-1-1024x1005.jpeg 1024w, https:\/\/www.fiscalia.gov.co\/colombia\/wp-content\/uploads\/rectificacion-1-300x294.jpeg 300w, https:\/\/www.fiscalia.gov.co\/colombia\/wp-content\/uploads\/rectificacion-1-768x754.jpeg 768w, https:\/\/www.fiscalia.gov.co\/colombia\/wp-content\/uploads\/rectificacion-1-696x683.jpeg 696w, https:\/\/www.fiscalia.gov.co\/colombia\/wp-content\/uploads\/rectificacion-1-1068x1048.jpeg 1068w, https:\/\/www.fiscalia.gov.co\/colombia\/wp-content\/uploads\/rectificacion-1-428x420.jpeg 428w, https:\/\/www.fiscalia.gov.co\/colombia\/wp-content\/uploads\/rectificacion-1.jpeg 1242w\" sizes=\"auto, (max-width: 431px) 100vw, 431px\" \/><\/p>\n<p><strong>Consulte los comunicados oficiales<\/strong><\/p>\n<p><a href=\"https:\/\/www.fiscalia.gov.co\/colombia\/noticias\/comunicado-de-prensa-236\/\" target=\"_blank\" rel=\"noopener noreferrer\"><strong>Comunicado de prensa 236<\/strong><\/a><\/p>\n<p><strong><a href=\"https:\/\/www.fiscalia.gov.co\/colombia\/noticias\/comunicado-parte-medico\/\" target=\"_blank\" rel=\"noopener noreferrer\">Comunicado parte m\u00e9dico<\/a><\/strong><\/p>\n\n<div class=\"twitter-share\"><a href=\"https:\/\/twitter.com\/intent\/tweet?via=fiscaliacol\" class=\"twitter-share-button\">Tweet<\/a><\/div>\n","protected":false},"excerpt":{"rendered":"<p>En redes sociales circul\u00f3 una informaci\u00f3n que hac\u00eda referencia a la supuesta participaci\u00f3n del Fiscal General de la Naci\u00f3n, Francisco Barbosa Delgado, en el partido de f\u00fatbol Colombia \u2013 Venezuela, que se cumpli\u00f3 el pasado 9 de octubre, en Barranquilla. ESA INFORMACI\u00d3N ES FALSA El se\u00f1or Fiscal General de la Naci\u00f3n, luego de resultar positivo [&hellip;]<\/p>\n","protected":false},"author":143,"featured_media":0,"comment_status":"closed","ping_status":"open","sticky":false,"template":"","format":"standard","meta":{"_price":"","_stock":"","_tribe_ticket_header":"","_tribe_default_ticket_provider":"","_tribe_ticket_capacity":"0","_ticket_start_date":"","_ticket_end_date":"","_tribe_ticket_show_description":"","_tribe_ticket_show_not_going":false,"_tribe_ticket_use_global_stock":"","_tribe_ticket_global_stock_level":"","_global_stock_mode":"","_global_stock_cap":"","_tribe_rsvp_for_event":"","_tribe_ticket_going_count":"","_tribe_ticket_not_going_count":"","_tribe_tickets_list":"[]","_tribe_ticket_has_attendee_info_fields":false,"tdm_status":"","tdm_grid_status":"","footnotes":""},"categories":[24180],"tags":[],"class_list":{"0":"post-204696","1":"post","2":"type-post","3":"status-publish","4":"format-standard","6":"category-la-verdad-sea-dicha"},"yoast_head":"<!-- This site is optimized with the Yoast SEO plugin v24.3 - https:\/\/yoast.com\/wordpress\/plugins\/seo\/ -->\n<title>Fiscal\u00eda General de la Naci\u00f3n<\/title>\n<meta name=\"description\" content=\"P\u00e1gina oficial de la Fiscal\u00eda General de la Naci\u00f3n \u2013 Colombia. Garantizamos el acceso efectivo a la justicia, la verdad y la reparaci\u00f3n de las v\u00edctimas de los delitos.\" \/>\n<meta name=\"robots\" content=\"noindex, follow\" \/>\n<meta property=\"og:locale\" content=\"es_ES\" \/>\n<meta property=\"og:type\" content=\"article\" \/>\n<meta property=\"og:title\" content=\"Fiscal\u00eda General de la Naci\u00f3n\" \/>\n<meta property=\"og:description\" content=\"P\u00e1gina oficial de la Fiscal\u00eda General de la Naci\u00f3n \u2013 Colombia. Garantizamos el acceso efectivo a la justicia, la verdad y la reparaci\u00f3n de las v\u00edctimas de los delitos.\" \/>\n<meta property=\"og:url\" content=\"https:\/\/www.fiscalia.gov.co\/colombia\/la-verdad-sea-dicha\/el-fiscal-francisco-barbosa-estuvo-en-el-partido-colombia-vs-venezuela-falso\/\" \/>\n<meta property=\"og:site_name\" content=\"Fiscal\u00eda General de la Naci\u00f3n\" \/>\n<meta property=\"article:publisher\" content=\"https:\/\/www.facebook.com\/FiscaliaCol\" \/>\n<meta property=\"article:published_time\" content=\"2020-10-21T21:59:21+00:00\" \/>\n<meta property=\"og:image\" content=\"https:\/\/www.fiscalia.gov.co\/colombia\/wp-content\/uploads\/rectificacion-986x1024.jpeg\" \/>\n<meta name=\"author\" content=\"dfgordillo\" \/>\n<meta name=\"twitter:card\" content=\"summary_large_image\" \/>\n<meta name=\"twitter:creator\" content=\"@FiscaliaCol\" \/>\n<meta name=\"twitter:site\" content=\"@FiscaliaCol\" \/>\n<meta name=\"twitter:label1\" content=\"Escrito por\" \/>\n\t<meta name=\"twitter:data1\" content=\"dfgordillo\" \/>\n\t<meta name=\"twitter:label2\" content=\"Tiempo de lectura\" \/>\n\t<meta name=\"twitter:data2\" content=\"1 minuto\" \/>\n<script type=\"application\/ld+json\" class=\"yoast-schema-graph\">{\"@context\":\"https:\/\/schema.org\",\"@graph\":[{\"@type\":\"Article\",\"@id\":\"https:\/\/www.fiscalia.gov.co\/colombia\/la-verdad-sea-dicha\/el-fiscal-francisco-barbosa-estuvo-en-el-partido-colombia-vs-venezuela-falso\/#article\",\"isPartOf\":{\"@id\":\"https:\/\/www.fiscalia.gov.co\/colombia\/la-verdad-sea-dicha\/el-fiscal-francisco-barbosa-estuvo-en-el-partido-colombia-vs-venezuela-falso\/\"},\"author\":{\"name\":\"dfgordillo\",\"@id\":\"https:\/\/www.fiscalia.gov.co\/colombia\/#\/schema\/person\/3903856a3ce2d54b094c69eb29247895\"},\"headline\":\"\u00bfEl Fiscal Francisco Barbosa estuvo en el partido Colombia vs Venezuela? !Falso!\",\"datePublished\":\"2020-10-21T21:59:21+00:00\",\"dateModified\":\"2020-10-21T21:59:21+00:00\",\"mainEntityOfPage\":{\"@id\":\"https:\/\/www.fiscalia.gov.co\/colombia\/la-verdad-sea-dicha\/el-fiscal-francisco-barbosa-estuvo-en-el-partido-colombia-vs-venezuela-falso\/\"},\"wordCount\":160,\"publisher\":{\"@id\":\"https:\/\/www.fiscalia.gov.co\/colombia\/#organization\"},\"image\":{\"@id\":\"https:\/\/www.fiscalia.gov.co\/colombia\/la-verdad-sea-dicha\/el-fiscal-francisco-barbosa-estuvo-en-el-partido-colombia-vs-venezuela-falso\/#primaryimage\"},\"thumbnailUrl\":\"https:\/\/www.fiscalia.gov.co\/colombia\/wp-content\/uploads\/rectificacion-986x1024.jpeg\",\"articleSection\":[\"La verdad sea dicha\"],\"inLanguage\":\"es-CO\"},{\"@type\":\"WebPage\",\"@id\":\"https:\/\/www.fiscalia.gov.co\/colombia\/la-verdad-sea-dicha\/el-fiscal-francisco-barbosa-estuvo-en-el-partido-colombia-vs-venezuela-falso\/\",\"url\":\"https:\/\/www.fiscalia.gov.co\/colombia\/la-verdad-sea-dicha\/el-fiscal-francisco-barbosa-estuvo-en-el-partido-colombia-vs-venezuela-falso\/\",\"name\":\"Fiscal\u00eda General de la Naci\u00f3n\",\"isPartOf\":{\"@id\":\"https:\/\/www.fiscalia.gov.co\/colombia\/#website\"},\"primaryImageOfPage\":{\"@id\":\"https:\/\/www.fiscalia.gov.co\/colombia\/la-verdad-sea-dicha\/el-fiscal-francisco-barbosa-estuvo-en-el-partido-colombia-vs-venezuela-falso\/#primaryimage\"},\"image\":{\"@id\":\"https:\/\/www.fiscalia.gov.co\/colombia\/la-verdad-sea-dicha\/el-fiscal-francisco-barbosa-estuvo-en-el-partido-colombia-vs-venezuela-falso\/#primaryimage\"},\"thumbnailUrl\":\"https:\/\/www.fiscalia.gov.co\/colombia\/wp-content\/uploads\/rectificacion-986x1024.jpeg\",\"datePublished\":\"2020-10-21T21:59:21+00:00\",\"dateModified\":\"2020-10-21T21:59:21+00:00\",\"description\":\"P\u00e1gina oficial de la Fiscal\u00eda General de la Naci\u00f3n \u2013 Colombia. Garantizamos el acceso efectivo a la justicia, la verdad y la reparaci\u00f3n de las v\u00edctimas de los delitos.\",\"breadcrumb\":{\"@id\":\"https:\/\/www.fiscalia.gov.co\/colombia\/la-verdad-sea-dicha\/el-fiscal-francisco-barbosa-estuvo-en-el-partido-colombia-vs-venezuela-falso\/#breadcrumb\"},\"inLanguage\":\"es-CO\",\"potentialAction\":[{\"@type\":\"ReadAction\",\"target\":[\"https:\/\/www.fiscalia.gov.co\/colombia\/la-verdad-sea-dicha\/el-fiscal-francisco-barbosa-estuvo-en-el-partido-colombia-vs-venezuela-falso\/\"]}]},{\"@type\":\"ImageObject\",\"inLanguage\":\"es-CO\",\"@id\":\"https:\/\/www.fiscalia.gov.co\/colombia\/la-verdad-sea-dicha\/el-fiscal-francisco-barbosa-estuvo-en-el-partido-colombia-vs-venezuela-falso\/#primaryimage\",\"url\":\"https:\/\/www.fiscalia.gov.co\/colombia\/wp-content\/uploads\/rectificacion-986x1024.jpeg\",\"contentUrl\":\"https:\/\/www.fiscalia.gov.co\/colombia\/wp-content\/uploads\/rectificacion-986x1024.jpeg\"},{\"@type\":\"BreadcrumbList\",\"@id\":\"https:\/\/www.fiscalia.gov.co\/colombia\/la-verdad-sea-dicha\/el-fiscal-francisco-barbosa-estuvo-en-el-partido-colombia-vs-venezuela-falso\/#breadcrumb\",\"itemListElement\":[{\"@type\":\"ListItem\",\"position\":1,\"name\":\"Home\",\"item\":\"https:\/\/www.fiscalia.gov.co\/colombia\/\"},{\"@type\":\"ListItem\",\"position\":2,\"name\":\"\u00bfEl Fiscal Francisco Barbosa estuvo en el partido Colombia vs Venezuela? !Falso!\"}]},{\"@type\":\"WebSite\",\"@id\":\"https:\/\/www.fiscalia.gov.co\/colombia\/#website\",\"url\":\"https:\/\/www.fiscalia.gov.co\/colombia\/\",\"name\":\"Fiscal\u00eda General de la Naci\u00f3n\",\"description\":\"P\u00e1gina oficial de la Fiscal\u00eda General de la Naci\u00f3n \u2013 Colombia. Garantizamos el acceso efectivo a la justicia, la verdad y la reparaci\u00f3n de las v\u00edctimas de los delitos.\",\"publisher\":{\"@id\":\"https:\/\/www.fiscalia.gov.co\/colombia\/#organization\"},\"potentialAction\":[{\"@type\":\"SearchAction\",\"target\":{\"@type\":\"EntryPoint\",\"urlTemplate\":\"https:\/\/www.fiscalia.gov.co\/colombia\/?s={search_term_string}\"},\"query-input\":{\"@type\":\"PropertyValueSpecification\",\"valueRequired\":true,\"valueName\":\"search_term_string\"}}],\"inLanguage\":\"es-CO\"},{\"@type\":\"Organization\",\"@id\":\"https:\/\/www.fiscalia.gov.co\/colombia\/#organization\",\"name\":\"Fiscal\u00eda General de la Naci\u00f3n\",\"url\":\"https:\/\/www.fiscalia.gov.co\/colombia\/\",\"logo\":{\"@type\":\"ImageObject\",\"inLanguage\":\"es-CO\",\"@id\":\"https:\/\/www.fiscalia.gov.co\/colombia\/#\/schema\/logo\/image\/\",\"url\":\"https:\/\/www.fiscalia.gov.co\/colombia\/wp-content\/uploads\/LogoHorizontal_1.jpg\",\"contentUrl\":\"https:\/\/www.fiscalia.gov.co\/colombia\/wp-content\/uploads\/LogoHorizontal_1.jpg\",\"width\":300,\"height\":90,\"caption\":\"Fiscal\u00eda General de la Naci\u00f3n\"},\"image\":{\"@id\":\"https:\/\/www.fiscalia.gov.co\/colombia\/#\/schema\/logo\/image\/\"},\"sameAs\":[\"https:\/\/www.facebook.com\/FiscaliaCol\",\"https:\/\/x.com\/FiscaliaCol\",\"https:\/\/www.instagram.com\/fiscaliacol\",\"https:\/\/www.linkedin.com\/company\/fiscalia-general-de-la-naci-n\/\",\"https:\/\/youtube.com\/@fiscaliageneraldelanacion-4668?si=6nN79nyQICPU5iTh\"]},{\"@type\":\"Person\",\"@id\":\"https:\/\/www.fiscalia.gov.co\/colombia\/#\/schema\/person\/3903856a3ce2d54b094c69eb29247895\",\"name\":\"dfgordillo\",\"image\":{\"@type\":\"ImageObject\",\"inLanguage\":\"es-CO\",\"@id\":\"https:\/\/www.fiscalia.gov.co\/colombia\/#\/schema\/person\/image\/\",\"url\":\"https:\/\/secure.gravatar.com\/avatar\/b6356e21c5657c60757fe6fb9493e947?s=96&d=mm&r=g\",\"contentUrl\":\"https:\/\/secure.gravatar.com\/avatar\/b6356e21c5657c60757fe6fb9493e947?s=96&d=mm&r=g\",\"caption\":\"dfgordillo\"},\"sameAs\":[\"dfgordillo\"],\"url\":\"https:\/\/www.fiscalia.gov.co\/colombia\/author\/dfgordillo\/\"}]}<\/script>\n<!-- \/ Yoast SEO plugin. -->","yoast_head_json":{"title":"Fiscal\u00eda General de la Naci\u00f3n","description":"P\u00e1gina oficial de la Fiscal\u00eda General de la Naci\u00f3n \u2013 Colombia. Garantizamos el acceso efectivo a la justicia, la verdad y la reparaci\u00f3n de las v\u00edctimas de los delitos.","robots":{"index":"noindex","follow":"follow"},"og_locale":"es_ES","og_type":"article","og_title":"Fiscal\u00eda General de la Naci\u00f3n","og_description":"P\u00e1gina oficial de la Fiscal\u00eda General de la Naci\u00f3n \u2013 Colombia. Garantizamos el acceso efectivo a la justicia, la verdad y la reparaci\u00f3n de las v\u00edctimas de los delitos.","og_url":"https:\/\/www.fiscalia.gov.co\/colombia\/la-verdad-sea-dicha\/el-fiscal-francisco-barbosa-estuvo-en-el-partido-colombia-vs-venezuela-falso\/","og_site_name":"Fiscal\u00eda General de la Naci\u00f3n","article_publisher":"https:\/\/www.facebook.com\/FiscaliaCol","article_published_time":"2020-10-21T21:59:21+00:00","og_image":[{"url":"https:\/\/www.fiscalia.gov.co\/colombia\/wp-content\/uploads\/rectificacion-986x1024.jpeg","type":"","width":"","height":""}],"author":"dfgordillo","twitter_card":"summary_large_image","twitter_creator":"@FiscaliaCol","twitter_site":"@FiscaliaCol","twitter_misc":{"Escrito por":"dfgordillo","Tiempo de lectura":"1 minuto"},"schema":{"@context":"https:\/\/schema.org","@graph":[{"@type":"Article","@id":"https:\/\/www.fiscalia.gov.co\/colombia\/la-verdad-sea-dicha\/el-fiscal-francisco-barbosa-estuvo-en-el-partido-colombia-vs-venezuela-falso\/#article","isPartOf":{"@id":"https:\/\/www.fiscalia.gov.co\/colombia\/la-verdad-sea-dicha\/el-fiscal-francisco-barbosa-estuvo-en-el-partido-colombia-vs-venezuela-falso\/"},"author":{"name":"dfgordillo","@id":"https:\/\/www.fiscalia.gov.co\/colombia\/#\/schema\/person\/3903856a3ce2d54b094c69eb29247895"},"headline":"\u00bfEl Fiscal Francisco Barbosa estuvo en el partido Colombia vs Venezuela? !Falso!","datePublished":"2020-10-21T21:59:21+00:00","dateModified":"2020-10-21T21:59:21+00:00","mainEntityOfPage":{"@id":"https:\/\/www.fiscalia.gov.co\/colombia\/la-verdad-sea-dicha\/el-fiscal-francisco-barbosa-estuvo-en-el-partido-colombia-vs-venezuela-falso\/"},"wordCount":160,"publisher":{"@id":"https:\/\/www.fiscalia.gov.co\/colombia\/#organization"},"image":{"@id":"https:\/\/www.fiscalia.gov.co\/colombia\/la-verdad-sea-dicha\/el-fiscal-francisco-barbosa-estuvo-en-el-partido-colombia-vs-venezuela-falso\/#primaryimage"},"thumbnailUrl":"https:\/\/www.fiscalia.gov.co\/colombia\/wp-content\/uploads\/rectificacion-986x1024.jpeg","articleSection":["La verdad sea dicha"],"inLanguage":"es-CO"},{"@type":"WebPage","@id":"https:\/\/www.fiscalia.gov.co\/colombia\/la-verdad-sea-dicha\/el-fiscal-francisco-barbosa-estuvo-en-el-partido-colombia-vs-venezuela-falso\/","url":"https:\/\/www.fiscalia.gov.co\/colombia\/la-verdad-sea-dicha\/el-fiscal-francisco-barbosa-estuvo-en-el-partido-colombia-vs-venezuela-falso\/","name":"Fiscal\u00eda General de la Naci\u00f3n","isPartOf":{"@id":"https:\/\/www.fiscalia.gov.co\/colombia\/#website"},"primaryImageOfPage":{"@id":"https:\/\/www.fiscalia.gov.co\/colombia\/la-verdad-sea-dicha\/el-fiscal-francisco-barbosa-estuvo-en-el-partido-colombia-vs-venezuela-falso\/#primaryimage"},"image":{"@id":"https:\/\/www.fiscalia.gov.co\/colombia\/la-verdad-sea-dicha\/el-fiscal-francisco-barbosa-estuvo-en-el-partido-colombia-vs-venezuela-falso\/#primaryimage"},"thumbnailUrl":"https:\/\/www.fiscalia.gov.co\/colombia\/wp-content\/uploads\/rectificacion-986x1024.jpeg","datePublished":"2020-10-21T21:59:21+00:00","dateModified":"2020-10-21T21:59:21+00:00","description":"P\u00e1gina oficial de la Fiscal\u00eda General de la Naci\u00f3n \u2013 Colombia. Garantizamos el acceso efectivo a la justicia, la verdad y la reparaci\u00f3n de las v\u00edctimas de los delitos.","breadcrumb":{"@id":"https:\/\/www.fiscalia.gov.co\/colombia\/la-verdad-sea-dicha\/el-fiscal-francisco-barbosa-estuvo-en-el-partido-colombia-vs-venezuela-falso\/#breadcrumb"},"inLanguage":"es-CO","potentialAction":[{"@type":"ReadAction","target":["https:\/\/www.fiscalia.gov.co\/colombia\/la-verdad-sea-dicha\/el-fiscal-francisco-barbosa-estuvo-en-el-partido-colombia-vs-venezuela-falso\/"]}]},{"@type":"ImageObject","inLanguage":"es-CO","@id":"https:\/\/www.fiscalia.gov.co\/colombia\/la-verdad-sea-dicha\/el-fiscal-francisco-barbosa-estuvo-en-el-partido-colombia-vs-venezuela-falso\/#primaryimage","url":"https:\/\/www.fiscalia.gov.co\/colombia\/wp-content\/uploads\/rectificacion-986x1024.jpeg","contentUrl":"https:\/\/www.fiscalia.gov.co\/colombia\/wp-content\/uploads\/rectificacion-986x1024.jpeg"},{"@type":"BreadcrumbList","@id":"https:\/\/www.fiscalia.gov.co\/colombia\/la-verdad-sea-dicha\/el-fiscal-francisco-barbosa-estuvo-en-el-partido-colombia-vs-venezuela-falso\/#breadcrumb","itemListElement":[{"@type":"ListItem","position":1,"name":"Home","item":"https:\/\/www.fiscalia.gov.co\/colombia\/"},{"@type":"ListItem","position":2,"name":"\u00bfEl Fiscal Francisco Barbosa estuvo en el partido Colombia vs Venezuela? !Falso!"}]},{"@type":"WebSite","@id":"https:\/\/www.fiscalia.gov.co\/colombia\/#website","url":"https:\/\/www.fiscalia.gov.co\/colombia\/","name":"Fiscal\u00eda General de la Naci\u00f3n","description":"P\u00e1gina oficial de la Fiscal\u00eda General de la Naci\u00f3n \u2013 Colombia. Garantizamos el acceso efectivo a la justicia, la verdad y la reparaci\u00f3n de las v\u00edctimas de los delitos.","publisher":{"@id":"https:\/\/www.fiscalia.gov.co\/colombia\/#organization"},"potentialAction":[{"@type":"SearchAction","target":{"@type":"EntryPoint","urlTemplate":"https:\/\/www.fiscalia.gov.co\/colombia\/?s={search_term_string}"},"query-input":{"@type":"PropertyValueSpecification","valueRequired":true,"valueName":"search_term_string"}}],"inLanguage":"es-CO"},{"@type":"Organization","@id":"https:\/\/www.fiscalia.gov.co\/colombia\/#organization","name":"Fiscal\u00eda General de la Naci\u00f3n","url":"https:\/\/www.fiscalia.gov.co\/colombia\/","logo":{"@type":"ImageObject","inLanguage":"es-CO","@id":"https:\/\/www.fiscalia.gov.co\/colombia\/#\/schema\/logo\/image\/","url":"https:\/\/www.fiscalia.gov.co\/colombia\/wp-content\/uploads\/LogoHorizontal_1.jpg","contentUrl":"https:\/\/www.fiscalia.gov.co\/colombia\/wp-content\/uploads\/LogoHorizontal_1.jpg","width":300,"height":90,"caption":"Fiscal\u00eda General de la Naci\u00f3n"},"image":{"@id":"https:\/\/www.fiscalia.gov.co\/colombia\/#\/schema\/logo\/image\/"},"sameAs":["https:\/\/www.facebook.com\/FiscaliaCol","https:\/\/x.com\/FiscaliaCol","https:\/\/www.instagram.com\/fiscaliacol","https:\/\/www.linkedin.com\/company\/fiscalia-general-de-la-naci-n\/","https:\/\/youtube.com\/@fiscaliageneraldelanacion-4668?si=6nN79nyQICPU5iTh"]},{"@type":"Person","@id":"https:\/\/www.fiscalia.gov.co\/colombia\/#\/schema\/person\/3903856a3ce2d54b094c69eb29247895","name":"dfgordillo","image":{"@type":"ImageObject","inLanguage":"es-CO","@id":"https:\/\/www.fiscalia.gov.co\/colombia\/#\/schema\/person\/image\/","url":"https:\/\/secure.gravatar.com\/avatar\/b6356e21c5657c60757fe6fb9493e947?s=96&d=mm&r=g","contentUrl":"https:\/\/secure.gravatar.com\/avatar\/b6356e21c5657c60757fe6fb9493e947?s=96&d=mm&r=g","caption":"dfgordillo"},"sameAs":["dfgordillo"],"url":"https:\/\/www.fiscalia.gov.co\/colombia\/author\/dfgordillo\/"}]}},"_links":{"self":[{"href":"https:\/\/www.fiscalia.gov.co\/colombia\/wp-json\/wp\/v2\/posts\/204696","targetHints":{"allow":["GET"]}}],"collection":[{"href":"https:\/\/www.fiscalia.gov.co\/colombia\/wp-json\/wp\/v2\/posts"}],"about":[{"href":"https:\/\/www.fiscalia.gov.co\/colombia\/wp-json\/wp\/v2\/types\/post"}],"author":[{"embeddable":true,"href":"https:\/\/www.fiscalia.gov.co\/colombia\/wp-json\/wp\/v2\/users\/143"}],"replies":[{"embeddable":true,"href":"https:\/\/www.fiscalia.gov.co\/colombia\/wp-json\/wp\/v2\/comments?post=204696"}],"version-history":[{"count":1,"href":"https:\/\/www.fiscalia.gov.co\/colombia\/wp-json\/wp\/v2\/posts\/204696\/revisions"}],"predecessor-version":[{"id":204698,"href":"https:\/\/www.fiscalia.gov.co\/colombia\/wp-json\/wp\/v2\/posts\/204696\/revisions\/204698"}],"wp:attachment":[{"href":"https:\/\/www.fiscalia.gov.co\/colombia\/wp-json\/wp\/v2\/media?parent=204696"}],"wp:term":[{"taxonomy":"category","embeddable":true,"href":"https:\/\/www.fiscalia.gov.co\/colombia\/wp-json\/wp\/v2\/categories?post=204696"},{"taxonomy":"post_tag","embeddable":true,"href":"https:\/\/www.fiscalia.gov.co\/colombia\/wp-json\/wp\/v2\/tags?post=204696"}],"curies":[{"name":"wp","href":"https:\/\/api.w.org\/{rel}","templated":true}]}}