{"id":204655,"date":"2020-10-21T14:59:39","date_gmt":"2020-10-21T19:59:39","guid":{"rendered":"https:\/\/www.fiscalia.gov.co\/colombia\/?p=204655"},"modified":"2020-10-21T16:14:26","modified_gmt":"2020-10-21T21:14:26","slug":"aseguran-a-un-hombre-como-presunto-responsable-del-homicidio-de-la-hija-de-su-companera-sentimental-en-casanare","status":"publish","type":"post","link":"https:\/\/www.fiscalia.gov.co\/colombia\/seccionales\/aseguran-a-un-hombre-como-presunto-responsable-del-homicidio-de-la-hija-de-su-companera-sentimental-en-casanare\/","title":{"rendered":"Aseguran a un hombre como presunto responsable del homicidio de la hija de su compa\u00f1era sentimental en Casanare"},"content":{"rendered":"<h4><strong><i><span lang=\"es\">El hombre estar\u00eda al cuidado de la v\u00edctima de 2 a\u00f1os y 3 hermanas, menores de edad, esto mientras su progenitora trabajaba.<\/span><\/i><\/strong><\/h4>\n<p><span lang=\"es\">Por solicitud de la\u00a0<b>Fiscal\u00eda Seccional<\/b> \u00a0<b>Casanare<\/b>\u00a0 de homicidios fue enviado a la c\u00e1rcel un hombre<b>,<\/b>\u00a0de 28 a\u00f1os de edad, se\u00f1alado como presunto responsable del homicidio de una menor de edad; y del maltrato a otras 3 menores. Los hechos ocurrieron el 16 de octubre pasado en la\u00a0<b>Vereda Guafilla de Yopal (Casanare)<\/b>.<\/span><span lang=\"es\">\u00a0<\/span><\/p>\n<p><span lang=\"es\">Siguiendo la estrategia del\u00a0<b>Fiscal General de la Naci\u00f3n, Francisco Barbosa Delgado<\/b>, para salvaguardar los derechos de los ni\u00f1os; la Seccional Casanare recaud\u00f3 el material probatorio necesario para que fuera dictada orden judicial en contra del detenido y adelantarle un proceso por su presunta responsabilidad frente a los hechos.<\/span><span lang=\"es\">\u00a0<\/span><\/p>\n<p><span lang=\"es\">Hasta el\u00a0<b>Hospital Regional habr\u00eda llegado el detenido con la v\u00edctima<\/b>\u00a0de quien se dijo, supuestamente,\u00a0estaba atragantada y hab\u00eda ca\u00eddo; a pesar de ello los m\u00e9dicos, al hacer los ex\u00e1menes de rigor, evidenciaron que se tratar\u00eda de un caso de violencia intrafamiliar, que le cost\u00f3 la vida a la menor.<\/span><\/p>\n<p><span lang=\"es\">De acuerdo al dictamen de\u00a0<b>Medicina Legal<\/b>, el cuerpo de la menor presentaba politraumatismo severo de tipo contundente a nivel tor\u00e1xico, abdominal y craneoencef\u00e1lico y traumas en tejidos blandos.<\/span><\/p>\n<p><span lang=\"es\">En coordinaci\u00f3n con la Fiscal\u00eda, uniformados de la\u00a0<b>Polic\u00eda Nacional capturaron a\u00a0L\u00f3pez Sucumia\u00a0<\/b>en v\u00eda p\u00fablica de la capital casanare\u00f1a. El implicado fue presentado ante el juzgado 1\u00b0 Promiscuo de Aguazul para desarrollo de audiencias concentradas.<\/span><\/p>\n<p><span lang=\"es\">Por estos hechos la Fiscal\u00eda imput\u00f3 cargos al hombre como presunto responsable de los delitos de homicidio agravado y violencia intrafamiliar.\u00a0<b>Ninguno fue aceptado por el implicado<\/b>.<\/span><\/p>\n<p><span lang=\"es-CO\">L<\/span><span lang=\"es-CO\">a Fiscal\u00eda les solicit\u00f3 a las autoridades penitenciarias y de salud\u00a0revisar su estado m\u00e9dico y garantizar que se encuentre en buenas condiciones antes de realizar su traslado al lugar de detenci\u00f3n.<\/span><\/p>\n<p><span lang=\"es\">La Fiscal\u00eda publica esta informaci\u00f3n por razones de inter\u00e9s general.<\/span><span lang=\"es\">\u00a0<\/span><\/p>\n<p><b><span lang=\"es\">PYMP\/MAGA<\/span><\/b><\/p>\n\n<div class=\"twitter-share\"><a href=\"https:\/\/twitter.com\/intent\/tweet?via=fiscaliacol\" class=\"twitter-share-button\">Tweet<\/a><\/div>\n","protected":false},"excerpt":{"rendered":"<p>El hombre estar\u00eda al cuidado de la v\u00edctima de 2 a\u00f1os y 3 hermanas, menores de edad, esto mientras su progenitora trabajaba. Por solicitud de la\u00a0Fiscal\u00eda Seccional \u00a0Casanare\u00a0 de homicidios fue enviado a la c\u00e1rcel un hombre,\u00a0de 28 a\u00f1os de edad, se\u00f1alado como presunto responsable del homicidio de una menor de edad; y del maltrato [&hellip;]<\/p>\n","protected":false},"author":167,"featured_media":0,"comment_status":"closed","ping_status":"open","sticky":false,"template":"","format":"standard","meta":{"tdm_status":"","tdm_grid_status":"","footnotes":""},"categories":[16751,303,24127],"tags":[],"class_list":{"0":"post-204655","1":"post","2":"type-post","3":"status-publish","4":"format-standard","6":"category-seccional-casanare","7":"category-seccionales","8":"category-violencia-sexual-e-intrafamiliar"},"yoast_head":"<!-- This site is optimized with the Yoast SEO plugin v24.3 - https:\/\/yoast.com\/wordpress\/plugins\/seo\/ -->\n<title>Fiscal\u00eda General de la Naci\u00f3n<\/title>\n<meta name=\"description\" content=\"P\u00e1gina oficial de la Fiscal\u00eda General de la Naci\u00f3n \u2013 Colombia. Garantizamos el acceso efectivo a la justicia, la verdad y la reparaci\u00f3n de las v\u00edctimas de los delitos.\" \/>\n<meta name=\"robots\" content=\"noindex, follow\" \/>\n<meta property=\"og:locale\" content=\"es_ES\" \/>\n<meta property=\"og:type\" content=\"article\" \/>\n<meta property=\"og:title\" content=\"Fiscal\u00eda General de la Naci\u00f3n\" \/>\n<meta property=\"og:description\" content=\"P\u00e1gina oficial de la Fiscal\u00eda General de la Naci\u00f3n \u2013 Colombia. Garantizamos el acceso efectivo a la justicia, la verdad y la reparaci\u00f3n de las v\u00edctimas de los delitos.\" \/>\n<meta property=\"og:url\" content=\"https:\/\/www.fiscalia.gov.co\/colombia\/seccionales\/aseguran-a-un-hombre-como-presunto-responsable-del-homicidio-de-la-hija-de-su-companera-sentimental-en-casanare\/\" \/>\n<meta property=\"og:site_name\" content=\"Fiscal\u00eda General de la Naci\u00f3n\" \/>\n<meta property=\"article:publisher\" content=\"https:\/\/www.facebook.com\/FiscaliaCol\" \/>\n<meta property=\"article:published_time\" content=\"2020-10-21T19:59:39+00:00\" \/>\n<meta property=\"article:modified_time\" content=\"2020-10-21T21:14:26+00:00\" \/>\n<meta name=\"author\" content=\"Maira Giraldo\" \/>\n<meta name=\"twitter:card\" content=\"summary_large_image\" \/>\n<meta name=\"twitter:creator\" content=\"@FiscaliaCol\" \/>\n<meta name=\"twitter:site\" content=\"@FiscaliaCol\" \/>\n<meta name=\"twitter:label1\" content=\"Escrito por\" \/>\n\t<meta name=\"twitter:data1\" content=\"Maira Giraldo\" \/>\n\t<meta name=\"twitter:label2\" content=\"Tiempo de lectura\" \/>\n\t<meta name=\"twitter:data2\" content=\"2 minutos\" \/>\n<script type=\"application\/ld+json\" class=\"yoast-schema-graph\">{\"@context\":\"https:\/\/schema.org\",\"@graph\":[{\"@type\":\"Article\",\"@id\":\"https:\/\/www.fiscalia.gov.co\/colombia\/seccionales\/aseguran-a-un-hombre-como-presunto-responsable-del-homicidio-de-la-hija-de-su-companera-sentimental-en-casanare\/#article\",\"isPartOf\":{\"@id\":\"https:\/\/www.fiscalia.gov.co\/colombia\/seccionales\/aseguran-a-un-hombre-como-presunto-responsable-del-homicidio-de-la-hija-de-su-companera-sentimental-en-casanare\/\"},\"author\":{\"name\":\"Maira Giraldo\",\"@id\":\"https:\/\/www.fiscalia.gov.co\/colombia\/#\/schema\/person\/2440fe3a4bf7444850658578d6d6f0c6\"},\"headline\":\"Aseguran a un hombre como presunto responsable del homicidio de la hija de su compa\u00f1era sentimental en Casanare\",\"datePublished\":\"2020-10-21T19:59:39+00:00\",\"dateModified\":\"2020-10-21T21:14:26+00:00\",\"mainEntityOfPage\":{\"@id\":\"https:\/\/www.fiscalia.gov.co\/colombia\/seccionales\/aseguran-a-un-hombre-como-presunto-responsable-del-homicidio-de-la-hija-de-su-companera-sentimental-en-casanare\/\"},\"wordCount\":359,\"publisher\":{\"@id\":\"https:\/\/www.fiscalia.gov.co\/colombia\/#organization\"},\"articleSection\":[\"Seccional Casanare\",\"Seccionales\",\"Violencia sexual e intrafamiliar\"],\"inLanguage\":\"es-CO\"},{\"@type\":\"WebPage\",\"@id\":\"https:\/\/www.fiscalia.gov.co\/colombia\/seccionales\/aseguran-a-un-hombre-como-presunto-responsable-del-homicidio-de-la-hija-de-su-companera-sentimental-en-casanare\/\",\"url\":\"https:\/\/www.fiscalia.gov.co\/colombia\/seccionales\/aseguran-a-un-hombre-como-presunto-responsable-del-homicidio-de-la-hija-de-su-companera-sentimental-en-casanare\/\",\"name\":\"Fiscal\u00eda General de la Naci\u00f3n\",\"isPartOf\":{\"@id\":\"https:\/\/www.fiscalia.gov.co\/colombia\/#website\"},\"datePublished\":\"2020-10-21T19:59:39+00:00\",\"dateModified\":\"2020-10-21T21:14:26+00:00\",\"description\":\"P\u00e1gina oficial de la Fiscal\u00eda General de la Naci\u00f3n \u2013 Colombia. Garantizamos el acceso efectivo a la justicia, la verdad y la reparaci\u00f3n de las v\u00edctimas de los delitos.\",\"breadcrumb\":{\"@id\":\"https:\/\/www.fiscalia.gov.co\/colombia\/seccionales\/aseguran-a-un-hombre-como-presunto-responsable-del-homicidio-de-la-hija-de-su-companera-sentimental-en-casanare\/#breadcrumb\"},\"inLanguage\":\"es-CO\",\"potentialAction\":[{\"@type\":\"ReadAction\",\"target\":[\"https:\/\/www.fiscalia.gov.co\/colombia\/seccionales\/aseguran-a-un-hombre-como-presunto-responsable-del-homicidio-de-la-hija-de-su-companera-sentimental-en-casanare\/\"]}]},{\"@type\":\"BreadcrumbList\",\"@id\":\"https:\/\/www.fiscalia.gov.co\/colombia\/seccionales\/aseguran-a-un-hombre-como-presunto-responsable-del-homicidio-de-la-hija-de-su-companera-sentimental-en-casanare\/#breadcrumb\",\"itemListElement\":[{\"@type\":\"ListItem\",\"position\":1,\"name\":\"Home\",\"item\":\"https:\/\/www.fiscalia.gov.co\/colombia\/\"},{\"@type\":\"ListItem\",\"position\":2,\"name\":\"Aseguran a un hombre como presunto responsable del homicidio de la hija de su compa\u00f1era sentimental en Casanare\"}]},{\"@type\":\"WebSite\",\"@id\":\"https:\/\/www.fiscalia.gov.co\/colombia\/#website\",\"url\":\"https:\/\/www.fiscalia.gov.co\/colombia\/\",\"name\":\"Fiscal\u00eda General de la Naci\u00f3n\",\"description\":\"P\u00e1gina oficial de la Fiscal\u00eda General de la Naci\u00f3n \u2013 Colombia. Garantizamos el acceso efectivo a la justicia, la verdad y la reparaci\u00f3n de las v\u00edctimas de los delitos.\",\"publisher\":{\"@id\":\"https:\/\/www.fiscalia.gov.co\/colombia\/#organization\"},\"potentialAction\":[{\"@type\":\"SearchAction\",\"target\":{\"@type\":\"EntryPoint\",\"urlTemplate\":\"https:\/\/www.fiscalia.gov.co\/colombia\/?s={search_term_string}\"},\"query-input\":{\"@type\":\"PropertyValueSpecification\",\"valueRequired\":true,\"valueName\":\"search_term_string\"}}],\"inLanguage\":\"es-CO\"},{\"@type\":\"Organization\",\"@id\":\"https:\/\/www.fiscalia.gov.co\/colombia\/#organization\",\"name\":\"Fiscal\u00eda General de la Naci\u00f3n\",\"url\":\"https:\/\/www.fiscalia.gov.co\/colombia\/\",\"logo\":{\"@type\":\"ImageObject\",\"inLanguage\":\"es-CO\",\"@id\":\"https:\/\/www.fiscalia.gov.co\/colombia\/#\/schema\/logo\/image\/\",\"url\":\"https:\/\/www.fiscalia.gov.co\/colombia\/wp-content\/uploads\/LogoHorizontal_1.jpg\",\"contentUrl\":\"https:\/\/www.fiscalia.gov.co\/colombia\/wp-content\/uploads\/LogoHorizontal_1.jpg\",\"width\":300,\"height\":90,\"caption\":\"Fiscal\u00eda General de la Naci\u00f3n\"},\"image\":{\"@id\":\"https:\/\/www.fiscalia.gov.co\/colombia\/#\/schema\/logo\/image\/\"},\"sameAs\":[\"https:\/\/www.facebook.com\/FiscaliaCol\",\"https:\/\/x.com\/FiscaliaCol\",\"https:\/\/www.instagram.com\/fiscaliacol\",\"https:\/\/www.linkedin.com\/company\/fiscalia-general-de-la-naci-n\/\",\"https:\/\/youtube.com\/@fiscaliageneraldelanacion-4668?si=6nN79nyQICPU5iTh\"]},{\"@type\":\"Person\",\"@id\":\"https:\/\/www.fiscalia.gov.co\/colombia\/#\/schema\/person\/2440fe3a4bf7444850658578d6d6f0c6\",\"name\":\"Maira Giraldo\",\"image\":{\"@type\":\"ImageObject\",\"inLanguage\":\"es-CO\",\"@id\":\"https:\/\/www.fiscalia.gov.co\/colombia\/#\/schema\/person\/image\/\",\"url\":\"https:\/\/secure.gravatar.com\/avatar\/7cd6b2b23627545037c8b4da5ea379fc?s=96&d=mm&r=g\",\"contentUrl\":\"https:\/\/secure.gravatar.com\/avatar\/7cd6b2b23627545037c8b4da5ea379fc?s=96&d=mm&r=g\",\"caption\":\"Maira Giraldo\"},\"url\":\"https:\/\/www.fiscalia.gov.co\/colombia\/author\/mgiraldo\/\"}]}<\/script>\n<!-- \/ Yoast SEO plugin. -->","yoast_head_json":{"title":"Fiscal\u00eda General de la Naci\u00f3n","description":"P\u00e1gina oficial de la Fiscal\u00eda General de la Naci\u00f3n \u2013 Colombia. Garantizamos el acceso efectivo a la justicia, la verdad y la reparaci\u00f3n de las v\u00edctimas de los delitos.","robots":{"index":"noindex","follow":"follow"},"og_locale":"es_ES","og_type":"article","og_title":"Fiscal\u00eda General de la Naci\u00f3n","og_description":"P\u00e1gina oficial de la Fiscal\u00eda General de la Naci\u00f3n \u2013 Colombia. Garantizamos el acceso efectivo a la justicia, la verdad y la reparaci\u00f3n de las v\u00edctimas de los delitos.","og_url":"https:\/\/www.fiscalia.gov.co\/colombia\/seccionales\/aseguran-a-un-hombre-como-presunto-responsable-del-homicidio-de-la-hija-de-su-companera-sentimental-en-casanare\/","og_site_name":"Fiscal\u00eda General de la Naci\u00f3n","article_publisher":"https:\/\/www.facebook.com\/FiscaliaCol","article_published_time":"2020-10-21T19:59:39+00:00","article_modified_time":"2020-10-21T21:14:26+00:00","author":"Maira Giraldo","twitter_card":"summary_large_image","twitter_creator":"@FiscaliaCol","twitter_site":"@FiscaliaCol","twitter_misc":{"Escrito por":"Maira Giraldo","Tiempo de lectura":"2 minutos"},"schema":{"@context":"https:\/\/schema.org","@graph":[{"@type":"Article","@id":"https:\/\/www.fiscalia.gov.co\/colombia\/seccionales\/aseguran-a-un-hombre-como-presunto-responsable-del-homicidio-de-la-hija-de-su-companera-sentimental-en-casanare\/#article","isPartOf":{"@id":"https:\/\/www.fiscalia.gov.co\/colombia\/seccionales\/aseguran-a-un-hombre-como-presunto-responsable-del-homicidio-de-la-hija-de-su-companera-sentimental-en-casanare\/"},"author":{"name":"Maira Giraldo","@id":"https:\/\/www.fiscalia.gov.co\/colombia\/#\/schema\/person\/2440fe3a4bf7444850658578d6d6f0c6"},"headline":"Aseguran a un hombre como presunto responsable del homicidio de la hija de su compa\u00f1era sentimental en Casanare","datePublished":"2020-10-21T19:59:39+00:00","dateModified":"2020-10-21T21:14:26+00:00","mainEntityOfPage":{"@id":"https:\/\/www.fiscalia.gov.co\/colombia\/seccionales\/aseguran-a-un-hombre-como-presunto-responsable-del-homicidio-de-la-hija-de-su-companera-sentimental-en-casanare\/"},"wordCount":359,"publisher":{"@id":"https:\/\/www.fiscalia.gov.co\/colombia\/#organization"},"articleSection":["Seccional Casanare","Seccionales","Violencia sexual e intrafamiliar"],"inLanguage":"es-CO"},{"@type":"WebPage","@id":"https:\/\/www.fiscalia.gov.co\/colombia\/seccionales\/aseguran-a-un-hombre-como-presunto-responsable-del-homicidio-de-la-hija-de-su-companera-sentimental-en-casanare\/","url":"https:\/\/www.fiscalia.gov.co\/colombia\/seccionales\/aseguran-a-un-hombre-como-presunto-responsable-del-homicidio-de-la-hija-de-su-companera-sentimental-en-casanare\/","name":"Fiscal\u00eda General de la Naci\u00f3n","isPartOf":{"@id":"https:\/\/www.fiscalia.gov.co\/colombia\/#website"},"datePublished":"2020-10-21T19:59:39+00:00","dateModified":"2020-10-21T21:14:26+00:00","description":"P\u00e1gina oficial de la Fiscal\u00eda General de la Naci\u00f3n \u2013 Colombia. Garantizamos el acceso efectivo a la justicia, la verdad y la reparaci\u00f3n de las v\u00edctimas de los delitos.","breadcrumb":{"@id":"https:\/\/www.fiscalia.gov.co\/colombia\/seccionales\/aseguran-a-un-hombre-como-presunto-responsable-del-homicidio-de-la-hija-de-su-companera-sentimental-en-casanare\/#breadcrumb"},"inLanguage":"es-CO","potentialAction":[{"@type":"ReadAction","target":["https:\/\/www.fiscalia.gov.co\/colombia\/seccionales\/aseguran-a-un-hombre-como-presunto-responsable-del-homicidio-de-la-hija-de-su-companera-sentimental-en-casanare\/"]}]},{"@type":"BreadcrumbList","@id":"https:\/\/www.fiscalia.gov.co\/colombia\/seccionales\/aseguran-a-un-hombre-como-presunto-responsable-del-homicidio-de-la-hija-de-su-companera-sentimental-en-casanare\/#breadcrumb","itemListElement":[{"@type":"ListItem","position":1,"name":"Home","item":"https:\/\/www.fiscalia.gov.co\/colombia\/"},{"@type":"ListItem","position":2,"name":"Aseguran a un hombre como presunto responsable del homicidio de la hija de su compa\u00f1era sentimental en Casanare"}]},{"@type":"WebSite","@id":"https:\/\/www.fiscalia.gov.co\/colombia\/#website","url":"https:\/\/www.fiscalia.gov.co\/colombia\/","name":"Fiscal\u00eda General de la Naci\u00f3n","description":"P\u00e1gina oficial de la Fiscal\u00eda General de la Naci\u00f3n \u2013 Colombia. Garantizamos el acceso efectivo a la justicia, la verdad y la reparaci\u00f3n de las v\u00edctimas de los delitos.","publisher":{"@id":"https:\/\/www.fiscalia.gov.co\/colombia\/#organization"},"potentialAction":[{"@type":"SearchAction","target":{"@type":"EntryPoint","urlTemplate":"https:\/\/www.fiscalia.gov.co\/colombia\/?s={search_term_string}"},"query-input":{"@type":"PropertyValueSpecification","valueRequired":true,"valueName":"search_term_string"}}],"inLanguage":"es-CO"},{"@type":"Organization","@id":"https:\/\/www.fiscalia.gov.co\/colombia\/#organization","name":"Fiscal\u00eda General de la Naci\u00f3n","url":"https:\/\/www.fiscalia.gov.co\/colombia\/","logo":{"@type":"ImageObject","inLanguage":"es-CO","@id":"https:\/\/www.fiscalia.gov.co\/colombia\/#\/schema\/logo\/image\/","url":"https:\/\/www.fiscalia.gov.co\/colombia\/wp-content\/uploads\/LogoHorizontal_1.jpg","contentUrl":"https:\/\/www.fiscalia.gov.co\/colombia\/wp-content\/uploads\/LogoHorizontal_1.jpg","width":300,"height":90,"caption":"Fiscal\u00eda General de la Naci\u00f3n"},"image":{"@id":"https:\/\/www.fiscalia.gov.co\/colombia\/#\/schema\/logo\/image\/"},"sameAs":["https:\/\/www.facebook.com\/FiscaliaCol","https:\/\/x.com\/FiscaliaCol","https:\/\/www.instagram.com\/fiscaliacol","https:\/\/www.linkedin.com\/company\/fiscalia-general-de-la-naci-n\/","https:\/\/youtube.com\/@fiscaliageneraldelanacion-4668?si=6nN79nyQICPU5iTh"]},{"@type":"Person","@id":"https:\/\/www.fiscalia.gov.co\/colombia\/#\/schema\/person\/2440fe3a4bf7444850658578d6d6f0c6","name":"Maira Giraldo","image":{"@type":"ImageObject","inLanguage":"es-CO","@id":"https:\/\/www.fiscalia.gov.co\/colombia\/#\/schema\/person\/image\/","url":"https:\/\/secure.gravatar.com\/avatar\/7cd6b2b23627545037c8b4da5ea379fc?s=96&d=mm&r=g","contentUrl":"https:\/\/secure.gravatar.com\/avatar\/7cd6b2b23627545037c8b4da5ea379fc?s=96&d=mm&r=g","caption":"Maira Giraldo"},"url":"https:\/\/www.fiscalia.gov.co\/colombia\/author\/mgiraldo\/"}]}},"_links":{"self":[{"href":"https:\/\/www.fiscalia.gov.co\/colombia\/wp-json\/wp\/v2\/posts\/204655","targetHints":{"allow":["GET"]}}],"collection":[{"href":"https:\/\/www.fiscalia.gov.co\/colombia\/wp-json\/wp\/v2\/posts"}],"about":[{"href":"https:\/\/www.fiscalia.gov.co\/colombia\/wp-json\/wp\/v2\/types\/post"}],"author":[{"embeddable":true,"href":"https:\/\/www.fiscalia.gov.co\/colombia\/wp-json\/wp\/v2\/users\/167"}],"replies":[{"embeddable":true,"href":"https:\/\/www.fiscalia.gov.co\/colombia\/wp-json\/wp\/v2\/comments?post=204655"}],"version-history":[{"count":4,"href":"https:\/\/www.fiscalia.gov.co\/colombia\/wp-json\/wp\/v2\/posts\/204655\/revisions"}],"predecessor-version":[{"id":204681,"href":"https:\/\/www.fiscalia.gov.co\/colombia\/wp-json\/wp\/v2\/posts\/204655\/revisions\/204681"}],"wp:attachment":[{"href":"https:\/\/www.fiscalia.gov.co\/colombia\/wp-json\/wp\/v2\/media?parent=204655"}],"wp:term":[{"taxonomy":"category","embeddable":true,"href":"https:\/\/www.fiscalia.gov.co\/colombia\/wp-json\/wp\/v2\/categories?post=204655"},{"taxonomy":"post_tag","embeddable":true,"href":"https:\/\/www.fiscalia.gov.co\/colombia\/wp-json\/wp\/v2\/tags?post=204655"}],"curies":[{"name":"wp","href":"https:\/\/api.w.org\/{rel}","templated":true}]}}