{"id":204251,"date":"2020-10-17T15:13:11","date_gmt":"2020-10-17T20:13:11","guid":{"rendered":"https:\/\/www.fiscalia.gov.co\/colombia\/?p=204251"},"modified":"2020-10-20T10:09:58","modified_gmt":"2020-10-20T15:09:58","slug":"privados-de-la-libertad-7-supuestos-integrantes-del-grupo-delincuencial-los-mocoanitos-2-por-microtrafico-de-estupefacientes-en-putumayo","status":"publish","type":"post","link":"https:\/\/www.fiscalia.gov.co\/colombia\/seccionales\/privados-de-la-libertad-7-supuestos-integrantes-del-grupo-delincuencial-los-mocoanitos-2-por-microtrafico-de-estupefacientes-en-putumayo\/","title":{"rendered":"Privados de la libertad 7 supuestos integrantes del grupo delincuencial Los Mocoanitos 2, por microtr\u00e1fico de estupefacientes en Putumayo\u00a0"},"content":{"rendered":"<p>&nbsp;<\/p>\n<p><span lang=\"ES\">La Fiscal\u00eda General de la Naci\u00f3n en articulaci\u00f3n con personal de la Polic\u00eda Nacional desmantel\u00f3 un grupo delincuencial denominado Los Mocoanitos 2, que tendr\u00eda injerencia en diferentes barrios de Mocoa (Putumayo), donde al parecer expend\u00eda sustancias il\u00edcitas en peque\u00f1as cantidades.\u00a0<\/span><\/p>\n<p><span lang=\"ES\">Los 7 presuntos integrantes de la banda son: Servio Ibarra Dom\u00ednguez, Fausto Eli\u00e9cer G\u00f3mez Rodr\u00edguez, Herver Norbey L\u00f3pez Arce, Yordy Fabi\u00e1n Romero Morales, Luis Fredys Canacu\u00e9 Trujillo, \u00d3mar El\u00edas Pucil Ord\u00f3\u00f1ez y \u00d3scar Edwin Mu\u00f1oz Mu\u00f1oz.\u00a0<\/span><\/p>\n<p><span lang=\"ES\">Estos hombres, capturados mediante 8 diligencias de registro y allanamiento a sus residencias, fueron judicializados por los delitos de\u00a0<b>tr\u00e1fico, fabricaci\u00f3n o porte de estupefacientes y destinaci\u00f3n il\u00edcita de bienes inmuebles<\/b>.\u00a0<\/span><\/p>\n<p><span lang=\"ES\">De acuerdo con las investigaciones adelantadas a trav\u00e9s de un agente en cubierto, entre otras labores, la Fiscal\u00eda evidenci\u00f3 que los procesados supuestamente utilizaban sus inmuebles para la venta y distribuci\u00f3n de las sustancias il\u00edcitas, y que al parecer realizaban entregas a domicilio, afectando entornos escolares, parques de la ciudad y zonas residenciales.\u00a0<\/span><\/p>\n<p><span lang=\"ES\">En las audiencias preliminares realizadas ante el Juzgado Primero Penal Municipal de Mocoa (Putumayo), los procesados no aceptaron los cargos y fueron\u00a0<b>cobijados con medida de aseguramiento<\/b>\u00a0privativa de la libertad en\u00a0<b>establecimiento carcelario de la ciudad de Pitalito (Huila).\u00a0<\/b><\/span><\/p>\n<p><span lang=\"ES\">Es de anotar que, en agosto de 2018, cinco personas m\u00e1s, se\u00f1aladas tambi\u00e9n de pertenecer a la banda, fueron judicializadas por los mismos hechos.\u00a0<\/span><\/p>\n<p><span lang=\"ES\">La Direcci\u00f3n Seccional Putumayo cumple con los lineamientos del Fiscal General de la Naci\u00f3n, Francisco Barbosa Delgado, para combatir y desarticular grupos delincuencias dedicados al tr\u00e1fico de sustancias estupefacientes, que afectan la seguridad ciudadana.\u00a0<\/span><\/p>\n<p><span lang=\"ES\">La Fiscal\u00eda hace p\u00fablica esta informaci\u00f3n por considerarla de inter\u00e9s general.\u00a0<\/span><\/p>\n<p><span lang=\"ES\">MPHA\/DLBM<\/span><\/p>\n\n<div class=\"twitter-share\"><a href=\"https:\/\/twitter.com\/intent\/tweet?via=fiscaliacol\" class=\"twitter-share-button\">Tweet<\/a><\/div>\n","protected":false},"excerpt":{"rendered":"<p>&nbsp; La Fiscal\u00eda General de la Naci\u00f3n en articulaci\u00f3n con personal de la Polic\u00eda Nacional desmantel\u00f3 un grupo delincuencial denominado Los Mocoanitos 2, que tendr\u00eda injerencia en diferentes barrios de [&hellip;]<\/p>\n","protected":false},"author":167,"featured_media":0,"comment_status":"closed","ping_status":"open","sticky":false,"template":"","format":"video","meta":{"tdm_status":"","tdm_grid_status":"","footnotes":""},"categories":[2910,303,24103],"tags":[],"class_list":["post-204251","post","type-post","status-publish","format-video","category-seccional-mocoa","category-seccionales","category-trafico-de-estupefacientes","post_format-post-format-video"],"yoast_head":"<!-- This site is optimized with the Yoast SEO plugin v24.3 - https:\/\/yoast.com\/wordpress\/plugins\/seo\/ -->\n<title>Fiscal\u00eda General de la Naci\u00f3n<\/title>\n<meta name=\"description\" content=\"P\u00e1gina oficial de la Fiscal\u00eda General de la Naci\u00f3n \u2013 Colombia. Garantizamos el acceso efectivo a la justicia, la verdad y la reparaci\u00f3n de las v\u00edctimas de los delitos.\" \/>\n<meta name=\"robots\" content=\"noindex, follow\" \/>\n<meta property=\"og:locale\" content=\"es_ES\" \/>\n<meta property=\"og:type\" content=\"article\" \/>\n<meta property=\"og:title\" content=\"Fiscal\u00eda General de la Naci\u00f3n\" \/>\n<meta property=\"og:description\" content=\"P\u00e1gina oficial de la Fiscal\u00eda General de la Naci\u00f3n \u2013 Colombia. Garantizamos el acceso efectivo a la justicia, la verdad y la reparaci\u00f3n de las v\u00edctimas de los delitos.\" \/>\n<meta property=\"og:url\" content=\"https:\/\/www.fiscalia.gov.co\/colombia\/seccionales\/privados-de-la-libertad-7-supuestos-integrantes-del-grupo-delincuencial-los-mocoanitos-2-por-microtrafico-de-estupefacientes-en-putumayo\/\" \/>\n<meta property=\"og:site_name\" content=\"Fiscal\u00eda General de la Naci\u00f3n\" \/>\n<meta property=\"article:publisher\" content=\"https:\/\/www.facebook.com\/FiscaliaCol\" \/>\n<meta property=\"article:published_time\" content=\"2020-10-17T20:13:11+00:00\" \/>\n<meta property=\"article:modified_time\" content=\"2020-10-20T15:09:58+00:00\" \/>\n<meta name=\"author\" content=\"Maira Giraldo\" \/>\n<meta name=\"twitter:card\" content=\"summary_large_image\" \/>\n<meta name=\"twitter:creator\" content=\"@FiscaliaCol\" \/>\n<meta name=\"twitter:site\" content=\"@FiscaliaCol\" \/>\n<meta name=\"twitter:label1\" content=\"Escrito por\" \/>\n\t<meta name=\"twitter:data1\" content=\"Maira Giraldo\" \/>\n\t<meta name=\"twitter:label2\" content=\"Tiempo de lectura\" \/>\n\t<meta name=\"twitter:data2\" content=\"2 minutos\" \/>\n<script type=\"application\/ld+json\" class=\"yoast-schema-graph\">{\"@context\":\"https:\/\/schema.org\",\"@graph\":[{\"@type\":\"Article\",\"@id\":\"https:\/\/www.fiscalia.gov.co\/colombia\/seccionales\/privados-de-la-libertad-7-supuestos-integrantes-del-grupo-delincuencial-los-mocoanitos-2-por-microtrafico-de-estupefacientes-en-putumayo\/#article\",\"isPartOf\":{\"@id\":\"https:\/\/www.fiscalia.gov.co\/colombia\/seccionales\/privados-de-la-libertad-7-supuestos-integrantes-del-grupo-delincuencial-los-mocoanitos-2-por-microtrafico-de-estupefacientes-en-putumayo\/\"},\"author\":{\"name\":\"Maira Giraldo\",\"@id\":\"https:\/\/www.fiscalia.gov.co\/colombia\/#\/schema\/person\/2440fe3a4bf7444850658578d6d6f0c6\"},\"headline\":\"Privados de la libertad 7 supuestos integrantes del grupo delincuencial Los Mocoanitos 2, por microtr\u00e1fico de estupefacientes en Putumayo\u00a0\",\"datePublished\":\"2020-10-17T20:13:11+00:00\",\"dateModified\":\"2020-10-20T15:09:58+00:00\",\"mainEntityOfPage\":{\"@id\":\"https:\/\/www.fiscalia.gov.co\/colombia\/seccionales\/privados-de-la-libertad-7-supuestos-integrantes-del-grupo-delincuencial-los-mocoanitos-2-por-microtrafico-de-estupefacientes-en-putumayo\/\"},\"wordCount\":322,\"publisher\":{\"@id\":\"https:\/\/www.fiscalia.gov.co\/colombia\/#organization\"},\"articleSection\":[\"Seccional Mocoa\",\"Seccionales\",\"Tr\u00e1fico de estupefacientes\"],\"inLanguage\":\"es-CO\"},{\"@type\":\"WebPage\",\"@id\":\"https:\/\/www.fiscalia.gov.co\/colombia\/seccionales\/privados-de-la-libertad-7-supuestos-integrantes-del-grupo-delincuencial-los-mocoanitos-2-por-microtrafico-de-estupefacientes-en-putumayo\/\",\"url\":\"https:\/\/www.fiscalia.gov.co\/colombia\/seccionales\/privados-de-la-libertad-7-supuestos-integrantes-del-grupo-delincuencial-los-mocoanitos-2-por-microtrafico-de-estupefacientes-en-putumayo\/\",\"name\":\"Fiscal\u00eda General de la Naci\u00f3n\",\"isPartOf\":{\"@id\":\"https:\/\/www.fiscalia.gov.co\/colombia\/#website\"},\"datePublished\":\"2020-10-17T20:13:11+00:00\",\"dateModified\":\"2020-10-20T15:09:58+00:00\",\"description\":\"P\u00e1gina oficial de la Fiscal\u00eda General de la Naci\u00f3n \u2013 Colombia. Garantizamos el acceso efectivo a la justicia, la verdad y la reparaci\u00f3n de las v\u00edctimas de los delitos.\",\"breadcrumb\":{\"@id\":\"https:\/\/www.fiscalia.gov.co\/colombia\/seccionales\/privados-de-la-libertad-7-supuestos-integrantes-del-grupo-delincuencial-los-mocoanitos-2-por-microtrafico-de-estupefacientes-en-putumayo\/#breadcrumb\"},\"inLanguage\":\"es-CO\",\"potentialAction\":[{\"@type\":\"ReadAction\",\"target\":[\"https:\/\/www.fiscalia.gov.co\/colombia\/seccionales\/privados-de-la-libertad-7-supuestos-integrantes-del-grupo-delincuencial-los-mocoanitos-2-por-microtrafico-de-estupefacientes-en-putumayo\/\"]}]},{\"@type\":\"BreadcrumbList\",\"@id\":\"https:\/\/www.fiscalia.gov.co\/colombia\/seccionales\/privados-de-la-libertad-7-supuestos-integrantes-del-grupo-delincuencial-los-mocoanitos-2-por-microtrafico-de-estupefacientes-en-putumayo\/#breadcrumb\",\"itemListElement\":[{\"@type\":\"ListItem\",\"position\":1,\"name\":\"Home\",\"item\":\"https:\/\/www.fiscalia.gov.co\/colombia\/\"},{\"@type\":\"ListItem\",\"position\":2,\"name\":\"Privados de la libertad 7 supuestos integrantes del grupo delincuencial Los Mocoanitos 2, por microtr\u00e1fico de estupefacientes en Putumayo\u00a0\"}]},{\"@type\":\"WebSite\",\"@id\":\"https:\/\/www.fiscalia.gov.co\/colombia\/#website\",\"url\":\"https:\/\/www.fiscalia.gov.co\/colombia\/\",\"name\":\"Fiscal\u00eda General de la Naci\u00f3n\",\"description\":\"P\u00e1gina oficial de la Fiscal\u00eda General de la Naci\u00f3n \u2013 Colombia. Garantizamos el acceso efectivo a la justicia, la verdad y la reparaci\u00f3n de las v\u00edctimas de los delitos.\",\"publisher\":{\"@id\":\"https:\/\/www.fiscalia.gov.co\/colombia\/#organization\"},\"potentialAction\":[{\"@type\":\"SearchAction\",\"target\":{\"@type\":\"EntryPoint\",\"urlTemplate\":\"https:\/\/www.fiscalia.gov.co\/colombia\/?s={search_term_string}\"},\"query-input\":{\"@type\":\"PropertyValueSpecification\",\"valueRequired\":true,\"valueName\":\"search_term_string\"}}],\"inLanguage\":\"es-CO\"},{\"@type\":\"Organization\",\"@id\":\"https:\/\/www.fiscalia.gov.co\/colombia\/#organization\",\"name\":\"Fiscal\u00eda General de la Naci\u00f3n\",\"url\":\"https:\/\/www.fiscalia.gov.co\/colombia\/\",\"logo\":{\"@type\":\"ImageObject\",\"inLanguage\":\"es-CO\",\"@id\":\"https:\/\/www.fiscalia.gov.co\/colombia\/#\/schema\/logo\/image\/\",\"url\":\"https:\/\/www.fiscalia.gov.co\/colombia\/wp-content\/uploads\/LogoHorizontal_1.jpg\",\"contentUrl\":\"https:\/\/www.fiscalia.gov.co\/colombia\/wp-content\/uploads\/LogoHorizontal_1.jpg\",\"width\":300,\"height\":90,\"caption\":\"Fiscal\u00eda General de la Naci\u00f3n\"},\"image\":{\"@id\":\"https:\/\/www.fiscalia.gov.co\/colombia\/#\/schema\/logo\/image\/\"},\"sameAs\":[\"https:\/\/www.facebook.com\/FiscaliaCol\",\"https:\/\/x.com\/FiscaliaCol\",\"https:\/\/www.instagram.com\/fiscaliacol\",\"https:\/\/www.linkedin.com\/company\/fiscalia-general-de-la-naci-n\/\",\"https:\/\/youtube.com\/@fiscaliageneraldelanacion-4668?si=6nN79nyQICPU5iTh\"]},{\"@type\":\"Person\",\"@id\":\"https:\/\/www.fiscalia.gov.co\/colombia\/#\/schema\/person\/2440fe3a4bf7444850658578d6d6f0c6\",\"name\":\"Maira Giraldo\",\"image\":{\"@type\":\"ImageObject\",\"inLanguage\":\"es-CO\",\"@id\":\"https:\/\/www.fiscalia.gov.co\/colombia\/#\/schema\/person\/image\/\",\"url\":\"https:\/\/secure.gravatar.com\/avatar\/7cd6b2b23627545037c8b4da5ea379fc?s=96&d=mm&r=g\",\"contentUrl\":\"https:\/\/secure.gravatar.com\/avatar\/7cd6b2b23627545037c8b4da5ea379fc?s=96&d=mm&r=g\",\"caption\":\"Maira Giraldo\"},\"url\":\"https:\/\/www.fiscalia.gov.co\/colombia\/author\/mgiraldo\/\"}]}<\/script>\n<!-- \/ Yoast SEO plugin. -->","yoast_head_json":{"title":"Fiscal\u00eda General de la Naci\u00f3n","description":"P\u00e1gina oficial de la Fiscal\u00eda General de la Naci\u00f3n \u2013 Colombia. Garantizamos el acceso efectivo a la justicia, la verdad y la reparaci\u00f3n de las v\u00edctimas de los delitos.","robots":{"index":"noindex","follow":"follow"},"og_locale":"es_ES","og_type":"article","og_title":"Fiscal\u00eda General de la Naci\u00f3n","og_description":"P\u00e1gina oficial de la Fiscal\u00eda General de la Naci\u00f3n \u2013 Colombia. Garantizamos el acceso efectivo a la justicia, la verdad y la reparaci\u00f3n de las v\u00edctimas de los delitos.","og_url":"https:\/\/www.fiscalia.gov.co\/colombia\/seccionales\/privados-de-la-libertad-7-supuestos-integrantes-del-grupo-delincuencial-los-mocoanitos-2-por-microtrafico-de-estupefacientes-en-putumayo\/","og_site_name":"Fiscal\u00eda General de la Naci\u00f3n","article_publisher":"https:\/\/www.facebook.com\/FiscaliaCol","article_published_time":"2020-10-17T20:13:11+00:00","article_modified_time":"2020-10-20T15:09:58+00:00","author":"Maira Giraldo","twitter_card":"summary_large_image","twitter_creator":"@FiscaliaCol","twitter_site":"@FiscaliaCol","twitter_misc":{"Escrito por":"Maira Giraldo","Tiempo de lectura":"2 minutos"},"schema":{"@context":"https:\/\/schema.org","@graph":[{"@type":"Article","@id":"https:\/\/www.fiscalia.gov.co\/colombia\/seccionales\/privados-de-la-libertad-7-supuestos-integrantes-del-grupo-delincuencial-los-mocoanitos-2-por-microtrafico-de-estupefacientes-en-putumayo\/#article","isPartOf":{"@id":"https:\/\/www.fiscalia.gov.co\/colombia\/seccionales\/privados-de-la-libertad-7-supuestos-integrantes-del-grupo-delincuencial-los-mocoanitos-2-por-microtrafico-de-estupefacientes-en-putumayo\/"},"author":{"name":"Maira Giraldo","@id":"https:\/\/www.fiscalia.gov.co\/colombia\/#\/schema\/person\/2440fe3a4bf7444850658578d6d6f0c6"},"headline":"Privados de la libertad 7 supuestos integrantes del grupo delincuencial Los Mocoanitos 2, por microtr\u00e1fico de estupefacientes en Putumayo\u00a0","datePublished":"2020-10-17T20:13:11+00:00","dateModified":"2020-10-20T15:09:58+00:00","mainEntityOfPage":{"@id":"https:\/\/www.fiscalia.gov.co\/colombia\/seccionales\/privados-de-la-libertad-7-supuestos-integrantes-del-grupo-delincuencial-los-mocoanitos-2-por-microtrafico-de-estupefacientes-en-putumayo\/"},"wordCount":322,"publisher":{"@id":"https:\/\/www.fiscalia.gov.co\/colombia\/#organization"},"articleSection":["Seccional Mocoa","Seccionales","Tr\u00e1fico de estupefacientes"],"inLanguage":"es-CO"},{"@type":"WebPage","@id":"https:\/\/www.fiscalia.gov.co\/colombia\/seccionales\/privados-de-la-libertad-7-supuestos-integrantes-del-grupo-delincuencial-los-mocoanitos-2-por-microtrafico-de-estupefacientes-en-putumayo\/","url":"https:\/\/www.fiscalia.gov.co\/colombia\/seccionales\/privados-de-la-libertad-7-supuestos-integrantes-del-grupo-delincuencial-los-mocoanitos-2-por-microtrafico-de-estupefacientes-en-putumayo\/","name":"Fiscal\u00eda General de la Naci\u00f3n","isPartOf":{"@id":"https:\/\/www.fiscalia.gov.co\/colombia\/#website"},"datePublished":"2020-10-17T20:13:11+00:00","dateModified":"2020-10-20T15:09:58+00:00","description":"P\u00e1gina oficial de la Fiscal\u00eda General de la Naci\u00f3n \u2013 Colombia. Garantizamos el acceso efectivo a la justicia, la verdad y la reparaci\u00f3n de las v\u00edctimas de los delitos.","breadcrumb":{"@id":"https:\/\/www.fiscalia.gov.co\/colombia\/seccionales\/privados-de-la-libertad-7-supuestos-integrantes-del-grupo-delincuencial-los-mocoanitos-2-por-microtrafico-de-estupefacientes-en-putumayo\/#breadcrumb"},"inLanguage":"es-CO","potentialAction":[{"@type":"ReadAction","target":["https:\/\/www.fiscalia.gov.co\/colombia\/seccionales\/privados-de-la-libertad-7-supuestos-integrantes-del-grupo-delincuencial-los-mocoanitos-2-por-microtrafico-de-estupefacientes-en-putumayo\/"]}]},{"@type":"BreadcrumbList","@id":"https:\/\/www.fiscalia.gov.co\/colombia\/seccionales\/privados-de-la-libertad-7-supuestos-integrantes-del-grupo-delincuencial-los-mocoanitos-2-por-microtrafico-de-estupefacientes-en-putumayo\/#breadcrumb","itemListElement":[{"@type":"ListItem","position":1,"name":"Home","item":"https:\/\/www.fiscalia.gov.co\/colombia\/"},{"@type":"ListItem","position":2,"name":"Privados de la libertad 7 supuestos integrantes del grupo delincuencial Los Mocoanitos 2, por microtr\u00e1fico de estupefacientes en Putumayo\u00a0"}]},{"@type":"WebSite","@id":"https:\/\/www.fiscalia.gov.co\/colombia\/#website","url":"https:\/\/www.fiscalia.gov.co\/colombia\/","name":"Fiscal\u00eda General de la Naci\u00f3n","description":"P\u00e1gina oficial de la Fiscal\u00eda General de la Naci\u00f3n \u2013 Colombia. Garantizamos el acceso efectivo a la justicia, la verdad y la reparaci\u00f3n de las v\u00edctimas de los delitos.","publisher":{"@id":"https:\/\/www.fiscalia.gov.co\/colombia\/#organization"},"potentialAction":[{"@type":"SearchAction","target":{"@type":"EntryPoint","urlTemplate":"https:\/\/www.fiscalia.gov.co\/colombia\/?s={search_term_string}"},"query-input":{"@type":"PropertyValueSpecification","valueRequired":true,"valueName":"search_term_string"}}],"inLanguage":"es-CO"},{"@type":"Organization","@id":"https:\/\/www.fiscalia.gov.co\/colombia\/#organization","name":"Fiscal\u00eda General de la Naci\u00f3n","url":"https:\/\/www.fiscalia.gov.co\/colombia\/","logo":{"@type":"ImageObject","inLanguage":"es-CO","@id":"https:\/\/www.fiscalia.gov.co\/colombia\/#\/schema\/logo\/image\/","url":"https:\/\/www.fiscalia.gov.co\/colombia\/wp-content\/uploads\/LogoHorizontal_1.jpg","contentUrl":"https:\/\/www.fiscalia.gov.co\/colombia\/wp-content\/uploads\/LogoHorizontal_1.jpg","width":300,"height":90,"caption":"Fiscal\u00eda General de la Naci\u00f3n"},"image":{"@id":"https:\/\/www.fiscalia.gov.co\/colombia\/#\/schema\/logo\/image\/"},"sameAs":["https:\/\/www.facebook.com\/FiscaliaCol","https:\/\/x.com\/FiscaliaCol","https:\/\/www.instagram.com\/fiscaliacol","https:\/\/www.linkedin.com\/company\/fiscalia-general-de-la-naci-n\/","https:\/\/youtube.com\/@fiscaliageneraldelanacion-4668?si=6nN79nyQICPU5iTh"]},{"@type":"Person","@id":"https:\/\/www.fiscalia.gov.co\/colombia\/#\/schema\/person\/2440fe3a4bf7444850658578d6d6f0c6","name":"Maira Giraldo","image":{"@type":"ImageObject","inLanguage":"es-CO","@id":"https:\/\/www.fiscalia.gov.co\/colombia\/#\/schema\/person\/image\/","url":"https:\/\/secure.gravatar.com\/avatar\/7cd6b2b23627545037c8b4da5ea379fc?s=96&d=mm&r=g","contentUrl":"https:\/\/secure.gravatar.com\/avatar\/7cd6b2b23627545037c8b4da5ea379fc?s=96&d=mm&r=g","caption":"Maira Giraldo"},"url":"https:\/\/www.fiscalia.gov.co\/colombia\/author\/mgiraldo\/"}]}},"_links":{"self":[{"href":"https:\/\/www.fiscalia.gov.co\/colombia\/wp-json\/wp\/v2\/posts\/204251","targetHints":{"allow":["GET"]}}],"collection":[{"href":"https:\/\/www.fiscalia.gov.co\/colombia\/wp-json\/wp\/v2\/posts"}],"about":[{"href":"https:\/\/www.fiscalia.gov.co\/colombia\/wp-json\/wp\/v2\/types\/post"}],"author":[{"embeddable":true,"href":"https:\/\/www.fiscalia.gov.co\/colombia\/wp-json\/wp\/v2\/users\/167"}],"replies":[{"embeddable":true,"href":"https:\/\/www.fiscalia.gov.co\/colombia\/wp-json\/wp\/v2\/comments?post=204251"}],"version-history":[{"count":2,"href":"https:\/\/www.fiscalia.gov.co\/colombia\/wp-json\/wp\/v2\/posts\/204251\/revisions"}],"predecessor-version":[{"id":204494,"href":"https:\/\/www.fiscalia.gov.co\/colombia\/wp-json\/wp\/v2\/posts\/204251\/revisions\/204494"}],"wp:attachment":[{"href":"https:\/\/www.fiscalia.gov.co\/colombia\/wp-json\/wp\/v2\/media?parent=204251"}],"wp:term":[{"taxonomy":"category","embeddable":true,"href":"https:\/\/www.fiscalia.gov.co\/colombia\/wp-json\/wp\/v2\/categories?post=204251"},{"taxonomy":"post_tag","embeddable":true,"href":"https:\/\/www.fiscalia.gov.co\/colombia\/wp-json\/wp\/v2\/tags?post=204251"}],"curies":[{"name":"wp","href":"https:\/\/api.w.org\/{rel}","templated":true}]}}