{"id":204249,"date":"2020-10-17T15:05:27","date_gmt":"2020-10-17T20:05:27","guid":{"rendered":"https:\/\/www.fiscalia.gov.co\/colombia\/?p=204249"},"modified":"2020-10-17T15:05:27","modified_gmt":"2020-10-17T20:05:27","slug":"fiscalia-imputo-cargos-contra-17-personas-que-al-parecer-se-apoderaban-de-combustible-de-la-fuerza-aerea-colombiana","status":"publish","type":"post","link":"https:\/\/www.fiscalia.gov.co\/colombia\/seccionales\/fiscalia-imputo-cargos-contra-17-personas-que-al-parecer-se-apoderaban-de-combustible-de-la-fuerza-aerea-colombiana\/","title":{"rendered":"Fiscal\u00eda imput\u00f3 cargos contra 17 personas que al parecer se apoderaban de combustible de la Fuerza A\u00e9rea Colombiana\u00a0"},"content":{"rendered":"<div>\n<div dir=\"ltr\">\n<div>\n<h4 class=\"x_x_MsoNormal\"><strong><em><span lang=\"ES\">\u00a0<\/span><span lang=\"ES\">Los investigados, entre\u00a0<\/span><span lang=\"ES\">servidores y ex servidores p\u00fablicos de la FAC (uniformados y civiles), fueron capacitados para ser tanqueros y abastecer las aeronaves de la instituci\u00f3n.\u00a0La defraudaci\u00f3n asciende a los $3.000 millones.<\/span><span lang=\"ES\">\u00a0<\/span><\/em><\/strong><span lang=\"ES\">\u00a0<\/span><\/h4>\n<p class=\"x_x_MsoNormal\"><span lang=\"ES\">Un fiscal adscrito a la Unidad de Administraci\u00f3n P\u00fablica, de la Direcci\u00f3n Seccional Bogot\u00e1, formul\u00f3 imputaci\u00f3n en contra de 17 personas, entre civiles y uniformados de la Fuerza A\u00e9rea Colombiana (FAC), se\u00f1aladas como presuntas responsables de los delitos de\u00a0<\/span><span lang=\"ES\"><b>peculado por apropiaci\u00f3n<\/b><\/span><span lang=\"ES\">\u00a0en concurso heterog\u00e9neo con\u00a0<\/span><span lang=\"ES\"><b>falsedad en documento p\u00fablico agravada<\/b><\/span><span lang=\"ES\">.<\/span><span lang=\"ES\">\u00a0\u00a0<\/span><\/p>\n<p class=\"x_x_MsoNormal\"><span lang=\"ES\">Desde el a\u00f1o 2005, el Ministerio de Defensa Nacional y la Fuerza A\u00e9rea Colombiana (FAC) celebraron varios contratos con una empresa, cuyo objeto era el suministro de combustible a aeronaves de las Fuerzas Militares y de la Polic\u00eda Nacional. El tanqueo se realizaba en el aeropuerto ubicado en el municipio de La Macarena (Meta) y, para cumplir con este objetivo, la FAC seleccionaba y capacitaba servidores (civiles y uniformados-suboficiales) como tanqueros, a quienes enviaban en comisi\u00f3n durante 8 o 10 d\u00edas a este lugar.\u00a0<\/span><\/p>\n<p class=\"x_x_MsoNormal\"><span lang=\"ES\">Sin embargo, en la investigaci\u00f3n se evidenci\u00f3 que, durante las comisiones de enero de 2010 a junio de 2012, al parecer se comenzaron a adulterar los vales de tanqueo, en los que plasmaban m\u00e1s galones de los suministrados a las aeronaves. De esta manera, los tanqueros recib\u00edan, por parte de un tercero, la suma de $3.000 pesos por gal\u00f3n de combustible no suministrado, pero si relacionado en dichos vales.\u00a0\u00a0<\/span><span lang=\"ES\">\u00a0<\/span><\/p>\n<p class=\"x_x_MsoNormal\"><span lang=\"ES\">De acuerdo con lo establecido, el\u00a0<\/span><span lang=\"ES\"><b>monto apropiado supera los $3.000&#8217;000.000.<\/b><\/span><span lang=\"ES\">\u00a0<\/span><span lang=\"ES\">\u00a0<\/span><span lang=\"ES\">\u00a0<\/span><\/p>\n<p class=\"x_x_MsoNormal\"><span lang=\"ES\">Por estos hechos, descubiertos con base en un informe del Almac\u00e9n de Combustible del Comando A\u00e9reo de Combate N\u00famero 4 (CACOM-4), el ente acusador le imput\u00f3 cargo a:<\/span><span lang=\"ES\">\u00a0<\/span><\/p>\n<ol start=\"1\" type=\"1\">\n<li class=\"x_x_MsoNormal\"><span lang=\"ES\">Luis Alex\u00e1nder C\u00f3rdoba Mazabel (Civil- activo)\u00a0<\/span><span lang=\"ES\">\u00a0<\/span><span lang=\"ES\">\u00a0<\/span><\/li>\n<li class=\"x_x_MsoNormal\">Luis Carlos Castro (Retirado)<\/li>\n<li class=\"x_x_MsoNormal\"><span lang=\"ES\">H\u00e9ctor Emilio Delima Bar\u00f3n (Civil- activo)\u00a0<\/span><span lang=\"ES\">\u00a0<\/span><span lang=\"ES\">\u00a0<\/span><\/li>\n<li class=\"x_x_MsoNormal\"><span lang=\"ES\">Jos\u00e9 Alex\u00e1nder Latorre Correal (Civil- activo)\u00a0<\/span><span lang=\"ES\">\u00a0<\/span><span lang=\"ES\">\u00a0<\/span><\/li>\n<li class=\"x_x_MsoNormal\">Andr\u00e9s Antonio Sandoval (Retirado)<\/li>\n<li class=\"x_x_MsoNormal\"><span lang=\"ES\">Misael Alejandro Calder\u00f3n Garc\u00eda (Activo- uniformado)\u00a0<\/span><span lang=\"ES\">\u00a0<\/span><span lang=\"ES\">\u00a0<\/span><\/li>\n<li class=\"x_x_MsoNormal\">William Alfonso Hern\u00e1ndez Loaiza (Activo- uniformado)<\/li>\n<li class=\"x_x_MsoNormal\"><span lang=\"ES\">Wilson Ignacio Moreno Sanabria (Retirado)\u00a0<\/span><span lang=\"ES\">\u00a0<\/span><span lang=\"ES\">\u00a0<\/span><\/li>\n<li class=\"x_x_MsoNormal\"><span lang=\"ES\">Milton Andr\u00e9s Chica (Activo- uniformado)\u00a0<\/span><span lang=\"ES\">\u00a0<\/span><span lang=\"ES\">\u00a0<\/span><\/li>\n<li class=\"x_x_MsoNormal\"><span lang=\"ES\">Wilson Andr\u00e9s Bol\u00edvar Puentes (Activo- uniformado)\u00a0\u00a0<\/span><span lang=\"ES\">\u00a0<\/span><span lang=\"ES\">\u00a0<\/span><\/li>\n<li class=\"x_x_MsoNormal\"><span lang=\"ES\">\u00d3scar Fernando Cat\u00f3lico Pacanchique (Activo-uniformado)\u00a0\u00a0<\/span><span lang=\"ES\">\u00a0<\/span><span lang=\"ES\">\u00a0<\/span><\/li>\n<li class=\"x_x_MsoNormal\"><span lang=\"ES\">Yeison David Herrera Solano (Activo- uniformado)\u00a0<\/span><span lang=\"ES\">\u00a0<\/span><span lang=\"ES\">\u00a0<\/span><\/li>\n<li class=\"x_x_MsoNormal\"><span lang=\"ES\">Lenin Alberto R\u00edos Trochez (Retirado)\u00a0<\/span><span lang=\"ES\">\u00a0<\/span><span lang=\"ES\">\u00a0<\/span><\/li>\n<li class=\"x_x_MsoNormal\"><span lang=\"ES\">Carlos Enrique Abello Torres (Civil \u2013 activo)\u00a0\u00a0\u00a0<\/span><span lang=\"ES\">\u00a0<\/span><span lang=\"ES\">\u00a0<\/span><\/li>\n<li class=\"x_x_MsoNormal\"><span lang=\"ES\">Wilmar Gonzalo Herrera Babativa (Activo \u2013 uniformado)\u00a0<\/span><span lang=\"ES\">\u00a0<\/span><span lang=\"ES\">\u00a0<\/span><\/li>\n<li class=\"x_x_MsoNormal\"><span lang=\"ES\">Andr\u00e9s Felipe Bojac\u00e1 Casilimas (Activo- uniformado)\u00a0<\/span><span lang=\"ES\">\u00a0<\/span><span lang=\"ES\">\u00a0<\/span><\/li>\n<li class=\"x_x_MsoNormal\"><span lang=\"ES\">Juan Manuel Aranguren Santos (Retirado)<\/span><span lang=\"ES\">\u00a0<\/span><\/li>\n<\/ol>\n<p class=\"x_x_MsoNormal\"><span lang=\"ES\">En las audiencias de formulaci\u00f3n imputaci\u00f3n, realizadas entre el 28 de septiembre y el 5 de octubre \u00faltimos, ninguno de los procesados acept\u00f3 su responsabilidad.\u00a0<\/span><span lang=\"ES\">\u00a0<\/span><\/p>\n<p class=\"x_x_MsoNormal\"><span lang=\"ES\">Estos resultados obedecen a los lineamientos trazados por el Fiscal General de la Naci\u00f3n, Francisco Barbosa Delgado, en la lucha contra la corrupci\u00f3n, para que los delitos contra la administraci\u00f3n p\u00fablica que defraudan el erario no queden impunes.\u00a0<\/span><span lang=\"ES\">\u00a0<\/span><\/p>\n<p class=\"x_x_MsoNormal\"><span lang=\"ES\">La Fiscal\u00eda hace p\u00fablica esta informaci\u00f3n por razones de inter\u00e9s general.\u00a0<\/span><span lang=\"ES\">\u00a0\u00a0<\/span><\/p>\n<p class=\"x_x_MsoNormal\"><span lang=\"ES\">LMFO\/DLBM<\/span><span lang=\"ES\">\u00a0<\/span><\/p>\n<\/div>\n<\/div>\n<\/div>\n\n<div class=\"twitter-share\"><a href=\"https:\/\/twitter.com\/intent\/tweet?via=fiscaliacol\" class=\"twitter-share-button\">Tweet<\/a><\/div>\n","protected":false},"excerpt":{"rendered":"<p>\u00a0Los investigados, entre\u00a0servidores y ex servidores p\u00fablicos de la FAC (uniformados y civiles), fueron capacitados para ser tanqueros y abastecer las aeronaves de la instituci\u00f3n.\u00a0La defraudaci\u00f3n asciende a los $3.000 millones.\u00a0\u00a0 Un fiscal adscrito a la Unidad de Administraci\u00f3n P\u00fablica, de la Direcci\u00f3n Seccional Bogot\u00e1, formul\u00f3 imputaci\u00f3n en contra de 17 personas, entre civiles y [&hellip;]<\/p>\n","protected":false},"author":167,"featured_media":0,"comment_status":"closed","ping_status":"open","sticky":false,"template":"","format":"standard","meta":{"_price":"","_stock":"","_tribe_ticket_header":"","_tribe_default_ticket_provider":"","_tribe_ticket_capacity":"0","_ticket_start_date":"","_ticket_end_date":"","_tribe_ticket_show_description":"","_tribe_ticket_show_not_going":false,"_tribe_ticket_use_global_stock":"","_tribe_ticket_global_stock_level":"","_global_stock_mode":"","_global_stock_cap":"","_tribe_rsvp_for_event":"","_tribe_ticket_going_count":"","_tribe_ticket_not_going_count":"","_tribe_tickets_list":"[]","_tribe_ticket_has_attendee_info_fields":false,"tdm_status":"","tdm_grid_status":"","footnotes":""},"categories":[24097,321,303],"tags":[],"class_list":{"0":"post-204249","1":"post","2":"type-post","3":"status-publish","4":"format-standard","6":"category-corrupcion","7":"category-seccional-bogota","8":"category-seccionales"},"yoast_head":"<!-- This site is optimized with the Yoast SEO plugin v24.3 - https:\/\/yoast.com\/wordpress\/plugins\/seo\/ -->\n<title>Fiscal\u00eda General de la Naci\u00f3n<\/title>\n<meta name=\"description\" content=\"P\u00e1gina oficial de la Fiscal\u00eda General de la Naci\u00f3n \u2013 Colombia. Garantizamos el acceso efectivo a la justicia, la verdad y la reparaci\u00f3n de las v\u00edctimas de los delitos.\" \/>\n<meta name=\"robots\" content=\"noindex, follow\" \/>\n<meta property=\"og:locale\" content=\"es_ES\" \/>\n<meta property=\"og:type\" content=\"article\" \/>\n<meta property=\"og:title\" content=\"Fiscal\u00eda General de la Naci\u00f3n\" \/>\n<meta property=\"og:description\" content=\"P\u00e1gina oficial de la Fiscal\u00eda General de la Naci\u00f3n \u2013 Colombia. Garantizamos el acceso efectivo a la justicia, la verdad y la reparaci\u00f3n de las v\u00edctimas de los delitos.\" \/>\n<meta property=\"og:url\" content=\"https:\/\/www.fiscalia.gov.co\/colombia\/seccionales\/fiscalia-imputo-cargos-contra-17-personas-que-al-parecer-se-apoderaban-de-combustible-de-la-fuerza-aerea-colombiana\/\" \/>\n<meta property=\"og:site_name\" content=\"Fiscal\u00eda General de la Naci\u00f3n\" \/>\n<meta property=\"article:publisher\" content=\"https:\/\/www.facebook.com\/FiscaliaCol\" \/>\n<meta property=\"article:published_time\" content=\"2020-10-17T20:05:27+00:00\" \/>\n<meta name=\"author\" content=\"Maira Giraldo\" \/>\n<meta name=\"twitter:card\" content=\"summary_large_image\" \/>\n<meta name=\"twitter:creator\" content=\"@FiscaliaCol\" \/>\n<meta name=\"twitter:site\" content=\"@FiscaliaCol\" \/>\n<meta name=\"twitter:label1\" content=\"Escrito por\" \/>\n\t<meta name=\"twitter:data1\" content=\"Maira Giraldo\" \/>\n\t<meta name=\"twitter:label2\" content=\"Tiempo de lectura\" \/>\n\t<meta name=\"twitter:data2\" content=\"2 minutos\" \/>\n<script type=\"application\/ld+json\" class=\"yoast-schema-graph\">{\"@context\":\"https:\/\/schema.org\",\"@graph\":[{\"@type\":\"Article\",\"@id\":\"https:\/\/www.fiscalia.gov.co\/colombia\/seccionales\/fiscalia-imputo-cargos-contra-17-personas-que-al-parecer-se-apoderaban-de-combustible-de-la-fuerza-aerea-colombiana\/#article\",\"isPartOf\":{\"@id\":\"https:\/\/www.fiscalia.gov.co\/colombia\/seccionales\/fiscalia-imputo-cargos-contra-17-personas-que-al-parecer-se-apoderaban-de-combustible-de-la-fuerza-aerea-colombiana\/\"},\"author\":{\"name\":\"Maira Giraldo\",\"@id\":\"https:\/\/www.fiscalia.gov.co\/colombia\/#\/schema\/person\/2440fe3a4bf7444850658578d6d6f0c6\"},\"headline\":\"Fiscal\u00eda imput\u00f3 cargos contra 17 personas que al parecer se apoderaban de combustible de la Fuerza A\u00e9rea Colombiana\u00a0\",\"datePublished\":\"2020-10-17T20:05:27+00:00\",\"dateModified\":\"2020-10-17T20:05:27+00:00\",\"mainEntityOfPage\":{\"@id\":\"https:\/\/www.fiscalia.gov.co\/colombia\/seccionales\/fiscalia-imputo-cargos-contra-17-personas-que-al-parecer-se-apoderaban-de-combustible-de-la-fuerza-aerea-colombiana\/\"},\"wordCount\":502,\"publisher\":{\"@id\":\"https:\/\/www.fiscalia.gov.co\/colombia\/#organization\"},\"articleSection\":[\"Corrupci\u00f3n\",\"Seccional Bogot\u00e1\",\"Seccionales\"],\"inLanguage\":\"es-CO\"},{\"@type\":\"WebPage\",\"@id\":\"https:\/\/www.fiscalia.gov.co\/colombia\/seccionales\/fiscalia-imputo-cargos-contra-17-personas-que-al-parecer-se-apoderaban-de-combustible-de-la-fuerza-aerea-colombiana\/\",\"url\":\"https:\/\/www.fiscalia.gov.co\/colombia\/seccionales\/fiscalia-imputo-cargos-contra-17-personas-que-al-parecer-se-apoderaban-de-combustible-de-la-fuerza-aerea-colombiana\/\",\"name\":\"Fiscal\u00eda General de la Naci\u00f3n\",\"isPartOf\":{\"@id\":\"https:\/\/www.fiscalia.gov.co\/colombia\/#website\"},\"datePublished\":\"2020-10-17T20:05:27+00:00\",\"dateModified\":\"2020-10-17T20:05:27+00:00\",\"description\":\"P\u00e1gina oficial de la Fiscal\u00eda General de la Naci\u00f3n \u2013 Colombia. Garantizamos el acceso efectivo a la justicia, la verdad y la reparaci\u00f3n de las v\u00edctimas de los delitos.\",\"breadcrumb\":{\"@id\":\"https:\/\/www.fiscalia.gov.co\/colombia\/seccionales\/fiscalia-imputo-cargos-contra-17-personas-que-al-parecer-se-apoderaban-de-combustible-de-la-fuerza-aerea-colombiana\/#breadcrumb\"},\"inLanguage\":\"es-CO\",\"potentialAction\":[{\"@type\":\"ReadAction\",\"target\":[\"https:\/\/www.fiscalia.gov.co\/colombia\/seccionales\/fiscalia-imputo-cargos-contra-17-personas-que-al-parecer-se-apoderaban-de-combustible-de-la-fuerza-aerea-colombiana\/\"]}]},{\"@type\":\"BreadcrumbList\",\"@id\":\"https:\/\/www.fiscalia.gov.co\/colombia\/seccionales\/fiscalia-imputo-cargos-contra-17-personas-que-al-parecer-se-apoderaban-de-combustible-de-la-fuerza-aerea-colombiana\/#breadcrumb\",\"itemListElement\":[{\"@type\":\"ListItem\",\"position\":1,\"name\":\"Home\",\"item\":\"https:\/\/www.fiscalia.gov.co\/colombia\/\"},{\"@type\":\"ListItem\",\"position\":2,\"name\":\"Fiscal\u00eda imput\u00f3 cargos contra 17 personas que al parecer se apoderaban de combustible de la Fuerza A\u00e9rea Colombiana\u00a0\"}]},{\"@type\":\"WebSite\",\"@id\":\"https:\/\/www.fiscalia.gov.co\/colombia\/#website\",\"url\":\"https:\/\/www.fiscalia.gov.co\/colombia\/\",\"name\":\"Fiscal\u00eda General de la Naci\u00f3n\",\"description\":\"P\u00e1gina oficial de la Fiscal\u00eda General de la Naci\u00f3n \u2013 Colombia. Garantizamos el acceso efectivo a la justicia, la verdad y la reparaci\u00f3n de las v\u00edctimas de los delitos.\",\"publisher\":{\"@id\":\"https:\/\/www.fiscalia.gov.co\/colombia\/#organization\"},\"potentialAction\":[{\"@type\":\"SearchAction\",\"target\":{\"@type\":\"EntryPoint\",\"urlTemplate\":\"https:\/\/www.fiscalia.gov.co\/colombia\/?s={search_term_string}\"},\"query-input\":{\"@type\":\"PropertyValueSpecification\",\"valueRequired\":true,\"valueName\":\"search_term_string\"}}],\"inLanguage\":\"es-CO\"},{\"@type\":\"Organization\",\"@id\":\"https:\/\/www.fiscalia.gov.co\/colombia\/#organization\",\"name\":\"Fiscal\u00eda General de la Naci\u00f3n\",\"url\":\"https:\/\/www.fiscalia.gov.co\/colombia\/\",\"logo\":{\"@type\":\"ImageObject\",\"inLanguage\":\"es-CO\",\"@id\":\"https:\/\/www.fiscalia.gov.co\/colombia\/#\/schema\/logo\/image\/\",\"url\":\"https:\/\/www.fiscalia.gov.co\/colombia\/wp-content\/uploads\/LogoHorizontal_1.jpg\",\"contentUrl\":\"https:\/\/www.fiscalia.gov.co\/colombia\/wp-content\/uploads\/LogoHorizontal_1.jpg\",\"width\":300,\"height\":90,\"caption\":\"Fiscal\u00eda General de la Naci\u00f3n\"},\"image\":{\"@id\":\"https:\/\/www.fiscalia.gov.co\/colombia\/#\/schema\/logo\/image\/\"},\"sameAs\":[\"https:\/\/www.facebook.com\/FiscaliaCol\",\"https:\/\/x.com\/FiscaliaCol\",\"https:\/\/www.instagram.com\/fiscaliacol\",\"https:\/\/www.linkedin.com\/company\/fiscalia-general-de-la-naci-n\/\",\"https:\/\/youtube.com\/@fiscaliageneraldelanacion-4668?si=6nN79nyQICPU5iTh\"]},{\"@type\":\"Person\",\"@id\":\"https:\/\/www.fiscalia.gov.co\/colombia\/#\/schema\/person\/2440fe3a4bf7444850658578d6d6f0c6\",\"name\":\"Maira Giraldo\",\"image\":{\"@type\":\"ImageObject\",\"inLanguage\":\"es-CO\",\"@id\":\"https:\/\/www.fiscalia.gov.co\/colombia\/#\/schema\/person\/image\/\",\"url\":\"https:\/\/secure.gravatar.com\/avatar\/7cd6b2b23627545037c8b4da5ea379fc?s=96&d=mm&r=g\",\"contentUrl\":\"https:\/\/secure.gravatar.com\/avatar\/7cd6b2b23627545037c8b4da5ea379fc?s=96&d=mm&r=g\",\"caption\":\"Maira Giraldo\"},\"url\":\"https:\/\/www.fiscalia.gov.co\/colombia\/author\/mgiraldo\/\"}]}<\/script>\n<!-- \/ Yoast SEO plugin. -->","yoast_head_json":{"title":"Fiscal\u00eda General de la Naci\u00f3n","description":"P\u00e1gina oficial de la Fiscal\u00eda General de la Naci\u00f3n \u2013 Colombia. Garantizamos el acceso efectivo a la justicia, la verdad y la reparaci\u00f3n de las v\u00edctimas de los delitos.","robots":{"index":"noindex","follow":"follow"},"og_locale":"es_ES","og_type":"article","og_title":"Fiscal\u00eda General de la Naci\u00f3n","og_description":"P\u00e1gina oficial de la Fiscal\u00eda General de la Naci\u00f3n \u2013 Colombia. Garantizamos el acceso efectivo a la justicia, la verdad y la reparaci\u00f3n de las v\u00edctimas de los delitos.","og_url":"https:\/\/www.fiscalia.gov.co\/colombia\/seccionales\/fiscalia-imputo-cargos-contra-17-personas-que-al-parecer-se-apoderaban-de-combustible-de-la-fuerza-aerea-colombiana\/","og_site_name":"Fiscal\u00eda General de la Naci\u00f3n","article_publisher":"https:\/\/www.facebook.com\/FiscaliaCol","article_published_time":"2020-10-17T20:05:27+00:00","author":"Maira Giraldo","twitter_card":"summary_large_image","twitter_creator":"@FiscaliaCol","twitter_site":"@FiscaliaCol","twitter_misc":{"Escrito por":"Maira Giraldo","Tiempo de lectura":"2 minutos"},"schema":{"@context":"https:\/\/schema.org","@graph":[{"@type":"Article","@id":"https:\/\/www.fiscalia.gov.co\/colombia\/seccionales\/fiscalia-imputo-cargos-contra-17-personas-que-al-parecer-se-apoderaban-de-combustible-de-la-fuerza-aerea-colombiana\/#article","isPartOf":{"@id":"https:\/\/www.fiscalia.gov.co\/colombia\/seccionales\/fiscalia-imputo-cargos-contra-17-personas-que-al-parecer-se-apoderaban-de-combustible-de-la-fuerza-aerea-colombiana\/"},"author":{"name":"Maira Giraldo","@id":"https:\/\/www.fiscalia.gov.co\/colombia\/#\/schema\/person\/2440fe3a4bf7444850658578d6d6f0c6"},"headline":"Fiscal\u00eda imput\u00f3 cargos contra 17 personas que al parecer se apoderaban de combustible de la Fuerza A\u00e9rea Colombiana\u00a0","datePublished":"2020-10-17T20:05:27+00:00","dateModified":"2020-10-17T20:05:27+00:00","mainEntityOfPage":{"@id":"https:\/\/www.fiscalia.gov.co\/colombia\/seccionales\/fiscalia-imputo-cargos-contra-17-personas-que-al-parecer-se-apoderaban-de-combustible-de-la-fuerza-aerea-colombiana\/"},"wordCount":502,"publisher":{"@id":"https:\/\/www.fiscalia.gov.co\/colombia\/#organization"},"articleSection":["Corrupci\u00f3n","Seccional Bogot\u00e1","Seccionales"],"inLanguage":"es-CO"},{"@type":"WebPage","@id":"https:\/\/www.fiscalia.gov.co\/colombia\/seccionales\/fiscalia-imputo-cargos-contra-17-personas-que-al-parecer-se-apoderaban-de-combustible-de-la-fuerza-aerea-colombiana\/","url":"https:\/\/www.fiscalia.gov.co\/colombia\/seccionales\/fiscalia-imputo-cargos-contra-17-personas-que-al-parecer-se-apoderaban-de-combustible-de-la-fuerza-aerea-colombiana\/","name":"Fiscal\u00eda General de la Naci\u00f3n","isPartOf":{"@id":"https:\/\/www.fiscalia.gov.co\/colombia\/#website"},"datePublished":"2020-10-17T20:05:27+00:00","dateModified":"2020-10-17T20:05:27+00:00","description":"P\u00e1gina oficial de la Fiscal\u00eda General de la Naci\u00f3n \u2013 Colombia. Garantizamos el acceso efectivo a la justicia, la verdad y la reparaci\u00f3n de las v\u00edctimas de los delitos.","breadcrumb":{"@id":"https:\/\/www.fiscalia.gov.co\/colombia\/seccionales\/fiscalia-imputo-cargos-contra-17-personas-que-al-parecer-se-apoderaban-de-combustible-de-la-fuerza-aerea-colombiana\/#breadcrumb"},"inLanguage":"es-CO","potentialAction":[{"@type":"ReadAction","target":["https:\/\/www.fiscalia.gov.co\/colombia\/seccionales\/fiscalia-imputo-cargos-contra-17-personas-que-al-parecer-se-apoderaban-de-combustible-de-la-fuerza-aerea-colombiana\/"]}]},{"@type":"BreadcrumbList","@id":"https:\/\/www.fiscalia.gov.co\/colombia\/seccionales\/fiscalia-imputo-cargos-contra-17-personas-que-al-parecer-se-apoderaban-de-combustible-de-la-fuerza-aerea-colombiana\/#breadcrumb","itemListElement":[{"@type":"ListItem","position":1,"name":"Home","item":"https:\/\/www.fiscalia.gov.co\/colombia\/"},{"@type":"ListItem","position":2,"name":"Fiscal\u00eda imput\u00f3 cargos contra 17 personas que al parecer se apoderaban de combustible de la Fuerza A\u00e9rea Colombiana\u00a0"}]},{"@type":"WebSite","@id":"https:\/\/www.fiscalia.gov.co\/colombia\/#website","url":"https:\/\/www.fiscalia.gov.co\/colombia\/","name":"Fiscal\u00eda General de la Naci\u00f3n","description":"P\u00e1gina oficial de la Fiscal\u00eda General de la Naci\u00f3n \u2013 Colombia. Garantizamos el acceso efectivo a la justicia, la verdad y la reparaci\u00f3n de las v\u00edctimas de los delitos.","publisher":{"@id":"https:\/\/www.fiscalia.gov.co\/colombia\/#organization"},"potentialAction":[{"@type":"SearchAction","target":{"@type":"EntryPoint","urlTemplate":"https:\/\/www.fiscalia.gov.co\/colombia\/?s={search_term_string}"},"query-input":{"@type":"PropertyValueSpecification","valueRequired":true,"valueName":"search_term_string"}}],"inLanguage":"es-CO"},{"@type":"Organization","@id":"https:\/\/www.fiscalia.gov.co\/colombia\/#organization","name":"Fiscal\u00eda General de la Naci\u00f3n","url":"https:\/\/www.fiscalia.gov.co\/colombia\/","logo":{"@type":"ImageObject","inLanguage":"es-CO","@id":"https:\/\/www.fiscalia.gov.co\/colombia\/#\/schema\/logo\/image\/","url":"https:\/\/www.fiscalia.gov.co\/colombia\/wp-content\/uploads\/LogoHorizontal_1.jpg","contentUrl":"https:\/\/www.fiscalia.gov.co\/colombia\/wp-content\/uploads\/LogoHorizontal_1.jpg","width":300,"height":90,"caption":"Fiscal\u00eda General de la Naci\u00f3n"},"image":{"@id":"https:\/\/www.fiscalia.gov.co\/colombia\/#\/schema\/logo\/image\/"},"sameAs":["https:\/\/www.facebook.com\/FiscaliaCol","https:\/\/x.com\/FiscaliaCol","https:\/\/www.instagram.com\/fiscaliacol","https:\/\/www.linkedin.com\/company\/fiscalia-general-de-la-naci-n\/","https:\/\/youtube.com\/@fiscaliageneraldelanacion-4668?si=6nN79nyQICPU5iTh"]},{"@type":"Person","@id":"https:\/\/www.fiscalia.gov.co\/colombia\/#\/schema\/person\/2440fe3a4bf7444850658578d6d6f0c6","name":"Maira Giraldo","image":{"@type":"ImageObject","inLanguage":"es-CO","@id":"https:\/\/www.fiscalia.gov.co\/colombia\/#\/schema\/person\/image\/","url":"https:\/\/secure.gravatar.com\/avatar\/7cd6b2b23627545037c8b4da5ea379fc?s=96&d=mm&r=g","contentUrl":"https:\/\/secure.gravatar.com\/avatar\/7cd6b2b23627545037c8b4da5ea379fc?s=96&d=mm&r=g","caption":"Maira Giraldo"},"url":"https:\/\/www.fiscalia.gov.co\/colombia\/author\/mgiraldo\/"}]}},"_links":{"self":[{"href":"https:\/\/www.fiscalia.gov.co\/colombia\/wp-json\/wp\/v2\/posts\/204249","targetHints":{"allow":["GET"]}}],"collection":[{"href":"https:\/\/www.fiscalia.gov.co\/colombia\/wp-json\/wp\/v2\/posts"}],"about":[{"href":"https:\/\/www.fiscalia.gov.co\/colombia\/wp-json\/wp\/v2\/types\/post"}],"author":[{"embeddable":true,"href":"https:\/\/www.fiscalia.gov.co\/colombia\/wp-json\/wp\/v2\/users\/167"}],"replies":[{"embeddable":true,"href":"https:\/\/www.fiscalia.gov.co\/colombia\/wp-json\/wp\/v2\/comments?post=204249"}],"version-history":[{"count":1,"href":"https:\/\/www.fiscalia.gov.co\/colombia\/wp-json\/wp\/v2\/posts\/204249\/revisions"}],"predecessor-version":[{"id":204250,"href":"https:\/\/www.fiscalia.gov.co\/colombia\/wp-json\/wp\/v2\/posts\/204249\/revisions\/204250"}],"wp:attachment":[{"href":"https:\/\/www.fiscalia.gov.co\/colombia\/wp-json\/wp\/v2\/media?parent=204249"}],"wp:term":[{"taxonomy":"category","embeddable":true,"href":"https:\/\/www.fiscalia.gov.co\/colombia\/wp-json\/wp\/v2\/categories?post=204249"},{"taxonomy":"post_tag","embeddable":true,"href":"https:\/\/www.fiscalia.gov.co\/colombia\/wp-json\/wp\/v2\/tags?post=204249"}],"curies":[{"name":"wp","href":"https:\/\/api.w.org\/{rel}","templated":true}]}}