{"id":203813,"date":"2020-10-13T15:32:54","date_gmt":"2020-10-13T20:32:54","guid":{"rendered":"https:\/\/www.fiscalia.gov.co\/colombia\/?p=203813"},"modified":"2020-10-16T18:18:36","modified_gmt":"2020-10-16T23:18:36","slug":"acciones-de-la-fiscalia-permitien-recuperar-1-461-hectareas-de-bosque-en-riesgo-y-motivan-medidas-cautelares-en-pro-del-parque-nacional-chiribiquete","status":"publish","type":"post","link":"https:\/\/www.fiscalia.gov.co\/colombia\/derechos-humanos\/acciones-de-la-fiscalia-permitien-recuperar-1-461-hectareas-de-bosque-en-riesgo-y-motivan-medidas-cautelares-en-pro-del-parque-nacional-chiribiquete\/","title":{"rendered":"Acciones de la Fiscal\u00eda permiten recuperar 1.461 hect\u00e1reas de bosque en riesgo y motivan medidas cautelares en pro del Parque Nacional Chiribiquete"},"content":{"rendered":"<p>Un operativo liderado por la Fiscal\u00eda 17 de la Direcci\u00f3n Especializada contra las Violaciones a los Derechos Humanos (Eje tem\u00e1tico de protecci\u00f3n a los recursos naturales y el medio ambiente), permiti\u00f3 un duro golpe contra quienes buscan afectar los derechos ambientales y los ecosistemas naturales en zonas de especial protecci\u00f3n.<\/p>\n<p>Siguiendo los direccionamientos estrat\u00e9gicos trazados por el Fiscal General de la Naci\u00f3n, Francisco Barbosa Delgado, el ente investigador, apoyado por la Polic\u00eda Judicial (Dicar), adelant\u00f3 16 allanamientos en los municipios de San Vicente del Cagu\u00e1n y Cartagena del Chair\u00e1 (Caquet\u00e1), y captur\u00f3 nueve personas.<\/p>\n<p>El material probatorio recopilado evidenci\u00f3 como los implicados, supuestamente, favorecieron la invasi\u00f3n en la Serran\u00eda. Tambi\u00e9n habr\u00edan loteado y comercializado \u00e1reas de bosques en la reserva forestal de la Amazon\u00eda donde, al parecer, talaron decenas de hect\u00e1reas de \u00e1rboles nativos, establecieron fincas para la ganader\u00eda extensiva y construyeron puentes artesanales para facilitar la actividad il\u00edcita.<\/p>\n<p>Por estos hechos la Fiscal\u00eda imput\u00f3 a los implicados, seg\u00fan sus responsabilidades individuales, como presuntos responsables de delitos como: invasi\u00f3n de \u00e1rea de especial importancia ecol\u00f3gica agravada, incendio agravado y da\u00f1o en los recursos naturales. Ninguno acept\u00f3 su responsabilidad en tales hechos.<\/p>\n<p>Los argumentos de ente investigador fueron suficientes para el juez que impuso medida de aseguramiento privativa de la libertad en su domicilio a cinco de los capturados; los cuatro restantes fueron dejados en libertad, pero permanecen vinculados al proceso. A todos les fue prohibido el ingreso a \u00e1reas de especial importancia ecol\u00f3gica.<\/p>\n<p>Con estas acciones la Fiscal\u00eda recuper\u00f3 1.461 hect\u00e1reas de bosque que estaban en riesgo de ser taladas. De esta manera, se busca frenar el acaparamiento, loteo de tierras y establecimiento de ganader\u00eda en zona cercana al Parque Nacional Natural Serran\u00eda de Chiribiquete, ubicadas en los municipios de San Vicente del Cagu\u00e1n y Cartagena del Chair\u00e1 (Caquet\u00e1).<\/p>\n<p><strong>Medidas cautelares<\/strong><\/p>\n<p>El material probatorio recopilado por la Fiscal\u00eda permiti\u00f3 que el Juez Primero Penal Municipal de Florencia (Caquet\u00e1) dispusiera tres medidas cautelares para preservar el medio ambiente y evitar la tala indiscriminada en esta zona de especial protecci\u00f3n, as\u00ed:<\/p>\n<ol>\n<li>I) Pide a los alcaldes de los municipios de San Vicente del Cagu\u00e1n y Cartagena del Chair\u00e1 (Caquet\u00e1) no dar permisos o cartas a colonos en zonas consideradas como de Importancia Ecol\u00f3gica o Parques Nacionales, en su jurisdicci\u00f3n.<\/li>\n<li>II) Ordena al Instituto de Planificaci\u00f3n y Promoci\u00f3n de Soluciones Energ\u00e9ticas para Zonas No Interconectadas (IPSE) no ubicar paneles de energ\u00eda en zonas de reserva ecol\u00f3gica o forestal por cuanto favorece asentamientos humanos.<\/li>\n<\/ol>\n<p>III) Comunica a la C\u00e1mara de Comercio y la Gobernaci\u00f3n de Caquet\u00e1 suspensi\u00f3n, por seis meses, de la personer\u00eda jur\u00eddica de la Asociaci\u00f3n Campesina para la Protecci\u00f3n y Producci\u00f3n Agroforestal de Cartagena del Chair\u00e1 debido a que algunos de sus directivos, al parecer, permit\u00edan la tala de \u00e1rboles con el claro da\u00f1o al ecosistema.<\/p>\n<p>Lo ordenado por el togado en pro del preservar las reservas forestales en la Amazon\u00eda van en concordancia con los direccionamientos estrat\u00e9gicos establecidos por el Fiscal General de la Naci\u00f3n, Francisco Barbosa Delgado, que establece la protecci\u00f3n del Medio Ambiente como un derecho de los colombianos.<\/p>\n<p>La estrategia contra la deforestaci\u00f3n en la Amazonia implementada por la Fiscal\u00eda General de la Naci\u00f3n est\u00e1 articulada con la Campa\u00f1a Artemisa, ejecutada por las Fuerzas Militares y El Ministerio de Ambiente y Desarrollo Sostenible, y el Ideam. El objetivo es controlar los n\u00facleos activos de deforestaci\u00f3n, principalmente en \u00e1reas de especial importancia ecol\u00f3gica para el pa\u00eds.<\/p>\n<p>La Fiscal\u00eda publica la presente informaci\u00f3n por razones de inter\u00e9s general.<\/p>\n<p>AG\/MAGA<\/p>\n\n<div class=\"twitter-share\"><a href=\"https:\/\/twitter.com\/intent\/tweet?via=fiscaliacol\" class=\"twitter-share-button\">Tweet<\/a><\/div>\n","protected":false},"excerpt":{"rendered":"<p>Un operativo liderado por la Fiscal\u00eda 17 de la Direcci\u00f3n Especializada contra las Violaciones a los Derechos Humanos (Eje tem\u00e1tico de protecci\u00f3n a los recursos naturales y el medio ambiente), permiti\u00f3 un duro golpe contra quienes buscan afectar los derechos ambientales y los ecosistemas naturales en zonas de especial protecci\u00f3n. Siguiendo los direccionamientos estrat\u00e9gicos trazados [&hellip;]<\/p>\n","protected":false},"author":162,"featured_media":0,"comment_status":"closed","ping_status":"open","sticky":false,"template":"","format":"video","meta":{"_price":"","_stock":"","_tribe_ticket_header":"","_tribe_default_ticket_provider":"","_tribe_ticket_capacity":"0","_ticket_start_date":"","_ticket_end_date":"","_tribe_ticket_show_description":"","_tribe_ticket_show_not_going":false,"_tribe_ticket_use_global_stock":"","_tribe_ticket_global_stock_level":"","_global_stock_mode":"","_global_stock_cap":"","_tribe_rsvp_for_event":"","_tribe_ticket_going_count":"","_tribe_ticket_not_going_count":"","_tribe_tickets_list":"[]","_tribe_ticket_has_attendee_info_fields":false,"tdm_status":"","tdm_grid_status":"","footnotes":""},"categories":[24102,1],"tags":[],"class_list":{"0":"post-203813","1":"post","2":"type-post","3":"status-publish","4":"format-video","6":"category-derechos-humanos","7":"category-noticias","8":"post_format-post-format-video"},"yoast_head":"<!-- This site is optimized with the Yoast SEO plugin v24.3 - https:\/\/yoast.com\/wordpress\/plugins\/seo\/ -->\n<title>Fiscal\u00eda General de la Naci\u00f3n<\/title>\n<meta name=\"description\" content=\"P\u00e1gina oficial de la Fiscal\u00eda General de la Naci\u00f3n \u2013 Colombia. Garantizamos el acceso efectivo a la justicia, la verdad y la reparaci\u00f3n de las v\u00edctimas de los delitos.\" \/>\n<meta name=\"robots\" content=\"noindex, follow\" \/>\n<meta property=\"og:locale\" content=\"es_ES\" \/>\n<meta property=\"og:type\" content=\"article\" \/>\n<meta property=\"og:title\" content=\"Fiscal\u00eda General de la Naci\u00f3n\" \/>\n<meta property=\"og:description\" content=\"P\u00e1gina oficial de la Fiscal\u00eda General de la Naci\u00f3n \u2013 Colombia. Garantizamos el acceso efectivo a la justicia, la verdad y la reparaci\u00f3n de las v\u00edctimas de los delitos.\" \/>\n<meta property=\"og:url\" content=\"https:\/\/www.fiscalia.gov.co\/colombia\/derechos-humanos\/acciones-de-la-fiscalia-permitien-recuperar-1-461-hectareas-de-bosque-en-riesgo-y-motivan-medidas-cautelares-en-pro-del-parque-nacional-chiribiquete\/\" \/>\n<meta property=\"og:site_name\" content=\"Fiscal\u00eda General de la Naci\u00f3n\" \/>\n<meta property=\"article:publisher\" content=\"https:\/\/www.facebook.com\/FiscaliaCol\" \/>\n<meta property=\"article:published_time\" content=\"2020-10-13T20:32:54+00:00\" \/>\n<meta property=\"article:modified_time\" content=\"2020-10-16T23:18:36+00:00\" \/>\n<meta name=\"author\" content=\"Direcci\u00f3n de Comunicaciones Fiscal\u00eda General de la Naci\u00f3n\" \/>\n<meta name=\"twitter:card\" content=\"summary_large_image\" \/>\n<meta name=\"twitter:creator\" content=\"@FiscaliaCol\" \/>\n<meta name=\"twitter:site\" content=\"@FiscaliaCol\" \/>\n<meta name=\"twitter:label1\" content=\"Escrito por\" \/>\n\t<meta name=\"twitter:data1\" content=\"Direcci\u00f3n de Comunicaciones Fiscal\u00eda General de la Naci\u00f3n\" \/>\n\t<meta name=\"twitter:label2\" content=\"Tiempo de lectura\" \/>\n\t<meta name=\"twitter:data2\" content=\"3 minutos\" \/>\n<script type=\"application\/ld+json\" class=\"yoast-schema-graph\">{\"@context\":\"https:\/\/schema.org\",\"@graph\":[{\"@type\":\"Article\",\"@id\":\"https:\/\/www.fiscalia.gov.co\/colombia\/derechos-humanos\/acciones-de-la-fiscalia-permitien-recuperar-1-461-hectareas-de-bosque-en-riesgo-y-motivan-medidas-cautelares-en-pro-del-parque-nacional-chiribiquete\/#article\",\"isPartOf\":{\"@id\":\"https:\/\/www.fiscalia.gov.co\/colombia\/derechos-humanos\/acciones-de-la-fiscalia-permitien-recuperar-1-461-hectareas-de-bosque-en-riesgo-y-motivan-medidas-cautelares-en-pro-del-parque-nacional-chiribiquete\/\"},\"author\":{\"name\":\"Direcci\u00f3n de Comunicaciones Fiscal\u00eda General de la Naci\u00f3n\",\"@id\":\"https:\/\/www.fiscalia.gov.co\/colombia\/#\/schema\/person\/bf28d8ae7f1b287bbe3af484b04f43ea\"},\"headline\":\"Acciones de la Fiscal\u00eda permiten recuperar 1.461 hect\u00e1reas de bosque en riesgo y motivan medidas cautelares en pro del Parque Nacional Chiribiquete\",\"datePublished\":\"2020-10-13T20:32:54+00:00\",\"dateModified\":\"2020-10-16T23:18:36+00:00\",\"mainEntityOfPage\":{\"@id\":\"https:\/\/www.fiscalia.gov.co\/colombia\/derechos-humanos\/acciones-de-la-fiscalia-permitien-recuperar-1-461-hectareas-de-bosque-en-riesgo-y-motivan-medidas-cautelares-en-pro-del-parque-nacional-chiribiquete\/\"},\"wordCount\":663,\"publisher\":{\"@id\":\"https:\/\/www.fiscalia.gov.co\/colombia\/#organization\"},\"articleSection\":[\"Derechos Humanos\",\"Noticias\"],\"inLanguage\":\"es-CO\"},{\"@type\":\"WebPage\",\"@id\":\"https:\/\/www.fiscalia.gov.co\/colombia\/derechos-humanos\/acciones-de-la-fiscalia-permitien-recuperar-1-461-hectareas-de-bosque-en-riesgo-y-motivan-medidas-cautelares-en-pro-del-parque-nacional-chiribiquete\/\",\"url\":\"https:\/\/www.fiscalia.gov.co\/colombia\/derechos-humanos\/acciones-de-la-fiscalia-permitien-recuperar-1-461-hectareas-de-bosque-en-riesgo-y-motivan-medidas-cautelares-en-pro-del-parque-nacional-chiribiquete\/\",\"name\":\"Fiscal\u00eda General de la Naci\u00f3n\",\"isPartOf\":{\"@id\":\"https:\/\/www.fiscalia.gov.co\/colombia\/#website\"},\"datePublished\":\"2020-10-13T20:32:54+00:00\",\"dateModified\":\"2020-10-16T23:18:36+00:00\",\"description\":\"P\u00e1gina oficial de la Fiscal\u00eda General de la Naci\u00f3n \u2013 Colombia. Garantizamos el acceso efectivo a la justicia, la verdad y la reparaci\u00f3n de las v\u00edctimas de los delitos.\",\"breadcrumb\":{\"@id\":\"https:\/\/www.fiscalia.gov.co\/colombia\/derechos-humanos\/acciones-de-la-fiscalia-permitien-recuperar-1-461-hectareas-de-bosque-en-riesgo-y-motivan-medidas-cautelares-en-pro-del-parque-nacional-chiribiquete\/#breadcrumb\"},\"inLanguage\":\"es-CO\",\"potentialAction\":[{\"@type\":\"ReadAction\",\"target\":[\"https:\/\/www.fiscalia.gov.co\/colombia\/derechos-humanos\/acciones-de-la-fiscalia-permitien-recuperar-1-461-hectareas-de-bosque-en-riesgo-y-motivan-medidas-cautelares-en-pro-del-parque-nacional-chiribiquete\/\"]}]},{\"@type\":\"BreadcrumbList\",\"@id\":\"https:\/\/www.fiscalia.gov.co\/colombia\/derechos-humanos\/acciones-de-la-fiscalia-permitien-recuperar-1-461-hectareas-de-bosque-en-riesgo-y-motivan-medidas-cautelares-en-pro-del-parque-nacional-chiribiquete\/#breadcrumb\",\"itemListElement\":[{\"@type\":\"ListItem\",\"position\":1,\"name\":\"Home\",\"item\":\"https:\/\/www.fiscalia.gov.co\/colombia\/\"},{\"@type\":\"ListItem\",\"position\":2,\"name\":\"Acciones de la Fiscal\u00eda permiten recuperar 1.461 hect\u00e1reas de bosque en riesgo y motivan medidas cautelares en pro del Parque Nacional Chiribiquete\"}]},{\"@type\":\"WebSite\",\"@id\":\"https:\/\/www.fiscalia.gov.co\/colombia\/#website\",\"url\":\"https:\/\/www.fiscalia.gov.co\/colombia\/\",\"name\":\"Fiscal\u00eda General de la Naci\u00f3n\",\"description\":\"P\u00e1gina oficial de la Fiscal\u00eda General de la Naci\u00f3n \u2013 Colombia. Garantizamos el acceso efectivo a la justicia, la verdad y la reparaci\u00f3n de las v\u00edctimas de los delitos.\",\"publisher\":{\"@id\":\"https:\/\/www.fiscalia.gov.co\/colombia\/#organization\"},\"potentialAction\":[{\"@type\":\"SearchAction\",\"target\":{\"@type\":\"EntryPoint\",\"urlTemplate\":\"https:\/\/www.fiscalia.gov.co\/colombia\/?s={search_term_string}\"},\"query-input\":{\"@type\":\"PropertyValueSpecification\",\"valueRequired\":true,\"valueName\":\"search_term_string\"}}],\"inLanguage\":\"es-CO\"},{\"@type\":\"Organization\",\"@id\":\"https:\/\/www.fiscalia.gov.co\/colombia\/#organization\",\"name\":\"Fiscal\u00eda General de la Naci\u00f3n\",\"url\":\"https:\/\/www.fiscalia.gov.co\/colombia\/\",\"logo\":{\"@type\":\"ImageObject\",\"inLanguage\":\"es-CO\",\"@id\":\"https:\/\/www.fiscalia.gov.co\/colombia\/#\/schema\/logo\/image\/\",\"url\":\"https:\/\/www.fiscalia.gov.co\/colombia\/wp-content\/uploads\/LogoHorizontal_1.jpg\",\"contentUrl\":\"https:\/\/www.fiscalia.gov.co\/colombia\/wp-content\/uploads\/LogoHorizontal_1.jpg\",\"width\":300,\"height\":90,\"caption\":\"Fiscal\u00eda General de la Naci\u00f3n\"},\"image\":{\"@id\":\"https:\/\/www.fiscalia.gov.co\/colombia\/#\/schema\/logo\/image\/\"},\"sameAs\":[\"https:\/\/www.facebook.com\/FiscaliaCol\",\"https:\/\/x.com\/FiscaliaCol\",\"https:\/\/www.instagram.com\/fiscaliacol\",\"https:\/\/www.linkedin.com\/company\/fiscalia-general-de-la-naci-n\/\",\"https:\/\/youtube.com\/@fiscaliageneraldelanacion-4668?si=6nN79nyQICPU5iTh\"]},{\"@type\":\"Person\",\"@id\":\"https:\/\/www.fiscalia.gov.co\/colombia\/#\/schema\/person\/bf28d8ae7f1b287bbe3af484b04f43ea\",\"name\":\"Direcci\u00f3n de Comunicaciones Fiscal\u00eda General de la Naci\u00f3n\",\"image\":{\"@type\":\"ImageObject\",\"inLanguage\":\"es-CO\",\"@id\":\"https:\/\/www.fiscalia.gov.co\/colombia\/#\/schema\/person\/image\/\",\"url\":\"https:\/\/secure.gravatar.com\/avatar\/9d55ae161d32da16dbdd0b380c080a5f?s=96&d=mm&r=g\",\"contentUrl\":\"https:\/\/secure.gravatar.com\/avatar\/9d55ae161d32da16dbdd0b380c080a5f?s=96&d=mm&r=g\",\"caption\":\"Direcci\u00f3n de Comunicaciones Fiscal\u00eda General de la Naci\u00f3n\"},\"url\":\"https:\/\/www.fiscalia.gov.co\/colombia\/author\/kbonilla\/\"}]}<\/script>\n<!-- \/ Yoast SEO plugin. -->","yoast_head_json":{"title":"Fiscal\u00eda General de la Naci\u00f3n","description":"P\u00e1gina oficial de la Fiscal\u00eda General de la Naci\u00f3n \u2013 Colombia. Garantizamos el acceso efectivo a la justicia, la verdad y la reparaci\u00f3n de las v\u00edctimas de los delitos.","robots":{"index":"noindex","follow":"follow"},"og_locale":"es_ES","og_type":"article","og_title":"Fiscal\u00eda General de la Naci\u00f3n","og_description":"P\u00e1gina oficial de la Fiscal\u00eda General de la Naci\u00f3n \u2013 Colombia. Garantizamos el acceso efectivo a la justicia, la verdad y la reparaci\u00f3n de las v\u00edctimas de los delitos.","og_url":"https:\/\/www.fiscalia.gov.co\/colombia\/derechos-humanos\/acciones-de-la-fiscalia-permitien-recuperar-1-461-hectareas-de-bosque-en-riesgo-y-motivan-medidas-cautelares-en-pro-del-parque-nacional-chiribiquete\/","og_site_name":"Fiscal\u00eda General de la Naci\u00f3n","article_publisher":"https:\/\/www.facebook.com\/FiscaliaCol","article_published_time":"2020-10-13T20:32:54+00:00","article_modified_time":"2020-10-16T23:18:36+00:00","author":"Direcci\u00f3n de Comunicaciones Fiscal\u00eda General de la Naci\u00f3n","twitter_card":"summary_large_image","twitter_creator":"@FiscaliaCol","twitter_site":"@FiscaliaCol","twitter_misc":{"Escrito por":"Direcci\u00f3n de Comunicaciones Fiscal\u00eda General de la Naci\u00f3n","Tiempo de lectura":"3 minutos"},"schema":{"@context":"https:\/\/schema.org","@graph":[{"@type":"Article","@id":"https:\/\/www.fiscalia.gov.co\/colombia\/derechos-humanos\/acciones-de-la-fiscalia-permitien-recuperar-1-461-hectareas-de-bosque-en-riesgo-y-motivan-medidas-cautelares-en-pro-del-parque-nacional-chiribiquete\/#article","isPartOf":{"@id":"https:\/\/www.fiscalia.gov.co\/colombia\/derechos-humanos\/acciones-de-la-fiscalia-permitien-recuperar-1-461-hectareas-de-bosque-en-riesgo-y-motivan-medidas-cautelares-en-pro-del-parque-nacional-chiribiquete\/"},"author":{"name":"Direcci\u00f3n de Comunicaciones Fiscal\u00eda General de la Naci\u00f3n","@id":"https:\/\/www.fiscalia.gov.co\/colombia\/#\/schema\/person\/bf28d8ae7f1b287bbe3af484b04f43ea"},"headline":"Acciones de la Fiscal\u00eda permiten recuperar 1.461 hect\u00e1reas de bosque en riesgo y motivan medidas cautelares en pro del Parque Nacional Chiribiquete","datePublished":"2020-10-13T20:32:54+00:00","dateModified":"2020-10-16T23:18:36+00:00","mainEntityOfPage":{"@id":"https:\/\/www.fiscalia.gov.co\/colombia\/derechos-humanos\/acciones-de-la-fiscalia-permitien-recuperar-1-461-hectareas-de-bosque-en-riesgo-y-motivan-medidas-cautelares-en-pro-del-parque-nacional-chiribiquete\/"},"wordCount":663,"publisher":{"@id":"https:\/\/www.fiscalia.gov.co\/colombia\/#organization"},"articleSection":["Derechos Humanos","Noticias"],"inLanguage":"es-CO"},{"@type":"WebPage","@id":"https:\/\/www.fiscalia.gov.co\/colombia\/derechos-humanos\/acciones-de-la-fiscalia-permitien-recuperar-1-461-hectareas-de-bosque-en-riesgo-y-motivan-medidas-cautelares-en-pro-del-parque-nacional-chiribiquete\/","url":"https:\/\/www.fiscalia.gov.co\/colombia\/derechos-humanos\/acciones-de-la-fiscalia-permitien-recuperar-1-461-hectareas-de-bosque-en-riesgo-y-motivan-medidas-cautelares-en-pro-del-parque-nacional-chiribiquete\/","name":"Fiscal\u00eda General de la Naci\u00f3n","isPartOf":{"@id":"https:\/\/www.fiscalia.gov.co\/colombia\/#website"},"datePublished":"2020-10-13T20:32:54+00:00","dateModified":"2020-10-16T23:18:36+00:00","description":"P\u00e1gina oficial de la Fiscal\u00eda General de la Naci\u00f3n \u2013 Colombia. Garantizamos el acceso efectivo a la justicia, la verdad y la reparaci\u00f3n de las v\u00edctimas de los delitos.","breadcrumb":{"@id":"https:\/\/www.fiscalia.gov.co\/colombia\/derechos-humanos\/acciones-de-la-fiscalia-permitien-recuperar-1-461-hectareas-de-bosque-en-riesgo-y-motivan-medidas-cautelares-en-pro-del-parque-nacional-chiribiquete\/#breadcrumb"},"inLanguage":"es-CO","potentialAction":[{"@type":"ReadAction","target":["https:\/\/www.fiscalia.gov.co\/colombia\/derechos-humanos\/acciones-de-la-fiscalia-permitien-recuperar-1-461-hectareas-de-bosque-en-riesgo-y-motivan-medidas-cautelares-en-pro-del-parque-nacional-chiribiquete\/"]}]},{"@type":"BreadcrumbList","@id":"https:\/\/www.fiscalia.gov.co\/colombia\/derechos-humanos\/acciones-de-la-fiscalia-permitien-recuperar-1-461-hectareas-de-bosque-en-riesgo-y-motivan-medidas-cautelares-en-pro-del-parque-nacional-chiribiquete\/#breadcrumb","itemListElement":[{"@type":"ListItem","position":1,"name":"Home","item":"https:\/\/www.fiscalia.gov.co\/colombia\/"},{"@type":"ListItem","position":2,"name":"Acciones de la Fiscal\u00eda permiten recuperar 1.461 hect\u00e1reas de bosque en riesgo y motivan medidas cautelares en pro del Parque Nacional Chiribiquete"}]},{"@type":"WebSite","@id":"https:\/\/www.fiscalia.gov.co\/colombia\/#website","url":"https:\/\/www.fiscalia.gov.co\/colombia\/","name":"Fiscal\u00eda General de la Naci\u00f3n","description":"P\u00e1gina oficial de la Fiscal\u00eda General de la Naci\u00f3n \u2013 Colombia. Garantizamos el acceso efectivo a la justicia, la verdad y la reparaci\u00f3n de las v\u00edctimas de los delitos.","publisher":{"@id":"https:\/\/www.fiscalia.gov.co\/colombia\/#organization"},"potentialAction":[{"@type":"SearchAction","target":{"@type":"EntryPoint","urlTemplate":"https:\/\/www.fiscalia.gov.co\/colombia\/?s={search_term_string}"},"query-input":{"@type":"PropertyValueSpecification","valueRequired":true,"valueName":"search_term_string"}}],"inLanguage":"es-CO"},{"@type":"Organization","@id":"https:\/\/www.fiscalia.gov.co\/colombia\/#organization","name":"Fiscal\u00eda General de la Naci\u00f3n","url":"https:\/\/www.fiscalia.gov.co\/colombia\/","logo":{"@type":"ImageObject","inLanguage":"es-CO","@id":"https:\/\/www.fiscalia.gov.co\/colombia\/#\/schema\/logo\/image\/","url":"https:\/\/www.fiscalia.gov.co\/colombia\/wp-content\/uploads\/LogoHorizontal_1.jpg","contentUrl":"https:\/\/www.fiscalia.gov.co\/colombia\/wp-content\/uploads\/LogoHorizontal_1.jpg","width":300,"height":90,"caption":"Fiscal\u00eda General de la Naci\u00f3n"},"image":{"@id":"https:\/\/www.fiscalia.gov.co\/colombia\/#\/schema\/logo\/image\/"},"sameAs":["https:\/\/www.facebook.com\/FiscaliaCol","https:\/\/x.com\/FiscaliaCol","https:\/\/www.instagram.com\/fiscaliacol","https:\/\/www.linkedin.com\/company\/fiscalia-general-de-la-naci-n\/","https:\/\/youtube.com\/@fiscaliageneraldelanacion-4668?si=6nN79nyQICPU5iTh"]},{"@type":"Person","@id":"https:\/\/www.fiscalia.gov.co\/colombia\/#\/schema\/person\/bf28d8ae7f1b287bbe3af484b04f43ea","name":"Direcci\u00f3n de Comunicaciones Fiscal\u00eda General de la Naci\u00f3n","image":{"@type":"ImageObject","inLanguage":"es-CO","@id":"https:\/\/www.fiscalia.gov.co\/colombia\/#\/schema\/person\/image\/","url":"https:\/\/secure.gravatar.com\/avatar\/9d55ae161d32da16dbdd0b380c080a5f?s=96&d=mm&r=g","contentUrl":"https:\/\/secure.gravatar.com\/avatar\/9d55ae161d32da16dbdd0b380c080a5f?s=96&d=mm&r=g","caption":"Direcci\u00f3n de Comunicaciones Fiscal\u00eda General de la Naci\u00f3n"},"url":"https:\/\/www.fiscalia.gov.co\/colombia\/author\/kbonilla\/"}]}},"_links":{"self":[{"href":"https:\/\/www.fiscalia.gov.co\/colombia\/wp-json\/wp\/v2\/posts\/203813","targetHints":{"allow":["GET"]}}],"collection":[{"href":"https:\/\/www.fiscalia.gov.co\/colombia\/wp-json\/wp\/v2\/posts"}],"about":[{"href":"https:\/\/www.fiscalia.gov.co\/colombia\/wp-json\/wp\/v2\/types\/post"}],"author":[{"embeddable":true,"href":"https:\/\/www.fiscalia.gov.co\/colombia\/wp-json\/wp\/v2\/users\/162"}],"replies":[{"embeddable":true,"href":"https:\/\/www.fiscalia.gov.co\/colombia\/wp-json\/wp\/v2\/comments?post=203813"}],"version-history":[{"count":3,"href":"https:\/\/www.fiscalia.gov.co\/colombia\/wp-json\/wp\/v2\/posts\/203813\/revisions"}],"predecessor-version":[{"id":203931,"href":"https:\/\/www.fiscalia.gov.co\/colombia\/wp-json\/wp\/v2\/posts\/203813\/revisions\/203931"}],"wp:attachment":[{"href":"https:\/\/www.fiscalia.gov.co\/colombia\/wp-json\/wp\/v2\/media?parent=203813"}],"wp:term":[{"taxonomy":"category","embeddable":true,"href":"https:\/\/www.fiscalia.gov.co\/colombia\/wp-json\/wp\/v2\/categories?post=203813"},{"taxonomy":"post_tag","embeddable":true,"href":"https:\/\/www.fiscalia.gov.co\/colombia\/wp-json\/wp\/v2\/tags?post=203813"}],"curies":[{"name":"wp","href":"https:\/\/api.w.org\/{rel}","templated":true}]}}