{"id":203781,"date":"2020-10-13T11:56:27","date_gmt":"2020-10-13T16:56:27","guid":{"rendered":"https:\/\/www.fiscalia.gov.co\/colombia\/?p=203781"},"modified":"2020-10-13T11:56:27","modified_gmt":"2020-10-13T16:56:27","slug":"la-investigacion-y-judicializacion-de-delitos-contra-personas-defensoras-de-derechos-humanos-en-colombia-es-un-compromiso-y-estamos-dando-resultados-fiscal-general","status":"publish","type":"post","link":"https:\/\/www.fiscalia.gov.co\/colombia\/defensores\/la-investigacion-y-judicializacion-de-delitos-contra-personas-defensoras-de-derechos-humanos-en-colombia-es-un-compromiso-y-estamos-dando-resultados-fiscal-general\/","title":{"rendered":"\u201cLa investigacio\u0301n y judicializacio\u0301n de delitos contra personas defensoras de derechos humanos en Colombia es un compromiso y estamos dando resultados\u201d: Fiscal General"},"content":{"rendered":"<div class=\"page\" title=\"Page 1\">\n<div class=\"layoutArea\">\n<div class=\"column\">\n<blockquote class=\"td_quote_box td_box_center\">\n<h4 style=\"text-align: left;\"><strong>A hoy, se ha logrado el esclarecimiento del 59,80% de casos. Adema\u0301s, esta\u0301 disponible un micrositio web encaminado a dar conocer los avances en la investigacio\u0301n de afectaciones en contra de los li\u0301deres defensores de derechos humanos como consolidadores del Estado Social de Derecho.<\/strong><\/h4>\n<\/blockquote>\n<\/div>\n<\/div>\n<\/div>\n<p>La Fiscali\u0301a General de la Nacio\u0301n reconoce la labor de las personas defensoras de derechos humanos en Colombia. El Fiscal General, Francisco Barbosa, afirma que es \u201cconsciente del dan\u0303o que produce el homicidio de una persona defensora. Hechos violentos como estos rompen los procesos, desintegran a las comunidades y generan un dolor irreparable para las familias. Por estos motivos, la Fiscali\u0301a busca que la pronta y eficaz justicia sea el mecanismo que les permita a las vi\u0301ctimas reiniciar y recuperar el tejido social, y reconstruir las dina\u0301micas comunitarias\u201d.<\/p>\n<p>Por tanto, los resultados de la estrategia liderada por el Fiscal General para fortalecer las li\u0301neas de investigacio\u0301n que permitan el esclarecimiento de cri\u0301menes contra defensores de derechos humanos son significativos. En 7 meses, se paso\u0301 del 52,04% (febrero de 2020) al 59,80% de esclarecimiento de casos reportados por la Organizacio\u0301n de las Naciones Unidas (ONU).<\/p>\n<p>El significativo avance, resultado del trabajo institucional de la Fiscali\u0301a, esta\u0301 disponible para la ciudadani\u0301a a trave\u0301s del portal web \u201cJusticia Para Renacer\u201d, un sitio web con \u201cinformacio\u0301n pu\u0301blica que contribuye a un debate ma\u0301s transparente y facilita el acceso a la veeduri\u0301a ciudadana respecto a los datos que comparte la Fiscali\u0301a General de la Nacio\u0301n\u201d, sen\u0303alo\u0301 el Fiscal General, Francisco Barbosa en el acto de lanzamiento.<\/p>\n<p>\u201cEs una pa\u0301gina que le da transparencia a todo el conteo relativo a lo que ha venido ocurriendo en Colombia con resultados sin precedentes\u201d, sen\u0303alo\u0301 y llamo\u0301 la atencio\u0301n a la metodologi\u0301a utilizada por la Unidad Especial de Investigacio\u0301n que ha arrojado resultados sin precedentes: en tiempo re\u0301cord, menos de 20 di\u0301as, se han obtenido importantes consecuencias en la persecucio\u0301n penal a las subestructuras responsables de los homicidios en diferentes lugares del territorio nacional.<\/p>\n<p>\u201cEsta Fiscali\u0301a General de la Nacio\u0301n no es una entidad esta\u0301tica, sedentaria o paquide\u0301rmica, y no puede serlo porque el delito no tienen ubicacio\u0301n geogra\u0301fica especi\u0301fica. Nuestra labor tampoco. Tenemos funcionarios 24 horas, siete di\u0301as de la semana, en cualquier rinco\u0301n de la nacio\u0301n, porque el crimen no descansa y nosotros tampoco. La justicia no puede trabajar ligada exclusivamente a las grandes ciudades, ni en horario de 8 de la man\u0303ana a 5 de la tarde. Llevamos 8 meses de trabajo sin descanso\u201d, reitero\u0301.<\/p>\n<p>Para avanzar en dicho compromiso, se disen\u0303aron novedosas estrategias de priorizacio\u0301n, coordinacio\u0301n y fortalecimiento de capacidades investigativas que llegan a los territorios. \u201cEn la Fiscali\u0301a todos son importantes, no tenemos territorios de primera, segunda o tercera categori\u0301a. Cada rinco\u0301n de este pai\u0301s es vital\u201d.<\/p>\n<p>En el lanzamiento de la nueva pa\u0301gina web, el Fiscal Francisco Barbosa Delgado sen\u0303alo\u0301 que, por primera vez, la Fiscali\u0301a tiene resultados procesales significativos en materia de avances en el esclarecimiento de homicidios contra personas defensoras de derechos humanos.<\/p>\n<p>Adema\u0301s de la rigurosidad en la investigacio\u0301n, a partir de hoy, con la nueva herramienta, se garantiza tambie\u0301n la transparencia. Por eso, el Fiscal General destaco\u0301 que <em>En La Calle y En Los Territorios<\/em>, la Fiscali\u0301a responde a las necesidades de los grupos poblacionales que histo\u0301ricamente han sufrido los embates de la violencia. Es un rasgo central de las investigaciones. Ejemplo de la labor incansable de nuestros funcionarios es lo que hemos logrado con la garanti\u0301a de justicia para personas defensoras de derechos humanos.<\/p>\n<p>Este compromiso continu\u0301a vigente y ahora la ciudadani\u0301a podra\u0301 monitorear su evolucio\u0301n de forma perio\u0301dica a trave\u0301s del micrositio web \u201cJusticia para Renacer\u201d. \u201cEste es un rasgo de esta Fiscali\u0301a: La transparencia\u201d, sen\u0303alo\u0301.<\/p>\n<p>Adema\u0301s, destaco\u0301 que todos los ciudadanos tienen derecho a gozar de tranquilidad en las ciudades, por lo que \u201cno se puede permitir que los terroristas se infiltren en marchas o mingas. En ese sentido estaremos muy atentos y judicializaremos a todos aquellos que alteren el orden pu\u0301blico, la salud pu\u0301blica y que afecten a la mayori\u0301a de los colombianos\u201d, reitero\u0301.<\/p>\n<p>\u201cEsta Fiscali\u0301a no esta\u0301 al servicio de causa poli\u0301tica alguna ni cae en el juego de la polarizacio\u0301n. Nuestra u\u0301nica idea y derrotero es el ejercicio del Derecho, la investigacio\u0301n rigurosa de los delitos, la reivindicacio\u0301n del imperio de la ley, independientemente de las orillas ideolo\u0301gicas. La actuacio\u0301n disciplinada, sigilosa con resultados en todos los territorios del pai\u0301s es lo que nos caracteriza. Pienso en esta Fiscali\u0301a como una institucio\u0301n abierta, comprensiva, que estemos en todos los territorios del pai\u0301s. Lo ma\u0301s importante, no opinamos, hablamos con hechos\u201d, concluyo\u0301 el Fiscal General Francisco Barbosa Delgado.<\/p>\n<p>La Fiscali\u0301a General publica esta informacio\u0301n por razones de intere\u0301s general.<\/p>\n<p>MRL\/MRC<\/p>\n\n<div class=\"twitter-share\"><a href=\"https:\/\/twitter.com\/intent\/tweet?via=fiscaliacol\" class=\"twitter-share-button\">Tweet<\/a><\/div>\n","protected":false},"excerpt":{"rendered":"<p>A hoy, se ha logrado el esclarecimiento del 59,80% de casos. Adema\u0301s, esta\u0301 disponible un micrositio web encaminado a dar conocer los avances en la investigacio\u0301n de afectaciones en contra de los li\u0301deres defensores de derechos humanos como consolidadores del Estado Social de Derecho. La Fiscali\u0301a General de la Nacio\u0301n reconoce la labor de las [&hellip;]<\/p>\n","protected":false},"author":162,"featured_media":0,"comment_status":"closed","ping_status":"open","sticky":false,"template":"","format":"standard","meta":{"_price":"","_stock":"","_tribe_ticket_header":"","_tribe_default_ticket_provider":"","_tribe_ticket_capacity":"0","_ticket_start_date":"","_ticket_end_date":"","_tribe_ticket_show_description":"","_tribe_ticket_show_not_going":false,"_tribe_ticket_use_global_stock":"","_tribe_ticket_global_stock_level":"","_global_stock_mode":"","_global_stock_cap":"","_tribe_rsvp_for_event":"","_tribe_ticket_going_count":"","_tribe_ticket_not_going_count":"","_tribe_tickets_list":"[]","_tribe_ticket_has_attendee_info_fields":false,"tdm_status":"","tdm_grid_status":"","footnotes":""},"categories":[24176,24096,1],"tags":[22130,78,24182],"class_list":{"0":"post-203781","1":"post","2":"type-post","3":"status-publish","4":"format-standard","6":"category-defensores","7":"category-fiscal-general-de-la-nacion","8":"category-noticias","9":"tag-defensores","10":"tag-fiscal-general-de-la-nacion","11":"tag-francisco-barbosa-delgado"},"yoast_head":"<!-- This site is optimized with the Yoast SEO plugin v24.3 - https:\/\/yoast.com\/wordpress\/plugins\/seo\/ -->\n<title>Fiscal\u00eda General de la Naci\u00f3n<\/title>\n<meta name=\"description\" content=\"P\u00e1gina oficial de la Fiscal\u00eda General de la Naci\u00f3n \u2013 Colombia. Garantizamos el acceso efectivo a la justicia, la verdad y la reparaci\u00f3n de las v\u00edctimas de los delitos.\" \/>\n<meta name=\"robots\" content=\"noindex, follow\" \/>\n<meta property=\"og:locale\" content=\"es_ES\" \/>\n<meta property=\"og:type\" content=\"article\" \/>\n<meta property=\"og:title\" content=\"Fiscal\u00eda General de la Naci\u00f3n\" \/>\n<meta property=\"og:description\" content=\"P\u00e1gina oficial de la Fiscal\u00eda General de la Naci\u00f3n \u2013 Colombia. Garantizamos el acceso efectivo a la justicia, la verdad y la reparaci\u00f3n de las v\u00edctimas de los delitos.\" \/>\n<meta property=\"og:url\" content=\"https:\/\/www.fiscalia.gov.co\/colombia\/defensores\/la-investigacion-y-judicializacion-de-delitos-contra-personas-defensoras-de-derechos-humanos-en-colombia-es-un-compromiso-y-estamos-dando-resultados-fiscal-general\/\" \/>\n<meta property=\"og:site_name\" content=\"Fiscal\u00eda General de la Naci\u00f3n\" \/>\n<meta property=\"article:publisher\" content=\"https:\/\/www.facebook.com\/FiscaliaCol\" \/>\n<meta property=\"article:published_time\" content=\"2020-10-13T16:56:27+00:00\" \/>\n<meta name=\"author\" content=\"Direcci\u00f3n de Comunicaciones Fiscal\u00eda General de la Naci\u00f3n\" \/>\n<meta name=\"twitter:card\" content=\"summary_large_image\" \/>\n<meta name=\"twitter:creator\" content=\"@FiscaliaCol\" \/>\n<meta name=\"twitter:site\" content=\"@FiscaliaCol\" \/>\n<meta name=\"twitter:label1\" content=\"Escrito por\" \/>\n\t<meta name=\"twitter:data1\" content=\"Direcci\u00f3n de Comunicaciones Fiscal\u00eda General de la Naci\u00f3n\" \/>\n\t<meta name=\"twitter:label2\" content=\"Tiempo de lectura\" \/>\n\t<meta name=\"twitter:data2\" content=\"4 minutos\" \/>\n<script type=\"application\/ld+json\" class=\"yoast-schema-graph\">{\"@context\":\"https:\/\/schema.org\",\"@graph\":[{\"@type\":\"Article\",\"@id\":\"https:\/\/www.fiscalia.gov.co\/colombia\/defensores\/la-investigacion-y-judicializacion-de-delitos-contra-personas-defensoras-de-derechos-humanos-en-colombia-es-un-compromiso-y-estamos-dando-resultados-fiscal-general\/#article\",\"isPartOf\":{\"@id\":\"https:\/\/www.fiscalia.gov.co\/colombia\/defensores\/la-investigacion-y-judicializacion-de-delitos-contra-personas-defensoras-de-derechos-humanos-en-colombia-es-un-compromiso-y-estamos-dando-resultados-fiscal-general\/\"},\"author\":{\"name\":\"Direcci\u00f3n de Comunicaciones Fiscal\u00eda General de la Naci\u00f3n\",\"@id\":\"https:\/\/www.fiscalia.gov.co\/colombia\/#\/schema\/person\/bf28d8ae7f1b287bbe3af484b04f43ea\"},\"headline\":\"\u201cLa investigacio\u0301n y judicializacio\u0301n de delitos contra personas defensoras de derechos humanos en Colombia es un compromiso y estamos dando resultados\u201d: Fiscal General\",\"datePublished\":\"2020-10-13T16:56:27+00:00\",\"dateModified\":\"2020-10-13T16:56:27+00:00\",\"mainEntityOfPage\":{\"@id\":\"https:\/\/www.fiscalia.gov.co\/colombia\/defensores\/la-investigacion-y-judicializacion-de-delitos-contra-personas-defensoras-de-derechos-humanos-en-colombia-es-un-compromiso-y-estamos-dando-resultados-fiscal-general\/\"},\"wordCount\":881,\"publisher\":{\"@id\":\"https:\/\/www.fiscalia.gov.co\/colombia\/#organization\"},\"keywords\":[\"Defensores\",\"Fiscal General de la Naci\u00f3n\",\"Francisco Barbosa Delgado\"],\"articleSection\":[\"Defensores\",\"Fiscal General de la Naci\u00f3n\",\"Noticias\"],\"inLanguage\":\"es-CO\"},{\"@type\":\"WebPage\",\"@id\":\"https:\/\/www.fiscalia.gov.co\/colombia\/defensores\/la-investigacion-y-judicializacion-de-delitos-contra-personas-defensoras-de-derechos-humanos-en-colombia-es-un-compromiso-y-estamos-dando-resultados-fiscal-general\/\",\"url\":\"https:\/\/www.fiscalia.gov.co\/colombia\/defensores\/la-investigacion-y-judicializacion-de-delitos-contra-personas-defensoras-de-derechos-humanos-en-colombia-es-un-compromiso-y-estamos-dando-resultados-fiscal-general\/\",\"name\":\"Fiscal\u00eda General de la Naci\u00f3n\",\"isPartOf\":{\"@id\":\"https:\/\/www.fiscalia.gov.co\/colombia\/#website\"},\"datePublished\":\"2020-10-13T16:56:27+00:00\",\"dateModified\":\"2020-10-13T16:56:27+00:00\",\"description\":\"P\u00e1gina oficial de la Fiscal\u00eda General de la Naci\u00f3n \u2013 Colombia. Garantizamos el acceso efectivo a la justicia, la verdad y la reparaci\u00f3n de las v\u00edctimas de los delitos.\",\"breadcrumb\":{\"@id\":\"https:\/\/www.fiscalia.gov.co\/colombia\/defensores\/la-investigacion-y-judicializacion-de-delitos-contra-personas-defensoras-de-derechos-humanos-en-colombia-es-un-compromiso-y-estamos-dando-resultados-fiscal-general\/#breadcrumb\"},\"inLanguage\":\"es-CO\",\"potentialAction\":[{\"@type\":\"ReadAction\",\"target\":[\"https:\/\/www.fiscalia.gov.co\/colombia\/defensores\/la-investigacion-y-judicializacion-de-delitos-contra-personas-defensoras-de-derechos-humanos-en-colombia-es-un-compromiso-y-estamos-dando-resultados-fiscal-general\/\"]}]},{\"@type\":\"BreadcrumbList\",\"@id\":\"https:\/\/www.fiscalia.gov.co\/colombia\/defensores\/la-investigacion-y-judicializacion-de-delitos-contra-personas-defensoras-de-derechos-humanos-en-colombia-es-un-compromiso-y-estamos-dando-resultados-fiscal-general\/#breadcrumb\",\"itemListElement\":[{\"@type\":\"ListItem\",\"position\":1,\"name\":\"Home\",\"item\":\"https:\/\/www.fiscalia.gov.co\/colombia\/\"},{\"@type\":\"ListItem\",\"position\":2,\"name\":\"\u201cLa investigacio\u0301n y judicializacio\u0301n de delitos contra personas defensoras de derechos humanos en Colombia es un compromiso y estamos dando resultados\u201d: Fiscal General\"}]},{\"@type\":\"WebSite\",\"@id\":\"https:\/\/www.fiscalia.gov.co\/colombia\/#website\",\"url\":\"https:\/\/www.fiscalia.gov.co\/colombia\/\",\"name\":\"Fiscal\u00eda General de la Naci\u00f3n\",\"description\":\"P\u00e1gina oficial de la Fiscal\u00eda General de la Naci\u00f3n \u2013 Colombia. Garantizamos el acceso efectivo a la justicia, la verdad y la reparaci\u00f3n de las v\u00edctimas de los delitos.\",\"publisher\":{\"@id\":\"https:\/\/www.fiscalia.gov.co\/colombia\/#organization\"},\"potentialAction\":[{\"@type\":\"SearchAction\",\"target\":{\"@type\":\"EntryPoint\",\"urlTemplate\":\"https:\/\/www.fiscalia.gov.co\/colombia\/?s={search_term_string}\"},\"query-input\":{\"@type\":\"PropertyValueSpecification\",\"valueRequired\":true,\"valueName\":\"search_term_string\"}}],\"inLanguage\":\"es-CO\"},{\"@type\":\"Organization\",\"@id\":\"https:\/\/www.fiscalia.gov.co\/colombia\/#organization\",\"name\":\"Fiscal\u00eda General de la Naci\u00f3n\",\"url\":\"https:\/\/www.fiscalia.gov.co\/colombia\/\",\"logo\":{\"@type\":\"ImageObject\",\"inLanguage\":\"es-CO\",\"@id\":\"https:\/\/www.fiscalia.gov.co\/colombia\/#\/schema\/logo\/image\/\",\"url\":\"https:\/\/www.fiscalia.gov.co\/colombia\/wp-content\/uploads\/LogoHorizontal_1.jpg\",\"contentUrl\":\"https:\/\/www.fiscalia.gov.co\/colombia\/wp-content\/uploads\/LogoHorizontal_1.jpg\",\"width\":300,\"height\":90,\"caption\":\"Fiscal\u00eda General de la Naci\u00f3n\"},\"image\":{\"@id\":\"https:\/\/www.fiscalia.gov.co\/colombia\/#\/schema\/logo\/image\/\"},\"sameAs\":[\"https:\/\/www.facebook.com\/FiscaliaCol\",\"https:\/\/x.com\/FiscaliaCol\",\"https:\/\/www.instagram.com\/fiscaliacol\",\"https:\/\/www.linkedin.com\/company\/fiscalia-general-de-la-naci-n\/\",\"https:\/\/youtube.com\/@fiscaliageneraldelanacion-4668?si=6nN79nyQICPU5iTh\"]},{\"@type\":\"Person\",\"@id\":\"https:\/\/www.fiscalia.gov.co\/colombia\/#\/schema\/person\/bf28d8ae7f1b287bbe3af484b04f43ea\",\"name\":\"Direcci\u00f3n de Comunicaciones Fiscal\u00eda General de la Naci\u00f3n\",\"image\":{\"@type\":\"ImageObject\",\"inLanguage\":\"es-CO\",\"@id\":\"https:\/\/www.fiscalia.gov.co\/colombia\/#\/schema\/person\/image\/\",\"url\":\"https:\/\/secure.gravatar.com\/avatar\/9d55ae161d32da16dbdd0b380c080a5f?s=96&d=mm&r=g\",\"contentUrl\":\"https:\/\/secure.gravatar.com\/avatar\/9d55ae161d32da16dbdd0b380c080a5f?s=96&d=mm&r=g\",\"caption\":\"Direcci\u00f3n de Comunicaciones Fiscal\u00eda General de la Naci\u00f3n\"},\"url\":\"https:\/\/www.fiscalia.gov.co\/colombia\/author\/kbonilla\/\"}]}<\/script>\n<!-- \/ Yoast SEO plugin. -->","yoast_head_json":{"title":"Fiscal\u00eda General de la Naci\u00f3n","description":"P\u00e1gina oficial de la Fiscal\u00eda General de la Naci\u00f3n \u2013 Colombia. Garantizamos el acceso efectivo a la justicia, la verdad y la reparaci\u00f3n de las v\u00edctimas de los delitos.","robots":{"index":"noindex","follow":"follow"},"og_locale":"es_ES","og_type":"article","og_title":"Fiscal\u00eda General de la Naci\u00f3n","og_description":"P\u00e1gina oficial de la Fiscal\u00eda General de la Naci\u00f3n \u2013 Colombia. Garantizamos el acceso efectivo a la justicia, la verdad y la reparaci\u00f3n de las v\u00edctimas de los delitos.","og_url":"https:\/\/www.fiscalia.gov.co\/colombia\/defensores\/la-investigacion-y-judicializacion-de-delitos-contra-personas-defensoras-de-derechos-humanos-en-colombia-es-un-compromiso-y-estamos-dando-resultados-fiscal-general\/","og_site_name":"Fiscal\u00eda General de la Naci\u00f3n","article_publisher":"https:\/\/www.facebook.com\/FiscaliaCol","article_published_time":"2020-10-13T16:56:27+00:00","author":"Direcci\u00f3n de Comunicaciones Fiscal\u00eda General de la Naci\u00f3n","twitter_card":"summary_large_image","twitter_creator":"@FiscaliaCol","twitter_site":"@FiscaliaCol","twitter_misc":{"Escrito por":"Direcci\u00f3n de Comunicaciones Fiscal\u00eda General de la Naci\u00f3n","Tiempo de lectura":"4 minutos"},"schema":{"@context":"https:\/\/schema.org","@graph":[{"@type":"Article","@id":"https:\/\/www.fiscalia.gov.co\/colombia\/defensores\/la-investigacion-y-judicializacion-de-delitos-contra-personas-defensoras-de-derechos-humanos-en-colombia-es-un-compromiso-y-estamos-dando-resultados-fiscal-general\/#article","isPartOf":{"@id":"https:\/\/www.fiscalia.gov.co\/colombia\/defensores\/la-investigacion-y-judicializacion-de-delitos-contra-personas-defensoras-de-derechos-humanos-en-colombia-es-un-compromiso-y-estamos-dando-resultados-fiscal-general\/"},"author":{"name":"Direcci\u00f3n de Comunicaciones Fiscal\u00eda General de la Naci\u00f3n","@id":"https:\/\/www.fiscalia.gov.co\/colombia\/#\/schema\/person\/bf28d8ae7f1b287bbe3af484b04f43ea"},"headline":"\u201cLa investigacio\u0301n y judicializacio\u0301n de delitos contra personas defensoras de derechos humanos en Colombia es un compromiso y estamos dando resultados\u201d: Fiscal General","datePublished":"2020-10-13T16:56:27+00:00","dateModified":"2020-10-13T16:56:27+00:00","mainEntityOfPage":{"@id":"https:\/\/www.fiscalia.gov.co\/colombia\/defensores\/la-investigacion-y-judicializacion-de-delitos-contra-personas-defensoras-de-derechos-humanos-en-colombia-es-un-compromiso-y-estamos-dando-resultados-fiscal-general\/"},"wordCount":881,"publisher":{"@id":"https:\/\/www.fiscalia.gov.co\/colombia\/#organization"},"keywords":["Defensores","Fiscal General de la Naci\u00f3n","Francisco Barbosa Delgado"],"articleSection":["Defensores","Fiscal General de la Naci\u00f3n","Noticias"],"inLanguage":"es-CO"},{"@type":"WebPage","@id":"https:\/\/www.fiscalia.gov.co\/colombia\/defensores\/la-investigacion-y-judicializacion-de-delitos-contra-personas-defensoras-de-derechos-humanos-en-colombia-es-un-compromiso-y-estamos-dando-resultados-fiscal-general\/","url":"https:\/\/www.fiscalia.gov.co\/colombia\/defensores\/la-investigacion-y-judicializacion-de-delitos-contra-personas-defensoras-de-derechos-humanos-en-colombia-es-un-compromiso-y-estamos-dando-resultados-fiscal-general\/","name":"Fiscal\u00eda General de la Naci\u00f3n","isPartOf":{"@id":"https:\/\/www.fiscalia.gov.co\/colombia\/#website"},"datePublished":"2020-10-13T16:56:27+00:00","dateModified":"2020-10-13T16:56:27+00:00","description":"P\u00e1gina oficial de la Fiscal\u00eda General de la Naci\u00f3n \u2013 Colombia. Garantizamos el acceso efectivo a la justicia, la verdad y la reparaci\u00f3n de las v\u00edctimas de los delitos.","breadcrumb":{"@id":"https:\/\/www.fiscalia.gov.co\/colombia\/defensores\/la-investigacion-y-judicializacion-de-delitos-contra-personas-defensoras-de-derechos-humanos-en-colombia-es-un-compromiso-y-estamos-dando-resultados-fiscal-general\/#breadcrumb"},"inLanguage":"es-CO","potentialAction":[{"@type":"ReadAction","target":["https:\/\/www.fiscalia.gov.co\/colombia\/defensores\/la-investigacion-y-judicializacion-de-delitos-contra-personas-defensoras-de-derechos-humanos-en-colombia-es-un-compromiso-y-estamos-dando-resultados-fiscal-general\/"]}]},{"@type":"BreadcrumbList","@id":"https:\/\/www.fiscalia.gov.co\/colombia\/defensores\/la-investigacion-y-judicializacion-de-delitos-contra-personas-defensoras-de-derechos-humanos-en-colombia-es-un-compromiso-y-estamos-dando-resultados-fiscal-general\/#breadcrumb","itemListElement":[{"@type":"ListItem","position":1,"name":"Home","item":"https:\/\/www.fiscalia.gov.co\/colombia\/"},{"@type":"ListItem","position":2,"name":"\u201cLa investigacio\u0301n y judicializacio\u0301n de delitos contra personas defensoras de derechos humanos en Colombia es un compromiso y estamos dando resultados\u201d: Fiscal General"}]},{"@type":"WebSite","@id":"https:\/\/www.fiscalia.gov.co\/colombia\/#website","url":"https:\/\/www.fiscalia.gov.co\/colombia\/","name":"Fiscal\u00eda General de la Naci\u00f3n","description":"P\u00e1gina oficial de la Fiscal\u00eda General de la Naci\u00f3n \u2013 Colombia. Garantizamos el acceso efectivo a la justicia, la verdad y la reparaci\u00f3n de las v\u00edctimas de los delitos.","publisher":{"@id":"https:\/\/www.fiscalia.gov.co\/colombia\/#organization"},"potentialAction":[{"@type":"SearchAction","target":{"@type":"EntryPoint","urlTemplate":"https:\/\/www.fiscalia.gov.co\/colombia\/?s={search_term_string}"},"query-input":{"@type":"PropertyValueSpecification","valueRequired":true,"valueName":"search_term_string"}}],"inLanguage":"es-CO"},{"@type":"Organization","@id":"https:\/\/www.fiscalia.gov.co\/colombia\/#organization","name":"Fiscal\u00eda General de la Naci\u00f3n","url":"https:\/\/www.fiscalia.gov.co\/colombia\/","logo":{"@type":"ImageObject","inLanguage":"es-CO","@id":"https:\/\/www.fiscalia.gov.co\/colombia\/#\/schema\/logo\/image\/","url":"https:\/\/www.fiscalia.gov.co\/colombia\/wp-content\/uploads\/LogoHorizontal_1.jpg","contentUrl":"https:\/\/www.fiscalia.gov.co\/colombia\/wp-content\/uploads\/LogoHorizontal_1.jpg","width":300,"height":90,"caption":"Fiscal\u00eda General de la Naci\u00f3n"},"image":{"@id":"https:\/\/www.fiscalia.gov.co\/colombia\/#\/schema\/logo\/image\/"},"sameAs":["https:\/\/www.facebook.com\/FiscaliaCol","https:\/\/x.com\/FiscaliaCol","https:\/\/www.instagram.com\/fiscaliacol","https:\/\/www.linkedin.com\/company\/fiscalia-general-de-la-naci-n\/","https:\/\/youtube.com\/@fiscaliageneraldelanacion-4668?si=6nN79nyQICPU5iTh"]},{"@type":"Person","@id":"https:\/\/www.fiscalia.gov.co\/colombia\/#\/schema\/person\/bf28d8ae7f1b287bbe3af484b04f43ea","name":"Direcci\u00f3n de Comunicaciones Fiscal\u00eda General de la Naci\u00f3n","image":{"@type":"ImageObject","inLanguage":"es-CO","@id":"https:\/\/www.fiscalia.gov.co\/colombia\/#\/schema\/person\/image\/","url":"https:\/\/secure.gravatar.com\/avatar\/9d55ae161d32da16dbdd0b380c080a5f?s=96&d=mm&r=g","contentUrl":"https:\/\/secure.gravatar.com\/avatar\/9d55ae161d32da16dbdd0b380c080a5f?s=96&d=mm&r=g","caption":"Direcci\u00f3n de Comunicaciones Fiscal\u00eda General de la Naci\u00f3n"},"url":"https:\/\/www.fiscalia.gov.co\/colombia\/author\/kbonilla\/"}]}},"_links":{"self":[{"href":"https:\/\/www.fiscalia.gov.co\/colombia\/wp-json\/wp\/v2\/posts\/203781","targetHints":{"allow":["GET"]}}],"collection":[{"href":"https:\/\/www.fiscalia.gov.co\/colombia\/wp-json\/wp\/v2\/posts"}],"about":[{"href":"https:\/\/www.fiscalia.gov.co\/colombia\/wp-json\/wp\/v2\/types\/post"}],"author":[{"embeddable":true,"href":"https:\/\/www.fiscalia.gov.co\/colombia\/wp-json\/wp\/v2\/users\/162"}],"replies":[{"embeddable":true,"href":"https:\/\/www.fiscalia.gov.co\/colombia\/wp-json\/wp\/v2\/comments?post=203781"}],"version-history":[{"count":1,"href":"https:\/\/www.fiscalia.gov.co\/colombia\/wp-json\/wp\/v2\/posts\/203781\/revisions"}],"predecessor-version":[{"id":203783,"href":"https:\/\/www.fiscalia.gov.co\/colombia\/wp-json\/wp\/v2\/posts\/203781\/revisions\/203783"}],"wp:attachment":[{"href":"https:\/\/www.fiscalia.gov.co\/colombia\/wp-json\/wp\/v2\/media?parent=203781"}],"wp:term":[{"taxonomy":"category","embeddable":true,"href":"https:\/\/www.fiscalia.gov.co\/colombia\/wp-json\/wp\/v2\/categories?post=203781"},{"taxonomy":"post_tag","embeddable":true,"href":"https:\/\/www.fiscalia.gov.co\/colombia\/wp-json\/wp\/v2\/tags?post=203781"}],"curies":[{"name":"wp","href":"https:\/\/api.w.org\/{rel}","templated":true}]}}