{"id":203409,"date":"2020-10-08T19:17:58","date_gmt":"2020-10-09T00:17:58","guid":{"rendered":"https:\/\/www.fiscalia.gov.co\/colombia\/?p=203409"},"modified":"2020-10-09T10:00:01","modified_gmt":"2020-10-09T15:00:01","slug":"judicializados-presuntos-responsables-de-hurto-a-dos-personas-en-el-barrio-belen-de-medellin","status":"publish","type":"post","link":"https:\/\/www.fiscalia.gov.co\/colombia\/seccionales\/judicializados-presuntos-responsables-de-hurto-a-dos-personas-en-el-barrio-belen-de-medellin\/","title":{"rendered":"Judicializados presuntos responsables de hurto a dos personas en el barrio Bel\u00e9n de Medell\u00edn\u00a0"},"content":{"rendered":"<p><img loading=\"lazy\" decoding=\"async\" class=\"alignnone size-large wp-image-203435\" src=\"https:\/\/www.fiscalia.gov.co\/colombia\/wp-content\/uploads\/JUAN-ESTEBAN-QUINCHI\u0301A-MATEO-SEPU\u0301LVEDA-ISAZA-1024x768.jpg\" alt=\"\" width=\"696\" height=\"522\" srcset=\"https:\/\/www.fiscalia.gov.co\/colombia\/wp-content\/uploads\/JUAN-ESTEBAN-QUINCHI\u0301A-MATEO-SEPU\u0301LVEDA-ISAZA-1024x768.jpg 1024w, https:\/\/www.fiscalia.gov.co\/colombia\/wp-content\/uploads\/JUAN-ESTEBAN-QUINCHI\u0301A-MATEO-SEPU\u0301LVEDA-ISAZA-300x225.jpg 300w, https:\/\/www.fiscalia.gov.co\/colombia\/wp-content\/uploads\/JUAN-ESTEBAN-QUINCHI\u0301A-MATEO-SEPU\u0301LVEDA-ISAZA-768x576.jpg 768w, https:\/\/www.fiscalia.gov.co\/colombia\/wp-content\/uploads\/JUAN-ESTEBAN-QUINCHI\u0301A-MATEO-SEPU\u0301LVEDA-ISAZA-696x522.jpg 696w, https:\/\/www.fiscalia.gov.co\/colombia\/wp-content\/uploads\/JUAN-ESTEBAN-QUINCHI\u0301A-MATEO-SEPU\u0301LVEDA-ISAZA-1068x801.jpg 1068w, https:\/\/www.fiscalia.gov.co\/colombia\/wp-content\/uploads\/JUAN-ESTEBAN-QUINCHI\u0301A-MATEO-SEPU\u0301LVEDA-ISAZA-560x420.jpg 560w, https:\/\/www.fiscalia.gov.co\/colombia\/wp-content\/uploads\/JUAN-ESTEBAN-QUINCHI\u0301A-MATEO-SEPU\u0301LVEDA-ISAZA-80x60.jpg 80w, https:\/\/www.fiscalia.gov.co\/colombia\/wp-content\/uploads\/JUAN-ESTEBAN-QUINCHI\u0301A-MATEO-SEPU\u0301LVEDA-ISAZA-265x198.jpg 265w, https:\/\/www.fiscalia.gov.co\/colombia\/wp-content\/uploads\/JUAN-ESTEBAN-QUINCHI\u0301A-MATEO-SEPU\u0301LVEDA-ISAZA.jpg 1280w\" sizes=\"auto, (max-width: 696px) 100vw, 696px\" \/><\/p>\n<p class=\"x_MsoNormal\"><span lang=\"ES\">Como presunto responsable de<b>\u00a0hurto calificado y agravado<\/b>, la Fiscal\u00eda General de la Naci\u00f3n obtuvo medida de aseguramiento\u00a0<b>intramuros<\/b>\u00a0contra Juan Esteban Quinch\u00eda Quiceno, de 26 a\u00f1os de edad.\u00a0\u00a0<\/span><\/p>\n<p class=\"x_MsoNormal\"><span lang=\"ES\">En la misma decisi\u00f3n el Juzgado 40 Penal Municipal de Medell\u00edn dict\u00f3\u00a0<b>medida domiciliaria<\/b>\u00a0contra Mateo Sep\u00falveda Isaza, de 21 a\u00f1os.\u00a0<\/span><\/p>\n<p class=\"x_MsoNormal\"><span lang=\"ES\">Los hechos investigados ocurrieron la tarde del 3 de mayo de este a\u00f1o en el barrio Bel\u00e9n Malib\u00fa de la capital antioque\u00f1a, donde dos hombres armados que se movilizaban en moto despojaron de sus pertenec\u00edas a Juan Esteban Rodr\u00edguez Atehort\u00faa y Andr\u00e9s Felipe Cano S\u00e1nchez.\u00a0<\/span><\/p>\n<p class=\"x_MsoNormal\"><span lang=\"ES\">De acuerdo con las denuncias, a las dos v\u00edctimas\u00a0<b>les hurtaron celulares, computadores port\u00e1tiles y otros elementos valorados en 38 millones de pesos<\/b>.\u00a0<\/span><\/p>\n<p class=\"x_MsoNormal\"><span lang=\"ES\">Los hechos quedaron registrados en las c\u00e1maras de seguridad del sector, cuyos videos recaudados como material probatorio permiten inferir la participaci\u00f3n de procesados en el hurto.\u00a0 <\/span><\/p>\n<p class=\"x_MsoNormal\"><span lang=\"ES\">Los investigadores establecieron que Quinch\u00eda Quiceno estaba en prisi\u00f3n domiciliaria desde el 20 de abril de 2020, por una conducta delictiva similar y cumpl\u00eda una pena de 2 a\u00f1os de prisi\u00f3n.\u00a0<\/span><\/p>\n<p class=\"x_MsoNormal\"><span lang=\"ES\">Los investigados<b>\u00a0no se allanaron a los cargos imputados\u00a0<\/b>por un fiscal de la Estructura de Apoyo (EDA).\u00a0<\/span><span lang=\"ES\">\u00a0<\/span><\/p>\n<p class=\"x_MsoNormal\"><span lang=\"ES\">Estos resultados responden a los lineamientos trazados por el Fiscal General de la Naci\u00f3n, Francisco Barbosa Delgado, para contrarrestar los fen\u00f3menos delictivos de alto impacto que afectan la seguridad ciudadana.\u00a0<\/span><span lang=\"ES\">\u00a0<\/span><\/p>\n<p class=\"x_MsoNormal\"><span lang=\"ES\">La Fiscal\u00eda hace p\u00fablica esta informaci\u00f3n por razones de inter\u00e9s general.\u00a0<\/span><\/p>\n<p class=\"x_MsoNormal\">LFML\/DLBM<\/p>\n\n<div class=\"twitter-share\"><a href=\"https:\/\/twitter.com\/intent\/tweet?via=fiscaliacol\" class=\"twitter-share-button\">Tweet<\/a><\/div>\n","protected":false},"excerpt":{"rendered":"<p>Como presunto responsable de\u00a0hurto calificado y agravado, la Fiscal\u00eda General de la Naci\u00f3n obtuvo medida de aseguramiento\u00a0intramuros\u00a0contra Juan Esteban Quinch\u00eda Quiceno, de 26 a\u00f1os de edad.\u00a0\u00a0 En la misma decisi\u00f3n el Juzgado 40 Penal Municipal de Medell\u00edn dict\u00f3\u00a0medida domiciliaria\u00a0contra Mateo Sep\u00falveda Isaza, de 21 a\u00f1os.\u00a0 Los hechos investigados ocurrieron la tarde del 3 de mayo [&hellip;]<\/p>\n","protected":false},"author":167,"featured_media":0,"comment_status":"closed","ping_status":"open","sticky":false,"template":"","format":"standard","meta":{"_price":"","_stock":"","_tribe_ticket_header":"","_tribe_default_ticket_provider":"","_tribe_ticket_capacity":"0","_ticket_start_date":"","_ticket_end_date":"","_tribe_ticket_show_description":"","_tribe_ticket_show_not_going":false,"_tribe_ticket_use_global_stock":"","_tribe_ticket_global_stock_level":"","_global_stock_mode":"","_global_stock_cap":"","_tribe_rsvp_for_event":"","_tribe_ticket_going_count":"","_tribe_ticket_not_going_count":"","_tribe_tickets_list":"[]","_tribe_ticket_has_attendee_info_fields":false,"tdm_status":"","tdm_grid_status":"","footnotes":""},"categories":[318,303,24099],"tags":[],"class_list":{"0":"post-203409","1":"post","2":"type-post","3":"status-publish","4":"format-standard","6":"category-seccional-antioquia","7":"category-seccionales","8":"category-seguridad-territorial"},"yoast_head":"<!-- This site is optimized with the Yoast SEO plugin v24.3 - https:\/\/yoast.com\/wordpress\/plugins\/seo\/ -->\n<title>Fiscal\u00eda General de la Naci\u00f3n<\/title>\n<meta name=\"description\" content=\"P\u00e1gina oficial de la Fiscal\u00eda General de la Naci\u00f3n \u2013 Colombia. Garantizamos el acceso efectivo a la justicia, la verdad y la reparaci\u00f3n de las v\u00edctimas de los delitos.\" \/>\n<meta name=\"robots\" content=\"noindex, follow\" \/>\n<meta property=\"og:locale\" content=\"es_ES\" \/>\n<meta property=\"og:type\" content=\"article\" \/>\n<meta property=\"og:title\" content=\"Fiscal\u00eda General de la Naci\u00f3n\" \/>\n<meta property=\"og:description\" content=\"P\u00e1gina oficial de la Fiscal\u00eda General de la Naci\u00f3n \u2013 Colombia. Garantizamos el acceso efectivo a la justicia, la verdad y la reparaci\u00f3n de las v\u00edctimas de los delitos.\" \/>\n<meta property=\"og:url\" content=\"https:\/\/www.fiscalia.gov.co\/colombia\/seccionales\/judicializados-presuntos-responsables-de-hurto-a-dos-personas-en-el-barrio-belen-de-medellin\/\" \/>\n<meta property=\"og:site_name\" content=\"Fiscal\u00eda General de la Naci\u00f3n\" \/>\n<meta property=\"article:publisher\" content=\"https:\/\/www.facebook.com\/FiscaliaCol\" \/>\n<meta property=\"article:published_time\" content=\"2020-10-09T00:17:58+00:00\" \/>\n<meta property=\"article:modified_time\" content=\"2020-10-09T15:00:01+00:00\" \/>\n<meta name=\"author\" content=\"Maira Giraldo\" \/>\n<meta name=\"twitter:card\" content=\"summary_large_image\" \/>\n<meta name=\"twitter:creator\" content=\"@FiscaliaCol\" \/>\n<meta name=\"twitter:site\" content=\"@FiscaliaCol\" \/>\n<meta name=\"twitter:label1\" content=\"Escrito por\" \/>\n\t<meta name=\"twitter:data1\" content=\"Maira Giraldo\" \/>\n\t<meta name=\"twitter:label2\" content=\"Tiempo de lectura\" \/>\n\t<meta name=\"twitter:data2\" content=\"1 minuto\" \/>\n<script type=\"application\/ld+json\" class=\"yoast-schema-graph\">{\"@context\":\"https:\/\/schema.org\",\"@graph\":[{\"@type\":\"Article\",\"@id\":\"https:\/\/www.fiscalia.gov.co\/colombia\/seccionales\/judicializados-presuntos-responsables-de-hurto-a-dos-personas-en-el-barrio-belen-de-medellin\/#article\",\"isPartOf\":{\"@id\":\"https:\/\/www.fiscalia.gov.co\/colombia\/seccionales\/judicializados-presuntos-responsables-de-hurto-a-dos-personas-en-el-barrio-belen-de-medellin\/\"},\"author\":{\"name\":\"Maira Giraldo\",\"@id\":\"https:\/\/www.fiscalia.gov.co\/colombia\/#\/schema\/person\/2440fe3a4bf7444850658578d6d6f0c6\"},\"headline\":\"Judicializados presuntos responsables de hurto a dos personas en el barrio Bel\u00e9n de Medell\u00edn\u00a0\",\"datePublished\":\"2020-10-09T00:17:58+00:00\",\"dateModified\":\"2020-10-09T15:00:01+00:00\",\"mainEntityOfPage\":{\"@id\":\"https:\/\/www.fiscalia.gov.co\/colombia\/seccionales\/judicializados-presuntos-responsables-de-hurto-a-dos-personas-en-el-barrio-belen-de-medellin\/\"},\"wordCount\":275,\"publisher\":{\"@id\":\"https:\/\/www.fiscalia.gov.co\/colombia\/#organization\"},\"articleSection\":[\"Seccional Antioquia\",\"Seccionales\",\"Seguridad territorial\"],\"inLanguage\":\"es-CO\"},{\"@type\":\"WebPage\",\"@id\":\"https:\/\/www.fiscalia.gov.co\/colombia\/seccionales\/judicializados-presuntos-responsables-de-hurto-a-dos-personas-en-el-barrio-belen-de-medellin\/\",\"url\":\"https:\/\/www.fiscalia.gov.co\/colombia\/seccionales\/judicializados-presuntos-responsables-de-hurto-a-dos-personas-en-el-barrio-belen-de-medellin\/\",\"name\":\"Fiscal\u00eda General de la Naci\u00f3n\",\"isPartOf\":{\"@id\":\"https:\/\/www.fiscalia.gov.co\/colombia\/#website\"},\"datePublished\":\"2020-10-09T00:17:58+00:00\",\"dateModified\":\"2020-10-09T15:00:01+00:00\",\"description\":\"P\u00e1gina oficial de la Fiscal\u00eda General de la Naci\u00f3n \u2013 Colombia. Garantizamos el acceso efectivo a la justicia, la verdad y la reparaci\u00f3n de las v\u00edctimas de los delitos.\",\"breadcrumb\":{\"@id\":\"https:\/\/www.fiscalia.gov.co\/colombia\/seccionales\/judicializados-presuntos-responsables-de-hurto-a-dos-personas-en-el-barrio-belen-de-medellin\/#breadcrumb\"},\"inLanguage\":\"es-CO\",\"potentialAction\":[{\"@type\":\"ReadAction\",\"target\":[\"https:\/\/www.fiscalia.gov.co\/colombia\/seccionales\/judicializados-presuntos-responsables-de-hurto-a-dos-personas-en-el-barrio-belen-de-medellin\/\"]}]},{\"@type\":\"BreadcrumbList\",\"@id\":\"https:\/\/www.fiscalia.gov.co\/colombia\/seccionales\/judicializados-presuntos-responsables-de-hurto-a-dos-personas-en-el-barrio-belen-de-medellin\/#breadcrumb\",\"itemListElement\":[{\"@type\":\"ListItem\",\"position\":1,\"name\":\"Home\",\"item\":\"https:\/\/www.fiscalia.gov.co\/colombia\/\"},{\"@type\":\"ListItem\",\"position\":2,\"name\":\"Judicializados presuntos responsables de hurto a dos personas en el barrio Bel\u00e9n de Medell\u00edn\u00a0\"}]},{\"@type\":\"WebSite\",\"@id\":\"https:\/\/www.fiscalia.gov.co\/colombia\/#website\",\"url\":\"https:\/\/www.fiscalia.gov.co\/colombia\/\",\"name\":\"Fiscal\u00eda General de la Naci\u00f3n\",\"description\":\"P\u00e1gina oficial de la Fiscal\u00eda General de la Naci\u00f3n \u2013 Colombia. Garantizamos el acceso efectivo a la justicia, la verdad y la reparaci\u00f3n de las v\u00edctimas de los delitos.\",\"publisher\":{\"@id\":\"https:\/\/www.fiscalia.gov.co\/colombia\/#organization\"},\"potentialAction\":[{\"@type\":\"SearchAction\",\"target\":{\"@type\":\"EntryPoint\",\"urlTemplate\":\"https:\/\/www.fiscalia.gov.co\/colombia\/?s={search_term_string}\"},\"query-input\":{\"@type\":\"PropertyValueSpecification\",\"valueRequired\":true,\"valueName\":\"search_term_string\"}}],\"inLanguage\":\"es-CO\"},{\"@type\":\"Organization\",\"@id\":\"https:\/\/www.fiscalia.gov.co\/colombia\/#organization\",\"name\":\"Fiscal\u00eda General de la Naci\u00f3n\",\"url\":\"https:\/\/www.fiscalia.gov.co\/colombia\/\",\"logo\":{\"@type\":\"ImageObject\",\"inLanguage\":\"es-CO\",\"@id\":\"https:\/\/www.fiscalia.gov.co\/colombia\/#\/schema\/logo\/image\/\",\"url\":\"https:\/\/www.fiscalia.gov.co\/colombia\/wp-content\/uploads\/LogoHorizontal_1.jpg\",\"contentUrl\":\"https:\/\/www.fiscalia.gov.co\/colombia\/wp-content\/uploads\/LogoHorizontal_1.jpg\",\"width\":300,\"height\":90,\"caption\":\"Fiscal\u00eda General de la Naci\u00f3n\"},\"image\":{\"@id\":\"https:\/\/www.fiscalia.gov.co\/colombia\/#\/schema\/logo\/image\/\"},\"sameAs\":[\"https:\/\/www.facebook.com\/FiscaliaCol\",\"https:\/\/x.com\/FiscaliaCol\",\"https:\/\/www.instagram.com\/fiscaliacol\",\"https:\/\/www.linkedin.com\/company\/fiscalia-general-de-la-naci-n\/\",\"https:\/\/youtube.com\/@fiscaliageneraldelanacion-4668?si=6nN79nyQICPU5iTh\"]},{\"@type\":\"Person\",\"@id\":\"https:\/\/www.fiscalia.gov.co\/colombia\/#\/schema\/person\/2440fe3a4bf7444850658578d6d6f0c6\",\"name\":\"Maira Giraldo\",\"image\":{\"@type\":\"ImageObject\",\"inLanguage\":\"es-CO\",\"@id\":\"https:\/\/www.fiscalia.gov.co\/colombia\/#\/schema\/person\/image\/\",\"url\":\"https:\/\/secure.gravatar.com\/avatar\/7cd6b2b23627545037c8b4da5ea379fc?s=96&d=mm&r=g\",\"contentUrl\":\"https:\/\/secure.gravatar.com\/avatar\/7cd6b2b23627545037c8b4da5ea379fc?s=96&d=mm&r=g\",\"caption\":\"Maira Giraldo\"},\"url\":\"https:\/\/www.fiscalia.gov.co\/colombia\/author\/mgiraldo\/\"}]}<\/script>\n<!-- \/ Yoast SEO plugin. -->","yoast_head_json":{"title":"Fiscal\u00eda General de la Naci\u00f3n","description":"P\u00e1gina oficial de la Fiscal\u00eda General de la Naci\u00f3n \u2013 Colombia. Garantizamos el acceso efectivo a la justicia, la verdad y la reparaci\u00f3n de las v\u00edctimas de los delitos.","robots":{"index":"noindex","follow":"follow"},"og_locale":"es_ES","og_type":"article","og_title":"Fiscal\u00eda General de la Naci\u00f3n","og_description":"P\u00e1gina oficial de la Fiscal\u00eda General de la Naci\u00f3n \u2013 Colombia. Garantizamos el acceso efectivo a la justicia, la verdad y la reparaci\u00f3n de las v\u00edctimas de los delitos.","og_url":"https:\/\/www.fiscalia.gov.co\/colombia\/seccionales\/judicializados-presuntos-responsables-de-hurto-a-dos-personas-en-el-barrio-belen-de-medellin\/","og_site_name":"Fiscal\u00eda General de la Naci\u00f3n","article_publisher":"https:\/\/www.facebook.com\/FiscaliaCol","article_published_time":"2020-10-09T00:17:58+00:00","article_modified_time":"2020-10-09T15:00:01+00:00","author":"Maira Giraldo","twitter_card":"summary_large_image","twitter_creator":"@FiscaliaCol","twitter_site":"@FiscaliaCol","twitter_misc":{"Escrito por":"Maira Giraldo","Tiempo de lectura":"1 minuto"},"schema":{"@context":"https:\/\/schema.org","@graph":[{"@type":"Article","@id":"https:\/\/www.fiscalia.gov.co\/colombia\/seccionales\/judicializados-presuntos-responsables-de-hurto-a-dos-personas-en-el-barrio-belen-de-medellin\/#article","isPartOf":{"@id":"https:\/\/www.fiscalia.gov.co\/colombia\/seccionales\/judicializados-presuntos-responsables-de-hurto-a-dos-personas-en-el-barrio-belen-de-medellin\/"},"author":{"name":"Maira Giraldo","@id":"https:\/\/www.fiscalia.gov.co\/colombia\/#\/schema\/person\/2440fe3a4bf7444850658578d6d6f0c6"},"headline":"Judicializados presuntos responsables de hurto a dos personas en el barrio Bel\u00e9n de Medell\u00edn\u00a0","datePublished":"2020-10-09T00:17:58+00:00","dateModified":"2020-10-09T15:00:01+00:00","mainEntityOfPage":{"@id":"https:\/\/www.fiscalia.gov.co\/colombia\/seccionales\/judicializados-presuntos-responsables-de-hurto-a-dos-personas-en-el-barrio-belen-de-medellin\/"},"wordCount":275,"publisher":{"@id":"https:\/\/www.fiscalia.gov.co\/colombia\/#organization"},"articleSection":["Seccional Antioquia","Seccionales","Seguridad territorial"],"inLanguage":"es-CO"},{"@type":"WebPage","@id":"https:\/\/www.fiscalia.gov.co\/colombia\/seccionales\/judicializados-presuntos-responsables-de-hurto-a-dos-personas-en-el-barrio-belen-de-medellin\/","url":"https:\/\/www.fiscalia.gov.co\/colombia\/seccionales\/judicializados-presuntos-responsables-de-hurto-a-dos-personas-en-el-barrio-belen-de-medellin\/","name":"Fiscal\u00eda General de la Naci\u00f3n","isPartOf":{"@id":"https:\/\/www.fiscalia.gov.co\/colombia\/#website"},"datePublished":"2020-10-09T00:17:58+00:00","dateModified":"2020-10-09T15:00:01+00:00","description":"P\u00e1gina oficial de la Fiscal\u00eda General de la Naci\u00f3n \u2013 Colombia. Garantizamos el acceso efectivo a la justicia, la verdad y la reparaci\u00f3n de las v\u00edctimas de los delitos.","breadcrumb":{"@id":"https:\/\/www.fiscalia.gov.co\/colombia\/seccionales\/judicializados-presuntos-responsables-de-hurto-a-dos-personas-en-el-barrio-belen-de-medellin\/#breadcrumb"},"inLanguage":"es-CO","potentialAction":[{"@type":"ReadAction","target":["https:\/\/www.fiscalia.gov.co\/colombia\/seccionales\/judicializados-presuntos-responsables-de-hurto-a-dos-personas-en-el-barrio-belen-de-medellin\/"]}]},{"@type":"BreadcrumbList","@id":"https:\/\/www.fiscalia.gov.co\/colombia\/seccionales\/judicializados-presuntos-responsables-de-hurto-a-dos-personas-en-el-barrio-belen-de-medellin\/#breadcrumb","itemListElement":[{"@type":"ListItem","position":1,"name":"Home","item":"https:\/\/www.fiscalia.gov.co\/colombia\/"},{"@type":"ListItem","position":2,"name":"Judicializados presuntos responsables de hurto a dos personas en el barrio Bel\u00e9n de Medell\u00edn\u00a0"}]},{"@type":"WebSite","@id":"https:\/\/www.fiscalia.gov.co\/colombia\/#website","url":"https:\/\/www.fiscalia.gov.co\/colombia\/","name":"Fiscal\u00eda General de la Naci\u00f3n","description":"P\u00e1gina oficial de la Fiscal\u00eda General de la Naci\u00f3n \u2013 Colombia. Garantizamos el acceso efectivo a la justicia, la verdad y la reparaci\u00f3n de las v\u00edctimas de los delitos.","publisher":{"@id":"https:\/\/www.fiscalia.gov.co\/colombia\/#organization"},"potentialAction":[{"@type":"SearchAction","target":{"@type":"EntryPoint","urlTemplate":"https:\/\/www.fiscalia.gov.co\/colombia\/?s={search_term_string}"},"query-input":{"@type":"PropertyValueSpecification","valueRequired":true,"valueName":"search_term_string"}}],"inLanguage":"es-CO"},{"@type":"Organization","@id":"https:\/\/www.fiscalia.gov.co\/colombia\/#organization","name":"Fiscal\u00eda General de la Naci\u00f3n","url":"https:\/\/www.fiscalia.gov.co\/colombia\/","logo":{"@type":"ImageObject","inLanguage":"es-CO","@id":"https:\/\/www.fiscalia.gov.co\/colombia\/#\/schema\/logo\/image\/","url":"https:\/\/www.fiscalia.gov.co\/colombia\/wp-content\/uploads\/LogoHorizontal_1.jpg","contentUrl":"https:\/\/www.fiscalia.gov.co\/colombia\/wp-content\/uploads\/LogoHorizontal_1.jpg","width":300,"height":90,"caption":"Fiscal\u00eda General de la Naci\u00f3n"},"image":{"@id":"https:\/\/www.fiscalia.gov.co\/colombia\/#\/schema\/logo\/image\/"},"sameAs":["https:\/\/www.facebook.com\/FiscaliaCol","https:\/\/x.com\/FiscaliaCol","https:\/\/www.instagram.com\/fiscaliacol","https:\/\/www.linkedin.com\/company\/fiscalia-general-de-la-naci-n\/","https:\/\/youtube.com\/@fiscaliageneraldelanacion-4668?si=6nN79nyQICPU5iTh"]},{"@type":"Person","@id":"https:\/\/www.fiscalia.gov.co\/colombia\/#\/schema\/person\/2440fe3a4bf7444850658578d6d6f0c6","name":"Maira Giraldo","image":{"@type":"ImageObject","inLanguage":"es-CO","@id":"https:\/\/www.fiscalia.gov.co\/colombia\/#\/schema\/person\/image\/","url":"https:\/\/secure.gravatar.com\/avatar\/7cd6b2b23627545037c8b4da5ea379fc?s=96&d=mm&r=g","contentUrl":"https:\/\/secure.gravatar.com\/avatar\/7cd6b2b23627545037c8b4da5ea379fc?s=96&d=mm&r=g","caption":"Maira Giraldo"},"url":"https:\/\/www.fiscalia.gov.co\/colombia\/author\/mgiraldo\/"}]}},"_links":{"self":[{"href":"https:\/\/www.fiscalia.gov.co\/colombia\/wp-json\/wp\/v2\/posts\/203409","targetHints":{"allow":["GET"]}}],"collection":[{"href":"https:\/\/www.fiscalia.gov.co\/colombia\/wp-json\/wp\/v2\/posts"}],"about":[{"href":"https:\/\/www.fiscalia.gov.co\/colombia\/wp-json\/wp\/v2\/types\/post"}],"author":[{"embeddable":true,"href":"https:\/\/www.fiscalia.gov.co\/colombia\/wp-json\/wp\/v2\/users\/167"}],"replies":[{"embeddable":true,"href":"https:\/\/www.fiscalia.gov.co\/colombia\/wp-json\/wp\/v2\/comments?post=203409"}],"version-history":[{"count":3,"href":"https:\/\/www.fiscalia.gov.co\/colombia\/wp-json\/wp\/v2\/posts\/203409\/revisions"}],"predecessor-version":[{"id":203439,"href":"https:\/\/www.fiscalia.gov.co\/colombia\/wp-json\/wp\/v2\/posts\/203409\/revisions\/203439"}],"wp:attachment":[{"href":"https:\/\/www.fiscalia.gov.co\/colombia\/wp-json\/wp\/v2\/media?parent=203409"}],"wp:term":[{"taxonomy":"category","embeddable":true,"href":"https:\/\/www.fiscalia.gov.co\/colombia\/wp-json\/wp\/v2\/categories?post=203409"},{"taxonomy":"post_tag","embeddable":true,"href":"https:\/\/www.fiscalia.gov.co\/colombia\/wp-json\/wp\/v2\/tags?post=203409"}],"curies":[{"name":"wp","href":"https:\/\/api.w.org\/{rel}","templated":true}]}}