{"id":203115,"date":"2020-10-06T12:50:05","date_gmt":"2020-10-06T17:50:05","guid":{"rendered":"https:\/\/www.fiscalia.gov.co\/colombia\/?p=203115"},"modified":"2020-10-06T12:57:57","modified_gmt":"2020-10-06T17:57:57","slug":"a-la-carcel-hombre-investigado-por-atentado-con-explosivos-que-dejo-4-heridos-en-la-apartada-cordoba","status":"publish","type":"post","link":"https:\/\/www.fiscalia.gov.co\/colombia\/seccionales\/a-la-carcel-hombre-investigado-por-atentado-con-explosivos-que-dejo-4-heridos-en-la-apartada-cordoba\/","title":{"rendered":"A la c\u00e1rcel hombre investigado por atentado con explosivos que dej\u00f3 4 heridos en la Apartada (C\u00f3rdoba)"},"content":{"rendered":"<h4><img loading=\"lazy\" decoding=\"async\" class=\"wp-image-203125 alignleft\" src=\"https:\/\/www.fiscalia.gov.co\/colombia\/wp-content\/uploads\/Atentado-La-Apartada-768x1024.jpeg\" alt=\"\" width=\"413\" height=\"551\" srcset=\"https:\/\/www.fiscalia.gov.co\/colombia\/wp-content\/uploads\/Atentado-La-Apartada-768x1024.jpeg 768w, https:\/\/www.fiscalia.gov.co\/colombia\/wp-content\/uploads\/Atentado-La-Apartada-225x300.jpeg 225w, https:\/\/www.fiscalia.gov.co\/colombia\/wp-content\/uploads\/Atentado-La-Apartada-696x928.jpeg 696w, https:\/\/www.fiscalia.gov.co\/colombia\/wp-content\/uploads\/Atentado-La-Apartada-315x420.jpeg 315w, https:\/\/www.fiscalia.gov.co\/colombia\/wp-content\/uploads\/Atentado-La-Apartada.jpeg 960w\" sizes=\"auto, (max-width: 413px) 100vw, 413px\" \/><\/h4>\n<h4 style=\"text-align: left;\"><strong><em>El hombre tambi\u00e9n es investigado por el homicidio de una mujer en Caucasia (Antioquia)<\/em><\/strong><\/h4>\n<p>De acuerdo con los lineamientos trazados por el fiscal general de la naci\u00f3n Francisco Barbosa Delgado, en aquellas zonas como el bajo cauca antioque\u00f1o donde hay presencia de la macro criminalidad y donde se atenta contra la vida de defensores de derechos humanos, l\u00edderes sociales y reincorporados, <strong>la Fiscal\u00eda General de la Naci\u00f3n<\/strong> trabajar\u00e1 de manera conjunta con servidores de la <strong>Unidad Especial de Investigaci\u00f3n (UEI)<\/strong>, <strong>Derechos Humanos, Direcci\u00f3n Nacional Contra Organizaciones Criminales y Seguridad Ciudadana. <\/strong><\/p>\n<p>Estos equipos contar\u00e1n con el apoyo humano y t\u00e9cnico de los diferentes organismos con funciones de polic\u00eda judicial.<\/p>\n<p>En cumplimiento a estas nuevas directrices, ya se est\u00e1 trabajando en el esclarecimiento de varios hechos delictivos cometidos por organizaciones criminales como <strong>el Clan del Golfo, los Caparros, ELN y las disidencias en el Bajo Cauca antique\u00f1o y el sur del departamento de C\u00f3rdoba.<\/strong><\/p>\n<p>Uno de los casos sucedi\u00f3\u00a0el 7 de diciembre del a\u00f1o 2019 cuando desconocidos lanzaron una granada de fragmentaci\u00f3n contra una tienda ubicada en zona urbana del <strong>municipio de la Apartada (C\u00f3rdoba) y lesionaron de gravedad a los adultos Manuel Alberto Molina, Sara de Jes\u00fas Venta Su\u00e1rez, Gladis Mar\u00eda Venta Su\u00e1rez y a un menor de 2 a\u00f1os de edad.\u00a0<\/strong><\/p>\n<p>Por esos hechos la <strong>Fiscal\u00eda General de la Naci\u00f3n<\/strong> obtuvo medida de aseguramiento en centro carcelario contra <strong>Yeison Estid Mar\u00edn Orrego, alias Rayo, de 36 a\u00f1os de edad,<\/strong> por los delitos de <strong>concierto para delinquir en calidad de cabecilla, homicidio, tentativa de homicidio, porte ilegal de armas de fuego de defensa personal y de uso privativo de las fuerzas militares y terrorismo.<\/strong><strong>\u00a0<\/strong><\/p>\n<p>Asimismo a <strong>Mar\u00edn Orrego<\/strong> \u00a0se le imputaron cargos por el homicidio de <strong>Juliana Muriel S\u00e1nchez de, 22 a\u00f1os de edad,<\/strong> cuyo cuerpo en estado de descomposici\u00f3n fue rescatado de las aguas del <strong>R\u00edo Cauca a la altura del sector El Ferri, municipio de Caucasia (Antioquia).<\/strong><\/p>\n<p>De acuerdo con las investigaciones adelantadas por fiscales de la <strong>Direcci\u00f3n Seccional de Fiscal\u00edas de Antioquia\u00a0y\u00a0la Direcci\u00f3n Especializada Contra las Organizaciones criminales de la ciudad de Monter\u00eda<\/strong>,\u00a0\u00a0ambos hechos delictivos fueron cometidos por miembros del <strong>GAO \u2018Los Caparros\u2019<\/strong> que delinquen en el bajo <strong>Cauca antioque\u00f1o y el sur de C\u00f3rdoba.<\/strong><\/p>\n<p><strong>Alias \u2018Rayo\u2019<\/strong> fue capturado por <strong>la Polic\u00eda Nacional en el municipio de Sabaneta (Antioquia)<\/strong> y acept\u00f3 la totalidad de los cargos imputados.<\/p>\n<p>La Fiscal\u00eda hace p\u00fablica esta informaci\u00f3n por razones de inter\u00e9s general.<\/p>\n<p>LFML\/MG<\/p>\n\n<div class=\"twitter-share\"><a href=\"https:\/\/twitter.com\/intent\/tweet?via=fiscaliacol\" class=\"twitter-share-button\">Tweet<\/a><\/div>\n","protected":false},"excerpt":{"rendered":"<p>El hombre tambi\u00e9n es investigado por el homicidio de una mujer en Caucasia (Antioquia) De acuerdo con los lineamientos trazados por el fiscal general de la naci\u00f3n Francisco Barbosa Delgado, en aquellas zonas como el bajo cauca antioque\u00f1o donde hay presencia de la macro criminalidad y donde se atenta contra la vida de defensores de [&hellip;]<\/p>\n","protected":false},"author":167,"featured_media":0,"comment_status":"closed","ping_status":"open","sticky":false,"template":"","format":"standard","meta":{"_price":"","_stock":"","_tribe_ticket_header":"","_tribe_default_ticket_provider":"","_tribe_ticket_capacity":"0","_ticket_start_date":"","_ticket_end_date":"","_tribe_ticket_show_description":"","_tribe_ticket_show_not_going":false,"_tribe_ticket_use_global_stock":"","_tribe_ticket_global_stock_level":"","_global_stock_mode":"","_global_stock_cap":"","_tribe_rsvp_for_event":"","_tribe_ticket_going_count":"","_tribe_ticket_not_going_count":"","_tribe_tickets_list":"[]","_tribe_ticket_has_attendee_info_fields":false,"tdm_status":"","tdm_grid_status":"","footnotes":""},"categories":[318,303,24099],"tags":[],"class_list":{"0":"post-203115","1":"post","2":"type-post","3":"status-publish","4":"format-standard","6":"category-seccional-antioquia","7":"category-seccionales","8":"category-seguridad-territorial"},"yoast_head":"<!-- This site is optimized with the Yoast SEO plugin v24.3 - https:\/\/yoast.com\/wordpress\/plugins\/seo\/ -->\n<title>Fiscal\u00eda General de la Naci\u00f3n<\/title>\n<meta name=\"description\" content=\"P\u00e1gina oficial de la Fiscal\u00eda General de la Naci\u00f3n \u2013 Colombia. Garantizamos el acceso efectivo a la justicia, la verdad y la reparaci\u00f3n de las v\u00edctimas de los delitos.\" \/>\n<meta name=\"robots\" content=\"noindex, follow\" \/>\n<meta property=\"og:locale\" content=\"es_ES\" \/>\n<meta property=\"og:type\" content=\"article\" \/>\n<meta property=\"og:title\" content=\"Fiscal\u00eda General de la Naci\u00f3n\" \/>\n<meta property=\"og:description\" content=\"P\u00e1gina oficial de la Fiscal\u00eda General de la Naci\u00f3n \u2013 Colombia. Garantizamos el acceso efectivo a la justicia, la verdad y la reparaci\u00f3n de las v\u00edctimas de los delitos.\" \/>\n<meta property=\"og:url\" content=\"https:\/\/www.fiscalia.gov.co\/colombia\/seccionales\/a-la-carcel-hombre-investigado-por-atentado-con-explosivos-que-dejo-4-heridos-en-la-apartada-cordoba\/\" \/>\n<meta property=\"og:site_name\" content=\"Fiscal\u00eda General de la Naci\u00f3n\" \/>\n<meta property=\"article:publisher\" content=\"https:\/\/www.facebook.com\/FiscaliaCol\" \/>\n<meta property=\"article:published_time\" content=\"2020-10-06T17:50:05+00:00\" \/>\n<meta property=\"article:modified_time\" content=\"2020-10-06T17:57:57+00:00\" \/>\n<meta property=\"og:image\" content=\"https:\/\/www.fiscalia.gov.co\/colombia\/wp-content\/uploads\/Atentado-La-Apartada-768x1024.jpeg\" \/>\n<meta name=\"author\" content=\"Maira Giraldo\" \/>\n<meta name=\"twitter:card\" content=\"summary_large_image\" \/>\n<meta name=\"twitter:creator\" content=\"@FiscaliaCol\" \/>\n<meta name=\"twitter:site\" content=\"@FiscaliaCol\" \/>\n<meta name=\"twitter:label1\" content=\"Escrito por\" \/>\n\t<meta name=\"twitter:data1\" content=\"Maira Giraldo\" \/>\n\t<meta name=\"twitter:label2\" content=\"Tiempo de lectura\" \/>\n\t<meta name=\"twitter:data2\" content=\"2 minutos\" \/>\n<script type=\"application\/ld+json\" class=\"yoast-schema-graph\">{\"@context\":\"https:\/\/schema.org\",\"@graph\":[{\"@type\":\"Article\",\"@id\":\"https:\/\/www.fiscalia.gov.co\/colombia\/seccionales\/a-la-carcel-hombre-investigado-por-atentado-con-explosivos-que-dejo-4-heridos-en-la-apartada-cordoba\/#article\",\"isPartOf\":{\"@id\":\"https:\/\/www.fiscalia.gov.co\/colombia\/seccionales\/a-la-carcel-hombre-investigado-por-atentado-con-explosivos-que-dejo-4-heridos-en-la-apartada-cordoba\/\"},\"author\":{\"name\":\"Maira Giraldo\",\"@id\":\"https:\/\/www.fiscalia.gov.co\/colombia\/#\/schema\/person\/2440fe3a4bf7444850658578d6d6f0c6\"},\"headline\":\"A la c\u00e1rcel hombre investigado por atentado con explosivos que dej\u00f3 4 heridos en la Apartada (C\u00f3rdoba)\",\"datePublished\":\"2020-10-06T17:50:05+00:00\",\"dateModified\":\"2020-10-06T17:57:57+00:00\",\"mainEntityOfPage\":{\"@id\":\"https:\/\/www.fiscalia.gov.co\/colombia\/seccionales\/a-la-carcel-hombre-investigado-por-atentado-con-explosivos-que-dejo-4-heridos-en-la-apartada-cordoba\/\"},\"wordCount\":460,\"publisher\":{\"@id\":\"https:\/\/www.fiscalia.gov.co\/colombia\/#organization\"},\"image\":{\"@id\":\"https:\/\/www.fiscalia.gov.co\/colombia\/seccionales\/a-la-carcel-hombre-investigado-por-atentado-con-explosivos-que-dejo-4-heridos-en-la-apartada-cordoba\/#primaryimage\"},\"thumbnailUrl\":\"https:\/\/www.fiscalia.gov.co\/colombia\/wp-content\/uploads\/Atentado-La-Apartada-768x1024.jpeg\",\"articleSection\":[\"Seccional Antioquia\",\"Seccionales\",\"Seguridad territorial\"],\"inLanguage\":\"es-CO\"},{\"@type\":\"WebPage\",\"@id\":\"https:\/\/www.fiscalia.gov.co\/colombia\/seccionales\/a-la-carcel-hombre-investigado-por-atentado-con-explosivos-que-dejo-4-heridos-en-la-apartada-cordoba\/\",\"url\":\"https:\/\/www.fiscalia.gov.co\/colombia\/seccionales\/a-la-carcel-hombre-investigado-por-atentado-con-explosivos-que-dejo-4-heridos-en-la-apartada-cordoba\/\",\"name\":\"Fiscal\u00eda General de la Naci\u00f3n\",\"isPartOf\":{\"@id\":\"https:\/\/www.fiscalia.gov.co\/colombia\/#website\"},\"primaryImageOfPage\":{\"@id\":\"https:\/\/www.fiscalia.gov.co\/colombia\/seccionales\/a-la-carcel-hombre-investigado-por-atentado-con-explosivos-que-dejo-4-heridos-en-la-apartada-cordoba\/#primaryimage\"},\"image\":{\"@id\":\"https:\/\/www.fiscalia.gov.co\/colombia\/seccionales\/a-la-carcel-hombre-investigado-por-atentado-con-explosivos-que-dejo-4-heridos-en-la-apartada-cordoba\/#primaryimage\"},\"thumbnailUrl\":\"https:\/\/www.fiscalia.gov.co\/colombia\/wp-content\/uploads\/Atentado-La-Apartada-768x1024.jpeg\",\"datePublished\":\"2020-10-06T17:50:05+00:00\",\"dateModified\":\"2020-10-06T17:57:57+00:00\",\"description\":\"P\u00e1gina oficial de la Fiscal\u00eda General de la Naci\u00f3n \u2013 Colombia. Garantizamos el acceso efectivo a la justicia, la verdad y la reparaci\u00f3n de las v\u00edctimas de los delitos.\",\"breadcrumb\":{\"@id\":\"https:\/\/www.fiscalia.gov.co\/colombia\/seccionales\/a-la-carcel-hombre-investigado-por-atentado-con-explosivos-que-dejo-4-heridos-en-la-apartada-cordoba\/#breadcrumb\"},\"inLanguage\":\"es-CO\",\"potentialAction\":[{\"@type\":\"ReadAction\",\"target\":[\"https:\/\/www.fiscalia.gov.co\/colombia\/seccionales\/a-la-carcel-hombre-investigado-por-atentado-con-explosivos-que-dejo-4-heridos-en-la-apartada-cordoba\/\"]}]},{\"@type\":\"ImageObject\",\"inLanguage\":\"es-CO\",\"@id\":\"https:\/\/www.fiscalia.gov.co\/colombia\/seccionales\/a-la-carcel-hombre-investigado-por-atentado-con-explosivos-que-dejo-4-heridos-en-la-apartada-cordoba\/#primaryimage\",\"url\":\"https:\/\/www.fiscalia.gov.co\/colombia\/wp-content\/uploads\/Atentado-La-Apartada-768x1024.jpeg\",\"contentUrl\":\"https:\/\/www.fiscalia.gov.co\/colombia\/wp-content\/uploads\/Atentado-La-Apartada-768x1024.jpeg\"},{\"@type\":\"BreadcrumbList\",\"@id\":\"https:\/\/www.fiscalia.gov.co\/colombia\/seccionales\/a-la-carcel-hombre-investigado-por-atentado-con-explosivos-que-dejo-4-heridos-en-la-apartada-cordoba\/#breadcrumb\",\"itemListElement\":[{\"@type\":\"ListItem\",\"position\":1,\"name\":\"Home\",\"item\":\"https:\/\/www.fiscalia.gov.co\/colombia\/\"},{\"@type\":\"ListItem\",\"position\":2,\"name\":\"A la c\u00e1rcel hombre investigado por atentado con explosivos que dej\u00f3 4 heridos en la Apartada (C\u00f3rdoba)\"}]},{\"@type\":\"WebSite\",\"@id\":\"https:\/\/www.fiscalia.gov.co\/colombia\/#website\",\"url\":\"https:\/\/www.fiscalia.gov.co\/colombia\/\",\"name\":\"Fiscal\u00eda General de la Naci\u00f3n\",\"description\":\"P\u00e1gina oficial de la Fiscal\u00eda General de la Naci\u00f3n \u2013 Colombia. Garantizamos el acceso efectivo a la justicia, la verdad y la reparaci\u00f3n de las v\u00edctimas de los delitos.\",\"publisher\":{\"@id\":\"https:\/\/www.fiscalia.gov.co\/colombia\/#organization\"},\"potentialAction\":[{\"@type\":\"SearchAction\",\"target\":{\"@type\":\"EntryPoint\",\"urlTemplate\":\"https:\/\/www.fiscalia.gov.co\/colombia\/?s={search_term_string}\"},\"query-input\":{\"@type\":\"PropertyValueSpecification\",\"valueRequired\":true,\"valueName\":\"search_term_string\"}}],\"inLanguage\":\"es-CO\"},{\"@type\":\"Organization\",\"@id\":\"https:\/\/www.fiscalia.gov.co\/colombia\/#organization\",\"name\":\"Fiscal\u00eda General de la Naci\u00f3n\",\"url\":\"https:\/\/www.fiscalia.gov.co\/colombia\/\",\"logo\":{\"@type\":\"ImageObject\",\"inLanguage\":\"es-CO\",\"@id\":\"https:\/\/www.fiscalia.gov.co\/colombia\/#\/schema\/logo\/image\/\",\"url\":\"https:\/\/www.fiscalia.gov.co\/colombia\/wp-content\/uploads\/LogoHorizontal_1.jpg\",\"contentUrl\":\"https:\/\/www.fiscalia.gov.co\/colombia\/wp-content\/uploads\/LogoHorizontal_1.jpg\",\"width\":300,\"height\":90,\"caption\":\"Fiscal\u00eda General de la Naci\u00f3n\"},\"image\":{\"@id\":\"https:\/\/www.fiscalia.gov.co\/colombia\/#\/schema\/logo\/image\/\"},\"sameAs\":[\"https:\/\/www.facebook.com\/FiscaliaCol\",\"https:\/\/x.com\/FiscaliaCol\",\"https:\/\/www.instagram.com\/fiscaliacol\",\"https:\/\/www.linkedin.com\/company\/fiscalia-general-de-la-naci-n\/\",\"https:\/\/youtube.com\/@fiscaliageneraldelanacion-4668?si=6nN79nyQICPU5iTh\"]},{\"@type\":\"Person\",\"@id\":\"https:\/\/www.fiscalia.gov.co\/colombia\/#\/schema\/person\/2440fe3a4bf7444850658578d6d6f0c6\",\"name\":\"Maira Giraldo\",\"image\":{\"@type\":\"ImageObject\",\"inLanguage\":\"es-CO\",\"@id\":\"https:\/\/www.fiscalia.gov.co\/colombia\/#\/schema\/person\/image\/\",\"url\":\"https:\/\/secure.gravatar.com\/avatar\/7cd6b2b23627545037c8b4da5ea379fc?s=96&d=mm&r=g\",\"contentUrl\":\"https:\/\/secure.gravatar.com\/avatar\/7cd6b2b23627545037c8b4da5ea379fc?s=96&d=mm&r=g\",\"caption\":\"Maira Giraldo\"},\"url\":\"https:\/\/www.fiscalia.gov.co\/colombia\/author\/mgiraldo\/\"}]}<\/script>\n<!-- \/ Yoast SEO plugin. -->","yoast_head_json":{"title":"Fiscal\u00eda General de la Naci\u00f3n","description":"P\u00e1gina oficial de la Fiscal\u00eda General de la Naci\u00f3n \u2013 Colombia. Garantizamos el acceso efectivo a la justicia, la verdad y la reparaci\u00f3n de las v\u00edctimas de los delitos.","robots":{"index":"noindex","follow":"follow"},"og_locale":"es_ES","og_type":"article","og_title":"Fiscal\u00eda General de la Naci\u00f3n","og_description":"P\u00e1gina oficial de la Fiscal\u00eda General de la Naci\u00f3n \u2013 Colombia. Garantizamos el acceso efectivo a la justicia, la verdad y la reparaci\u00f3n de las v\u00edctimas de los delitos.","og_url":"https:\/\/www.fiscalia.gov.co\/colombia\/seccionales\/a-la-carcel-hombre-investigado-por-atentado-con-explosivos-que-dejo-4-heridos-en-la-apartada-cordoba\/","og_site_name":"Fiscal\u00eda General de la Naci\u00f3n","article_publisher":"https:\/\/www.facebook.com\/FiscaliaCol","article_published_time":"2020-10-06T17:50:05+00:00","article_modified_time":"2020-10-06T17:57:57+00:00","og_image":[{"url":"https:\/\/www.fiscalia.gov.co\/colombia\/wp-content\/uploads\/Atentado-La-Apartada-768x1024.jpeg","type":"","width":"","height":""}],"author":"Maira Giraldo","twitter_card":"summary_large_image","twitter_creator":"@FiscaliaCol","twitter_site":"@FiscaliaCol","twitter_misc":{"Escrito por":"Maira Giraldo","Tiempo de lectura":"2 minutos"},"schema":{"@context":"https:\/\/schema.org","@graph":[{"@type":"Article","@id":"https:\/\/www.fiscalia.gov.co\/colombia\/seccionales\/a-la-carcel-hombre-investigado-por-atentado-con-explosivos-que-dejo-4-heridos-en-la-apartada-cordoba\/#article","isPartOf":{"@id":"https:\/\/www.fiscalia.gov.co\/colombia\/seccionales\/a-la-carcel-hombre-investigado-por-atentado-con-explosivos-que-dejo-4-heridos-en-la-apartada-cordoba\/"},"author":{"name":"Maira Giraldo","@id":"https:\/\/www.fiscalia.gov.co\/colombia\/#\/schema\/person\/2440fe3a4bf7444850658578d6d6f0c6"},"headline":"A la c\u00e1rcel hombre investigado por atentado con explosivos que dej\u00f3 4 heridos en la Apartada (C\u00f3rdoba)","datePublished":"2020-10-06T17:50:05+00:00","dateModified":"2020-10-06T17:57:57+00:00","mainEntityOfPage":{"@id":"https:\/\/www.fiscalia.gov.co\/colombia\/seccionales\/a-la-carcel-hombre-investigado-por-atentado-con-explosivos-que-dejo-4-heridos-en-la-apartada-cordoba\/"},"wordCount":460,"publisher":{"@id":"https:\/\/www.fiscalia.gov.co\/colombia\/#organization"},"image":{"@id":"https:\/\/www.fiscalia.gov.co\/colombia\/seccionales\/a-la-carcel-hombre-investigado-por-atentado-con-explosivos-que-dejo-4-heridos-en-la-apartada-cordoba\/#primaryimage"},"thumbnailUrl":"https:\/\/www.fiscalia.gov.co\/colombia\/wp-content\/uploads\/Atentado-La-Apartada-768x1024.jpeg","articleSection":["Seccional Antioquia","Seccionales","Seguridad territorial"],"inLanguage":"es-CO"},{"@type":"WebPage","@id":"https:\/\/www.fiscalia.gov.co\/colombia\/seccionales\/a-la-carcel-hombre-investigado-por-atentado-con-explosivos-que-dejo-4-heridos-en-la-apartada-cordoba\/","url":"https:\/\/www.fiscalia.gov.co\/colombia\/seccionales\/a-la-carcel-hombre-investigado-por-atentado-con-explosivos-que-dejo-4-heridos-en-la-apartada-cordoba\/","name":"Fiscal\u00eda General de la Naci\u00f3n","isPartOf":{"@id":"https:\/\/www.fiscalia.gov.co\/colombia\/#website"},"primaryImageOfPage":{"@id":"https:\/\/www.fiscalia.gov.co\/colombia\/seccionales\/a-la-carcel-hombre-investigado-por-atentado-con-explosivos-que-dejo-4-heridos-en-la-apartada-cordoba\/#primaryimage"},"image":{"@id":"https:\/\/www.fiscalia.gov.co\/colombia\/seccionales\/a-la-carcel-hombre-investigado-por-atentado-con-explosivos-que-dejo-4-heridos-en-la-apartada-cordoba\/#primaryimage"},"thumbnailUrl":"https:\/\/www.fiscalia.gov.co\/colombia\/wp-content\/uploads\/Atentado-La-Apartada-768x1024.jpeg","datePublished":"2020-10-06T17:50:05+00:00","dateModified":"2020-10-06T17:57:57+00:00","description":"P\u00e1gina oficial de la Fiscal\u00eda General de la Naci\u00f3n \u2013 Colombia. Garantizamos el acceso efectivo a la justicia, la verdad y la reparaci\u00f3n de las v\u00edctimas de los delitos.","breadcrumb":{"@id":"https:\/\/www.fiscalia.gov.co\/colombia\/seccionales\/a-la-carcel-hombre-investigado-por-atentado-con-explosivos-que-dejo-4-heridos-en-la-apartada-cordoba\/#breadcrumb"},"inLanguage":"es-CO","potentialAction":[{"@type":"ReadAction","target":["https:\/\/www.fiscalia.gov.co\/colombia\/seccionales\/a-la-carcel-hombre-investigado-por-atentado-con-explosivos-que-dejo-4-heridos-en-la-apartada-cordoba\/"]}]},{"@type":"ImageObject","inLanguage":"es-CO","@id":"https:\/\/www.fiscalia.gov.co\/colombia\/seccionales\/a-la-carcel-hombre-investigado-por-atentado-con-explosivos-que-dejo-4-heridos-en-la-apartada-cordoba\/#primaryimage","url":"https:\/\/www.fiscalia.gov.co\/colombia\/wp-content\/uploads\/Atentado-La-Apartada-768x1024.jpeg","contentUrl":"https:\/\/www.fiscalia.gov.co\/colombia\/wp-content\/uploads\/Atentado-La-Apartada-768x1024.jpeg"},{"@type":"BreadcrumbList","@id":"https:\/\/www.fiscalia.gov.co\/colombia\/seccionales\/a-la-carcel-hombre-investigado-por-atentado-con-explosivos-que-dejo-4-heridos-en-la-apartada-cordoba\/#breadcrumb","itemListElement":[{"@type":"ListItem","position":1,"name":"Home","item":"https:\/\/www.fiscalia.gov.co\/colombia\/"},{"@type":"ListItem","position":2,"name":"A la c\u00e1rcel hombre investigado por atentado con explosivos que dej\u00f3 4 heridos en la Apartada (C\u00f3rdoba)"}]},{"@type":"WebSite","@id":"https:\/\/www.fiscalia.gov.co\/colombia\/#website","url":"https:\/\/www.fiscalia.gov.co\/colombia\/","name":"Fiscal\u00eda General de la Naci\u00f3n","description":"P\u00e1gina oficial de la Fiscal\u00eda General de la Naci\u00f3n \u2013 Colombia. Garantizamos el acceso efectivo a la justicia, la verdad y la reparaci\u00f3n de las v\u00edctimas de los delitos.","publisher":{"@id":"https:\/\/www.fiscalia.gov.co\/colombia\/#organization"},"potentialAction":[{"@type":"SearchAction","target":{"@type":"EntryPoint","urlTemplate":"https:\/\/www.fiscalia.gov.co\/colombia\/?s={search_term_string}"},"query-input":{"@type":"PropertyValueSpecification","valueRequired":true,"valueName":"search_term_string"}}],"inLanguage":"es-CO"},{"@type":"Organization","@id":"https:\/\/www.fiscalia.gov.co\/colombia\/#organization","name":"Fiscal\u00eda General de la Naci\u00f3n","url":"https:\/\/www.fiscalia.gov.co\/colombia\/","logo":{"@type":"ImageObject","inLanguage":"es-CO","@id":"https:\/\/www.fiscalia.gov.co\/colombia\/#\/schema\/logo\/image\/","url":"https:\/\/www.fiscalia.gov.co\/colombia\/wp-content\/uploads\/LogoHorizontal_1.jpg","contentUrl":"https:\/\/www.fiscalia.gov.co\/colombia\/wp-content\/uploads\/LogoHorizontal_1.jpg","width":300,"height":90,"caption":"Fiscal\u00eda General de la Naci\u00f3n"},"image":{"@id":"https:\/\/www.fiscalia.gov.co\/colombia\/#\/schema\/logo\/image\/"},"sameAs":["https:\/\/www.facebook.com\/FiscaliaCol","https:\/\/x.com\/FiscaliaCol","https:\/\/www.instagram.com\/fiscaliacol","https:\/\/www.linkedin.com\/company\/fiscalia-general-de-la-naci-n\/","https:\/\/youtube.com\/@fiscaliageneraldelanacion-4668?si=6nN79nyQICPU5iTh"]},{"@type":"Person","@id":"https:\/\/www.fiscalia.gov.co\/colombia\/#\/schema\/person\/2440fe3a4bf7444850658578d6d6f0c6","name":"Maira Giraldo","image":{"@type":"ImageObject","inLanguage":"es-CO","@id":"https:\/\/www.fiscalia.gov.co\/colombia\/#\/schema\/person\/image\/","url":"https:\/\/secure.gravatar.com\/avatar\/7cd6b2b23627545037c8b4da5ea379fc?s=96&d=mm&r=g","contentUrl":"https:\/\/secure.gravatar.com\/avatar\/7cd6b2b23627545037c8b4da5ea379fc?s=96&d=mm&r=g","caption":"Maira Giraldo"},"url":"https:\/\/www.fiscalia.gov.co\/colombia\/author\/mgiraldo\/"}]}},"_links":{"self":[{"href":"https:\/\/www.fiscalia.gov.co\/colombia\/wp-json\/wp\/v2\/posts\/203115","targetHints":{"allow":["GET"]}}],"collection":[{"href":"https:\/\/www.fiscalia.gov.co\/colombia\/wp-json\/wp\/v2\/posts"}],"about":[{"href":"https:\/\/www.fiscalia.gov.co\/colombia\/wp-json\/wp\/v2\/types\/post"}],"author":[{"embeddable":true,"href":"https:\/\/www.fiscalia.gov.co\/colombia\/wp-json\/wp\/v2\/users\/167"}],"replies":[{"embeddable":true,"href":"https:\/\/www.fiscalia.gov.co\/colombia\/wp-json\/wp\/v2\/comments?post=203115"}],"version-history":[{"count":2,"href":"https:\/\/www.fiscalia.gov.co\/colombia\/wp-json\/wp\/v2\/posts\/203115\/revisions"}],"predecessor-version":[{"id":203126,"href":"https:\/\/www.fiscalia.gov.co\/colombia\/wp-json\/wp\/v2\/posts\/203115\/revisions\/203126"}],"wp:attachment":[{"href":"https:\/\/www.fiscalia.gov.co\/colombia\/wp-json\/wp\/v2\/media?parent=203115"}],"wp:term":[{"taxonomy":"category","embeddable":true,"href":"https:\/\/www.fiscalia.gov.co\/colombia\/wp-json\/wp\/v2\/categories?post=203115"},{"taxonomy":"post_tag","embeddable":true,"href":"https:\/\/www.fiscalia.gov.co\/colombia\/wp-json\/wp\/v2\/tags?post=203115"}],"curies":[{"name":"wp","href":"https:\/\/api.w.org\/{rel}","templated":true}]}}