{"id":202838,"date":"2020-09-30T20:18:58","date_gmt":"2020-10-01T01:18:58","guid":{"rendered":"https:\/\/www.fiscalia.gov.co\/colombia\/?p=202838"},"modified":"2020-09-30T20:18:58","modified_gmt":"2020-10-01T01:18:58","slug":"juez-envio-a-la-carcel-a-13-presuntos-integrantes-de-la-banda-betania-que-delinquiria-en-la-comuna-trece","status":"publish","type":"post","link":"https:\/\/www.fiscalia.gov.co\/colombia\/noticias\/juez-envio-a-la-carcel-a-13-presuntos-integrantes-de-la-banda-betania-que-delinquiria-en-la-comuna-trece\/","title":{"rendered":"Juez envi\u00f3 a la c\u00e1rcel a 13 presuntos integrantes de la banda Betania que delinquir\u00eda en la Comuna Trece"},"content":{"rendered":"<blockquote class=\"td_quote_box td_box_center\">\n<h4 style=\"text-align: left;\"><em><strong>Los detenidos para sustentar su acci\u00f3n criminal extorsionar\u00edan a conductores, comerciantes y transportadores de alimentos y, al parecer, amenazar\u00edan de muerte a las personas que los denunciaban para obligarlos a dejar sus viviendas.<\/strong> <\/em><\/h4>\n<\/blockquote>\n<p>Bajo la coordinaci\u00f3n de la Fiscal\u00eda 67 de la Direcci\u00f3n contra el Crimen Organizado de Medell\u00edn, integrantes del Gaula y comandos operativos de seguridad ciudadana de la Polic\u00eda Metropolitana del Valle de Aburr\u00e1 adelantaron simult\u00e1neamente en distintos barrios de la Comuna Trece de esta ciudad la \u201c<strong><em>Operaci\u00f3n Fara\u00f3n\u201d, <\/em><\/strong>que logr\u00f3 la desarticulaci\u00f3n del grupo delincuencial \u201cBetania\u201d y permiti\u00f3 la captura de 13 personas, once de ellas por una orden judicial y dos m\u00e1s en flagrancia.<\/p>\n<p>Los capturados, presuntamente, se dedicar\u00edan a la venta al menudeo de marihuana y coca\u00edna y, al parecer, <strong><em>exig\u00edan un impuesto<\/em><\/strong> a los comerciantes, conductores, transportadores de alimentos, constructores de vivienda y toda persona que manejara dinero en efectivo. Con este resultado, la Fiscal\u00eda esclarecer\u00eda 13 casos de extorsi\u00f3n denunciados en la zona.<\/p>\n<p>Seg\u00fan las investigaciones adelantadas por la Fiscal\u00eda, los indiciados tambi\u00e9n estar\u00edan involucrados en amenazas y desplazamiento forzado de l\u00edderes barriales, deportivos o personas que denunciar\u00edan sus actividades il\u00edcitas en los barrios Belencito, Belencito Coraz\u00f3n, Villa Laura, Betania, La Am\u00e9rica y Barrio Crist\u00f3bal de la Comuna Trece de Medell\u00edn. Al parecer, obligaban a las familias a dejar sus casas, con amenazas de muerte.<\/p>\n<p>En el operativo se realizaron 18 diligencias de allanamiento y registro, logrando la incautaci\u00f3n de 215 dosis de base de coca\u00edna, marihuana, base de coca, seis proveedores para pistola, un proveedor para fusil, munici\u00f3n y equipos de comunicaci\u00f3n.<\/p>\n<p>Los detenidos fueron presentados ante un juez de control de garant\u00edas y se les imput\u00f3 los <strong><em>delitos de concierto para delinquir agravado, extorsi\u00f3n, porte de armas de fuego y tr\u00e1fico de estupefacientes.<\/em><\/strong> El despacho judicial acogi\u00f3 la petici\u00f3n de la Fiscal\u00eda y decret\u00f3<strong><em> medida privativa de la libertad<\/em><\/strong>.<\/p>\n<p>La medida cobij\u00f3 a:\u00a0 Diego Armando Mesa, alias Mancuso o Godie, Jordy Esteban Dique Mart\u00ednez, alias Cale\u00f1o, Juan Camilo Carmona Estrada, alias Flaco, Jeisson Andr\u00e9s P\u00e9rez Bol\u00edvar, alias Yei, Brandon Stiven Riaza G\u00f3mez, alias Jud\u00edo, Andr\u00e9s Fernando Londo\u00f1o Arias, alias El Burro, Cristian Andr\u00e9s Salinas Correa, alias Larva, Yordan Alexis Taborda Casta\u00f1o, alias Yordan, Carlos Andr\u00e9s Ochoa Sierra, alias Bley, Edison Lopera G\u00f3mez, alias Natus, Johan Stiven Castrill\u00f3n Restrepo, alias El Mono, Harold Andrey Parra Vasco y V\u00edctor Alfonso Giraldo Ruda.<\/p>\n<p><strong>Los cabecillas<\/strong><\/p>\n<p>Los <strong><em>tres presuntos jefes<\/em><\/strong> de la banda \u201cBetania\u201d ser\u00edan alias Mancuso, quien al parecer ordenaba extorsiones y desplazamientos forzados; alias El Cale\u00f1o, se\u00f1alado de ser quien ejecutar\u00eda las extorsiones a comerciantes; y alias El Burro, supuesto responsable de materializar homicidios selectivos. Seg\u00fan las autoridades, todos los imputados cuentan con antecedentes penales por microtr\u00e1fico, constre\u00f1imiento ilegal, extorsi\u00f3n, concierto para delinquir, lesiones culposas agravadas y homicidio.<\/p>\n<p>El <strong><em>direccionamiento estrat\u00e9gico<\/em><\/strong> establecido por el Fiscal General de la Naci\u00f3n, Francisco Barbosa Delgado, para combatir todo grupo delincuencial que afecta la seguridad ciudadana, permiti\u00f3 impactar y judicializar a los trece integrantes de la banda Betania.<\/p>\n<p>La Fiscal\u00eda General de la Naci\u00f3n publica la presente informaci\u00f3n por considerarla de inter\u00e9s general.<\/p>\n<p>AG\/MRL<\/p>\n\n<div class=\"twitter-share\"><a href=\"https:\/\/twitter.com\/intent\/tweet?via=fiscaliacol\" class=\"twitter-share-button\">Tweet<\/a><\/div>\n","protected":false},"excerpt":{"rendered":"<p>Los detenidos para sustentar su acci\u00f3n criminal extorsionar\u00edan a conductores, comerciantes y transportadores de alimentos y, al parecer, amenazar\u00edan de muerte a las personas que los denunciaban para obligarlos a [&hellip;]<\/p>\n","protected":false},"author":162,"featured_media":0,"comment_status":"closed","ping_status":"open","sticky":false,"template":"","format":"standard","meta":{"tdm_status":"","tdm_grid_status":"","footnotes":""},"categories":[1],"tags":[],"class_list":["post-202838","post","type-post","status-publish","format-standard","category-noticias"],"yoast_head":"<!-- This site is optimized with the Yoast SEO plugin v24.3 - https:\/\/yoast.com\/wordpress\/plugins\/seo\/ -->\n<title>Fiscal\u00eda General de la Naci\u00f3n<\/title>\n<meta name=\"description\" content=\"P\u00e1gina oficial de la Fiscal\u00eda General de la Naci\u00f3n \u2013 Colombia. Garantizamos el acceso efectivo a la justicia, la verdad y la reparaci\u00f3n de las v\u00edctimas de los delitos.\" \/>\n<meta name=\"robots\" content=\"noindex, follow\" \/>\n<meta property=\"og:locale\" content=\"es_ES\" \/>\n<meta property=\"og:type\" content=\"article\" \/>\n<meta property=\"og:title\" content=\"Fiscal\u00eda General de la Naci\u00f3n\" \/>\n<meta property=\"og:description\" content=\"P\u00e1gina oficial de la Fiscal\u00eda General de la Naci\u00f3n \u2013 Colombia. Garantizamos el acceso efectivo a la justicia, la verdad y la reparaci\u00f3n de las v\u00edctimas de los delitos.\" \/>\n<meta property=\"og:url\" content=\"https:\/\/www.fiscalia.gov.co\/colombia\/noticias\/juez-envio-a-la-carcel-a-13-presuntos-integrantes-de-la-banda-betania-que-delinquiria-en-la-comuna-trece\/\" \/>\n<meta property=\"og:site_name\" content=\"Fiscal\u00eda General de la Naci\u00f3n\" \/>\n<meta property=\"article:publisher\" content=\"https:\/\/www.facebook.com\/FiscaliaCol\" \/>\n<meta property=\"article:published_time\" content=\"2020-10-01T01:18:58+00:00\" \/>\n<meta name=\"author\" content=\"Direcci\u00f3n de Comunicaciones Fiscal\u00eda General de la Naci\u00f3n\" \/>\n<meta name=\"twitter:card\" content=\"summary_large_image\" \/>\n<meta name=\"twitter:creator\" content=\"@FiscaliaCol\" \/>\n<meta name=\"twitter:site\" content=\"@FiscaliaCol\" \/>\n<meta name=\"twitter:label1\" content=\"Escrito por\" \/>\n\t<meta name=\"twitter:data1\" content=\"Direcci\u00f3n de Comunicaciones Fiscal\u00eda General de la Naci\u00f3n\" \/>\n\t<meta name=\"twitter:label2\" content=\"Tiempo de lectura\" \/>\n\t<meta name=\"twitter:data2\" content=\"3 minutos\" \/>\n<script type=\"application\/ld+json\" class=\"yoast-schema-graph\">{\"@context\":\"https:\/\/schema.org\",\"@graph\":[{\"@type\":\"Article\",\"@id\":\"https:\/\/www.fiscalia.gov.co\/colombia\/noticias\/juez-envio-a-la-carcel-a-13-presuntos-integrantes-de-la-banda-betania-que-delinquiria-en-la-comuna-trece\/#article\",\"isPartOf\":{\"@id\":\"https:\/\/www.fiscalia.gov.co\/colombia\/noticias\/juez-envio-a-la-carcel-a-13-presuntos-integrantes-de-la-banda-betania-que-delinquiria-en-la-comuna-trece\/\"},\"author\":{\"name\":\"Direcci\u00f3n de Comunicaciones Fiscal\u00eda General de la Naci\u00f3n\",\"@id\":\"https:\/\/www.fiscalia.gov.co\/colombia\/#\/schema\/person\/bf28d8ae7f1b287bbe3af484b04f43ea\"},\"headline\":\"Juez envi\u00f3 a la c\u00e1rcel a 13 presuntos integrantes de la banda Betania que delinquir\u00eda en la Comuna Trece\",\"datePublished\":\"2020-10-01T01:18:58+00:00\",\"dateModified\":\"2020-10-01T01:18:58+00:00\",\"mainEntityOfPage\":{\"@id\":\"https:\/\/www.fiscalia.gov.co\/colombia\/noticias\/juez-envio-a-la-carcel-a-13-presuntos-integrantes-de-la-banda-betania-que-delinquiria-en-la-comuna-trece\/\"},\"wordCount\":591,\"publisher\":{\"@id\":\"https:\/\/www.fiscalia.gov.co\/colombia\/#organization\"},\"articleSection\":[\"Noticias\"],\"inLanguage\":\"es-CO\"},{\"@type\":\"WebPage\",\"@id\":\"https:\/\/www.fiscalia.gov.co\/colombia\/noticias\/juez-envio-a-la-carcel-a-13-presuntos-integrantes-de-la-banda-betania-que-delinquiria-en-la-comuna-trece\/\",\"url\":\"https:\/\/www.fiscalia.gov.co\/colombia\/noticias\/juez-envio-a-la-carcel-a-13-presuntos-integrantes-de-la-banda-betania-que-delinquiria-en-la-comuna-trece\/\",\"name\":\"Fiscal\u00eda General de la Naci\u00f3n\",\"isPartOf\":{\"@id\":\"https:\/\/www.fiscalia.gov.co\/colombia\/#website\"},\"datePublished\":\"2020-10-01T01:18:58+00:00\",\"dateModified\":\"2020-10-01T01:18:58+00:00\",\"description\":\"P\u00e1gina oficial de la Fiscal\u00eda General de la Naci\u00f3n \u2013 Colombia. Garantizamos el acceso efectivo a la justicia, la verdad y la reparaci\u00f3n de las v\u00edctimas de los delitos.\",\"breadcrumb\":{\"@id\":\"https:\/\/www.fiscalia.gov.co\/colombia\/noticias\/juez-envio-a-la-carcel-a-13-presuntos-integrantes-de-la-banda-betania-que-delinquiria-en-la-comuna-trece\/#breadcrumb\"},\"inLanguage\":\"es-CO\",\"potentialAction\":[{\"@type\":\"ReadAction\",\"target\":[\"https:\/\/www.fiscalia.gov.co\/colombia\/noticias\/juez-envio-a-la-carcel-a-13-presuntos-integrantes-de-la-banda-betania-que-delinquiria-en-la-comuna-trece\/\"]}]},{\"@type\":\"BreadcrumbList\",\"@id\":\"https:\/\/www.fiscalia.gov.co\/colombia\/noticias\/juez-envio-a-la-carcel-a-13-presuntos-integrantes-de-la-banda-betania-que-delinquiria-en-la-comuna-trece\/#breadcrumb\",\"itemListElement\":[{\"@type\":\"ListItem\",\"position\":1,\"name\":\"Home\",\"item\":\"https:\/\/www.fiscalia.gov.co\/colombia\/\"},{\"@type\":\"ListItem\",\"position\":2,\"name\":\"Juez envi\u00f3 a la c\u00e1rcel a 13 presuntos integrantes de la banda Betania que delinquir\u00eda en la Comuna Trece\"}]},{\"@type\":\"WebSite\",\"@id\":\"https:\/\/www.fiscalia.gov.co\/colombia\/#website\",\"url\":\"https:\/\/www.fiscalia.gov.co\/colombia\/\",\"name\":\"Fiscal\u00eda General de la Naci\u00f3n\",\"description\":\"P\u00e1gina oficial de la Fiscal\u00eda General de la Naci\u00f3n \u2013 Colombia. Garantizamos el acceso efectivo a la justicia, la verdad y la reparaci\u00f3n de las v\u00edctimas de los delitos.\",\"publisher\":{\"@id\":\"https:\/\/www.fiscalia.gov.co\/colombia\/#organization\"},\"potentialAction\":[{\"@type\":\"SearchAction\",\"target\":{\"@type\":\"EntryPoint\",\"urlTemplate\":\"https:\/\/www.fiscalia.gov.co\/colombia\/?s={search_term_string}\"},\"query-input\":{\"@type\":\"PropertyValueSpecification\",\"valueRequired\":true,\"valueName\":\"search_term_string\"}}],\"inLanguage\":\"es-CO\"},{\"@type\":\"Organization\",\"@id\":\"https:\/\/www.fiscalia.gov.co\/colombia\/#organization\",\"name\":\"Fiscal\u00eda General de la Naci\u00f3n\",\"url\":\"https:\/\/www.fiscalia.gov.co\/colombia\/\",\"logo\":{\"@type\":\"ImageObject\",\"inLanguage\":\"es-CO\",\"@id\":\"https:\/\/www.fiscalia.gov.co\/colombia\/#\/schema\/logo\/image\/\",\"url\":\"https:\/\/www.fiscalia.gov.co\/colombia\/wp-content\/uploads\/LogoHorizontal_1.jpg\",\"contentUrl\":\"https:\/\/www.fiscalia.gov.co\/colombia\/wp-content\/uploads\/LogoHorizontal_1.jpg\",\"width\":300,\"height\":90,\"caption\":\"Fiscal\u00eda General de la Naci\u00f3n\"},\"image\":{\"@id\":\"https:\/\/www.fiscalia.gov.co\/colombia\/#\/schema\/logo\/image\/\"},\"sameAs\":[\"https:\/\/www.facebook.com\/FiscaliaCol\",\"https:\/\/x.com\/FiscaliaCol\",\"https:\/\/www.instagram.com\/fiscaliacol\",\"https:\/\/www.linkedin.com\/company\/fiscalia-general-de-la-naci-n\/\",\"https:\/\/youtube.com\/@fiscaliageneraldelanacion-4668?si=6nN79nyQICPU5iTh\"]},{\"@type\":\"Person\",\"@id\":\"https:\/\/www.fiscalia.gov.co\/colombia\/#\/schema\/person\/bf28d8ae7f1b287bbe3af484b04f43ea\",\"name\":\"Direcci\u00f3n de Comunicaciones Fiscal\u00eda General de la Naci\u00f3n\",\"image\":{\"@type\":\"ImageObject\",\"inLanguage\":\"es-CO\",\"@id\":\"https:\/\/www.fiscalia.gov.co\/colombia\/#\/schema\/person\/image\/\",\"url\":\"https:\/\/secure.gravatar.com\/avatar\/9d55ae161d32da16dbdd0b380c080a5f?s=96&d=mm&r=g\",\"contentUrl\":\"https:\/\/secure.gravatar.com\/avatar\/9d55ae161d32da16dbdd0b380c080a5f?s=96&d=mm&r=g\",\"caption\":\"Direcci\u00f3n de Comunicaciones Fiscal\u00eda General de la Naci\u00f3n\"},\"url\":\"https:\/\/www.fiscalia.gov.co\/colombia\/author\/kbonilla\/\"}]}<\/script>\n<!-- \/ Yoast SEO plugin. -->","yoast_head_json":{"title":"Fiscal\u00eda General de la Naci\u00f3n","description":"P\u00e1gina oficial de la Fiscal\u00eda General de la Naci\u00f3n \u2013 Colombia. Garantizamos el acceso efectivo a la justicia, la verdad y la reparaci\u00f3n de las v\u00edctimas de los delitos.","robots":{"index":"noindex","follow":"follow"},"og_locale":"es_ES","og_type":"article","og_title":"Fiscal\u00eda General de la Naci\u00f3n","og_description":"P\u00e1gina oficial de la Fiscal\u00eda General de la Naci\u00f3n \u2013 Colombia. Garantizamos el acceso efectivo a la justicia, la verdad y la reparaci\u00f3n de las v\u00edctimas de los delitos.","og_url":"https:\/\/www.fiscalia.gov.co\/colombia\/noticias\/juez-envio-a-la-carcel-a-13-presuntos-integrantes-de-la-banda-betania-que-delinquiria-en-la-comuna-trece\/","og_site_name":"Fiscal\u00eda General de la Naci\u00f3n","article_publisher":"https:\/\/www.facebook.com\/FiscaliaCol","article_published_time":"2020-10-01T01:18:58+00:00","author":"Direcci\u00f3n de Comunicaciones Fiscal\u00eda General de la Naci\u00f3n","twitter_card":"summary_large_image","twitter_creator":"@FiscaliaCol","twitter_site":"@FiscaliaCol","twitter_misc":{"Escrito por":"Direcci\u00f3n de Comunicaciones Fiscal\u00eda General de la Naci\u00f3n","Tiempo de lectura":"3 minutos"},"schema":{"@context":"https:\/\/schema.org","@graph":[{"@type":"Article","@id":"https:\/\/www.fiscalia.gov.co\/colombia\/noticias\/juez-envio-a-la-carcel-a-13-presuntos-integrantes-de-la-banda-betania-que-delinquiria-en-la-comuna-trece\/#article","isPartOf":{"@id":"https:\/\/www.fiscalia.gov.co\/colombia\/noticias\/juez-envio-a-la-carcel-a-13-presuntos-integrantes-de-la-banda-betania-que-delinquiria-en-la-comuna-trece\/"},"author":{"name":"Direcci\u00f3n de Comunicaciones Fiscal\u00eda General de la Naci\u00f3n","@id":"https:\/\/www.fiscalia.gov.co\/colombia\/#\/schema\/person\/bf28d8ae7f1b287bbe3af484b04f43ea"},"headline":"Juez envi\u00f3 a la c\u00e1rcel a 13 presuntos integrantes de la banda Betania que delinquir\u00eda en la Comuna Trece","datePublished":"2020-10-01T01:18:58+00:00","dateModified":"2020-10-01T01:18:58+00:00","mainEntityOfPage":{"@id":"https:\/\/www.fiscalia.gov.co\/colombia\/noticias\/juez-envio-a-la-carcel-a-13-presuntos-integrantes-de-la-banda-betania-que-delinquiria-en-la-comuna-trece\/"},"wordCount":591,"publisher":{"@id":"https:\/\/www.fiscalia.gov.co\/colombia\/#organization"},"articleSection":["Noticias"],"inLanguage":"es-CO"},{"@type":"WebPage","@id":"https:\/\/www.fiscalia.gov.co\/colombia\/noticias\/juez-envio-a-la-carcel-a-13-presuntos-integrantes-de-la-banda-betania-que-delinquiria-en-la-comuna-trece\/","url":"https:\/\/www.fiscalia.gov.co\/colombia\/noticias\/juez-envio-a-la-carcel-a-13-presuntos-integrantes-de-la-banda-betania-que-delinquiria-en-la-comuna-trece\/","name":"Fiscal\u00eda General de la Naci\u00f3n","isPartOf":{"@id":"https:\/\/www.fiscalia.gov.co\/colombia\/#website"},"datePublished":"2020-10-01T01:18:58+00:00","dateModified":"2020-10-01T01:18:58+00:00","description":"P\u00e1gina oficial de la Fiscal\u00eda General de la Naci\u00f3n \u2013 Colombia. Garantizamos el acceso efectivo a la justicia, la verdad y la reparaci\u00f3n de las v\u00edctimas de los delitos.","breadcrumb":{"@id":"https:\/\/www.fiscalia.gov.co\/colombia\/noticias\/juez-envio-a-la-carcel-a-13-presuntos-integrantes-de-la-banda-betania-que-delinquiria-en-la-comuna-trece\/#breadcrumb"},"inLanguage":"es-CO","potentialAction":[{"@type":"ReadAction","target":["https:\/\/www.fiscalia.gov.co\/colombia\/noticias\/juez-envio-a-la-carcel-a-13-presuntos-integrantes-de-la-banda-betania-que-delinquiria-en-la-comuna-trece\/"]}]},{"@type":"BreadcrumbList","@id":"https:\/\/www.fiscalia.gov.co\/colombia\/noticias\/juez-envio-a-la-carcel-a-13-presuntos-integrantes-de-la-banda-betania-que-delinquiria-en-la-comuna-trece\/#breadcrumb","itemListElement":[{"@type":"ListItem","position":1,"name":"Home","item":"https:\/\/www.fiscalia.gov.co\/colombia\/"},{"@type":"ListItem","position":2,"name":"Juez envi\u00f3 a la c\u00e1rcel a 13 presuntos integrantes de la banda Betania que delinquir\u00eda en la Comuna Trece"}]},{"@type":"WebSite","@id":"https:\/\/www.fiscalia.gov.co\/colombia\/#website","url":"https:\/\/www.fiscalia.gov.co\/colombia\/","name":"Fiscal\u00eda General de la Naci\u00f3n","description":"P\u00e1gina oficial de la Fiscal\u00eda General de la Naci\u00f3n \u2013 Colombia. Garantizamos el acceso efectivo a la justicia, la verdad y la reparaci\u00f3n de las v\u00edctimas de los delitos.","publisher":{"@id":"https:\/\/www.fiscalia.gov.co\/colombia\/#organization"},"potentialAction":[{"@type":"SearchAction","target":{"@type":"EntryPoint","urlTemplate":"https:\/\/www.fiscalia.gov.co\/colombia\/?s={search_term_string}"},"query-input":{"@type":"PropertyValueSpecification","valueRequired":true,"valueName":"search_term_string"}}],"inLanguage":"es-CO"},{"@type":"Organization","@id":"https:\/\/www.fiscalia.gov.co\/colombia\/#organization","name":"Fiscal\u00eda General de la Naci\u00f3n","url":"https:\/\/www.fiscalia.gov.co\/colombia\/","logo":{"@type":"ImageObject","inLanguage":"es-CO","@id":"https:\/\/www.fiscalia.gov.co\/colombia\/#\/schema\/logo\/image\/","url":"https:\/\/www.fiscalia.gov.co\/colombia\/wp-content\/uploads\/LogoHorizontal_1.jpg","contentUrl":"https:\/\/www.fiscalia.gov.co\/colombia\/wp-content\/uploads\/LogoHorizontal_1.jpg","width":300,"height":90,"caption":"Fiscal\u00eda General de la Naci\u00f3n"},"image":{"@id":"https:\/\/www.fiscalia.gov.co\/colombia\/#\/schema\/logo\/image\/"},"sameAs":["https:\/\/www.facebook.com\/FiscaliaCol","https:\/\/x.com\/FiscaliaCol","https:\/\/www.instagram.com\/fiscaliacol","https:\/\/www.linkedin.com\/company\/fiscalia-general-de-la-naci-n\/","https:\/\/youtube.com\/@fiscaliageneraldelanacion-4668?si=6nN79nyQICPU5iTh"]},{"@type":"Person","@id":"https:\/\/www.fiscalia.gov.co\/colombia\/#\/schema\/person\/bf28d8ae7f1b287bbe3af484b04f43ea","name":"Direcci\u00f3n de Comunicaciones Fiscal\u00eda General de la Naci\u00f3n","image":{"@type":"ImageObject","inLanguage":"es-CO","@id":"https:\/\/www.fiscalia.gov.co\/colombia\/#\/schema\/person\/image\/","url":"https:\/\/secure.gravatar.com\/avatar\/9d55ae161d32da16dbdd0b380c080a5f?s=96&d=mm&r=g","contentUrl":"https:\/\/secure.gravatar.com\/avatar\/9d55ae161d32da16dbdd0b380c080a5f?s=96&d=mm&r=g","caption":"Direcci\u00f3n de Comunicaciones Fiscal\u00eda General de la Naci\u00f3n"},"url":"https:\/\/www.fiscalia.gov.co\/colombia\/author\/kbonilla\/"}]}},"_links":{"self":[{"href":"https:\/\/www.fiscalia.gov.co\/colombia\/wp-json\/wp\/v2\/posts\/202838","targetHints":{"allow":["GET"]}}],"collection":[{"href":"https:\/\/www.fiscalia.gov.co\/colombia\/wp-json\/wp\/v2\/posts"}],"about":[{"href":"https:\/\/www.fiscalia.gov.co\/colombia\/wp-json\/wp\/v2\/types\/post"}],"author":[{"embeddable":true,"href":"https:\/\/www.fiscalia.gov.co\/colombia\/wp-json\/wp\/v2\/users\/162"}],"replies":[{"embeddable":true,"href":"https:\/\/www.fiscalia.gov.co\/colombia\/wp-json\/wp\/v2\/comments?post=202838"}],"version-history":[{"count":1,"href":"https:\/\/www.fiscalia.gov.co\/colombia\/wp-json\/wp\/v2\/posts\/202838\/revisions"}],"predecessor-version":[{"id":202839,"href":"https:\/\/www.fiscalia.gov.co\/colombia\/wp-json\/wp\/v2\/posts\/202838\/revisions\/202839"}],"wp:attachment":[{"href":"https:\/\/www.fiscalia.gov.co\/colombia\/wp-json\/wp\/v2\/media?parent=202838"}],"wp:term":[{"taxonomy":"category","embeddable":true,"href":"https:\/\/www.fiscalia.gov.co\/colombia\/wp-json\/wp\/v2\/categories?post=202838"},{"taxonomy":"post_tag","embeddable":true,"href":"https:\/\/www.fiscalia.gov.co\/colombia\/wp-json\/wp\/v2\/tags?post=202838"}],"curies":[{"name":"wp","href":"https:\/\/api.w.org\/{rel}","templated":true}]}}