{"id":202287,"date":"2020-09-19T09:50:50","date_gmt":"2020-09-19T14:50:50","guid":{"rendered":"https:\/\/www.fiscalia.gov.co\/colombia\/?p=202287"},"modified":"2020-09-19T09:50:50","modified_gmt":"2020-09-19T14:50:50","slug":"golpe-a-redes-ilegales-senaladas-de-blanquear-35-mil-millones-de-pesos-del-contrabando-y-el-narcotrafico","status":"publish","type":"post","link":"https:\/\/www.fiscalia.gov.co\/colombia\/noticias\/golpe-a-redes-ilegales-senaladas-de-blanquear-35-mil-millones-de-pesos-del-contrabando-y-el-narcotrafico\/","title":{"rendered":"Golpe a redes ilegales se\u00f1aladas de blanquear 35 mil millones de pesos del contrabando y el narcotr\u00e1fico"},"content":{"rendered":"<p class=\"s5\"><strong><em>10 personas fueron capturadas y judicializadas. Cinco de ellas habr\u00edan legalizado recursos de una estructura se\u00f1alada de ingresar contrabando por la frontera con Ecuador. Los otros cinco detenidos, al parecer, serv\u00edan de testaferros al extraditado narcotraficante \u2018El Se\u00f1or del Desierto\u2019.<\/em><\/strong><span style=\"color: #222222; font-family: Verdana, Geneva, sans-serif; font-size: 15px;\"><\/p>\n<p>En atenci\u00f3n al \u2018Direccionamiento Estrat\u00e9gico\u2019 definido por el Fiscal General de la Naci\u00f3n, Francisco Barbosa Delgado, que contempla la persecuci\u00f3n de los activos y las fuentes de financiaci\u00f3n de las estructuras criminales, se dispuso de un plan investigativo para develar las maniobras il\u00edcitas de dos organizaciones distintas, se\u00f1aladas de lavar 35 mil millones de pesos.<\/span><\/p>\n<p class=\"s5\"><span class=\"s8\"><span class=\"bumpedFont15\">Estos resultados fueron posibles gracias a <\/span><\/span><span class=\"s8\"><span class=\"bumpedFont15\">la <\/span><\/span><span class=\"s8\"><span class=\"bumpedFont15\">acci\u00f3n conjunta de la Fiscal\u00eda General de la Naci\u00f3n, a trav\u00e9s de la Direcci\u00f3n Especializada de Lavado de Activos; y la <\/span><\/span><span class=\"s8\"><span class=\"bumpedFont15\">Dijin<\/span><\/span><span class=\"s8\"><span class=\"bumpedFont15\"> de la Polic\u00eda Nacional.<\/span><\/span><\/p>\n<p class=\"s5\"><span class=\"s8\"><span class=\"bumpedFont15\">Inicialmente, en Ipiales (Nari\u00f1o), fueron capturados cinco presuntos integrantes de una \u2018empresa de papel\u2019, de nombre <\/span><\/span><span class=\"s8\"><span class=\"bumpedFont15\">Ralfer<\/span><\/span><span class=\"s8\"><span class=\"bumpedFont15\">, la cual habr\u00eda sido constituida para justificar las ganancias ilegales obtenidas por el ingreso de contrabando en zona de frontera con Ecuador. Los elementos de prueba dan cuenta de que esta organizaci\u00f3n estuvo vigente durante dos a\u00f1os. Tiempo en el que fueron blanqueados 26.900 millones de pesos.<\/span><\/span><\/p>\n<p class=\"s5\"><span class=\"s8\"><span class=\"bumpedFont15\">Los reportes indican que <\/span><\/span><span class=\"s8\"><span class=\"bumpedFont15\">Ralfer<\/span><\/span><span class=\"s8\"><span class=\"bumpedFont15\"> LTDA., fue creada con un capital de 50 millones de pesos y ten\u00eda por objeto el comercio de caf\u00e9, productos textiles y confecciones. Mediante esta fachada los socios, al parecer, declararon supuestas importaciones por un valor menor al que realmente val\u00eda la mercanc\u00eda en el exterior. De esta manera, redujeron y evadieron el pago de impuestos aduaneros. <\/span><\/span><\/p>\n<p class=\"s5\"><span class=\"s8\"><span class=\"bumpedFont15\">Asimismo, hay evidencia de que justificaron ganancias obtenidas por la venta en el pa\u00eds de <\/span><\/span><span class=\"s8\"><span class=\"bumpedFont15\">art\u00edculos<\/span><\/span><span class=\"s8\"><span class=\"bumpedFont15\"> de contrabando, como si hubieran ingresado al pa\u00eds a precio de mercado, dando apariencia de legalidad a dineros il\u00edcitos.<\/span><\/span> <span class=\"s8\"><span class=\"bumpedFont15\">Por estos hechos, el representante legal de la empresa, Florentino Fernando Revelo; dos socios, Jos\u00e9 Alfredo Revelo y Jos\u00e9 David Ruiz Latorre; y dos contadores, fueron presentados ante un juez de control de garant\u00edas.<\/span><\/span><\/p>\n<p class=\"s5\"><span class=\"s8\"><span class=\"bumpedFont15\">La Fiscal\u00eda les imput\u00f3 el delito de lavado de activos. Los tres primero aceptaron los cargos, y recibieron medida de aseguramiento de detenci\u00f3n en el lugar de residencia. Mientras que los contadores rechazaron los se\u00f1alamientos y deber\u00e1n atender todos los requerimientos judiciales.<\/span><\/span><\/p>\n<p class=\"s5\"><strong><span class=\"s9\"><span class=\"bumpedFont15\">La red de blanqueo de \u2018El Se\u00f1or del Desierto\u2019<\/span><\/span><\/strong><\/p>\n<p class=\"s5\"><span class=\"s8\"><span class=\"bumpedFont15\">Las investigaciones permitieron identificar los movimientos financieros a los que recurrieron algunos familiares y amigos del extraditado narcotraficante Arnulfo S\u00e1nchez Gonz\u00e1lez, alias El Se\u00f1or del Desierto. Al parecer, la esposa de este <\/span><\/span><span class=\"s8\"><span class=\"bumpedFont15\">exintegrante<\/span><\/span><span class=\"s8\"><span class=\"bumpedFont15\"> de las AUC organiz\u00f3 un modelo en el que asumieron como titulares de bienes o prestaron sus nombres y cuentas bancarias para recibir recursos producto del tr\u00e1fico de drogas.<\/span><\/span><\/p>\n<p class=\"s5\"><span class=\"s8\"><span class=\"bumpedFont15\">La verificaci\u00f3n del patrimonio de las personas que conformaban esta supuesta red de lavado de activos evidenci\u00f3 que: no ten\u00edan la capacidad econ\u00f3mica para adquirir los inmuebles de los cuales figuraban como propietarios, tampoco estaba claro el origen de los montos por los que hicieron transacciones, y \u00a0ten\u00edan m\u00faltiples vac\u00edos en las declaraciones de renta. El peritaje contable determin\u00f3 que esta organizaci\u00f3n delincuencial alcanz\u00f3 a lavar, aproximadamente, 8 mil millones de pesos.<\/span><\/span><span class=\"s8\"><span class=\"bumpedFont15\"> \u00a0<\/span><\/span><\/p>\n<p class=\"s5\"><span class=\"s8\"><span class=\"bumpedFont15\">En ese sentido, fueron capturadas cinco personas, cuatro de ellas en Barranquilla (Atl\u00e1ntico). Lina Elena <\/span><\/span><span class=\"s8\"><span class=\"bumpedFont15\">Fragozo<\/span><\/span><span class=\"s8\"><span class=\"bumpedFont15\">Rodr\u00edguez, esposa de \u2018El Se\u00f1or del Desierto, detenida en Bogot\u00e1, fue imputada por los delitos de lavado de activos en concurso con enriquecimiento il\u00edcito; al igual que su hermana <\/span><\/span><span class=\"s8\"><span class=\"bumpedFont15\">Licelys<\/span><\/span><span class=\"s8\"><span class=\"bumpedFont15\"> Alejandra <\/span><\/span><span class=\"s8\"><span class=\"bumpedFont15\">Fragozo<\/span><\/span><span class=\"s8\"><span class=\"bumpedFont15\"> Rodr\u00edguez y Julio Cesar Varela Gro<\/span><\/span><span class=\"s8\"><span class=\"bumpedFont15\">ss<\/span><\/span><span class=\"s8\"><span class=\"bumpedFont15\">o. A un hermano de la mujer, Enrique <\/span><\/span><span class=\"s8\"><span class=\"bumpedFont15\">Fragozo<\/span><\/span><span class=\"s8\"><span class=\"bumpedFont15\">Rodr\u00edguez, y su esposa, Pau<\/span><\/span><a name=\"_GoBack\"><\/a><span class=\"s8\"><span class=\"bumpedFont15\">la C\u00e1ceres Moreno, la Fiscal\u00eda les formul\u00f3 cargos por enriquecimiento il\u00edcito. \u00a0<\/span><\/span><\/p>\n<p class=\"s5\"><span class=\"s8\"><span class=\"bumpedFont15\">Estos \u00faltimos dos fueron cobijados con detenci\u00f3n en el lugar de residencia; mientras que los dem\u00e1s procesados deber\u00e1n cumplir medida de aseguramiento en centro carcelario.<\/span><\/span><\/p>\n<p class=\"s5\"><span class=\"s8\"><span class=\"bumpedFont15\">Arnulfo S\u00e1nchez Gonz\u00e1lez, alias El Se\u00f1or del Desierto, fue considerado en su momento el sucesor del Rodrigo Tovar Pupo, alias Jorge 40. Fue cabecilla del denominado Frente Resistencia Wayuu y uno de los principales articuladores del env\u00edo de coca\u00edna desde La Guajira, Magdalena y Atl\u00e1ntico, entre 2007 y 2011. A finales de 2012 fue extraditado a Estados Unidos y condenado en ese pa\u00eds por narcotr\u00e1fico.<\/span><\/span><\/p>\n<p class=\"s5\"><span class=\"s8\"><span class=\"bumpedFont15\">La Fiscal\u00eda hace p\u00fablica esta informaci\u00f3n por razones de inter\u00e9s general.<\/span><\/span><\/p>\n\n<div class=\"twitter-share\"><a href=\"https:\/\/twitter.com\/intent\/tweet?via=fiscaliacol\" class=\"twitter-share-button\">Tweet<\/a><\/div>\n","protected":false},"excerpt":{"rendered":"<p>10 personas fueron capturadas y judicializadas. Cinco de ellas habr\u00edan legalizado recursos de una estructura se\u00f1alada de ingresar contrabando por la frontera con Ecuador. Los otros cinco detenidos, al parecer, [&hellip;]<\/p>\n","protected":false},"author":162,"featured_media":0,"comment_status":"closed","ping_status":"open","sticky":false,"template":"","format":"standard","meta":{"tdm_status":"","tdm_grid_status":"","footnotes":""},"categories":[24125,1],"tags":[],"class_list":["post-202287","post","type-post","status-publish","format-standard","category-lavado-de-activos","category-noticias"],"yoast_head":"<!-- This site is optimized with the Yoast SEO plugin v24.3 - https:\/\/yoast.com\/wordpress\/plugins\/seo\/ -->\n<title>Fiscal\u00eda General de la Naci\u00f3n<\/title>\n<meta name=\"description\" content=\"P\u00e1gina oficial de la Fiscal\u00eda General de la Naci\u00f3n \u2013 Colombia. Garantizamos el acceso efectivo a la justicia, la verdad y la reparaci\u00f3n de las v\u00edctimas de los delitos.\" \/>\n<meta name=\"robots\" content=\"noindex, follow\" \/>\n<meta property=\"og:locale\" content=\"es_ES\" \/>\n<meta property=\"og:type\" content=\"article\" \/>\n<meta property=\"og:title\" content=\"Fiscal\u00eda General de la Naci\u00f3n\" \/>\n<meta property=\"og:description\" content=\"P\u00e1gina oficial de la Fiscal\u00eda General de la Naci\u00f3n \u2013 Colombia. Garantizamos el acceso efectivo a la justicia, la verdad y la reparaci\u00f3n de las v\u00edctimas de los delitos.\" \/>\n<meta property=\"og:url\" content=\"https:\/\/www.fiscalia.gov.co\/colombia\/noticias\/golpe-a-redes-ilegales-senaladas-de-blanquear-35-mil-millones-de-pesos-del-contrabando-y-el-narcotrafico\/\" \/>\n<meta property=\"og:site_name\" content=\"Fiscal\u00eda General de la Naci\u00f3n\" \/>\n<meta property=\"article:publisher\" content=\"https:\/\/www.facebook.com\/FiscaliaCol\" \/>\n<meta property=\"article:published_time\" content=\"2020-09-19T14:50:50+00:00\" \/>\n<meta name=\"author\" content=\"Direcci\u00f3n de Comunicaciones Fiscal\u00eda General de la Naci\u00f3n\" \/>\n<meta name=\"twitter:card\" content=\"summary_large_image\" \/>\n<meta name=\"twitter:creator\" content=\"@FiscaliaCol\" \/>\n<meta name=\"twitter:site\" content=\"@FiscaliaCol\" \/>\n<meta name=\"twitter:label1\" content=\"Escrito por\" \/>\n\t<meta name=\"twitter:data1\" content=\"Direcci\u00f3n de Comunicaciones Fiscal\u00eda General de la Naci\u00f3n\" \/>\n\t<meta name=\"twitter:label2\" content=\"Tiempo de lectura\" \/>\n\t<meta name=\"twitter:data2\" content=\"4 minutos\" \/>\n<script type=\"application\/ld+json\" class=\"yoast-schema-graph\">{\"@context\":\"https:\/\/schema.org\",\"@graph\":[{\"@type\":\"Article\",\"@id\":\"https:\/\/www.fiscalia.gov.co\/colombia\/noticias\/golpe-a-redes-ilegales-senaladas-de-blanquear-35-mil-millones-de-pesos-del-contrabando-y-el-narcotrafico\/#article\",\"isPartOf\":{\"@id\":\"https:\/\/www.fiscalia.gov.co\/colombia\/noticias\/golpe-a-redes-ilegales-senaladas-de-blanquear-35-mil-millones-de-pesos-del-contrabando-y-el-narcotrafico\/\"},\"author\":{\"name\":\"Direcci\u00f3n de Comunicaciones Fiscal\u00eda General de la Naci\u00f3n\",\"@id\":\"https:\/\/www.fiscalia.gov.co\/colombia\/#\/schema\/person\/bf28d8ae7f1b287bbe3af484b04f43ea\"},\"headline\":\"Golpe a redes ilegales se\u00f1aladas de blanquear 35 mil millones de pesos del contrabando y el narcotr\u00e1fico\",\"datePublished\":\"2020-09-19T14:50:50+00:00\",\"dateModified\":\"2020-09-19T14:50:50+00:00\",\"mainEntityOfPage\":{\"@id\":\"https:\/\/www.fiscalia.gov.co\/colombia\/noticias\/golpe-a-redes-ilegales-senaladas-de-blanquear-35-mil-millones-de-pesos-del-contrabando-y-el-narcotrafico\/\"},\"wordCount\":767,\"publisher\":{\"@id\":\"https:\/\/www.fiscalia.gov.co\/colombia\/#organization\"},\"articleSection\":[\"Lavado de activos\",\"Noticias\"],\"inLanguage\":\"es-CO\"},{\"@type\":\"WebPage\",\"@id\":\"https:\/\/www.fiscalia.gov.co\/colombia\/noticias\/golpe-a-redes-ilegales-senaladas-de-blanquear-35-mil-millones-de-pesos-del-contrabando-y-el-narcotrafico\/\",\"url\":\"https:\/\/www.fiscalia.gov.co\/colombia\/noticias\/golpe-a-redes-ilegales-senaladas-de-blanquear-35-mil-millones-de-pesos-del-contrabando-y-el-narcotrafico\/\",\"name\":\"Fiscal\u00eda General de la Naci\u00f3n\",\"isPartOf\":{\"@id\":\"https:\/\/www.fiscalia.gov.co\/colombia\/#website\"},\"datePublished\":\"2020-09-19T14:50:50+00:00\",\"dateModified\":\"2020-09-19T14:50:50+00:00\",\"description\":\"P\u00e1gina oficial de la Fiscal\u00eda General de la Naci\u00f3n \u2013 Colombia. Garantizamos el acceso efectivo a la justicia, la verdad y la reparaci\u00f3n de las v\u00edctimas de los delitos.\",\"breadcrumb\":{\"@id\":\"https:\/\/www.fiscalia.gov.co\/colombia\/noticias\/golpe-a-redes-ilegales-senaladas-de-blanquear-35-mil-millones-de-pesos-del-contrabando-y-el-narcotrafico\/#breadcrumb\"},\"inLanguage\":\"es-CO\",\"potentialAction\":[{\"@type\":\"ReadAction\",\"target\":[\"https:\/\/www.fiscalia.gov.co\/colombia\/noticias\/golpe-a-redes-ilegales-senaladas-de-blanquear-35-mil-millones-de-pesos-del-contrabando-y-el-narcotrafico\/\"]}]},{\"@type\":\"BreadcrumbList\",\"@id\":\"https:\/\/www.fiscalia.gov.co\/colombia\/noticias\/golpe-a-redes-ilegales-senaladas-de-blanquear-35-mil-millones-de-pesos-del-contrabando-y-el-narcotrafico\/#breadcrumb\",\"itemListElement\":[{\"@type\":\"ListItem\",\"position\":1,\"name\":\"Home\",\"item\":\"https:\/\/www.fiscalia.gov.co\/colombia\/\"},{\"@type\":\"ListItem\",\"position\":2,\"name\":\"Golpe a redes ilegales se\u00f1aladas de blanquear 35 mil millones de pesos del contrabando y el narcotr\u00e1fico\"}]},{\"@type\":\"WebSite\",\"@id\":\"https:\/\/www.fiscalia.gov.co\/colombia\/#website\",\"url\":\"https:\/\/www.fiscalia.gov.co\/colombia\/\",\"name\":\"Fiscal\u00eda General de la Naci\u00f3n\",\"description\":\"P\u00e1gina oficial de la Fiscal\u00eda General de la Naci\u00f3n \u2013 Colombia. Garantizamos el acceso efectivo a la justicia, la verdad y la reparaci\u00f3n de las v\u00edctimas de los delitos.\",\"publisher\":{\"@id\":\"https:\/\/www.fiscalia.gov.co\/colombia\/#organization\"},\"potentialAction\":[{\"@type\":\"SearchAction\",\"target\":{\"@type\":\"EntryPoint\",\"urlTemplate\":\"https:\/\/www.fiscalia.gov.co\/colombia\/?s={search_term_string}\"},\"query-input\":{\"@type\":\"PropertyValueSpecification\",\"valueRequired\":true,\"valueName\":\"search_term_string\"}}],\"inLanguage\":\"es-CO\"},{\"@type\":\"Organization\",\"@id\":\"https:\/\/www.fiscalia.gov.co\/colombia\/#organization\",\"name\":\"Fiscal\u00eda General de la Naci\u00f3n\",\"url\":\"https:\/\/www.fiscalia.gov.co\/colombia\/\",\"logo\":{\"@type\":\"ImageObject\",\"inLanguage\":\"es-CO\",\"@id\":\"https:\/\/www.fiscalia.gov.co\/colombia\/#\/schema\/logo\/image\/\",\"url\":\"https:\/\/www.fiscalia.gov.co\/colombia\/wp-content\/uploads\/LogoHorizontal_1.jpg\",\"contentUrl\":\"https:\/\/www.fiscalia.gov.co\/colombia\/wp-content\/uploads\/LogoHorizontal_1.jpg\",\"width\":300,\"height\":90,\"caption\":\"Fiscal\u00eda General de la Naci\u00f3n\"},\"image\":{\"@id\":\"https:\/\/www.fiscalia.gov.co\/colombia\/#\/schema\/logo\/image\/\"},\"sameAs\":[\"https:\/\/www.facebook.com\/FiscaliaCol\",\"https:\/\/x.com\/FiscaliaCol\",\"https:\/\/www.instagram.com\/fiscaliacol\",\"https:\/\/www.linkedin.com\/company\/fiscalia-general-de-la-naci-n\/\",\"https:\/\/youtube.com\/@fiscaliageneraldelanacion-4668?si=6nN79nyQICPU5iTh\"]},{\"@type\":\"Person\",\"@id\":\"https:\/\/www.fiscalia.gov.co\/colombia\/#\/schema\/person\/bf28d8ae7f1b287bbe3af484b04f43ea\",\"name\":\"Direcci\u00f3n de Comunicaciones Fiscal\u00eda General de la Naci\u00f3n\",\"image\":{\"@type\":\"ImageObject\",\"inLanguage\":\"es-CO\",\"@id\":\"https:\/\/www.fiscalia.gov.co\/colombia\/#\/schema\/person\/image\/\",\"url\":\"https:\/\/secure.gravatar.com\/avatar\/9d55ae161d32da16dbdd0b380c080a5f?s=96&d=mm&r=g\",\"contentUrl\":\"https:\/\/secure.gravatar.com\/avatar\/9d55ae161d32da16dbdd0b380c080a5f?s=96&d=mm&r=g\",\"caption\":\"Direcci\u00f3n de Comunicaciones Fiscal\u00eda General de la Naci\u00f3n\"},\"url\":\"https:\/\/www.fiscalia.gov.co\/colombia\/author\/kbonilla\/\"}]}<\/script>\n<!-- \/ Yoast SEO plugin. -->","yoast_head_json":{"title":"Fiscal\u00eda General de la Naci\u00f3n","description":"P\u00e1gina oficial de la Fiscal\u00eda General de la Naci\u00f3n \u2013 Colombia. Garantizamos el acceso efectivo a la justicia, la verdad y la reparaci\u00f3n de las v\u00edctimas de los delitos.","robots":{"index":"noindex","follow":"follow"},"og_locale":"es_ES","og_type":"article","og_title":"Fiscal\u00eda General de la Naci\u00f3n","og_description":"P\u00e1gina oficial de la Fiscal\u00eda General de la Naci\u00f3n \u2013 Colombia. Garantizamos el acceso efectivo a la justicia, la verdad y la reparaci\u00f3n de las v\u00edctimas de los delitos.","og_url":"https:\/\/www.fiscalia.gov.co\/colombia\/noticias\/golpe-a-redes-ilegales-senaladas-de-blanquear-35-mil-millones-de-pesos-del-contrabando-y-el-narcotrafico\/","og_site_name":"Fiscal\u00eda General de la Naci\u00f3n","article_publisher":"https:\/\/www.facebook.com\/FiscaliaCol","article_published_time":"2020-09-19T14:50:50+00:00","author":"Direcci\u00f3n de Comunicaciones Fiscal\u00eda General de la Naci\u00f3n","twitter_card":"summary_large_image","twitter_creator":"@FiscaliaCol","twitter_site":"@FiscaliaCol","twitter_misc":{"Escrito por":"Direcci\u00f3n de Comunicaciones Fiscal\u00eda General de la Naci\u00f3n","Tiempo de lectura":"4 minutos"},"schema":{"@context":"https:\/\/schema.org","@graph":[{"@type":"Article","@id":"https:\/\/www.fiscalia.gov.co\/colombia\/noticias\/golpe-a-redes-ilegales-senaladas-de-blanquear-35-mil-millones-de-pesos-del-contrabando-y-el-narcotrafico\/#article","isPartOf":{"@id":"https:\/\/www.fiscalia.gov.co\/colombia\/noticias\/golpe-a-redes-ilegales-senaladas-de-blanquear-35-mil-millones-de-pesos-del-contrabando-y-el-narcotrafico\/"},"author":{"name":"Direcci\u00f3n de Comunicaciones Fiscal\u00eda General de la Naci\u00f3n","@id":"https:\/\/www.fiscalia.gov.co\/colombia\/#\/schema\/person\/bf28d8ae7f1b287bbe3af484b04f43ea"},"headline":"Golpe a redes ilegales se\u00f1aladas de blanquear 35 mil millones de pesos del contrabando y el narcotr\u00e1fico","datePublished":"2020-09-19T14:50:50+00:00","dateModified":"2020-09-19T14:50:50+00:00","mainEntityOfPage":{"@id":"https:\/\/www.fiscalia.gov.co\/colombia\/noticias\/golpe-a-redes-ilegales-senaladas-de-blanquear-35-mil-millones-de-pesos-del-contrabando-y-el-narcotrafico\/"},"wordCount":767,"publisher":{"@id":"https:\/\/www.fiscalia.gov.co\/colombia\/#organization"},"articleSection":["Lavado de activos","Noticias"],"inLanguage":"es-CO"},{"@type":"WebPage","@id":"https:\/\/www.fiscalia.gov.co\/colombia\/noticias\/golpe-a-redes-ilegales-senaladas-de-blanquear-35-mil-millones-de-pesos-del-contrabando-y-el-narcotrafico\/","url":"https:\/\/www.fiscalia.gov.co\/colombia\/noticias\/golpe-a-redes-ilegales-senaladas-de-blanquear-35-mil-millones-de-pesos-del-contrabando-y-el-narcotrafico\/","name":"Fiscal\u00eda General de la Naci\u00f3n","isPartOf":{"@id":"https:\/\/www.fiscalia.gov.co\/colombia\/#website"},"datePublished":"2020-09-19T14:50:50+00:00","dateModified":"2020-09-19T14:50:50+00:00","description":"P\u00e1gina oficial de la Fiscal\u00eda General de la Naci\u00f3n \u2013 Colombia. Garantizamos el acceso efectivo a la justicia, la verdad y la reparaci\u00f3n de las v\u00edctimas de los delitos.","breadcrumb":{"@id":"https:\/\/www.fiscalia.gov.co\/colombia\/noticias\/golpe-a-redes-ilegales-senaladas-de-blanquear-35-mil-millones-de-pesos-del-contrabando-y-el-narcotrafico\/#breadcrumb"},"inLanguage":"es-CO","potentialAction":[{"@type":"ReadAction","target":["https:\/\/www.fiscalia.gov.co\/colombia\/noticias\/golpe-a-redes-ilegales-senaladas-de-blanquear-35-mil-millones-de-pesos-del-contrabando-y-el-narcotrafico\/"]}]},{"@type":"BreadcrumbList","@id":"https:\/\/www.fiscalia.gov.co\/colombia\/noticias\/golpe-a-redes-ilegales-senaladas-de-blanquear-35-mil-millones-de-pesos-del-contrabando-y-el-narcotrafico\/#breadcrumb","itemListElement":[{"@type":"ListItem","position":1,"name":"Home","item":"https:\/\/www.fiscalia.gov.co\/colombia\/"},{"@type":"ListItem","position":2,"name":"Golpe a redes ilegales se\u00f1aladas de blanquear 35 mil millones de pesos del contrabando y el narcotr\u00e1fico"}]},{"@type":"WebSite","@id":"https:\/\/www.fiscalia.gov.co\/colombia\/#website","url":"https:\/\/www.fiscalia.gov.co\/colombia\/","name":"Fiscal\u00eda General de la Naci\u00f3n","description":"P\u00e1gina oficial de la Fiscal\u00eda General de la Naci\u00f3n \u2013 Colombia. Garantizamos el acceso efectivo a la justicia, la verdad y la reparaci\u00f3n de las v\u00edctimas de los delitos.","publisher":{"@id":"https:\/\/www.fiscalia.gov.co\/colombia\/#organization"},"potentialAction":[{"@type":"SearchAction","target":{"@type":"EntryPoint","urlTemplate":"https:\/\/www.fiscalia.gov.co\/colombia\/?s={search_term_string}"},"query-input":{"@type":"PropertyValueSpecification","valueRequired":true,"valueName":"search_term_string"}}],"inLanguage":"es-CO"},{"@type":"Organization","@id":"https:\/\/www.fiscalia.gov.co\/colombia\/#organization","name":"Fiscal\u00eda General de la Naci\u00f3n","url":"https:\/\/www.fiscalia.gov.co\/colombia\/","logo":{"@type":"ImageObject","inLanguage":"es-CO","@id":"https:\/\/www.fiscalia.gov.co\/colombia\/#\/schema\/logo\/image\/","url":"https:\/\/www.fiscalia.gov.co\/colombia\/wp-content\/uploads\/LogoHorizontal_1.jpg","contentUrl":"https:\/\/www.fiscalia.gov.co\/colombia\/wp-content\/uploads\/LogoHorizontal_1.jpg","width":300,"height":90,"caption":"Fiscal\u00eda General de la Naci\u00f3n"},"image":{"@id":"https:\/\/www.fiscalia.gov.co\/colombia\/#\/schema\/logo\/image\/"},"sameAs":["https:\/\/www.facebook.com\/FiscaliaCol","https:\/\/x.com\/FiscaliaCol","https:\/\/www.instagram.com\/fiscaliacol","https:\/\/www.linkedin.com\/company\/fiscalia-general-de-la-naci-n\/","https:\/\/youtube.com\/@fiscaliageneraldelanacion-4668?si=6nN79nyQICPU5iTh"]},{"@type":"Person","@id":"https:\/\/www.fiscalia.gov.co\/colombia\/#\/schema\/person\/bf28d8ae7f1b287bbe3af484b04f43ea","name":"Direcci\u00f3n de Comunicaciones Fiscal\u00eda General de la Naci\u00f3n","image":{"@type":"ImageObject","inLanguage":"es-CO","@id":"https:\/\/www.fiscalia.gov.co\/colombia\/#\/schema\/person\/image\/","url":"https:\/\/secure.gravatar.com\/avatar\/9d55ae161d32da16dbdd0b380c080a5f?s=96&d=mm&r=g","contentUrl":"https:\/\/secure.gravatar.com\/avatar\/9d55ae161d32da16dbdd0b380c080a5f?s=96&d=mm&r=g","caption":"Direcci\u00f3n de Comunicaciones Fiscal\u00eda General de la Naci\u00f3n"},"url":"https:\/\/www.fiscalia.gov.co\/colombia\/author\/kbonilla\/"}]}},"_links":{"self":[{"href":"https:\/\/www.fiscalia.gov.co\/colombia\/wp-json\/wp\/v2\/posts\/202287","targetHints":{"allow":["GET"]}}],"collection":[{"href":"https:\/\/www.fiscalia.gov.co\/colombia\/wp-json\/wp\/v2\/posts"}],"about":[{"href":"https:\/\/www.fiscalia.gov.co\/colombia\/wp-json\/wp\/v2\/types\/post"}],"author":[{"embeddable":true,"href":"https:\/\/www.fiscalia.gov.co\/colombia\/wp-json\/wp\/v2\/users\/162"}],"replies":[{"embeddable":true,"href":"https:\/\/www.fiscalia.gov.co\/colombia\/wp-json\/wp\/v2\/comments?post=202287"}],"version-history":[{"count":1,"href":"https:\/\/www.fiscalia.gov.co\/colombia\/wp-json\/wp\/v2\/posts\/202287\/revisions"}],"predecessor-version":[{"id":202288,"href":"https:\/\/www.fiscalia.gov.co\/colombia\/wp-json\/wp\/v2\/posts\/202287\/revisions\/202288"}],"wp:attachment":[{"href":"https:\/\/www.fiscalia.gov.co\/colombia\/wp-json\/wp\/v2\/media?parent=202287"}],"wp:term":[{"taxonomy":"category","embeddable":true,"href":"https:\/\/www.fiscalia.gov.co\/colombia\/wp-json\/wp\/v2\/categories?post=202287"},{"taxonomy":"post_tag","embeddable":true,"href":"https:\/\/www.fiscalia.gov.co\/colombia\/wp-json\/wp\/v2\/tags?post=202287"}],"curies":[{"name":"wp","href":"https:\/\/api.w.org\/{rel}","templated":true}]}}