{"id":202134,"date":"2020-09-16T16:11:02","date_gmt":"2020-09-16T21:11:02","guid":{"rendered":"https:\/\/www.fiscalia.gov.co\/colombia\/?p=202134"},"modified":"2023-11-15T13:09:26","modified_gmt":"2023-11-15T18:09:26","slug":"judicializado-gobernador-de-san-andres-everth-hawkins-por-presuntas-irregularidades-de-contratacion-al-amparo-de-la-emergencia-por-el-covid-19","status":"publish","type":"post","link":"https:\/\/www.fiscalia.gov.co\/colombia\/corrupcion\/judicializado-gobernador-de-san-andres-everth-hawkins-por-presuntas-irregularidades-de-contratacion-al-amparo-de-la-emergencia-por-el-covid-19\/","title":{"rendered":"Judicializado gobernador de San Andr\u00e9s, Everth Hawkins, por presuntas irregularidades de contrataci\u00f3n al amparo de la emergencia por el Covid \u2013 19"},"content":{"rendered":"<p>La Fiscal\u00eda General de la Naci\u00f3n logr\u00f3 la judicializaci\u00f3n del gobernador de San Andr\u00e9s, Everth Julio Hawkins Sjogreen, como presunto responsable de irregularidades detectadas en un contrato de dise\u00f1o, diagramaci\u00f3n e impresi\u00f3n de material publicitario suscrito durante la emergencia sanitara.<\/p>\n<p>En las audiencias cumplidas ante un magistrado del Tribunal Superior de Bogot\u00e1, un fiscal delegado ante la Corte Suprema de Justicia se\u00f1al\u00f3 que el mandatario departamental abri\u00f3 un proceso p\u00fablico para recibir cotizaciones de varias empresas; sin embargo, 48 horas despu\u00e9s, el 18 de marzo del a\u00f1o en curso, decret\u00f3 la calamidad p\u00fablica por el Covid \u2013 19, declar\u00f3 la urgencia manifiesta en el archipi\u00e9lago y, al amparo de estas medidas, celebr\u00f3 de manera directa el contrato de servicios publicitarios con Noel Foto SAS.<\/p>\n<p>El material probatorio da cuenta de que el gobernador desconoci\u00f3 la participaci\u00f3n de otros oferentes y, con las medidas adoptadas, benefici\u00f3 a una empresa en particular, cuyo representante legal, Henry Ram\u00edrez Garc\u00eda, habr\u00eda trabajado en la campa\u00f1a pol\u00edtica para la elecci\u00f3n de Hawkins Sjogreen.<\/p>\n<p>De igual manera, se conoci\u00f3 que el mandatario departamental justific\u00f3 la declaratoria de urgencia manifiesta ante el bajo nivel de cobertura de la red hospitalaria y con el prop\u00f3sito de adoptar medidas para evitar o mitigar la sobredemanda de los servicios de salud por el Covid \u2013 19. Pero, el objeto del contrato investigado, correspond\u00eda a una estrategia publicitaria que buscaba contribuir a la imagen del gobernador y sus funcionarios, y no aportaba a atender los requerimientos sanitarios de la poblaci\u00f3n.<\/p>\n<p>El citado contrato con Noel Fotos SAS ascendi\u00f3 a 500 millones de pesos. Esta suma sali\u00f3 de los recursos del departamento y, de acuerdo con las verificaciones hechas, super\u00f3 en valor las ofertas presentadas por otras empresas, fue desembolsada a trav\u00e9s de \u00f3rdenes de pago sin una debida supervisi\u00f3n y otros mecanismos informales que incidieron en un detrimento patrimonial.<\/p>\n<p>Para la Fiscal\u00eda, el gobernador de San Andr\u00e9s vulner\u00f3 principios esenciales en la contrataci\u00f3n p\u00fablica como concurrencia, transparencia, econom\u00eda y responsabilidad, por lo que le imput\u00f3 los delitos de contrato sin cumplimiento de requisitos legales y peculado por apropiaci\u00f3n.<\/p>\n<p>Por solicitud del fiscal delegado ante la Corte Suprema de Justicia, el funcionario recibi\u00f3 medida de aseguramiento privativa de la libertad en su lugar de residencia. Una vez cumplidos los procedimientos de ley por parte del Tribunal Superior de Bogot\u00e1, el Presidente de la Rep\u00fablica suspender\u00e1 del cargo al gobernador Everth Julio Hawkins Sjogreen.<\/p>\n<p><strong><u>\u00a0Estrategia contra la corrupci\u00f3n <\/u><\/strong><\/p>\n<p>La estrategia de lucha contra la corrupci\u00f3n definida por el Fiscal General de la Naci\u00f3n, Francisco Barbosa Delgado, ha permitido capturar a 69 personas y realizar 166 imputaciones en 26 departamentos, por delitos contra el patrimonio y la administraci\u00f3n p\u00fablica. Entre los procesados hay 4 gobernadores, 6 exgobernadores, 22 alcaldes y exalcaldes, un magistrado, 10 jueces y fiscales, entre otros. Resultados obtenidos entre el 13 de febrero y el 16 de septiembre del presente a\u00f1o.<\/p>\n<p>\u201cNo se tolerar\u00e1 el saqueo sistem\u00e1tico de recursos p\u00fablicos en ning\u00fan lugar del territorio nacional\u201d, puntualiz\u00f3 el fiscal General de la Naci\u00f3n.<\/p>\n<p>La Fiscal\u00eda hace p\u00fablica esta informaci\u00f3n por razones de inter\u00e9s general.<\/p>\n\n<div class=\"twitter-share\"><a href=\"https:\/\/twitter.com\/intent\/tweet?via=fiscaliacol\" class=\"twitter-share-button\">Tweet<\/a><\/div>\n","protected":false},"excerpt":{"rendered":"<p>La Fiscal\u00eda General de la Naci\u00f3n logr\u00f3 la judicializaci\u00f3n del gobernador de San Andr\u00e9s, Everth Julio Hawkins Sjogreen, como presunto responsable de irregularidades detectadas en un contrato de dise\u00f1o, diagramaci\u00f3n [&hellip;]<\/p>\n","protected":false},"author":162,"featured_media":283371,"comment_status":"closed","ping_status":"open","sticky":false,"template":"","format":"video","meta":{"tdm_status":"","tdm_grid_status":"","footnotes":""},"categories":[24097,24107,25128,24096,1],"tags":[],"class_list":["post-202134","post","type-post","status-publish","format-video","has-post-thumbnail","category-corrupcion","category-lucha-contra-corrupcion","category-el-fiscal-en-los-territorios","category-fiscal-general-de-la-nacion","category-noticias","post_format-post-format-video"],"yoast_head":"<!-- This site is optimized with the Yoast SEO plugin v24.3 - https:\/\/yoast.com\/wordpress\/plugins\/seo\/ -->\n<title>Fiscal\u00eda General de la Naci\u00f3n<\/title>\n<meta name=\"description\" content=\"P\u00e1gina oficial de la Fiscal\u00eda General de la Naci\u00f3n \u2013 Colombia. Garantizamos el acceso efectivo a la justicia, la verdad y la reparaci\u00f3n de las v\u00edctimas de los delitos.\" \/>\n<meta name=\"robots\" content=\"noindex, follow\" \/>\n<meta property=\"og:locale\" content=\"es_ES\" \/>\n<meta property=\"og:type\" content=\"article\" \/>\n<meta property=\"og:title\" content=\"Fiscal\u00eda General de la Naci\u00f3n\" \/>\n<meta property=\"og:description\" content=\"P\u00e1gina oficial de la Fiscal\u00eda General de la Naci\u00f3n \u2013 Colombia. Garantizamos el acceso efectivo a la justicia, la verdad y la reparaci\u00f3n de las v\u00edctimas de los delitos.\" \/>\n<meta property=\"og:url\" content=\"https:\/\/www.fiscalia.gov.co\/colombia\/corrupcion\/judicializado-gobernador-de-san-andres-everth-hawkins-por-presuntas-irregularidades-de-contratacion-al-amparo-de-la-emergencia-por-el-covid-19\/\" \/>\n<meta property=\"og:site_name\" content=\"Fiscal\u00eda General de la Naci\u00f3n\" \/>\n<meta property=\"article:publisher\" content=\"https:\/\/www.facebook.com\/FiscaliaCol\" \/>\n<meta property=\"article:published_time\" content=\"2020-09-16T21:11:02+00:00\" \/>\n<meta property=\"article:modified_time\" content=\"2023-11-15T18:09:26+00:00\" \/>\n<meta property=\"og:image\" content=\"https:\/\/www.fiscalia.gov.co\/colombia\/wp-content\/uploads\/maxresdefault-1272.jpg\" \/>\n\t<meta property=\"og:image:width\" content=\"1280\" \/>\n\t<meta property=\"og:image:height\" content=\"720\" \/>\n\t<meta property=\"og:image:type\" content=\"image\/jpeg\" \/>\n<meta name=\"author\" content=\"Direcci\u00f3n de Comunicaciones Fiscal\u00eda General de la Naci\u00f3n\" \/>\n<meta name=\"twitter:card\" content=\"summary_large_image\" \/>\n<meta name=\"twitter:creator\" content=\"@FiscaliaCol\" \/>\n<meta name=\"twitter:site\" content=\"@FiscaliaCol\" \/>\n<meta name=\"twitter:label1\" content=\"Escrito por\" \/>\n\t<meta name=\"twitter:data1\" content=\"Direcci\u00f3n de Comunicaciones Fiscal\u00eda General de la Naci\u00f3n\" \/>\n\t<meta name=\"twitter:label2\" content=\"Tiempo de lectura\" \/>\n\t<meta name=\"twitter:data2\" content=\"3 minutos\" \/>\n<script type=\"application\/ld+json\" class=\"yoast-schema-graph\">{\"@context\":\"https:\/\/schema.org\",\"@graph\":[{\"@type\":\"Article\",\"@id\":\"https:\/\/www.fiscalia.gov.co\/colombia\/corrupcion\/judicializado-gobernador-de-san-andres-everth-hawkins-por-presuntas-irregularidades-de-contratacion-al-amparo-de-la-emergencia-por-el-covid-19\/#article\",\"isPartOf\":{\"@id\":\"https:\/\/www.fiscalia.gov.co\/colombia\/corrupcion\/judicializado-gobernador-de-san-andres-everth-hawkins-por-presuntas-irregularidades-de-contratacion-al-amparo-de-la-emergencia-por-el-covid-19\/\"},\"author\":{\"name\":\"Direcci\u00f3n de Comunicaciones Fiscal\u00eda General de la Naci\u00f3n\",\"@id\":\"https:\/\/www.fiscalia.gov.co\/colombia\/#\/schema\/person\/bf28d8ae7f1b287bbe3af484b04f43ea\"},\"headline\":\"Judicializado gobernador de San Andr\u00e9s, Everth Hawkins, por presuntas irregularidades de contrataci\u00f3n al amparo de la emergencia por el Covid \u2013 19\",\"datePublished\":\"2020-09-16T21:11:02+00:00\",\"dateModified\":\"2023-11-15T18:09:26+00:00\",\"mainEntityOfPage\":{\"@id\":\"https:\/\/www.fiscalia.gov.co\/colombia\/corrupcion\/judicializado-gobernador-de-san-andres-everth-hawkins-por-presuntas-irregularidades-de-contratacion-al-amparo-de-la-emergencia-por-el-covid-19\/\"},\"wordCount\":565,\"publisher\":{\"@id\":\"https:\/\/www.fiscalia.gov.co\/colombia\/#organization\"},\"image\":{\"@id\":\"https:\/\/www.fiscalia.gov.co\/colombia\/corrupcion\/judicializado-gobernador-de-san-andres-everth-hawkins-por-presuntas-irregularidades-de-contratacion-al-amparo-de-la-emergencia-por-el-covid-19\/#primaryimage\"},\"thumbnailUrl\":\"https:\/\/www.fiscalia.gov.co\/colombia\/wp-content\/uploads\/maxresdefault-1272.jpg\",\"articleSection\":[\"Corrupci\u00f3n\",\"Corrupci\u00f3n\",\"El Fiscal en los territorios\",\"Fiscal General de la Naci\u00f3n\",\"Noticias\"],\"inLanguage\":\"es-CO\"},{\"@type\":\"WebPage\",\"@id\":\"https:\/\/www.fiscalia.gov.co\/colombia\/corrupcion\/judicializado-gobernador-de-san-andres-everth-hawkins-por-presuntas-irregularidades-de-contratacion-al-amparo-de-la-emergencia-por-el-covid-19\/\",\"url\":\"https:\/\/www.fiscalia.gov.co\/colombia\/corrupcion\/judicializado-gobernador-de-san-andres-everth-hawkins-por-presuntas-irregularidades-de-contratacion-al-amparo-de-la-emergencia-por-el-covid-19\/\",\"name\":\"Fiscal\u00eda General de la Naci\u00f3n\",\"isPartOf\":{\"@id\":\"https:\/\/www.fiscalia.gov.co\/colombia\/#website\"},\"primaryImageOfPage\":{\"@id\":\"https:\/\/www.fiscalia.gov.co\/colombia\/corrupcion\/judicializado-gobernador-de-san-andres-everth-hawkins-por-presuntas-irregularidades-de-contratacion-al-amparo-de-la-emergencia-por-el-covid-19\/#primaryimage\"},\"image\":{\"@id\":\"https:\/\/www.fiscalia.gov.co\/colombia\/corrupcion\/judicializado-gobernador-de-san-andres-everth-hawkins-por-presuntas-irregularidades-de-contratacion-al-amparo-de-la-emergencia-por-el-covid-19\/#primaryimage\"},\"thumbnailUrl\":\"https:\/\/www.fiscalia.gov.co\/colombia\/wp-content\/uploads\/maxresdefault-1272.jpg\",\"datePublished\":\"2020-09-16T21:11:02+00:00\",\"dateModified\":\"2023-11-15T18:09:26+00:00\",\"description\":\"P\u00e1gina oficial de la Fiscal\u00eda General de la Naci\u00f3n \u2013 Colombia. Garantizamos el acceso efectivo a la justicia, la verdad y la reparaci\u00f3n de las v\u00edctimas de los delitos.\",\"breadcrumb\":{\"@id\":\"https:\/\/www.fiscalia.gov.co\/colombia\/corrupcion\/judicializado-gobernador-de-san-andres-everth-hawkins-por-presuntas-irregularidades-de-contratacion-al-amparo-de-la-emergencia-por-el-covid-19\/#breadcrumb\"},\"inLanguage\":\"es-CO\",\"potentialAction\":[{\"@type\":\"ReadAction\",\"target\":[\"https:\/\/www.fiscalia.gov.co\/colombia\/corrupcion\/judicializado-gobernador-de-san-andres-everth-hawkins-por-presuntas-irregularidades-de-contratacion-al-amparo-de-la-emergencia-por-el-covid-19\/\"]}]},{\"@type\":\"ImageObject\",\"inLanguage\":\"es-CO\",\"@id\":\"https:\/\/www.fiscalia.gov.co\/colombia\/corrupcion\/judicializado-gobernador-de-san-andres-everth-hawkins-por-presuntas-irregularidades-de-contratacion-al-amparo-de-la-emergencia-por-el-covid-19\/#primaryimage\",\"url\":\"https:\/\/www.fiscalia.gov.co\/colombia\/wp-content\/uploads\/maxresdefault-1272.jpg\",\"contentUrl\":\"https:\/\/www.fiscalia.gov.co\/colombia\/wp-content\/uploads\/maxresdefault-1272.jpg\",\"width\":1280,\"height\":720},{\"@type\":\"BreadcrumbList\",\"@id\":\"https:\/\/www.fiscalia.gov.co\/colombia\/corrupcion\/judicializado-gobernador-de-san-andres-everth-hawkins-por-presuntas-irregularidades-de-contratacion-al-amparo-de-la-emergencia-por-el-covid-19\/#breadcrumb\",\"itemListElement\":[{\"@type\":\"ListItem\",\"position\":1,\"name\":\"Home\",\"item\":\"https:\/\/www.fiscalia.gov.co\/colombia\/\"},{\"@type\":\"ListItem\",\"position\":2,\"name\":\"Judicializado gobernador de San Andr\u00e9s, Everth Hawkins, por presuntas irregularidades de contrataci\u00f3n al amparo de la emergencia por el Covid \u2013 19\"}]},{\"@type\":\"WebSite\",\"@id\":\"https:\/\/www.fiscalia.gov.co\/colombia\/#website\",\"url\":\"https:\/\/www.fiscalia.gov.co\/colombia\/\",\"name\":\"Fiscal\u00eda General de la Naci\u00f3n\",\"description\":\"P\u00e1gina oficial de la Fiscal\u00eda General de la Naci\u00f3n \u2013 Colombia. Garantizamos el acceso efectivo a la justicia, la verdad y la reparaci\u00f3n de las v\u00edctimas de los delitos.\",\"publisher\":{\"@id\":\"https:\/\/www.fiscalia.gov.co\/colombia\/#organization\"},\"potentialAction\":[{\"@type\":\"SearchAction\",\"target\":{\"@type\":\"EntryPoint\",\"urlTemplate\":\"https:\/\/www.fiscalia.gov.co\/colombia\/?s={search_term_string}\"},\"query-input\":{\"@type\":\"PropertyValueSpecification\",\"valueRequired\":true,\"valueName\":\"search_term_string\"}}],\"inLanguage\":\"es-CO\"},{\"@type\":\"Organization\",\"@id\":\"https:\/\/www.fiscalia.gov.co\/colombia\/#organization\",\"name\":\"Fiscal\u00eda General de la Naci\u00f3n\",\"url\":\"https:\/\/www.fiscalia.gov.co\/colombia\/\",\"logo\":{\"@type\":\"ImageObject\",\"inLanguage\":\"es-CO\",\"@id\":\"https:\/\/www.fiscalia.gov.co\/colombia\/#\/schema\/logo\/image\/\",\"url\":\"https:\/\/www.fiscalia.gov.co\/colombia\/wp-content\/uploads\/LogoHorizontal_1.jpg\",\"contentUrl\":\"https:\/\/www.fiscalia.gov.co\/colombia\/wp-content\/uploads\/LogoHorizontal_1.jpg\",\"width\":300,\"height\":90,\"caption\":\"Fiscal\u00eda General de la Naci\u00f3n\"},\"image\":{\"@id\":\"https:\/\/www.fiscalia.gov.co\/colombia\/#\/schema\/logo\/image\/\"},\"sameAs\":[\"https:\/\/www.facebook.com\/FiscaliaCol\",\"https:\/\/x.com\/FiscaliaCol\",\"https:\/\/www.instagram.com\/fiscaliacol\",\"https:\/\/www.linkedin.com\/company\/fiscalia-general-de-la-naci-n\/\",\"https:\/\/youtube.com\/@fiscaliageneraldelanacion-4668?si=6nN79nyQICPU5iTh\"]},{\"@type\":\"Person\",\"@id\":\"https:\/\/www.fiscalia.gov.co\/colombia\/#\/schema\/person\/bf28d8ae7f1b287bbe3af484b04f43ea\",\"name\":\"Direcci\u00f3n de Comunicaciones Fiscal\u00eda General de la Naci\u00f3n\",\"image\":{\"@type\":\"ImageObject\",\"inLanguage\":\"es-CO\",\"@id\":\"https:\/\/www.fiscalia.gov.co\/colombia\/#\/schema\/person\/image\/\",\"url\":\"https:\/\/secure.gravatar.com\/avatar\/9d55ae161d32da16dbdd0b380c080a5f?s=96&d=mm&r=g\",\"contentUrl\":\"https:\/\/secure.gravatar.com\/avatar\/9d55ae161d32da16dbdd0b380c080a5f?s=96&d=mm&r=g\",\"caption\":\"Direcci\u00f3n de Comunicaciones Fiscal\u00eda General de la Naci\u00f3n\"},\"url\":\"https:\/\/www.fiscalia.gov.co\/colombia\/author\/kbonilla\/\"}]}<\/script>\n<!-- \/ Yoast SEO plugin. -->","yoast_head_json":{"title":"Fiscal\u00eda General de la Naci\u00f3n","description":"P\u00e1gina oficial de la Fiscal\u00eda General de la Naci\u00f3n \u2013 Colombia. Garantizamos el acceso efectivo a la justicia, la verdad y la reparaci\u00f3n de las v\u00edctimas de los delitos.","robots":{"index":"noindex","follow":"follow"},"og_locale":"es_ES","og_type":"article","og_title":"Fiscal\u00eda General de la Naci\u00f3n","og_description":"P\u00e1gina oficial de la Fiscal\u00eda General de la Naci\u00f3n \u2013 Colombia. Garantizamos el acceso efectivo a la justicia, la verdad y la reparaci\u00f3n de las v\u00edctimas de los delitos.","og_url":"https:\/\/www.fiscalia.gov.co\/colombia\/corrupcion\/judicializado-gobernador-de-san-andres-everth-hawkins-por-presuntas-irregularidades-de-contratacion-al-amparo-de-la-emergencia-por-el-covid-19\/","og_site_name":"Fiscal\u00eda General de la Naci\u00f3n","article_publisher":"https:\/\/www.facebook.com\/FiscaliaCol","article_published_time":"2020-09-16T21:11:02+00:00","article_modified_time":"2023-11-15T18:09:26+00:00","og_image":[{"width":1280,"height":720,"url":"https:\/\/www.fiscalia.gov.co\/colombia\/wp-content\/uploads\/maxresdefault-1272.jpg","type":"image\/jpeg"}],"author":"Direcci\u00f3n de Comunicaciones Fiscal\u00eda General de la Naci\u00f3n","twitter_card":"summary_large_image","twitter_creator":"@FiscaliaCol","twitter_site":"@FiscaliaCol","twitter_misc":{"Escrito por":"Direcci\u00f3n de Comunicaciones Fiscal\u00eda General de la Naci\u00f3n","Tiempo de lectura":"3 minutos"},"schema":{"@context":"https:\/\/schema.org","@graph":[{"@type":"Article","@id":"https:\/\/www.fiscalia.gov.co\/colombia\/corrupcion\/judicializado-gobernador-de-san-andres-everth-hawkins-por-presuntas-irregularidades-de-contratacion-al-amparo-de-la-emergencia-por-el-covid-19\/#article","isPartOf":{"@id":"https:\/\/www.fiscalia.gov.co\/colombia\/corrupcion\/judicializado-gobernador-de-san-andres-everth-hawkins-por-presuntas-irregularidades-de-contratacion-al-amparo-de-la-emergencia-por-el-covid-19\/"},"author":{"name":"Direcci\u00f3n de Comunicaciones Fiscal\u00eda General de la Naci\u00f3n","@id":"https:\/\/www.fiscalia.gov.co\/colombia\/#\/schema\/person\/bf28d8ae7f1b287bbe3af484b04f43ea"},"headline":"Judicializado gobernador de San Andr\u00e9s, Everth Hawkins, por presuntas irregularidades de contrataci\u00f3n al amparo de la emergencia por el Covid \u2013 19","datePublished":"2020-09-16T21:11:02+00:00","dateModified":"2023-11-15T18:09:26+00:00","mainEntityOfPage":{"@id":"https:\/\/www.fiscalia.gov.co\/colombia\/corrupcion\/judicializado-gobernador-de-san-andres-everth-hawkins-por-presuntas-irregularidades-de-contratacion-al-amparo-de-la-emergencia-por-el-covid-19\/"},"wordCount":565,"publisher":{"@id":"https:\/\/www.fiscalia.gov.co\/colombia\/#organization"},"image":{"@id":"https:\/\/www.fiscalia.gov.co\/colombia\/corrupcion\/judicializado-gobernador-de-san-andres-everth-hawkins-por-presuntas-irregularidades-de-contratacion-al-amparo-de-la-emergencia-por-el-covid-19\/#primaryimage"},"thumbnailUrl":"https:\/\/www.fiscalia.gov.co\/colombia\/wp-content\/uploads\/maxresdefault-1272.jpg","articleSection":["Corrupci\u00f3n","Corrupci\u00f3n","El Fiscal en los territorios","Fiscal General de la Naci\u00f3n","Noticias"],"inLanguage":"es-CO"},{"@type":"WebPage","@id":"https:\/\/www.fiscalia.gov.co\/colombia\/corrupcion\/judicializado-gobernador-de-san-andres-everth-hawkins-por-presuntas-irregularidades-de-contratacion-al-amparo-de-la-emergencia-por-el-covid-19\/","url":"https:\/\/www.fiscalia.gov.co\/colombia\/corrupcion\/judicializado-gobernador-de-san-andres-everth-hawkins-por-presuntas-irregularidades-de-contratacion-al-amparo-de-la-emergencia-por-el-covid-19\/","name":"Fiscal\u00eda General de la Naci\u00f3n","isPartOf":{"@id":"https:\/\/www.fiscalia.gov.co\/colombia\/#website"},"primaryImageOfPage":{"@id":"https:\/\/www.fiscalia.gov.co\/colombia\/corrupcion\/judicializado-gobernador-de-san-andres-everth-hawkins-por-presuntas-irregularidades-de-contratacion-al-amparo-de-la-emergencia-por-el-covid-19\/#primaryimage"},"image":{"@id":"https:\/\/www.fiscalia.gov.co\/colombia\/corrupcion\/judicializado-gobernador-de-san-andres-everth-hawkins-por-presuntas-irregularidades-de-contratacion-al-amparo-de-la-emergencia-por-el-covid-19\/#primaryimage"},"thumbnailUrl":"https:\/\/www.fiscalia.gov.co\/colombia\/wp-content\/uploads\/maxresdefault-1272.jpg","datePublished":"2020-09-16T21:11:02+00:00","dateModified":"2023-11-15T18:09:26+00:00","description":"P\u00e1gina oficial de la Fiscal\u00eda General de la Naci\u00f3n \u2013 Colombia. Garantizamos el acceso efectivo a la justicia, la verdad y la reparaci\u00f3n de las v\u00edctimas de los delitos.","breadcrumb":{"@id":"https:\/\/www.fiscalia.gov.co\/colombia\/corrupcion\/judicializado-gobernador-de-san-andres-everth-hawkins-por-presuntas-irregularidades-de-contratacion-al-amparo-de-la-emergencia-por-el-covid-19\/#breadcrumb"},"inLanguage":"es-CO","potentialAction":[{"@type":"ReadAction","target":["https:\/\/www.fiscalia.gov.co\/colombia\/corrupcion\/judicializado-gobernador-de-san-andres-everth-hawkins-por-presuntas-irregularidades-de-contratacion-al-amparo-de-la-emergencia-por-el-covid-19\/"]}]},{"@type":"ImageObject","inLanguage":"es-CO","@id":"https:\/\/www.fiscalia.gov.co\/colombia\/corrupcion\/judicializado-gobernador-de-san-andres-everth-hawkins-por-presuntas-irregularidades-de-contratacion-al-amparo-de-la-emergencia-por-el-covid-19\/#primaryimage","url":"https:\/\/www.fiscalia.gov.co\/colombia\/wp-content\/uploads\/maxresdefault-1272.jpg","contentUrl":"https:\/\/www.fiscalia.gov.co\/colombia\/wp-content\/uploads\/maxresdefault-1272.jpg","width":1280,"height":720},{"@type":"BreadcrumbList","@id":"https:\/\/www.fiscalia.gov.co\/colombia\/corrupcion\/judicializado-gobernador-de-san-andres-everth-hawkins-por-presuntas-irregularidades-de-contratacion-al-amparo-de-la-emergencia-por-el-covid-19\/#breadcrumb","itemListElement":[{"@type":"ListItem","position":1,"name":"Home","item":"https:\/\/www.fiscalia.gov.co\/colombia\/"},{"@type":"ListItem","position":2,"name":"Judicializado gobernador de San Andr\u00e9s, Everth Hawkins, por presuntas irregularidades de contrataci\u00f3n al amparo de la emergencia por el Covid \u2013 19"}]},{"@type":"WebSite","@id":"https:\/\/www.fiscalia.gov.co\/colombia\/#website","url":"https:\/\/www.fiscalia.gov.co\/colombia\/","name":"Fiscal\u00eda General de la Naci\u00f3n","description":"P\u00e1gina oficial de la Fiscal\u00eda General de la Naci\u00f3n \u2013 Colombia. Garantizamos el acceso efectivo a la justicia, la verdad y la reparaci\u00f3n de las v\u00edctimas de los delitos.","publisher":{"@id":"https:\/\/www.fiscalia.gov.co\/colombia\/#organization"},"potentialAction":[{"@type":"SearchAction","target":{"@type":"EntryPoint","urlTemplate":"https:\/\/www.fiscalia.gov.co\/colombia\/?s={search_term_string}"},"query-input":{"@type":"PropertyValueSpecification","valueRequired":true,"valueName":"search_term_string"}}],"inLanguage":"es-CO"},{"@type":"Organization","@id":"https:\/\/www.fiscalia.gov.co\/colombia\/#organization","name":"Fiscal\u00eda General de la Naci\u00f3n","url":"https:\/\/www.fiscalia.gov.co\/colombia\/","logo":{"@type":"ImageObject","inLanguage":"es-CO","@id":"https:\/\/www.fiscalia.gov.co\/colombia\/#\/schema\/logo\/image\/","url":"https:\/\/www.fiscalia.gov.co\/colombia\/wp-content\/uploads\/LogoHorizontal_1.jpg","contentUrl":"https:\/\/www.fiscalia.gov.co\/colombia\/wp-content\/uploads\/LogoHorizontal_1.jpg","width":300,"height":90,"caption":"Fiscal\u00eda General de la Naci\u00f3n"},"image":{"@id":"https:\/\/www.fiscalia.gov.co\/colombia\/#\/schema\/logo\/image\/"},"sameAs":["https:\/\/www.facebook.com\/FiscaliaCol","https:\/\/x.com\/FiscaliaCol","https:\/\/www.instagram.com\/fiscaliacol","https:\/\/www.linkedin.com\/company\/fiscalia-general-de-la-naci-n\/","https:\/\/youtube.com\/@fiscaliageneraldelanacion-4668?si=6nN79nyQICPU5iTh"]},{"@type":"Person","@id":"https:\/\/www.fiscalia.gov.co\/colombia\/#\/schema\/person\/bf28d8ae7f1b287bbe3af484b04f43ea","name":"Direcci\u00f3n de Comunicaciones Fiscal\u00eda General de la Naci\u00f3n","image":{"@type":"ImageObject","inLanguage":"es-CO","@id":"https:\/\/www.fiscalia.gov.co\/colombia\/#\/schema\/person\/image\/","url":"https:\/\/secure.gravatar.com\/avatar\/9d55ae161d32da16dbdd0b380c080a5f?s=96&d=mm&r=g","contentUrl":"https:\/\/secure.gravatar.com\/avatar\/9d55ae161d32da16dbdd0b380c080a5f?s=96&d=mm&r=g","caption":"Direcci\u00f3n de Comunicaciones Fiscal\u00eda General de la Naci\u00f3n"},"url":"https:\/\/www.fiscalia.gov.co\/colombia\/author\/kbonilla\/"}]}},"_links":{"self":[{"href":"https:\/\/www.fiscalia.gov.co\/colombia\/wp-json\/wp\/v2\/posts\/202134","targetHints":{"allow":["GET"]}}],"collection":[{"href":"https:\/\/www.fiscalia.gov.co\/colombia\/wp-json\/wp\/v2\/posts"}],"about":[{"href":"https:\/\/www.fiscalia.gov.co\/colombia\/wp-json\/wp\/v2\/types\/post"}],"author":[{"embeddable":true,"href":"https:\/\/www.fiscalia.gov.co\/colombia\/wp-json\/wp\/v2\/users\/162"}],"replies":[{"embeddable":true,"href":"https:\/\/www.fiscalia.gov.co\/colombia\/wp-json\/wp\/v2\/comments?post=202134"}],"version-history":[{"count":5,"href":"https:\/\/www.fiscalia.gov.co\/colombia\/wp-json\/wp\/v2\/posts\/202134\/revisions"}],"predecessor-version":[{"id":202151,"href":"https:\/\/www.fiscalia.gov.co\/colombia\/wp-json\/wp\/v2\/posts\/202134\/revisions\/202151"}],"wp:featuredmedia":[{"embeddable":true,"href":"https:\/\/www.fiscalia.gov.co\/colombia\/wp-json\/wp\/v2\/media\/283371"}],"wp:attachment":[{"href":"https:\/\/www.fiscalia.gov.co\/colombia\/wp-json\/wp\/v2\/media?parent=202134"}],"wp:term":[{"taxonomy":"category","embeddable":true,"href":"https:\/\/www.fiscalia.gov.co\/colombia\/wp-json\/wp\/v2\/categories?post=202134"},{"taxonomy":"post_tag","embeddable":true,"href":"https:\/\/www.fiscalia.gov.co\/colombia\/wp-json\/wp\/v2\/tags?post=202134"}],"curies":[{"name":"wp","href":"https:\/\/api.w.org\/{rel}","templated":true}]}}