{"id":201367,"date":"2020-09-05T10:53:17","date_gmt":"2020-09-05T15:53:17","guid":{"rendered":"https:\/\/www.fiscalia.gov.co\/colombia\/?p=201367"},"modified":"2020-09-05T10:53:17","modified_gmt":"2020-09-05T15:53:17","slug":"judicializados-presuntos-responsables-de-deteriorar-la-sierra-de-la-macarena-con-actividades-de-ganaderia","status":"publish","type":"post","link":"https:\/\/www.fiscalia.gov.co\/colombia\/dano-al-medio-ambiente\/judicializados-presuntos-responsables-de-deteriorar-la-sierra-de-la-macarena-con-actividades-de-ganaderia\/","title":{"rendered":"Judicializados presuntos responsables de deteriorar la Sierra de La Macarena con actividades de ganader\u00eda"},"content":{"rendered":"<p class=\"s5\"><span class=\"s7\"><span class=\"bumpedFont15\">La Fiscal\u00eda General de la Naci\u00f3n present\u00f3 ante un juez de control de garant\u00edas de Guaviare a ocho personas se\u00f1aladas de realizar una agresiva actividad de ganader\u00eda extensiva, que ser\u00eda una de las principales causas del deterioro ambiental del Parque Nacional Natural Sierra de La Macarena, en Meta.<\/span><\/span><\/p>\n<p class=\"s5\"><span class=\"s7\"><span class=\"bumpedFont15\">Un fiscal de la Direcci\u00f3n Especializada contra las Violaciones a los Derechos Humanos imput\u00f3 a los procesados por los delitos de invasi\u00f3n de \u00e1rea de especial importancia ecol\u00f3gica agravada, incendio e il\u00edcito aprovechamiento de los recursos naturales. Adicionalmente, a tres de los procesados se les formularon cargos por porte ilegal de armas de fuego.<\/span><\/span><\/p>\n<p class=\"s8\"><span class=\"s7\"><span class=\"bumpedFont15\">El material probatorio da cuenta de que en seis puntos distin<\/span><\/span><span class=\"s7\"><span class=\"bumpedFont15\">tos de la Sierra de La Macarena<\/span><\/span><span class=\"s7\"><span class=\"bumpedFont15\"> se realizaron quemas y tala de bosque nativo <\/span><\/span><span class=\"s7\"><span class=\"bumpedFont15\">para ampliar la frontera agr\u00edcola<\/span><\/span><span class=\"s7\"><span class=\"bumpedFont15\"> y<\/span><\/span><span class=\"s7\"><span class=\"bumpedFont15\"> tomar posesi\u00f3n de <\/span><\/span><span class=\"s7\"><span class=\"bumpedFont15\">248 hect\u00e1reas <\/span><\/span><span class=\"s7\"><span class=\"bumpedFont15\">para la cr\u00eda de ganado<\/span><\/span><span class=\"s7\"><span class=\"bumpedFont15\">. <\/span><\/span><\/p>\n<p class=\"s8\"><span class=\"s7\"><span class=\"bumpedFont15\">Los peritos ambientales constataron el grave da\u00f1o ocasionado por esta actividad que, adem\u00e1s de la deforestaci\u00f3n, afect\u00f3 el suelo con sustancias contaminantes producto del cuidado de las reses.<\/span><\/span><\/p>\n<p class=\"s8\"><span class=\"s7\"><span class=\"bumpedFont15\">En la investigaci\u00f3n se estableci\u00f3 que una de las imputadas, una mujer de 73 a\u00f1os, asegur\u00f3 ser la propietaria de 200 hect\u00e1reas en el parque natural. En este terreno dispuso de corrales <\/span><\/span><span class=\"s7\"><span class=\"bumpedFont15\">e<\/span><\/span><span class=\"s7\"><span class=\"bumpedFont15\">infraestructura para criar entre 40 y 50 cabezas de ganado, <\/span><\/span><span class=\"s7\"><span class=\"bumpedFont15\">as\u00ed como otras <\/span><\/span><span class=\"s7\"><span class=\"bumpedFont15\">laborares <\/span><\/span><span class=\"s7\"><span class=\"bumpedFont15\">que est\u00e1n <\/span><\/span><span class=\"s7\"><span class=\"bumpedFont15\">prohibidas en una zona de especial protecci\u00f3n, declarada como reserva biol\u00f3gica del pa\u00eds.<\/span><\/span><\/p>\n<p class=\"s8\"><span class=\"s7\"><span class=\"bumpedFont15\">Por solicitud de las Fiscal\u00eda, las tres personas involucradas con el porte de armas de fuego recibieron medida de aseguramiento de detenci\u00f3n en el lugar de residencia. Los dem\u00e1s procesados no podr\u00e1n ingresar a cualquiera de los Parques Nacionales Naturales de <\/span><\/span><span class=\"s7\"><span class=\"bumpedFont15\">Colombia<\/span><\/span><span class=\"s7\"><span class=\"bumpedFont15\"> y deber\u00e1n atender todos los llamados de las autoridades judiciales. <\/span><\/span><\/p>\n<p class=\"s8\"><span class=\"s9\"><span class=\"bumpedFont15\">Capturas<\/span><\/span><\/p>\n<p class=\"s8\"><span class=\"s7\"><span class=\"bumpedFont15\">Las ocho personas llevadas ante un juez de control de garant\u00edas fueron capturadas gracias a la acci\u00f3n articulada de la Fiscal\u00eda General de la Naci\u00f3n, la Polic\u00eda Nacional y la Fuerzas <\/span><\/span><span class=\"s7\"><span class=\"bumpedFont15\">Milit<\/span><\/span><a name=\"_GoBack\"><\/a><span class=\"s7\"><span class=\"bumpedFont15\">ares<\/span><\/span><span class=\"s7\"><span class=\"bumpedFont15\">, en diligencias realizadas en jurisdicci\u00f3n de Puerto Rico (Meta). <\/span><\/span><\/p>\n<p class=\"s5\"><span class=\"s7\"><span class=\"bumpedFont15\">Siete de las detenciones fueron en flagrancia y una, la de la mujer de 73 a\u00f1os, fue por orden judicial. Durante los procedimientos se incautaron 2 Carabinas, <\/span><\/span><span class=\"s7\"><span class=\"bumpedFont15\">5 <\/span><\/span><span class=\"s7\"><span class=\"bumpedFont15\">e<\/span><\/span><span class=\"s7\"><span class=\"bumpedFont15\">scopetas de fabricaci\u00f3n artesanal<\/span><\/span><span class=\"s7\"><span class=\"bumpedFont15\">, <\/span><\/span><span class=\"s7\"><span class=\"bumpedFont15\">2 <\/span><\/span><span class=\"s7\"><span class=\"bumpedFont15\">motosierras, 2 g<\/span><\/span><span class=\"s7\"><span class=\"bumpedFont15\">uada\u00f1as<\/span><\/span><span class=\"s7\"><span class=\"bumpedFont15\"> y <\/span><\/span><span class=\"s7\"><span class=\"bumpedFont15\">1 motor de <\/span><\/span><span class=\"s7\"><span class=\"bumpedFont15\">motosierra.<\/span><\/span><\/p>\n<p class=\"s5\"><span class=\"s7\"><span class=\"bumpedFont15\">Este resultado investigativo y operacional hace parte de la \u2018Estrategia contra la Deforestaci\u00f3n en la Amazon\u00eda\u2019 definida por la Fiscal\u00eda, y responde a los lineamientos fijados por el Fiscal General de la Naci\u00f3n, Francisco Barbosa Delgado, para ubicar y judicializar a los responsables de acciones criminales contra los recursos naturales.<\/span><\/span><\/p>\n<p class=\"s5\"><span class=\"s7\"><span class=\"bumpedFont15\">La Fiscal\u00eda General de la Naci\u00f3n hace p\u00fablica esta informaci\u00f3n por razones de inter\u00e9s general.<\/span><\/span><\/p>\n\n<div class=\"twitter-share\"><a href=\"https:\/\/twitter.com\/intent\/tweet?via=fiscaliacol\" class=\"twitter-share-button\">Tweet<\/a><\/div>\n","protected":false},"excerpt":{"rendered":"<p>La Fiscal\u00eda General de la Naci\u00f3n present\u00f3 ante un juez de control de garant\u00edas de Guaviare a ocho personas se\u00f1aladas de realizar una agresiva actividad de ganader\u00eda extensiva, que ser\u00eda una de las principales causas del deterioro ambiental del Parque Nacional Natural Sierra de La Macarena, en Meta. Un fiscal de la Direcci\u00f3n Especializada contra [&hellip;]<\/p>\n","protected":false},"author":162,"featured_media":0,"comment_status":"closed","ping_status":"open","sticky":false,"template":"","format":"standard","meta":{"_price":"","_stock":"","_tribe_ticket_header":"","_tribe_default_ticket_provider":"","_tribe_ticket_capacity":"0","_ticket_start_date":"","_ticket_end_date":"","_tribe_ticket_show_description":"","_tribe_ticket_show_not_going":false,"_tribe_ticket_use_global_stock":"","_tribe_ticket_global_stock_level":"","_global_stock_mode":"","_global_stock_cap":"","_tribe_rsvp_for_event":"","_tribe_ticket_going_count":"","_tribe_ticket_not_going_count":"","_tribe_tickets_list":"[]","_tribe_ticket_has_attendee_info_fields":false,"tdm_status":"","tdm_grid_status":"","footnotes":""},"categories":[24124,24102],"tags":[],"class_list":{"0":"post-201367","1":"post","2":"type-post","3":"status-publish","4":"format-standard","6":"category-dano-al-medio-ambiente","7":"category-derechos-humanos"},"yoast_head":"<!-- This site is optimized with the Yoast SEO plugin v24.3 - https:\/\/yoast.com\/wordpress\/plugins\/seo\/ -->\n<title>Fiscal\u00eda General de la Naci\u00f3n<\/title>\n<meta name=\"description\" content=\"P\u00e1gina oficial de la Fiscal\u00eda General de la Naci\u00f3n \u2013 Colombia. Garantizamos el acceso efectivo a la justicia, la verdad y la reparaci\u00f3n de las v\u00edctimas de los delitos.\" \/>\n<meta name=\"robots\" content=\"noindex, follow\" \/>\n<meta property=\"og:locale\" content=\"es_ES\" \/>\n<meta property=\"og:type\" content=\"article\" \/>\n<meta property=\"og:title\" content=\"Fiscal\u00eda General de la Naci\u00f3n\" \/>\n<meta property=\"og:description\" content=\"P\u00e1gina oficial de la Fiscal\u00eda General de la Naci\u00f3n \u2013 Colombia. Garantizamos el acceso efectivo a la justicia, la verdad y la reparaci\u00f3n de las v\u00edctimas de los delitos.\" \/>\n<meta property=\"og:url\" content=\"https:\/\/www.fiscalia.gov.co\/colombia\/dano-al-medio-ambiente\/judicializados-presuntos-responsables-de-deteriorar-la-sierra-de-la-macarena-con-actividades-de-ganaderia\/\" \/>\n<meta property=\"og:site_name\" content=\"Fiscal\u00eda General de la Naci\u00f3n\" \/>\n<meta property=\"article:publisher\" content=\"https:\/\/www.facebook.com\/FiscaliaCol\" \/>\n<meta property=\"article:published_time\" content=\"2020-09-05T15:53:17+00:00\" \/>\n<meta name=\"author\" content=\"Direcci\u00f3n de Comunicaciones Fiscal\u00eda General de la Naci\u00f3n\" \/>\n<meta name=\"twitter:card\" content=\"summary_large_image\" \/>\n<meta name=\"twitter:creator\" content=\"@FiscaliaCol\" \/>\n<meta name=\"twitter:site\" content=\"@FiscaliaCol\" \/>\n<meta name=\"twitter:label1\" content=\"Escrito por\" \/>\n\t<meta name=\"twitter:data1\" content=\"Direcci\u00f3n de Comunicaciones Fiscal\u00eda General de la Naci\u00f3n\" \/>\n\t<meta name=\"twitter:label2\" content=\"Tiempo de lectura\" \/>\n\t<meta name=\"twitter:data2\" content=\"2 minutos\" \/>\n<script type=\"application\/ld+json\" class=\"yoast-schema-graph\">{\"@context\":\"https:\/\/schema.org\",\"@graph\":[{\"@type\":\"Article\",\"@id\":\"https:\/\/www.fiscalia.gov.co\/colombia\/dano-al-medio-ambiente\/judicializados-presuntos-responsables-de-deteriorar-la-sierra-de-la-macarena-con-actividades-de-ganaderia\/#article\",\"isPartOf\":{\"@id\":\"https:\/\/www.fiscalia.gov.co\/colombia\/dano-al-medio-ambiente\/judicializados-presuntos-responsables-de-deteriorar-la-sierra-de-la-macarena-con-actividades-de-ganaderia\/\"},\"author\":{\"name\":\"Direcci\u00f3n de Comunicaciones Fiscal\u00eda General de la Naci\u00f3n\",\"@id\":\"https:\/\/www.fiscalia.gov.co\/colombia\/#\/schema\/person\/bf28d8ae7f1b287bbe3af484b04f43ea\"},\"headline\":\"Judicializados presuntos responsables de deteriorar la Sierra de La Macarena con actividades de ganader\u00eda\",\"datePublished\":\"2020-09-05T15:53:17+00:00\",\"dateModified\":\"2020-09-05T15:53:17+00:00\",\"mainEntityOfPage\":{\"@id\":\"https:\/\/www.fiscalia.gov.co\/colombia\/dano-al-medio-ambiente\/judicializados-presuntos-responsables-de-deteriorar-la-sierra-de-la-macarena-con-actividades-de-ganaderia\/\"},\"wordCount\":488,\"publisher\":{\"@id\":\"https:\/\/www.fiscalia.gov.co\/colombia\/#organization\"},\"articleSection\":[\"Da\u00f1o al medio ambiente\",\"Derechos Humanos\"],\"inLanguage\":\"es-CO\"},{\"@type\":\"WebPage\",\"@id\":\"https:\/\/www.fiscalia.gov.co\/colombia\/dano-al-medio-ambiente\/judicializados-presuntos-responsables-de-deteriorar-la-sierra-de-la-macarena-con-actividades-de-ganaderia\/\",\"url\":\"https:\/\/www.fiscalia.gov.co\/colombia\/dano-al-medio-ambiente\/judicializados-presuntos-responsables-de-deteriorar-la-sierra-de-la-macarena-con-actividades-de-ganaderia\/\",\"name\":\"Fiscal\u00eda General de la Naci\u00f3n\",\"isPartOf\":{\"@id\":\"https:\/\/www.fiscalia.gov.co\/colombia\/#website\"},\"datePublished\":\"2020-09-05T15:53:17+00:00\",\"dateModified\":\"2020-09-05T15:53:17+00:00\",\"description\":\"P\u00e1gina oficial de la Fiscal\u00eda General de la Naci\u00f3n \u2013 Colombia. Garantizamos el acceso efectivo a la justicia, la verdad y la reparaci\u00f3n de las v\u00edctimas de los delitos.\",\"breadcrumb\":{\"@id\":\"https:\/\/www.fiscalia.gov.co\/colombia\/dano-al-medio-ambiente\/judicializados-presuntos-responsables-de-deteriorar-la-sierra-de-la-macarena-con-actividades-de-ganaderia\/#breadcrumb\"},\"inLanguage\":\"es-CO\",\"potentialAction\":[{\"@type\":\"ReadAction\",\"target\":[\"https:\/\/www.fiscalia.gov.co\/colombia\/dano-al-medio-ambiente\/judicializados-presuntos-responsables-de-deteriorar-la-sierra-de-la-macarena-con-actividades-de-ganaderia\/\"]}]},{\"@type\":\"BreadcrumbList\",\"@id\":\"https:\/\/www.fiscalia.gov.co\/colombia\/dano-al-medio-ambiente\/judicializados-presuntos-responsables-de-deteriorar-la-sierra-de-la-macarena-con-actividades-de-ganaderia\/#breadcrumb\",\"itemListElement\":[{\"@type\":\"ListItem\",\"position\":1,\"name\":\"Home\",\"item\":\"https:\/\/www.fiscalia.gov.co\/colombia\/\"},{\"@type\":\"ListItem\",\"position\":2,\"name\":\"Judicializados presuntos responsables de deteriorar la Sierra de La Macarena con actividades de ganader\u00eda\"}]},{\"@type\":\"WebSite\",\"@id\":\"https:\/\/www.fiscalia.gov.co\/colombia\/#website\",\"url\":\"https:\/\/www.fiscalia.gov.co\/colombia\/\",\"name\":\"Fiscal\u00eda General de la Naci\u00f3n\",\"description\":\"P\u00e1gina oficial de la Fiscal\u00eda General de la Naci\u00f3n \u2013 Colombia. Garantizamos el acceso efectivo a la justicia, la verdad y la reparaci\u00f3n de las v\u00edctimas de los delitos.\",\"publisher\":{\"@id\":\"https:\/\/www.fiscalia.gov.co\/colombia\/#organization\"},\"potentialAction\":[{\"@type\":\"SearchAction\",\"target\":{\"@type\":\"EntryPoint\",\"urlTemplate\":\"https:\/\/www.fiscalia.gov.co\/colombia\/?s={search_term_string}\"},\"query-input\":{\"@type\":\"PropertyValueSpecification\",\"valueRequired\":true,\"valueName\":\"search_term_string\"}}],\"inLanguage\":\"es-CO\"},{\"@type\":\"Organization\",\"@id\":\"https:\/\/www.fiscalia.gov.co\/colombia\/#organization\",\"name\":\"Fiscal\u00eda General de la Naci\u00f3n\",\"url\":\"https:\/\/www.fiscalia.gov.co\/colombia\/\",\"logo\":{\"@type\":\"ImageObject\",\"inLanguage\":\"es-CO\",\"@id\":\"https:\/\/www.fiscalia.gov.co\/colombia\/#\/schema\/logo\/image\/\",\"url\":\"https:\/\/www.fiscalia.gov.co\/colombia\/wp-content\/uploads\/LogoHorizontal_1.jpg\",\"contentUrl\":\"https:\/\/www.fiscalia.gov.co\/colombia\/wp-content\/uploads\/LogoHorizontal_1.jpg\",\"width\":300,\"height\":90,\"caption\":\"Fiscal\u00eda General de la Naci\u00f3n\"},\"image\":{\"@id\":\"https:\/\/www.fiscalia.gov.co\/colombia\/#\/schema\/logo\/image\/\"},\"sameAs\":[\"https:\/\/www.facebook.com\/FiscaliaCol\",\"https:\/\/x.com\/FiscaliaCol\",\"https:\/\/www.instagram.com\/fiscaliacol\",\"https:\/\/www.linkedin.com\/company\/fiscalia-general-de-la-naci-n\/\",\"https:\/\/youtube.com\/@fiscaliageneraldelanacion-4668?si=6nN79nyQICPU5iTh\"]},{\"@type\":\"Person\",\"@id\":\"https:\/\/www.fiscalia.gov.co\/colombia\/#\/schema\/person\/bf28d8ae7f1b287bbe3af484b04f43ea\",\"name\":\"Direcci\u00f3n de Comunicaciones Fiscal\u00eda General de la Naci\u00f3n\",\"image\":{\"@type\":\"ImageObject\",\"inLanguage\":\"es-CO\",\"@id\":\"https:\/\/www.fiscalia.gov.co\/colombia\/#\/schema\/person\/image\/\",\"url\":\"https:\/\/secure.gravatar.com\/avatar\/9d55ae161d32da16dbdd0b380c080a5f?s=96&d=mm&r=g\",\"contentUrl\":\"https:\/\/secure.gravatar.com\/avatar\/9d55ae161d32da16dbdd0b380c080a5f?s=96&d=mm&r=g\",\"caption\":\"Direcci\u00f3n de Comunicaciones Fiscal\u00eda General de la Naci\u00f3n\"},\"url\":\"https:\/\/www.fiscalia.gov.co\/colombia\/author\/kbonilla\/\"}]}<\/script>\n<!-- \/ Yoast SEO plugin. -->","yoast_head_json":{"title":"Fiscal\u00eda General de la Naci\u00f3n","description":"P\u00e1gina oficial de la Fiscal\u00eda General de la Naci\u00f3n \u2013 Colombia. Garantizamos el acceso efectivo a la justicia, la verdad y la reparaci\u00f3n de las v\u00edctimas de los delitos.","robots":{"index":"noindex","follow":"follow"},"og_locale":"es_ES","og_type":"article","og_title":"Fiscal\u00eda General de la Naci\u00f3n","og_description":"P\u00e1gina oficial de la Fiscal\u00eda General de la Naci\u00f3n \u2013 Colombia. Garantizamos el acceso efectivo a la justicia, la verdad y la reparaci\u00f3n de las v\u00edctimas de los delitos.","og_url":"https:\/\/www.fiscalia.gov.co\/colombia\/dano-al-medio-ambiente\/judicializados-presuntos-responsables-de-deteriorar-la-sierra-de-la-macarena-con-actividades-de-ganaderia\/","og_site_name":"Fiscal\u00eda General de la Naci\u00f3n","article_publisher":"https:\/\/www.facebook.com\/FiscaliaCol","article_published_time":"2020-09-05T15:53:17+00:00","author":"Direcci\u00f3n de Comunicaciones Fiscal\u00eda General de la Naci\u00f3n","twitter_card":"summary_large_image","twitter_creator":"@FiscaliaCol","twitter_site":"@FiscaliaCol","twitter_misc":{"Escrito por":"Direcci\u00f3n de Comunicaciones Fiscal\u00eda General de la Naci\u00f3n","Tiempo de lectura":"2 minutos"},"schema":{"@context":"https:\/\/schema.org","@graph":[{"@type":"Article","@id":"https:\/\/www.fiscalia.gov.co\/colombia\/dano-al-medio-ambiente\/judicializados-presuntos-responsables-de-deteriorar-la-sierra-de-la-macarena-con-actividades-de-ganaderia\/#article","isPartOf":{"@id":"https:\/\/www.fiscalia.gov.co\/colombia\/dano-al-medio-ambiente\/judicializados-presuntos-responsables-de-deteriorar-la-sierra-de-la-macarena-con-actividades-de-ganaderia\/"},"author":{"name":"Direcci\u00f3n de Comunicaciones Fiscal\u00eda General de la Naci\u00f3n","@id":"https:\/\/www.fiscalia.gov.co\/colombia\/#\/schema\/person\/bf28d8ae7f1b287bbe3af484b04f43ea"},"headline":"Judicializados presuntos responsables de deteriorar la Sierra de La Macarena con actividades de ganader\u00eda","datePublished":"2020-09-05T15:53:17+00:00","dateModified":"2020-09-05T15:53:17+00:00","mainEntityOfPage":{"@id":"https:\/\/www.fiscalia.gov.co\/colombia\/dano-al-medio-ambiente\/judicializados-presuntos-responsables-de-deteriorar-la-sierra-de-la-macarena-con-actividades-de-ganaderia\/"},"wordCount":488,"publisher":{"@id":"https:\/\/www.fiscalia.gov.co\/colombia\/#organization"},"articleSection":["Da\u00f1o al medio ambiente","Derechos Humanos"],"inLanguage":"es-CO"},{"@type":"WebPage","@id":"https:\/\/www.fiscalia.gov.co\/colombia\/dano-al-medio-ambiente\/judicializados-presuntos-responsables-de-deteriorar-la-sierra-de-la-macarena-con-actividades-de-ganaderia\/","url":"https:\/\/www.fiscalia.gov.co\/colombia\/dano-al-medio-ambiente\/judicializados-presuntos-responsables-de-deteriorar-la-sierra-de-la-macarena-con-actividades-de-ganaderia\/","name":"Fiscal\u00eda General de la Naci\u00f3n","isPartOf":{"@id":"https:\/\/www.fiscalia.gov.co\/colombia\/#website"},"datePublished":"2020-09-05T15:53:17+00:00","dateModified":"2020-09-05T15:53:17+00:00","description":"P\u00e1gina oficial de la Fiscal\u00eda General de la Naci\u00f3n \u2013 Colombia. Garantizamos el acceso efectivo a la justicia, la verdad y la reparaci\u00f3n de las v\u00edctimas de los delitos.","breadcrumb":{"@id":"https:\/\/www.fiscalia.gov.co\/colombia\/dano-al-medio-ambiente\/judicializados-presuntos-responsables-de-deteriorar-la-sierra-de-la-macarena-con-actividades-de-ganaderia\/#breadcrumb"},"inLanguage":"es-CO","potentialAction":[{"@type":"ReadAction","target":["https:\/\/www.fiscalia.gov.co\/colombia\/dano-al-medio-ambiente\/judicializados-presuntos-responsables-de-deteriorar-la-sierra-de-la-macarena-con-actividades-de-ganaderia\/"]}]},{"@type":"BreadcrumbList","@id":"https:\/\/www.fiscalia.gov.co\/colombia\/dano-al-medio-ambiente\/judicializados-presuntos-responsables-de-deteriorar-la-sierra-de-la-macarena-con-actividades-de-ganaderia\/#breadcrumb","itemListElement":[{"@type":"ListItem","position":1,"name":"Home","item":"https:\/\/www.fiscalia.gov.co\/colombia\/"},{"@type":"ListItem","position":2,"name":"Judicializados presuntos responsables de deteriorar la Sierra de La Macarena con actividades de ganader\u00eda"}]},{"@type":"WebSite","@id":"https:\/\/www.fiscalia.gov.co\/colombia\/#website","url":"https:\/\/www.fiscalia.gov.co\/colombia\/","name":"Fiscal\u00eda General de la Naci\u00f3n","description":"P\u00e1gina oficial de la Fiscal\u00eda General de la Naci\u00f3n \u2013 Colombia. Garantizamos el acceso efectivo a la justicia, la verdad y la reparaci\u00f3n de las v\u00edctimas de los delitos.","publisher":{"@id":"https:\/\/www.fiscalia.gov.co\/colombia\/#organization"},"potentialAction":[{"@type":"SearchAction","target":{"@type":"EntryPoint","urlTemplate":"https:\/\/www.fiscalia.gov.co\/colombia\/?s={search_term_string}"},"query-input":{"@type":"PropertyValueSpecification","valueRequired":true,"valueName":"search_term_string"}}],"inLanguage":"es-CO"},{"@type":"Organization","@id":"https:\/\/www.fiscalia.gov.co\/colombia\/#organization","name":"Fiscal\u00eda General de la Naci\u00f3n","url":"https:\/\/www.fiscalia.gov.co\/colombia\/","logo":{"@type":"ImageObject","inLanguage":"es-CO","@id":"https:\/\/www.fiscalia.gov.co\/colombia\/#\/schema\/logo\/image\/","url":"https:\/\/www.fiscalia.gov.co\/colombia\/wp-content\/uploads\/LogoHorizontal_1.jpg","contentUrl":"https:\/\/www.fiscalia.gov.co\/colombia\/wp-content\/uploads\/LogoHorizontal_1.jpg","width":300,"height":90,"caption":"Fiscal\u00eda General de la Naci\u00f3n"},"image":{"@id":"https:\/\/www.fiscalia.gov.co\/colombia\/#\/schema\/logo\/image\/"},"sameAs":["https:\/\/www.facebook.com\/FiscaliaCol","https:\/\/x.com\/FiscaliaCol","https:\/\/www.instagram.com\/fiscaliacol","https:\/\/www.linkedin.com\/company\/fiscalia-general-de-la-naci-n\/","https:\/\/youtube.com\/@fiscaliageneraldelanacion-4668?si=6nN79nyQICPU5iTh"]},{"@type":"Person","@id":"https:\/\/www.fiscalia.gov.co\/colombia\/#\/schema\/person\/bf28d8ae7f1b287bbe3af484b04f43ea","name":"Direcci\u00f3n de Comunicaciones Fiscal\u00eda General de la Naci\u00f3n","image":{"@type":"ImageObject","inLanguage":"es-CO","@id":"https:\/\/www.fiscalia.gov.co\/colombia\/#\/schema\/person\/image\/","url":"https:\/\/secure.gravatar.com\/avatar\/9d55ae161d32da16dbdd0b380c080a5f?s=96&d=mm&r=g","contentUrl":"https:\/\/secure.gravatar.com\/avatar\/9d55ae161d32da16dbdd0b380c080a5f?s=96&d=mm&r=g","caption":"Direcci\u00f3n de Comunicaciones Fiscal\u00eda General de la Naci\u00f3n"},"url":"https:\/\/www.fiscalia.gov.co\/colombia\/author\/kbonilla\/"}]}},"_links":{"self":[{"href":"https:\/\/www.fiscalia.gov.co\/colombia\/wp-json\/wp\/v2\/posts\/201367","targetHints":{"allow":["GET"]}}],"collection":[{"href":"https:\/\/www.fiscalia.gov.co\/colombia\/wp-json\/wp\/v2\/posts"}],"about":[{"href":"https:\/\/www.fiscalia.gov.co\/colombia\/wp-json\/wp\/v2\/types\/post"}],"author":[{"embeddable":true,"href":"https:\/\/www.fiscalia.gov.co\/colombia\/wp-json\/wp\/v2\/users\/162"}],"replies":[{"embeddable":true,"href":"https:\/\/www.fiscalia.gov.co\/colombia\/wp-json\/wp\/v2\/comments?post=201367"}],"version-history":[{"count":1,"href":"https:\/\/www.fiscalia.gov.co\/colombia\/wp-json\/wp\/v2\/posts\/201367\/revisions"}],"predecessor-version":[{"id":201368,"href":"https:\/\/www.fiscalia.gov.co\/colombia\/wp-json\/wp\/v2\/posts\/201367\/revisions\/201368"}],"wp:attachment":[{"href":"https:\/\/www.fiscalia.gov.co\/colombia\/wp-json\/wp\/v2\/media?parent=201367"}],"wp:term":[{"taxonomy":"category","embeddable":true,"href":"https:\/\/www.fiscalia.gov.co\/colombia\/wp-json\/wp\/v2\/categories?post=201367"},{"taxonomy":"post_tag","embeddable":true,"href":"https:\/\/www.fiscalia.gov.co\/colombia\/wp-json\/wp\/v2\/tags?post=201367"}],"curies":[{"name":"wp","href":"https:\/\/api.w.org\/{rel}","templated":true}]}}