{"id":201129,"date":"2020-09-02T06:19:29","date_gmt":"2020-09-02T11:19:29","guid":{"rendered":"https:\/\/www.fiscalia.gov.co\/colombia\/?p=201129"},"modified":"2020-09-02T06:19:29","modified_gmt":"2020-09-02T11:19:29","slug":"a-la-carcel-funcionarios-de-la-alcaldia-de-yopal-casanare-que-se-habrian-apoderado-de-mas-de-1-000-millones-de-pesos-provenientes-del-pago-del-impuesto-predial","status":"publish","type":"post","link":"https:\/\/www.fiscalia.gov.co\/colombia\/corrupcion\/a-la-carcel-funcionarios-de-la-alcaldia-de-yopal-casanare-que-se-habrian-apoderado-de-mas-de-1-000-millones-de-pesos-provenientes-del-pago-del-impuesto-predial\/","title":{"rendered":"A la c\u00e1rcel funcionarios de la alcald\u00eda de Yopal (Casanare), que se habr\u00edan apoderado de m\u00e1s de 1.000 millones de pesos provenientes del pago del impuesto predial"},"content":{"rendered":"<blockquote class=\"td_quote_box td_box_center\">\n<h4 style=\"text-align: left;\"><strong>Al parecer, dos servidores p\u00fablicos y un particular solicitar\u00edan dinero a los usuarios y luego alteraban el sistema informativo del Municipio para registrar actuaciones inexistentes. La denuncia la interpuso el mismo Alcalde.<\/strong><\/h4>\n<\/blockquote>\n<p>Por solicitud de la Fiscal\u00eda Seccional de la Unidad de delitos contra la Administraci\u00f3n P\u00fablica, se logr\u00f3 la judicializaci\u00f3n de tres personas que estar\u00edan apoder\u00e1ndose de dineros p\u00fablicos en la alcald\u00eda de Yopal (Casanare) entre 2019 y 2020, desde la Oficina de Hacienda del Municipio.<\/p>\n<p>La investigaci\u00f3n que permiti\u00f3 evidenciar el detrimento al erario se desarroll\u00f3 en el marco de la estrategia de protecci\u00f3n de recursos p\u00fablicos que lidera el Fiscal General de la Naci\u00f3n, Francisco Barbosa Delgado.<\/p>\n<p>Por solicitud de la Fiscal\u00eda, fueron cobijados con detenci\u00f3n intramuros, los funcionarios de la alcald\u00eda de Yopal Yody Yeimy Pati\u00f1o Vargas de 31 a\u00f1os, quien se desempe\u00f1aba como auxiliar administrativo desde noviembre de 2013 en la Secretar\u00eda de Hacienda; Rafael Nossa Molano de 40 a\u00f1os, t\u00e9cnico administrativo quien laboraba actualmente en las TICS y el particular Luis Enrique Herrera Ni\u00f1o de 55 a\u00f1os y de ocupaci\u00f3n tramitador.<\/p>\n<p>La investigaci\u00f3n inici\u00f3 con denuncia del mismo Alcalde la localidad, quien puso en conocimiento de la Fiscal\u00eda la situaci\u00f3n evidenciada en la Oficina de Recaudo de Impuesto Predial, donde se detectaron irregularidades en el registro de paz y salvos de los deudores al no coincidir \u00e9stos con los extractos bancarios del municipio, determinando que por lo menos en 151 registros de presunto pago de este impuesto en 2019, el dinero no ingres\u00f3 a las arcas del municipio, present\u00e1ndose un detrimento por $1.004&#8217;863.150.<\/p>\n<p>Actividades adelantadas por investigadores de la Fiscal\u00eda Casanare, con apoyo de la Direcci\u00f3n Especializada Contra la Corrupci\u00f3n y Dijin anticorrupci\u00f3n de la Polic\u00eda Nacional Bogot\u00e1, que incluyeron interceptaci\u00f3n de l\u00edneas telef\u00f3nicas y an\u00e1lisis, permitieron establecer que los detenidos, al parecer, recib\u00edan hasta el 50% del valor de lo adeudado al municipio por cada acreedor.<\/p>\n<p>En las ciudades de Pailitas (Cesar) y Yopal (Casanare) fueron materializadas las \u00f3rdenes judiciales contra los detenidos, que fueron presentados ante un juzgado con funci\u00f3n de control de garant\u00edas, para su judicializaci\u00f3n.<\/p>\n<p>La Fiscal\u00eda imput\u00f3 cargos contra los detenidos por los delitos de concierto para delinquir en concurso heterog\u00e9neo con cohecho propio, acceso abusivo a un sistema inform\u00e1tico agravado y da\u00f1o inform\u00e1tico. Ninguno acept\u00f3 cargos.<\/p>\n<p>Frente a la decisi\u00f3n del juzgado, la Fiscal\u00eda solicit\u00f3 a las autoridades penitenciarias y de salud revisar el estado m\u00e9dico de los detenidos y garantizar que est\u00e9n en buenas condiciones antes de realizar su traslado al lugar de detenci\u00f3n.<\/p>\n<p>La Fiscal\u00eda General publica esta informaci\u00f3n por razones de inter\u00e9s general.<\/p>\n<p>PYM\/MRL<\/p>\n\n<div class=\"twitter-share\"><a href=\"https:\/\/twitter.com\/intent\/tweet?via=fiscaliacol\" class=\"twitter-share-button\">Tweet<\/a><\/div>\n","protected":false},"excerpt":{"rendered":"<p>Al parecer, dos servidores p\u00fablicos y un particular solicitar\u00edan dinero a los usuarios y luego alteraban el sistema informativo del Municipio para registrar actuaciones inexistentes. La denuncia la interpuso el [&hellip;]<\/p>\n","protected":false},"author":162,"featured_media":0,"comment_status":"closed","ping_status":"open","sticky":false,"template":"","format":"standard","meta":{"tdm_status":"","tdm_grid_status":"","footnotes":""},"categories":[24097,24107,24134,303],"tags":[],"class_list":["post-201129","post","type-post","status-publish","format-standard","category-corrupcion","category-lucha-contra-corrupcion","category-seccional-yopal","category-seccionales"],"yoast_head":"<!-- This site is optimized with the Yoast SEO plugin v24.3 - https:\/\/yoast.com\/wordpress\/plugins\/seo\/ -->\n<title>Fiscal\u00eda General de la Naci\u00f3n<\/title>\n<meta name=\"description\" content=\"P\u00e1gina oficial de la Fiscal\u00eda General de la Naci\u00f3n \u2013 Colombia. Garantizamos el acceso efectivo a la justicia, la verdad y la reparaci\u00f3n de las v\u00edctimas de los delitos.\" \/>\n<meta name=\"robots\" content=\"noindex, follow\" \/>\n<meta property=\"og:locale\" content=\"es_ES\" \/>\n<meta property=\"og:type\" content=\"article\" \/>\n<meta property=\"og:title\" content=\"Fiscal\u00eda General de la Naci\u00f3n\" \/>\n<meta property=\"og:description\" content=\"P\u00e1gina oficial de la Fiscal\u00eda General de la Naci\u00f3n \u2013 Colombia. Garantizamos el acceso efectivo a la justicia, la verdad y la reparaci\u00f3n de las v\u00edctimas de los delitos.\" \/>\n<meta property=\"og:url\" content=\"https:\/\/www.fiscalia.gov.co\/colombia\/corrupcion\/a-la-carcel-funcionarios-de-la-alcaldia-de-yopal-casanare-que-se-habrian-apoderado-de-mas-de-1-000-millones-de-pesos-provenientes-del-pago-del-impuesto-predial\/\" \/>\n<meta property=\"og:site_name\" content=\"Fiscal\u00eda General de la Naci\u00f3n\" \/>\n<meta property=\"article:publisher\" content=\"https:\/\/www.facebook.com\/FiscaliaCol\" \/>\n<meta property=\"article:published_time\" content=\"2020-09-02T11:19:29+00:00\" \/>\n<meta name=\"author\" content=\"Direcci\u00f3n de Comunicaciones Fiscal\u00eda General de la Naci\u00f3n\" \/>\n<meta name=\"twitter:card\" content=\"summary_large_image\" \/>\n<meta name=\"twitter:creator\" content=\"@FiscaliaCol\" \/>\n<meta name=\"twitter:site\" content=\"@FiscaliaCol\" \/>\n<meta name=\"twitter:label1\" content=\"Escrito por\" \/>\n\t<meta name=\"twitter:data1\" content=\"Direcci\u00f3n de Comunicaciones Fiscal\u00eda General de la Naci\u00f3n\" \/>\n\t<meta name=\"twitter:label2\" content=\"Tiempo de lectura\" \/>\n\t<meta name=\"twitter:data2\" content=\"2 minutos\" \/>\n<script type=\"application\/ld+json\" class=\"yoast-schema-graph\">{\"@context\":\"https:\/\/schema.org\",\"@graph\":[{\"@type\":\"Article\",\"@id\":\"https:\/\/www.fiscalia.gov.co\/colombia\/corrupcion\/a-la-carcel-funcionarios-de-la-alcaldia-de-yopal-casanare-que-se-habrian-apoderado-de-mas-de-1-000-millones-de-pesos-provenientes-del-pago-del-impuesto-predial\/#article\",\"isPartOf\":{\"@id\":\"https:\/\/www.fiscalia.gov.co\/colombia\/corrupcion\/a-la-carcel-funcionarios-de-la-alcaldia-de-yopal-casanare-que-se-habrian-apoderado-de-mas-de-1-000-millones-de-pesos-provenientes-del-pago-del-impuesto-predial\/\"},\"author\":{\"name\":\"Direcci\u00f3n de Comunicaciones Fiscal\u00eda General de la Naci\u00f3n\",\"@id\":\"https:\/\/www.fiscalia.gov.co\/colombia\/#\/schema\/person\/bf28d8ae7f1b287bbe3af484b04f43ea\"},\"headline\":\"A la c\u00e1rcel funcionarios de la alcald\u00eda de Yopal (Casanare), que se habr\u00edan apoderado de m\u00e1s de 1.000 millones de pesos provenientes del pago del impuesto predial\",\"datePublished\":\"2020-09-02T11:19:29+00:00\",\"dateModified\":\"2020-09-02T11:19:29+00:00\",\"mainEntityOfPage\":{\"@id\":\"https:\/\/www.fiscalia.gov.co\/colombia\/corrupcion\/a-la-carcel-funcionarios-de-la-alcaldia-de-yopal-casanare-que-se-habrian-apoderado-de-mas-de-1-000-millones-de-pesos-provenientes-del-pago-del-impuesto-predial\/\"},\"wordCount\":507,\"publisher\":{\"@id\":\"https:\/\/www.fiscalia.gov.co\/colombia\/#organization\"},\"articleSection\":[\"Corrupci\u00f3n\",\"Corrupci\u00f3n\",\"Seccional Yopal\",\"Seccionales\"],\"inLanguage\":\"es-CO\"},{\"@type\":\"WebPage\",\"@id\":\"https:\/\/www.fiscalia.gov.co\/colombia\/corrupcion\/a-la-carcel-funcionarios-de-la-alcaldia-de-yopal-casanare-que-se-habrian-apoderado-de-mas-de-1-000-millones-de-pesos-provenientes-del-pago-del-impuesto-predial\/\",\"url\":\"https:\/\/www.fiscalia.gov.co\/colombia\/corrupcion\/a-la-carcel-funcionarios-de-la-alcaldia-de-yopal-casanare-que-se-habrian-apoderado-de-mas-de-1-000-millones-de-pesos-provenientes-del-pago-del-impuesto-predial\/\",\"name\":\"Fiscal\u00eda General de la Naci\u00f3n\",\"isPartOf\":{\"@id\":\"https:\/\/www.fiscalia.gov.co\/colombia\/#website\"},\"datePublished\":\"2020-09-02T11:19:29+00:00\",\"dateModified\":\"2020-09-02T11:19:29+00:00\",\"description\":\"P\u00e1gina oficial de la Fiscal\u00eda General de la Naci\u00f3n \u2013 Colombia. Garantizamos el acceso efectivo a la justicia, la verdad y la reparaci\u00f3n de las v\u00edctimas de los delitos.\",\"breadcrumb\":{\"@id\":\"https:\/\/www.fiscalia.gov.co\/colombia\/corrupcion\/a-la-carcel-funcionarios-de-la-alcaldia-de-yopal-casanare-que-se-habrian-apoderado-de-mas-de-1-000-millones-de-pesos-provenientes-del-pago-del-impuesto-predial\/#breadcrumb\"},\"inLanguage\":\"es-CO\",\"potentialAction\":[{\"@type\":\"ReadAction\",\"target\":[\"https:\/\/www.fiscalia.gov.co\/colombia\/corrupcion\/a-la-carcel-funcionarios-de-la-alcaldia-de-yopal-casanare-que-se-habrian-apoderado-de-mas-de-1-000-millones-de-pesos-provenientes-del-pago-del-impuesto-predial\/\"]}]},{\"@type\":\"BreadcrumbList\",\"@id\":\"https:\/\/www.fiscalia.gov.co\/colombia\/corrupcion\/a-la-carcel-funcionarios-de-la-alcaldia-de-yopal-casanare-que-se-habrian-apoderado-de-mas-de-1-000-millones-de-pesos-provenientes-del-pago-del-impuesto-predial\/#breadcrumb\",\"itemListElement\":[{\"@type\":\"ListItem\",\"position\":1,\"name\":\"Home\",\"item\":\"https:\/\/www.fiscalia.gov.co\/colombia\/\"},{\"@type\":\"ListItem\",\"position\":2,\"name\":\"A la c\u00e1rcel funcionarios de la alcald\u00eda de Yopal (Casanare), que se habr\u00edan apoderado de m\u00e1s de 1.000 millones de pesos provenientes del pago del impuesto predial\"}]},{\"@type\":\"WebSite\",\"@id\":\"https:\/\/www.fiscalia.gov.co\/colombia\/#website\",\"url\":\"https:\/\/www.fiscalia.gov.co\/colombia\/\",\"name\":\"Fiscal\u00eda General de la Naci\u00f3n\",\"description\":\"P\u00e1gina oficial de la Fiscal\u00eda General de la Naci\u00f3n \u2013 Colombia. Garantizamos el acceso efectivo a la justicia, la verdad y la reparaci\u00f3n de las v\u00edctimas de los delitos.\",\"publisher\":{\"@id\":\"https:\/\/www.fiscalia.gov.co\/colombia\/#organization\"},\"potentialAction\":[{\"@type\":\"SearchAction\",\"target\":{\"@type\":\"EntryPoint\",\"urlTemplate\":\"https:\/\/www.fiscalia.gov.co\/colombia\/?s={search_term_string}\"},\"query-input\":{\"@type\":\"PropertyValueSpecification\",\"valueRequired\":true,\"valueName\":\"search_term_string\"}}],\"inLanguage\":\"es-CO\"},{\"@type\":\"Organization\",\"@id\":\"https:\/\/www.fiscalia.gov.co\/colombia\/#organization\",\"name\":\"Fiscal\u00eda General de la Naci\u00f3n\",\"url\":\"https:\/\/www.fiscalia.gov.co\/colombia\/\",\"logo\":{\"@type\":\"ImageObject\",\"inLanguage\":\"es-CO\",\"@id\":\"https:\/\/www.fiscalia.gov.co\/colombia\/#\/schema\/logo\/image\/\",\"url\":\"https:\/\/www.fiscalia.gov.co\/colombia\/wp-content\/uploads\/LogoHorizontal_1.jpg\",\"contentUrl\":\"https:\/\/www.fiscalia.gov.co\/colombia\/wp-content\/uploads\/LogoHorizontal_1.jpg\",\"width\":300,\"height\":90,\"caption\":\"Fiscal\u00eda General de la Naci\u00f3n\"},\"image\":{\"@id\":\"https:\/\/www.fiscalia.gov.co\/colombia\/#\/schema\/logo\/image\/\"},\"sameAs\":[\"https:\/\/www.facebook.com\/FiscaliaCol\",\"https:\/\/x.com\/FiscaliaCol\",\"https:\/\/www.instagram.com\/fiscaliacol\",\"https:\/\/www.linkedin.com\/company\/fiscalia-general-de-la-naci-n\/\",\"https:\/\/youtube.com\/@fiscaliageneraldelanacion-4668?si=6nN79nyQICPU5iTh\"]},{\"@type\":\"Person\",\"@id\":\"https:\/\/www.fiscalia.gov.co\/colombia\/#\/schema\/person\/bf28d8ae7f1b287bbe3af484b04f43ea\",\"name\":\"Direcci\u00f3n de Comunicaciones Fiscal\u00eda General de la Naci\u00f3n\",\"image\":{\"@type\":\"ImageObject\",\"inLanguage\":\"es-CO\",\"@id\":\"https:\/\/www.fiscalia.gov.co\/colombia\/#\/schema\/person\/image\/\",\"url\":\"https:\/\/secure.gravatar.com\/avatar\/9d55ae161d32da16dbdd0b380c080a5f?s=96&d=mm&r=g\",\"contentUrl\":\"https:\/\/secure.gravatar.com\/avatar\/9d55ae161d32da16dbdd0b380c080a5f?s=96&d=mm&r=g\",\"caption\":\"Direcci\u00f3n de Comunicaciones Fiscal\u00eda General de la Naci\u00f3n\"},\"url\":\"https:\/\/www.fiscalia.gov.co\/colombia\/author\/kbonilla\/\"}]}<\/script>\n<!-- \/ Yoast SEO plugin. -->","yoast_head_json":{"title":"Fiscal\u00eda General de la Naci\u00f3n","description":"P\u00e1gina oficial de la Fiscal\u00eda General de la Naci\u00f3n \u2013 Colombia. Garantizamos el acceso efectivo a la justicia, la verdad y la reparaci\u00f3n de las v\u00edctimas de los delitos.","robots":{"index":"noindex","follow":"follow"},"og_locale":"es_ES","og_type":"article","og_title":"Fiscal\u00eda General de la Naci\u00f3n","og_description":"P\u00e1gina oficial de la Fiscal\u00eda General de la Naci\u00f3n \u2013 Colombia. Garantizamos el acceso efectivo a la justicia, la verdad y la reparaci\u00f3n de las v\u00edctimas de los delitos.","og_url":"https:\/\/www.fiscalia.gov.co\/colombia\/corrupcion\/a-la-carcel-funcionarios-de-la-alcaldia-de-yopal-casanare-que-se-habrian-apoderado-de-mas-de-1-000-millones-de-pesos-provenientes-del-pago-del-impuesto-predial\/","og_site_name":"Fiscal\u00eda General de la Naci\u00f3n","article_publisher":"https:\/\/www.facebook.com\/FiscaliaCol","article_published_time":"2020-09-02T11:19:29+00:00","author":"Direcci\u00f3n de Comunicaciones Fiscal\u00eda General de la Naci\u00f3n","twitter_card":"summary_large_image","twitter_creator":"@FiscaliaCol","twitter_site":"@FiscaliaCol","twitter_misc":{"Escrito por":"Direcci\u00f3n de Comunicaciones Fiscal\u00eda General de la Naci\u00f3n","Tiempo de lectura":"2 minutos"},"schema":{"@context":"https:\/\/schema.org","@graph":[{"@type":"Article","@id":"https:\/\/www.fiscalia.gov.co\/colombia\/corrupcion\/a-la-carcel-funcionarios-de-la-alcaldia-de-yopal-casanare-que-se-habrian-apoderado-de-mas-de-1-000-millones-de-pesos-provenientes-del-pago-del-impuesto-predial\/#article","isPartOf":{"@id":"https:\/\/www.fiscalia.gov.co\/colombia\/corrupcion\/a-la-carcel-funcionarios-de-la-alcaldia-de-yopal-casanare-que-se-habrian-apoderado-de-mas-de-1-000-millones-de-pesos-provenientes-del-pago-del-impuesto-predial\/"},"author":{"name":"Direcci\u00f3n de Comunicaciones Fiscal\u00eda General de la Naci\u00f3n","@id":"https:\/\/www.fiscalia.gov.co\/colombia\/#\/schema\/person\/bf28d8ae7f1b287bbe3af484b04f43ea"},"headline":"A la c\u00e1rcel funcionarios de la alcald\u00eda de Yopal (Casanare), que se habr\u00edan apoderado de m\u00e1s de 1.000 millones de pesos provenientes del pago del impuesto predial","datePublished":"2020-09-02T11:19:29+00:00","dateModified":"2020-09-02T11:19:29+00:00","mainEntityOfPage":{"@id":"https:\/\/www.fiscalia.gov.co\/colombia\/corrupcion\/a-la-carcel-funcionarios-de-la-alcaldia-de-yopal-casanare-que-se-habrian-apoderado-de-mas-de-1-000-millones-de-pesos-provenientes-del-pago-del-impuesto-predial\/"},"wordCount":507,"publisher":{"@id":"https:\/\/www.fiscalia.gov.co\/colombia\/#organization"},"articleSection":["Corrupci\u00f3n","Corrupci\u00f3n","Seccional Yopal","Seccionales"],"inLanguage":"es-CO"},{"@type":"WebPage","@id":"https:\/\/www.fiscalia.gov.co\/colombia\/corrupcion\/a-la-carcel-funcionarios-de-la-alcaldia-de-yopal-casanare-que-se-habrian-apoderado-de-mas-de-1-000-millones-de-pesos-provenientes-del-pago-del-impuesto-predial\/","url":"https:\/\/www.fiscalia.gov.co\/colombia\/corrupcion\/a-la-carcel-funcionarios-de-la-alcaldia-de-yopal-casanare-que-se-habrian-apoderado-de-mas-de-1-000-millones-de-pesos-provenientes-del-pago-del-impuesto-predial\/","name":"Fiscal\u00eda General de la Naci\u00f3n","isPartOf":{"@id":"https:\/\/www.fiscalia.gov.co\/colombia\/#website"},"datePublished":"2020-09-02T11:19:29+00:00","dateModified":"2020-09-02T11:19:29+00:00","description":"P\u00e1gina oficial de la Fiscal\u00eda General de la Naci\u00f3n \u2013 Colombia. Garantizamos el acceso efectivo a la justicia, la verdad y la reparaci\u00f3n de las v\u00edctimas de los delitos.","breadcrumb":{"@id":"https:\/\/www.fiscalia.gov.co\/colombia\/corrupcion\/a-la-carcel-funcionarios-de-la-alcaldia-de-yopal-casanare-que-se-habrian-apoderado-de-mas-de-1-000-millones-de-pesos-provenientes-del-pago-del-impuesto-predial\/#breadcrumb"},"inLanguage":"es-CO","potentialAction":[{"@type":"ReadAction","target":["https:\/\/www.fiscalia.gov.co\/colombia\/corrupcion\/a-la-carcel-funcionarios-de-la-alcaldia-de-yopal-casanare-que-se-habrian-apoderado-de-mas-de-1-000-millones-de-pesos-provenientes-del-pago-del-impuesto-predial\/"]}]},{"@type":"BreadcrumbList","@id":"https:\/\/www.fiscalia.gov.co\/colombia\/corrupcion\/a-la-carcel-funcionarios-de-la-alcaldia-de-yopal-casanare-que-se-habrian-apoderado-de-mas-de-1-000-millones-de-pesos-provenientes-del-pago-del-impuesto-predial\/#breadcrumb","itemListElement":[{"@type":"ListItem","position":1,"name":"Home","item":"https:\/\/www.fiscalia.gov.co\/colombia\/"},{"@type":"ListItem","position":2,"name":"A la c\u00e1rcel funcionarios de la alcald\u00eda de Yopal (Casanare), que se habr\u00edan apoderado de m\u00e1s de 1.000 millones de pesos provenientes del pago del impuesto predial"}]},{"@type":"WebSite","@id":"https:\/\/www.fiscalia.gov.co\/colombia\/#website","url":"https:\/\/www.fiscalia.gov.co\/colombia\/","name":"Fiscal\u00eda General de la Naci\u00f3n","description":"P\u00e1gina oficial de la Fiscal\u00eda General de la Naci\u00f3n \u2013 Colombia. Garantizamos el acceso efectivo a la justicia, la verdad y la reparaci\u00f3n de las v\u00edctimas de los delitos.","publisher":{"@id":"https:\/\/www.fiscalia.gov.co\/colombia\/#organization"},"potentialAction":[{"@type":"SearchAction","target":{"@type":"EntryPoint","urlTemplate":"https:\/\/www.fiscalia.gov.co\/colombia\/?s={search_term_string}"},"query-input":{"@type":"PropertyValueSpecification","valueRequired":true,"valueName":"search_term_string"}}],"inLanguage":"es-CO"},{"@type":"Organization","@id":"https:\/\/www.fiscalia.gov.co\/colombia\/#organization","name":"Fiscal\u00eda General de la Naci\u00f3n","url":"https:\/\/www.fiscalia.gov.co\/colombia\/","logo":{"@type":"ImageObject","inLanguage":"es-CO","@id":"https:\/\/www.fiscalia.gov.co\/colombia\/#\/schema\/logo\/image\/","url":"https:\/\/www.fiscalia.gov.co\/colombia\/wp-content\/uploads\/LogoHorizontal_1.jpg","contentUrl":"https:\/\/www.fiscalia.gov.co\/colombia\/wp-content\/uploads\/LogoHorizontal_1.jpg","width":300,"height":90,"caption":"Fiscal\u00eda General de la Naci\u00f3n"},"image":{"@id":"https:\/\/www.fiscalia.gov.co\/colombia\/#\/schema\/logo\/image\/"},"sameAs":["https:\/\/www.facebook.com\/FiscaliaCol","https:\/\/x.com\/FiscaliaCol","https:\/\/www.instagram.com\/fiscaliacol","https:\/\/www.linkedin.com\/company\/fiscalia-general-de-la-naci-n\/","https:\/\/youtube.com\/@fiscaliageneraldelanacion-4668?si=6nN79nyQICPU5iTh"]},{"@type":"Person","@id":"https:\/\/www.fiscalia.gov.co\/colombia\/#\/schema\/person\/bf28d8ae7f1b287bbe3af484b04f43ea","name":"Direcci\u00f3n de Comunicaciones Fiscal\u00eda General de la Naci\u00f3n","image":{"@type":"ImageObject","inLanguage":"es-CO","@id":"https:\/\/www.fiscalia.gov.co\/colombia\/#\/schema\/person\/image\/","url":"https:\/\/secure.gravatar.com\/avatar\/9d55ae161d32da16dbdd0b380c080a5f?s=96&d=mm&r=g","contentUrl":"https:\/\/secure.gravatar.com\/avatar\/9d55ae161d32da16dbdd0b380c080a5f?s=96&d=mm&r=g","caption":"Direcci\u00f3n de Comunicaciones Fiscal\u00eda General de la Naci\u00f3n"},"url":"https:\/\/www.fiscalia.gov.co\/colombia\/author\/kbonilla\/"}]}},"_links":{"self":[{"href":"https:\/\/www.fiscalia.gov.co\/colombia\/wp-json\/wp\/v2\/posts\/201129","targetHints":{"allow":["GET"]}}],"collection":[{"href":"https:\/\/www.fiscalia.gov.co\/colombia\/wp-json\/wp\/v2\/posts"}],"about":[{"href":"https:\/\/www.fiscalia.gov.co\/colombia\/wp-json\/wp\/v2\/types\/post"}],"author":[{"embeddable":true,"href":"https:\/\/www.fiscalia.gov.co\/colombia\/wp-json\/wp\/v2\/users\/162"}],"replies":[{"embeddable":true,"href":"https:\/\/www.fiscalia.gov.co\/colombia\/wp-json\/wp\/v2\/comments?post=201129"}],"version-history":[{"count":1,"href":"https:\/\/www.fiscalia.gov.co\/colombia\/wp-json\/wp\/v2\/posts\/201129\/revisions"}],"predecessor-version":[{"id":201130,"href":"https:\/\/www.fiscalia.gov.co\/colombia\/wp-json\/wp\/v2\/posts\/201129\/revisions\/201130"}],"wp:attachment":[{"href":"https:\/\/www.fiscalia.gov.co\/colombia\/wp-json\/wp\/v2\/media?parent=201129"}],"wp:term":[{"taxonomy":"category","embeddable":true,"href":"https:\/\/www.fiscalia.gov.co\/colombia\/wp-json\/wp\/v2\/categories?post=201129"},{"taxonomy":"post_tag","embeddable":true,"href":"https:\/\/www.fiscalia.gov.co\/colombia\/wp-json\/wp\/v2\/tags?post=201129"}],"curies":[{"name":"wp","href":"https:\/\/api.w.org\/{rel}","templated":true}]}}