{"id":200796,"date":"2020-08-27T10:24:23","date_gmt":"2020-08-27T15:24:23","guid":{"rendered":"https:\/\/www.fiscalia.gov.co\/colombia\/?p=200796"},"modified":"2020-08-27T10:24:23","modified_gmt":"2020-08-27T15:24:23","slug":"fiscalia-logro-la-judicializacion-de-8-presuntos-integrantes-de-la-banda-taxi-hachis-dedicada-al-trafico-de-drogas-en-dos-comunas-de-cali","status":"publish","type":"post","link":"https:\/\/www.fiscalia.gov.co\/colombia\/seccionales\/fiscalia-logro-la-judicializacion-de-8-presuntos-integrantes-de-la-banda-taxi-hachis-dedicada-al-trafico-de-drogas-en-dos-comunas-de-cali\/","title":{"rendered":"Fiscal\u00eda logr\u00f3 la judicializaci\u00f3n de 8 presuntos integrantes de la banda Taxi Hach\u00eds, dedicada al tr\u00e1fico de drogas en dos comunas de Cali"},"content":{"rendered":"<blockquote class=\"td_quote_box td_box_center\">\n<h4 style=\"text-align: left;\"><strong><i>Los estupefacientes ser\u00edan tra\u00eddos del municipio de Caloto, Cauca, para almacenarlos y distribuirlos en zonas comunitarias, parques recreativos y escuelas.\u00a0<\/i><\/strong><\/h4>\n<\/blockquote>\n<p>Al acoger la solicitud de la Fiscal\u00eda General, el Juez 18 Penal con funciones de control de garant\u00edas dict\u00f3\u00a0<b>medida de aseguramiento consistente en detenci\u00f3n en establecimiento carcelario en contra de 8 presuntos<\/b>\u00a0integrantes de la banda\u00a0<b>Taxi Hach\u00eds, se\u00f1alados del tr\u00e1fico de estupefacientes<\/b>\u00a0en dos comunas de Cali (Valle).<\/p>\n<p>La Fiscal\u00eda les imput\u00f3 cargos por su presunta responsabilidad en\u00a0<b>los delitos de concierto para delinquir agravado en concurso con tr\u00e1fico, fabricaci\u00f3n, y porte de estupefacientes, en calidad de coautores<\/b>, cargos a los que ninguno de los asegurados se allan\u00f3.<\/p>\n<p>Los cobijados con la medida judicial son:\u00a0<b>Marino Tomb\u00e9 Ul; Brigitte Betancourt Ul; Eliberto Roger Bola\u00f1os Belalc\u00e1zar; Margot Belalc\u00e1zar Dur\u00e1n; Amparo Ot\u00e1lora morales; Diana Carolina Henao Otalora; Francisco Alejandro Ortega Diosa; y Jorge Enrique Cobo Barona<\/b>.<\/p>\n<p>La captura y judicializaci\u00f3n de estas personas se logr\u00f3 en el marco de la\u00a0<b>estrategia de seguridad ciudadana<\/b>\u00a0emprendida en Cali contra el crimen organizado, bajo la direcci\u00f3n del Fiscal General de la Naci\u00f3n, Francisco Barbosa Delgado.<\/p>\n<p>Los ocho presuntos de la organizaci\u00f3n criminal, seg\u00fan las investigaciones del ente acusador,\u00a0<b>supuestamente traficaban con droga y estupefacientes que tra\u00edan del municipio de Caloto, Cauca, para almacenarlos y distribuirlos en zonas comunitarias,<\/b>\u00a0parques recreativos, escuelas, y colegios de las\u00a0<b>comunas 5 y 16 de la capital del Valle.<\/b><\/p>\n<p>Mediante la modalidad de n<b>arcomenudeo, la banda Taxi Hach\u00eds comercializaba marihuana tipo Cripy, hach\u00eds l\u00edquido y coca\u00edna,<\/b>\u00a0que era entregada en peque\u00f1as dosis envueltas en bolsas pl\u00e1sticas.<\/p>\n<p>A trav\u00e9s interceptaciones de tel\u00e9fonos celulares, avaladas por autoridad competente, seguimientos, individualizaciones e identificaci\u00f3n de cada uno de sus miembros,\u00a0<b>servidores del CTI, con apoyo de unidades del Ej\u00e9rcito Nacional, capturaron a los 8 asegurados en igual n\u00famero de diligencias de registro y allanamiento de viviendas en los sectores oriente y norte de Cali y zona rural de Caloto, Cauca.<\/b><\/p>\n<p>Se solicit\u00f3 a las autoridades penitenciarias y a las de salud revisar el estado m\u00e9dico de los judicializados para garantizar que est\u00e9n en buenas condiciones para su traslado al lugar de reclusi\u00f3n.<\/p>\n<p>La Fiscal\u00eda hace p\u00fablica esta informaci\u00f3n por razones de inter\u00e9s general.<\/p>\n<p><span lang=\"es-MX\">JGP\/MRL<\/span><\/p>\n\n<div class=\"twitter-share\"><a href=\"https:\/\/twitter.com\/intent\/tweet?via=fiscaliacol\" class=\"twitter-share-button\">Tweet<\/a><\/div>\n","protected":false},"excerpt":{"rendered":"<p>Los estupefacientes ser\u00edan tra\u00eddos del municipio de Caloto, Cauca, para almacenarlos y distribuirlos en zonas comunitarias, parques recreativos y escuelas.\u00a0 Al acoger la solicitud de la Fiscal\u00eda General, el Juez 18 Penal con funciones de control de garant\u00edas dict\u00f3\u00a0medida de aseguramiento consistente en detenci\u00f3n en establecimiento carcelario en contra de 8 presuntos\u00a0integrantes de la banda\u00a0Taxi [&hellip;]<\/p>\n","protected":false},"author":162,"featured_media":0,"comment_status":"closed","ping_status":"open","sticky":false,"template":"","format":"standard","meta":{"_price":"","_stock":"","_tribe_ticket_header":"","_tribe_default_ticket_provider":"","_tribe_ticket_capacity":"0","_ticket_start_date":"","_ticket_end_date":"","_tribe_ticket_show_description":"","_tribe_ticket_show_not_going":false,"_tribe_ticket_use_global_stock":"","_tribe_ticket_global_stock_level":"","_global_stock_mode":"","_global_stock_cap":"","_tribe_rsvp_for_event":"","_tribe_ticket_going_count":"","_tribe_ticket_not_going_count":"","_tribe_tickets_list":"[]","_tribe_ticket_has_attendee_info_fields":false,"tdm_status":"","tdm_grid_status":"","footnotes":""},"categories":[324,303,24103],"tags":[],"class_list":{"0":"post-200796","1":"post","2":"type-post","3":"status-publish","4":"format-standard","6":"category-seccional-cali","7":"category-seccionales","8":"category-trafico-de-estupefacientes"},"yoast_head":"<!-- This site is optimized with the Yoast SEO plugin v24.3 - https:\/\/yoast.com\/wordpress\/plugins\/seo\/ -->\n<title>Fiscal\u00eda General de la Naci\u00f3n<\/title>\n<meta name=\"description\" content=\"P\u00e1gina oficial de la Fiscal\u00eda General de la Naci\u00f3n \u2013 Colombia. Garantizamos el acceso efectivo a la justicia, la verdad y la reparaci\u00f3n de las v\u00edctimas de los delitos.\" \/>\n<meta name=\"robots\" content=\"noindex, follow\" \/>\n<meta property=\"og:locale\" content=\"es_ES\" \/>\n<meta property=\"og:type\" content=\"article\" \/>\n<meta property=\"og:title\" content=\"Fiscal\u00eda General de la Naci\u00f3n\" \/>\n<meta property=\"og:description\" content=\"P\u00e1gina oficial de la Fiscal\u00eda General de la Naci\u00f3n \u2013 Colombia. Garantizamos el acceso efectivo a la justicia, la verdad y la reparaci\u00f3n de las v\u00edctimas de los delitos.\" \/>\n<meta property=\"og:url\" content=\"https:\/\/www.fiscalia.gov.co\/colombia\/seccionales\/fiscalia-logro-la-judicializacion-de-8-presuntos-integrantes-de-la-banda-taxi-hachis-dedicada-al-trafico-de-drogas-en-dos-comunas-de-cali\/\" \/>\n<meta property=\"og:site_name\" content=\"Fiscal\u00eda General de la Naci\u00f3n\" \/>\n<meta property=\"article:publisher\" content=\"https:\/\/www.facebook.com\/FiscaliaCol\" \/>\n<meta property=\"article:published_time\" content=\"2020-08-27T15:24:23+00:00\" \/>\n<meta name=\"author\" content=\"Direcci\u00f3n de Comunicaciones Fiscal\u00eda General de la Naci\u00f3n\" \/>\n<meta name=\"twitter:card\" content=\"summary_large_image\" \/>\n<meta name=\"twitter:creator\" content=\"@FiscaliaCol\" \/>\n<meta name=\"twitter:site\" content=\"@FiscaliaCol\" \/>\n<meta name=\"twitter:label1\" content=\"Escrito por\" \/>\n\t<meta name=\"twitter:data1\" content=\"Direcci\u00f3n de Comunicaciones Fiscal\u00eda General de la Naci\u00f3n\" \/>\n\t<meta name=\"twitter:label2\" content=\"Tiempo de lectura\" \/>\n\t<meta name=\"twitter:data2\" content=\"2 minutos\" \/>\n<script type=\"application\/ld+json\" class=\"yoast-schema-graph\">{\"@context\":\"https:\/\/schema.org\",\"@graph\":[{\"@type\":\"Article\",\"@id\":\"https:\/\/www.fiscalia.gov.co\/colombia\/seccionales\/fiscalia-logro-la-judicializacion-de-8-presuntos-integrantes-de-la-banda-taxi-hachis-dedicada-al-trafico-de-drogas-en-dos-comunas-de-cali\/#article\",\"isPartOf\":{\"@id\":\"https:\/\/www.fiscalia.gov.co\/colombia\/seccionales\/fiscalia-logro-la-judicializacion-de-8-presuntos-integrantes-de-la-banda-taxi-hachis-dedicada-al-trafico-de-drogas-en-dos-comunas-de-cali\/\"},\"author\":{\"name\":\"Direcci\u00f3n de Comunicaciones Fiscal\u00eda General de la Naci\u00f3n\",\"@id\":\"https:\/\/www.fiscalia.gov.co\/colombia\/#\/schema\/person\/bf28d8ae7f1b287bbe3af484b04f43ea\"},\"headline\":\"Fiscal\u00eda logr\u00f3 la judicializaci\u00f3n de 8 presuntos integrantes de la banda Taxi Hach\u00eds, dedicada al tr\u00e1fico de drogas en dos comunas de Cali\",\"datePublished\":\"2020-08-27T15:24:23+00:00\",\"dateModified\":\"2020-08-27T15:24:23+00:00\",\"mainEntityOfPage\":{\"@id\":\"https:\/\/www.fiscalia.gov.co\/colombia\/seccionales\/fiscalia-logro-la-judicializacion-de-8-presuntos-integrantes-de-la-banda-taxi-hachis-dedicada-al-trafico-de-drogas-en-dos-comunas-de-cali\/\"},\"wordCount\":425,\"publisher\":{\"@id\":\"https:\/\/www.fiscalia.gov.co\/colombia\/#organization\"},\"articleSection\":[\"Seccional Cali\",\"Seccionales\",\"Tr\u00e1fico de estupefacientes\"],\"inLanguage\":\"es-CO\"},{\"@type\":\"WebPage\",\"@id\":\"https:\/\/www.fiscalia.gov.co\/colombia\/seccionales\/fiscalia-logro-la-judicializacion-de-8-presuntos-integrantes-de-la-banda-taxi-hachis-dedicada-al-trafico-de-drogas-en-dos-comunas-de-cali\/\",\"url\":\"https:\/\/www.fiscalia.gov.co\/colombia\/seccionales\/fiscalia-logro-la-judicializacion-de-8-presuntos-integrantes-de-la-banda-taxi-hachis-dedicada-al-trafico-de-drogas-en-dos-comunas-de-cali\/\",\"name\":\"Fiscal\u00eda General de la Naci\u00f3n\",\"isPartOf\":{\"@id\":\"https:\/\/www.fiscalia.gov.co\/colombia\/#website\"},\"datePublished\":\"2020-08-27T15:24:23+00:00\",\"dateModified\":\"2020-08-27T15:24:23+00:00\",\"description\":\"P\u00e1gina oficial de la Fiscal\u00eda General de la Naci\u00f3n \u2013 Colombia. Garantizamos el acceso efectivo a la justicia, la verdad y la reparaci\u00f3n de las v\u00edctimas de los delitos.\",\"breadcrumb\":{\"@id\":\"https:\/\/www.fiscalia.gov.co\/colombia\/seccionales\/fiscalia-logro-la-judicializacion-de-8-presuntos-integrantes-de-la-banda-taxi-hachis-dedicada-al-trafico-de-drogas-en-dos-comunas-de-cali\/#breadcrumb\"},\"inLanguage\":\"es-CO\",\"potentialAction\":[{\"@type\":\"ReadAction\",\"target\":[\"https:\/\/www.fiscalia.gov.co\/colombia\/seccionales\/fiscalia-logro-la-judicializacion-de-8-presuntos-integrantes-de-la-banda-taxi-hachis-dedicada-al-trafico-de-drogas-en-dos-comunas-de-cali\/\"]}]},{\"@type\":\"BreadcrumbList\",\"@id\":\"https:\/\/www.fiscalia.gov.co\/colombia\/seccionales\/fiscalia-logro-la-judicializacion-de-8-presuntos-integrantes-de-la-banda-taxi-hachis-dedicada-al-trafico-de-drogas-en-dos-comunas-de-cali\/#breadcrumb\",\"itemListElement\":[{\"@type\":\"ListItem\",\"position\":1,\"name\":\"Home\",\"item\":\"https:\/\/www.fiscalia.gov.co\/colombia\/\"},{\"@type\":\"ListItem\",\"position\":2,\"name\":\"Fiscal\u00eda logr\u00f3 la judicializaci\u00f3n de 8 presuntos integrantes de la banda Taxi Hach\u00eds, dedicada al tr\u00e1fico de drogas en dos comunas de Cali\"}]},{\"@type\":\"WebSite\",\"@id\":\"https:\/\/www.fiscalia.gov.co\/colombia\/#website\",\"url\":\"https:\/\/www.fiscalia.gov.co\/colombia\/\",\"name\":\"Fiscal\u00eda General de la Naci\u00f3n\",\"description\":\"P\u00e1gina oficial de la Fiscal\u00eda General de la Naci\u00f3n \u2013 Colombia. Garantizamos el acceso efectivo a la justicia, la verdad y la reparaci\u00f3n de las v\u00edctimas de los delitos.\",\"publisher\":{\"@id\":\"https:\/\/www.fiscalia.gov.co\/colombia\/#organization\"},\"potentialAction\":[{\"@type\":\"SearchAction\",\"target\":{\"@type\":\"EntryPoint\",\"urlTemplate\":\"https:\/\/www.fiscalia.gov.co\/colombia\/?s={search_term_string}\"},\"query-input\":{\"@type\":\"PropertyValueSpecification\",\"valueRequired\":true,\"valueName\":\"search_term_string\"}}],\"inLanguage\":\"es-CO\"},{\"@type\":\"Organization\",\"@id\":\"https:\/\/www.fiscalia.gov.co\/colombia\/#organization\",\"name\":\"Fiscal\u00eda General de la Naci\u00f3n\",\"url\":\"https:\/\/www.fiscalia.gov.co\/colombia\/\",\"logo\":{\"@type\":\"ImageObject\",\"inLanguage\":\"es-CO\",\"@id\":\"https:\/\/www.fiscalia.gov.co\/colombia\/#\/schema\/logo\/image\/\",\"url\":\"https:\/\/www.fiscalia.gov.co\/colombia\/wp-content\/uploads\/LogoHorizontal_1.jpg\",\"contentUrl\":\"https:\/\/www.fiscalia.gov.co\/colombia\/wp-content\/uploads\/LogoHorizontal_1.jpg\",\"width\":300,\"height\":90,\"caption\":\"Fiscal\u00eda General de la Naci\u00f3n\"},\"image\":{\"@id\":\"https:\/\/www.fiscalia.gov.co\/colombia\/#\/schema\/logo\/image\/\"},\"sameAs\":[\"https:\/\/www.facebook.com\/FiscaliaCol\",\"https:\/\/x.com\/FiscaliaCol\",\"https:\/\/www.instagram.com\/fiscaliacol\",\"https:\/\/www.linkedin.com\/company\/fiscalia-general-de-la-naci-n\/\",\"https:\/\/youtube.com\/@fiscaliageneraldelanacion-4668?si=6nN79nyQICPU5iTh\"]},{\"@type\":\"Person\",\"@id\":\"https:\/\/www.fiscalia.gov.co\/colombia\/#\/schema\/person\/bf28d8ae7f1b287bbe3af484b04f43ea\",\"name\":\"Direcci\u00f3n de Comunicaciones Fiscal\u00eda General de la Naci\u00f3n\",\"image\":{\"@type\":\"ImageObject\",\"inLanguage\":\"es-CO\",\"@id\":\"https:\/\/www.fiscalia.gov.co\/colombia\/#\/schema\/person\/image\/\",\"url\":\"https:\/\/secure.gravatar.com\/avatar\/9d55ae161d32da16dbdd0b380c080a5f?s=96&d=mm&r=g\",\"contentUrl\":\"https:\/\/secure.gravatar.com\/avatar\/9d55ae161d32da16dbdd0b380c080a5f?s=96&d=mm&r=g\",\"caption\":\"Direcci\u00f3n de Comunicaciones Fiscal\u00eda General de la Naci\u00f3n\"},\"url\":\"https:\/\/www.fiscalia.gov.co\/colombia\/author\/kbonilla\/\"}]}<\/script>\n<!-- \/ Yoast SEO plugin. -->","yoast_head_json":{"title":"Fiscal\u00eda General de la Naci\u00f3n","description":"P\u00e1gina oficial de la Fiscal\u00eda General de la Naci\u00f3n \u2013 Colombia. Garantizamos el acceso efectivo a la justicia, la verdad y la reparaci\u00f3n de las v\u00edctimas de los delitos.","robots":{"index":"noindex","follow":"follow"},"og_locale":"es_ES","og_type":"article","og_title":"Fiscal\u00eda General de la Naci\u00f3n","og_description":"P\u00e1gina oficial de la Fiscal\u00eda General de la Naci\u00f3n \u2013 Colombia. Garantizamos el acceso efectivo a la justicia, la verdad y la reparaci\u00f3n de las v\u00edctimas de los delitos.","og_url":"https:\/\/www.fiscalia.gov.co\/colombia\/seccionales\/fiscalia-logro-la-judicializacion-de-8-presuntos-integrantes-de-la-banda-taxi-hachis-dedicada-al-trafico-de-drogas-en-dos-comunas-de-cali\/","og_site_name":"Fiscal\u00eda General de la Naci\u00f3n","article_publisher":"https:\/\/www.facebook.com\/FiscaliaCol","article_published_time":"2020-08-27T15:24:23+00:00","author":"Direcci\u00f3n de Comunicaciones Fiscal\u00eda General de la Naci\u00f3n","twitter_card":"summary_large_image","twitter_creator":"@FiscaliaCol","twitter_site":"@FiscaliaCol","twitter_misc":{"Escrito por":"Direcci\u00f3n de Comunicaciones Fiscal\u00eda General de la Naci\u00f3n","Tiempo de lectura":"2 minutos"},"schema":{"@context":"https:\/\/schema.org","@graph":[{"@type":"Article","@id":"https:\/\/www.fiscalia.gov.co\/colombia\/seccionales\/fiscalia-logro-la-judicializacion-de-8-presuntos-integrantes-de-la-banda-taxi-hachis-dedicada-al-trafico-de-drogas-en-dos-comunas-de-cali\/#article","isPartOf":{"@id":"https:\/\/www.fiscalia.gov.co\/colombia\/seccionales\/fiscalia-logro-la-judicializacion-de-8-presuntos-integrantes-de-la-banda-taxi-hachis-dedicada-al-trafico-de-drogas-en-dos-comunas-de-cali\/"},"author":{"name":"Direcci\u00f3n de Comunicaciones Fiscal\u00eda General de la Naci\u00f3n","@id":"https:\/\/www.fiscalia.gov.co\/colombia\/#\/schema\/person\/bf28d8ae7f1b287bbe3af484b04f43ea"},"headline":"Fiscal\u00eda logr\u00f3 la judicializaci\u00f3n de 8 presuntos integrantes de la banda Taxi Hach\u00eds, dedicada al tr\u00e1fico de drogas en dos comunas de Cali","datePublished":"2020-08-27T15:24:23+00:00","dateModified":"2020-08-27T15:24:23+00:00","mainEntityOfPage":{"@id":"https:\/\/www.fiscalia.gov.co\/colombia\/seccionales\/fiscalia-logro-la-judicializacion-de-8-presuntos-integrantes-de-la-banda-taxi-hachis-dedicada-al-trafico-de-drogas-en-dos-comunas-de-cali\/"},"wordCount":425,"publisher":{"@id":"https:\/\/www.fiscalia.gov.co\/colombia\/#organization"},"articleSection":["Seccional Cali","Seccionales","Tr\u00e1fico de estupefacientes"],"inLanguage":"es-CO"},{"@type":"WebPage","@id":"https:\/\/www.fiscalia.gov.co\/colombia\/seccionales\/fiscalia-logro-la-judicializacion-de-8-presuntos-integrantes-de-la-banda-taxi-hachis-dedicada-al-trafico-de-drogas-en-dos-comunas-de-cali\/","url":"https:\/\/www.fiscalia.gov.co\/colombia\/seccionales\/fiscalia-logro-la-judicializacion-de-8-presuntos-integrantes-de-la-banda-taxi-hachis-dedicada-al-trafico-de-drogas-en-dos-comunas-de-cali\/","name":"Fiscal\u00eda General de la Naci\u00f3n","isPartOf":{"@id":"https:\/\/www.fiscalia.gov.co\/colombia\/#website"},"datePublished":"2020-08-27T15:24:23+00:00","dateModified":"2020-08-27T15:24:23+00:00","description":"P\u00e1gina oficial de la Fiscal\u00eda General de la Naci\u00f3n \u2013 Colombia. Garantizamos el acceso efectivo a la justicia, la verdad y la reparaci\u00f3n de las v\u00edctimas de los delitos.","breadcrumb":{"@id":"https:\/\/www.fiscalia.gov.co\/colombia\/seccionales\/fiscalia-logro-la-judicializacion-de-8-presuntos-integrantes-de-la-banda-taxi-hachis-dedicada-al-trafico-de-drogas-en-dos-comunas-de-cali\/#breadcrumb"},"inLanguage":"es-CO","potentialAction":[{"@type":"ReadAction","target":["https:\/\/www.fiscalia.gov.co\/colombia\/seccionales\/fiscalia-logro-la-judicializacion-de-8-presuntos-integrantes-de-la-banda-taxi-hachis-dedicada-al-trafico-de-drogas-en-dos-comunas-de-cali\/"]}]},{"@type":"BreadcrumbList","@id":"https:\/\/www.fiscalia.gov.co\/colombia\/seccionales\/fiscalia-logro-la-judicializacion-de-8-presuntos-integrantes-de-la-banda-taxi-hachis-dedicada-al-trafico-de-drogas-en-dos-comunas-de-cali\/#breadcrumb","itemListElement":[{"@type":"ListItem","position":1,"name":"Home","item":"https:\/\/www.fiscalia.gov.co\/colombia\/"},{"@type":"ListItem","position":2,"name":"Fiscal\u00eda logr\u00f3 la judicializaci\u00f3n de 8 presuntos integrantes de la banda Taxi Hach\u00eds, dedicada al tr\u00e1fico de drogas en dos comunas de Cali"}]},{"@type":"WebSite","@id":"https:\/\/www.fiscalia.gov.co\/colombia\/#website","url":"https:\/\/www.fiscalia.gov.co\/colombia\/","name":"Fiscal\u00eda General de la Naci\u00f3n","description":"P\u00e1gina oficial de la Fiscal\u00eda General de la Naci\u00f3n \u2013 Colombia. Garantizamos el acceso efectivo a la justicia, la verdad y la reparaci\u00f3n de las v\u00edctimas de los delitos.","publisher":{"@id":"https:\/\/www.fiscalia.gov.co\/colombia\/#organization"},"potentialAction":[{"@type":"SearchAction","target":{"@type":"EntryPoint","urlTemplate":"https:\/\/www.fiscalia.gov.co\/colombia\/?s={search_term_string}"},"query-input":{"@type":"PropertyValueSpecification","valueRequired":true,"valueName":"search_term_string"}}],"inLanguage":"es-CO"},{"@type":"Organization","@id":"https:\/\/www.fiscalia.gov.co\/colombia\/#organization","name":"Fiscal\u00eda General de la Naci\u00f3n","url":"https:\/\/www.fiscalia.gov.co\/colombia\/","logo":{"@type":"ImageObject","inLanguage":"es-CO","@id":"https:\/\/www.fiscalia.gov.co\/colombia\/#\/schema\/logo\/image\/","url":"https:\/\/www.fiscalia.gov.co\/colombia\/wp-content\/uploads\/LogoHorizontal_1.jpg","contentUrl":"https:\/\/www.fiscalia.gov.co\/colombia\/wp-content\/uploads\/LogoHorizontal_1.jpg","width":300,"height":90,"caption":"Fiscal\u00eda General de la Naci\u00f3n"},"image":{"@id":"https:\/\/www.fiscalia.gov.co\/colombia\/#\/schema\/logo\/image\/"},"sameAs":["https:\/\/www.facebook.com\/FiscaliaCol","https:\/\/x.com\/FiscaliaCol","https:\/\/www.instagram.com\/fiscaliacol","https:\/\/www.linkedin.com\/company\/fiscalia-general-de-la-naci-n\/","https:\/\/youtube.com\/@fiscaliageneraldelanacion-4668?si=6nN79nyQICPU5iTh"]},{"@type":"Person","@id":"https:\/\/www.fiscalia.gov.co\/colombia\/#\/schema\/person\/bf28d8ae7f1b287bbe3af484b04f43ea","name":"Direcci\u00f3n de Comunicaciones Fiscal\u00eda General de la Naci\u00f3n","image":{"@type":"ImageObject","inLanguage":"es-CO","@id":"https:\/\/www.fiscalia.gov.co\/colombia\/#\/schema\/person\/image\/","url":"https:\/\/secure.gravatar.com\/avatar\/9d55ae161d32da16dbdd0b380c080a5f?s=96&d=mm&r=g","contentUrl":"https:\/\/secure.gravatar.com\/avatar\/9d55ae161d32da16dbdd0b380c080a5f?s=96&d=mm&r=g","caption":"Direcci\u00f3n de Comunicaciones Fiscal\u00eda General de la Naci\u00f3n"},"url":"https:\/\/www.fiscalia.gov.co\/colombia\/author\/kbonilla\/"}]}},"_links":{"self":[{"href":"https:\/\/www.fiscalia.gov.co\/colombia\/wp-json\/wp\/v2\/posts\/200796","targetHints":{"allow":["GET"]}}],"collection":[{"href":"https:\/\/www.fiscalia.gov.co\/colombia\/wp-json\/wp\/v2\/posts"}],"about":[{"href":"https:\/\/www.fiscalia.gov.co\/colombia\/wp-json\/wp\/v2\/types\/post"}],"author":[{"embeddable":true,"href":"https:\/\/www.fiscalia.gov.co\/colombia\/wp-json\/wp\/v2\/users\/162"}],"replies":[{"embeddable":true,"href":"https:\/\/www.fiscalia.gov.co\/colombia\/wp-json\/wp\/v2\/comments?post=200796"}],"version-history":[{"count":1,"href":"https:\/\/www.fiscalia.gov.co\/colombia\/wp-json\/wp\/v2\/posts\/200796\/revisions"}],"predecessor-version":[{"id":200797,"href":"https:\/\/www.fiscalia.gov.co\/colombia\/wp-json\/wp\/v2\/posts\/200796\/revisions\/200797"}],"wp:attachment":[{"href":"https:\/\/www.fiscalia.gov.co\/colombia\/wp-json\/wp\/v2\/media?parent=200796"}],"wp:term":[{"taxonomy":"category","embeddable":true,"href":"https:\/\/www.fiscalia.gov.co\/colombia\/wp-json\/wp\/v2\/categories?post=200796"},{"taxonomy":"post_tag","embeddable":true,"href":"https:\/\/www.fiscalia.gov.co\/colombia\/wp-json\/wp\/v2\/tags?post=200796"}],"curies":[{"name":"wp","href":"https:\/\/api.w.org\/{rel}","templated":true}]}}