{"id":200684,"date":"2020-08-26T09:01:25","date_gmt":"2020-08-26T14:01:25","guid":{"rendered":"https:\/\/www.fiscalia.gov.co\/colombia\/?p=200684"},"modified":"2020-08-26T09:01:25","modified_gmt":"2020-08-26T14:01:25","slug":"fiscalia-en-boyaca-logro-importantes-sentencias-en-casos-de-delitos-contra-el-medio-ambiente-y-los-recursos-naturales","status":"publish","type":"post","link":"https:\/\/www.fiscalia.gov.co\/colombia\/seccionales\/fiscalia-en-boyaca-logro-importantes-sentencias-en-casos-de-delitos-contra-el-medio-ambiente-y-los-recursos-naturales\/","title":{"rendered":"Fiscal\u00eda en Boyac\u00e1 logr\u00f3 importantes sentencias en casos de delitos contra el medio ambiente y los recursos naturales"},"content":{"rendered":"<h4><strong>#HayJusticia<\/strong><\/h4>\n<div>\n<blockquote class=\"td_quote_box td_box_center\">\n<h4 class=\"x_MsoNormal\" style=\"text-align: left;\"><strong><i><span lang=\"ES-MX\">Los procesos est\u00e1n relacionados con la comercializaci\u00f3n ilegal de fauna silvestre para el consumo humano, extracci\u00f3n il\u00edcita de carb\u00f3n en un p\u00e1ramo del departamento y la explotaci\u00f3n de materiales de construcci\u00f3n a cielo abierto.\u00a0<\/span><\/i><\/strong><\/h4>\n<\/blockquote>\n<p class=\"x_MsoNormal\"><span lang=\"ES-MX\">Se trata de fallos judiciales en los que fueron condenadas cuatro personas por su responsabilidad en los delitos de\u00a0<\/span><b><span lang=\"ES-TRAD\">il\u00edcito aprovechamiento de los recursos naturales<\/span><\/b><span lang=\"ES-TRAD\">,\u00a0<b>da\u00f1o a los recursos naturales agravado<\/b>\u00a0y\u00a0<b>explotaci\u00f3n il\u00edcita de yacimiento minero.\u00a0<\/b><\/span><\/p>\n<p class=\"x_MsoNormal\"><b><u><span lang=\"ES-TRAD\">Primera sentencia, transporte de animales sacrificados\u00a0<\/span><\/u><\/b><\/p>\n<p class=\"x_MsoNormal\"><span lang=\"ES-MX\">La Fiscal\u00eda General de la Naci\u00f3n demostr\u00f3 en juicio, que\u00a0<\/span><span lang=\"ES-TRAD\">Rodolfo Toro Yaya y Ra\u00fal Tique Alvis fueron los responsables del il\u00edcito aprovechamiento de los recursos naturales, por los hechos ocurridos el 21 de octubre de 2018.\u00a0<\/span><span lang=\"ES-TRAD\">\u00a0<\/span><\/p>\n<p class=\"x_MsoNormal\"><span lang=\"ES-TRAD\">Ese d\u00eda, en un ret\u00e9n de la Polic\u00eda Nacional en la v\u00eda Paipa-Tunja (Boyac\u00e1), fue detenido el cami\u00f3n en el que se movilizaban los procesados. Al verificar el contenido de la parte trasera del automotor, las autoridades descubrieron que transportaban pescado para consumo humano, pero debajo hallaron otro tipo de carne roja que, por su composici\u00f3n y caracter\u00edsticas, parec\u00eda Chig\u00fciro.\u00a0<\/span><\/p>\n<p class=\"x_MsoNormal\"><span lang=\"ES-TRAD\">Se estableci\u00f3 que se trataba de 164 animales sacrificados para consumo humano; a<\/span><span lang=\"ES\">l menos\u00a0<b>3.5 toneladas de carne que ten\u00edan como destino la capital del pa\u00eds<\/b>.\u00a0<\/span><i><span lang=\"ES\">\u00a0<\/span><\/i><\/p>\n<p class=\"x_MsoNormal\"><span lang=\"ES-TRAD\">El cargamento ilegal era procedente de Paz de Ariporo (Casanare), y los hombres no contaban con permiso o autorizaci\u00f3n para el transporte de tales especies silvestres con los fines determinados.\u00a0<\/span><\/p>\n<p class=\"x_MsoNormal\"><span lang=\"ES-TRAD\">Por estos hechos fueron judicializados los dos hombres y se dispuso la incautaci\u00f3n de veh\u00edculo.\u00a0<\/span><\/p>\n<p class=\"x_MsoNormal\"><span lang=\"ES-TRAD\">Posteriormente, los procesados suscribieron un\u00a0<b>preacuerdo<\/b>\u00a0con la Fiscal\u00eda, por lo que en primera instancia el Juzgado Quinto Penal del Circuito de Tunja los sentenci\u00f3 a\u00a0<b>24 meses de prisi\u00f3n<\/b>, la cual fue ratificada por el Tribunal Superior de esa ciudad.\u00a0<\/span><\/p>\n<p class=\"x_MsoNormal\"><b><u><span lang=\"ES-TRAD\">Segunda condena, explotaci\u00f3n de carb\u00f3n en p\u00e1ramos\u00a0<\/span><\/u><\/b><\/p>\n<p class=\"x_MsoNormal\"><span lang=\"ES-TRAD\">El Juzgado 4 Penal del Circuito de Tunja emiti\u00f3, en primera instancia, sentencia condenatoria en contra de\u00a0<b>Luis An\u00edbal Mu\u00f1oz Romero<\/b>, por los delitos de da\u00f1o a los recursos naturales agravado y explotaci\u00f3n il\u00edcita de yacimiento minera, a una pena de\u00a0<b>prisi\u00f3n domiciliaria ocho a\u00f1os y multa de 200 salarios m\u00ednimos<\/b>\u00a0legales mensuales vigentes. \u00a0<\/span><span lang=\"ES-TRAD\">\u00a0<\/span><\/p>\n<p class=\"x_MsoNormal\"><span lang=\"ES-TRAD\">Los hechos que determinaron esta decisi\u00f3n datan de 2017, cuando un grupo interinstitucional de medio ambiente hizo presencia en la\u00a0<b>vereda Parroquia Vieja de Ventaquemada (Boyac\u00e1)<\/b>, donde se estaba realizando la\u00a0<b>explotaci\u00f3n de carb\u00f3n mineral<\/b>, en la bocamina denominada \u201cEl Man\u00e1\u201d, y con ello estaba ocasionando da\u00f1os al medio ambiente.\u00a0<\/span><span lang=\"ES-TRAD\">\u00a0<\/span><\/p>\n<p class=\"x_MsoNormal\"><span lang=\"ES-TRAD\">Durante el operativo fueron\u00a0<b>capturadas en flagrancia cinco personas<\/b>\u00a0que, desde diferentes roles, adelantaban la irregular explotaci\u00f3n de carb\u00f3n.\u00a0<\/span><span lang=\"ES-TRAD\">\u00a0<\/span><\/p>\n<p class=\"x_MsoNormal\"><span lang=\"ES-TRAD\">Durante el juicio oral se comprob\u00f3 que el propietario y financiador de la explotaci\u00f3n il\u00edcita era Luis An\u00edbal Mu\u00f1oz Romero, quien realizaba de manera intermitente esta actividad desde 2013 y que se le hab\u00eda negado la licencia ambiental.\u00a0<\/span><\/p>\n<p class=\"x_MsoNormal\"><span lang=\"ES-TRAD\">Adicionalmente, se determin\u00f3 que no contaba con t\u00edtulo minero y la extracci\u00f3n de este producto se ven\u00eda realizando en inmediaciones del\u00a0<b>P\u00e1ramo de Rabanal<\/b>, por lo que el lugar era un\u00a0<b>ecosistema protegido<\/b>.\u00a0<\/span><\/p>\n<p class=\"x_MsoNormal\"><b><u><span lang=\"ES-TRAD\">Tercer fallo, explotaci\u00f3n de materiales a cielo abierto\u00a0<\/span><\/u><\/b><\/p>\n<p class=\"x_MsoNormal\"><span lang=\"ES-MX\">El\u00a0<\/span><span lang=\"ES-TRAD\">Tribunal Superior de Tunja (Boyac\u00e1) confirm\u00f3 la sentencia en contra de\u00a0<b>Jos\u00e9 Fidel Garavito Vargas<\/b>, por el delito de da\u00f1o a los recursos naturales. En la decisi\u00f3n, se condena al procesado a\u00a0<b>5 a\u00f1os de prisi\u00f3n y multa de 3.106 salarios m\u00ednimos<\/b>\u00a0mensuales legales vigentes.\u00a0<\/span><\/p>\n<p class=\"x_MsoNormal\"><span lang=\"ES-TRAD\">El ente acusador tambi\u00e9n demostr\u00f3 en juicio que en la vereda El Carmen, zona rural del municipio de C\u00f3mbita, entre 2007 y 2014, Garavito Vargas realiz\u00f3, como propietario, sobre un\u00a0<b>\u00e1rea de 18.9354 metros cuadrados<\/b>\u00a0la explotaci\u00f3n a cielo abierto de materiales de construcci\u00f3n, lo que gener\u00f3 graves el da\u00f1o a los componentes del medio ambiente: h\u00eddrico, suelo, flora, fauna y paisaje.\u00a0<\/span><\/p>\n<p class=\"x_MsoNormal\"><span lang=\"ES-TRAD\">En este caso, el condenado present\u00f3 recurso extraordinario de casaci\u00f3n, por lo que ser\u00e1 la Corte Suprema de Justicia quien tome la decisi\u00f3n definitiva.\u00a0<\/span><span lang=\"ES-TRAD\">\u00a0<\/span><\/p>\n<p class=\"x_MsoNormal\"><span lang=\"ES-TRAD\">La Fiscal\u00eda hace p\u00fablica esta informaci\u00f3n por razones de inter\u00e9s general.<\/span><span lang=\"ES\">\u00a0<\/span><\/p>\n<\/div>\n<div>MRB\/DLBM<\/div>\n\n<div class=\"twitter-share\"><a href=\"https:\/\/twitter.com\/intent\/tweet?via=fiscaliacol\" class=\"twitter-share-button\">Tweet<\/a><\/div>\n","protected":false},"excerpt":{"rendered":"<p>#HayJusticia Los procesos est\u00e1n relacionados con la comercializaci\u00f3n ilegal de fauna silvestre para el consumo humano, extracci\u00f3n il\u00edcita de carb\u00f3n en un p\u00e1ramo del departamento y la explotaci\u00f3n de materiales de construcci\u00f3n a cielo abierto.\u00a0 Se trata de fallos judiciales en los que fueron condenadas cuatro personas por su responsabilidad en los delitos de\u00a0il\u00edcito aprovechamiento [&hellip;]<\/p>\n","protected":false},"author":162,"featured_media":0,"comment_status":"closed","ping_status":"open","sticky":false,"template":"","format":"standard","meta":{"tdm_status":"","tdm_grid_status":"","footnotes":""},"categories":[24174,341,303],"tags":[],"class_list":{"0":"post-200684","1":"post","2":"type-post","3":"status-publish","4":"format-standard","6":"category-hay-justicia","7":"category-seccional-tunja","8":"category-seccionales"},"yoast_head":"<!-- This site is optimized with the Yoast SEO plugin v24.3 - https:\/\/yoast.com\/wordpress\/plugins\/seo\/ -->\n<title>Fiscal\u00eda General de la Naci\u00f3n<\/title>\n<meta name=\"description\" content=\"P\u00e1gina oficial de la Fiscal\u00eda General de la Naci\u00f3n \u2013 Colombia. Garantizamos el acceso efectivo a la justicia, la verdad y la reparaci\u00f3n de las v\u00edctimas de los delitos.\" \/>\n<meta name=\"robots\" content=\"noindex, follow\" \/>\n<meta property=\"og:locale\" content=\"es_ES\" \/>\n<meta property=\"og:type\" content=\"article\" \/>\n<meta property=\"og:title\" content=\"Fiscal\u00eda General de la Naci\u00f3n\" \/>\n<meta property=\"og:description\" content=\"P\u00e1gina oficial de la Fiscal\u00eda General de la Naci\u00f3n \u2013 Colombia. Garantizamos el acceso efectivo a la justicia, la verdad y la reparaci\u00f3n de las v\u00edctimas de los delitos.\" \/>\n<meta property=\"og:url\" content=\"https:\/\/www.fiscalia.gov.co\/colombia\/seccionales\/fiscalia-en-boyaca-logro-importantes-sentencias-en-casos-de-delitos-contra-el-medio-ambiente-y-los-recursos-naturales\/\" \/>\n<meta property=\"og:site_name\" content=\"Fiscal\u00eda General de la Naci\u00f3n\" \/>\n<meta property=\"article:publisher\" content=\"https:\/\/www.facebook.com\/FiscaliaCol\" \/>\n<meta property=\"article:published_time\" content=\"2020-08-26T14:01:25+00:00\" \/>\n<meta name=\"author\" content=\"Direcci\u00f3n de Comunicaciones Fiscal\u00eda General de la Naci\u00f3n\" \/>\n<meta name=\"twitter:card\" content=\"summary_large_image\" \/>\n<meta name=\"twitter:creator\" content=\"@FiscaliaCol\" \/>\n<meta name=\"twitter:site\" content=\"@FiscaliaCol\" \/>\n<meta name=\"twitter:label1\" content=\"Escrito por\" \/>\n\t<meta name=\"twitter:data1\" content=\"Direcci\u00f3n de Comunicaciones Fiscal\u00eda General de la Naci\u00f3n\" \/>\n\t<meta name=\"twitter:label2\" content=\"Tiempo de lectura\" \/>\n\t<meta name=\"twitter:data2\" content=\"4 minutos\" \/>\n<script type=\"application\/ld+json\" class=\"yoast-schema-graph\">{\"@context\":\"https:\/\/schema.org\",\"@graph\":[{\"@type\":\"Article\",\"@id\":\"https:\/\/www.fiscalia.gov.co\/colombia\/seccionales\/fiscalia-en-boyaca-logro-importantes-sentencias-en-casos-de-delitos-contra-el-medio-ambiente-y-los-recursos-naturales\/#article\",\"isPartOf\":{\"@id\":\"https:\/\/www.fiscalia.gov.co\/colombia\/seccionales\/fiscalia-en-boyaca-logro-importantes-sentencias-en-casos-de-delitos-contra-el-medio-ambiente-y-los-recursos-naturales\/\"},\"author\":{\"name\":\"Direcci\u00f3n de Comunicaciones Fiscal\u00eda General de la Naci\u00f3n\",\"@id\":\"https:\/\/www.fiscalia.gov.co\/colombia\/#\/schema\/person\/bf28d8ae7f1b287bbe3af484b04f43ea\"},\"headline\":\"Fiscal\u00eda en Boyac\u00e1 logr\u00f3 importantes sentencias en casos de delitos contra el medio ambiente y los recursos naturales\",\"datePublished\":\"2020-08-26T14:01:25+00:00\",\"dateModified\":\"2020-08-26T14:01:25+00:00\",\"mainEntityOfPage\":{\"@id\":\"https:\/\/www.fiscalia.gov.co\/colombia\/seccionales\/fiscalia-en-boyaca-logro-importantes-sentencias-en-casos-de-delitos-contra-el-medio-ambiente-y-los-recursos-naturales\/\"},\"wordCount\":723,\"publisher\":{\"@id\":\"https:\/\/www.fiscalia.gov.co\/colombia\/#organization\"},\"articleSection\":[\"Hay Justicia\",\"Seccional Tunja\",\"Seccionales\"],\"inLanguage\":\"es-CO\"},{\"@type\":\"WebPage\",\"@id\":\"https:\/\/www.fiscalia.gov.co\/colombia\/seccionales\/fiscalia-en-boyaca-logro-importantes-sentencias-en-casos-de-delitos-contra-el-medio-ambiente-y-los-recursos-naturales\/\",\"url\":\"https:\/\/www.fiscalia.gov.co\/colombia\/seccionales\/fiscalia-en-boyaca-logro-importantes-sentencias-en-casos-de-delitos-contra-el-medio-ambiente-y-los-recursos-naturales\/\",\"name\":\"Fiscal\u00eda General de la Naci\u00f3n\",\"isPartOf\":{\"@id\":\"https:\/\/www.fiscalia.gov.co\/colombia\/#website\"},\"datePublished\":\"2020-08-26T14:01:25+00:00\",\"dateModified\":\"2020-08-26T14:01:25+00:00\",\"description\":\"P\u00e1gina oficial de la Fiscal\u00eda General de la Naci\u00f3n \u2013 Colombia. Garantizamos el acceso efectivo a la justicia, la verdad y la reparaci\u00f3n de las v\u00edctimas de los delitos.\",\"breadcrumb\":{\"@id\":\"https:\/\/www.fiscalia.gov.co\/colombia\/seccionales\/fiscalia-en-boyaca-logro-importantes-sentencias-en-casos-de-delitos-contra-el-medio-ambiente-y-los-recursos-naturales\/#breadcrumb\"},\"inLanguage\":\"es-CO\",\"potentialAction\":[{\"@type\":\"ReadAction\",\"target\":[\"https:\/\/www.fiscalia.gov.co\/colombia\/seccionales\/fiscalia-en-boyaca-logro-importantes-sentencias-en-casos-de-delitos-contra-el-medio-ambiente-y-los-recursos-naturales\/\"]}]},{\"@type\":\"BreadcrumbList\",\"@id\":\"https:\/\/www.fiscalia.gov.co\/colombia\/seccionales\/fiscalia-en-boyaca-logro-importantes-sentencias-en-casos-de-delitos-contra-el-medio-ambiente-y-los-recursos-naturales\/#breadcrumb\",\"itemListElement\":[{\"@type\":\"ListItem\",\"position\":1,\"name\":\"Home\",\"item\":\"https:\/\/www.fiscalia.gov.co\/colombia\/\"},{\"@type\":\"ListItem\",\"position\":2,\"name\":\"Fiscal\u00eda en Boyac\u00e1 logr\u00f3 importantes sentencias en casos de delitos contra el medio ambiente y los recursos naturales\"}]},{\"@type\":\"WebSite\",\"@id\":\"https:\/\/www.fiscalia.gov.co\/colombia\/#website\",\"url\":\"https:\/\/www.fiscalia.gov.co\/colombia\/\",\"name\":\"Fiscal\u00eda General de la Naci\u00f3n\",\"description\":\"P\u00e1gina oficial de la Fiscal\u00eda General de la Naci\u00f3n \u2013 Colombia. Garantizamos el acceso efectivo a la justicia, la verdad y la reparaci\u00f3n de las v\u00edctimas de los delitos.\",\"publisher\":{\"@id\":\"https:\/\/www.fiscalia.gov.co\/colombia\/#organization\"},\"potentialAction\":[{\"@type\":\"SearchAction\",\"target\":{\"@type\":\"EntryPoint\",\"urlTemplate\":\"https:\/\/www.fiscalia.gov.co\/colombia\/?s={search_term_string}\"},\"query-input\":{\"@type\":\"PropertyValueSpecification\",\"valueRequired\":true,\"valueName\":\"search_term_string\"}}],\"inLanguage\":\"es-CO\"},{\"@type\":\"Organization\",\"@id\":\"https:\/\/www.fiscalia.gov.co\/colombia\/#organization\",\"name\":\"Fiscal\u00eda General de la Naci\u00f3n\",\"url\":\"https:\/\/www.fiscalia.gov.co\/colombia\/\",\"logo\":{\"@type\":\"ImageObject\",\"inLanguage\":\"es-CO\",\"@id\":\"https:\/\/www.fiscalia.gov.co\/colombia\/#\/schema\/logo\/image\/\",\"url\":\"https:\/\/www.fiscalia.gov.co\/colombia\/wp-content\/uploads\/LogoHorizontal_1.jpg\",\"contentUrl\":\"https:\/\/www.fiscalia.gov.co\/colombia\/wp-content\/uploads\/LogoHorizontal_1.jpg\",\"width\":300,\"height\":90,\"caption\":\"Fiscal\u00eda General de la Naci\u00f3n\"},\"image\":{\"@id\":\"https:\/\/www.fiscalia.gov.co\/colombia\/#\/schema\/logo\/image\/\"},\"sameAs\":[\"https:\/\/www.facebook.com\/FiscaliaCol\",\"https:\/\/x.com\/FiscaliaCol\",\"https:\/\/www.instagram.com\/fiscaliacol\",\"https:\/\/www.linkedin.com\/company\/fiscalia-general-de-la-naci-n\/\",\"https:\/\/youtube.com\/@fiscaliageneraldelanacion-4668?si=6nN79nyQICPU5iTh\"]},{\"@type\":\"Person\",\"@id\":\"https:\/\/www.fiscalia.gov.co\/colombia\/#\/schema\/person\/bf28d8ae7f1b287bbe3af484b04f43ea\",\"name\":\"Direcci\u00f3n de Comunicaciones Fiscal\u00eda General de la Naci\u00f3n\",\"image\":{\"@type\":\"ImageObject\",\"inLanguage\":\"es-CO\",\"@id\":\"https:\/\/www.fiscalia.gov.co\/colombia\/#\/schema\/person\/image\/\",\"url\":\"https:\/\/secure.gravatar.com\/avatar\/9d55ae161d32da16dbdd0b380c080a5f?s=96&d=mm&r=g\",\"contentUrl\":\"https:\/\/secure.gravatar.com\/avatar\/9d55ae161d32da16dbdd0b380c080a5f?s=96&d=mm&r=g\",\"caption\":\"Direcci\u00f3n de Comunicaciones Fiscal\u00eda General de la Naci\u00f3n\"},\"url\":\"https:\/\/www.fiscalia.gov.co\/colombia\/author\/kbonilla\/\"}]}<\/script>\n<!-- \/ Yoast SEO plugin. -->","yoast_head_json":{"title":"Fiscal\u00eda General de la Naci\u00f3n","description":"P\u00e1gina oficial de la Fiscal\u00eda General de la Naci\u00f3n \u2013 Colombia. Garantizamos el acceso efectivo a la justicia, la verdad y la reparaci\u00f3n de las v\u00edctimas de los delitos.","robots":{"index":"noindex","follow":"follow"},"og_locale":"es_ES","og_type":"article","og_title":"Fiscal\u00eda General de la Naci\u00f3n","og_description":"P\u00e1gina oficial de la Fiscal\u00eda General de la Naci\u00f3n \u2013 Colombia. Garantizamos el acceso efectivo a la justicia, la verdad y la reparaci\u00f3n de las v\u00edctimas de los delitos.","og_url":"https:\/\/www.fiscalia.gov.co\/colombia\/seccionales\/fiscalia-en-boyaca-logro-importantes-sentencias-en-casos-de-delitos-contra-el-medio-ambiente-y-los-recursos-naturales\/","og_site_name":"Fiscal\u00eda General de la Naci\u00f3n","article_publisher":"https:\/\/www.facebook.com\/FiscaliaCol","article_published_time":"2020-08-26T14:01:25+00:00","author":"Direcci\u00f3n de Comunicaciones Fiscal\u00eda General de la Naci\u00f3n","twitter_card":"summary_large_image","twitter_creator":"@FiscaliaCol","twitter_site":"@FiscaliaCol","twitter_misc":{"Escrito por":"Direcci\u00f3n de Comunicaciones Fiscal\u00eda General de la Naci\u00f3n","Tiempo de lectura":"4 minutos"},"schema":{"@context":"https:\/\/schema.org","@graph":[{"@type":"Article","@id":"https:\/\/www.fiscalia.gov.co\/colombia\/seccionales\/fiscalia-en-boyaca-logro-importantes-sentencias-en-casos-de-delitos-contra-el-medio-ambiente-y-los-recursos-naturales\/#article","isPartOf":{"@id":"https:\/\/www.fiscalia.gov.co\/colombia\/seccionales\/fiscalia-en-boyaca-logro-importantes-sentencias-en-casos-de-delitos-contra-el-medio-ambiente-y-los-recursos-naturales\/"},"author":{"name":"Direcci\u00f3n de Comunicaciones Fiscal\u00eda General de la Naci\u00f3n","@id":"https:\/\/www.fiscalia.gov.co\/colombia\/#\/schema\/person\/bf28d8ae7f1b287bbe3af484b04f43ea"},"headline":"Fiscal\u00eda en Boyac\u00e1 logr\u00f3 importantes sentencias en casos de delitos contra el medio ambiente y los recursos naturales","datePublished":"2020-08-26T14:01:25+00:00","dateModified":"2020-08-26T14:01:25+00:00","mainEntityOfPage":{"@id":"https:\/\/www.fiscalia.gov.co\/colombia\/seccionales\/fiscalia-en-boyaca-logro-importantes-sentencias-en-casos-de-delitos-contra-el-medio-ambiente-y-los-recursos-naturales\/"},"wordCount":723,"publisher":{"@id":"https:\/\/www.fiscalia.gov.co\/colombia\/#organization"},"articleSection":["Hay Justicia","Seccional Tunja","Seccionales"],"inLanguage":"es-CO"},{"@type":"WebPage","@id":"https:\/\/www.fiscalia.gov.co\/colombia\/seccionales\/fiscalia-en-boyaca-logro-importantes-sentencias-en-casos-de-delitos-contra-el-medio-ambiente-y-los-recursos-naturales\/","url":"https:\/\/www.fiscalia.gov.co\/colombia\/seccionales\/fiscalia-en-boyaca-logro-importantes-sentencias-en-casos-de-delitos-contra-el-medio-ambiente-y-los-recursos-naturales\/","name":"Fiscal\u00eda General de la Naci\u00f3n","isPartOf":{"@id":"https:\/\/www.fiscalia.gov.co\/colombia\/#website"},"datePublished":"2020-08-26T14:01:25+00:00","dateModified":"2020-08-26T14:01:25+00:00","description":"P\u00e1gina oficial de la Fiscal\u00eda General de la Naci\u00f3n \u2013 Colombia. Garantizamos el acceso efectivo a la justicia, la verdad y la reparaci\u00f3n de las v\u00edctimas de los delitos.","breadcrumb":{"@id":"https:\/\/www.fiscalia.gov.co\/colombia\/seccionales\/fiscalia-en-boyaca-logro-importantes-sentencias-en-casos-de-delitos-contra-el-medio-ambiente-y-los-recursos-naturales\/#breadcrumb"},"inLanguage":"es-CO","potentialAction":[{"@type":"ReadAction","target":["https:\/\/www.fiscalia.gov.co\/colombia\/seccionales\/fiscalia-en-boyaca-logro-importantes-sentencias-en-casos-de-delitos-contra-el-medio-ambiente-y-los-recursos-naturales\/"]}]},{"@type":"BreadcrumbList","@id":"https:\/\/www.fiscalia.gov.co\/colombia\/seccionales\/fiscalia-en-boyaca-logro-importantes-sentencias-en-casos-de-delitos-contra-el-medio-ambiente-y-los-recursos-naturales\/#breadcrumb","itemListElement":[{"@type":"ListItem","position":1,"name":"Home","item":"https:\/\/www.fiscalia.gov.co\/colombia\/"},{"@type":"ListItem","position":2,"name":"Fiscal\u00eda en Boyac\u00e1 logr\u00f3 importantes sentencias en casos de delitos contra el medio ambiente y los recursos naturales"}]},{"@type":"WebSite","@id":"https:\/\/www.fiscalia.gov.co\/colombia\/#website","url":"https:\/\/www.fiscalia.gov.co\/colombia\/","name":"Fiscal\u00eda General de la Naci\u00f3n","description":"P\u00e1gina oficial de la Fiscal\u00eda General de la Naci\u00f3n \u2013 Colombia. Garantizamos el acceso efectivo a la justicia, la verdad y la reparaci\u00f3n de las v\u00edctimas de los delitos.","publisher":{"@id":"https:\/\/www.fiscalia.gov.co\/colombia\/#organization"},"potentialAction":[{"@type":"SearchAction","target":{"@type":"EntryPoint","urlTemplate":"https:\/\/www.fiscalia.gov.co\/colombia\/?s={search_term_string}"},"query-input":{"@type":"PropertyValueSpecification","valueRequired":true,"valueName":"search_term_string"}}],"inLanguage":"es-CO"},{"@type":"Organization","@id":"https:\/\/www.fiscalia.gov.co\/colombia\/#organization","name":"Fiscal\u00eda General de la Naci\u00f3n","url":"https:\/\/www.fiscalia.gov.co\/colombia\/","logo":{"@type":"ImageObject","inLanguage":"es-CO","@id":"https:\/\/www.fiscalia.gov.co\/colombia\/#\/schema\/logo\/image\/","url":"https:\/\/www.fiscalia.gov.co\/colombia\/wp-content\/uploads\/LogoHorizontal_1.jpg","contentUrl":"https:\/\/www.fiscalia.gov.co\/colombia\/wp-content\/uploads\/LogoHorizontal_1.jpg","width":300,"height":90,"caption":"Fiscal\u00eda General de la Naci\u00f3n"},"image":{"@id":"https:\/\/www.fiscalia.gov.co\/colombia\/#\/schema\/logo\/image\/"},"sameAs":["https:\/\/www.facebook.com\/FiscaliaCol","https:\/\/x.com\/FiscaliaCol","https:\/\/www.instagram.com\/fiscaliacol","https:\/\/www.linkedin.com\/company\/fiscalia-general-de-la-naci-n\/","https:\/\/youtube.com\/@fiscaliageneraldelanacion-4668?si=6nN79nyQICPU5iTh"]},{"@type":"Person","@id":"https:\/\/www.fiscalia.gov.co\/colombia\/#\/schema\/person\/bf28d8ae7f1b287bbe3af484b04f43ea","name":"Direcci\u00f3n de Comunicaciones Fiscal\u00eda General de la Naci\u00f3n","image":{"@type":"ImageObject","inLanguage":"es-CO","@id":"https:\/\/www.fiscalia.gov.co\/colombia\/#\/schema\/person\/image\/","url":"https:\/\/secure.gravatar.com\/avatar\/9d55ae161d32da16dbdd0b380c080a5f?s=96&d=mm&r=g","contentUrl":"https:\/\/secure.gravatar.com\/avatar\/9d55ae161d32da16dbdd0b380c080a5f?s=96&d=mm&r=g","caption":"Direcci\u00f3n de Comunicaciones Fiscal\u00eda General de la Naci\u00f3n"},"url":"https:\/\/www.fiscalia.gov.co\/colombia\/author\/kbonilla\/"}]}},"_links":{"self":[{"href":"https:\/\/www.fiscalia.gov.co\/colombia\/wp-json\/wp\/v2\/posts\/200684","targetHints":{"allow":["GET"]}}],"collection":[{"href":"https:\/\/www.fiscalia.gov.co\/colombia\/wp-json\/wp\/v2\/posts"}],"about":[{"href":"https:\/\/www.fiscalia.gov.co\/colombia\/wp-json\/wp\/v2\/types\/post"}],"author":[{"embeddable":true,"href":"https:\/\/www.fiscalia.gov.co\/colombia\/wp-json\/wp\/v2\/users\/162"}],"replies":[{"embeddable":true,"href":"https:\/\/www.fiscalia.gov.co\/colombia\/wp-json\/wp\/v2\/comments?post=200684"}],"version-history":[{"count":1,"href":"https:\/\/www.fiscalia.gov.co\/colombia\/wp-json\/wp\/v2\/posts\/200684\/revisions"}],"predecessor-version":[{"id":200685,"href":"https:\/\/www.fiscalia.gov.co\/colombia\/wp-json\/wp\/v2\/posts\/200684\/revisions\/200685"}],"wp:attachment":[{"href":"https:\/\/www.fiscalia.gov.co\/colombia\/wp-json\/wp\/v2\/media?parent=200684"}],"wp:term":[{"taxonomy":"category","embeddable":true,"href":"https:\/\/www.fiscalia.gov.co\/colombia\/wp-json\/wp\/v2\/categories?post=200684"},{"taxonomy":"post_tag","embeddable":true,"href":"https:\/\/www.fiscalia.gov.co\/colombia\/wp-json\/wp\/v2\/tags?post=200684"}],"curies":[{"name":"wp","href":"https:\/\/api.w.org\/{rel}","templated":true}]}}