{"id":200525,"date":"2020-08-21T18:35:46","date_gmt":"2020-08-21T23:35:46","guid":{"rendered":"https:\/\/www.fiscalia.gov.co\/colombia\/?p=200525"},"modified":"2020-08-21T19:07:09","modified_gmt":"2020-08-22T00:07:09","slug":"golpe-estructural-a-los-rastrojos-cae-alias-brayan-senalado-determinador-de-la-masacre-de-totumito-en-el-catatumbo","status":"publish","type":"post","link":"https:\/\/www.fiscalia.gov.co\/colombia\/crimen-organizado\/golpe-estructural-a-los-rastrojos-cae-alias-brayan-senalado-determinador-de-la-masacre-de-totumito-en-el-catatumbo\/","title":{"rendered":"Golpe estructural a \u2018Los Rastrojos\u2019: cae alias Brayan, se\u00f1alado determinador de la masacre de Totumito en el Catatumbo"},"content":{"rendered":"<blockquote class=\"td_quote_box td_box_center\">\n<h4 style=\"text-align: left;\"><strong><em>La Fiscal\u00eda General de la Naci\u00f3n y la Polic\u00eda Nacional capturaron al presunto cabecilla de la estructura armada de \u2018Los Ratrojos\u2019 junto a su hermano y tres de sus subalternos. Estar\u00edan involucrados en la muerte de seis personas en la vereda Totumito de Tib\u00fa (Norte de Santander) y otros cr\u00edmenes.<\/em><\/strong><\/h4>\n<\/blockquote>\n<p>Impactar el crimen organizado y lograr la judicializaci\u00f3n de los m\u00e1ximos responsables de las actividades il\u00edcitas de estas estructuras que se financian del narcotr\u00e1fico y afectan la tranquilidad de las comunidades, fue uno de los ejes priorizados por el Fiscal General de la Naci\u00f3n, Francisco Barbosa Delgado.<\/p>\n<p>En ese sentido, se definieron distintos frentes investigativos, uno de ellos dirigido a atacar las organizaciones criminales que tiene injerencia en la regi\u00f3n del Catatumbo y zona de frontera con Venezuela. Gracias a esa priorizaci\u00f3n, la Fiscal\u00eda General de la Naci\u00f3n, en trabajo articulado con la Polic\u00eda Nacional, dio un golpe estructural a \u2018Los Rastrojos\u2019 con la captura del m\u00e1ximo cabecilla del componente armado de este grupo.<\/p>\n<p>Se trata de Andr\u00e9s Felipe Berrio R\u00faa, alias Brayan, quien fue detenido en diligencias realizadas en zona rural de Los Patios (Norte de Santander), junto a su hermano, conocido como \u2018Pira\u00f1a\u2019, y tres hombres que har\u00edan parte de su anillo de seguridad. Durante el procedimiento fueron incautados 2 fusiles, 2 proveedores para fusil, 50 cartuchos y 4 celulares.<\/p>\n<p>De acuerdo con las investigaciones, alias Brayan ser\u00eda el determinador del asesinato de seis personas en la vereda Totumito de Tib\u00fa (Norte de Santander), el pasado 18 de julio. Esta persona, a trav\u00e9s de diferentes medios, se habr\u00eda atribuido la masacre y, supuestamente, report\u00f3 el resultado a otros integrantes de \u2018Los Rastrojos\u2019.<\/p>\n<p>Por su parte, Carlos Olvany Berrio R\u00faa, alias Pira\u00f1a, ser\u00eda uno de los cabecillas de zona de la estructura ilegal. Las otras tres personas, conocidas como \u2018Tatuajes\u2019, \u2018Jos\u00e9\u2019 y \u2018Curruca\u2019 fueron detenidas en flagrancia y har\u00edan parte del anillo de seguridad de alias \u2018Brayan\u2019.<\/p>\n<p><strong><u>Judicializaci\u00f3n<\/u><\/strong><\/p>\n<p>Una fiscal de la Direcci\u00f3n Especializada contra las Organizaciones Criminales imput\u00f3 a\u00a0 Andr\u00e9s Felipe Berrio R\u00faa, alias Brayan, los delitos de: concierto para delinquir agravado con fines de homicidio y extorsi\u00f3n, en su condici\u00f3n de cabecilla; homicidio agravado; fabricaci\u00f3n, tr\u00e1fico y porte de armas, municiones de uso restringido, de uso privativo de las Fuerzas Armadas o explosivos.<\/p>\n<p>Contra el se\u00f1alado cabecilla armado de \u2018Los Rastrojos\u2019, adem\u00e1s de la masacre en Totumito, se le atribuye cinco homicidios m\u00e1s ocurridos en los \u00faltimos dos a\u00f1os y por los que tambi\u00e9n ten\u00eda una orden de captura vigente en su contra.<\/p>\n<p>A los dem\u00e1s procesados, la Fiscal\u00eda les imput\u00f3 los delitos de concierto para delinquir agravado con fines de extorsi\u00f3n y homicidio; y fabricaci\u00f3n, tr\u00e1fico y porte de armas, municiones de uso restringido, de uso privativo de las Fuerzas Armadas o explosivos.<\/p>\n<p>Adicionalmente, estas personas estar\u00edan vinculadas a sicariatos, secuestros, desapariciones forzadas, torturas, reclutamiento de personas, tr\u00e1fico de estupefacientes, tr\u00e1fico de hidrocarburos, cobro de extorsiones y controles ilegales en corredores o trochas entre Colombia y Venezuela.<\/p>\n<p><strong><u>\u2018Brayan\u2019, un articulador de homicidios<\/u><\/strong><\/p>\n<p>Las investigaciones evidenciaron que Andr\u00e9s Felipe Berrio R\u00faa, alias Brayan, complet\u00f3 12 a\u00f1os en \u2018Los Rastrojos\u2019. Actualmente, tendr\u00eda 50 hombres en armas a su cargo y, como tercer cabecilla de la estructura criminal, ser\u00eda el principal articulador de homicidios y desmembramientos en zona de frontera. Alias Brayan es desmovilizado de las extintas Autodefensas Campesinas del Magdalena Medio.<\/p>\n<p>Por su parte, su hermano, alias Pira\u00f1a, se reincorpor\u00f3 a \u2018Los Ratsrojos\u2019 hace dos a\u00f1os, luego de salir de prisi\u00f3n. Era cabecilla de zona con un componente de 35 personas encargadas de realizar asesinatos selectivos, y extorsiones a ganaderos y arroceros.<\/p>\n<p><strong><u>En contexto<\/u><\/strong><\/p>\n<p>La priorizaci\u00f3n de la zona del Catatumbo y de los territorios fronterizos, definida por el Fiscal General de la Naci\u00f3n, Francisco Barbosa Delgado, en su estrategia de lucha contra la criminalidad organizada ha permitido, entre febrero y agosto de este a\u00f1o, capturar a 24 integrantes del Grupo de Delincuencia Organizada (GDO) \u2018Los Rastrojos\u2019.<\/p>\n<p>Asimismo, los an\u00e1lisis e indagaciones han permitido establecer que esta estructura ser\u00eda la responsable de 77 acciones criminales, entre homicidios, desplazamientos, amenazas, extorsiones y otras conductas delictivas ocurridas en C\u00facuta, Puerto Santander, Los Patios, San Cayetano y El Zulia (Norte de Santander).<\/p>\n<p>La Fiscal\u00eda General de la Naci\u00f3n hace p\u00fablica esta informaci\u00f3n por razones de inter\u00e9s general.<\/p>\n<p>&nbsp;<\/p>\n\n<div class=\"twitter-share\"><a href=\"https:\/\/twitter.com\/intent\/tweet?via=fiscaliacol\" class=\"twitter-share-button\">Tweet<\/a><\/div>\n","protected":false},"excerpt":{"rendered":"<p>La Fiscal\u00eda General de la Naci\u00f3n y la Polic\u00eda Nacional capturaron al presunto cabecilla de la estructura armada de \u2018Los Ratrojos\u2019 junto a su hermano y tres de sus subalternos. [&hellip;]<\/p>\n","protected":false},"author":162,"featured_media":0,"comment_status":"closed","ping_status":"open","sticky":false,"template":"","format":"video","meta":{"tdm_status":"","tdm_grid_status":"","footnotes":""},"categories":[24098,24096],"tags":[],"class_list":["post-200525","post","type-post","status-publish","format-video","category-crimen-organizado","category-fiscal-general-de-la-nacion","post_format-post-format-video"],"yoast_head":"<!-- This site is optimized with the Yoast SEO plugin v24.3 - https:\/\/yoast.com\/wordpress\/plugins\/seo\/ -->\n<title>Fiscal\u00eda General de la Naci\u00f3n<\/title>\n<meta name=\"description\" content=\"P\u00e1gina oficial de la Fiscal\u00eda General de la Naci\u00f3n \u2013 Colombia. Garantizamos el acceso efectivo a la justicia, la verdad y la reparaci\u00f3n de las v\u00edctimas de los delitos.\" \/>\n<meta name=\"robots\" content=\"noindex, follow\" \/>\n<meta property=\"og:locale\" content=\"es_ES\" \/>\n<meta property=\"og:type\" content=\"article\" \/>\n<meta property=\"og:title\" content=\"Fiscal\u00eda General de la Naci\u00f3n\" \/>\n<meta property=\"og:description\" content=\"P\u00e1gina oficial de la Fiscal\u00eda General de la Naci\u00f3n \u2013 Colombia. Garantizamos el acceso efectivo a la justicia, la verdad y la reparaci\u00f3n de las v\u00edctimas de los delitos.\" \/>\n<meta property=\"og:url\" content=\"https:\/\/www.fiscalia.gov.co\/colombia\/crimen-organizado\/golpe-estructural-a-los-rastrojos-cae-alias-brayan-senalado-determinador-de-la-masacre-de-totumito-en-el-catatumbo\/\" \/>\n<meta property=\"og:site_name\" content=\"Fiscal\u00eda General de la Naci\u00f3n\" \/>\n<meta property=\"article:publisher\" content=\"https:\/\/www.facebook.com\/FiscaliaCol\" \/>\n<meta property=\"article:published_time\" content=\"2020-08-21T23:35:46+00:00\" \/>\n<meta property=\"article:modified_time\" content=\"2020-08-22T00:07:09+00:00\" \/>\n<meta name=\"author\" content=\"Direcci\u00f3n de Comunicaciones Fiscal\u00eda General de la Naci\u00f3n\" \/>\n<meta name=\"twitter:card\" content=\"summary_large_image\" \/>\n<meta name=\"twitter:creator\" content=\"@FiscaliaCol\" \/>\n<meta name=\"twitter:site\" content=\"@FiscaliaCol\" \/>\n<meta name=\"twitter:label1\" content=\"Escrito por\" \/>\n\t<meta name=\"twitter:data1\" content=\"Direcci\u00f3n de Comunicaciones Fiscal\u00eda General de la Naci\u00f3n\" \/>\n\t<meta name=\"twitter:label2\" content=\"Tiempo de lectura\" \/>\n\t<meta name=\"twitter:data2\" content=\"4 minutos\" \/>\n<script type=\"application\/ld+json\" class=\"yoast-schema-graph\">{\"@context\":\"https:\/\/schema.org\",\"@graph\":[{\"@type\":\"Article\",\"@id\":\"https:\/\/www.fiscalia.gov.co\/colombia\/crimen-organizado\/golpe-estructural-a-los-rastrojos-cae-alias-brayan-senalado-determinador-de-la-masacre-de-totumito-en-el-catatumbo\/#article\",\"isPartOf\":{\"@id\":\"https:\/\/www.fiscalia.gov.co\/colombia\/crimen-organizado\/golpe-estructural-a-los-rastrojos-cae-alias-brayan-senalado-determinador-de-la-masacre-de-totumito-en-el-catatumbo\/\"},\"author\":{\"name\":\"Direcci\u00f3n de Comunicaciones Fiscal\u00eda General de la Naci\u00f3n\",\"@id\":\"https:\/\/www.fiscalia.gov.co\/colombia\/#\/schema\/person\/bf28d8ae7f1b287bbe3af484b04f43ea\"},\"headline\":\"Golpe estructural a \u2018Los Rastrojos\u2019: cae alias Brayan, se\u00f1alado determinador de la masacre de Totumito en el Catatumbo\",\"datePublished\":\"2020-08-21T23:35:46+00:00\",\"dateModified\":\"2020-08-22T00:07:09+00:00\",\"mainEntityOfPage\":{\"@id\":\"https:\/\/www.fiscalia.gov.co\/colombia\/crimen-organizado\/golpe-estructural-a-los-rastrojos-cae-alias-brayan-senalado-determinador-de-la-masacre-de-totumito-en-el-catatumbo\/\"},\"wordCount\":784,\"publisher\":{\"@id\":\"https:\/\/www.fiscalia.gov.co\/colombia\/#organization\"},\"articleSection\":[\"Crimen organizado\",\"Fiscal General de la Naci\u00f3n\"],\"inLanguage\":\"es-CO\"},{\"@type\":\"WebPage\",\"@id\":\"https:\/\/www.fiscalia.gov.co\/colombia\/crimen-organizado\/golpe-estructural-a-los-rastrojos-cae-alias-brayan-senalado-determinador-de-la-masacre-de-totumito-en-el-catatumbo\/\",\"url\":\"https:\/\/www.fiscalia.gov.co\/colombia\/crimen-organizado\/golpe-estructural-a-los-rastrojos-cae-alias-brayan-senalado-determinador-de-la-masacre-de-totumito-en-el-catatumbo\/\",\"name\":\"Fiscal\u00eda General de la Naci\u00f3n\",\"isPartOf\":{\"@id\":\"https:\/\/www.fiscalia.gov.co\/colombia\/#website\"},\"datePublished\":\"2020-08-21T23:35:46+00:00\",\"dateModified\":\"2020-08-22T00:07:09+00:00\",\"description\":\"P\u00e1gina oficial de la Fiscal\u00eda General de la Naci\u00f3n \u2013 Colombia. Garantizamos el acceso efectivo a la justicia, la verdad y la reparaci\u00f3n de las v\u00edctimas de los delitos.\",\"breadcrumb\":{\"@id\":\"https:\/\/www.fiscalia.gov.co\/colombia\/crimen-organizado\/golpe-estructural-a-los-rastrojos-cae-alias-brayan-senalado-determinador-de-la-masacre-de-totumito-en-el-catatumbo\/#breadcrumb\"},\"inLanguage\":\"es-CO\",\"potentialAction\":[{\"@type\":\"ReadAction\",\"target\":[\"https:\/\/www.fiscalia.gov.co\/colombia\/crimen-organizado\/golpe-estructural-a-los-rastrojos-cae-alias-brayan-senalado-determinador-de-la-masacre-de-totumito-en-el-catatumbo\/\"]}]},{\"@type\":\"BreadcrumbList\",\"@id\":\"https:\/\/www.fiscalia.gov.co\/colombia\/crimen-organizado\/golpe-estructural-a-los-rastrojos-cae-alias-brayan-senalado-determinador-de-la-masacre-de-totumito-en-el-catatumbo\/#breadcrumb\",\"itemListElement\":[{\"@type\":\"ListItem\",\"position\":1,\"name\":\"Home\",\"item\":\"https:\/\/www.fiscalia.gov.co\/colombia\/\"},{\"@type\":\"ListItem\",\"position\":2,\"name\":\"Golpe estructural a \u2018Los Rastrojos\u2019: cae alias Brayan, se\u00f1alado determinador de la masacre de Totumito en el Catatumbo\"}]},{\"@type\":\"WebSite\",\"@id\":\"https:\/\/www.fiscalia.gov.co\/colombia\/#website\",\"url\":\"https:\/\/www.fiscalia.gov.co\/colombia\/\",\"name\":\"Fiscal\u00eda General de la Naci\u00f3n\",\"description\":\"P\u00e1gina oficial de la Fiscal\u00eda General de la Naci\u00f3n \u2013 Colombia. Garantizamos el acceso efectivo a la justicia, la verdad y la reparaci\u00f3n de las v\u00edctimas de los delitos.\",\"publisher\":{\"@id\":\"https:\/\/www.fiscalia.gov.co\/colombia\/#organization\"},\"potentialAction\":[{\"@type\":\"SearchAction\",\"target\":{\"@type\":\"EntryPoint\",\"urlTemplate\":\"https:\/\/www.fiscalia.gov.co\/colombia\/?s={search_term_string}\"},\"query-input\":{\"@type\":\"PropertyValueSpecification\",\"valueRequired\":true,\"valueName\":\"search_term_string\"}}],\"inLanguage\":\"es-CO\"},{\"@type\":\"Organization\",\"@id\":\"https:\/\/www.fiscalia.gov.co\/colombia\/#organization\",\"name\":\"Fiscal\u00eda General de la Naci\u00f3n\",\"url\":\"https:\/\/www.fiscalia.gov.co\/colombia\/\",\"logo\":{\"@type\":\"ImageObject\",\"inLanguage\":\"es-CO\",\"@id\":\"https:\/\/www.fiscalia.gov.co\/colombia\/#\/schema\/logo\/image\/\",\"url\":\"https:\/\/www.fiscalia.gov.co\/colombia\/wp-content\/uploads\/LogoHorizontal_1.jpg\",\"contentUrl\":\"https:\/\/www.fiscalia.gov.co\/colombia\/wp-content\/uploads\/LogoHorizontal_1.jpg\",\"width\":300,\"height\":90,\"caption\":\"Fiscal\u00eda General de la Naci\u00f3n\"},\"image\":{\"@id\":\"https:\/\/www.fiscalia.gov.co\/colombia\/#\/schema\/logo\/image\/\"},\"sameAs\":[\"https:\/\/www.facebook.com\/FiscaliaCol\",\"https:\/\/x.com\/FiscaliaCol\",\"https:\/\/www.instagram.com\/fiscaliacol\",\"https:\/\/www.linkedin.com\/company\/fiscalia-general-de-la-naci-n\/\",\"https:\/\/youtube.com\/@fiscaliageneraldelanacion-4668?si=6nN79nyQICPU5iTh\"]},{\"@type\":\"Person\",\"@id\":\"https:\/\/www.fiscalia.gov.co\/colombia\/#\/schema\/person\/bf28d8ae7f1b287bbe3af484b04f43ea\",\"name\":\"Direcci\u00f3n de Comunicaciones Fiscal\u00eda General de la Naci\u00f3n\",\"image\":{\"@type\":\"ImageObject\",\"inLanguage\":\"es-CO\",\"@id\":\"https:\/\/www.fiscalia.gov.co\/colombia\/#\/schema\/person\/image\/\",\"url\":\"https:\/\/secure.gravatar.com\/avatar\/9d55ae161d32da16dbdd0b380c080a5f?s=96&d=mm&r=g\",\"contentUrl\":\"https:\/\/secure.gravatar.com\/avatar\/9d55ae161d32da16dbdd0b380c080a5f?s=96&d=mm&r=g\",\"caption\":\"Direcci\u00f3n de Comunicaciones Fiscal\u00eda General de la Naci\u00f3n\"},\"url\":\"https:\/\/www.fiscalia.gov.co\/colombia\/author\/kbonilla\/\"}]}<\/script>\n<!-- \/ Yoast SEO plugin. -->","yoast_head_json":{"title":"Fiscal\u00eda General de la Naci\u00f3n","description":"P\u00e1gina oficial de la Fiscal\u00eda General de la Naci\u00f3n \u2013 Colombia. Garantizamos el acceso efectivo a la justicia, la verdad y la reparaci\u00f3n de las v\u00edctimas de los delitos.","robots":{"index":"noindex","follow":"follow"},"og_locale":"es_ES","og_type":"article","og_title":"Fiscal\u00eda General de la Naci\u00f3n","og_description":"P\u00e1gina oficial de la Fiscal\u00eda General de la Naci\u00f3n \u2013 Colombia. Garantizamos el acceso efectivo a la justicia, la verdad y la reparaci\u00f3n de las v\u00edctimas de los delitos.","og_url":"https:\/\/www.fiscalia.gov.co\/colombia\/crimen-organizado\/golpe-estructural-a-los-rastrojos-cae-alias-brayan-senalado-determinador-de-la-masacre-de-totumito-en-el-catatumbo\/","og_site_name":"Fiscal\u00eda General de la Naci\u00f3n","article_publisher":"https:\/\/www.facebook.com\/FiscaliaCol","article_published_time":"2020-08-21T23:35:46+00:00","article_modified_time":"2020-08-22T00:07:09+00:00","author":"Direcci\u00f3n de Comunicaciones Fiscal\u00eda General de la Naci\u00f3n","twitter_card":"summary_large_image","twitter_creator":"@FiscaliaCol","twitter_site":"@FiscaliaCol","twitter_misc":{"Escrito por":"Direcci\u00f3n de Comunicaciones Fiscal\u00eda General de la Naci\u00f3n","Tiempo de lectura":"4 minutos"},"schema":{"@context":"https:\/\/schema.org","@graph":[{"@type":"Article","@id":"https:\/\/www.fiscalia.gov.co\/colombia\/crimen-organizado\/golpe-estructural-a-los-rastrojos-cae-alias-brayan-senalado-determinador-de-la-masacre-de-totumito-en-el-catatumbo\/#article","isPartOf":{"@id":"https:\/\/www.fiscalia.gov.co\/colombia\/crimen-organizado\/golpe-estructural-a-los-rastrojos-cae-alias-brayan-senalado-determinador-de-la-masacre-de-totumito-en-el-catatumbo\/"},"author":{"name":"Direcci\u00f3n de Comunicaciones Fiscal\u00eda General de la Naci\u00f3n","@id":"https:\/\/www.fiscalia.gov.co\/colombia\/#\/schema\/person\/bf28d8ae7f1b287bbe3af484b04f43ea"},"headline":"Golpe estructural a \u2018Los Rastrojos\u2019: cae alias Brayan, se\u00f1alado determinador de la masacre de Totumito en el Catatumbo","datePublished":"2020-08-21T23:35:46+00:00","dateModified":"2020-08-22T00:07:09+00:00","mainEntityOfPage":{"@id":"https:\/\/www.fiscalia.gov.co\/colombia\/crimen-organizado\/golpe-estructural-a-los-rastrojos-cae-alias-brayan-senalado-determinador-de-la-masacre-de-totumito-en-el-catatumbo\/"},"wordCount":784,"publisher":{"@id":"https:\/\/www.fiscalia.gov.co\/colombia\/#organization"},"articleSection":["Crimen organizado","Fiscal General de la Naci\u00f3n"],"inLanguage":"es-CO"},{"@type":"WebPage","@id":"https:\/\/www.fiscalia.gov.co\/colombia\/crimen-organizado\/golpe-estructural-a-los-rastrojos-cae-alias-brayan-senalado-determinador-de-la-masacre-de-totumito-en-el-catatumbo\/","url":"https:\/\/www.fiscalia.gov.co\/colombia\/crimen-organizado\/golpe-estructural-a-los-rastrojos-cae-alias-brayan-senalado-determinador-de-la-masacre-de-totumito-en-el-catatumbo\/","name":"Fiscal\u00eda General de la Naci\u00f3n","isPartOf":{"@id":"https:\/\/www.fiscalia.gov.co\/colombia\/#website"},"datePublished":"2020-08-21T23:35:46+00:00","dateModified":"2020-08-22T00:07:09+00:00","description":"P\u00e1gina oficial de la Fiscal\u00eda General de la Naci\u00f3n \u2013 Colombia. Garantizamos el acceso efectivo a la justicia, la verdad y la reparaci\u00f3n de las v\u00edctimas de los delitos.","breadcrumb":{"@id":"https:\/\/www.fiscalia.gov.co\/colombia\/crimen-organizado\/golpe-estructural-a-los-rastrojos-cae-alias-brayan-senalado-determinador-de-la-masacre-de-totumito-en-el-catatumbo\/#breadcrumb"},"inLanguage":"es-CO","potentialAction":[{"@type":"ReadAction","target":["https:\/\/www.fiscalia.gov.co\/colombia\/crimen-organizado\/golpe-estructural-a-los-rastrojos-cae-alias-brayan-senalado-determinador-de-la-masacre-de-totumito-en-el-catatumbo\/"]}]},{"@type":"BreadcrumbList","@id":"https:\/\/www.fiscalia.gov.co\/colombia\/crimen-organizado\/golpe-estructural-a-los-rastrojos-cae-alias-brayan-senalado-determinador-de-la-masacre-de-totumito-en-el-catatumbo\/#breadcrumb","itemListElement":[{"@type":"ListItem","position":1,"name":"Home","item":"https:\/\/www.fiscalia.gov.co\/colombia\/"},{"@type":"ListItem","position":2,"name":"Golpe estructural a \u2018Los Rastrojos\u2019: cae alias Brayan, se\u00f1alado determinador de la masacre de Totumito en el Catatumbo"}]},{"@type":"WebSite","@id":"https:\/\/www.fiscalia.gov.co\/colombia\/#website","url":"https:\/\/www.fiscalia.gov.co\/colombia\/","name":"Fiscal\u00eda General de la Naci\u00f3n","description":"P\u00e1gina oficial de la Fiscal\u00eda General de la Naci\u00f3n \u2013 Colombia. Garantizamos el acceso efectivo a la justicia, la verdad y la reparaci\u00f3n de las v\u00edctimas de los delitos.","publisher":{"@id":"https:\/\/www.fiscalia.gov.co\/colombia\/#organization"},"potentialAction":[{"@type":"SearchAction","target":{"@type":"EntryPoint","urlTemplate":"https:\/\/www.fiscalia.gov.co\/colombia\/?s={search_term_string}"},"query-input":{"@type":"PropertyValueSpecification","valueRequired":true,"valueName":"search_term_string"}}],"inLanguage":"es-CO"},{"@type":"Organization","@id":"https:\/\/www.fiscalia.gov.co\/colombia\/#organization","name":"Fiscal\u00eda General de la Naci\u00f3n","url":"https:\/\/www.fiscalia.gov.co\/colombia\/","logo":{"@type":"ImageObject","inLanguage":"es-CO","@id":"https:\/\/www.fiscalia.gov.co\/colombia\/#\/schema\/logo\/image\/","url":"https:\/\/www.fiscalia.gov.co\/colombia\/wp-content\/uploads\/LogoHorizontal_1.jpg","contentUrl":"https:\/\/www.fiscalia.gov.co\/colombia\/wp-content\/uploads\/LogoHorizontal_1.jpg","width":300,"height":90,"caption":"Fiscal\u00eda General de la Naci\u00f3n"},"image":{"@id":"https:\/\/www.fiscalia.gov.co\/colombia\/#\/schema\/logo\/image\/"},"sameAs":["https:\/\/www.facebook.com\/FiscaliaCol","https:\/\/x.com\/FiscaliaCol","https:\/\/www.instagram.com\/fiscaliacol","https:\/\/www.linkedin.com\/company\/fiscalia-general-de-la-naci-n\/","https:\/\/youtube.com\/@fiscaliageneraldelanacion-4668?si=6nN79nyQICPU5iTh"]},{"@type":"Person","@id":"https:\/\/www.fiscalia.gov.co\/colombia\/#\/schema\/person\/bf28d8ae7f1b287bbe3af484b04f43ea","name":"Direcci\u00f3n de Comunicaciones Fiscal\u00eda General de la Naci\u00f3n","image":{"@type":"ImageObject","inLanguage":"es-CO","@id":"https:\/\/www.fiscalia.gov.co\/colombia\/#\/schema\/person\/image\/","url":"https:\/\/secure.gravatar.com\/avatar\/9d55ae161d32da16dbdd0b380c080a5f?s=96&d=mm&r=g","contentUrl":"https:\/\/secure.gravatar.com\/avatar\/9d55ae161d32da16dbdd0b380c080a5f?s=96&d=mm&r=g","caption":"Direcci\u00f3n de Comunicaciones Fiscal\u00eda General de la Naci\u00f3n"},"url":"https:\/\/www.fiscalia.gov.co\/colombia\/author\/kbonilla\/"}]}},"_links":{"self":[{"href":"https:\/\/www.fiscalia.gov.co\/colombia\/wp-json\/wp\/v2\/posts\/200525","targetHints":{"allow":["GET"]}}],"collection":[{"href":"https:\/\/www.fiscalia.gov.co\/colombia\/wp-json\/wp\/v2\/posts"}],"about":[{"href":"https:\/\/www.fiscalia.gov.co\/colombia\/wp-json\/wp\/v2\/types\/post"}],"author":[{"embeddable":true,"href":"https:\/\/www.fiscalia.gov.co\/colombia\/wp-json\/wp\/v2\/users\/162"}],"replies":[{"embeddable":true,"href":"https:\/\/www.fiscalia.gov.co\/colombia\/wp-json\/wp\/v2\/comments?post=200525"}],"version-history":[{"count":1,"href":"https:\/\/www.fiscalia.gov.co\/colombia\/wp-json\/wp\/v2\/posts\/200525\/revisions"}],"predecessor-version":[{"id":200530,"href":"https:\/\/www.fiscalia.gov.co\/colombia\/wp-json\/wp\/v2\/posts\/200525\/revisions\/200530"}],"wp:attachment":[{"href":"https:\/\/www.fiscalia.gov.co\/colombia\/wp-json\/wp\/v2\/media?parent=200525"}],"wp:term":[{"taxonomy":"category","embeddable":true,"href":"https:\/\/www.fiscalia.gov.co\/colombia\/wp-json\/wp\/v2\/categories?post=200525"},{"taxonomy":"post_tag","embeddable":true,"href":"https:\/\/www.fiscalia.gov.co\/colombia\/wp-json\/wp\/v2\/tags?post=200525"}],"curies":[{"name":"wp","href":"https:\/\/api.w.org\/{rel}","templated":true}]}}