{"id":200276,"date":"2020-08-19T10:02:02","date_gmt":"2020-08-19T15:02:02","guid":{"rendered":"https:\/\/www.fiscalia.gov.co\/colombia\/?p=200276"},"modified":"2020-08-19T10:29:23","modified_gmt":"2020-08-19T15:29:23","slug":"fiscalia-logra-condena-de-60-anos-de-prision-para-cabecilla-de-estructura-urbana-del-clan-del-golfo-responsable-de-multiples-homicidios","status":"publish","type":"post","link":"https:\/\/www.fiscalia.gov.co\/colombia\/crimen-organizado\/fiscalia-logra-condena-de-60-anos-de-prision-para-cabecilla-de-estructura-urbana-del-clan-del-golfo-responsable-de-multiples-homicidios\/","title":{"rendered":"Fiscal\u00eda logra condena de 60 a\u00f1os de prisi\u00f3n para cabecilla de estructura urbana del &#8216;Clan del Golfo&#8217;, responsable de m\u00faltiples homicidios"},"content":{"rendered":"<h4><strong>#HayJusticia\u00a0<\/strong><\/h4>\n<p>La Fiscal\u00eda General de la Naci\u00f3n venci\u00f3 en juicio a Germ\u00e1n Antonio Castilla Pinto, alias Alfonso, cabecilla de una estructura urbana del \u2018Clan del Golfo\u2019, y obtuvo la m\u00e1xima condena en su contra por la planeaci\u00f3n y ejecuci\u00f3n de m\u00faltiples homicidios, entre otras acciones criminales, ocurridas en Cesar.<\/p>\n<p>Gracias al material probatorio aportado, el Juzgado \u00danico Penal del Circuito Especializado de Valledupar sentenci\u00f3 a alias \u2018Alfonso\u2019 a 60 a\u00f1os de prisi\u00f3n por los delitos de concierto para delinquir agravado, en concurso heterog\u00e9neo y simultaneo con homicidio agravado. De igual manera, orden\u00f3 la captura inmediata del procesado para que cumpla la pena en establecimiento carcelario y le impuso multa de 9.525 salarios m\u00ednimos legales mensuales vigentes.<\/p>\n<p>Durante el curso del proceso una fiscal de la Direcci\u00f3n Especializada contra las Organizaciones Criminales demostr\u00f3 que Castilla Pinto particip\u00f3 activamente en seis homicidios registrados entre abril y julio de 2011 en Valledupar. Los testimonios, las interceptaciones telef\u00f3nicas y otras t\u00e9cnicas de polic\u00eda judicial permitieron conocer que, en algunos casos, consigui\u00f3 las armas y los sicarios; y en otras oportunidades imparti\u00f3 instrucciones y ayud\u00f3 a ubicar a las v\u00edctimas.<\/p>\n<p>Entre los hechos que se le atribuyen est\u00e1 el crimen del corregidor de Las Ra\u00edces, \u00c1lvaro Jos\u00e9 Ustariz Quintero, quien fue asesinado en la finca Villa Ang\u00e9lica, en zona rural de Valledupar, el 9 de junio de 2011. As\u00ed como los homicidios de integrantes del \u2018Clan del Golfo\u2019 que estaban a su cargo y de algunos habitantes se\u00f1alados de colaborar o brindar informaci\u00f3n a las autoridades.<\/p>\n<p>Alias \u2018Alfonso\u2019 fue integrante de extintas AUC. La condena en su contra de 60 a\u00f1os de prisi\u00f3n es la segunda m\u00e1s alta que se impone a integrantes del \u2018Clan del Golfo\u2019. El fallo es de primera instancia y contra el mismo proceden los recursos de ley.<\/p>\n<p>La Fiscal\u00eda General de la Naci\u00f3n hace p\u00fablica esta informaci\u00f3n por razones de inter\u00e9s general.<\/p>\n\n<div class=\"twitter-share\"><a href=\"https:\/\/twitter.com\/intent\/tweet?via=fiscaliacol\" class=\"twitter-share-button\">Tweet<\/a><\/div>\n","protected":false},"excerpt":{"rendered":"<p>#HayJusticia\u00a0 La Fiscal\u00eda General de la Naci\u00f3n venci\u00f3 en juicio a Germ\u00e1n Antonio Castilla Pinto, alias Alfonso, cabecilla de una estructura urbana del \u2018Clan del Golfo\u2019, y obtuvo la m\u00e1xima condena en su contra por la planeaci\u00f3n y ejecuci\u00f3n de m\u00faltiples homicidios, entre otras acciones criminales, ocurridas en Cesar. Gracias al material probatorio aportado, el [&hellip;]<\/p>\n","protected":false},"author":162,"featured_media":0,"comment_status":"closed","ping_status":"open","sticky":false,"template":"","format":"standard","meta":{"tdm_status":"","tdm_grid_status":"","footnotes":""},"categories":[24098,24174,1],"tags":[],"class_list":{"0":"post-200276","1":"post","2":"type-post","3":"status-publish","4":"format-standard","6":"category-crimen-organizado","7":"category-hay-justicia","8":"category-noticias"},"yoast_head":"<!-- This site is optimized with the Yoast SEO plugin v24.3 - https:\/\/yoast.com\/wordpress\/plugins\/seo\/ -->\n<title>Fiscal\u00eda General de la Naci\u00f3n<\/title>\n<meta name=\"description\" content=\"P\u00e1gina oficial de la Fiscal\u00eda General de la Naci\u00f3n \u2013 Colombia. Garantizamos el acceso efectivo a la justicia, la verdad y la reparaci\u00f3n de las v\u00edctimas de los delitos.\" \/>\n<meta name=\"robots\" content=\"noindex, follow\" \/>\n<meta property=\"og:locale\" content=\"es_ES\" \/>\n<meta property=\"og:type\" content=\"article\" \/>\n<meta property=\"og:title\" content=\"Fiscal\u00eda General de la Naci\u00f3n\" \/>\n<meta property=\"og:description\" content=\"P\u00e1gina oficial de la Fiscal\u00eda General de la Naci\u00f3n \u2013 Colombia. Garantizamos el acceso efectivo a la justicia, la verdad y la reparaci\u00f3n de las v\u00edctimas de los delitos.\" \/>\n<meta property=\"og:url\" content=\"https:\/\/www.fiscalia.gov.co\/colombia\/crimen-organizado\/fiscalia-logra-condena-de-60-anos-de-prision-para-cabecilla-de-estructura-urbana-del-clan-del-golfo-responsable-de-multiples-homicidios\/\" \/>\n<meta property=\"og:site_name\" content=\"Fiscal\u00eda General de la Naci\u00f3n\" \/>\n<meta property=\"article:publisher\" content=\"https:\/\/www.facebook.com\/FiscaliaCol\" \/>\n<meta property=\"article:published_time\" content=\"2020-08-19T15:02:02+00:00\" \/>\n<meta property=\"article:modified_time\" content=\"2020-08-19T15:29:23+00:00\" \/>\n<meta name=\"author\" content=\"Direcci\u00f3n de Comunicaciones Fiscal\u00eda General de la Naci\u00f3n\" \/>\n<meta name=\"twitter:card\" content=\"summary_large_image\" \/>\n<meta name=\"twitter:creator\" content=\"@FiscaliaCol\" \/>\n<meta name=\"twitter:site\" content=\"@FiscaliaCol\" \/>\n<meta name=\"twitter:label1\" content=\"Escrito por\" \/>\n\t<meta name=\"twitter:data1\" content=\"Direcci\u00f3n de Comunicaciones Fiscal\u00eda General de la Naci\u00f3n\" \/>\n\t<meta name=\"twitter:label2\" content=\"Tiempo de lectura\" \/>\n\t<meta name=\"twitter:data2\" content=\"2 minutos\" \/>\n<script type=\"application\/ld+json\" class=\"yoast-schema-graph\">{\"@context\":\"https:\/\/schema.org\",\"@graph\":[{\"@type\":\"Article\",\"@id\":\"https:\/\/www.fiscalia.gov.co\/colombia\/crimen-organizado\/fiscalia-logra-condena-de-60-anos-de-prision-para-cabecilla-de-estructura-urbana-del-clan-del-golfo-responsable-de-multiples-homicidios\/#article\",\"isPartOf\":{\"@id\":\"https:\/\/www.fiscalia.gov.co\/colombia\/crimen-organizado\/fiscalia-logra-condena-de-60-anos-de-prision-para-cabecilla-de-estructura-urbana-del-clan-del-golfo-responsable-de-multiples-homicidios\/\"},\"author\":{\"name\":\"Direcci\u00f3n de Comunicaciones Fiscal\u00eda General de la Naci\u00f3n\",\"@id\":\"https:\/\/www.fiscalia.gov.co\/colombia\/#\/schema\/person\/bf28d8ae7f1b287bbe3af484b04f43ea\"},\"headline\":\"Fiscal\u00eda logra condena de 60 a\u00f1os de prisi\u00f3n para cabecilla de estructura urbana del &#8216;Clan del Golfo&#8217;, responsable de m\u00faltiples homicidios\",\"datePublished\":\"2020-08-19T15:02:02+00:00\",\"dateModified\":\"2020-08-19T15:29:23+00:00\",\"mainEntityOfPage\":{\"@id\":\"https:\/\/www.fiscalia.gov.co\/colombia\/crimen-organizado\/fiscalia-logra-condena-de-60-anos-de-prision-para-cabecilla-de-estructura-urbana-del-clan-del-golfo-responsable-de-multiples-homicidios\/\"},\"wordCount\":358,\"publisher\":{\"@id\":\"https:\/\/www.fiscalia.gov.co\/colombia\/#organization\"},\"articleSection\":[\"Crimen organizado\",\"Hay Justicia\",\"Noticias\"],\"inLanguage\":\"es-CO\"},{\"@type\":\"WebPage\",\"@id\":\"https:\/\/www.fiscalia.gov.co\/colombia\/crimen-organizado\/fiscalia-logra-condena-de-60-anos-de-prision-para-cabecilla-de-estructura-urbana-del-clan-del-golfo-responsable-de-multiples-homicidios\/\",\"url\":\"https:\/\/www.fiscalia.gov.co\/colombia\/crimen-organizado\/fiscalia-logra-condena-de-60-anos-de-prision-para-cabecilla-de-estructura-urbana-del-clan-del-golfo-responsable-de-multiples-homicidios\/\",\"name\":\"Fiscal\u00eda General de la Naci\u00f3n\",\"isPartOf\":{\"@id\":\"https:\/\/www.fiscalia.gov.co\/colombia\/#website\"},\"datePublished\":\"2020-08-19T15:02:02+00:00\",\"dateModified\":\"2020-08-19T15:29:23+00:00\",\"description\":\"P\u00e1gina oficial de la Fiscal\u00eda General de la Naci\u00f3n \u2013 Colombia. Garantizamos el acceso efectivo a la justicia, la verdad y la reparaci\u00f3n de las v\u00edctimas de los delitos.\",\"breadcrumb\":{\"@id\":\"https:\/\/www.fiscalia.gov.co\/colombia\/crimen-organizado\/fiscalia-logra-condena-de-60-anos-de-prision-para-cabecilla-de-estructura-urbana-del-clan-del-golfo-responsable-de-multiples-homicidios\/#breadcrumb\"},\"inLanguage\":\"es-CO\",\"potentialAction\":[{\"@type\":\"ReadAction\",\"target\":[\"https:\/\/www.fiscalia.gov.co\/colombia\/crimen-organizado\/fiscalia-logra-condena-de-60-anos-de-prision-para-cabecilla-de-estructura-urbana-del-clan-del-golfo-responsable-de-multiples-homicidios\/\"]}]},{\"@type\":\"BreadcrumbList\",\"@id\":\"https:\/\/www.fiscalia.gov.co\/colombia\/crimen-organizado\/fiscalia-logra-condena-de-60-anos-de-prision-para-cabecilla-de-estructura-urbana-del-clan-del-golfo-responsable-de-multiples-homicidios\/#breadcrumb\",\"itemListElement\":[{\"@type\":\"ListItem\",\"position\":1,\"name\":\"Home\",\"item\":\"https:\/\/www.fiscalia.gov.co\/colombia\/\"},{\"@type\":\"ListItem\",\"position\":2,\"name\":\"Fiscal\u00eda logra condena de 60 a\u00f1os de prisi\u00f3n para cabecilla de estructura urbana del &#8216;Clan del Golfo&#8217;, responsable de m\u00faltiples homicidios\"}]},{\"@type\":\"WebSite\",\"@id\":\"https:\/\/www.fiscalia.gov.co\/colombia\/#website\",\"url\":\"https:\/\/www.fiscalia.gov.co\/colombia\/\",\"name\":\"Fiscal\u00eda General de la Naci\u00f3n\",\"description\":\"P\u00e1gina oficial de la Fiscal\u00eda General de la Naci\u00f3n \u2013 Colombia. Garantizamos el acceso efectivo a la justicia, la verdad y la reparaci\u00f3n de las v\u00edctimas de los delitos.\",\"publisher\":{\"@id\":\"https:\/\/www.fiscalia.gov.co\/colombia\/#organization\"},\"potentialAction\":[{\"@type\":\"SearchAction\",\"target\":{\"@type\":\"EntryPoint\",\"urlTemplate\":\"https:\/\/www.fiscalia.gov.co\/colombia\/?s={search_term_string}\"},\"query-input\":{\"@type\":\"PropertyValueSpecification\",\"valueRequired\":true,\"valueName\":\"search_term_string\"}}],\"inLanguage\":\"es-CO\"},{\"@type\":\"Organization\",\"@id\":\"https:\/\/www.fiscalia.gov.co\/colombia\/#organization\",\"name\":\"Fiscal\u00eda General de la Naci\u00f3n\",\"url\":\"https:\/\/www.fiscalia.gov.co\/colombia\/\",\"logo\":{\"@type\":\"ImageObject\",\"inLanguage\":\"es-CO\",\"@id\":\"https:\/\/www.fiscalia.gov.co\/colombia\/#\/schema\/logo\/image\/\",\"url\":\"https:\/\/www.fiscalia.gov.co\/colombia\/wp-content\/uploads\/LogoHorizontal_1.jpg\",\"contentUrl\":\"https:\/\/www.fiscalia.gov.co\/colombia\/wp-content\/uploads\/LogoHorizontal_1.jpg\",\"width\":300,\"height\":90,\"caption\":\"Fiscal\u00eda General de la Naci\u00f3n\"},\"image\":{\"@id\":\"https:\/\/www.fiscalia.gov.co\/colombia\/#\/schema\/logo\/image\/\"},\"sameAs\":[\"https:\/\/www.facebook.com\/FiscaliaCol\",\"https:\/\/x.com\/FiscaliaCol\",\"https:\/\/www.instagram.com\/fiscaliacol\",\"https:\/\/www.linkedin.com\/company\/fiscalia-general-de-la-naci-n\/\",\"https:\/\/youtube.com\/@fiscaliageneraldelanacion-4668?si=6nN79nyQICPU5iTh\"]},{\"@type\":\"Person\",\"@id\":\"https:\/\/www.fiscalia.gov.co\/colombia\/#\/schema\/person\/bf28d8ae7f1b287bbe3af484b04f43ea\",\"name\":\"Direcci\u00f3n de Comunicaciones Fiscal\u00eda General de la Naci\u00f3n\",\"image\":{\"@type\":\"ImageObject\",\"inLanguage\":\"es-CO\",\"@id\":\"https:\/\/www.fiscalia.gov.co\/colombia\/#\/schema\/person\/image\/\",\"url\":\"https:\/\/secure.gravatar.com\/avatar\/9d55ae161d32da16dbdd0b380c080a5f?s=96&d=mm&r=g\",\"contentUrl\":\"https:\/\/secure.gravatar.com\/avatar\/9d55ae161d32da16dbdd0b380c080a5f?s=96&d=mm&r=g\",\"caption\":\"Direcci\u00f3n de Comunicaciones Fiscal\u00eda General de la Naci\u00f3n\"},\"url\":\"https:\/\/www.fiscalia.gov.co\/colombia\/author\/kbonilla\/\"}]}<\/script>\n<!-- \/ Yoast SEO plugin. -->","yoast_head_json":{"title":"Fiscal\u00eda General de la Naci\u00f3n","description":"P\u00e1gina oficial de la Fiscal\u00eda General de la Naci\u00f3n \u2013 Colombia. Garantizamos el acceso efectivo a la justicia, la verdad y la reparaci\u00f3n de las v\u00edctimas de los delitos.","robots":{"index":"noindex","follow":"follow"},"og_locale":"es_ES","og_type":"article","og_title":"Fiscal\u00eda General de la Naci\u00f3n","og_description":"P\u00e1gina oficial de la Fiscal\u00eda General de la Naci\u00f3n \u2013 Colombia. Garantizamos el acceso efectivo a la justicia, la verdad y la reparaci\u00f3n de las v\u00edctimas de los delitos.","og_url":"https:\/\/www.fiscalia.gov.co\/colombia\/crimen-organizado\/fiscalia-logra-condena-de-60-anos-de-prision-para-cabecilla-de-estructura-urbana-del-clan-del-golfo-responsable-de-multiples-homicidios\/","og_site_name":"Fiscal\u00eda General de la Naci\u00f3n","article_publisher":"https:\/\/www.facebook.com\/FiscaliaCol","article_published_time":"2020-08-19T15:02:02+00:00","article_modified_time":"2020-08-19T15:29:23+00:00","author":"Direcci\u00f3n de Comunicaciones Fiscal\u00eda General de la Naci\u00f3n","twitter_card":"summary_large_image","twitter_creator":"@FiscaliaCol","twitter_site":"@FiscaliaCol","twitter_misc":{"Escrito por":"Direcci\u00f3n de Comunicaciones Fiscal\u00eda General de la Naci\u00f3n","Tiempo de lectura":"2 minutos"},"schema":{"@context":"https:\/\/schema.org","@graph":[{"@type":"Article","@id":"https:\/\/www.fiscalia.gov.co\/colombia\/crimen-organizado\/fiscalia-logra-condena-de-60-anos-de-prision-para-cabecilla-de-estructura-urbana-del-clan-del-golfo-responsable-de-multiples-homicidios\/#article","isPartOf":{"@id":"https:\/\/www.fiscalia.gov.co\/colombia\/crimen-organizado\/fiscalia-logra-condena-de-60-anos-de-prision-para-cabecilla-de-estructura-urbana-del-clan-del-golfo-responsable-de-multiples-homicidios\/"},"author":{"name":"Direcci\u00f3n de Comunicaciones Fiscal\u00eda General de la Naci\u00f3n","@id":"https:\/\/www.fiscalia.gov.co\/colombia\/#\/schema\/person\/bf28d8ae7f1b287bbe3af484b04f43ea"},"headline":"Fiscal\u00eda logra condena de 60 a\u00f1os de prisi\u00f3n para cabecilla de estructura urbana del &#8216;Clan del Golfo&#8217;, responsable de m\u00faltiples homicidios","datePublished":"2020-08-19T15:02:02+00:00","dateModified":"2020-08-19T15:29:23+00:00","mainEntityOfPage":{"@id":"https:\/\/www.fiscalia.gov.co\/colombia\/crimen-organizado\/fiscalia-logra-condena-de-60-anos-de-prision-para-cabecilla-de-estructura-urbana-del-clan-del-golfo-responsable-de-multiples-homicidios\/"},"wordCount":358,"publisher":{"@id":"https:\/\/www.fiscalia.gov.co\/colombia\/#organization"},"articleSection":["Crimen organizado","Hay Justicia","Noticias"],"inLanguage":"es-CO"},{"@type":"WebPage","@id":"https:\/\/www.fiscalia.gov.co\/colombia\/crimen-organizado\/fiscalia-logra-condena-de-60-anos-de-prision-para-cabecilla-de-estructura-urbana-del-clan-del-golfo-responsable-de-multiples-homicidios\/","url":"https:\/\/www.fiscalia.gov.co\/colombia\/crimen-organizado\/fiscalia-logra-condena-de-60-anos-de-prision-para-cabecilla-de-estructura-urbana-del-clan-del-golfo-responsable-de-multiples-homicidios\/","name":"Fiscal\u00eda General de la Naci\u00f3n","isPartOf":{"@id":"https:\/\/www.fiscalia.gov.co\/colombia\/#website"},"datePublished":"2020-08-19T15:02:02+00:00","dateModified":"2020-08-19T15:29:23+00:00","description":"P\u00e1gina oficial de la Fiscal\u00eda General de la Naci\u00f3n \u2013 Colombia. Garantizamos el acceso efectivo a la justicia, la verdad y la reparaci\u00f3n de las v\u00edctimas de los delitos.","breadcrumb":{"@id":"https:\/\/www.fiscalia.gov.co\/colombia\/crimen-organizado\/fiscalia-logra-condena-de-60-anos-de-prision-para-cabecilla-de-estructura-urbana-del-clan-del-golfo-responsable-de-multiples-homicidios\/#breadcrumb"},"inLanguage":"es-CO","potentialAction":[{"@type":"ReadAction","target":["https:\/\/www.fiscalia.gov.co\/colombia\/crimen-organizado\/fiscalia-logra-condena-de-60-anos-de-prision-para-cabecilla-de-estructura-urbana-del-clan-del-golfo-responsable-de-multiples-homicidios\/"]}]},{"@type":"BreadcrumbList","@id":"https:\/\/www.fiscalia.gov.co\/colombia\/crimen-organizado\/fiscalia-logra-condena-de-60-anos-de-prision-para-cabecilla-de-estructura-urbana-del-clan-del-golfo-responsable-de-multiples-homicidios\/#breadcrumb","itemListElement":[{"@type":"ListItem","position":1,"name":"Home","item":"https:\/\/www.fiscalia.gov.co\/colombia\/"},{"@type":"ListItem","position":2,"name":"Fiscal\u00eda logra condena de 60 a\u00f1os de prisi\u00f3n para cabecilla de estructura urbana del &#8216;Clan del Golfo&#8217;, responsable de m\u00faltiples homicidios"}]},{"@type":"WebSite","@id":"https:\/\/www.fiscalia.gov.co\/colombia\/#website","url":"https:\/\/www.fiscalia.gov.co\/colombia\/","name":"Fiscal\u00eda General de la Naci\u00f3n","description":"P\u00e1gina oficial de la Fiscal\u00eda General de la Naci\u00f3n \u2013 Colombia. Garantizamos el acceso efectivo a la justicia, la verdad y la reparaci\u00f3n de las v\u00edctimas de los delitos.","publisher":{"@id":"https:\/\/www.fiscalia.gov.co\/colombia\/#organization"},"potentialAction":[{"@type":"SearchAction","target":{"@type":"EntryPoint","urlTemplate":"https:\/\/www.fiscalia.gov.co\/colombia\/?s={search_term_string}"},"query-input":{"@type":"PropertyValueSpecification","valueRequired":true,"valueName":"search_term_string"}}],"inLanguage":"es-CO"},{"@type":"Organization","@id":"https:\/\/www.fiscalia.gov.co\/colombia\/#organization","name":"Fiscal\u00eda General de la Naci\u00f3n","url":"https:\/\/www.fiscalia.gov.co\/colombia\/","logo":{"@type":"ImageObject","inLanguage":"es-CO","@id":"https:\/\/www.fiscalia.gov.co\/colombia\/#\/schema\/logo\/image\/","url":"https:\/\/www.fiscalia.gov.co\/colombia\/wp-content\/uploads\/LogoHorizontal_1.jpg","contentUrl":"https:\/\/www.fiscalia.gov.co\/colombia\/wp-content\/uploads\/LogoHorizontal_1.jpg","width":300,"height":90,"caption":"Fiscal\u00eda General de la Naci\u00f3n"},"image":{"@id":"https:\/\/www.fiscalia.gov.co\/colombia\/#\/schema\/logo\/image\/"},"sameAs":["https:\/\/www.facebook.com\/FiscaliaCol","https:\/\/x.com\/FiscaliaCol","https:\/\/www.instagram.com\/fiscaliacol","https:\/\/www.linkedin.com\/company\/fiscalia-general-de-la-naci-n\/","https:\/\/youtube.com\/@fiscaliageneraldelanacion-4668?si=6nN79nyQICPU5iTh"]},{"@type":"Person","@id":"https:\/\/www.fiscalia.gov.co\/colombia\/#\/schema\/person\/bf28d8ae7f1b287bbe3af484b04f43ea","name":"Direcci\u00f3n de Comunicaciones Fiscal\u00eda General de la Naci\u00f3n","image":{"@type":"ImageObject","inLanguage":"es-CO","@id":"https:\/\/www.fiscalia.gov.co\/colombia\/#\/schema\/person\/image\/","url":"https:\/\/secure.gravatar.com\/avatar\/9d55ae161d32da16dbdd0b380c080a5f?s=96&d=mm&r=g","contentUrl":"https:\/\/secure.gravatar.com\/avatar\/9d55ae161d32da16dbdd0b380c080a5f?s=96&d=mm&r=g","caption":"Direcci\u00f3n de Comunicaciones Fiscal\u00eda General de la Naci\u00f3n"},"url":"https:\/\/www.fiscalia.gov.co\/colombia\/author\/kbonilla\/"}]}},"_links":{"self":[{"href":"https:\/\/www.fiscalia.gov.co\/colombia\/wp-json\/wp\/v2\/posts\/200276","targetHints":{"allow":["GET"]}}],"collection":[{"href":"https:\/\/www.fiscalia.gov.co\/colombia\/wp-json\/wp\/v2\/posts"}],"about":[{"href":"https:\/\/www.fiscalia.gov.co\/colombia\/wp-json\/wp\/v2\/types\/post"}],"author":[{"embeddable":true,"href":"https:\/\/www.fiscalia.gov.co\/colombia\/wp-json\/wp\/v2\/users\/162"}],"replies":[{"embeddable":true,"href":"https:\/\/www.fiscalia.gov.co\/colombia\/wp-json\/wp\/v2\/comments?post=200276"}],"version-history":[{"count":2,"href":"https:\/\/www.fiscalia.gov.co\/colombia\/wp-json\/wp\/v2\/posts\/200276\/revisions"}],"predecessor-version":[{"id":200291,"href":"https:\/\/www.fiscalia.gov.co\/colombia\/wp-json\/wp\/v2\/posts\/200276\/revisions\/200291"}],"wp:attachment":[{"href":"https:\/\/www.fiscalia.gov.co\/colombia\/wp-json\/wp\/v2\/media?parent=200276"}],"wp:term":[{"taxonomy":"category","embeddable":true,"href":"https:\/\/www.fiscalia.gov.co\/colombia\/wp-json\/wp\/v2\/categories?post=200276"},{"taxonomy":"post_tag","embeddable":true,"href":"https:\/\/www.fiscalia.gov.co\/colombia\/wp-json\/wp\/v2\/tags?post=200276"}],"curies":[{"name":"wp","href":"https:\/\/api.w.org\/{rel}","templated":true}]}}