{"id":198593,"date":"2020-07-28T09:30:11","date_gmt":"2020-07-28T14:30:11","guid":{"rendered":"https:\/\/www.fiscalia.gov.co\/colombia\/?p=198593"},"modified":"2020-07-28T10:58:59","modified_gmt":"2020-07-28T15:58:59","slug":"en-narino-desarticulado-grupo-delincuencial-los-vallenatos-dedicado-a-la-extorsion-en-diferentes-municipios-de-narino","status":"publish","type":"post","link":"https:\/\/www.fiscalia.gov.co\/colombia\/seccionales\/en-narino-desarticulado-grupo-delincuencial-los-vallenatos-dedicado-a-la-extorsion-en-diferentes-municipios-de-narino\/","title":{"rendered":"En Nari\u00f1o desarticulado grupo delincuencial Los Vallenatos, dedicado a la extorsi\u00f3n en diferentes municipios de ese departamento"},"content":{"rendered":"<blockquote class=\"td_box_center\">\n<blockquote class=\"td_quote_box td_box_center\">\n<h4 style=\"text-align: left;\"><strong><i><span lang=\"ES\">El presunto cabecilla realizaba las llamadas extorsivas desde la c\u00e1rcel de m\u00e1xima seguridad de Valledupar (Cesar).<\/span><\/i><\/strong><\/h4>\n<\/blockquote>\n<\/blockquote>\n<p><span lang=\"ES\">La Fiscal\u00eda General de la Naci\u00f3n, en conjunto con personal del Gaula de la Polic\u00eda Nacional, logr\u00f3 desarticular un grupo delincuencial organizado conocido como Los Vallenatos, con la\u00a0<b>captura de<\/b>\u00a0<b>cinco de sus presuntos integrantes<\/b>.\u00a0<\/span><\/p>\n<p><span lang=\"ES\">Seg\u00fan la posible responsabilidad de los procesados, en ente acusador les imput\u00f3 cargos por: concierto para delinquir con fines de extorsi\u00f3n, terrorismo, extorsi\u00f3n agravada en concurso homog\u00e9neo y sucesivo; y fabricaci\u00f3n, tr\u00e1fico o porte de armas, municiones de uso restringido de las Fuerzas Armadas o explosivos.\u00a0<\/span><\/p>\n<p><span lang=\"ES\">Los investigados son:\u00a0<\/span><\/p>\n<ol>\n<li><span lang=\"ES\">Edier Bahos Rojas, alias Edier, fue capturado en Bogot\u00e1 y al parecer era el encargado de los atentados y del seguimiento a las v\u00edctimas.\u00a0<\/span><\/li>\n<li><span lang=\"ES\">Juan David Bahos Rojas, alias Juanda, capturado en Pitalito (Huila), se presume que se encargaba del cobro de las exigencias econ\u00f3micas.\u00a0<\/span><\/li>\n<li><span lang=\"ES\">Fernando Bahos Rojas, alias Fercho, capturado en Pitalito (Huila), supuesto encargado del cobro de las extorsiones y de la recolecci\u00f3n del dinero para entregarlo a la esposa del l\u00edder de la organizaci\u00f3n.\u00a0<\/span><\/li>\n<li><span lang=\"ES\">Heidy Leana Su\u00e1rez Rada, alias Geidy, esposa del jefe del grupo, aparentemente se encargaba de recibir las consignaciones de las sumas que cancelaban las v\u00edctimas de estos hechos, y fue capturada en Valledupar (Cesar). <\/span><\/li>\n<li>Anlly Viviana Vidal Fory, alias Anyi, capturada en Timbiqu\u00ed (Cauca).<\/li>\n<\/ol>\n<p><span lang=\"ES\"><br \/>\n<\/span><span lang=\"ES\">Las investigaciones adelantadas por la Fiscal\u00eda evidenciaron la participaci\u00f3n de este grupo en la extorsi\u00f3n a comerciantes y al gremio transportadores del departamento de Nari\u00f1o, espec\u00edficamente en los <b>municipios de Pasto, Ancuya, El Tambo, El Rosario y Buesaco, desde agosto a diciembre de 2019<\/b>.\u00a0<\/span><\/p>\n<p><span lang=\"ES\">El grupo delictivo habr\u00eda dejado por lo menos\u00a0<b>27 v\u00edctimas<\/b>, a quienes presuntamente les hizo exigencias monetarias bajo amenazas de muerte, a trav\u00e9s llamadas telef\u00f3nicas.\u00a0<\/span><\/p>\n<p><span lang=\"ES\">La Fiscal\u00eda estableci\u00f3 que Jos\u00e9 Al\u00ed Beltr\u00e1n P\u00e9rez,<b>\u00a0alias Onofre o Gonzalo, supuesto cabecilla<\/b>, recluido en la\u00a0<b>c\u00e1rcel de m\u00e1xima seguridad La Tramac\u00faa en Valledupar (Cesar),<\/b>\u00a0al parecer a trav\u00e9s de los integrantes del grupo delincuencial ejecutaba los cobros y coordinaba las acciones terroristas.\u00a0<\/span><\/p>\n<p><span lang=\"ES\">Dentro los eventos delincuenciales que se le atribuyen a esta estructura se encuentra la incineraci\u00f3n de trapiches en los municipios de El Tambo y Ancuya (Nari\u00f1o), la activaci\u00f3n de artefactos explosivos a estaciones de servicio en las poblaciones nari\u00f1enses de La Uni\u00f3n, Ancuya y Buesaco, as\u00ed como la incineraci\u00f3n de un motocarro en El Tambo.\u00a0<\/span><\/p>\n<p><span lang=\"ES\">Cabe anotar que hace dos meses fue capturado un s\u00e9ptimo posible integrante del grupo identificado como An\u00edbal Lugo Vel\u00e1squez, por el delito tr\u00e1fico de estupefacientes, a quien en las pr\u00f3ximas semanas le ser\u00e1n imputados los mismos delitos.\u00a0<\/span><\/p>\n<p><span lang=\"ES\">Finalizadas las audiencias preliminares, un juez con funciones de control de garant\u00edas de Pasto (Nari\u00f1o) aval\u00f3 los argumentos de la Fiscal\u00eda y profiri\u00f3\u00a0<b>medida de aseguramiento privativa de la libertad en establecimiento carcelario<\/b>\u00a0en contra de los cinco procesados.\u00a0<\/span><\/p>\n<p><span lang=\"ES\">La Fiscal\u00eda General hace p\u00fablica esta informaci\u00f3n por razones de inter\u00e9s general.\u00a0<\/span><\/p>\n<p>MPHA\/DLBM<\/p>\n\n<div class=\"twitter-share\"><a href=\"https:\/\/twitter.com\/intent\/tweet?via=fiscaliacol\" class=\"twitter-share-button\">Tweet<\/a><\/div>\n","protected":false},"excerpt":{"rendered":"<p>El presunto cabecilla realizaba las llamadas extorsivas desde la c\u00e1rcel de m\u00e1xima seguridad de Valledupar (Cesar). La Fiscal\u00eda General de la Naci\u00f3n, en conjunto con personal del Gaula de la [&hellip;]<\/p>\n","protected":false},"author":162,"featured_media":0,"comment_status":"closed","ping_status":"open","sticky":false,"template":"","format":"standard","meta":{"tdm_status":"","tdm_grid_status":"","footnotes":""},"categories":[334,303,24099],"tags":[],"class_list":["post-198593","post","type-post","status-publish","format-standard","category-seccional-pasto","category-seccionales","category-seguridad-territorial"],"yoast_head":"<!-- This site is optimized with the Yoast SEO plugin v24.3 - https:\/\/yoast.com\/wordpress\/plugins\/seo\/ -->\n<title>Fiscal\u00eda General de la Naci\u00f3n<\/title>\n<meta name=\"description\" content=\"P\u00e1gina oficial de la Fiscal\u00eda General de la Naci\u00f3n \u2013 Colombia. Garantizamos el acceso efectivo a la justicia, la verdad y la reparaci\u00f3n de las v\u00edctimas de los delitos.\" \/>\n<meta name=\"robots\" content=\"noindex, follow\" \/>\n<meta property=\"og:locale\" content=\"es_ES\" \/>\n<meta property=\"og:type\" content=\"article\" \/>\n<meta property=\"og:title\" content=\"Fiscal\u00eda General de la Naci\u00f3n\" \/>\n<meta property=\"og:description\" content=\"P\u00e1gina oficial de la Fiscal\u00eda General de la Naci\u00f3n \u2013 Colombia. Garantizamos el acceso efectivo a la justicia, la verdad y la reparaci\u00f3n de las v\u00edctimas de los delitos.\" \/>\n<meta property=\"og:url\" content=\"https:\/\/www.fiscalia.gov.co\/colombia\/seccionales\/en-narino-desarticulado-grupo-delincuencial-los-vallenatos-dedicado-a-la-extorsion-en-diferentes-municipios-de-narino\/\" \/>\n<meta property=\"og:site_name\" content=\"Fiscal\u00eda General de la Naci\u00f3n\" \/>\n<meta property=\"article:publisher\" content=\"https:\/\/www.facebook.com\/FiscaliaCol\" \/>\n<meta property=\"article:published_time\" content=\"2020-07-28T14:30:11+00:00\" \/>\n<meta property=\"article:modified_time\" content=\"2020-07-28T15:58:59+00:00\" \/>\n<meta name=\"author\" content=\"Direcci\u00f3n de Comunicaciones Fiscal\u00eda General de la Naci\u00f3n\" \/>\n<meta name=\"twitter:card\" content=\"summary_large_image\" \/>\n<meta name=\"twitter:creator\" content=\"@FiscaliaCol\" \/>\n<meta name=\"twitter:site\" content=\"@FiscaliaCol\" \/>\n<meta name=\"twitter:label1\" content=\"Escrito por\" \/>\n\t<meta name=\"twitter:data1\" content=\"Direcci\u00f3n de Comunicaciones Fiscal\u00eda General de la Naci\u00f3n\" \/>\n\t<meta name=\"twitter:label2\" content=\"Tiempo de lectura\" \/>\n\t<meta name=\"twitter:data2\" content=\"3 minutos\" \/>\n<script type=\"application\/ld+json\" class=\"yoast-schema-graph\">{\"@context\":\"https:\/\/schema.org\",\"@graph\":[{\"@type\":\"Article\",\"@id\":\"https:\/\/www.fiscalia.gov.co\/colombia\/seccionales\/en-narino-desarticulado-grupo-delincuencial-los-vallenatos-dedicado-a-la-extorsion-en-diferentes-municipios-de-narino\/#article\",\"isPartOf\":{\"@id\":\"https:\/\/www.fiscalia.gov.co\/colombia\/seccionales\/en-narino-desarticulado-grupo-delincuencial-los-vallenatos-dedicado-a-la-extorsion-en-diferentes-municipios-de-narino\/\"},\"author\":{\"name\":\"Direcci\u00f3n de Comunicaciones Fiscal\u00eda General de la Naci\u00f3n\",\"@id\":\"https:\/\/www.fiscalia.gov.co\/colombia\/#\/schema\/person\/bf28d8ae7f1b287bbe3af484b04f43ea\"},\"headline\":\"En Nari\u00f1o desarticulado grupo delincuencial Los Vallenatos, dedicado a la extorsi\u00f3n en diferentes municipios de ese departamento\",\"datePublished\":\"2020-07-28T14:30:11+00:00\",\"dateModified\":\"2020-07-28T15:58:59+00:00\",\"mainEntityOfPage\":{\"@id\":\"https:\/\/www.fiscalia.gov.co\/colombia\/seccionales\/en-narino-desarticulado-grupo-delincuencial-los-vallenatos-dedicado-a-la-extorsion-en-diferentes-municipios-de-narino\/\"},\"wordCount\":549,\"publisher\":{\"@id\":\"https:\/\/www.fiscalia.gov.co\/colombia\/#organization\"},\"articleSection\":[\"Seccional Pasto\",\"Seccionales\",\"Seguridad territorial\"],\"inLanguage\":\"es-CO\"},{\"@type\":\"WebPage\",\"@id\":\"https:\/\/www.fiscalia.gov.co\/colombia\/seccionales\/en-narino-desarticulado-grupo-delincuencial-los-vallenatos-dedicado-a-la-extorsion-en-diferentes-municipios-de-narino\/\",\"url\":\"https:\/\/www.fiscalia.gov.co\/colombia\/seccionales\/en-narino-desarticulado-grupo-delincuencial-los-vallenatos-dedicado-a-la-extorsion-en-diferentes-municipios-de-narino\/\",\"name\":\"Fiscal\u00eda General de la Naci\u00f3n\",\"isPartOf\":{\"@id\":\"https:\/\/www.fiscalia.gov.co\/colombia\/#website\"},\"datePublished\":\"2020-07-28T14:30:11+00:00\",\"dateModified\":\"2020-07-28T15:58:59+00:00\",\"description\":\"P\u00e1gina oficial de la Fiscal\u00eda General de la Naci\u00f3n \u2013 Colombia. Garantizamos el acceso efectivo a la justicia, la verdad y la reparaci\u00f3n de las v\u00edctimas de los delitos.\",\"breadcrumb\":{\"@id\":\"https:\/\/www.fiscalia.gov.co\/colombia\/seccionales\/en-narino-desarticulado-grupo-delincuencial-los-vallenatos-dedicado-a-la-extorsion-en-diferentes-municipios-de-narino\/#breadcrumb\"},\"inLanguage\":\"es-CO\",\"potentialAction\":[{\"@type\":\"ReadAction\",\"target\":[\"https:\/\/www.fiscalia.gov.co\/colombia\/seccionales\/en-narino-desarticulado-grupo-delincuencial-los-vallenatos-dedicado-a-la-extorsion-en-diferentes-municipios-de-narino\/\"]}]},{\"@type\":\"BreadcrumbList\",\"@id\":\"https:\/\/www.fiscalia.gov.co\/colombia\/seccionales\/en-narino-desarticulado-grupo-delincuencial-los-vallenatos-dedicado-a-la-extorsion-en-diferentes-municipios-de-narino\/#breadcrumb\",\"itemListElement\":[{\"@type\":\"ListItem\",\"position\":1,\"name\":\"Home\",\"item\":\"https:\/\/www.fiscalia.gov.co\/colombia\/\"},{\"@type\":\"ListItem\",\"position\":2,\"name\":\"En Nari\u00f1o desarticulado grupo delincuencial Los Vallenatos, dedicado a la extorsi\u00f3n en diferentes municipios de ese departamento\"}]},{\"@type\":\"WebSite\",\"@id\":\"https:\/\/www.fiscalia.gov.co\/colombia\/#website\",\"url\":\"https:\/\/www.fiscalia.gov.co\/colombia\/\",\"name\":\"Fiscal\u00eda General de la Naci\u00f3n\",\"description\":\"P\u00e1gina oficial de la Fiscal\u00eda General de la Naci\u00f3n \u2013 Colombia. Garantizamos el acceso efectivo a la justicia, la verdad y la reparaci\u00f3n de las v\u00edctimas de los delitos.\",\"publisher\":{\"@id\":\"https:\/\/www.fiscalia.gov.co\/colombia\/#organization\"},\"potentialAction\":[{\"@type\":\"SearchAction\",\"target\":{\"@type\":\"EntryPoint\",\"urlTemplate\":\"https:\/\/www.fiscalia.gov.co\/colombia\/?s={search_term_string}\"},\"query-input\":{\"@type\":\"PropertyValueSpecification\",\"valueRequired\":true,\"valueName\":\"search_term_string\"}}],\"inLanguage\":\"es-CO\"},{\"@type\":\"Organization\",\"@id\":\"https:\/\/www.fiscalia.gov.co\/colombia\/#organization\",\"name\":\"Fiscal\u00eda General de la Naci\u00f3n\",\"url\":\"https:\/\/www.fiscalia.gov.co\/colombia\/\",\"logo\":{\"@type\":\"ImageObject\",\"inLanguage\":\"es-CO\",\"@id\":\"https:\/\/www.fiscalia.gov.co\/colombia\/#\/schema\/logo\/image\/\",\"url\":\"https:\/\/www.fiscalia.gov.co\/colombia\/wp-content\/uploads\/LogoHorizontal_1.jpg\",\"contentUrl\":\"https:\/\/www.fiscalia.gov.co\/colombia\/wp-content\/uploads\/LogoHorizontal_1.jpg\",\"width\":300,\"height\":90,\"caption\":\"Fiscal\u00eda General de la Naci\u00f3n\"},\"image\":{\"@id\":\"https:\/\/www.fiscalia.gov.co\/colombia\/#\/schema\/logo\/image\/\"},\"sameAs\":[\"https:\/\/www.facebook.com\/FiscaliaCol\",\"https:\/\/x.com\/FiscaliaCol\",\"https:\/\/www.instagram.com\/fiscaliacol\",\"https:\/\/www.linkedin.com\/company\/fiscalia-general-de-la-naci-n\/\",\"https:\/\/youtube.com\/@fiscaliageneraldelanacion-4668?si=6nN79nyQICPU5iTh\"]},{\"@type\":\"Person\",\"@id\":\"https:\/\/www.fiscalia.gov.co\/colombia\/#\/schema\/person\/bf28d8ae7f1b287bbe3af484b04f43ea\",\"name\":\"Direcci\u00f3n de Comunicaciones Fiscal\u00eda General de la Naci\u00f3n\",\"image\":{\"@type\":\"ImageObject\",\"inLanguage\":\"es-CO\",\"@id\":\"https:\/\/www.fiscalia.gov.co\/colombia\/#\/schema\/person\/image\/\",\"url\":\"https:\/\/secure.gravatar.com\/avatar\/9d55ae161d32da16dbdd0b380c080a5f?s=96&d=mm&r=g\",\"contentUrl\":\"https:\/\/secure.gravatar.com\/avatar\/9d55ae161d32da16dbdd0b380c080a5f?s=96&d=mm&r=g\",\"caption\":\"Direcci\u00f3n de Comunicaciones Fiscal\u00eda General de la Naci\u00f3n\"},\"url\":\"https:\/\/www.fiscalia.gov.co\/colombia\/author\/kbonilla\/\"}]}<\/script>\n<!-- \/ Yoast SEO plugin. -->","yoast_head_json":{"title":"Fiscal\u00eda General de la Naci\u00f3n","description":"P\u00e1gina oficial de la Fiscal\u00eda General de la Naci\u00f3n \u2013 Colombia. Garantizamos el acceso efectivo a la justicia, la verdad y la reparaci\u00f3n de las v\u00edctimas de los delitos.","robots":{"index":"noindex","follow":"follow"},"og_locale":"es_ES","og_type":"article","og_title":"Fiscal\u00eda General de la Naci\u00f3n","og_description":"P\u00e1gina oficial de la Fiscal\u00eda General de la Naci\u00f3n \u2013 Colombia. Garantizamos el acceso efectivo a la justicia, la verdad y la reparaci\u00f3n de las v\u00edctimas de los delitos.","og_url":"https:\/\/www.fiscalia.gov.co\/colombia\/seccionales\/en-narino-desarticulado-grupo-delincuencial-los-vallenatos-dedicado-a-la-extorsion-en-diferentes-municipios-de-narino\/","og_site_name":"Fiscal\u00eda General de la Naci\u00f3n","article_publisher":"https:\/\/www.facebook.com\/FiscaliaCol","article_published_time":"2020-07-28T14:30:11+00:00","article_modified_time":"2020-07-28T15:58:59+00:00","author":"Direcci\u00f3n de Comunicaciones Fiscal\u00eda General de la Naci\u00f3n","twitter_card":"summary_large_image","twitter_creator":"@FiscaliaCol","twitter_site":"@FiscaliaCol","twitter_misc":{"Escrito por":"Direcci\u00f3n de Comunicaciones Fiscal\u00eda General de la Naci\u00f3n","Tiempo de lectura":"3 minutos"},"schema":{"@context":"https:\/\/schema.org","@graph":[{"@type":"Article","@id":"https:\/\/www.fiscalia.gov.co\/colombia\/seccionales\/en-narino-desarticulado-grupo-delincuencial-los-vallenatos-dedicado-a-la-extorsion-en-diferentes-municipios-de-narino\/#article","isPartOf":{"@id":"https:\/\/www.fiscalia.gov.co\/colombia\/seccionales\/en-narino-desarticulado-grupo-delincuencial-los-vallenatos-dedicado-a-la-extorsion-en-diferentes-municipios-de-narino\/"},"author":{"name":"Direcci\u00f3n de Comunicaciones Fiscal\u00eda General de la Naci\u00f3n","@id":"https:\/\/www.fiscalia.gov.co\/colombia\/#\/schema\/person\/bf28d8ae7f1b287bbe3af484b04f43ea"},"headline":"En Nari\u00f1o desarticulado grupo delincuencial Los Vallenatos, dedicado a la extorsi\u00f3n en diferentes municipios de ese departamento","datePublished":"2020-07-28T14:30:11+00:00","dateModified":"2020-07-28T15:58:59+00:00","mainEntityOfPage":{"@id":"https:\/\/www.fiscalia.gov.co\/colombia\/seccionales\/en-narino-desarticulado-grupo-delincuencial-los-vallenatos-dedicado-a-la-extorsion-en-diferentes-municipios-de-narino\/"},"wordCount":549,"publisher":{"@id":"https:\/\/www.fiscalia.gov.co\/colombia\/#organization"},"articleSection":["Seccional Pasto","Seccionales","Seguridad territorial"],"inLanguage":"es-CO"},{"@type":"WebPage","@id":"https:\/\/www.fiscalia.gov.co\/colombia\/seccionales\/en-narino-desarticulado-grupo-delincuencial-los-vallenatos-dedicado-a-la-extorsion-en-diferentes-municipios-de-narino\/","url":"https:\/\/www.fiscalia.gov.co\/colombia\/seccionales\/en-narino-desarticulado-grupo-delincuencial-los-vallenatos-dedicado-a-la-extorsion-en-diferentes-municipios-de-narino\/","name":"Fiscal\u00eda General de la Naci\u00f3n","isPartOf":{"@id":"https:\/\/www.fiscalia.gov.co\/colombia\/#website"},"datePublished":"2020-07-28T14:30:11+00:00","dateModified":"2020-07-28T15:58:59+00:00","description":"P\u00e1gina oficial de la Fiscal\u00eda General de la Naci\u00f3n \u2013 Colombia. Garantizamos el acceso efectivo a la justicia, la verdad y la reparaci\u00f3n de las v\u00edctimas de los delitos.","breadcrumb":{"@id":"https:\/\/www.fiscalia.gov.co\/colombia\/seccionales\/en-narino-desarticulado-grupo-delincuencial-los-vallenatos-dedicado-a-la-extorsion-en-diferentes-municipios-de-narino\/#breadcrumb"},"inLanguage":"es-CO","potentialAction":[{"@type":"ReadAction","target":["https:\/\/www.fiscalia.gov.co\/colombia\/seccionales\/en-narino-desarticulado-grupo-delincuencial-los-vallenatos-dedicado-a-la-extorsion-en-diferentes-municipios-de-narino\/"]}]},{"@type":"BreadcrumbList","@id":"https:\/\/www.fiscalia.gov.co\/colombia\/seccionales\/en-narino-desarticulado-grupo-delincuencial-los-vallenatos-dedicado-a-la-extorsion-en-diferentes-municipios-de-narino\/#breadcrumb","itemListElement":[{"@type":"ListItem","position":1,"name":"Home","item":"https:\/\/www.fiscalia.gov.co\/colombia\/"},{"@type":"ListItem","position":2,"name":"En Nari\u00f1o desarticulado grupo delincuencial Los Vallenatos, dedicado a la extorsi\u00f3n en diferentes municipios de ese departamento"}]},{"@type":"WebSite","@id":"https:\/\/www.fiscalia.gov.co\/colombia\/#website","url":"https:\/\/www.fiscalia.gov.co\/colombia\/","name":"Fiscal\u00eda General de la Naci\u00f3n","description":"P\u00e1gina oficial de la Fiscal\u00eda General de la Naci\u00f3n \u2013 Colombia. Garantizamos el acceso efectivo a la justicia, la verdad y la reparaci\u00f3n de las v\u00edctimas de los delitos.","publisher":{"@id":"https:\/\/www.fiscalia.gov.co\/colombia\/#organization"},"potentialAction":[{"@type":"SearchAction","target":{"@type":"EntryPoint","urlTemplate":"https:\/\/www.fiscalia.gov.co\/colombia\/?s={search_term_string}"},"query-input":{"@type":"PropertyValueSpecification","valueRequired":true,"valueName":"search_term_string"}}],"inLanguage":"es-CO"},{"@type":"Organization","@id":"https:\/\/www.fiscalia.gov.co\/colombia\/#organization","name":"Fiscal\u00eda General de la Naci\u00f3n","url":"https:\/\/www.fiscalia.gov.co\/colombia\/","logo":{"@type":"ImageObject","inLanguage":"es-CO","@id":"https:\/\/www.fiscalia.gov.co\/colombia\/#\/schema\/logo\/image\/","url":"https:\/\/www.fiscalia.gov.co\/colombia\/wp-content\/uploads\/LogoHorizontal_1.jpg","contentUrl":"https:\/\/www.fiscalia.gov.co\/colombia\/wp-content\/uploads\/LogoHorizontal_1.jpg","width":300,"height":90,"caption":"Fiscal\u00eda General de la Naci\u00f3n"},"image":{"@id":"https:\/\/www.fiscalia.gov.co\/colombia\/#\/schema\/logo\/image\/"},"sameAs":["https:\/\/www.facebook.com\/FiscaliaCol","https:\/\/x.com\/FiscaliaCol","https:\/\/www.instagram.com\/fiscaliacol","https:\/\/www.linkedin.com\/company\/fiscalia-general-de-la-naci-n\/","https:\/\/youtube.com\/@fiscaliageneraldelanacion-4668?si=6nN79nyQICPU5iTh"]},{"@type":"Person","@id":"https:\/\/www.fiscalia.gov.co\/colombia\/#\/schema\/person\/bf28d8ae7f1b287bbe3af484b04f43ea","name":"Direcci\u00f3n de Comunicaciones Fiscal\u00eda General de la Naci\u00f3n","image":{"@type":"ImageObject","inLanguage":"es-CO","@id":"https:\/\/www.fiscalia.gov.co\/colombia\/#\/schema\/person\/image\/","url":"https:\/\/secure.gravatar.com\/avatar\/9d55ae161d32da16dbdd0b380c080a5f?s=96&d=mm&r=g","contentUrl":"https:\/\/secure.gravatar.com\/avatar\/9d55ae161d32da16dbdd0b380c080a5f?s=96&d=mm&r=g","caption":"Direcci\u00f3n de Comunicaciones Fiscal\u00eda General de la Naci\u00f3n"},"url":"https:\/\/www.fiscalia.gov.co\/colombia\/author\/kbonilla\/"}]}},"_links":{"self":[{"href":"https:\/\/www.fiscalia.gov.co\/colombia\/wp-json\/wp\/v2\/posts\/198593","targetHints":{"allow":["GET"]}}],"collection":[{"href":"https:\/\/www.fiscalia.gov.co\/colombia\/wp-json\/wp\/v2\/posts"}],"about":[{"href":"https:\/\/www.fiscalia.gov.co\/colombia\/wp-json\/wp\/v2\/types\/post"}],"author":[{"embeddable":true,"href":"https:\/\/www.fiscalia.gov.co\/colombia\/wp-json\/wp\/v2\/users\/162"}],"replies":[{"embeddable":true,"href":"https:\/\/www.fiscalia.gov.co\/colombia\/wp-json\/wp\/v2\/comments?post=198593"}],"version-history":[{"count":3,"href":"https:\/\/www.fiscalia.gov.co\/colombia\/wp-json\/wp\/v2\/posts\/198593\/revisions"}],"predecessor-version":[{"id":198616,"href":"https:\/\/www.fiscalia.gov.co\/colombia\/wp-json\/wp\/v2\/posts\/198593\/revisions\/198616"}],"wp:attachment":[{"href":"https:\/\/www.fiscalia.gov.co\/colombia\/wp-json\/wp\/v2\/media?parent=198593"}],"wp:term":[{"taxonomy":"category","embeddable":true,"href":"https:\/\/www.fiscalia.gov.co\/colombia\/wp-json\/wp\/v2\/categories?post=198593"},{"taxonomy":"post_tag","embeddable":true,"href":"https:\/\/www.fiscalia.gov.co\/colombia\/wp-json\/wp\/v2\/tags?post=198593"}],"curies":[{"name":"wp","href":"https:\/\/api.w.org\/{rel}","templated":true}]}}