{"id":198284,"date":"2020-07-23T17:48:11","date_gmt":"2020-07-23T22:48:11","guid":{"rendered":"https:\/\/www.fiscalia.gov.co\/colombia\/?p=198284"},"modified":"2020-07-23T17:48:11","modified_gmt":"2020-07-23T22:48:11","slug":"fiscalia-logra-importantes-acciones-judiciales-por-hallazgo-de-laboratorio-de-produccion-de-cocaina-en-finca-del-exembajador-fernando-sanclemente","status":"publish","type":"post","link":"https:\/\/www.fiscalia.gov.co\/colombia\/narcotrafico\/fiscalia-logra-importantes-acciones-judiciales-por-hallazgo-de-laboratorio-de-produccion-de-cocaina-en-finca-del-exembajador-fernando-sanclemente\/","title":{"rendered":"Fiscal\u00eda logra importantes acciones judiciales por hallazgo de laboratorio de producci\u00f3n de coca\u00edna en finca del exembajador Fernando Sanclemente"},"content":{"rendered":"<p>La Fiscal\u00eda General de la Naci\u00f3n avanza en las diferentes l\u00edneas investigativas que permitan identificar y judicializar a todos los involucrados en el funcionamiento de un complejo narcotraficante descubierto el pasado 12 de febrero, en la finca Haras de San Fernando, en Guasca (Cundinamarca), de propiedad del exembajador en Uruguay Fernando Sanclemente Alzate.<\/p>\n<p>En ese sentido, la Fiscal\u00eda logr\u00f3 la captura de Miguel Antonio G\u00f3mez Pi\u00f1eros, quien ser\u00eda uno de los financiadores de la producci\u00f3n y comercializaci\u00f3n de la coca\u00edna que sal\u00eda del laboratorio encontrado. Esta persona se present\u00f3 en la estaci\u00f3n de polic\u00eda de Guayat\u00e1 (Boyac\u00e1), el 22 de julio pasado, donde se hizo efectiva la orden judicial que pesaba en su contra.<\/p>\n<p>Una fiscal de la Direcci\u00f3n Especializada contra el Narcotr\u00e1fico imput\u00f3 a G\u00f3mez Pi\u00f1eros por los delitos de tr\u00e1fico, fabricaci\u00f3n o porte de estupefacientes; y tr\u00e1fico de sustancias qu\u00edmicas para el procesamiento de narc\u00f3ticos. Las audiencias contin\u00faan ante un juez de control de garant\u00edas de Bogot\u00e1.<\/p>\n<p><strong>Condena por complejo narcotraficante<\/strong><\/p>\n<p>En otra decisi\u00f3n judicial, el Juzgado Segundo Especializado de Cundinamarca conden\u00f3 a ocho a\u00f1os de prisi\u00f3n a los cinco hombres capturados en flagrancia el d\u00eda en el que fue hallado el complejo narcotraficante en los predios del exembajador Fernando Sanclemente.<\/p>\n<p>Ante la contundencia del material probatorio obtenido por la Fiscal\u00eda, los procesados aceptaron su responsabilidad en los hechos y fueron sentenciados por tr\u00e1fico, fabricaci\u00f3n o porte de estupefacientes.<\/p>\n<p>Los afectados con la decisi\u00f3n: Cristian An\u00edbal G\u00f3mez Vanegas, Dumer Gustavo Boh\u00f3rquez Daza, Jhon Jairo Morales Zambrano, Pablo Emilio Castillo Perilla y Jhefer Iv\u00e1n Castillo G\u00f3mez.<\/p>\n<p>En las diligencias en las que fueron detenidas estas personas, la Fiscal\u00eda General de la Naci\u00f3n y la Polic\u00eda Nacional, adem\u00e1s de la infraestructura y maquinaria dispuesta para procesar droga, incautaron en su momento cerca de siete toneladas de insumos, entre hidrocarburos, acetonas, metabisulfito, \u00e1cidos clorh\u00eddrico y sulf\u00farico, y cloruro de calcio; adem\u00e1s de 251 gramos de clorhidrato de coca\u00edna y 9.202 gramos de base de coca\u00edna.<\/p>\n<p>La Fiscal\u00eda General de la Naci\u00f3n hace p\u00fablica esta informaci\u00f3n por razones de inter\u00e9s general.<\/p>\n\n<div class=\"twitter-share\"><a href=\"https:\/\/twitter.com\/intent\/tweet?via=fiscaliacol\" class=\"twitter-share-button\">Tweet<\/a><\/div>\n","protected":false},"excerpt":{"rendered":"<p>La Fiscal\u00eda General de la Naci\u00f3n avanza en las diferentes l\u00edneas investigativas que permitan identificar y judicializar a todos los involucrados en el funcionamiento de un complejo narcotraficante descubierto el pasado 12 de febrero, en la finca Haras de San Fernando, en Guasca (Cundinamarca), de propiedad del exembajador en Uruguay Fernando Sanclemente Alzate. En ese [&hellip;]<\/p>\n","protected":false},"author":162,"featured_media":0,"comment_status":"closed","ping_status":"open","sticky":false,"template":"","format":"standard","meta":{"tdm_status":"","tdm_grid_status":"","footnotes":""},"categories":[24115,1],"tags":[],"class_list":{"0":"post-198284","1":"post","2":"type-post","3":"status-publish","4":"format-standard","6":"category-narcotrafico","7":"category-noticias"},"yoast_head":"<!-- This site is optimized with the Yoast SEO plugin v24.3 - https:\/\/yoast.com\/wordpress\/plugins\/seo\/ -->\n<title>Fiscal\u00eda General de la Naci\u00f3n<\/title>\n<meta name=\"description\" content=\"P\u00e1gina oficial de la Fiscal\u00eda General de la Naci\u00f3n \u2013 Colombia. Garantizamos el acceso efectivo a la justicia, la verdad y la reparaci\u00f3n de las v\u00edctimas de los delitos.\" \/>\n<meta name=\"robots\" content=\"noindex, follow\" \/>\n<meta property=\"og:locale\" content=\"es_ES\" \/>\n<meta property=\"og:type\" content=\"article\" \/>\n<meta property=\"og:title\" content=\"Fiscal\u00eda General de la Naci\u00f3n\" \/>\n<meta property=\"og:description\" content=\"P\u00e1gina oficial de la Fiscal\u00eda General de la Naci\u00f3n \u2013 Colombia. Garantizamos el acceso efectivo a la justicia, la verdad y la reparaci\u00f3n de las v\u00edctimas de los delitos.\" \/>\n<meta property=\"og:url\" content=\"https:\/\/www.fiscalia.gov.co\/colombia\/narcotrafico\/fiscalia-logra-importantes-acciones-judiciales-por-hallazgo-de-laboratorio-de-produccion-de-cocaina-en-finca-del-exembajador-fernando-sanclemente\/\" \/>\n<meta property=\"og:site_name\" content=\"Fiscal\u00eda General de la Naci\u00f3n\" \/>\n<meta property=\"article:publisher\" content=\"https:\/\/www.facebook.com\/FiscaliaCol\" \/>\n<meta property=\"article:published_time\" content=\"2020-07-23T22:48:11+00:00\" \/>\n<meta name=\"author\" content=\"Direcci\u00f3n de Comunicaciones Fiscal\u00eda General de la Naci\u00f3n\" \/>\n<meta name=\"twitter:card\" content=\"summary_large_image\" \/>\n<meta name=\"twitter:creator\" content=\"@FiscaliaCol\" \/>\n<meta name=\"twitter:site\" content=\"@FiscaliaCol\" \/>\n<meta name=\"twitter:label1\" content=\"Escrito por\" \/>\n\t<meta name=\"twitter:data1\" content=\"Direcci\u00f3n de Comunicaciones Fiscal\u00eda General de la Naci\u00f3n\" \/>\n\t<meta name=\"twitter:label2\" content=\"Tiempo de lectura\" \/>\n\t<meta name=\"twitter:data2\" content=\"2 minutos\" \/>\n<script type=\"application\/ld+json\" class=\"yoast-schema-graph\">{\"@context\":\"https:\/\/schema.org\",\"@graph\":[{\"@type\":\"Article\",\"@id\":\"https:\/\/www.fiscalia.gov.co\/colombia\/narcotrafico\/fiscalia-logra-importantes-acciones-judiciales-por-hallazgo-de-laboratorio-de-produccion-de-cocaina-en-finca-del-exembajador-fernando-sanclemente\/#article\",\"isPartOf\":{\"@id\":\"https:\/\/www.fiscalia.gov.co\/colombia\/narcotrafico\/fiscalia-logra-importantes-acciones-judiciales-por-hallazgo-de-laboratorio-de-produccion-de-cocaina-en-finca-del-exembajador-fernando-sanclemente\/\"},\"author\":{\"name\":\"Direcci\u00f3n de Comunicaciones Fiscal\u00eda General de la Naci\u00f3n\",\"@id\":\"https:\/\/www.fiscalia.gov.co\/colombia\/#\/schema\/person\/bf28d8ae7f1b287bbe3af484b04f43ea\"},\"headline\":\"Fiscal\u00eda logra importantes acciones judiciales por hallazgo de laboratorio de producci\u00f3n de coca\u00edna en finca del exembajador Fernando Sanclemente\",\"datePublished\":\"2020-07-23T22:48:11+00:00\",\"dateModified\":\"2020-07-23T22:48:11+00:00\",\"mainEntityOfPage\":{\"@id\":\"https:\/\/www.fiscalia.gov.co\/colombia\/narcotrafico\/fiscalia-logra-importantes-acciones-judiciales-por-hallazgo-de-laboratorio-de-produccion-de-cocaina-en-finca-del-exembajador-fernando-sanclemente\/\"},\"wordCount\":408,\"publisher\":{\"@id\":\"https:\/\/www.fiscalia.gov.co\/colombia\/#organization\"},\"articleSection\":[\"Narcotr\u00e1fico\",\"Noticias\"],\"inLanguage\":\"es-CO\"},{\"@type\":\"WebPage\",\"@id\":\"https:\/\/www.fiscalia.gov.co\/colombia\/narcotrafico\/fiscalia-logra-importantes-acciones-judiciales-por-hallazgo-de-laboratorio-de-produccion-de-cocaina-en-finca-del-exembajador-fernando-sanclemente\/\",\"url\":\"https:\/\/www.fiscalia.gov.co\/colombia\/narcotrafico\/fiscalia-logra-importantes-acciones-judiciales-por-hallazgo-de-laboratorio-de-produccion-de-cocaina-en-finca-del-exembajador-fernando-sanclemente\/\",\"name\":\"Fiscal\u00eda General de la Naci\u00f3n\",\"isPartOf\":{\"@id\":\"https:\/\/www.fiscalia.gov.co\/colombia\/#website\"},\"datePublished\":\"2020-07-23T22:48:11+00:00\",\"dateModified\":\"2020-07-23T22:48:11+00:00\",\"description\":\"P\u00e1gina oficial de la Fiscal\u00eda General de la Naci\u00f3n \u2013 Colombia. Garantizamos el acceso efectivo a la justicia, la verdad y la reparaci\u00f3n de las v\u00edctimas de los delitos.\",\"breadcrumb\":{\"@id\":\"https:\/\/www.fiscalia.gov.co\/colombia\/narcotrafico\/fiscalia-logra-importantes-acciones-judiciales-por-hallazgo-de-laboratorio-de-produccion-de-cocaina-en-finca-del-exembajador-fernando-sanclemente\/#breadcrumb\"},\"inLanguage\":\"es-CO\",\"potentialAction\":[{\"@type\":\"ReadAction\",\"target\":[\"https:\/\/www.fiscalia.gov.co\/colombia\/narcotrafico\/fiscalia-logra-importantes-acciones-judiciales-por-hallazgo-de-laboratorio-de-produccion-de-cocaina-en-finca-del-exembajador-fernando-sanclemente\/\"]}]},{\"@type\":\"BreadcrumbList\",\"@id\":\"https:\/\/www.fiscalia.gov.co\/colombia\/narcotrafico\/fiscalia-logra-importantes-acciones-judiciales-por-hallazgo-de-laboratorio-de-produccion-de-cocaina-en-finca-del-exembajador-fernando-sanclemente\/#breadcrumb\",\"itemListElement\":[{\"@type\":\"ListItem\",\"position\":1,\"name\":\"Home\",\"item\":\"https:\/\/www.fiscalia.gov.co\/colombia\/\"},{\"@type\":\"ListItem\",\"position\":2,\"name\":\"Fiscal\u00eda logra importantes acciones judiciales por hallazgo de laboratorio de producci\u00f3n de coca\u00edna en finca del exembajador Fernando Sanclemente\"}]},{\"@type\":\"WebSite\",\"@id\":\"https:\/\/www.fiscalia.gov.co\/colombia\/#website\",\"url\":\"https:\/\/www.fiscalia.gov.co\/colombia\/\",\"name\":\"Fiscal\u00eda General de la Naci\u00f3n\",\"description\":\"P\u00e1gina oficial de la Fiscal\u00eda General de la Naci\u00f3n \u2013 Colombia. Garantizamos el acceso efectivo a la justicia, la verdad y la reparaci\u00f3n de las v\u00edctimas de los delitos.\",\"publisher\":{\"@id\":\"https:\/\/www.fiscalia.gov.co\/colombia\/#organization\"},\"potentialAction\":[{\"@type\":\"SearchAction\",\"target\":{\"@type\":\"EntryPoint\",\"urlTemplate\":\"https:\/\/www.fiscalia.gov.co\/colombia\/?s={search_term_string}\"},\"query-input\":{\"@type\":\"PropertyValueSpecification\",\"valueRequired\":true,\"valueName\":\"search_term_string\"}}],\"inLanguage\":\"es-CO\"},{\"@type\":\"Organization\",\"@id\":\"https:\/\/www.fiscalia.gov.co\/colombia\/#organization\",\"name\":\"Fiscal\u00eda General de la Naci\u00f3n\",\"url\":\"https:\/\/www.fiscalia.gov.co\/colombia\/\",\"logo\":{\"@type\":\"ImageObject\",\"inLanguage\":\"es-CO\",\"@id\":\"https:\/\/www.fiscalia.gov.co\/colombia\/#\/schema\/logo\/image\/\",\"url\":\"https:\/\/www.fiscalia.gov.co\/colombia\/wp-content\/uploads\/LogoHorizontal_1.jpg\",\"contentUrl\":\"https:\/\/www.fiscalia.gov.co\/colombia\/wp-content\/uploads\/LogoHorizontal_1.jpg\",\"width\":300,\"height\":90,\"caption\":\"Fiscal\u00eda General de la Naci\u00f3n\"},\"image\":{\"@id\":\"https:\/\/www.fiscalia.gov.co\/colombia\/#\/schema\/logo\/image\/\"},\"sameAs\":[\"https:\/\/www.facebook.com\/FiscaliaCol\",\"https:\/\/x.com\/FiscaliaCol\",\"https:\/\/www.instagram.com\/fiscaliacol\",\"https:\/\/www.linkedin.com\/company\/fiscalia-general-de-la-naci-n\/\",\"https:\/\/youtube.com\/@fiscaliageneraldelanacion-4668?si=6nN79nyQICPU5iTh\"]},{\"@type\":\"Person\",\"@id\":\"https:\/\/www.fiscalia.gov.co\/colombia\/#\/schema\/person\/bf28d8ae7f1b287bbe3af484b04f43ea\",\"name\":\"Direcci\u00f3n de Comunicaciones Fiscal\u00eda General de la Naci\u00f3n\",\"image\":{\"@type\":\"ImageObject\",\"inLanguage\":\"es-CO\",\"@id\":\"https:\/\/www.fiscalia.gov.co\/colombia\/#\/schema\/person\/image\/\",\"url\":\"https:\/\/secure.gravatar.com\/avatar\/9d55ae161d32da16dbdd0b380c080a5f?s=96&d=mm&r=g\",\"contentUrl\":\"https:\/\/secure.gravatar.com\/avatar\/9d55ae161d32da16dbdd0b380c080a5f?s=96&d=mm&r=g\",\"caption\":\"Direcci\u00f3n de Comunicaciones Fiscal\u00eda General de la Naci\u00f3n\"},\"url\":\"https:\/\/www.fiscalia.gov.co\/colombia\/author\/kbonilla\/\"}]}<\/script>\n<!-- \/ Yoast SEO plugin. -->","yoast_head_json":{"title":"Fiscal\u00eda General de la Naci\u00f3n","description":"P\u00e1gina oficial de la Fiscal\u00eda General de la Naci\u00f3n \u2013 Colombia. Garantizamos el acceso efectivo a la justicia, la verdad y la reparaci\u00f3n de las v\u00edctimas de los delitos.","robots":{"index":"noindex","follow":"follow"},"og_locale":"es_ES","og_type":"article","og_title":"Fiscal\u00eda General de la Naci\u00f3n","og_description":"P\u00e1gina oficial de la Fiscal\u00eda General de la Naci\u00f3n \u2013 Colombia. Garantizamos el acceso efectivo a la justicia, la verdad y la reparaci\u00f3n de las v\u00edctimas de los delitos.","og_url":"https:\/\/www.fiscalia.gov.co\/colombia\/narcotrafico\/fiscalia-logra-importantes-acciones-judiciales-por-hallazgo-de-laboratorio-de-produccion-de-cocaina-en-finca-del-exembajador-fernando-sanclemente\/","og_site_name":"Fiscal\u00eda General de la Naci\u00f3n","article_publisher":"https:\/\/www.facebook.com\/FiscaliaCol","article_published_time":"2020-07-23T22:48:11+00:00","author":"Direcci\u00f3n de Comunicaciones Fiscal\u00eda General de la Naci\u00f3n","twitter_card":"summary_large_image","twitter_creator":"@FiscaliaCol","twitter_site":"@FiscaliaCol","twitter_misc":{"Escrito por":"Direcci\u00f3n de Comunicaciones Fiscal\u00eda General de la Naci\u00f3n","Tiempo de lectura":"2 minutos"},"schema":{"@context":"https:\/\/schema.org","@graph":[{"@type":"Article","@id":"https:\/\/www.fiscalia.gov.co\/colombia\/narcotrafico\/fiscalia-logra-importantes-acciones-judiciales-por-hallazgo-de-laboratorio-de-produccion-de-cocaina-en-finca-del-exembajador-fernando-sanclemente\/#article","isPartOf":{"@id":"https:\/\/www.fiscalia.gov.co\/colombia\/narcotrafico\/fiscalia-logra-importantes-acciones-judiciales-por-hallazgo-de-laboratorio-de-produccion-de-cocaina-en-finca-del-exembajador-fernando-sanclemente\/"},"author":{"name":"Direcci\u00f3n de Comunicaciones Fiscal\u00eda General de la Naci\u00f3n","@id":"https:\/\/www.fiscalia.gov.co\/colombia\/#\/schema\/person\/bf28d8ae7f1b287bbe3af484b04f43ea"},"headline":"Fiscal\u00eda logra importantes acciones judiciales por hallazgo de laboratorio de producci\u00f3n de coca\u00edna en finca del exembajador Fernando Sanclemente","datePublished":"2020-07-23T22:48:11+00:00","dateModified":"2020-07-23T22:48:11+00:00","mainEntityOfPage":{"@id":"https:\/\/www.fiscalia.gov.co\/colombia\/narcotrafico\/fiscalia-logra-importantes-acciones-judiciales-por-hallazgo-de-laboratorio-de-produccion-de-cocaina-en-finca-del-exembajador-fernando-sanclemente\/"},"wordCount":408,"publisher":{"@id":"https:\/\/www.fiscalia.gov.co\/colombia\/#organization"},"articleSection":["Narcotr\u00e1fico","Noticias"],"inLanguage":"es-CO"},{"@type":"WebPage","@id":"https:\/\/www.fiscalia.gov.co\/colombia\/narcotrafico\/fiscalia-logra-importantes-acciones-judiciales-por-hallazgo-de-laboratorio-de-produccion-de-cocaina-en-finca-del-exembajador-fernando-sanclemente\/","url":"https:\/\/www.fiscalia.gov.co\/colombia\/narcotrafico\/fiscalia-logra-importantes-acciones-judiciales-por-hallazgo-de-laboratorio-de-produccion-de-cocaina-en-finca-del-exembajador-fernando-sanclemente\/","name":"Fiscal\u00eda General de la Naci\u00f3n","isPartOf":{"@id":"https:\/\/www.fiscalia.gov.co\/colombia\/#website"},"datePublished":"2020-07-23T22:48:11+00:00","dateModified":"2020-07-23T22:48:11+00:00","description":"P\u00e1gina oficial de la Fiscal\u00eda General de la Naci\u00f3n \u2013 Colombia. Garantizamos el acceso efectivo a la justicia, la verdad y la reparaci\u00f3n de las v\u00edctimas de los delitos.","breadcrumb":{"@id":"https:\/\/www.fiscalia.gov.co\/colombia\/narcotrafico\/fiscalia-logra-importantes-acciones-judiciales-por-hallazgo-de-laboratorio-de-produccion-de-cocaina-en-finca-del-exembajador-fernando-sanclemente\/#breadcrumb"},"inLanguage":"es-CO","potentialAction":[{"@type":"ReadAction","target":["https:\/\/www.fiscalia.gov.co\/colombia\/narcotrafico\/fiscalia-logra-importantes-acciones-judiciales-por-hallazgo-de-laboratorio-de-produccion-de-cocaina-en-finca-del-exembajador-fernando-sanclemente\/"]}]},{"@type":"BreadcrumbList","@id":"https:\/\/www.fiscalia.gov.co\/colombia\/narcotrafico\/fiscalia-logra-importantes-acciones-judiciales-por-hallazgo-de-laboratorio-de-produccion-de-cocaina-en-finca-del-exembajador-fernando-sanclemente\/#breadcrumb","itemListElement":[{"@type":"ListItem","position":1,"name":"Home","item":"https:\/\/www.fiscalia.gov.co\/colombia\/"},{"@type":"ListItem","position":2,"name":"Fiscal\u00eda logra importantes acciones judiciales por hallazgo de laboratorio de producci\u00f3n de coca\u00edna en finca del exembajador Fernando Sanclemente"}]},{"@type":"WebSite","@id":"https:\/\/www.fiscalia.gov.co\/colombia\/#website","url":"https:\/\/www.fiscalia.gov.co\/colombia\/","name":"Fiscal\u00eda General de la Naci\u00f3n","description":"P\u00e1gina oficial de la Fiscal\u00eda General de la Naci\u00f3n \u2013 Colombia. Garantizamos el acceso efectivo a la justicia, la verdad y la reparaci\u00f3n de las v\u00edctimas de los delitos.","publisher":{"@id":"https:\/\/www.fiscalia.gov.co\/colombia\/#organization"},"potentialAction":[{"@type":"SearchAction","target":{"@type":"EntryPoint","urlTemplate":"https:\/\/www.fiscalia.gov.co\/colombia\/?s={search_term_string}"},"query-input":{"@type":"PropertyValueSpecification","valueRequired":true,"valueName":"search_term_string"}}],"inLanguage":"es-CO"},{"@type":"Organization","@id":"https:\/\/www.fiscalia.gov.co\/colombia\/#organization","name":"Fiscal\u00eda General de la Naci\u00f3n","url":"https:\/\/www.fiscalia.gov.co\/colombia\/","logo":{"@type":"ImageObject","inLanguage":"es-CO","@id":"https:\/\/www.fiscalia.gov.co\/colombia\/#\/schema\/logo\/image\/","url":"https:\/\/www.fiscalia.gov.co\/colombia\/wp-content\/uploads\/LogoHorizontal_1.jpg","contentUrl":"https:\/\/www.fiscalia.gov.co\/colombia\/wp-content\/uploads\/LogoHorizontal_1.jpg","width":300,"height":90,"caption":"Fiscal\u00eda General de la Naci\u00f3n"},"image":{"@id":"https:\/\/www.fiscalia.gov.co\/colombia\/#\/schema\/logo\/image\/"},"sameAs":["https:\/\/www.facebook.com\/FiscaliaCol","https:\/\/x.com\/FiscaliaCol","https:\/\/www.instagram.com\/fiscaliacol","https:\/\/www.linkedin.com\/company\/fiscalia-general-de-la-naci-n\/","https:\/\/youtube.com\/@fiscaliageneraldelanacion-4668?si=6nN79nyQICPU5iTh"]},{"@type":"Person","@id":"https:\/\/www.fiscalia.gov.co\/colombia\/#\/schema\/person\/bf28d8ae7f1b287bbe3af484b04f43ea","name":"Direcci\u00f3n de Comunicaciones Fiscal\u00eda General de la Naci\u00f3n","image":{"@type":"ImageObject","inLanguage":"es-CO","@id":"https:\/\/www.fiscalia.gov.co\/colombia\/#\/schema\/person\/image\/","url":"https:\/\/secure.gravatar.com\/avatar\/9d55ae161d32da16dbdd0b380c080a5f?s=96&d=mm&r=g","contentUrl":"https:\/\/secure.gravatar.com\/avatar\/9d55ae161d32da16dbdd0b380c080a5f?s=96&d=mm&r=g","caption":"Direcci\u00f3n de Comunicaciones Fiscal\u00eda General de la Naci\u00f3n"},"url":"https:\/\/www.fiscalia.gov.co\/colombia\/author\/kbonilla\/"}]}},"_links":{"self":[{"href":"https:\/\/www.fiscalia.gov.co\/colombia\/wp-json\/wp\/v2\/posts\/198284","targetHints":{"allow":["GET"]}}],"collection":[{"href":"https:\/\/www.fiscalia.gov.co\/colombia\/wp-json\/wp\/v2\/posts"}],"about":[{"href":"https:\/\/www.fiscalia.gov.co\/colombia\/wp-json\/wp\/v2\/types\/post"}],"author":[{"embeddable":true,"href":"https:\/\/www.fiscalia.gov.co\/colombia\/wp-json\/wp\/v2\/users\/162"}],"replies":[{"embeddable":true,"href":"https:\/\/www.fiscalia.gov.co\/colombia\/wp-json\/wp\/v2\/comments?post=198284"}],"version-history":[{"count":1,"href":"https:\/\/www.fiscalia.gov.co\/colombia\/wp-json\/wp\/v2\/posts\/198284\/revisions"}],"predecessor-version":[{"id":198285,"href":"https:\/\/www.fiscalia.gov.co\/colombia\/wp-json\/wp\/v2\/posts\/198284\/revisions\/198285"}],"wp:attachment":[{"href":"https:\/\/www.fiscalia.gov.co\/colombia\/wp-json\/wp\/v2\/media?parent=198284"}],"wp:term":[{"taxonomy":"category","embeddable":true,"href":"https:\/\/www.fiscalia.gov.co\/colombia\/wp-json\/wp\/v2\/categories?post=198284"},{"taxonomy":"post_tag","embeddable":true,"href":"https:\/\/www.fiscalia.gov.co\/colombia\/wp-json\/wp\/v2\/tags?post=198284"}],"curies":[{"name":"wp","href":"https:\/\/api.w.org\/{rel}","templated":true}]}}