{"id":198185,"date":"2020-07-22T17:03:46","date_gmt":"2020-07-22T22:03:46","guid":{"rendered":"https:\/\/www.fiscalia.gov.co\/colombia\/?p=198185"},"modified":"2020-07-22T17:03:46","modified_gmt":"2020-07-22T22:03:46","slug":"fiscalia-de-cundinamarca-hallo-explosivos-y-armamento-al-parecer-pertenecientes-a-disidencias-de-las-farc","status":"publish","type":"post","link":"https:\/\/www.fiscalia.gov.co\/colombia\/seccionales\/fiscalia-de-cundinamarca-hallo-explosivos-y-armamento-al-parecer-pertenecientes-a-disidencias-de-las-farc\/","title":{"rendered":"Fiscal\u00eda de Cundinamarca hall\u00f3 explosivos y armamento, al parecer pertenecientes a disidencias de las Farc"},"content":{"rendered":"<p class=\"x_MsoNormal\">La Fiscal\u00eda General de la Naci\u00f3n, a trav\u00e9s de la Seccional Cundinamarca y su polic\u00eda judicial de Cuerpo T\u00e9cnico de Investigaci\u00f3n (CTI), en operativos conjuntos con el Ej\u00e9rcito Nacional, allan\u00f3 una finca en abandono ubicada en la\u00a0<b>vereda El Naranjal, del municipio de Guayabetal (Cundinamarca)<\/b>, en la que fue hallado\u00a0<b>material b\u00e9lico<\/b>\u00a0que presuntamente pertenecer\u00eda a disidencias de las Farc.<\/p>\n<p class=\"x_MsoNormal\">De acuerdo con el informe de una fiscal\u00eda especializada Gaula, las autoridades encontraron\u00a0<b>50 kilogramos de explosivos<\/b>\u00a0de alta potencia tipo\u00a0<b>Anfo<\/b>,\u00a0<b>una barra de indugel<\/b>, 11 metros de cord\u00f3n detonante, 23 metros de mechas de seguridad,\u00a0<b>10 detonadores y 2 armas hechizas<\/b>.<\/p>\n<p class=\"x_MsoNormal\">En la diligencia judicial no se realizaron capturas.<\/p>\n<p class=\"x_MsoNormal\">La Fiscal\u00eda hace p\u00fablica esta informaci\u00f3n por razones de inter\u00e9s general.<\/p>\n<p class=\"x_MsoNormal\">\n<p class=\"x_MsoNormal\">CMRM\/DLBM<\/p>\n\n<div class=\"twitter-share\"><a href=\"https:\/\/twitter.com\/intent\/tweet?via=fiscaliacol\" class=\"twitter-share-button\">Tweet<\/a><\/div>\n","protected":false},"excerpt":{"rendered":"<p>La Fiscal\u00eda General de la Naci\u00f3n, a trav\u00e9s de la Seccional Cundinamarca y su polic\u00eda judicial de Cuerpo T\u00e9cnico de Investigaci\u00f3n (CTI), en operativos conjuntos con el Ej\u00e9rcito Nacional, allan\u00f3 una finca en abandono ubicada en la\u00a0vereda El Naranjal, del municipio de Guayabetal (Cundinamarca), en la que fue hallado\u00a0material b\u00e9lico\u00a0que presuntamente pertenecer\u00eda a disidencias de [&hellip;]<\/p>\n","protected":false},"author":162,"featured_media":0,"comment_status":"closed","ping_status":"open","sticky":false,"template":"","format":"standard","meta":{"tdm_status":"","tdm_grid_status":"","footnotes":""},"categories":[327,303,24099],"tags":[],"class_list":{"0":"post-198185","1":"post","2":"type-post","3":"status-publish","4":"format-standard","6":"category-seccional-cundinamarca","7":"category-seccionales","8":"category-seguridad-territorial"},"yoast_head":"<!-- This site is optimized with the Yoast SEO plugin v24.3 - https:\/\/yoast.com\/wordpress\/plugins\/seo\/ -->\n<title>Fiscal\u00eda General de la Naci\u00f3n<\/title>\n<meta name=\"description\" content=\"P\u00e1gina oficial de la Fiscal\u00eda General de la Naci\u00f3n \u2013 Colombia. Garantizamos el acceso efectivo a la justicia, la verdad y la reparaci\u00f3n de las v\u00edctimas de los delitos.\" \/>\n<meta name=\"robots\" content=\"noindex, follow\" \/>\n<meta property=\"og:locale\" content=\"es_ES\" \/>\n<meta property=\"og:type\" content=\"article\" \/>\n<meta property=\"og:title\" content=\"Fiscal\u00eda General de la Naci\u00f3n\" \/>\n<meta property=\"og:description\" content=\"P\u00e1gina oficial de la Fiscal\u00eda General de la Naci\u00f3n \u2013 Colombia. Garantizamos el acceso efectivo a la justicia, la verdad y la reparaci\u00f3n de las v\u00edctimas de los delitos.\" \/>\n<meta property=\"og:url\" content=\"https:\/\/www.fiscalia.gov.co\/colombia\/seccionales\/fiscalia-de-cundinamarca-hallo-explosivos-y-armamento-al-parecer-pertenecientes-a-disidencias-de-las-farc\/\" \/>\n<meta property=\"og:site_name\" content=\"Fiscal\u00eda General de la Naci\u00f3n\" \/>\n<meta property=\"article:publisher\" content=\"https:\/\/www.facebook.com\/FiscaliaCol\" \/>\n<meta property=\"article:published_time\" content=\"2020-07-22T22:03:46+00:00\" \/>\n<meta name=\"author\" content=\"Direcci\u00f3n de Comunicaciones Fiscal\u00eda General de la Naci\u00f3n\" \/>\n<meta name=\"twitter:card\" content=\"summary_large_image\" \/>\n<meta name=\"twitter:creator\" content=\"@FiscaliaCol\" \/>\n<meta name=\"twitter:site\" content=\"@FiscaliaCol\" \/>\n<meta name=\"twitter:label1\" content=\"Escrito por\" \/>\n\t<meta name=\"twitter:data1\" content=\"Direcci\u00f3n de Comunicaciones Fiscal\u00eda General de la Naci\u00f3n\" \/>\n\t<meta name=\"twitter:label2\" content=\"Tiempo de lectura\" \/>\n\t<meta name=\"twitter:data2\" content=\"1 minuto\" \/>\n<script type=\"application\/ld+json\" class=\"yoast-schema-graph\">{\"@context\":\"https:\/\/schema.org\",\"@graph\":[{\"@type\":\"Article\",\"@id\":\"https:\/\/www.fiscalia.gov.co\/colombia\/seccionales\/fiscalia-de-cundinamarca-hallo-explosivos-y-armamento-al-parecer-pertenecientes-a-disidencias-de-las-farc\/#article\",\"isPartOf\":{\"@id\":\"https:\/\/www.fiscalia.gov.co\/colombia\/seccionales\/fiscalia-de-cundinamarca-hallo-explosivos-y-armamento-al-parecer-pertenecientes-a-disidencias-de-las-farc\/\"},\"author\":{\"name\":\"Direcci\u00f3n de Comunicaciones Fiscal\u00eda General de la Naci\u00f3n\",\"@id\":\"https:\/\/www.fiscalia.gov.co\/colombia\/#\/schema\/person\/bf28d8ae7f1b287bbe3af484b04f43ea\"},\"headline\":\"Fiscal\u00eda de Cundinamarca hall\u00f3 explosivos y armamento, al parecer pertenecientes a disidencias de las Farc\",\"datePublished\":\"2020-07-22T22:03:46+00:00\",\"dateModified\":\"2020-07-22T22:03:46+00:00\",\"mainEntityOfPage\":{\"@id\":\"https:\/\/www.fiscalia.gov.co\/colombia\/seccionales\/fiscalia-de-cundinamarca-hallo-explosivos-y-armamento-al-parecer-pertenecientes-a-disidencias-de-las-farc\/\"},\"wordCount\":150,\"publisher\":{\"@id\":\"https:\/\/www.fiscalia.gov.co\/colombia\/#organization\"},\"articleSection\":[\"Seccional Cundinamarca\",\"Seccionales\",\"Seguridad territorial\"],\"inLanguage\":\"es-CO\"},{\"@type\":\"WebPage\",\"@id\":\"https:\/\/www.fiscalia.gov.co\/colombia\/seccionales\/fiscalia-de-cundinamarca-hallo-explosivos-y-armamento-al-parecer-pertenecientes-a-disidencias-de-las-farc\/\",\"url\":\"https:\/\/www.fiscalia.gov.co\/colombia\/seccionales\/fiscalia-de-cundinamarca-hallo-explosivos-y-armamento-al-parecer-pertenecientes-a-disidencias-de-las-farc\/\",\"name\":\"Fiscal\u00eda General de la Naci\u00f3n\",\"isPartOf\":{\"@id\":\"https:\/\/www.fiscalia.gov.co\/colombia\/#website\"},\"datePublished\":\"2020-07-22T22:03:46+00:00\",\"dateModified\":\"2020-07-22T22:03:46+00:00\",\"description\":\"P\u00e1gina oficial de la Fiscal\u00eda General de la Naci\u00f3n \u2013 Colombia. Garantizamos el acceso efectivo a la justicia, la verdad y la reparaci\u00f3n de las v\u00edctimas de los delitos.\",\"breadcrumb\":{\"@id\":\"https:\/\/www.fiscalia.gov.co\/colombia\/seccionales\/fiscalia-de-cundinamarca-hallo-explosivos-y-armamento-al-parecer-pertenecientes-a-disidencias-de-las-farc\/#breadcrumb\"},\"inLanguage\":\"es-CO\",\"potentialAction\":[{\"@type\":\"ReadAction\",\"target\":[\"https:\/\/www.fiscalia.gov.co\/colombia\/seccionales\/fiscalia-de-cundinamarca-hallo-explosivos-y-armamento-al-parecer-pertenecientes-a-disidencias-de-las-farc\/\"]}]},{\"@type\":\"BreadcrumbList\",\"@id\":\"https:\/\/www.fiscalia.gov.co\/colombia\/seccionales\/fiscalia-de-cundinamarca-hallo-explosivos-y-armamento-al-parecer-pertenecientes-a-disidencias-de-las-farc\/#breadcrumb\",\"itemListElement\":[{\"@type\":\"ListItem\",\"position\":1,\"name\":\"Home\",\"item\":\"https:\/\/www.fiscalia.gov.co\/colombia\/\"},{\"@type\":\"ListItem\",\"position\":2,\"name\":\"Fiscal\u00eda de Cundinamarca hall\u00f3 explosivos y armamento, al parecer pertenecientes a disidencias de las Farc\"}]},{\"@type\":\"WebSite\",\"@id\":\"https:\/\/www.fiscalia.gov.co\/colombia\/#website\",\"url\":\"https:\/\/www.fiscalia.gov.co\/colombia\/\",\"name\":\"Fiscal\u00eda General de la Naci\u00f3n\",\"description\":\"P\u00e1gina oficial de la Fiscal\u00eda General de la Naci\u00f3n \u2013 Colombia. Garantizamos el acceso efectivo a la justicia, la verdad y la reparaci\u00f3n de las v\u00edctimas de los delitos.\",\"publisher\":{\"@id\":\"https:\/\/www.fiscalia.gov.co\/colombia\/#organization\"},\"potentialAction\":[{\"@type\":\"SearchAction\",\"target\":{\"@type\":\"EntryPoint\",\"urlTemplate\":\"https:\/\/www.fiscalia.gov.co\/colombia\/?s={search_term_string}\"},\"query-input\":{\"@type\":\"PropertyValueSpecification\",\"valueRequired\":true,\"valueName\":\"search_term_string\"}}],\"inLanguage\":\"es-CO\"},{\"@type\":\"Organization\",\"@id\":\"https:\/\/www.fiscalia.gov.co\/colombia\/#organization\",\"name\":\"Fiscal\u00eda General de la Naci\u00f3n\",\"url\":\"https:\/\/www.fiscalia.gov.co\/colombia\/\",\"logo\":{\"@type\":\"ImageObject\",\"inLanguage\":\"es-CO\",\"@id\":\"https:\/\/www.fiscalia.gov.co\/colombia\/#\/schema\/logo\/image\/\",\"url\":\"https:\/\/www.fiscalia.gov.co\/colombia\/wp-content\/uploads\/LogoHorizontal_1.jpg\",\"contentUrl\":\"https:\/\/www.fiscalia.gov.co\/colombia\/wp-content\/uploads\/LogoHorizontal_1.jpg\",\"width\":300,\"height\":90,\"caption\":\"Fiscal\u00eda General de la Naci\u00f3n\"},\"image\":{\"@id\":\"https:\/\/www.fiscalia.gov.co\/colombia\/#\/schema\/logo\/image\/\"},\"sameAs\":[\"https:\/\/www.facebook.com\/FiscaliaCol\",\"https:\/\/x.com\/FiscaliaCol\",\"https:\/\/www.instagram.com\/fiscaliacol\",\"https:\/\/www.linkedin.com\/company\/fiscalia-general-de-la-naci-n\/\",\"https:\/\/youtube.com\/@fiscaliageneraldelanacion-4668?si=6nN79nyQICPU5iTh\"]},{\"@type\":\"Person\",\"@id\":\"https:\/\/www.fiscalia.gov.co\/colombia\/#\/schema\/person\/bf28d8ae7f1b287bbe3af484b04f43ea\",\"name\":\"Direcci\u00f3n de Comunicaciones Fiscal\u00eda General de la Naci\u00f3n\",\"image\":{\"@type\":\"ImageObject\",\"inLanguage\":\"es-CO\",\"@id\":\"https:\/\/www.fiscalia.gov.co\/colombia\/#\/schema\/person\/image\/\",\"url\":\"https:\/\/secure.gravatar.com\/avatar\/9d55ae161d32da16dbdd0b380c080a5f?s=96&d=mm&r=g\",\"contentUrl\":\"https:\/\/secure.gravatar.com\/avatar\/9d55ae161d32da16dbdd0b380c080a5f?s=96&d=mm&r=g\",\"caption\":\"Direcci\u00f3n de Comunicaciones Fiscal\u00eda General de la Naci\u00f3n\"},\"url\":\"https:\/\/www.fiscalia.gov.co\/colombia\/author\/kbonilla\/\"}]}<\/script>\n<!-- \/ Yoast SEO plugin. -->","yoast_head_json":{"title":"Fiscal\u00eda General de la Naci\u00f3n","description":"P\u00e1gina oficial de la Fiscal\u00eda General de la Naci\u00f3n \u2013 Colombia. Garantizamos el acceso efectivo a la justicia, la verdad y la reparaci\u00f3n de las v\u00edctimas de los delitos.","robots":{"index":"noindex","follow":"follow"},"og_locale":"es_ES","og_type":"article","og_title":"Fiscal\u00eda General de la Naci\u00f3n","og_description":"P\u00e1gina oficial de la Fiscal\u00eda General de la Naci\u00f3n \u2013 Colombia. Garantizamos el acceso efectivo a la justicia, la verdad y la reparaci\u00f3n de las v\u00edctimas de los delitos.","og_url":"https:\/\/www.fiscalia.gov.co\/colombia\/seccionales\/fiscalia-de-cundinamarca-hallo-explosivos-y-armamento-al-parecer-pertenecientes-a-disidencias-de-las-farc\/","og_site_name":"Fiscal\u00eda General de la Naci\u00f3n","article_publisher":"https:\/\/www.facebook.com\/FiscaliaCol","article_published_time":"2020-07-22T22:03:46+00:00","author":"Direcci\u00f3n de Comunicaciones Fiscal\u00eda General de la Naci\u00f3n","twitter_card":"summary_large_image","twitter_creator":"@FiscaliaCol","twitter_site":"@FiscaliaCol","twitter_misc":{"Escrito por":"Direcci\u00f3n de Comunicaciones Fiscal\u00eda General de la Naci\u00f3n","Tiempo de lectura":"1 minuto"},"schema":{"@context":"https:\/\/schema.org","@graph":[{"@type":"Article","@id":"https:\/\/www.fiscalia.gov.co\/colombia\/seccionales\/fiscalia-de-cundinamarca-hallo-explosivos-y-armamento-al-parecer-pertenecientes-a-disidencias-de-las-farc\/#article","isPartOf":{"@id":"https:\/\/www.fiscalia.gov.co\/colombia\/seccionales\/fiscalia-de-cundinamarca-hallo-explosivos-y-armamento-al-parecer-pertenecientes-a-disidencias-de-las-farc\/"},"author":{"name":"Direcci\u00f3n de Comunicaciones Fiscal\u00eda General de la Naci\u00f3n","@id":"https:\/\/www.fiscalia.gov.co\/colombia\/#\/schema\/person\/bf28d8ae7f1b287bbe3af484b04f43ea"},"headline":"Fiscal\u00eda de Cundinamarca hall\u00f3 explosivos y armamento, al parecer pertenecientes a disidencias de las Farc","datePublished":"2020-07-22T22:03:46+00:00","dateModified":"2020-07-22T22:03:46+00:00","mainEntityOfPage":{"@id":"https:\/\/www.fiscalia.gov.co\/colombia\/seccionales\/fiscalia-de-cundinamarca-hallo-explosivos-y-armamento-al-parecer-pertenecientes-a-disidencias-de-las-farc\/"},"wordCount":150,"publisher":{"@id":"https:\/\/www.fiscalia.gov.co\/colombia\/#organization"},"articleSection":["Seccional Cundinamarca","Seccionales","Seguridad territorial"],"inLanguage":"es-CO"},{"@type":"WebPage","@id":"https:\/\/www.fiscalia.gov.co\/colombia\/seccionales\/fiscalia-de-cundinamarca-hallo-explosivos-y-armamento-al-parecer-pertenecientes-a-disidencias-de-las-farc\/","url":"https:\/\/www.fiscalia.gov.co\/colombia\/seccionales\/fiscalia-de-cundinamarca-hallo-explosivos-y-armamento-al-parecer-pertenecientes-a-disidencias-de-las-farc\/","name":"Fiscal\u00eda General de la Naci\u00f3n","isPartOf":{"@id":"https:\/\/www.fiscalia.gov.co\/colombia\/#website"},"datePublished":"2020-07-22T22:03:46+00:00","dateModified":"2020-07-22T22:03:46+00:00","description":"P\u00e1gina oficial de la Fiscal\u00eda General de la Naci\u00f3n \u2013 Colombia. Garantizamos el acceso efectivo a la justicia, la verdad y la reparaci\u00f3n de las v\u00edctimas de los delitos.","breadcrumb":{"@id":"https:\/\/www.fiscalia.gov.co\/colombia\/seccionales\/fiscalia-de-cundinamarca-hallo-explosivos-y-armamento-al-parecer-pertenecientes-a-disidencias-de-las-farc\/#breadcrumb"},"inLanguage":"es-CO","potentialAction":[{"@type":"ReadAction","target":["https:\/\/www.fiscalia.gov.co\/colombia\/seccionales\/fiscalia-de-cundinamarca-hallo-explosivos-y-armamento-al-parecer-pertenecientes-a-disidencias-de-las-farc\/"]}]},{"@type":"BreadcrumbList","@id":"https:\/\/www.fiscalia.gov.co\/colombia\/seccionales\/fiscalia-de-cundinamarca-hallo-explosivos-y-armamento-al-parecer-pertenecientes-a-disidencias-de-las-farc\/#breadcrumb","itemListElement":[{"@type":"ListItem","position":1,"name":"Home","item":"https:\/\/www.fiscalia.gov.co\/colombia\/"},{"@type":"ListItem","position":2,"name":"Fiscal\u00eda de Cundinamarca hall\u00f3 explosivos y armamento, al parecer pertenecientes a disidencias de las Farc"}]},{"@type":"WebSite","@id":"https:\/\/www.fiscalia.gov.co\/colombia\/#website","url":"https:\/\/www.fiscalia.gov.co\/colombia\/","name":"Fiscal\u00eda General de la Naci\u00f3n","description":"P\u00e1gina oficial de la Fiscal\u00eda General de la Naci\u00f3n \u2013 Colombia. Garantizamos el acceso efectivo a la justicia, la verdad y la reparaci\u00f3n de las v\u00edctimas de los delitos.","publisher":{"@id":"https:\/\/www.fiscalia.gov.co\/colombia\/#organization"},"potentialAction":[{"@type":"SearchAction","target":{"@type":"EntryPoint","urlTemplate":"https:\/\/www.fiscalia.gov.co\/colombia\/?s={search_term_string}"},"query-input":{"@type":"PropertyValueSpecification","valueRequired":true,"valueName":"search_term_string"}}],"inLanguage":"es-CO"},{"@type":"Organization","@id":"https:\/\/www.fiscalia.gov.co\/colombia\/#organization","name":"Fiscal\u00eda General de la Naci\u00f3n","url":"https:\/\/www.fiscalia.gov.co\/colombia\/","logo":{"@type":"ImageObject","inLanguage":"es-CO","@id":"https:\/\/www.fiscalia.gov.co\/colombia\/#\/schema\/logo\/image\/","url":"https:\/\/www.fiscalia.gov.co\/colombia\/wp-content\/uploads\/LogoHorizontal_1.jpg","contentUrl":"https:\/\/www.fiscalia.gov.co\/colombia\/wp-content\/uploads\/LogoHorizontal_1.jpg","width":300,"height":90,"caption":"Fiscal\u00eda General de la Naci\u00f3n"},"image":{"@id":"https:\/\/www.fiscalia.gov.co\/colombia\/#\/schema\/logo\/image\/"},"sameAs":["https:\/\/www.facebook.com\/FiscaliaCol","https:\/\/x.com\/FiscaliaCol","https:\/\/www.instagram.com\/fiscaliacol","https:\/\/www.linkedin.com\/company\/fiscalia-general-de-la-naci-n\/","https:\/\/youtube.com\/@fiscaliageneraldelanacion-4668?si=6nN79nyQICPU5iTh"]},{"@type":"Person","@id":"https:\/\/www.fiscalia.gov.co\/colombia\/#\/schema\/person\/bf28d8ae7f1b287bbe3af484b04f43ea","name":"Direcci\u00f3n de Comunicaciones Fiscal\u00eda General de la Naci\u00f3n","image":{"@type":"ImageObject","inLanguage":"es-CO","@id":"https:\/\/www.fiscalia.gov.co\/colombia\/#\/schema\/person\/image\/","url":"https:\/\/secure.gravatar.com\/avatar\/9d55ae161d32da16dbdd0b380c080a5f?s=96&d=mm&r=g","contentUrl":"https:\/\/secure.gravatar.com\/avatar\/9d55ae161d32da16dbdd0b380c080a5f?s=96&d=mm&r=g","caption":"Direcci\u00f3n de Comunicaciones Fiscal\u00eda General de la Naci\u00f3n"},"url":"https:\/\/www.fiscalia.gov.co\/colombia\/author\/kbonilla\/"}]}},"_links":{"self":[{"href":"https:\/\/www.fiscalia.gov.co\/colombia\/wp-json\/wp\/v2\/posts\/198185","targetHints":{"allow":["GET"]}}],"collection":[{"href":"https:\/\/www.fiscalia.gov.co\/colombia\/wp-json\/wp\/v2\/posts"}],"about":[{"href":"https:\/\/www.fiscalia.gov.co\/colombia\/wp-json\/wp\/v2\/types\/post"}],"author":[{"embeddable":true,"href":"https:\/\/www.fiscalia.gov.co\/colombia\/wp-json\/wp\/v2\/users\/162"}],"replies":[{"embeddable":true,"href":"https:\/\/www.fiscalia.gov.co\/colombia\/wp-json\/wp\/v2\/comments?post=198185"}],"version-history":[{"count":1,"href":"https:\/\/www.fiscalia.gov.co\/colombia\/wp-json\/wp\/v2\/posts\/198185\/revisions"}],"predecessor-version":[{"id":198186,"href":"https:\/\/www.fiscalia.gov.co\/colombia\/wp-json\/wp\/v2\/posts\/198185\/revisions\/198186"}],"wp:attachment":[{"href":"https:\/\/www.fiscalia.gov.co\/colombia\/wp-json\/wp\/v2\/media?parent=198185"}],"wp:term":[{"taxonomy":"category","embeddable":true,"href":"https:\/\/www.fiscalia.gov.co\/colombia\/wp-json\/wp\/v2\/categories?post=198185"},{"taxonomy":"post_tag","embeddable":true,"href":"https:\/\/www.fiscalia.gov.co\/colombia\/wp-json\/wp\/v2\/tags?post=198185"}],"curies":[{"name":"wp","href":"https:\/\/api.w.org\/{rel}","templated":true}]}}