{"id":198101,"date":"2020-07-21T21:11:23","date_gmt":"2020-07-22T02:11:23","guid":{"rendered":"https:\/\/www.fiscalia.gov.co\/colombia\/?p=198101"},"modified":"2020-07-21T21:11:23","modified_gmt":"2020-07-22T02:11:23","slug":"judicializados-cinco-presuntos-integrantes-de-estructuras-criminales-senaladas-de-afectaciones-contra-defensores-de-derechos-humanos-y-reincorporados-en-antioquia","status":"publish","type":"post","link":"https:\/\/www.fiscalia.gov.co\/colombia\/defensores\/judicializados-cinco-presuntos-integrantes-de-estructuras-criminales-senaladas-de-afectaciones-contra-defensores-de-derechos-humanos-y-reincorporados-en-antioquia\/","title":{"rendered":"Judicializados cinco presuntos integrantes de estructuras criminales se\u00f1aladas de afectaciones contra defensores de derechos humanos y reincorporados en Antioquia"},"content":{"rendered":"<p>Como parte de las acciones judiciales definidas por la Fiscal\u00eda General de la Naci\u00f3n para judicializar a\u00a0 los responsables de cr\u00edmenes y agresiones contra defensores de derechos humanos y personas en proceso de reincorporaci\u00f3n, cuatro presuntos integrantes de la estructura criminal \u2018Los Caparros\u2019 fueron presentados en audiencias de control de garant\u00edas ante un juez de Antioquia.<\/p>\n<p>La Fiscal\u00eda les imput\u00f3 los delitos de concierto para delinquir agravado, y fabricaci\u00f3n, tr\u00e1fico, porte o tenencia de armas de fuego, accesorios, partes o municiones. Los procesados no aceptaron los cargos y deber\u00e1n cumplir medida de aseguramiento en establecimiento carcelario.<\/p>\n<p>Los afectados son:<\/p>\n<ul>\n<li>Liroi Soto Villalobos, alias Alex, cabecilla urbano de \u2018Los Caparros\u2019 en el Bajo Cauca antioque\u00f1o.<\/li>\n<li>Luis Fernando Villa Serna, alias Camilo, cabecilla financiero en los municipios de Caucasia, C\u00e1ceres y Taraz\u00e1.<\/li>\n<li>Jos\u00e9 Miguel Simanca, alias Niche, integrante de esta organizaci\u00f3n.<\/li>\n<li>Haner Jes\u00fas Bola\u00f1os Servera, Alias Chucho, integrante de esta organizaci\u00f3n.<\/li>\n<\/ul>\n<p>Las investigaciones de la Fiscal\u00eda dan cuenta de que los judicializados habr\u00edan ordenado agresiones de diferente tipo contra defensores de derechos humanos, como parte de un plan de expansi\u00f3n criminal de esta estructura en Antioquia.<\/p>\n<p>\u2018Alex\u2019, \u2018Chucho\u2019, \u2018Camilo\u2019 y \u2018Niche\u2019 fueron capturados en una operaci\u00f3n coordinada de la Fiscal\u00eda General de la Naci\u00f3n, a trav\u00e9s de su polic\u00eda judicial CTI, y el Cuerpo \u00c9lite de la Polic\u00eda Nacional.<\/p>\n<p>Este resultado judicial hace parte del \u2018Proyecto Bajo Cauca Antioque\u00f1o\u2019 que ha permitido el esclarecimiento de los asesinatos de cuatro l\u00edderes comunales, dos l\u00edderes del Programa Nacional Integral de Sustituci\u00f3n de Cultivos Il\u00edcitos (PNIS), y un l\u00edder juvenil ocurridos en Antioquia.<\/p>\n<p>Por estos hechos, la Fiscal\u00eda ha logrado 4 sentencias condenatorias, 11 supuestos integrantes de \u2018Los Caparros\u2019 \u00a0tienen medida de aseguramiento y un caso avanza en etapa de juicio.<\/p>\n<p><strong><u>Esclarecimiento de homicidios contra reincorporados<\/u><\/strong><\/p>\n<p>En otro resultado judicial, la Fiscal\u00eda imput\u00f3 a Juan Esteban Rodr\u00edguez Londo\u00f1o, alias Pablo, por los delitos de homicidio agravado y porte ilegal de armas agravado. Esta persona estar\u00eda vinculada al crimen del reincorporado Robinson Alirio Oquendo Sucerquia, ocurrido el 27 de marzo de 2018, en Ituango (Antioquia).<\/p>\n<p>Actualmente, alias Pablo, cabecilla del \u2018Clan del Golfo\u2019, est\u00e1 privado de la libertad en atenci\u00f3n a una condena en su contra por concierto para delinquir agravado.<\/p>\n<p>La Fiscal\u00eda General de la Naci\u00f3n hace p\u00fablica esta informaci\u00f3n por razones de inter\u00e9s general.<\/p>\n<p>&nbsp;<\/p>\n<p>LCHG\/JARG<\/p>\n\n<div class=\"twitter-share\"><a href=\"https:\/\/twitter.com\/intent\/tweet?via=fiscaliacol\" class=\"twitter-share-button\">Tweet<\/a><\/div>\n","protected":false},"excerpt":{"rendered":"<p>Como parte de las acciones judiciales definidas por la Fiscal\u00eda General de la Naci\u00f3n para judicializar a\u00a0 los responsables de cr\u00edmenes y agresiones contra defensores de derechos humanos y personas en proceso de reincorporaci\u00f3n, cuatro presuntos integrantes de la estructura criminal \u2018Los Caparros\u2019 fueron presentados en audiencias de control de garant\u00edas ante un juez de [&hellip;]<\/p>\n","protected":false},"author":162,"featured_media":0,"comment_status":"closed","ping_status":"open","sticky":false,"template":"","format":"standard","meta":{"tdm_status":"","tdm_grid_status":"","footnotes":""},"categories":[24176,1],"tags":[],"class_list":{"0":"post-198101","1":"post","2":"type-post","3":"status-publish","4":"format-standard","6":"category-defensores","7":"category-noticias"},"yoast_head":"<!-- This site is optimized with the Yoast SEO plugin v24.3 - https:\/\/yoast.com\/wordpress\/plugins\/seo\/ -->\n<title>Fiscal\u00eda General de la Naci\u00f3n<\/title>\n<meta name=\"description\" content=\"P\u00e1gina oficial de la Fiscal\u00eda General de la Naci\u00f3n \u2013 Colombia. Garantizamos el acceso efectivo a la justicia, la verdad y la reparaci\u00f3n de las v\u00edctimas de los delitos.\" \/>\n<meta name=\"robots\" content=\"noindex, follow\" \/>\n<meta property=\"og:locale\" content=\"es_ES\" \/>\n<meta property=\"og:type\" content=\"article\" \/>\n<meta property=\"og:title\" content=\"Fiscal\u00eda General de la Naci\u00f3n\" \/>\n<meta property=\"og:description\" content=\"P\u00e1gina oficial de la Fiscal\u00eda General de la Naci\u00f3n \u2013 Colombia. Garantizamos el acceso efectivo a la justicia, la verdad y la reparaci\u00f3n de las v\u00edctimas de los delitos.\" \/>\n<meta property=\"og:url\" content=\"https:\/\/www.fiscalia.gov.co\/colombia\/defensores\/judicializados-cinco-presuntos-integrantes-de-estructuras-criminales-senaladas-de-afectaciones-contra-defensores-de-derechos-humanos-y-reincorporados-en-antioquia\/\" \/>\n<meta property=\"og:site_name\" content=\"Fiscal\u00eda General de la Naci\u00f3n\" \/>\n<meta property=\"article:publisher\" content=\"https:\/\/www.facebook.com\/FiscaliaCol\" \/>\n<meta property=\"article:published_time\" content=\"2020-07-22T02:11:23+00:00\" \/>\n<meta name=\"author\" content=\"Direcci\u00f3n de Comunicaciones Fiscal\u00eda General de la Naci\u00f3n\" \/>\n<meta name=\"twitter:card\" content=\"summary_large_image\" \/>\n<meta name=\"twitter:creator\" content=\"@FiscaliaCol\" \/>\n<meta name=\"twitter:site\" content=\"@FiscaliaCol\" \/>\n<meta name=\"twitter:label1\" content=\"Escrito por\" \/>\n\t<meta name=\"twitter:data1\" content=\"Direcci\u00f3n de Comunicaciones Fiscal\u00eda General de la Naci\u00f3n\" \/>\n\t<meta name=\"twitter:label2\" content=\"Tiempo de lectura\" \/>\n\t<meta name=\"twitter:data2\" content=\"2 minutos\" \/>\n<script type=\"application\/ld+json\" class=\"yoast-schema-graph\">{\"@context\":\"https:\/\/schema.org\",\"@graph\":[{\"@type\":\"Article\",\"@id\":\"https:\/\/www.fiscalia.gov.co\/colombia\/defensores\/judicializados-cinco-presuntos-integrantes-de-estructuras-criminales-senaladas-de-afectaciones-contra-defensores-de-derechos-humanos-y-reincorporados-en-antioquia\/#article\",\"isPartOf\":{\"@id\":\"https:\/\/www.fiscalia.gov.co\/colombia\/defensores\/judicializados-cinco-presuntos-integrantes-de-estructuras-criminales-senaladas-de-afectaciones-contra-defensores-de-derechos-humanos-y-reincorporados-en-antioquia\/\"},\"author\":{\"name\":\"Direcci\u00f3n de Comunicaciones Fiscal\u00eda General de la Naci\u00f3n\",\"@id\":\"https:\/\/www.fiscalia.gov.co\/colombia\/#\/schema\/person\/bf28d8ae7f1b287bbe3af484b04f43ea\"},\"headline\":\"Judicializados cinco presuntos integrantes de estructuras criminales se\u00f1aladas de afectaciones contra defensores de derechos humanos y reincorporados en Antioquia\",\"datePublished\":\"2020-07-22T02:11:23+00:00\",\"dateModified\":\"2020-07-22T02:11:23+00:00\",\"mainEntityOfPage\":{\"@id\":\"https:\/\/www.fiscalia.gov.co\/colombia\/defensores\/judicializados-cinco-presuntos-integrantes-de-estructuras-criminales-senaladas-de-afectaciones-contra-defensores-de-derechos-humanos-y-reincorporados-en-antioquia\/\"},\"wordCount\":440,\"publisher\":{\"@id\":\"https:\/\/www.fiscalia.gov.co\/colombia\/#organization\"},\"articleSection\":[\"Defensores\",\"Noticias\"],\"inLanguage\":\"es-CO\"},{\"@type\":\"WebPage\",\"@id\":\"https:\/\/www.fiscalia.gov.co\/colombia\/defensores\/judicializados-cinco-presuntos-integrantes-de-estructuras-criminales-senaladas-de-afectaciones-contra-defensores-de-derechos-humanos-y-reincorporados-en-antioquia\/\",\"url\":\"https:\/\/www.fiscalia.gov.co\/colombia\/defensores\/judicializados-cinco-presuntos-integrantes-de-estructuras-criminales-senaladas-de-afectaciones-contra-defensores-de-derechos-humanos-y-reincorporados-en-antioquia\/\",\"name\":\"Fiscal\u00eda General de la Naci\u00f3n\",\"isPartOf\":{\"@id\":\"https:\/\/www.fiscalia.gov.co\/colombia\/#website\"},\"datePublished\":\"2020-07-22T02:11:23+00:00\",\"dateModified\":\"2020-07-22T02:11:23+00:00\",\"description\":\"P\u00e1gina oficial de la Fiscal\u00eda General de la Naci\u00f3n \u2013 Colombia. Garantizamos el acceso efectivo a la justicia, la verdad y la reparaci\u00f3n de las v\u00edctimas de los delitos.\",\"breadcrumb\":{\"@id\":\"https:\/\/www.fiscalia.gov.co\/colombia\/defensores\/judicializados-cinco-presuntos-integrantes-de-estructuras-criminales-senaladas-de-afectaciones-contra-defensores-de-derechos-humanos-y-reincorporados-en-antioquia\/#breadcrumb\"},\"inLanguage\":\"es-CO\",\"potentialAction\":[{\"@type\":\"ReadAction\",\"target\":[\"https:\/\/www.fiscalia.gov.co\/colombia\/defensores\/judicializados-cinco-presuntos-integrantes-de-estructuras-criminales-senaladas-de-afectaciones-contra-defensores-de-derechos-humanos-y-reincorporados-en-antioquia\/\"]}]},{\"@type\":\"BreadcrumbList\",\"@id\":\"https:\/\/www.fiscalia.gov.co\/colombia\/defensores\/judicializados-cinco-presuntos-integrantes-de-estructuras-criminales-senaladas-de-afectaciones-contra-defensores-de-derechos-humanos-y-reincorporados-en-antioquia\/#breadcrumb\",\"itemListElement\":[{\"@type\":\"ListItem\",\"position\":1,\"name\":\"Home\",\"item\":\"https:\/\/www.fiscalia.gov.co\/colombia\/\"},{\"@type\":\"ListItem\",\"position\":2,\"name\":\"Judicializados cinco presuntos integrantes de estructuras criminales se\u00f1aladas de afectaciones contra defensores de derechos humanos y reincorporados en Antioquia\"}]},{\"@type\":\"WebSite\",\"@id\":\"https:\/\/www.fiscalia.gov.co\/colombia\/#website\",\"url\":\"https:\/\/www.fiscalia.gov.co\/colombia\/\",\"name\":\"Fiscal\u00eda General de la Naci\u00f3n\",\"description\":\"P\u00e1gina oficial de la Fiscal\u00eda General de la Naci\u00f3n \u2013 Colombia. Garantizamos el acceso efectivo a la justicia, la verdad y la reparaci\u00f3n de las v\u00edctimas de los delitos.\",\"publisher\":{\"@id\":\"https:\/\/www.fiscalia.gov.co\/colombia\/#organization\"},\"potentialAction\":[{\"@type\":\"SearchAction\",\"target\":{\"@type\":\"EntryPoint\",\"urlTemplate\":\"https:\/\/www.fiscalia.gov.co\/colombia\/?s={search_term_string}\"},\"query-input\":{\"@type\":\"PropertyValueSpecification\",\"valueRequired\":true,\"valueName\":\"search_term_string\"}}],\"inLanguage\":\"es-CO\"},{\"@type\":\"Organization\",\"@id\":\"https:\/\/www.fiscalia.gov.co\/colombia\/#organization\",\"name\":\"Fiscal\u00eda General de la Naci\u00f3n\",\"url\":\"https:\/\/www.fiscalia.gov.co\/colombia\/\",\"logo\":{\"@type\":\"ImageObject\",\"inLanguage\":\"es-CO\",\"@id\":\"https:\/\/www.fiscalia.gov.co\/colombia\/#\/schema\/logo\/image\/\",\"url\":\"https:\/\/www.fiscalia.gov.co\/colombia\/wp-content\/uploads\/LogoHorizontal_1.jpg\",\"contentUrl\":\"https:\/\/www.fiscalia.gov.co\/colombia\/wp-content\/uploads\/LogoHorizontal_1.jpg\",\"width\":300,\"height\":90,\"caption\":\"Fiscal\u00eda General de la Naci\u00f3n\"},\"image\":{\"@id\":\"https:\/\/www.fiscalia.gov.co\/colombia\/#\/schema\/logo\/image\/\"},\"sameAs\":[\"https:\/\/www.facebook.com\/FiscaliaCol\",\"https:\/\/x.com\/FiscaliaCol\",\"https:\/\/www.instagram.com\/fiscaliacol\",\"https:\/\/www.linkedin.com\/company\/fiscalia-general-de-la-naci-n\/\",\"https:\/\/youtube.com\/@fiscaliageneraldelanacion-4668?si=6nN79nyQICPU5iTh\"]},{\"@type\":\"Person\",\"@id\":\"https:\/\/www.fiscalia.gov.co\/colombia\/#\/schema\/person\/bf28d8ae7f1b287bbe3af484b04f43ea\",\"name\":\"Direcci\u00f3n de Comunicaciones Fiscal\u00eda General de la Naci\u00f3n\",\"image\":{\"@type\":\"ImageObject\",\"inLanguage\":\"es-CO\",\"@id\":\"https:\/\/www.fiscalia.gov.co\/colombia\/#\/schema\/person\/image\/\",\"url\":\"https:\/\/secure.gravatar.com\/avatar\/9d55ae161d32da16dbdd0b380c080a5f?s=96&d=mm&r=g\",\"contentUrl\":\"https:\/\/secure.gravatar.com\/avatar\/9d55ae161d32da16dbdd0b380c080a5f?s=96&d=mm&r=g\",\"caption\":\"Direcci\u00f3n de Comunicaciones Fiscal\u00eda General de la Naci\u00f3n\"},\"url\":\"https:\/\/www.fiscalia.gov.co\/colombia\/author\/kbonilla\/\"}]}<\/script>\n<!-- \/ Yoast SEO plugin. -->","yoast_head_json":{"title":"Fiscal\u00eda General de la Naci\u00f3n","description":"P\u00e1gina oficial de la Fiscal\u00eda General de la Naci\u00f3n \u2013 Colombia. Garantizamos el acceso efectivo a la justicia, la verdad y la reparaci\u00f3n de las v\u00edctimas de los delitos.","robots":{"index":"noindex","follow":"follow"},"og_locale":"es_ES","og_type":"article","og_title":"Fiscal\u00eda General de la Naci\u00f3n","og_description":"P\u00e1gina oficial de la Fiscal\u00eda General de la Naci\u00f3n \u2013 Colombia. Garantizamos el acceso efectivo a la justicia, la verdad y la reparaci\u00f3n de las v\u00edctimas de los delitos.","og_url":"https:\/\/www.fiscalia.gov.co\/colombia\/defensores\/judicializados-cinco-presuntos-integrantes-de-estructuras-criminales-senaladas-de-afectaciones-contra-defensores-de-derechos-humanos-y-reincorporados-en-antioquia\/","og_site_name":"Fiscal\u00eda General de la Naci\u00f3n","article_publisher":"https:\/\/www.facebook.com\/FiscaliaCol","article_published_time":"2020-07-22T02:11:23+00:00","author":"Direcci\u00f3n de Comunicaciones Fiscal\u00eda General de la Naci\u00f3n","twitter_card":"summary_large_image","twitter_creator":"@FiscaliaCol","twitter_site":"@FiscaliaCol","twitter_misc":{"Escrito por":"Direcci\u00f3n de Comunicaciones Fiscal\u00eda General de la Naci\u00f3n","Tiempo de lectura":"2 minutos"},"schema":{"@context":"https:\/\/schema.org","@graph":[{"@type":"Article","@id":"https:\/\/www.fiscalia.gov.co\/colombia\/defensores\/judicializados-cinco-presuntos-integrantes-de-estructuras-criminales-senaladas-de-afectaciones-contra-defensores-de-derechos-humanos-y-reincorporados-en-antioquia\/#article","isPartOf":{"@id":"https:\/\/www.fiscalia.gov.co\/colombia\/defensores\/judicializados-cinco-presuntos-integrantes-de-estructuras-criminales-senaladas-de-afectaciones-contra-defensores-de-derechos-humanos-y-reincorporados-en-antioquia\/"},"author":{"name":"Direcci\u00f3n de Comunicaciones Fiscal\u00eda General de la Naci\u00f3n","@id":"https:\/\/www.fiscalia.gov.co\/colombia\/#\/schema\/person\/bf28d8ae7f1b287bbe3af484b04f43ea"},"headline":"Judicializados cinco presuntos integrantes de estructuras criminales se\u00f1aladas de afectaciones contra defensores de derechos humanos y reincorporados en Antioquia","datePublished":"2020-07-22T02:11:23+00:00","dateModified":"2020-07-22T02:11:23+00:00","mainEntityOfPage":{"@id":"https:\/\/www.fiscalia.gov.co\/colombia\/defensores\/judicializados-cinco-presuntos-integrantes-de-estructuras-criminales-senaladas-de-afectaciones-contra-defensores-de-derechos-humanos-y-reincorporados-en-antioquia\/"},"wordCount":440,"publisher":{"@id":"https:\/\/www.fiscalia.gov.co\/colombia\/#organization"},"articleSection":["Defensores","Noticias"],"inLanguage":"es-CO"},{"@type":"WebPage","@id":"https:\/\/www.fiscalia.gov.co\/colombia\/defensores\/judicializados-cinco-presuntos-integrantes-de-estructuras-criminales-senaladas-de-afectaciones-contra-defensores-de-derechos-humanos-y-reincorporados-en-antioquia\/","url":"https:\/\/www.fiscalia.gov.co\/colombia\/defensores\/judicializados-cinco-presuntos-integrantes-de-estructuras-criminales-senaladas-de-afectaciones-contra-defensores-de-derechos-humanos-y-reincorporados-en-antioquia\/","name":"Fiscal\u00eda General de la Naci\u00f3n","isPartOf":{"@id":"https:\/\/www.fiscalia.gov.co\/colombia\/#website"},"datePublished":"2020-07-22T02:11:23+00:00","dateModified":"2020-07-22T02:11:23+00:00","description":"P\u00e1gina oficial de la Fiscal\u00eda General de la Naci\u00f3n \u2013 Colombia. Garantizamos el acceso efectivo a la justicia, la verdad y la reparaci\u00f3n de las v\u00edctimas de los delitos.","breadcrumb":{"@id":"https:\/\/www.fiscalia.gov.co\/colombia\/defensores\/judicializados-cinco-presuntos-integrantes-de-estructuras-criminales-senaladas-de-afectaciones-contra-defensores-de-derechos-humanos-y-reincorporados-en-antioquia\/#breadcrumb"},"inLanguage":"es-CO","potentialAction":[{"@type":"ReadAction","target":["https:\/\/www.fiscalia.gov.co\/colombia\/defensores\/judicializados-cinco-presuntos-integrantes-de-estructuras-criminales-senaladas-de-afectaciones-contra-defensores-de-derechos-humanos-y-reincorporados-en-antioquia\/"]}]},{"@type":"BreadcrumbList","@id":"https:\/\/www.fiscalia.gov.co\/colombia\/defensores\/judicializados-cinco-presuntos-integrantes-de-estructuras-criminales-senaladas-de-afectaciones-contra-defensores-de-derechos-humanos-y-reincorporados-en-antioquia\/#breadcrumb","itemListElement":[{"@type":"ListItem","position":1,"name":"Home","item":"https:\/\/www.fiscalia.gov.co\/colombia\/"},{"@type":"ListItem","position":2,"name":"Judicializados cinco presuntos integrantes de estructuras criminales se\u00f1aladas de afectaciones contra defensores de derechos humanos y reincorporados en Antioquia"}]},{"@type":"WebSite","@id":"https:\/\/www.fiscalia.gov.co\/colombia\/#website","url":"https:\/\/www.fiscalia.gov.co\/colombia\/","name":"Fiscal\u00eda General de la Naci\u00f3n","description":"P\u00e1gina oficial de la Fiscal\u00eda General de la Naci\u00f3n \u2013 Colombia. Garantizamos el acceso efectivo a la justicia, la verdad y la reparaci\u00f3n de las v\u00edctimas de los delitos.","publisher":{"@id":"https:\/\/www.fiscalia.gov.co\/colombia\/#organization"},"potentialAction":[{"@type":"SearchAction","target":{"@type":"EntryPoint","urlTemplate":"https:\/\/www.fiscalia.gov.co\/colombia\/?s={search_term_string}"},"query-input":{"@type":"PropertyValueSpecification","valueRequired":true,"valueName":"search_term_string"}}],"inLanguage":"es-CO"},{"@type":"Organization","@id":"https:\/\/www.fiscalia.gov.co\/colombia\/#organization","name":"Fiscal\u00eda General de la Naci\u00f3n","url":"https:\/\/www.fiscalia.gov.co\/colombia\/","logo":{"@type":"ImageObject","inLanguage":"es-CO","@id":"https:\/\/www.fiscalia.gov.co\/colombia\/#\/schema\/logo\/image\/","url":"https:\/\/www.fiscalia.gov.co\/colombia\/wp-content\/uploads\/LogoHorizontal_1.jpg","contentUrl":"https:\/\/www.fiscalia.gov.co\/colombia\/wp-content\/uploads\/LogoHorizontal_1.jpg","width":300,"height":90,"caption":"Fiscal\u00eda General de la Naci\u00f3n"},"image":{"@id":"https:\/\/www.fiscalia.gov.co\/colombia\/#\/schema\/logo\/image\/"},"sameAs":["https:\/\/www.facebook.com\/FiscaliaCol","https:\/\/x.com\/FiscaliaCol","https:\/\/www.instagram.com\/fiscaliacol","https:\/\/www.linkedin.com\/company\/fiscalia-general-de-la-naci-n\/","https:\/\/youtube.com\/@fiscaliageneraldelanacion-4668?si=6nN79nyQICPU5iTh"]},{"@type":"Person","@id":"https:\/\/www.fiscalia.gov.co\/colombia\/#\/schema\/person\/bf28d8ae7f1b287bbe3af484b04f43ea","name":"Direcci\u00f3n de Comunicaciones Fiscal\u00eda General de la Naci\u00f3n","image":{"@type":"ImageObject","inLanguage":"es-CO","@id":"https:\/\/www.fiscalia.gov.co\/colombia\/#\/schema\/person\/image\/","url":"https:\/\/secure.gravatar.com\/avatar\/9d55ae161d32da16dbdd0b380c080a5f?s=96&d=mm&r=g","contentUrl":"https:\/\/secure.gravatar.com\/avatar\/9d55ae161d32da16dbdd0b380c080a5f?s=96&d=mm&r=g","caption":"Direcci\u00f3n de Comunicaciones Fiscal\u00eda General de la Naci\u00f3n"},"url":"https:\/\/www.fiscalia.gov.co\/colombia\/author\/kbonilla\/"}]}},"_links":{"self":[{"href":"https:\/\/www.fiscalia.gov.co\/colombia\/wp-json\/wp\/v2\/posts\/198101","targetHints":{"allow":["GET"]}}],"collection":[{"href":"https:\/\/www.fiscalia.gov.co\/colombia\/wp-json\/wp\/v2\/posts"}],"about":[{"href":"https:\/\/www.fiscalia.gov.co\/colombia\/wp-json\/wp\/v2\/types\/post"}],"author":[{"embeddable":true,"href":"https:\/\/www.fiscalia.gov.co\/colombia\/wp-json\/wp\/v2\/users\/162"}],"replies":[{"embeddable":true,"href":"https:\/\/www.fiscalia.gov.co\/colombia\/wp-json\/wp\/v2\/comments?post=198101"}],"version-history":[{"count":1,"href":"https:\/\/www.fiscalia.gov.co\/colombia\/wp-json\/wp\/v2\/posts\/198101\/revisions"}],"predecessor-version":[{"id":198102,"href":"https:\/\/www.fiscalia.gov.co\/colombia\/wp-json\/wp\/v2\/posts\/198101\/revisions\/198102"}],"wp:attachment":[{"href":"https:\/\/www.fiscalia.gov.co\/colombia\/wp-json\/wp\/v2\/media?parent=198101"}],"wp:term":[{"taxonomy":"category","embeddable":true,"href":"https:\/\/www.fiscalia.gov.co\/colombia\/wp-json\/wp\/v2\/categories?post=198101"},{"taxonomy":"post_tag","embeddable":true,"href":"https:\/\/www.fiscalia.gov.co\/colombia\/wp-json\/wp\/v2\/tags?post=198101"}],"curies":[{"name":"wp","href":"https:\/\/api.w.org\/{rel}","templated":true}]}}