{"id":197836,"date":"2020-07-18T13:54:34","date_gmt":"2020-07-18T18:54:34","guid":{"rendered":"https:\/\/www.fiscalia.gov.co\/colombia\/?p=197836"},"modified":"2020-07-18T13:54:34","modified_gmt":"2020-07-18T18:54:34","slug":"mas-de-40-judicializados-en-ofensiva-de-la-fiscalia-contra-estructuras-criminales-de-turbo-y-rionegro-antioquia","status":"publish","type":"post","link":"https:\/\/www.fiscalia.gov.co\/colombia\/seccionales\/mas-de-40-judicializados-en-ofensiva-de-la-fiscalia-contra-estructuras-criminales-de-turbo-y-rionegro-antioquia\/","title":{"rendered":"M\u00e1s de 40 judicializados en ofensiva de la Fiscal\u00eda contra estructuras criminales de Turbo y Rionegro (Antioquia)"},"content":{"rendered":"<p dir=\"ltr\">En cumplimiento de las pol\u00edticas del Fiscal General de la Naci\u00f3n de aplicar justicia en las calles y en los territorios, la Direcci\u00f3n Seccional de Fiscal\u00edas de Antioquia, a trav\u00e9s del Cuerpo T\u00e9cnico de Investigaci\u00f3n, con apoyo de la Sij\u00edn de la Polic\u00eda Nacional y el Ej\u00e9rcito Nacional, impact\u00f3 tres estructuras criminales que delinquen en la regi\u00f3n de Urab\u00e1 y el oriente antioque\u00f1o, y logr\u00f3 la captura as\u00ed como la judicializaci\u00f3n de 42 de sus integrantes.<\/p>\n<p dir=\"ltr\">El primer operativo se realiz\u00f3 en el municipio de Turbo (Antioquia), donde fueron aprehendidos por orden judicial 14 presuntos miembros de 2 pandillas conocidas como Los Batman y Los Pamperos, dedicados a diferentes modalidades de hurto en ese puerto de la zona de Urab\u00e1. Otros 7 supuestos integrantes de las se\u00f1aladas pandillas fueron notificados de las investigaciones en su contra en las c\u00e1rceles donde se encuentran detenidos por otros procesos.<\/p>\n<p dir=\"ltr\">Para la captura y judicializaci\u00f3n se asociaron 25 noticias criminales, la mayor\u00eda de ellas, por delitos contra el patrimonio econ\u00f3mico.<\/p>\n<p dir=\"ltr\">Los 21 procesados deber\u00e1n responder por los delitos de concierto para delinquir con fines de hurto, hurto calificado y agravado, homicidios agravado, tr\u00e1fico de estupefacientes, lesiones personales, extorsi\u00f3n, constre\u00f1imiento ilegal y fuga de presos.<\/p>\n<p dir=\"ltr\">El segundo operativo interinstitucional se adelant\u00f3 en el municipio de Rionegro (Antioquia), donde fueron capturados por orden judicial 21 personas presuntamente vinculadas a la banda Los Pamplona, organizaci\u00f3n criminal dedicada al tr\u00e1fico de estupefacientes en por lo menos 15 barrios y sectores de la citada poblaci\u00f3n del oriente antioque\u00f1o. Todos los capturados fueron cobijados con medida de aseguramiento en centro carcelario por el delito de concierto para delinquir con fines de narcotr\u00e1fico.<\/p>\n<p dir=\"ltr\">Desde el a\u00f1o 2019 a la fecha, el trabajo articulado de la Fiscal\u00eda General de la Naci\u00f3n ha permitido la captura y judicializaci\u00f3n de m\u00e1s de 200 integrantes de esa organizaci\u00f3n, 26 de ellos de nacionalidad venezolana, de los cuales han sido sentenciados m\u00e1s del 65% a penas que oscilan entre los 4 y los 40 a\u00f1os de prisi\u00f3n, por delitos como concierto para delinquir, tr\u00e1fico de estupefacientes, homicidio agravado, desaparici\u00f3n forzada y tortura. Adem\u00e1s, se han decomisado 10 armas de fuego de diferente calibre, miles de dosis de coca\u00edna, marihuana, coca\u00edna rosada y f\u00e1rmacos derivados de la Benzodiacepina.<\/p>\n<p dir=\"ltr\">Tambi\u00e9n fueron demolidos numerosos inmuebles utilizados para el expendio de estupefacientes. Se logr\u00f3 la inmovilizaci\u00f3n y comiso de 17 veh\u00edculos entre automotores y motocicletas.<\/p>\n<p dir=\"ltr\">Las acciones judiciales tambi\u00e9n han permitido adelantar procesos de extinci\u00f3n del derecho de dominio sobre bienes muebles e inmuebles valorados en m\u00e1s de mil millones de pesos.<\/p>\n<p>&nbsp;<\/p>\n<p dir=\"ltr\">LFML\/DLBM<\/p>\n\n<div class=\"twitter-share\"><a href=\"https:\/\/twitter.com\/intent\/tweet?via=fiscaliacol\" class=\"twitter-share-button\">Tweet<\/a><\/div>\n","protected":false},"excerpt":{"rendered":"<p>En cumplimiento de las pol\u00edticas del Fiscal General de la Naci\u00f3n de aplicar justicia en las calles y en los territorios, la Direcci\u00f3n Seccional de Fiscal\u00edas de Antioquia, a trav\u00e9s del Cuerpo T\u00e9cnico de Investigaci\u00f3n, con apoyo de la Sij\u00edn de la Polic\u00eda Nacional y el Ej\u00e9rcito Nacional, impact\u00f3 tres estructuras criminales que delinquen en [&hellip;]<\/p>\n","protected":false},"author":162,"featured_media":0,"comment_status":"closed","ping_status":"open","sticky":false,"template":"","format":"standard","meta":{"tdm_status":"","tdm_grid_status":"","footnotes":""},"categories":[318,303,24099],"tags":[],"class_list":{"0":"post-197836","1":"post","2":"type-post","3":"status-publish","4":"format-standard","6":"category-seccional-antioquia","7":"category-seccionales","8":"category-seguridad-territorial"},"yoast_head":"<!-- This site is optimized with the Yoast SEO plugin v24.3 - https:\/\/yoast.com\/wordpress\/plugins\/seo\/ -->\n<title>Fiscal\u00eda General de la Naci\u00f3n<\/title>\n<meta name=\"description\" content=\"P\u00e1gina oficial de la Fiscal\u00eda General de la Naci\u00f3n \u2013 Colombia. Garantizamos el acceso efectivo a la justicia, la verdad y la reparaci\u00f3n de las v\u00edctimas de los delitos.\" \/>\n<meta name=\"robots\" content=\"noindex, follow\" \/>\n<meta property=\"og:locale\" content=\"es_ES\" \/>\n<meta property=\"og:type\" content=\"article\" \/>\n<meta property=\"og:title\" content=\"Fiscal\u00eda General de la Naci\u00f3n\" \/>\n<meta property=\"og:description\" content=\"P\u00e1gina oficial de la Fiscal\u00eda General de la Naci\u00f3n \u2013 Colombia. Garantizamos el acceso efectivo a la justicia, la verdad y la reparaci\u00f3n de las v\u00edctimas de los delitos.\" \/>\n<meta property=\"og:url\" content=\"https:\/\/www.fiscalia.gov.co\/colombia\/seccionales\/mas-de-40-judicializados-en-ofensiva-de-la-fiscalia-contra-estructuras-criminales-de-turbo-y-rionegro-antioquia\/\" \/>\n<meta property=\"og:site_name\" content=\"Fiscal\u00eda General de la Naci\u00f3n\" \/>\n<meta property=\"article:publisher\" content=\"https:\/\/www.facebook.com\/FiscaliaCol\" \/>\n<meta property=\"article:published_time\" content=\"2020-07-18T18:54:34+00:00\" \/>\n<meta name=\"author\" content=\"Direcci\u00f3n de Comunicaciones Fiscal\u00eda General de la Naci\u00f3n\" \/>\n<meta name=\"twitter:card\" content=\"summary_large_image\" \/>\n<meta name=\"twitter:creator\" content=\"@FiscaliaCol\" \/>\n<meta name=\"twitter:site\" content=\"@FiscaliaCol\" \/>\n<meta name=\"twitter:label1\" content=\"Escrito por\" \/>\n\t<meta name=\"twitter:data1\" content=\"Direcci\u00f3n de Comunicaciones Fiscal\u00eda General de la Naci\u00f3n\" \/>\n\t<meta name=\"twitter:label2\" content=\"Tiempo de lectura\" \/>\n\t<meta name=\"twitter:data2\" content=\"2 minutos\" \/>\n<script type=\"application\/ld+json\" class=\"yoast-schema-graph\">{\"@context\":\"https:\/\/schema.org\",\"@graph\":[{\"@type\":\"Article\",\"@id\":\"https:\/\/www.fiscalia.gov.co\/colombia\/seccionales\/mas-de-40-judicializados-en-ofensiva-de-la-fiscalia-contra-estructuras-criminales-de-turbo-y-rionegro-antioquia\/#article\",\"isPartOf\":{\"@id\":\"https:\/\/www.fiscalia.gov.co\/colombia\/seccionales\/mas-de-40-judicializados-en-ofensiva-de-la-fiscalia-contra-estructuras-criminales-de-turbo-y-rionegro-antioquia\/\"},\"author\":{\"name\":\"Direcci\u00f3n de Comunicaciones Fiscal\u00eda General de la Naci\u00f3n\",\"@id\":\"https:\/\/www.fiscalia.gov.co\/colombia\/#\/schema\/person\/bf28d8ae7f1b287bbe3af484b04f43ea\"},\"headline\":\"M\u00e1s de 40 judicializados en ofensiva de la Fiscal\u00eda contra estructuras criminales de Turbo y Rionegro (Antioquia)\",\"datePublished\":\"2020-07-18T18:54:34+00:00\",\"dateModified\":\"2020-07-18T18:54:34+00:00\",\"mainEntityOfPage\":{\"@id\":\"https:\/\/www.fiscalia.gov.co\/colombia\/seccionales\/mas-de-40-judicializados-en-ofensiva-de-la-fiscalia-contra-estructuras-criminales-de-turbo-y-rionegro-antioquia\/\"},\"wordCount\":475,\"publisher\":{\"@id\":\"https:\/\/www.fiscalia.gov.co\/colombia\/#organization\"},\"articleSection\":[\"Seccional Antioquia\",\"Seccionales\",\"Seguridad territorial\"],\"inLanguage\":\"es-CO\"},{\"@type\":\"WebPage\",\"@id\":\"https:\/\/www.fiscalia.gov.co\/colombia\/seccionales\/mas-de-40-judicializados-en-ofensiva-de-la-fiscalia-contra-estructuras-criminales-de-turbo-y-rionegro-antioquia\/\",\"url\":\"https:\/\/www.fiscalia.gov.co\/colombia\/seccionales\/mas-de-40-judicializados-en-ofensiva-de-la-fiscalia-contra-estructuras-criminales-de-turbo-y-rionegro-antioquia\/\",\"name\":\"Fiscal\u00eda General de la Naci\u00f3n\",\"isPartOf\":{\"@id\":\"https:\/\/www.fiscalia.gov.co\/colombia\/#website\"},\"datePublished\":\"2020-07-18T18:54:34+00:00\",\"dateModified\":\"2020-07-18T18:54:34+00:00\",\"description\":\"P\u00e1gina oficial de la Fiscal\u00eda General de la Naci\u00f3n \u2013 Colombia. Garantizamos el acceso efectivo a la justicia, la verdad y la reparaci\u00f3n de las v\u00edctimas de los delitos.\",\"breadcrumb\":{\"@id\":\"https:\/\/www.fiscalia.gov.co\/colombia\/seccionales\/mas-de-40-judicializados-en-ofensiva-de-la-fiscalia-contra-estructuras-criminales-de-turbo-y-rionegro-antioquia\/#breadcrumb\"},\"inLanguage\":\"es-CO\",\"potentialAction\":[{\"@type\":\"ReadAction\",\"target\":[\"https:\/\/www.fiscalia.gov.co\/colombia\/seccionales\/mas-de-40-judicializados-en-ofensiva-de-la-fiscalia-contra-estructuras-criminales-de-turbo-y-rionegro-antioquia\/\"]}]},{\"@type\":\"BreadcrumbList\",\"@id\":\"https:\/\/www.fiscalia.gov.co\/colombia\/seccionales\/mas-de-40-judicializados-en-ofensiva-de-la-fiscalia-contra-estructuras-criminales-de-turbo-y-rionegro-antioquia\/#breadcrumb\",\"itemListElement\":[{\"@type\":\"ListItem\",\"position\":1,\"name\":\"Home\",\"item\":\"https:\/\/www.fiscalia.gov.co\/colombia\/\"},{\"@type\":\"ListItem\",\"position\":2,\"name\":\"M\u00e1s de 40 judicializados en ofensiva de la Fiscal\u00eda contra estructuras criminales de Turbo y Rionegro (Antioquia)\"}]},{\"@type\":\"WebSite\",\"@id\":\"https:\/\/www.fiscalia.gov.co\/colombia\/#website\",\"url\":\"https:\/\/www.fiscalia.gov.co\/colombia\/\",\"name\":\"Fiscal\u00eda General de la Naci\u00f3n\",\"description\":\"P\u00e1gina oficial de la Fiscal\u00eda General de la Naci\u00f3n \u2013 Colombia. Garantizamos el acceso efectivo a la justicia, la verdad y la reparaci\u00f3n de las v\u00edctimas de los delitos.\",\"publisher\":{\"@id\":\"https:\/\/www.fiscalia.gov.co\/colombia\/#organization\"},\"potentialAction\":[{\"@type\":\"SearchAction\",\"target\":{\"@type\":\"EntryPoint\",\"urlTemplate\":\"https:\/\/www.fiscalia.gov.co\/colombia\/?s={search_term_string}\"},\"query-input\":{\"@type\":\"PropertyValueSpecification\",\"valueRequired\":true,\"valueName\":\"search_term_string\"}}],\"inLanguage\":\"es-CO\"},{\"@type\":\"Organization\",\"@id\":\"https:\/\/www.fiscalia.gov.co\/colombia\/#organization\",\"name\":\"Fiscal\u00eda General de la Naci\u00f3n\",\"url\":\"https:\/\/www.fiscalia.gov.co\/colombia\/\",\"logo\":{\"@type\":\"ImageObject\",\"inLanguage\":\"es-CO\",\"@id\":\"https:\/\/www.fiscalia.gov.co\/colombia\/#\/schema\/logo\/image\/\",\"url\":\"https:\/\/www.fiscalia.gov.co\/colombia\/wp-content\/uploads\/LogoHorizontal_1.jpg\",\"contentUrl\":\"https:\/\/www.fiscalia.gov.co\/colombia\/wp-content\/uploads\/LogoHorizontal_1.jpg\",\"width\":300,\"height\":90,\"caption\":\"Fiscal\u00eda General de la Naci\u00f3n\"},\"image\":{\"@id\":\"https:\/\/www.fiscalia.gov.co\/colombia\/#\/schema\/logo\/image\/\"},\"sameAs\":[\"https:\/\/www.facebook.com\/FiscaliaCol\",\"https:\/\/x.com\/FiscaliaCol\",\"https:\/\/www.instagram.com\/fiscaliacol\",\"https:\/\/www.linkedin.com\/company\/fiscalia-general-de-la-naci-n\/\",\"https:\/\/youtube.com\/@fiscaliageneraldelanacion-4668?si=6nN79nyQICPU5iTh\"]},{\"@type\":\"Person\",\"@id\":\"https:\/\/www.fiscalia.gov.co\/colombia\/#\/schema\/person\/bf28d8ae7f1b287bbe3af484b04f43ea\",\"name\":\"Direcci\u00f3n de Comunicaciones Fiscal\u00eda General de la Naci\u00f3n\",\"image\":{\"@type\":\"ImageObject\",\"inLanguage\":\"es-CO\",\"@id\":\"https:\/\/www.fiscalia.gov.co\/colombia\/#\/schema\/person\/image\/\",\"url\":\"https:\/\/secure.gravatar.com\/avatar\/9d55ae161d32da16dbdd0b380c080a5f?s=96&d=mm&r=g\",\"contentUrl\":\"https:\/\/secure.gravatar.com\/avatar\/9d55ae161d32da16dbdd0b380c080a5f?s=96&d=mm&r=g\",\"caption\":\"Direcci\u00f3n de Comunicaciones Fiscal\u00eda General de la Naci\u00f3n\"},\"url\":\"https:\/\/www.fiscalia.gov.co\/colombia\/author\/kbonilla\/\"}]}<\/script>\n<!-- \/ Yoast SEO plugin. -->","yoast_head_json":{"title":"Fiscal\u00eda General de la Naci\u00f3n","description":"P\u00e1gina oficial de la Fiscal\u00eda General de la Naci\u00f3n \u2013 Colombia. Garantizamos el acceso efectivo a la justicia, la verdad y la reparaci\u00f3n de las v\u00edctimas de los delitos.","robots":{"index":"noindex","follow":"follow"},"og_locale":"es_ES","og_type":"article","og_title":"Fiscal\u00eda General de la Naci\u00f3n","og_description":"P\u00e1gina oficial de la Fiscal\u00eda General de la Naci\u00f3n \u2013 Colombia. Garantizamos el acceso efectivo a la justicia, la verdad y la reparaci\u00f3n de las v\u00edctimas de los delitos.","og_url":"https:\/\/www.fiscalia.gov.co\/colombia\/seccionales\/mas-de-40-judicializados-en-ofensiva-de-la-fiscalia-contra-estructuras-criminales-de-turbo-y-rionegro-antioquia\/","og_site_name":"Fiscal\u00eda General de la Naci\u00f3n","article_publisher":"https:\/\/www.facebook.com\/FiscaliaCol","article_published_time":"2020-07-18T18:54:34+00:00","author":"Direcci\u00f3n de Comunicaciones Fiscal\u00eda General de la Naci\u00f3n","twitter_card":"summary_large_image","twitter_creator":"@FiscaliaCol","twitter_site":"@FiscaliaCol","twitter_misc":{"Escrito por":"Direcci\u00f3n de Comunicaciones Fiscal\u00eda General de la Naci\u00f3n","Tiempo de lectura":"2 minutos"},"schema":{"@context":"https:\/\/schema.org","@graph":[{"@type":"Article","@id":"https:\/\/www.fiscalia.gov.co\/colombia\/seccionales\/mas-de-40-judicializados-en-ofensiva-de-la-fiscalia-contra-estructuras-criminales-de-turbo-y-rionegro-antioquia\/#article","isPartOf":{"@id":"https:\/\/www.fiscalia.gov.co\/colombia\/seccionales\/mas-de-40-judicializados-en-ofensiva-de-la-fiscalia-contra-estructuras-criminales-de-turbo-y-rionegro-antioquia\/"},"author":{"name":"Direcci\u00f3n de Comunicaciones Fiscal\u00eda General de la Naci\u00f3n","@id":"https:\/\/www.fiscalia.gov.co\/colombia\/#\/schema\/person\/bf28d8ae7f1b287bbe3af484b04f43ea"},"headline":"M\u00e1s de 40 judicializados en ofensiva de la Fiscal\u00eda contra estructuras criminales de Turbo y Rionegro (Antioquia)","datePublished":"2020-07-18T18:54:34+00:00","dateModified":"2020-07-18T18:54:34+00:00","mainEntityOfPage":{"@id":"https:\/\/www.fiscalia.gov.co\/colombia\/seccionales\/mas-de-40-judicializados-en-ofensiva-de-la-fiscalia-contra-estructuras-criminales-de-turbo-y-rionegro-antioquia\/"},"wordCount":475,"publisher":{"@id":"https:\/\/www.fiscalia.gov.co\/colombia\/#organization"},"articleSection":["Seccional Antioquia","Seccionales","Seguridad territorial"],"inLanguage":"es-CO"},{"@type":"WebPage","@id":"https:\/\/www.fiscalia.gov.co\/colombia\/seccionales\/mas-de-40-judicializados-en-ofensiva-de-la-fiscalia-contra-estructuras-criminales-de-turbo-y-rionegro-antioquia\/","url":"https:\/\/www.fiscalia.gov.co\/colombia\/seccionales\/mas-de-40-judicializados-en-ofensiva-de-la-fiscalia-contra-estructuras-criminales-de-turbo-y-rionegro-antioquia\/","name":"Fiscal\u00eda General de la Naci\u00f3n","isPartOf":{"@id":"https:\/\/www.fiscalia.gov.co\/colombia\/#website"},"datePublished":"2020-07-18T18:54:34+00:00","dateModified":"2020-07-18T18:54:34+00:00","description":"P\u00e1gina oficial de la Fiscal\u00eda General de la Naci\u00f3n \u2013 Colombia. Garantizamos el acceso efectivo a la justicia, la verdad y la reparaci\u00f3n de las v\u00edctimas de los delitos.","breadcrumb":{"@id":"https:\/\/www.fiscalia.gov.co\/colombia\/seccionales\/mas-de-40-judicializados-en-ofensiva-de-la-fiscalia-contra-estructuras-criminales-de-turbo-y-rionegro-antioquia\/#breadcrumb"},"inLanguage":"es-CO","potentialAction":[{"@type":"ReadAction","target":["https:\/\/www.fiscalia.gov.co\/colombia\/seccionales\/mas-de-40-judicializados-en-ofensiva-de-la-fiscalia-contra-estructuras-criminales-de-turbo-y-rionegro-antioquia\/"]}]},{"@type":"BreadcrumbList","@id":"https:\/\/www.fiscalia.gov.co\/colombia\/seccionales\/mas-de-40-judicializados-en-ofensiva-de-la-fiscalia-contra-estructuras-criminales-de-turbo-y-rionegro-antioquia\/#breadcrumb","itemListElement":[{"@type":"ListItem","position":1,"name":"Home","item":"https:\/\/www.fiscalia.gov.co\/colombia\/"},{"@type":"ListItem","position":2,"name":"M\u00e1s de 40 judicializados en ofensiva de la Fiscal\u00eda contra estructuras criminales de Turbo y Rionegro (Antioquia)"}]},{"@type":"WebSite","@id":"https:\/\/www.fiscalia.gov.co\/colombia\/#website","url":"https:\/\/www.fiscalia.gov.co\/colombia\/","name":"Fiscal\u00eda General de la Naci\u00f3n","description":"P\u00e1gina oficial de la Fiscal\u00eda General de la Naci\u00f3n \u2013 Colombia. Garantizamos el acceso efectivo a la justicia, la verdad y la reparaci\u00f3n de las v\u00edctimas de los delitos.","publisher":{"@id":"https:\/\/www.fiscalia.gov.co\/colombia\/#organization"},"potentialAction":[{"@type":"SearchAction","target":{"@type":"EntryPoint","urlTemplate":"https:\/\/www.fiscalia.gov.co\/colombia\/?s={search_term_string}"},"query-input":{"@type":"PropertyValueSpecification","valueRequired":true,"valueName":"search_term_string"}}],"inLanguage":"es-CO"},{"@type":"Organization","@id":"https:\/\/www.fiscalia.gov.co\/colombia\/#organization","name":"Fiscal\u00eda General de la Naci\u00f3n","url":"https:\/\/www.fiscalia.gov.co\/colombia\/","logo":{"@type":"ImageObject","inLanguage":"es-CO","@id":"https:\/\/www.fiscalia.gov.co\/colombia\/#\/schema\/logo\/image\/","url":"https:\/\/www.fiscalia.gov.co\/colombia\/wp-content\/uploads\/LogoHorizontal_1.jpg","contentUrl":"https:\/\/www.fiscalia.gov.co\/colombia\/wp-content\/uploads\/LogoHorizontal_1.jpg","width":300,"height":90,"caption":"Fiscal\u00eda General de la Naci\u00f3n"},"image":{"@id":"https:\/\/www.fiscalia.gov.co\/colombia\/#\/schema\/logo\/image\/"},"sameAs":["https:\/\/www.facebook.com\/FiscaliaCol","https:\/\/x.com\/FiscaliaCol","https:\/\/www.instagram.com\/fiscaliacol","https:\/\/www.linkedin.com\/company\/fiscalia-general-de-la-naci-n\/","https:\/\/youtube.com\/@fiscaliageneraldelanacion-4668?si=6nN79nyQICPU5iTh"]},{"@type":"Person","@id":"https:\/\/www.fiscalia.gov.co\/colombia\/#\/schema\/person\/bf28d8ae7f1b287bbe3af484b04f43ea","name":"Direcci\u00f3n de Comunicaciones Fiscal\u00eda General de la Naci\u00f3n","image":{"@type":"ImageObject","inLanguage":"es-CO","@id":"https:\/\/www.fiscalia.gov.co\/colombia\/#\/schema\/person\/image\/","url":"https:\/\/secure.gravatar.com\/avatar\/9d55ae161d32da16dbdd0b380c080a5f?s=96&d=mm&r=g","contentUrl":"https:\/\/secure.gravatar.com\/avatar\/9d55ae161d32da16dbdd0b380c080a5f?s=96&d=mm&r=g","caption":"Direcci\u00f3n de Comunicaciones Fiscal\u00eda General de la Naci\u00f3n"},"url":"https:\/\/www.fiscalia.gov.co\/colombia\/author\/kbonilla\/"}]}},"_links":{"self":[{"href":"https:\/\/www.fiscalia.gov.co\/colombia\/wp-json\/wp\/v2\/posts\/197836","targetHints":{"allow":["GET"]}}],"collection":[{"href":"https:\/\/www.fiscalia.gov.co\/colombia\/wp-json\/wp\/v2\/posts"}],"about":[{"href":"https:\/\/www.fiscalia.gov.co\/colombia\/wp-json\/wp\/v2\/types\/post"}],"author":[{"embeddable":true,"href":"https:\/\/www.fiscalia.gov.co\/colombia\/wp-json\/wp\/v2\/users\/162"}],"replies":[{"embeddable":true,"href":"https:\/\/www.fiscalia.gov.co\/colombia\/wp-json\/wp\/v2\/comments?post=197836"}],"version-history":[{"count":1,"href":"https:\/\/www.fiscalia.gov.co\/colombia\/wp-json\/wp\/v2\/posts\/197836\/revisions"}],"predecessor-version":[{"id":197837,"href":"https:\/\/www.fiscalia.gov.co\/colombia\/wp-json\/wp\/v2\/posts\/197836\/revisions\/197837"}],"wp:attachment":[{"href":"https:\/\/www.fiscalia.gov.co\/colombia\/wp-json\/wp\/v2\/media?parent=197836"}],"wp:term":[{"taxonomy":"category","embeddable":true,"href":"https:\/\/www.fiscalia.gov.co\/colombia\/wp-json\/wp\/v2\/categories?post=197836"},{"taxonomy":"post_tag","embeddable":true,"href":"https:\/\/www.fiscalia.gov.co\/colombia\/wp-json\/wp\/v2\/tags?post=197836"}],"curies":[{"name":"wp","href":"https:\/\/api.w.org\/{rel}","templated":true}]}}