{"id":197638,"date":"2020-07-15T16:17:00","date_gmt":"2020-07-15T21:17:00","guid":{"rendered":"https:\/\/www.fiscalia.gov.co\/colombia\/?p=197638"},"modified":"2020-07-15T16:17:00","modified_gmt":"2020-07-15T21:17:00","slug":"carcel-para-un-concejal-y-cinco-presuntos-integrantes-del-clan-del-golfo-por-afectaciones-criminales-contra-defensores-de-derechos-humanos-en-choco","status":"publish","type":"post","link":"https:\/\/www.fiscalia.gov.co\/colombia\/defensores\/carcel-para-un-concejal-y-cinco-presuntos-integrantes-del-clan-del-golfo-por-afectaciones-criminales-contra-defensores-de-derechos-humanos-en-choco\/","title":{"rendered":"C\u00e1rcel para un concejal y cinco presuntos integrantes del &#8216;Clan del Golfo&#8217; por afectaciones criminales contra defensores de derechos humanos en Choc\u00f3"},"content":{"rendered":"<p>Las acciones investigativas definidas por la Fiscal\u00eda General de la Naci\u00f3n para afectar las estructuras criminales responsables de cr\u00edmenes y afectaciones contra los defensores de derechos humanos y reincorporados permitieron identificar y capturar a seis personas que cumplir\u00edan diferentes roles en el denominado frente Pablo Jos\u00e9 Montalvo Cuitiva del \u2018Clan del Golfo\u2019.<\/p>\n<p>A los detenidos, un fiscal de la Unidad Especial de Investigaci\u00f3n (UEI) les imput\u00f3 los delitos de concierto para delinquir y tr\u00e1fico de estupefacientes. De igual manera, solicit\u00f3 medida de aseguramiento en centro carcelario, petici\u00f3n que fue aceptada por el juez de control de garant\u00edas.<\/p>\n<p>Los procesados son:<\/p>\n<p>\u00b7 Ever Garc\u00eda Santos, concejal de Riosucio (Choc\u00f3). De acuerdo con el material probatorio, esta persona es conocida con el alias de Mario y ser\u00eda la responsable del cobro de extorsiones a comerciantes y contratistas, y de alertar a la organizaci\u00f3n criminal sobre los movimientos de la fuerza p\u00fablica. Por servir de auxiliador del \u2018Clan del Golfo\u2019, supuestamente, recib\u00eda una asignaci\u00f3n mensual de $2\u00b4500.000.<\/p>\n<p>\u00b7 Elkin Ortiz Hinestroza, alias \u2018Ara\u00f1a\u2019, cabecilla de compa\u00f1\u00eda del Frente Pablo Jos\u00e9 Montalvo Cuitiva del Clan del Golfo.<\/p>\n<p>\u00b7 Am\u00e9rico Paz Torres, alias \u2018Merico\u201d, quien controlar\u00eda el tr\u00e1fico de estupefacientes para financiar las actividades criminales de la organizaci\u00f3n.<\/p>\n<p>\u00b7 Antonio Paz Torres, presunto propietario de laboratorios de producci\u00f3n de coca\u00edna en la regi\u00f3n del Dari\u00e9n chocoano.<\/p>\n<p>\u00b7 Iv\u00e1n Paz Torres, se\u00f1alado de comprar insumos para el procesamiento de clorhidrato de coca\u00edna.<\/p>\n<p>\u00b7 Emiro Paz Torres, alias \u2018Mi\u00f1on\u2019. Los elementos dan cuenta de que ser\u00eda el encargado de coordinar la salida de droga hacia Panam\u00e1 y Guatemala.<\/p>\n<p>Este resultado judicial hace parte del \u2018Proyecto Riosucio Choc\u00f3\u2019, definido para avanzar en la investigaci\u00f3n y esclarecimiento del homicidio del l\u00edder ind\u00edgena Aquileito Mecheche, ocurrido el 30 de marzo de 2019, en Riosucio (Choc\u00f3).<\/p>\n<p>En este proceso, la Fiscal\u00eda General de la Naci\u00f3n ha logrado la captura y judicializaci\u00f3n de 15 supuestos integrantes del \u2018Clan del Golfo\u2019, dos de los cuales eran jefes de estructura.<\/p>\n<p>Asimismo, la Unidad Especial de Investigaci\u00f3n vincul\u00f3 a los integrantes de la subestructura Pablo Jos\u00e9 Montalvo a 14 afectaciones criminales contra defensores de derechos humanos y reincorporados de las Farc.<\/p>\n<p><strong>En cifras<\/strong><\/p>\n<p>La Fiscal\u00eda General de la Naci\u00f3n ha esclarecido el 55.15 % de los homicidios contra defensores de derechos humanos y 47% de los cr\u00edmenes contra reincorporados de las Farc.<\/p>\n<p>La Fiscal\u00eda General de la Naci\u00f3n hace p\u00fablica esta informaci\u00f3n por razones de inter\u00e9s general.<\/p>\n<p>&nbsp;<\/p>\n<p>LCHG\/JARG<\/p>\n\n<div class=\"twitter-share\"><a href=\"https:\/\/twitter.com\/intent\/tweet?via=fiscaliacol\" class=\"twitter-share-button\">Tweet<\/a><\/div>\n","protected":false},"excerpt":{"rendered":"<p>Las acciones investigativas definidas por la Fiscal\u00eda General de la Naci\u00f3n para afectar las estructuras criminales responsables de cr\u00edmenes y afectaciones contra los defensores de derechos humanos y reincorporados permitieron identificar y capturar a seis personas que cumplir\u00edan diferentes roles en el denominado frente Pablo Jos\u00e9 Montalvo Cuitiva del \u2018Clan del Golfo\u2019. A los detenidos, [&hellip;]<\/p>\n","protected":false},"author":162,"featured_media":0,"comment_status":"closed","ping_status":"open","sticky":false,"template":"","format":"standard","meta":{"_price":"","_stock":"","_tribe_ticket_header":"","_tribe_default_ticket_provider":"","_tribe_ticket_capacity":"0","_ticket_start_date":"","_ticket_end_date":"","_tribe_ticket_show_description":"","_tribe_ticket_show_not_going":false,"_tribe_ticket_use_global_stock":"","_tribe_ticket_global_stock_level":"","_global_stock_mode":"","_global_stock_cap":"","_tribe_rsvp_for_event":"","_tribe_ticket_going_count":"","_tribe_ticket_not_going_count":"","_tribe_tickets_list":"[]","_tribe_ticket_has_attendee_info_fields":false,"tdm_status":"","tdm_grid_status":"","footnotes":""},"categories":[24176,1],"tags":[],"class_list":{"0":"post-197638","1":"post","2":"type-post","3":"status-publish","4":"format-standard","6":"category-defensores","7":"category-noticias"},"yoast_head":"<!-- This site is optimized with the Yoast SEO plugin v24.3 - https:\/\/yoast.com\/wordpress\/plugins\/seo\/ -->\n<title>Fiscal\u00eda General de la Naci\u00f3n<\/title>\n<meta name=\"description\" content=\"P\u00e1gina oficial de la Fiscal\u00eda General de la Naci\u00f3n \u2013 Colombia. Garantizamos el acceso efectivo a la justicia, la verdad y la reparaci\u00f3n de las v\u00edctimas de los delitos.\" \/>\n<meta name=\"robots\" content=\"noindex, follow\" \/>\n<meta property=\"og:locale\" content=\"es_ES\" \/>\n<meta property=\"og:type\" content=\"article\" \/>\n<meta property=\"og:title\" content=\"Fiscal\u00eda General de la Naci\u00f3n\" \/>\n<meta property=\"og:description\" content=\"P\u00e1gina oficial de la Fiscal\u00eda General de la Naci\u00f3n \u2013 Colombia. Garantizamos el acceso efectivo a la justicia, la verdad y la reparaci\u00f3n de las v\u00edctimas de los delitos.\" \/>\n<meta property=\"og:url\" content=\"https:\/\/www.fiscalia.gov.co\/colombia\/defensores\/carcel-para-un-concejal-y-cinco-presuntos-integrantes-del-clan-del-golfo-por-afectaciones-criminales-contra-defensores-de-derechos-humanos-en-choco\/\" \/>\n<meta property=\"og:site_name\" content=\"Fiscal\u00eda General de la Naci\u00f3n\" \/>\n<meta property=\"article:publisher\" content=\"https:\/\/www.facebook.com\/FiscaliaCol\" \/>\n<meta property=\"article:published_time\" content=\"2020-07-15T21:17:00+00:00\" \/>\n<meta name=\"author\" content=\"Direcci\u00f3n de Comunicaciones Fiscal\u00eda General de la Naci\u00f3n\" \/>\n<meta name=\"twitter:card\" content=\"summary_large_image\" \/>\n<meta name=\"twitter:creator\" content=\"@FiscaliaCol\" \/>\n<meta name=\"twitter:site\" content=\"@FiscaliaCol\" \/>\n<meta name=\"twitter:label1\" content=\"Escrito por\" \/>\n\t<meta name=\"twitter:data1\" content=\"Direcci\u00f3n de Comunicaciones Fiscal\u00eda General de la Naci\u00f3n\" \/>\n\t<meta name=\"twitter:label2\" content=\"Tiempo de lectura\" \/>\n\t<meta name=\"twitter:data2\" content=\"2 minutos\" \/>\n<script type=\"application\/ld+json\" class=\"yoast-schema-graph\">{\"@context\":\"https:\/\/schema.org\",\"@graph\":[{\"@type\":\"Article\",\"@id\":\"https:\/\/www.fiscalia.gov.co\/colombia\/defensores\/carcel-para-un-concejal-y-cinco-presuntos-integrantes-del-clan-del-golfo-por-afectaciones-criminales-contra-defensores-de-derechos-humanos-en-choco\/#article\",\"isPartOf\":{\"@id\":\"https:\/\/www.fiscalia.gov.co\/colombia\/defensores\/carcel-para-un-concejal-y-cinco-presuntos-integrantes-del-clan-del-golfo-por-afectaciones-criminales-contra-defensores-de-derechos-humanos-en-choco\/\"},\"author\":{\"name\":\"Direcci\u00f3n de Comunicaciones Fiscal\u00eda General de la Naci\u00f3n\",\"@id\":\"https:\/\/www.fiscalia.gov.co\/colombia\/#\/schema\/person\/bf28d8ae7f1b287bbe3af484b04f43ea\"},\"headline\":\"C\u00e1rcel para un concejal y cinco presuntos integrantes del &#8216;Clan del Golfo&#8217; por afectaciones criminales contra defensores de derechos humanos en Choc\u00f3\",\"datePublished\":\"2020-07-15T21:17:00+00:00\",\"dateModified\":\"2020-07-15T21:17:00+00:00\",\"mainEntityOfPage\":{\"@id\":\"https:\/\/www.fiscalia.gov.co\/colombia\/defensores\/carcel-para-un-concejal-y-cinco-presuntos-integrantes-del-clan-del-golfo-por-afectaciones-criminales-contra-defensores-de-derechos-humanos-en-choco\/\"},\"wordCount\":458,\"publisher\":{\"@id\":\"https:\/\/www.fiscalia.gov.co\/colombia\/#organization\"},\"articleSection\":[\"Defensores\",\"Noticias\"],\"inLanguage\":\"es-CO\"},{\"@type\":\"WebPage\",\"@id\":\"https:\/\/www.fiscalia.gov.co\/colombia\/defensores\/carcel-para-un-concejal-y-cinco-presuntos-integrantes-del-clan-del-golfo-por-afectaciones-criminales-contra-defensores-de-derechos-humanos-en-choco\/\",\"url\":\"https:\/\/www.fiscalia.gov.co\/colombia\/defensores\/carcel-para-un-concejal-y-cinco-presuntos-integrantes-del-clan-del-golfo-por-afectaciones-criminales-contra-defensores-de-derechos-humanos-en-choco\/\",\"name\":\"Fiscal\u00eda General de la Naci\u00f3n\",\"isPartOf\":{\"@id\":\"https:\/\/www.fiscalia.gov.co\/colombia\/#website\"},\"datePublished\":\"2020-07-15T21:17:00+00:00\",\"dateModified\":\"2020-07-15T21:17:00+00:00\",\"description\":\"P\u00e1gina oficial de la Fiscal\u00eda General de la Naci\u00f3n \u2013 Colombia. Garantizamos el acceso efectivo a la justicia, la verdad y la reparaci\u00f3n de las v\u00edctimas de los delitos.\",\"breadcrumb\":{\"@id\":\"https:\/\/www.fiscalia.gov.co\/colombia\/defensores\/carcel-para-un-concejal-y-cinco-presuntos-integrantes-del-clan-del-golfo-por-afectaciones-criminales-contra-defensores-de-derechos-humanos-en-choco\/#breadcrumb\"},\"inLanguage\":\"es-CO\",\"potentialAction\":[{\"@type\":\"ReadAction\",\"target\":[\"https:\/\/www.fiscalia.gov.co\/colombia\/defensores\/carcel-para-un-concejal-y-cinco-presuntos-integrantes-del-clan-del-golfo-por-afectaciones-criminales-contra-defensores-de-derechos-humanos-en-choco\/\"]}]},{\"@type\":\"BreadcrumbList\",\"@id\":\"https:\/\/www.fiscalia.gov.co\/colombia\/defensores\/carcel-para-un-concejal-y-cinco-presuntos-integrantes-del-clan-del-golfo-por-afectaciones-criminales-contra-defensores-de-derechos-humanos-en-choco\/#breadcrumb\",\"itemListElement\":[{\"@type\":\"ListItem\",\"position\":1,\"name\":\"Home\",\"item\":\"https:\/\/www.fiscalia.gov.co\/colombia\/\"},{\"@type\":\"ListItem\",\"position\":2,\"name\":\"C\u00e1rcel para un concejal y cinco presuntos integrantes del &#8216;Clan del Golfo&#8217; por afectaciones criminales contra defensores de derechos humanos en Choc\u00f3\"}]},{\"@type\":\"WebSite\",\"@id\":\"https:\/\/www.fiscalia.gov.co\/colombia\/#website\",\"url\":\"https:\/\/www.fiscalia.gov.co\/colombia\/\",\"name\":\"Fiscal\u00eda General de la Naci\u00f3n\",\"description\":\"P\u00e1gina oficial de la Fiscal\u00eda General de la Naci\u00f3n \u2013 Colombia. Garantizamos el acceso efectivo a la justicia, la verdad y la reparaci\u00f3n de las v\u00edctimas de los delitos.\",\"publisher\":{\"@id\":\"https:\/\/www.fiscalia.gov.co\/colombia\/#organization\"},\"potentialAction\":[{\"@type\":\"SearchAction\",\"target\":{\"@type\":\"EntryPoint\",\"urlTemplate\":\"https:\/\/www.fiscalia.gov.co\/colombia\/?s={search_term_string}\"},\"query-input\":{\"@type\":\"PropertyValueSpecification\",\"valueRequired\":true,\"valueName\":\"search_term_string\"}}],\"inLanguage\":\"es-CO\"},{\"@type\":\"Organization\",\"@id\":\"https:\/\/www.fiscalia.gov.co\/colombia\/#organization\",\"name\":\"Fiscal\u00eda General de la Naci\u00f3n\",\"url\":\"https:\/\/www.fiscalia.gov.co\/colombia\/\",\"logo\":{\"@type\":\"ImageObject\",\"inLanguage\":\"es-CO\",\"@id\":\"https:\/\/www.fiscalia.gov.co\/colombia\/#\/schema\/logo\/image\/\",\"url\":\"https:\/\/www.fiscalia.gov.co\/colombia\/wp-content\/uploads\/LogoHorizontal_1.jpg\",\"contentUrl\":\"https:\/\/www.fiscalia.gov.co\/colombia\/wp-content\/uploads\/LogoHorizontal_1.jpg\",\"width\":300,\"height\":90,\"caption\":\"Fiscal\u00eda General de la Naci\u00f3n\"},\"image\":{\"@id\":\"https:\/\/www.fiscalia.gov.co\/colombia\/#\/schema\/logo\/image\/\"},\"sameAs\":[\"https:\/\/www.facebook.com\/FiscaliaCol\",\"https:\/\/x.com\/FiscaliaCol\",\"https:\/\/www.instagram.com\/fiscaliacol\",\"https:\/\/www.linkedin.com\/company\/fiscalia-general-de-la-naci-n\/\",\"https:\/\/youtube.com\/@fiscaliageneraldelanacion-4668?si=6nN79nyQICPU5iTh\"]},{\"@type\":\"Person\",\"@id\":\"https:\/\/www.fiscalia.gov.co\/colombia\/#\/schema\/person\/bf28d8ae7f1b287bbe3af484b04f43ea\",\"name\":\"Direcci\u00f3n de Comunicaciones Fiscal\u00eda General de la Naci\u00f3n\",\"image\":{\"@type\":\"ImageObject\",\"inLanguage\":\"es-CO\",\"@id\":\"https:\/\/www.fiscalia.gov.co\/colombia\/#\/schema\/person\/image\/\",\"url\":\"https:\/\/secure.gravatar.com\/avatar\/9d55ae161d32da16dbdd0b380c080a5f?s=96&d=mm&r=g\",\"contentUrl\":\"https:\/\/secure.gravatar.com\/avatar\/9d55ae161d32da16dbdd0b380c080a5f?s=96&d=mm&r=g\",\"caption\":\"Direcci\u00f3n de Comunicaciones Fiscal\u00eda General de la Naci\u00f3n\"},\"url\":\"https:\/\/www.fiscalia.gov.co\/colombia\/author\/kbonilla\/\"}]}<\/script>\n<!-- \/ Yoast SEO plugin. -->","yoast_head_json":{"title":"Fiscal\u00eda General de la Naci\u00f3n","description":"P\u00e1gina oficial de la Fiscal\u00eda General de la Naci\u00f3n \u2013 Colombia. Garantizamos el acceso efectivo a la justicia, la verdad y la reparaci\u00f3n de las v\u00edctimas de los delitos.","robots":{"index":"noindex","follow":"follow"},"og_locale":"es_ES","og_type":"article","og_title":"Fiscal\u00eda General de la Naci\u00f3n","og_description":"P\u00e1gina oficial de la Fiscal\u00eda General de la Naci\u00f3n \u2013 Colombia. Garantizamos el acceso efectivo a la justicia, la verdad y la reparaci\u00f3n de las v\u00edctimas de los delitos.","og_url":"https:\/\/www.fiscalia.gov.co\/colombia\/defensores\/carcel-para-un-concejal-y-cinco-presuntos-integrantes-del-clan-del-golfo-por-afectaciones-criminales-contra-defensores-de-derechos-humanos-en-choco\/","og_site_name":"Fiscal\u00eda General de la Naci\u00f3n","article_publisher":"https:\/\/www.facebook.com\/FiscaliaCol","article_published_time":"2020-07-15T21:17:00+00:00","author":"Direcci\u00f3n de Comunicaciones Fiscal\u00eda General de la Naci\u00f3n","twitter_card":"summary_large_image","twitter_creator":"@FiscaliaCol","twitter_site":"@FiscaliaCol","twitter_misc":{"Escrito por":"Direcci\u00f3n de Comunicaciones Fiscal\u00eda General de la Naci\u00f3n","Tiempo de lectura":"2 minutos"},"schema":{"@context":"https:\/\/schema.org","@graph":[{"@type":"Article","@id":"https:\/\/www.fiscalia.gov.co\/colombia\/defensores\/carcel-para-un-concejal-y-cinco-presuntos-integrantes-del-clan-del-golfo-por-afectaciones-criminales-contra-defensores-de-derechos-humanos-en-choco\/#article","isPartOf":{"@id":"https:\/\/www.fiscalia.gov.co\/colombia\/defensores\/carcel-para-un-concejal-y-cinco-presuntos-integrantes-del-clan-del-golfo-por-afectaciones-criminales-contra-defensores-de-derechos-humanos-en-choco\/"},"author":{"name":"Direcci\u00f3n de Comunicaciones Fiscal\u00eda General de la Naci\u00f3n","@id":"https:\/\/www.fiscalia.gov.co\/colombia\/#\/schema\/person\/bf28d8ae7f1b287bbe3af484b04f43ea"},"headline":"C\u00e1rcel para un concejal y cinco presuntos integrantes del &#8216;Clan del Golfo&#8217; por afectaciones criminales contra defensores de derechos humanos en Choc\u00f3","datePublished":"2020-07-15T21:17:00+00:00","dateModified":"2020-07-15T21:17:00+00:00","mainEntityOfPage":{"@id":"https:\/\/www.fiscalia.gov.co\/colombia\/defensores\/carcel-para-un-concejal-y-cinco-presuntos-integrantes-del-clan-del-golfo-por-afectaciones-criminales-contra-defensores-de-derechos-humanos-en-choco\/"},"wordCount":458,"publisher":{"@id":"https:\/\/www.fiscalia.gov.co\/colombia\/#organization"},"articleSection":["Defensores","Noticias"],"inLanguage":"es-CO"},{"@type":"WebPage","@id":"https:\/\/www.fiscalia.gov.co\/colombia\/defensores\/carcel-para-un-concejal-y-cinco-presuntos-integrantes-del-clan-del-golfo-por-afectaciones-criminales-contra-defensores-de-derechos-humanos-en-choco\/","url":"https:\/\/www.fiscalia.gov.co\/colombia\/defensores\/carcel-para-un-concejal-y-cinco-presuntos-integrantes-del-clan-del-golfo-por-afectaciones-criminales-contra-defensores-de-derechos-humanos-en-choco\/","name":"Fiscal\u00eda General de la Naci\u00f3n","isPartOf":{"@id":"https:\/\/www.fiscalia.gov.co\/colombia\/#website"},"datePublished":"2020-07-15T21:17:00+00:00","dateModified":"2020-07-15T21:17:00+00:00","description":"P\u00e1gina oficial de la Fiscal\u00eda General de la Naci\u00f3n \u2013 Colombia. Garantizamos el acceso efectivo a la justicia, la verdad y la reparaci\u00f3n de las v\u00edctimas de los delitos.","breadcrumb":{"@id":"https:\/\/www.fiscalia.gov.co\/colombia\/defensores\/carcel-para-un-concejal-y-cinco-presuntos-integrantes-del-clan-del-golfo-por-afectaciones-criminales-contra-defensores-de-derechos-humanos-en-choco\/#breadcrumb"},"inLanguage":"es-CO","potentialAction":[{"@type":"ReadAction","target":["https:\/\/www.fiscalia.gov.co\/colombia\/defensores\/carcel-para-un-concejal-y-cinco-presuntos-integrantes-del-clan-del-golfo-por-afectaciones-criminales-contra-defensores-de-derechos-humanos-en-choco\/"]}]},{"@type":"BreadcrumbList","@id":"https:\/\/www.fiscalia.gov.co\/colombia\/defensores\/carcel-para-un-concejal-y-cinco-presuntos-integrantes-del-clan-del-golfo-por-afectaciones-criminales-contra-defensores-de-derechos-humanos-en-choco\/#breadcrumb","itemListElement":[{"@type":"ListItem","position":1,"name":"Home","item":"https:\/\/www.fiscalia.gov.co\/colombia\/"},{"@type":"ListItem","position":2,"name":"C\u00e1rcel para un concejal y cinco presuntos integrantes del &#8216;Clan del Golfo&#8217; por afectaciones criminales contra defensores de derechos humanos en Choc\u00f3"}]},{"@type":"WebSite","@id":"https:\/\/www.fiscalia.gov.co\/colombia\/#website","url":"https:\/\/www.fiscalia.gov.co\/colombia\/","name":"Fiscal\u00eda General de la Naci\u00f3n","description":"P\u00e1gina oficial de la Fiscal\u00eda General de la Naci\u00f3n \u2013 Colombia. Garantizamos el acceso efectivo a la justicia, la verdad y la reparaci\u00f3n de las v\u00edctimas de los delitos.","publisher":{"@id":"https:\/\/www.fiscalia.gov.co\/colombia\/#organization"},"potentialAction":[{"@type":"SearchAction","target":{"@type":"EntryPoint","urlTemplate":"https:\/\/www.fiscalia.gov.co\/colombia\/?s={search_term_string}"},"query-input":{"@type":"PropertyValueSpecification","valueRequired":true,"valueName":"search_term_string"}}],"inLanguage":"es-CO"},{"@type":"Organization","@id":"https:\/\/www.fiscalia.gov.co\/colombia\/#organization","name":"Fiscal\u00eda General de la Naci\u00f3n","url":"https:\/\/www.fiscalia.gov.co\/colombia\/","logo":{"@type":"ImageObject","inLanguage":"es-CO","@id":"https:\/\/www.fiscalia.gov.co\/colombia\/#\/schema\/logo\/image\/","url":"https:\/\/www.fiscalia.gov.co\/colombia\/wp-content\/uploads\/LogoHorizontal_1.jpg","contentUrl":"https:\/\/www.fiscalia.gov.co\/colombia\/wp-content\/uploads\/LogoHorizontal_1.jpg","width":300,"height":90,"caption":"Fiscal\u00eda General de la Naci\u00f3n"},"image":{"@id":"https:\/\/www.fiscalia.gov.co\/colombia\/#\/schema\/logo\/image\/"},"sameAs":["https:\/\/www.facebook.com\/FiscaliaCol","https:\/\/x.com\/FiscaliaCol","https:\/\/www.instagram.com\/fiscaliacol","https:\/\/www.linkedin.com\/company\/fiscalia-general-de-la-naci-n\/","https:\/\/youtube.com\/@fiscaliageneraldelanacion-4668?si=6nN79nyQICPU5iTh"]},{"@type":"Person","@id":"https:\/\/www.fiscalia.gov.co\/colombia\/#\/schema\/person\/bf28d8ae7f1b287bbe3af484b04f43ea","name":"Direcci\u00f3n de Comunicaciones Fiscal\u00eda General de la Naci\u00f3n","image":{"@type":"ImageObject","inLanguage":"es-CO","@id":"https:\/\/www.fiscalia.gov.co\/colombia\/#\/schema\/person\/image\/","url":"https:\/\/secure.gravatar.com\/avatar\/9d55ae161d32da16dbdd0b380c080a5f?s=96&d=mm&r=g","contentUrl":"https:\/\/secure.gravatar.com\/avatar\/9d55ae161d32da16dbdd0b380c080a5f?s=96&d=mm&r=g","caption":"Direcci\u00f3n de Comunicaciones Fiscal\u00eda General de la Naci\u00f3n"},"url":"https:\/\/www.fiscalia.gov.co\/colombia\/author\/kbonilla\/"}]}},"_links":{"self":[{"href":"https:\/\/www.fiscalia.gov.co\/colombia\/wp-json\/wp\/v2\/posts\/197638","targetHints":{"allow":["GET"]}}],"collection":[{"href":"https:\/\/www.fiscalia.gov.co\/colombia\/wp-json\/wp\/v2\/posts"}],"about":[{"href":"https:\/\/www.fiscalia.gov.co\/colombia\/wp-json\/wp\/v2\/types\/post"}],"author":[{"embeddable":true,"href":"https:\/\/www.fiscalia.gov.co\/colombia\/wp-json\/wp\/v2\/users\/162"}],"replies":[{"embeddable":true,"href":"https:\/\/www.fiscalia.gov.co\/colombia\/wp-json\/wp\/v2\/comments?post=197638"}],"version-history":[{"count":1,"href":"https:\/\/www.fiscalia.gov.co\/colombia\/wp-json\/wp\/v2\/posts\/197638\/revisions"}],"predecessor-version":[{"id":197639,"href":"https:\/\/www.fiscalia.gov.co\/colombia\/wp-json\/wp\/v2\/posts\/197638\/revisions\/197639"}],"wp:attachment":[{"href":"https:\/\/www.fiscalia.gov.co\/colombia\/wp-json\/wp\/v2\/media?parent=197638"}],"wp:term":[{"taxonomy":"category","embeddable":true,"href":"https:\/\/www.fiscalia.gov.co\/colombia\/wp-json\/wp\/v2\/categories?post=197638"},{"taxonomy":"post_tag","embeddable":true,"href":"https:\/\/www.fiscalia.gov.co\/colombia\/wp-json\/wp\/v2\/tags?post=197638"}],"curies":[{"name":"wp","href":"https:\/\/api.w.org\/{rel}","templated":true}]}}