{"id":197511,"date":"2020-07-14T09:47:54","date_gmt":"2020-07-14T14:47:54","guid":{"rendered":"https:\/\/www.fiscalia.gov.co\/colombia\/?p=197511"},"modified":"2020-07-14T09:47:54","modified_gmt":"2020-07-14T14:47:54","slug":"imputados-ex-jefe-paramilitar-alias-julian-bolivar-y-245-postulados-mas-del-bloque-central-bolivar-por-4-114-hechos-delictivos-en-el-marco-del-conflicto-armado","status":"publish","type":"post","link":"https:\/\/www.fiscalia.gov.co\/colombia\/justicia-transicional\/imputados-ex-jefe-paramilitar-alias-julian-bolivar-y-245-postulados-mas-del-bloque-central-bolivar-por-4-114-hechos-delictivos-en-el-marco-del-conflicto-armado\/","title":{"rendered":"Imputados ex jefe paramilitar alias Juli\u00e1n Bol\u00edvar y 245 postulados m\u00e1s del Bloque Central Bol\u00edvar por 4.114 hechos delictivos en el marco del conflicto armado"},"content":{"rendered":"<blockquote class=\"td_quote_box td_box_center\">\n<h4 dir=\"ltr\" style=\"text-align: left;\"><strong>Los hechos que se le atribuyen a esta estructura, cometidos entre 1994 y 2006, dejaron m\u00e1s de 5.700 v\u00edctimas en al menos 11 departamentos.\u00a0<\/strong><\/h4>\n<\/blockquote>\n<p dir=\"ltr\">Tras un a\u00f1o y medio de audiencias ante la Sala de Justicia y Paz del Tribunal Superior del Distrito Judicial de Bogot\u00e1, la Fiscal\u00eda General de la Naci\u00f3n culmin\u00f3 la etapa de formulaci\u00f3n y aceptaci\u00f3n de cargos en el proceso que adelanta en contra del ex comandante paramilitar Rodrigo P\u00e9rez Alzate, alias Juli\u00e1n Bol\u00edvar; y 245 postulados m\u00e1s del Bloque Central Bol\u00edvar (BCB).<\/p>\n<p dir=\"ltr\">La Direcci\u00f3n de Justicia Transicional, a trav\u00e9s de los fiscales encargados de investigar los hechos cometidos por el BCB de las Autodefensas Unidas de Colombia (AUC), busca garantizar los derechos a la verdad, la justicia y la reparaci\u00f3n de m\u00e1s de 5.700 v\u00edctimas.<\/p>\n<p dir=\"ltr\">Entre el 17 de enero de 2019 y el 10 de julio de 2020, el ente acusador formul\u00f3 4.114 cargos a los postulados, por delitos cometidos entre los a\u00f1os 1994 y 2006, en los departamentos de Santander, Norte de Santander, Bol\u00edvar, Antioquia, Boyac\u00e1, Caldas, Risaralda, Huila, Caquet\u00e1, Nari\u00f1o, y Putumayo.<\/p>\n<p dir=\"ltr\"><strong>Cronolog\u00eda de la imputaci\u00f3n<\/strong><\/p>\n<p dir=\"ltr\">En febrero y mayo de 2019 la Fiscal\u00eda formul\u00f3 1181 cargos por los delitos de exacciones (787), desplazamiento forzado (74), desaparici\u00f3n forzada (50), homicidio (231), otros delitos (29), todos cometidos en el departamento de Santander, en el per\u00edodo comprendido entre los a\u00f1os 2000 y 2006.<\/p>\n<p dir=\"ltr\">Otro despacho, en mayo, julio y septiembre de 2019, formul\u00f3 622 cargos por los delitos de desaparici\u00f3n forzada (182), desplazamiento forzado (182), homicidio (236), violencia basada en g\u00e9nero (45), reclutamiento il\u00edcito (21) y otros delitos (11), perpetrados en los departamentos de Bol\u00edvar (1998 a 2006) y Antioquia (1997 a 2005).<\/p>\n<p dir=\"ltr\">Tambi\u00e9n, en septiembre de 2019 y marzo de 2020, la Fiscal\u00eda formul\u00f3 1563 cargos por los delitos de homicidio (775), desaparici\u00f3n forzada (165), desplazamiento forzado (392), secuestro y otros (149), reclutamiento il\u00edcito (3), exacciones y apropiaci\u00f3n de bienes protegidos (60), violencia basada en g\u00e9nero (19) y desaparici\u00f3n forzada (16), ejecutados en los departamentos Santander, Boyac\u00e1, Norte de Santander, Caldas, Nari\u00f1o y Risaralda durante abril de 1994 y diciembre de 2005.<\/p>\n<p dir=\"ltr\">Adem\u00e1s, en los meses de marzo y mayo de 2020 el ente investigativo formul\u00f3 234 cargos por los delitos de desaparici\u00f3n forzada (74), homicidio (92), desplazamiento forzado (34), violencia basada en g\u00e9nero (1), reclutamiento il\u00edcito (2), tortura (10), otros delitos (18) y componente de verdad (3), cometidos en los departamentos de Caquet\u00e1 y Huila, desde agosto de 1997 hasta el 15 de febrero de 2006.<\/p>\n<p dir=\"ltr\">Por otra parte, durante los meses de mayo y julio de 2020, un fiscal delegado formul\u00f3 514 cargos a postulados del Frente Sur del Putumayo del Bloque Central Bol\u00edvar, por hechos relacionados con: homicidio (345), desaparici\u00f3n forzada (115), desplazamiento forzado (20), violencia basada en g\u00e9nero (19), reclutamiento il\u00edcito (1) y otros delitos (14), en los municipios de Puerto As\u00eds, Orito, Puerto Caicedo, Valle del Guamuez, San Miguel, Mocoa y Villa Garz\u00f3n (Putumayo), de abril de 1999 a marzo de 2006.<\/p>\n<p dir=\"ltr\"><strong>Hechos representativos<\/strong><\/p>\n<p dir=\"ltr\">Dentro de los casos que aceptaron los postulados durante las diligencias judiciales se encuentran:<\/p>\n<p dir=\"ltr\">\u2022\u00a0\u00a0\u00a0 Incursi\u00f3n vereda El Pi\u00f1al: ocurrida el 7 de agosto de 1999 en la citada vereda, ubicada en el corregimiento San Luis del municipio de Simit\u00ed (Bol\u00edvar). Este hecho dej\u00f3 como consecuencia seis personas muertas y 18 grupos familiares desplazados, compuestos por 73 personas aproximadamente, entre ni\u00f1os, mujeres y hombres.<\/p>\n<p dir=\"ltr\">\u2022\u00a0\u00a0\u00a0 Desplazamiento de profesores del municipio de Leiva (Nari\u00f1o): ocurrido en septiembre de 2002, cuando el comandante de los urbanos del Frente Brigadas Campesinas Antonio Nari\u00f1o, profiri\u00f3 amenazas contra ocho docentes, quienes fueron declarados objetivos militares por su supuesta militancia en el partido Uni\u00f3n Patri\u00f3tica (UP). Tal situaci\u00f3n oblig\u00f3 a las v\u00edctimas a solicitar la mediaci\u00f3n de la Gobernaci\u00f3n de Nari\u00f1o, entidad que dispuso el traslado de las mismas a la ciudad de Pasto.<\/p>\n<p dir=\"ltr\">\u2022\u00a0\u00a0\u00a0 Atentado Iglesia Cristiana: ocurrido el 4 de septiembre de 2004 en el municipio de Puerto As\u00eds (Putumayo). Este hecho dej\u00f3 como consecuencia 3 muertos, 14 personas heridas y una v\u00edctima de desplazamiento forzado.<\/p>\n<p dir=\"ltr\">\u2022\u00a0\u00a0\u00a0 Homicidios de tres personas pertenecientes al Resguardo Ind\u00edgena San Marcelino, perpetrados los a\u00f1os 2001, 2003 y 2005, en el municipio de San miguel (Putumayo).<\/p>\n<p dir=\"ltr\">\u2022\u00a0\u00a0\u00a0 19 casos de violencia basada en g\u00e9nero, cometidos por postulados del Frente Sur del Putumayo.<\/p>\n<p dir=\"ltr\">\u2022\u00a0\u00a0\u00a0 Homicidio de Juvenal Celis, militante de la Uni\u00f3n Patri\u00f3tica (UP), ocurrido el 30 de junio de 2002 en Florencia (Caquet\u00e1).<\/p>\n<p dir=\"ltr\">\u2022\u00a0\u00a0\u00a0 Homicidio de \u00d3scar Andr\u00e9s Lozada Cu\u00e9llar, militante de la Uni\u00f3n Patri\u00f3tica (UP), y desplazamiento forzado de su n\u00facleo familiar, ocurrido el 28 de julio de 2002 en Florencia (Caquet\u00e1).<\/p>\n<p dir=\"ltr\">\u2022\u00a0\u00a0\u00a0 Atentado cometido contra el jefe de la Sij\u00edn Caquet\u00e1, capit\u00e1n Alberto G\u00f3mez Luna, ocurrido el 26 de septiembre de 2002 en Florencia (Caquet\u00e1).<\/p>\n<p dir=\"ltr\">\u2022\u00a0\u00a0\u00a0 Homicidio del dragoneante del Instituto Nacional Penitenciario y Carcelario (Inpec), Mauricio Armando Ram\u00edrez Luna, ocurrido el 2 de abril de 2002 en Florencia (Caquet\u00e1).<\/p>\n<p dir=\"ltr\">\u2022\u00a0\u00a0\u00a0 Reclutamiento il\u00edcito de una menor de 13 a\u00f1os, madre soltera, ocurrido 1 de julio de 2003 en el corregimiento de Buena Vista del municipio de Santa Rosa del Sur (Bol\u00edvar).<\/p>\n<p dir=\"ltr\">\u2022\u00a0\u00a0\u00a0 Reclutamiento il\u00edcito de un menor de 14 a\u00f1os, ocurrido el d\u00eda 12 de febrero de 2004, en la vereda El Cinco, del municipio de Remedios (Antioquia).<\/p>\n<p dir=\"ltr\">La Fiscal\u00eda hace p\u00fablica esta informaci\u00f3n por considerarla de inter\u00e9s general.<\/p>\n<p>&nbsp;<\/p>\n<p dir=\"ltr\">DLBM<\/p>\n\n<div class=\"twitter-share\"><a href=\"https:\/\/twitter.com\/intent\/tweet?via=fiscaliacol\" class=\"twitter-share-button\">Tweet<\/a><\/div>\n","protected":false},"excerpt":{"rendered":"<p>Los hechos que se le atribuyen a esta estructura, cometidos entre 1994 y 2006, dejaron m\u00e1s de 5.700 v\u00edctimas en al menos 11 departamentos.\u00a0 Tras un a\u00f1o y medio de audiencias ante la Sala de Justicia y Paz del Tribunal Superior del Distrito Judicial de Bogot\u00e1, la Fiscal\u00eda General de la Naci\u00f3n culmin\u00f3 la etapa [&hellip;]<\/p>\n","protected":false},"author":162,"featured_media":0,"comment_status":"closed","ping_status":"open","sticky":false,"template":"","format":"standard","meta":{"_price":"","_stock":"","_tribe_ticket_header":"","_tribe_default_ticket_provider":"","_tribe_ticket_capacity":"0","_ticket_start_date":"","_ticket_end_date":"","_tribe_ticket_show_description":"","_tribe_ticket_show_not_going":false,"_tribe_ticket_use_global_stock":"","_tribe_ticket_global_stock_level":"","_global_stock_mode":"","_global_stock_cap":"","_tribe_rsvp_for_event":"","_tribe_ticket_going_count":"","_tribe_ticket_not_going_count":"","_tribe_tickets_list":"[]","_tribe_ticket_has_attendee_info_fields":false,"tdm_status":"","tdm_grid_status":"","footnotes":""},"categories":[24101,1],"tags":[],"class_list":{"0":"post-197511","1":"post","2":"type-post","3":"status-publish","4":"format-standard","6":"category-justicia-transicional","7":"category-noticias"},"yoast_head":"<!-- This site is optimized with the Yoast SEO plugin v24.3 - https:\/\/yoast.com\/wordpress\/plugins\/seo\/ -->\n<title>Fiscal\u00eda General de la Naci\u00f3n<\/title>\n<meta name=\"description\" content=\"P\u00e1gina oficial de la Fiscal\u00eda General de la Naci\u00f3n \u2013 Colombia. Garantizamos el acceso efectivo a la justicia, la verdad y la reparaci\u00f3n de las v\u00edctimas de los delitos.\" \/>\n<meta name=\"robots\" content=\"noindex, follow\" \/>\n<meta property=\"og:locale\" content=\"es_ES\" \/>\n<meta property=\"og:type\" content=\"article\" \/>\n<meta property=\"og:title\" content=\"Fiscal\u00eda General de la Naci\u00f3n\" \/>\n<meta property=\"og:description\" content=\"P\u00e1gina oficial de la Fiscal\u00eda General de la Naci\u00f3n \u2013 Colombia. Garantizamos el acceso efectivo a la justicia, la verdad y la reparaci\u00f3n de las v\u00edctimas de los delitos.\" \/>\n<meta property=\"og:url\" content=\"https:\/\/www.fiscalia.gov.co\/colombia\/justicia-transicional\/imputados-ex-jefe-paramilitar-alias-julian-bolivar-y-245-postulados-mas-del-bloque-central-bolivar-por-4-114-hechos-delictivos-en-el-marco-del-conflicto-armado\/\" \/>\n<meta property=\"og:site_name\" content=\"Fiscal\u00eda General de la Naci\u00f3n\" \/>\n<meta property=\"article:publisher\" content=\"https:\/\/www.facebook.com\/FiscaliaCol\" \/>\n<meta property=\"article:published_time\" content=\"2020-07-14T14:47:54+00:00\" \/>\n<meta name=\"author\" content=\"Direcci\u00f3n de Comunicaciones Fiscal\u00eda General de la Naci\u00f3n\" \/>\n<meta name=\"twitter:card\" content=\"summary_large_image\" \/>\n<meta name=\"twitter:creator\" content=\"@FiscaliaCol\" \/>\n<meta name=\"twitter:site\" content=\"@FiscaliaCol\" \/>\n<meta name=\"twitter:label1\" content=\"Escrito por\" \/>\n\t<meta name=\"twitter:data1\" content=\"Direcci\u00f3n de Comunicaciones Fiscal\u00eda General de la Naci\u00f3n\" \/>\n\t<meta name=\"twitter:label2\" content=\"Tiempo de lectura\" \/>\n\t<meta name=\"twitter:data2\" content=\"4 minutos\" \/>\n<script type=\"application\/ld+json\" class=\"yoast-schema-graph\">{\"@context\":\"https:\/\/schema.org\",\"@graph\":[{\"@type\":\"Article\",\"@id\":\"https:\/\/www.fiscalia.gov.co\/colombia\/justicia-transicional\/imputados-ex-jefe-paramilitar-alias-julian-bolivar-y-245-postulados-mas-del-bloque-central-bolivar-por-4-114-hechos-delictivos-en-el-marco-del-conflicto-armado\/#article\",\"isPartOf\":{\"@id\":\"https:\/\/www.fiscalia.gov.co\/colombia\/justicia-transicional\/imputados-ex-jefe-paramilitar-alias-julian-bolivar-y-245-postulados-mas-del-bloque-central-bolivar-por-4-114-hechos-delictivos-en-el-marco-del-conflicto-armado\/\"},\"author\":{\"name\":\"Direcci\u00f3n de Comunicaciones Fiscal\u00eda General de la Naci\u00f3n\",\"@id\":\"https:\/\/www.fiscalia.gov.co\/colombia\/#\/schema\/person\/bf28d8ae7f1b287bbe3af484b04f43ea\"},\"headline\":\"Imputados ex jefe paramilitar alias Juli\u00e1n Bol\u00edvar y 245 postulados m\u00e1s del Bloque Central Bol\u00edvar por 4.114 hechos delictivos en el marco del conflicto armado\",\"datePublished\":\"2020-07-14T14:47:54+00:00\",\"dateModified\":\"2020-07-14T14:47:54+00:00\",\"mainEntityOfPage\":{\"@id\":\"https:\/\/www.fiscalia.gov.co\/colombia\/justicia-transicional\/imputados-ex-jefe-paramilitar-alias-julian-bolivar-y-245-postulados-mas-del-bloque-central-bolivar-por-4-114-hechos-delictivos-en-el-marco-del-conflicto-armado\/\"},\"wordCount\":886,\"publisher\":{\"@id\":\"https:\/\/www.fiscalia.gov.co\/colombia\/#organization\"},\"articleSection\":[\"Justicia Transicional\",\"Noticias\"],\"inLanguage\":\"es-CO\"},{\"@type\":\"WebPage\",\"@id\":\"https:\/\/www.fiscalia.gov.co\/colombia\/justicia-transicional\/imputados-ex-jefe-paramilitar-alias-julian-bolivar-y-245-postulados-mas-del-bloque-central-bolivar-por-4-114-hechos-delictivos-en-el-marco-del-conflicto-armado\/\",\"url\":\"https:\/\/www.fiscalia.gov.co\/colombia\/justicia-transicional\/imputados-ex-jefe-paramilitar-alias-julian-bolivar-y-245-postulados-mas-del-bloque-central-bolivar-por-4-114-hechos-delictivos-en-el-marco-del-conflicto-armado\/\",\"name\":\"Fiscal\u00eda General de la Naci\u00f3n\",\"isPartOf\":{\"@id\":\"https:\/\/www.fiscalia.gov.co\/colombia\/#website\"},\"datePublished\":\"2020-07-14T14:47:54+00:00\",\"dateModified\":\"2020-07-14T14:47:54+00:00\",\"description\":\"P\u00e1gina oficial de la Fiscal\u00eda General de la Naci\u00f3n \u2013 Colombia. Garantizamos el acceso efectivo a la justicia, la verdad y la reparaci\u00f3n de las v\u00edctimas de los delitos.\",\"breadcrumb\":{\"@id\":\"https:\/\/www.fiscalia.gov.co\/colombia\/justicia-transicional\/imputados-ex-jefe-paramilitar-alias-julian-bolivar-y-245-postulados-mas-del-bloque-central-bolivar-por-4-114-hechos-delictivos-en-el-marco-del-conflicto-armado\/#breadcrumb\"},\"inLanguage\":\"es-CO\",\"potentialAction\":[{\"@type\":\"ReadAction\",\"target\":[\"https:\/\/www.fiscalia.gov.co\/colombia\/justicia-transicional\/imputados-ex-jefe-paramilitar-alias-julian-bolivar-y-245-postulados-mas-del-bloque-central-bolivar-por-4-114-hechos-delictivos-en-el-marco-del-conflicto-armado\/\"]}]},{\"@type\":\"BreadcrumbList\",\"@id\":\"https:\/\/www.fiscalia.gov.co\/colombia\/justicia-transicional\/imputados-ex-jefe-paramilitar-alias-julian-bolivar-y-245-postulados-mas-del-bloque-central-bolivar-por-4-114-hechos-delictivos-en-el-marco-del-conflicto-armado\/#breadcrumb\",\"itemListElement\":[{\"@type\":\"ListItem\",\"position\":1,\"name\":\"Home\",\"item\":\"https:\/\/www.fiscalia.gov.co\/colombia\/\"},{\"@type\":\"ListItem\",\"position\":2,\"name\":\"Imputados ex jefe paramilitar alias Juli\u00e1n Bol\u00edvar y 245 postulados m\u00e1s del Bloque Central Bol\u00edvar por 4.114 hechos delictivos en el marco del conflicto armado\"}]},{\"@type\":\"WebSite\",\"@id\":\"https:\/\/www.fiscalia.gov.co\/colombia\/#website\",\"url\":\"https:\/\/www.fiscalia.gov.co\/colombia\/\",\"name\":\"Fiscal\u00eda General de la Naci\u00f3n\",\"description\":\"P\u00e1gina oficial de la Fiscal\u00eda General de la Naci\u00f3n \u2013 Colombia. Garantizamos el acceso efectivo a la justicia, la verdad y la reparaci\u00f3n de las v\u00edctimas de los delitos.\",\"publisher\":{\"@id\":\"https:\/\/www.fiscalia.gov.co\/colombia\/#organization\"},\"potentialAction\":[{\"@type\":\"SearchAction\",\"target\":{\"@type\":\"EntryPoint\",\"urlTemplate\":\"https:\/\/www.fiscalia.gov.co\/colombia\/?s={search_term_string}\"},\"query-input\":{\"@type\":\"PropertyValueSpecification\",\"valueRequired\":true,\"valueName\":\"search_term_string\"}}],\"inLanguage\":\"es-CO\"},{\"@type\":\"Organization\",\"@id\":\"https:\/\/www.fiscalia.gov.co\/colombia\/#organization\",\"name\":\"Fiscal\u00eda General de la Naci\u00f3n\",\"url\":\"https:\/\/www.fiscalia.gov.co\/colombia\/\",\"logo\":{\"@type\":\"ImageObject\",\"inLanguage\":\"es-CO\",\"@id\":\"https:\/\/www.fiscalia.gov.co\/colombia\/#\/schema\/logo\/image\/\",\"url\":\"https:\/\/www.fiscalia.gov.co\/colombia\/wp-content\/uploads\/LogoHorizontal_1.jpg\",\"contentUrl\":\"https:\/\/www.fiscalia.gov.co\/colombia\/wp-content\/uploads\/LogoHorizontal_1.jpg\",\"width\":300,\"height\":90,\"caption\":\"Fiscal\u00eda General de la Naci\u00f3n\"},\"image\":{\"@id\":\"https:\/\/www.fiscalia.gov.co\/colombia\/#\/schema\/logo\/image\/\"},\"sameAs\":[\"https:\/\/www.facebook.com\/FiscaliaCol\",\"https:\/\/x.com\/FiscaliaCol\",\"https:\/\/www.instagram.com\/fiscaliacol\",\"https:\/\/www.linkedin.com\/company\/fiscalia-general-de-la-naci-n\/\",\"https:\/\/youtube.com\/@fiscaliageneraldelanacion-4668?si=6nN79nyQICPU5iTh\"]},{\"@type\":\"Person\",\"@id\":\"https:\/\/www.fiscalia.gov.co\/colombia\/#\/schema\/person\/bf28d8ae7f1b287bbe3af484b04f43ea\",\"name\":\"Direcci\u00f3n de Comunicaciones Fiscal\u00eda General de la Naci\u00f3n\",\"image\":{\"@type\":\"ImageObject\",\"inLanguage\":\"es-CO\",\"@id\":\"https:\/\/www.fiscalia.gov.co\/colombia\/#\/schema\/person\/image\/\",\"url\":\"https:\/\/secure.gravatar.com\/avatar\/9d55ae161d32da16dbdd0b380c080a5f?s=96&d=mm&r=g\",\"contentUrl\":\"https:\/\/secure.gravatar.com\/avatar\/9d55ae161d32da16dbdd0b380c080a5f?s=96&d=mm&r=g\",\"caption\":\"Direcci\u00f3n de Comunicaciones Fiscal\u00eda General de la Naci\u00f3n\"},\"url\":\"https:\/\/www.fiscalia.gov.co\/colombia\/author\/kbonilla\/\"}]}<\/script>\n<!-- \/ Yoast SEO plugin. -->","yoast_head_json":{"title":"Fiscal\u00eda General de la Naci\u00f3n","description":"P\u00e1gina oficial de la Fiscal\u00eda General de la Naci\u00f3n \u2013 Colombia. Garantizamos el acceso efectivo a la justicia, la verdad y la reparaci\u00f3n de las v\u00edctimas de los delitos.","robots":{"index":"noindex","follow":"follow"},"og_locale":"es_ES","og_type":"article","og_title":"Fiscal\u00eda General de la Naci\u00f3n","og_description":"P\u00e1gina oficial de la Fiscal\u00eda General de la Naci\u00f3n \u2013 Colombia. Garantizamos el acceso efectivo a la justicia, la verdad y la reparaci\u00f3n de las v\u00edctimas de los delitos.","og_url":"https:\/\/www.fiscalia.gov.co\/colombia\/justicia-transicional\/imputados-ex-jefe-paramilitar-alias-julian-bolivar-y-245-postulados-mas-del-bloque-central-bolivar-por-4-114-hechos-delictivos-en-el-marco-del-conflicto-armado\/","og_site_name":"Fiscal\u00eda General de la Naci\u00f3n","article_publisher":"https:\/\/www.facebook.com\/FiscaliaCol","article_published_time":"2020-07-14T14:47:54+00:00","author":"Direcci\u00f3n de Comunicaciones Fiscal\u00eda General de la Naci\u00f3n","twitter_card":"summary_large_image","twitter_creator":"@FiscaliaCol","twitter_site":"@FiscaliaCol","twitter_misc":{"Escrito por":"Direcci\u00f3n de Comunicaciones Fiscal\u00eda General de la Naci\u00f3n","Tiempo de lectura":"4 minutos"},"schema":{"@context":"https:\/\/schema.org","@graph":[{"@type":"Article","@id":"https:\/\/www.fiscalia.gov.co\/colombia\/justicia-transicional\/imputados-ex-jefe-paramilitar-alias-julian-bolivar-y-245-postulados-mas-del-bloque-central-bolivar-por-4-114-hechos-delictivos-en-el-marco-del-conflicto-armado\/#article","isPartOf":{"@id":"https:\/\/www.fiscalia.gov.co\/colombia\/justicia-transicional\/imputados-ex-jefe-paramilitar-alias-julian-bolivar-y-245-postulados-mas-del-bloque-central-bolivar-por-4-114-hechos-delictivos-en-el-marco-del-conflicto-armado\/"},"author":{"name":"Direcci\u00f3n de Comunicaciones Fiscal\u00eda General de la Naci\u00f3n","@id":"https:\/\/www.fiscalia.gov.co\/colombia\/#\/schema\/person\/bf28d8ae7f1b287bbe3af484b04f43ea"},"headline":"Imputados ex jefe paramilitar alias Juli\u00e1n Bol\u00edvar y 245 postulados m\u00e1s del Bloque Central Bol\u00edvar por 4.114 hechos delictivos en el marco del conflicto armado","datePublished":"2020-07-14T14:47:54+00:00","dateModified":"2020-07-14T14:47:54+00:00","mainEntityOfPage":{"@id":"https:\/\/www.fiscalia.gov.co\/colombia\/justicia-transicional\/imputados-ex-jefe-paramilitar-alias-julian-bolivar-y-245-postulados-mas-del-bloque-central-bolivar-por-4-114-hechos-delictivos-en-el-marco-del-conflicto-armado\/"},"wordCount":886,"publisher":{"@id":"https:\/\/www.fiscalia.gov.co\/colombia\/#organization"},"articleSection":["Justicia Transicional","Noticias"],"inLanguage":"es-CO"},{"@type":"WebPage","@id":"https:\/\/www.fiscalia.gov.co\/colombia\/justicia-transicional\/imputados-ex-jefe-paramilitar-alias-julian-bolivar-y-245-postulados-mas-del-bloque-central-bolivar-por-4-114-hechos-delictivos-en-el-marco-del-conflicto-armado\/","url":"https:\/\/www.fiscalia.gov.co\/colombia\/justicia-transicional\/imputados-ex-jefe-paramilitar-alias-julian-bolivar-y-245-postulados-mas-del-bloque-central-bolivar-por-4-114-hechos-delictivos-en-el-marco-del-conflicto-armado\/","name":"Fiscal\u00eda General de la Naci\u00f3n","isPartOf":{"@id":"https:\/\/www.fiscalia.gov.co\/colombia\/#website"},"datePublished":"2020-07-14T14:47:54+00:00","dateModified":"2020-07-14T14:47:54+00:00","description":"P\u00e1gina oficial de la Fiscal\u00eda General de la Naci\u00f3n \u2013 Colombia. Garantizamos el acceso efectivo a la justicia, la verdad y la reparaci\u00f3n de las v\u00edctimas de los delitos.","breadcrumb":{"@id":"https:\/\/www.fiscalia.gov.co\/colombia\/justicia-transicional\/imputados-ex-jefe-paramilitar-alias-julian-bolivar-y-245-postulados-mas-del-bloque-central-bolivar-por-4-114-hechos-delictivos-en-el-marco-del-conflicto-armado\/#breadcrumb"},"inLanguage":"es-CO","potentialAction":[{"@type":"ReadAction","target":["https:\/\/www.fiscalia.gov.co\/colombia\/justicia-transicional\/imputados-ex-jefe-paramilitar-alias-julian-bolivar-y-245-postulados-mas-del-bloque-central-bolivar-por-4-114-hechos-delictivos-en-el-marco-del-conflicto-armado\/"]}]},{"@type":"BreadcrumbList","@id":"https:\/\/www.fiscalia.gov.co\/colombia\/justicia-transicional\/imputados-ex-jefe-paramilitar-alias-julian-bolivar-y-245-postulados-mas-del-bloque-central-bolivar-por-4-114-hechos-delictivos-en-el-marco-del-conflicto-armado\/#breadcrumb","itemListElement":[{"@type":"ListItem","position":1,"name":"Home","item":"https:\/\/www.fiscalia.gov.co\/colombia\/"},{"@type":"ListItem","position":2,"name":"Imputados ex jefe paramilitar alias Juli\u00e1n Bol\u00edvar y 245 postulados m\u00e1s del Bloque Central Bol\u00edvar por 4.114 hechos delictivos en el marco del conflicto armado"}]},{"@type":"WebSite","@id":"https:\/\/www.fiscalia.gov.co\/colombia\/#website","url":"https:\/\/www.fiscalia.gov.co\/colombia\/","name":"Fiscal\u00eda General de la Naci\u00f3n","description":"P\u00e1gina oficial de la Fiscal\u00eda General de la Naci\u00f3n \u2013 Colombia. Garantizamos el acceso efectivo a la justicia, la verdad y la reparaci\u00f3n de las v\u00edctimas de los delitos.","publisher":{"@id":"https:\/\/www.fiscalia.gov.co\/colombia\/#organization"},"potentialAction":[{"@type":"SearchAction","target":{"@type":"EntryPoint","urlTemplate":"https:\/\/www.fiscalia.gov.co\/colombia\/?s={search_term_string}"},"query-input":{"@type":"PropertyValueSpecification","valueRequired":true,"valueName":"search_term_string"}}],"inLanguage":"es-CO"},{"@type":"Organization","@id":"https:\/\/www.fiscalia.gov.co\/colombia\/#organization","name":"Fiscal\u00eda General de la Naci\u00f3n","url":"https:\/\/www.fiscalia.gov.co\/colombia\/","logo":{"@type":"ImageObject","inLanguage":"es-CO","@id":"https:\/\/www.fiscalia.gov.co\/colombia\/#\/schema\/logo\/image\/","url":"https:\/\/www.fiscalia.gov.co\/colombia\/wp-content\/uploads\/LogoHorizontal_1.jpg","contentUrl":"https:\/\/www.fiscalia.gov.co\/colombia\/wp-content\/uploads\/LogoHorizontal_1.jpg","width":300,"height":90,"caption":"Fiscal\u00eda General de la Naci\u00f3n"},"image":{"@id":"https:\/\/www.fiscalia.gov.co\/colombia\/#\/schema\/logo\/image\/"},"sameAs":["https:\/\/www.facebook.com\/FiscaliaCol","https:\/\/x.com\/FiscaliaCol","https:\/\/www.instagram.com\/fiscaliacol","https:\/\/www.linkedin.com\/company\/fiscalia-general-de-la-naci-n\/","https:\/\/youtube.com\/@fiscaliageneraldelanacion-4668?si=6nN79nyQICPU5iTh"]},{"@type":"Person","@id":"https:\/\/www.fiscalia.gov.co\/colombia\/#\/schema\/person\/bf28d8ae7f1b287bbe3af484b04f43ea","name":"Direcci\u00f3n de Comunicaciones Fiscal\u00eda General de la Naci\u00f3n","image":{"@type":"ImageObject","inLanguage":"es-CO","@id":"https:\/\/www.fiscalia.gov.co\/colombia\/#\/schema\/person\/image\/","url":"https:\/\/secure.gravatar.com\/avatar\/9d55ae161d32da16dbdd0b380c080a5f?s=96&d=mm&r=g","contentUrl":"https:\/\/secure.gravatar.com\/avatar\/9d55ae161d32da16dbdd0b380c080a5f?s=96&d=mm&r=g","caption":"Direcci\u00f3n de Comunicaciones Fiscal\u00eda General de la Naci\u00f3n"},"url":"https:\/\/www.fiscalia.gov.co\/colombia\/author\/kbonilla\/"}]}},"_links":{"self":[{"href":"https:\/\/www.fiscalia.gov.co\/colombia\/wp-json\/wp\/v2\/posts\/197511","targetHints":{"allow":["GET"]}}],"collection":[{"href":"https:\/\/www.fiscalia.gov.co\/colombia\/wp-json\/wp\/v2\/posts"}],"about":[{"href":"https:\/\/www.fiscalia.gov.co\/colombia\/wp-json\/wp\/v2\/types\/post"}],"author":[{"embeddable":true,"href":"https:\/\/www.fiscalia.gov.co\/colombia\/wp-json\/wp\/v2\/users\/162"}],"replies":[{"embeddable":true,"href":"https:\/\/www.fiscalia.gov.co\/colombia\/wp-json\/wp\/v2\/comments?post=197511"}],"version-history":[{"count":1,"href":"https:\/\/www.fiscalia.gov.co\/colombia\/wp-json\/wp\/v2\/posts\/197511\/revisions"}],"predecessor-version":[{"id":197512,"href":"https:\/\/www.fiscalia.gov.co\/colombia\/wp-json\/wp\/v2\/posts\/197511\/revisions\/197512"}],"wp:attachment":[{"href":"https:\/\/www.fiscalia.gov.co\/colombia\/wp-json\/wp\/v2\/media?parent=197511"}],"wp:term":[{"taxonomy":"category","embeddable":true,"href":"https:\/\/www.fiscalia.gov.co\/colombia\/wp-json\/wp\/v2\/categories?post=197511"},{"taxonomy":"post_tag","embeddable":true,"href":"https:\/\/www.fiscalia.gov.co\/colombia\/wp-json\/wp\/v2\/tags?post=197511"}],"curies":[{"name":"wp","href":"https:\/\/api.w.org\/{rel}","templated":true}]}}