{"id":196747,"date":"2020-07-03T08:55:27","date_gmt":"2020-07-03T13:55:27","guid":{"rendered":"https:\/\/www.fiscalia.gov.co\/colombia\/?p=196747"},"modified":"2023-11-15T13:14:59","modified_gmt":"2023-11-15T18:14:59","slug":"fiscalia-general-de-la-nacion-cita-a-imputacion-al-gobernador-de-san-andres-everth-hawkins-por-presuntas-irregularidades-de-contratacion-al-amparo-de-la-emergencia-por-el-covid-19","status":"publish","type":"post","link":"https:\/\/www.fiscalia.gov.co\/colombia\/corrupcion\/fiscalia-general-de-la-nacion-cita-a-imputacion-al-gobernador-de-san-andres-everth-hawkins-por-presuntas-irregularidades-de-contratacion-al-amparo-de-la-emergencia-por-el-covid-19\/","title":{"rendered":"Fiscal\u00eda General de la Naci\u00f3n cita a imputaci\u00f3n al gobernador de San Andr\u00e9s, Everth Hawkins, por presuntas irregularidades de contrataci\u00f3n al amparo de la emergencia por el Covid \u2013 19"},"content":{"rendered":"<div class=\"page\" title=\"Page 1\">\n<div class=\"layoutArea\">\n<div class=\"column\">\n<p>En atencio\u0301n a varias denuncias ciudadanas y revelaciones hechas por medios de comunicacio\u0301n, el 24 de abril del an\u0303o en curso, la Fiscali\u0301a General de la Nacio\u0301n inicio\u0301 indagaciones sobre posibles irregularidades de contratacio\u0301n en la Gobernacio\u0301n de San Andre\u0301s.<\/p>\n<p>Durante ma\u0301s de 45 di\u0301as, investigadores del CTI y polici\u0301a judicial de la Unidad de Fiscales Delegados ante la Corte Suprema de Justicia realizaron varias actividades y verificaciones al proceso de adjudicacio\u0301n y ejecucio\u0301n de un contrato de disen\u0303o, diagramacio\u0301n e impresio\u0301n de material publicitario con mensajes de mitigacio\u0301n del Covid-19. Como parte de las acciones judiciales definidas, el gobernador del departamento, Everth Julio Hawkins, fue escuchado en interrogatorio a finales de mayo.<\/p>\n<p>En la visita de seguimiento realizada a San Andre\u0301s el pasado 27 de junio por el Fiscal General de la Nacio\u0301n, Francisco Barbosa Delgado, y la delegada para la Seguridad Ciudadana, Carmen Torres Malaver; con el apoyo de la directora Seccional, Tatiana Angulo Mele\u0301ndez, se conocieron los pormenores de los hechos investigados por un fiscal delegado ante la Corte Suprema y su impacto en la comunidad, principalmente, la afectacio\u0301n en los sectores de la salud, recreacio\u0301n y educacio\u0301n, por lo que se priorizaron tres casos ma\u0301s.<\/p>\n<p>En las verificaciones hechas sobre el contrato de publicidad, se establecio\u0301 que el gobernador del archipie\u0301lago, sin justificacio\u0301n alguna, acudio\u0301 a la declaratoria de urgencia manifiesta para evadir el proceso de seleccio\u0301n de oferentes y contratar directamente.<\/p>\n<p>Adicionalmente, el titular del caso establecio\u0301 que la empresa Noel Fotos SAS, luego de suscribir el contrato por 500 millones de pesos, el 18 de marzo de 2020, paso\u0301 cuentas de cobro por cantidades mayores de materiales y valores superiores a los del promedio del mercado, por cuanti\u0301a de $86\u2019800.000. Dicha suma fue pagada por el departamento.<\/p>\n<p>Para el funcionario, adema\u0301s de vulnerar principios esenciales en la contratacio\u0301n pu\u0301blica como concurrencia, transparencia, economi\u0301a y responsabilidad, se genero\u0301 un detrimento patrimonial. En ese sentido, un fiscal delegado ante la Corte Suprema de Justicia cito\u0301 a audiencia de imputacio\u0301n al gobernador de San Andre\u0301s, Everth Julio Hawkins Sjogreen, por los delitos de:<\/p>\n<div class=\"page\" title=\"Page 2\">\n<div class=\"layoutArea\">\n<div class=\"column\">\n<ul>\n<li>Contrato sin cumplimiento de requisitos legales.<\/li>\n<li>Peculado por apropiacio\u0301n.<\/li>\n<\/ul>\n<p>De igual manera, se solicitara\u0301 la imposicio\u0301n de medida de aseguramiento de detencio\u0301n privativa de la libertad en el lugar de domicilio.<\/p>\n<p>La Fiscali\u0301a General de la Nacio\u0301n hace pu\u0301blica esta informacio\u0301n por razones de intere\u0301s general.<\/p>\n<\/div>\n<\/div>\n<\/div>\n<\/div>\n<\/div>\n<\/div>\n\n<div class=\"twitter-share\"><a href=\"https:\/\/twitter.com\/intent\/tweet?via=fiscaliacol\" class=\"twitter-share-button\">Tweet<\/a><\/div>\n","protected":false},"excerpt":{"rendered":"<p>En atencio\u0301n a varias denuncias ciudadanas y revelaciones hechas por medios de comunicacio\u0301n, el 24 de abril del an\u0303o en curso, la Fiscali\u0301a General de la Nacio\u0301n inicio\u0301 indagaciones sobre [&hellip;]<\/p>\n","protected":false},"author":162,"featured_media":0,"comment_status":"closed","ping_status":"open","sticky":false,"template":"","format":"video","meta":{"tdm_status":"","tdm_grid_status":"","footnotes":""},"categories":[24097,24107,25128,24096,1],"tags":[],"class_list":["post-196747","post","type-post","status-publish","format-video","category-corrupcion","category-lucha-contra-corrupcion","category-el-fiscal-en-los-territorios","category-fiscal-general-de-la-nacion","category-noticias","post_format-post-format-video"],"yoast_head":"<!-- This site is optimized with the Yoast SEO plugin v24.3 - https:\/\/yoast.com\/wordpress\/plugins\/seo\/ -->\n<title>Fiscal\u00eda General de la Naci\u00f3n<\/title>\n<meta name=\"description\" content=\"P\u00e1gina oficial de la Fiscal\u00eda General de la Naci\u00f3n \u2013 Colombia. Garantizamos el acceso efectivo a la justicia, la verdad y la reparaci\u00f3n de las v\u00edctimas de los delitos.\" \/>\n<meta name=\"robots\" content=\"noindex, follow\" \/>\n<meta property=\"og:locale\" content=\"es_ES\" \/>\n<meta property=\"og:type\" content=\"article\" \/>\n<meta property=\"og:title\" content=\"Fiscal\u00eda General de la Naci\u00f3n\" \/>\n<meta property=\"og:description\" content=\"P\u00e1gina oficial de la Fiscal\u00eda General de la Naci\u00f3n \u2013 Colombia. Garantizamos el acceso efectivo a la justicia, la verdad y la reparaci\u00f3n de las v\u00edctimas de los delitos.\" \/>\n<meta property=\"og:url\" content=\"https:\/\/www.fiscalia.gov.co\/colombia\/corrupcion\/fiscalia-general-de-la-nacion-cita-a-imputacion-al-gobernador-de-san-andres-everth-hawkins-por-presuntas-irregularidades-de-contratacion-al-amparo-de-la-emergencia-por-el-covid-19\/\" \/>\n<meta property=\"og:site_name\" content=\"Fiscal\u00eda General de la Naci\u00f3n\" \/>\n<meta property=\"article:publisher\" content=\"https:\/\/www.facebook.com\/FiscaliaCol\" \/>\n<meta property=\"article:published_time\" content=\"2020-07-03T13:55:27+00:00\" \/>\n<meta property=\"article:modified_time\" content=\"2023-11-15T18:14:59+00:00\" \/>\n<meta name=\"author\" content=\"Direcci\u00f3n de Comunicaciones Fiscal\u00eda General de la Naci\u00f3n\" \/>\n<meta name=\"twitter:card\" content=\"summary_large_image\" \/>\n<meta name=\"twitter:creator\" content=\"@FiscaliaCol\" \/>\n<meta name=\"twitter:site\" content=\"@FiscaliaCol\" \/>\n<meta name=\"twitter:label1\" content=\"Escrito por\" \/>\n\t<meta name=\"twitter:data1\" content=\"Direcci\u00f3n de Comunicaciones Fiscal\u00eda General de la Naci\u00f3n\" \/>\n\t<meta name=\"twitter:label2\" content=\"Tiempo de lectura\" \/>\n\t<meta name=\"twitter:data2\" content=\"2 minutos\" \/>\n<script type=\"application\/ld+json\" class=\"yoast-schema-graph\">{\"@context\":\"https:\/\/schema.org\",\"@graph\":[{\"@type\":\"Article\",\"@id\":\"https:\/\/www.fiscalia.gov.co\/colombia\/corrupcion\/fiscalia-general-de-la-nacion-cita-a-imputacion-al-gobernador-de-san-andres-everth-hawkins-por-presuntas-irregularidades-de-contratacion-al-amparo-de-la-emergencia-por-el-covid-19\/#article\",\"isPartOf\":{\"@id\":\"https:\/\/www.fiscalia.gov.co\/colombia\/corrupcion\/fiscalia-general-de-la-nacion-cita-a-imputacion-al-gobernador-de-san-andres-everth-hawkins-por-presuntas-irregularidades-de-contratacion-al-amparo-de-la-emergencia-por-el-covid-19\/\"},\"author\":{\"name\":\"Direcci\u00f3n de Comunicaciones Fiscal\u00eda General de la Naci\u00f3n\",\"@id\":\"https:\/\/www.fiscalia.gov.co\/colombia\/#\/schema\/person\/bf28d8ae7f1b287bbe3af484b04f43ea\"},\"headline\":\"Fiscal\u00eda General de la Naci\u00f3n cita a imputaci\u00f3n al gobernador de San Andr\u00e9s, Everth Hawkins, por presuntas irregularidades de contrataci\u00f3n al amparo de la emergencia por el Covid \u2013 19\",\"datePublished\":\"2020-07-03T13:55:27+00:00\",\"dateModified\":\"2023-11-15T18:14:59+00:00\",\"mainEntityOfPage\":{\"@id\":\"https:\/\/www.fiscalia.gov.co\/colombia\/corrupcion\/fiscalia-general-de-la-nacion-cita-a-imputacion-al-gobernador-de-san-andres-everth-hawkins-por-presuntas-irregularidades-de-contratacion-al-amparo-de-la-emergencia-por-el-covid-19\/\"},\"wordCount\":460,\"publisher\":{\"@id\":\"https:\/\/www.fiscalia.gov.co\/colombia\/#organization\"},\"articleSection\":[\"Corrupci\u00f3n\",\"Corrupci\u00f3n\",\"El Fiscal en los territorios\",\"Fiscal General de la Naci\u00f3n\",\"Noticias\"],\"inLanguage\":\"es-CO\"},{\"@type\":\"WebPage\",\"@id\":\"https:\/\/www.fiscalia.gov.co\/colombia\/corrupcion\/fiscalia-general-de-la-nacion-cita-a-imputacion-al-gobernador-de-san-andres-everth-hawkins-por-presuntas-irregularidades-de-contratacion-al-amparo-de-la-emergencia-por-el-covid-19\/\",\"url\":\"https:\/\/www.fiscalia.gov.co\/colombia\/corrupcion\/fiscalia-general-de-la-nacion-cita-a-imputacion-al-gobernador-de-san-andres-everth-hawkins-por-presuntas-irregularidades-de-contratacion-al-amparo-de-la-emergencia-por-el-covid-19\/\",\"name\":\"Fiscal\u00eda General de la Naci\u00f3n\",\"isPartOf\":{\"@id\":\"https:\/\/www.fiscalia.gov.co\/colombia\/#website\"},\"datePublished\":\"2020-07-03T13:55:27+00:00\",\"dateModified\":\"2023-11-15T18:14:59+00:00\",\"description\":\"P\u00e1gina oficial de la Fiscal\u00eda General de la Naci\u00f3n \u2013 Colombia. Garantizamos el acceso efectivo a la justicia, la verdad y la reparaci\u00f3n de las v\u00edctimas de los delitos.\",\"breadcrumb\":{\"@id\":\"https:\/\/www.fiscalia.gov.co\/colombia\/corrupcion\/fiscalia-general-de-la-nacion-cita-a-imputacion-al-gobernador-de-san-andres-everth-hawkins-por-presuntas-irregularidades-de-contratacion-al-amparo-de-la-emergencia-por-el-covid-19\/#breadcrumb\"},\"inLanguage\":\"es-CO\",\"potentialAction\":[{\"@type\":\"ReadAction\",\"target\":[\"https:\/\/www.fiscalia.gov.co\/colombia\/corrupcion\/fiscalia-general-de-la-nacion-cita-a-imputacion-al-gobernador-de-san-andres-everth-hawkins-por-presuntas-irregularidades-de-contratacion-al-amparo-de-la-emergencia-por-el-covid-19\/\"]}]},{\"@type\":\"BreadcrumbList\",\"@id\":\"https:\/\/www.fiscalia.gov.co\/colombia\/corrupcion\/fiscalia-general-de-la-nacion-cita-a-imputacion-al-gobernador-de-san-andres-everth-hawkins-por-presuntas-irregularidades-de-contratacion-al-amparo-de-la-emergencia-por-el-covid-19\/#breadcrumb\",\"itemListElement\":[{\"@type\":\"ListItem\",\"position\":1,\"name\":\"Home\",\"item\":\"https:\/\/www.fiscalia.gov.co\/colombia\/\"},{\"@type\":\"ListItem\",\"position\":2,\"name\":\"Fiscal\u00eda General de la Naci\u00f3n cita a imputaci\u00f3n al gobernador de San Andr\u00e9s, Everth Hawkins, por presuntas irregularidades de contrataci\u00f3n al amparo de la emergencia por el Covid \u2013 19\"}]},{\"@type\":\"WebSite\",\"@id\":\"https:\/\/www.fiscalia.gov.co\/colombia\/#website\",\"url\":\"https:\/\/www.fiscalia.gov.co\/colombia\/\",\"name\":\"Fiscal\u00eda General de la Naci\u00f3n\",\"description\":\"P\u00e1gina oficial de la Fiscal\u00eda General de la Naci\u00f3n \u2013 Colombia. Garantizamos el acceso efectivo a la justicia, la verdad y la reparaci\u00f3n de las v\u00edctimas de los delitos.\",\"publisher\":{\"@id\":\"https:\/\/www.fiscalia.gov.co\/colombia\/#organization\"},\"potentialAction\":[{\"@type\":\"SearchAction\",\"target\":{\"@type\":\"EntryPoint\",\"urlTemplate\":\"https:\/\/www.fiscalia.gov.co\/colombia\/?s={search_term_string}\"},\"query-input\":{\"@type\":\"PropertyValueSpecification\",\"valueRequired\":true,\"valueName\":\"search_term_string\"}}],\"inLanguage\":\"es-CO\"},{\"@type\":\"Organization\",\"@id\":\"https:\/\/www.fiscalia.gov.co\/colombia\/#organization\",\"name\":\"Fiscal\u00eda General de la Naci\u00f3n\",\"url\":\"https:\/\/www.fiscalia.gov.co\/colombia\/\",\"logo\":{\"@type\":\"ImageObject\",\"inLanguage\":\"es-CO\",\"@id\":\"https:\/\/www.fiscalia.gov.co\/colombia\/#\/schema\/logo\/image\/\",\"url\":\"https:\/\/www.fiscalia.gov.co\/colombia\/wp-content\/uploads\/LogoHorizontal_1.jpg\",\"contentUrl\":\"https:\/\/www.fiscalia.gov.co\/colombia\/wp-content\/uploads\/LogoHorizontal_1.jpg\",\"width\":300,\"height\":90,\"caption\":\"Fiscal\u00eda General de la Naci\u00f3n\"},\"image\":{\"@id\":\"https:\/\/www.fiscalia.gov.co\/colombia\/#\/schema\/logo\/image\/\"},\"sameAs\":[\"https:\/\/www.facebook.com\/FiscaliaCol\",\"https:\/\/x.com\/FiscaliaCol\",\"https:\/\/www.instagram.com\/fiscaliacol\",\"https:\/\/www.linkedin.com\/company\/fiscalia-general-de-la-naci-n\/\",\"https:\/\/youtube.com\/@fiscaliageneraldelanacion-4668?si=6nN79nyQICPU5iTh\"]},{\"@type\":\"Person\",\"@id\":\"https:\/\/www.fiscalia.gov.co\/colombia\/#\/schema\/person\/bf28d8ae7f1b287bbe3af484b04f43ea\",\"name\":\"Direcci\u00f3n de Comunicaciones Fiscal\u00eda General de la Naci\u00f3n\",\"image\":{\"@type\":\"ImageObject\",\"inLanguage\":\"es-CO\",\"@id\":\"https:\/\/www.fiscalia.gov.co\/colombia\/#\/schema\/person\/image\/\",\"url\":\"https:\/\/secure.gravatar.com\/avatar\/9d55ae161d32da16dbdd0b380c080a5f?s=96&d=mm&r=g\",\"contentUrl\":\"https:\/\/secure.gravatar.com\/avatar\/9d55ae161d32da16dbdd0b380c080a5f?s=96&d=mm&r=g\",\"caption\":\"Direcci\u00f3n de Comunicaciones Fiscal\u00eda General de la Naci\u00f3n\"},\"url\":\"https:\/\/www.fiscalia.gov.co\/colombia\/author\/kbonilla\/\"}]}<\/script>\n<!-- \/ Yoast SEO plugin. -->","yoast_head_json":{"title":"Fiscal\u00eda General de la Naci\u00f3n","description":"P\u00e1gina oficial de la Fiscal\u00eda General de la Naci\u00f3n \u2013 Colombia. Garantizamos el acceso efectivo a la justicia, la verdad y la reparaci\u00f3n de las v\u00edctimas de los delitos.","robots":{"index":"noindex","follow":"follow"},"og_locale":"es_ES","og_type":"article","og_title":"Fiscal\u00eda General de la Naci\u00f3n","og_description":"P\u00e1gina oficial de la Fiscal\u00eda General de la Naci\u00f3n \u2013 Colombia. Garantizamos el acceso efectivo a la justicia, la verdad y la reparaci\u00f3n de las v\u00edctimas de los delitos.","og_url":"https:\/\/www.fiscalia.gov.co\/colombia\/corrupcion\/fiscalia-general-de-la-nacion-cita-a-imputacion-al-gobernador-de-san-andres-everth-hawkins-por-presuntas-irregularidades-de-contratacion-al-amparo-de-la-emergencia-por-el-covid-19\/","og_site_name":"Fiscal\u00eda General de la Naci\u00f3n","article_publisher":"https:\/\/www.facebook.com\/FiscaliaCol","article_published_time":"2020-07-03T13:55:27+00:00","article_modified_time":"2023-11-15T18:14:59+00:00","author":"Direcci\u00f3n de Comunicaciones Fiscal\u00eda General de la Naci\u00f3n","twitter_card":"summary_large_image","twitter_creator":"@FiscaliaCol","twitter_site":"@FiscaliaCol","twitter_misc":{"Escrito por":"Direcci\u00f3n de Comunicaciones Fiscal\u00eda General de la Naci\u00f3n","Tiempo de lectura":"2 minutos"},"schema":{"@context":"https:\/\/schema.org","@graph":[{"@type":"Article","@id":"https:\/\/www.fiscalia.gov.co\/colombia\/corrupcion\/fiscalia-general-de-la-nacion-cita-a-imputacion-al-gobernador-de-san-andres-everth-hawkins-por-presuntas-irregularidades-de-contratacion-al-amparo-de-la-emergencia-por-el-covid-19\/#article","isPartOf":{"@id":"https:\/\/www.fiscalia.gov.co\/colombia\/corrupcion\/fiscalia-general-de-la-nacion-cita-a-imputacion-al-gobernador-de-san-andres-everth-hawkins-por-presuntas-irregularidades-de-contratacion-al-amparo-de-la-emergencia-por-el-covid-19\/"},"author":{"name":"Direcci\u00f3n de Comunicaciones Fiscal\u00eda General de la Naci\u00f3n","@id":"https:\/\/www.fiscalia.gov.co\/colombia\/#\/schema\/person\/bf28d8ae7f1b287bbe3af484b04f43ea"},"headline":"Fiscal\u00eda General de la Naci\u00f3n cita a imputaci\u00f3n al gobernador de San Andr\u00e9s, Everth Hawkins, por presuntas irregularidades de contrataci\u00f3n al amparo de la emergencia por el Covid \u2013 19","datePublished":"2020-07-03T13:55:27+00:00","dateModified":"2023-11-15T18:14:59+00:00","mainEntityOfPage":{"@id":"https:\/\/www.fiscalia.gov.co\/colombia\/corrupcion\/fiscalia-general-de-la-nacion-cita-a-imputacion-al-gobernador-de-san-andres-everth-hawkins-por-presuntas-irregularidades-de-contratacion-al-amparo-de-la-emergencia-por-el-covid-19\/"},"wordCount":460,"publisher":{"@id":"https:\/\/www.fiscalia.gov.co\/colombia\/#organization"},"articleSection":["Corrupci\u00f3n","Corrupci\u00f3n","El Fiscal en los territorios","Fiscal General de la Naci\u00f3n","Noticias"],"inLanguage":"es-CO"},{"@type":"WebPage","@id":"https:\/\/www.fiscalia.gov.co\/colombia\/corrupcion\/fiscalia-general-de-la-nacion-cita-a-imputacion-al-gobernador-de-san-andres-everth-hawkins-por-presuntas-irregularidades-de-contratacion-al-amparo-de-la-emergencia-por-el-covid-19\/","url":"https:\/\/www.fiscalia.gov.co\/colombia\/corrupcion\/fiscalia-general-de-la-nacion-cita-a-imputacion-al-gobernador-de-san-andres-everth-hawkins-por-presuntas-irregularidades-de-contratacion-al-amparo-de-la-emergencia-por-el-covid-19\/","name":"Fiscal\u00eda General de la Naci\u00f3n","isPartOf":{"@id":"https:\/\/www.fiscalia.gov.co\/colombia\/#website"},"datePublished":"2020-07-03T13:55:27+00:00","dateModified":"2023-11-15T18:14:59+00:00","description":"P\u00e1gina oficial de la Fiscal\u00eda General de la Naci\u00f3n \u2013 Colombia. Garantizamos el acceso efectivo a la justicia, la verdad y la reparaci\u00f3n de las v\u00edctimas de los delitos.","breadcrumb":{"@id":"https:\/\/www.fiscalia.gov.co\/colombia\/corrupcion\/fiscalia-general-de-la-nacion-cita-a-imputacion-al-gobernador-de-san-andres-everth-hawkins-por-presuntas-irregularidades-de-contratacion-al-amparo-de-la-emergencia-por-el-covid-19\/#breadcrumb"},"inLanguage":"es-CO","potentialAction":[{"@type":"ReadAction","target":["https:\/\/www.fiscalia.gov.co\/colombia\/corrupcion\/fiscalia-general-de-la-nacion-cita-a-imputacion-al-gobernador-de-san-andres-everth-hawkins-por-presuntas-irregularidades-de-contratacion-al-amparo-de-la-emergencia-por-el-covid-19\/"]}]},{"@type":"BreadcrumbList","@id":"https:\/\/www.fiscalia.gov.co\/colombia\/corrupcion\/fiscalia-general-de-la-nacion-cita-a-imputacion-al-gobernador-de-san-andres-everth-hawkins-por-presuntas-irregularidades-de-contratacion-al-amparo-de-la-emergencia-por-el-covid-19\/#breadcrumb","itemListElement":[{"@type":"ListItem","position":1,"name":"Home","item":"https:\/\/www.fiscalia.gov.co\/colombia\/"},{"@type":"ListItem","position":2,"name":"Fiscal\u00eda General de la Naci\u00f3n cita a imputaci\u00f3n al gobernador de San Andr\u00e9s, Everth Hawkins, por presuntas irregularidades de contrataci\u00f3n al amparo de la emergencia por el Covid \u2013 19"}]},{"@type":"WebSite","@id":"https:\/\/www.fiscalia.gov.co\/colombia\/#website","url":"https:\/\/www.fiscalia.gov.co\/colombia\/","name":"Fiscal\u00eda General de la Naci\u00f3n","description":"P\u00e1gina oficial de la Fiscal\u00eda General de la Naci\u00f3n \u2013 Colombia. Garantizamos el acceso efectivo a la justicia, la verdad y la reparaci\u00f3n de las v\u00edctimas de los delitos.","publisher":{"@id":"https:\/\/www.fiscalia.gov.co\/colombia\/#organization"},"potentialAction":[{"@type":"SearchAction","target":{"@type":"EntryPoint","urlTemplate":"https:\/\/www.fiscalia.gov.co\/colombia\/?s={search_term_string}"},"query-input":{"@type":"PropertyValueSpecification","valueRequired":true,"valueName":"search_term_string"}}],"inLanguage":"es-CO"},{"@type":"Organization","@id":"https:\/\/www.fiscalia.gov.co\/colombia\/#organization","name":"Fiscal\u00eda General de la Naci\u00f3n","url":"https:\/\/www.fiscalia.gov.co\/colombia\/","logo":{"@type":"ImageObject","inLanguage":"es-CO","@id":"https:\/\/www.fiscalia.gov.co\/colombia\/#\/schema\/logo\/image\/","url":"https:\/\/www.fiscalia.gov.co\/colombia\/wp-content\/uploads\/LogoHorizontal_1.jpg","contentUrl":"https:\/\/www.fiscalia.gov.co\/colombia\/wp-content\/uploads\/LogoHorizontal_1.jpg","width":300,"height":90,"caption":"Fiscal\u00eda General de la Naci\u00f3n"},"image":{"@id":"https:\/\/www.fiscalia.gov.co\/colombia\/#\/schema\/logo\/image\/"},"sameAs":["https:\/\/www.facebook.com\/FiscaliaCol","https:\/\/x.com\/FiscaliaCol","https:\/\/www.instagram.com\/fiscaliacol","https:\/\/www.linkedin.com\/company\/fiscalia-general-de-la-naci-n\/","https:\/\/youtube.com\/@fiscaliageneraldelanacion-4668?si=6nN79nyQICPU5iTh"]},{"@type":"Person","@id":"https:\/\/www.fiscalia.gov.co\/colombia\/#\/schema\/person\/bf28d8ae7f1b287bbe3af484b04f43ea","name":"Direcci\u00f3n de Comunicaciones Fiscal\u00eda General de la Naci\u00f3n","image":{"@type":"ImageObject","inLanguage":"es-CO","@id":"https:\/\/www.fiscalia.gov.co\/colombia\/#\/schema\/person\/image\/","url":"https:\/\/secure.gravatar.com\/avatar\/9d55ae161d32da16dbdd0b380c080a5f?s=96&d=mm&r=g","contentUrl":"https:\/\/secure.gravatar.com\/avatar\/9d55ae161d32da16dbdd0b380c080a5f?s=96&d=mm&r=g","caption":"Direcci\u00f3n de Comunicaciones Fiscal\u00eda General de la Naci\u00f3n"},"url":"https:\/\/www.fiscalia.gov.co\/colombia\/author\/kbonilla\/"}]}},"_links":{"self":[{"href":"https:\/\/www.fiscalia.gov.co\/colombia\/wp-json\/wp\/v2\/posts\/196747","targetHints":{"allow":["GET"]}}],"collection":[{"href":"https:\/\/www.fiscalia.gov.co\/colombia\/wp-json\/wp\/v2\/posts"}],"about":[{"href":"https:\/\/www.fiscalia.gov.co\/colombia\/wp-json\/wp\/v2\/types\/post"}],"author":[{"embeddable":true,"href":"https:\/\/www.fiscalia.gov.co\/colombia\/wp-json\/wp\/v2\/users\/162"}],"replies":[{"embeddable":true,"href":"https:\/\/www.fiscalia.gov.co\/colombia\/wp-json\/wp\/v2\/comments?post=196747"}],"version-history":[{"count":2,"href":"https:\/\/www.fiscalia.gov.co\/colombia\/wp-json\/wp\/v2\/posts\/196747\/revisions"}],"predecessor-version":[{"id":196749,"href":"https:\/\/www.fiscalia.gov.co\/colombia\/wp-json\/wp\/v2\/posts\/196747\/revisions\/196749"}],"wp:attachment":[{"href":"https:\/\/www.fiscalia.gov.co\/colombia\/wp-json\/wp\/v2\/media?parent=196747"}],"wp:term":[{"taxonomy":"category","embeddable":true,"href":"https:\/\/www.fiscalia.gov.co\/colombia\/wp-json\/wp\/v2\/categories?post=196747"},{"taxonomy":"post_tag","embeddable":true,"href":"https:\/\/www.fiscalia.gov.co\/colombia\/wp-json\/wp\/v2\/tags?post=196747"}],"curies":[{"name":"wp","href":"https:\/\/api.w.org\/{rel}","templated":true}]}}