{"id":196680,"date":"2020-07-02T15:28:21","date_gmt":"2020-07-02T20:28:21","guid":{"rendered":"https:\/\/www.fiscalia.gov.co\/colombia\/?p=196680"},"modified":"2020-07-02T15:28:21","modified_gmt":"2020-07-02T20:28:21","slug":"condenados-11-integrantes-de-banda-criminal-la-camila-que-delinque-en-8-barrios-de-bello-antioquia","status":"publish","type":"post","link":"https:\/\/www.fiscalia.gov.co\/colombia\/crimen-organizado\/condenados-11-integrantes-de-banda-criminal-la-camila-que-delinque-en-8-barrios-de-bello-antioquia\/","title":{"rendered":"Condenados 11 integrantes de banda criminal La Camila que delinque en 8 barrios de Bello (Antioquia)"},"content":{"rendered":"<p><span lang=\"ES\">A penas que oscilan entre los\u00a0<b>48 y los 106 meses de prisi\u00f3n<\/b>\u00a0fueron sentenciados 11 integrantes de una organizaci\u00f3n\u00a0criminal conocida como la Banda de La Camila,<\/span><span lang=\"ES\">\u00a0dedicada a la\u00a0<b>extorsi\u00f3n, el tr\u00e1fico de estupefacientes y el desplazamiento forzado.<\/b><\/span><\/p>\n<p><span lang=\"ES\"><br \/>\nCon la decisi\u00f3n fueron cobijados Jos\u00e9 Arley Hidalgo Correa, alias Perrero; Jeferson Zapata P\u00e9rez, alias Higuita o Yayis; Juan David Isaza Bedoya, alias el Flaco; Manuel \u00c1ngel David Arango; Sergio Alex\u00e1nder\u00a0Campo Monroy; Brahian Stiven Uribe Morales, alias Galindo; Jorge Eli\u00e9cer Gallego Rueda, alias Negro; Kevin David Osorio Garc\u00eda, alias Coco o Coquito; Luis Fernando V\u00e1squez Mazo, alias Negro Luis; y los hermanos Eduar Andrey y Cristian Camilo Guti\u00e9rrez, alias Cojo y Juan, respectivamente.<\/span><\/p>\n<p><span lang=\"ES\"><br \/>\nUna investigaci\u00f3n adelantada por la Fiscal\u00eda General de la Naci\u00f3n con el apoyo del Gaula de la Polic\u00eda Nacional permiti\u00f3 establecer que\u00a0<b>la estructura ven\u00eda delinquiendo desde diciembre del a\u00f1o 2016\u00a0<\/b>en los barrios La Camila, Fontidue\u00f1o, La Mina, Alcal\u00e1, Estaci\u00f3n Primera, Las Vegas, Los Ciruelos y Cinco Estrellas, todos ubicados en el oriente del municipio de Bello (Antioquia).<b><\/b><\/span><\/p>\n<p><span lang=\"ES\"><br \/>\nTodos los procesados llegaron a un acuerdo judicial con la Fiscal\u00eda y\u00a0<b>aceptaron cargos por el delito de concierto para delinquir y algunos tambi\u00e9n aceptaron su responsabilidad en el punible de extorsi\u00f3n.<\/b><\/span><\/p>\n<p><span lang=\"ES\"><br \/>\nLos investigadores determinaron que los sentenciados\u00a0se dedicaban al microtr\u00e1fico, la extorsi\u00f3n a tenderos y transportadores, y al desplazamiento forzado de personas que no acataban las \u00f3rdenes de la banda.<\/span><\/p>\n<p><span lang=\"ES\"><br \/>\nTambi\u00e9n cobraban extorsiones a propietarios de lotes que deseaban construir y a los due\u00f1os de viviendas que optaban por hacer mejoras.<\/span><\/p>\n<p><span lang=\"ES\"><br \/>\nLa banda La Camila depende jer\u00e1rquicamente de la\u00a0<b>Organizaci\u00f3n Integrada al Narcotr\u00e1fico (Od\u00edn) Los Chatas<\/b>, que tiene injerencia en varios municipios de norte de Valle de Aburr\u00e1.<\/span><\/p>\n<p><span lang=\"ES\"><br \/>\nLa noche del 19 de diciembre de 2019, Roger Stiven Jim\u00e9nez Fl\u00f3rez, alias Ruso, cabecilla de la banda La Camila y quien estaba sentenciado a 16 a\u00f1os y 8 meses de prisi\u00f3n por tentativa de homicidio contra una menor de edad, se fug\u00f3 de la Estaci\u00f3n de Polic\u00eda del barrio Bel\u00e9n de Medell\u00edn.<\/span><\/p>\n<p><span lang=\"ES\"><br \/>\nPor esa fuga tienen medida de aseguramiento domiciliaria un intendente y un patrullero, quienes habr\u00edan recibido dinero del delincuente para facilitar su escape.<\/span><\/p>\n<p><span lang=\"ES\"><br \/>\nLa Fiscal\u00eda hace p\u00fablica esta informaci\u00f3n por razones de inter\u00e9s general.\u00a0<\/span><\/p>\n<p><span lang=\"ES\"><u><\/u>\u00a0<u><\/u><\/span><\/p>\n<p>LFML\/DLBM<\/p>\n\n<div class=\"twitter-share\"><a href=\"https:\/\/twitter.com\/intent\/tweet?via=fiscaliacol\" class=\"twitter-share-button\">Tweet<\/a><\/div>\n","protected":false},"excerpt":{"rendered":"<p>A penas que oscilan entre los\u00a048 y los 106 meses de prisi\u00f3n\u00a0fueron sentenciados 11 integrantes de una organizaci\u00f3n\u00a0criminal conocida como la Banda de La Camila,\u00a0dedicada a la\u00a0extorsi\u00f3n, el tr\u00e1fico de estupefacientes y el desplazamiento forzado. Con la decisi\u00f3n fueron cobijados Jos\u00e9 Arley Hidalgo Correa, alias Perrero; Jeferson Zapata P\u00e9rez, alias Higuita o Yayis; Juan David [&hellip;]<\/p>\n","protected":false},"author":163,"featured_media":0,"comment_status":"closed","ping_status":"open","sticky":false,"template":"","format":"standard","meta":{"tdm_status":"","tdm_grid_status":"","footnotes":""},"categories":[24098,318,303],"tags":[],"class_list":{"0":"post-196680","1":"post","2":"type-post","3":"status-publish","4":"format-standard","6":"category-crimen-organizado","7":"category-seccional-antioquia","8":"category-seccionales"},"yoast_head":"<!-- This site is optimized with the Yoast SEO plugin v24.3 - https:\/\/yoast.com\/wordpress\/plugins\/seo\/ -->\n<title>Fiscal\u00eda General de la Naci\u00f3n<\/title>\n<meta name=\"description\" content=\"P\u00e1gina oficial de la Fiscal\u00eda General de la Naci\u00f3n \u2013 Colombia. Garantizamos el acceso efectivo a la justicia, la verdad y la reparaci\u00f3n de las v\u00edctimas de los delitos.\" \/>\n<meta name=\"robots\" content=\"noindex, follow\" \/>\n<meta property=\"og:locale\" content=\"es_ES\" \/>\n<meta property=\"og:type\" content=\"article\" \/>\n<meta property=\"og:title\" content=\"Fiscal\u00eda General de la Naci\u00f3n\" \/>\n<meta property=\"og:description\" content=\"P\u00e1gina oficial de la Fiscal\u00eda General de la Naci\u00f3n \u2013 Colombia. Garantizamos el acceso efectivo a la justicia, la verdad y la reparaci\u00f3n de las v\u00edctimas de los delitos.\" \/>\n<meta property=\"og:url\" content=\"https:\/\/www.fiscalia.gov.co\/colombia\/crimen-organizado\/condenados-11-integrantes-de-banda-criminal-la-camila-que-delinque-en-8-barrios-de-bello-antioquia\/\" \/>\n<meta property=\"og:site_name\" content=\"Fiscal\u00eda General de la Naci\u00f3n\" \/>\n<meta property=\"article:publisher\" content=\"https:\/\/www.facebook.com\/FiscaliaCol\" \/>\n<meta property=\"article:published_time\" content=\"2020-07-02T20:28:21+00:00\" \/>\n<meta name=\"author\" content=\"Federico Bar\u00f3n\" \/>\n<meta name=\"twitter:card\" content=\"summary_large_image\" \/>\n<meta name=\"twitter:creator\" content=\"@FiscaliaCol\" \/>\n<meta name=\"twitter:site\" content=\"@FiscaliaCol\" \/>\n<meta name=\"twitter:label1\" content=\"Escrito por\" \/>\n\t<meta name=\"twitter:data1\" content=\"Federico Bar\u00f3n\" \/>\n\t<meta name=\"twitter:label2\" content=\"Tiempo de lectura\" \/>\n\t<meta name=\"twitter:data2\" content=\"2 minutos\" \/>\n<script type=\"application\/ld+json\" class=\"yoast-schema-graph\">{\"@context\":\"https:\/\/schema.org\",\"@graph\":[{\"@type\":\"Article\",\"@id\":\"https:\/\/www.fiscalia.gov.co\/colombia\/crimen-organizado\/condenados-11-integrantes-de-banda-criminal-la-camila-que-delinque-en-8-barrios-de-bello-antioquia\/#article\",\"isPartOf\":{\"@id\":\"https:\/\/www.fiscalia.gov.co\/colombia\/crimen-organizado\/condenados-11-integrantes-de-banda-criminal-la-camila-que-delinque-en-8-barrios-de-bello-antioquia\/\"},\"author\":{\"name\":\"Federico Bar\u00f3n\",\"@id\":\"https:\/\/www.fiscalia.gov.co\/colombia\/#\/schema\/person\/6c583a82254e9615e852ba9db84e67ee\"},\"headline\":\"Condenados 11 integrantes de banda criminal La Camila que delinque en 8 barrios de Bello (Antioquia)\",\"datePublished\":\"2020-07-02T20:28:21+00:00\",\"dateModified\":\"2020-07-02T20:28:21+00:00\",\"mainEntityOfPage\":{\"@id\":\"https:\/\/www.fiscalia.gov.co\/colombia\/crimen-organizado\/condenados-11-integrantes-de-banda-criminal-la-camila-que-delinque-en-8-barrios-de-bello-antioquia\/\"},\"wordCount\":421,\"publisher\":{\"@id\":\"https:\/\/www.fiscalia.gov.co\/colombia\/#organization\"},\"articleSection\":[\"Crimen organizado\",\"Seccional Antioquia\",\"Seccionales\"],\"inLanguage\":\"es-CO\"},{\"@type\":\"WebPage\",\"@id\":\"https:\/\/www.fiscalia.gov.co\/colombia\/crimen-organizado\/condenados-11-integrantes-de-banda-criminal-la-camila-que-delinque-en-8-barrios-de-bello-antioquia\/\",\"url\":\"https:\/\/www.fiscalia.gov.co\/colombia\/crimen-organizado\/condenados-11-integrantes-de-banda-criminal-la-camila-que-delinque-en-8-barrios-de-bello-antioquia\/\",\"name\":\"Fiscal\u00eda General de la Naci\u00f3n\",\"isPartOf\":{\"@id\":\"https:\/\/www.fiscalia.gov.co\/colombia\/#website\"},\"datePublished\":\"2020-07-02T20:28:21+00:00\",\"dateModified\":\"2020-07-02T20:28:21+00:00\",\"description\":\"P\u00e1gina oficial de la Fiscal\u00eda General de la Naci\u00f3n \u2013 Colombia. Garantizamos el acceso efectivo a la justicia, la verdad y la reparaci\u00f3n de las v\u00edctimas de los delitos.\",\"breadcrumb\":{\"@id\":\"https:\/\/www.fiscalia.gov.co\/colombia\/crimen-organizado\/condenados-11-integrantes-de-banda-criminal-la-camila-que-delinque-en-8-barrios-de-bello-antioquia\/#breadcrumb\"},\"inLanguage\":\"es-CO\",\"potentialAction\":[{\"@type\":\"ReadAction\",\"target\":[\"https:\/\/www.fiscalia.gov.co\/colombia\/crimen-organizado\/condenados-11-integrantes-de-banda-criminal-la-camila-que-delinque-en-8-barrios-de-bello-antioquia\/\"]}]},{\"@type\":\"BreadcrumbList\",\"@id\":\"https:\/\/www.fiscalia.gov.co\/colombia\/crimen-organizado\/condenados-11-integrantes-de-banda-criminal-la-camila-que-delinque-en-8-barrios-de-bello-antioquia\/#breadcrumb\",\"itemListElement\":[{\"@type\":\"ListItem\",\"position\":1,\"name\":\"Home\",\"item\":\"https:\/\/www.fiscalia.gov.co\/colombia\/\"},{\"@type\":\"ListItem\",\"position\":2,\"name\":\"Condenados 11 integrantes de banda criminal La Camila que delinque en 8 barrios de Bello (Antioquia)\"}]},{\"@type\":\"WebSite\",\"@id\":\"https:\/\/www.fiscalia.gov.co\/colombia\/#website\",\"url\":\"https:\/\/www.fiscalia.gov.co\/colombia\/\",\"name\":\"Fiscal\u00eda General de la Naci\u00f3n\",\"description\":\"P\u00e1gina oficial de la Fiscal\u00eda General de la Naci\u00f3n \u2013 Colombia. Garantizamos el acceso efectivo a la justicia, la verdad y la reparaci\u00f3n de las v\u00edctimas de los delitos.\",\"publisher\":{\"@id\":\"https:\/\/www.fiscalia.gov.co\/colombia\/#organization\"},\"potentialAction\":[{\"@type\":\"SearchAction\",\"target\":{\"@type\":\"EntryPoint\",\"urlTemplate\":\"https:\/\/www.fiscalia.gov.co\/colombia\/?s={search_term_string}\"},\"query-input\":{\"@type\":\"PropertyValueSpecification\",\"valueRequired\":true,\"valueName\":\"search_term_string\"}}],\"inLanguage\":\"es-CO\"},{\"@type\":\"Organization\",\"@id\":\"https:\/\/www.fiscalia.gov.co\/colombia\/#organization\",\"name\":\"Fiscal\u00eda General de la Naci\u00f3n\",\"url\":\"https:\/\/www.fiscalia.gov.co\/colombia\/\",\"logo\":{\"@type\":\"ImageObject\",\"inLanguage\":\"es-CO\",\"@id\":\"https:\/\/www.fiscalia.gov.co\/colombia\/#\/schema\/logo\/image\/\",\"url\":\"https:\/\/www.fiscalia.gov.co\/colombia\/wp-content\/uploads\/LogoHorizontal_1.jpg\",\"contentUrl\":\"https:\/\/www.fiscalia.gov.co\/colombia\/wp-content\/uploads\/LogoHorizontal_1.jpg\",\"width\":300,\"height\":90,\"caption\":\"Fiscal\u00eda General de la Naci\u00f3n\"},\"image\":{\"@id\":\"https:\/\/www.fiscalia.gov.co\/colombia\/#\/schema\/logo\/image\/\"},\"sameAs\":[\"https:\/\/www.facebook.com\/FiscaliaCol\",\"https:\/\/x.com\/FiscaliaCol\",\"https:\/\/www.instagram.com\/fiscaliacol\",\"https:\/\/www.linkedin.com\/company\/fiscalia-general-de-la-naci-n\/\",\"https:\/\/youtube.com\/@fiscaliageneraldelanacion-4668?si=6nN79nyQICPU5iTh\"]},{\"@type\":\"Person\",\"@id\":\"https:\/\/www.fiscalia.gov.co\/colombia\/#\/schema\/person\/6c583a82254e9615e852ba9db84e67ee\",\"name\":\"Federico Bar\u00f3n\",\"image\":{\"@type\":\"ImageObject\",\"inLanguage\":\"es-CO\",\"@id\":\"https:\/\/www.fiscalia.gov.co\/colombia\/#\/schema\/person\/image\/\",\"url\":\"https:\/\/secure.gravatar.com\/avatar\/30ff8ce2c54287c7927de9067165726c?s=96&d=mm&r=g\",\"contentUrl\":\"https:\/\/secure.gravatar.com\/avatar\/30ff8ce2c54287c7927de9067165726c?s=96&d=mm&r=g\",\"caption\":\"Federico Bar\u00f3n\"},\"url\":\"https:\/\/www.fiscalia.gov.co\/colombia\/author\/fbaron\/\"}]}<\/script>\n<!-- \/ Yoast SEO plugin. -->","yoast_head_json":{"title":"Fiscal\u00eda General de la Naci\u00f3n","description":"P\u00e1gina oficial de la Fiscal\u00eda General de la Naci\u00f3n \u2013 Colombia. Garantizamos el acceso efectivo a la justicia, la verdad y la reparaci\u00f3n de las v\u00edctimas de los delitos.","robots":{"index":"noindex","follow":"follow"},"og_locale":"es_ES","og_type":"article","og_title":"Fiscal\u00eda General de la Naci\u00f3n","og_description":"P\u00e1gina oficial de la Fiscal\u00eda General de la Naci\u00f3n \u2013 Colombia. Garantizamos el acceso efectivo a la justicia, la verdad y la reparaci\u00f3n de las v\u00edctimas de los delitos.","og_url":"https:\/\/www.fiscalia.gov.co\/colombia\/crimen-organizado\/condenados-11-integrantes-de-banda-criminal-la-camila-que-delinque-en-8-barrios-de-bello-antioquia\/","og_site_name":"Fiscal\u00eda General de la Naci\u00f3n","article_publisher":"https:\/\/www.facebook.com\/FiscaliaCol","article_published_time":"2020-07-02T20:28:21+00:00","author":"Federico Bar\u00f3n","twitter_card":"summary_large_image","twitter_creator":"@FiscaliaCol","twitter_site":"@FiscaliaCol","twitter_misc":{"Escrito por":"Federico Bar\u00f3n","Tiempo de lectura":"2 minutos"},"schema":{"@context":"https:\/\/schema.org","@graph":[{"@type":"Article","@id":"https:\/\/www.fiscalia.gov.co\/colombia\/crimen-organizado\/condenados-11-integrantes-de-banda-criminal-la-camila-que-delinque-en-8-barrios-de-bello-antioquia\/#article","isPartOf":{"@id":"https:\/\/www.fiscalia.gov.co\/colombia\/crimen-organizado\/condenados-11-integrantes-de-banda-criminal-la-camila-que-delinque-en-8-barrios-de-bello-antioquia\/"},"author":{"name":"Federico Bar\u00f3n","@id":"https:\/\/www.fiscalia.gov.co\/colombia\/#\/schema\/person\/6c583a82254e9615e852ba9db84e67ee"},"headline":"Condenados 11 integrantes de banda criminal La Camila que delinque en 8 barrios de Bello (Antioquia)","datePublished":"2020-07-02T20:28:21+00:00","dateModified":"2020-07-02T20:28:21+00:00","mainEntityOfPage":{"@id":"https:\/\/www.fiscalia.gov.co\/colombia\/crimen-organizado\/condenados-11-integrantes-de-banda-criminal-la-camila-que-delinque-en-8-barrios-de-bello-antioquia\/"},"wordCount":421,"publisher":{"@id":"https:\/\/www.fiscalia.gov.co\/colombia\/#organization"},"articleSection":["Crimen organizado","Seccional Antioquia","Seccionales"],"inLanguage":"es-CO"},{"@type":"WebPage","@id":"https:\/\/www.fiscalia.gov.co\/colombia\/crimen-organizado\/condenados-11-integrantes-de-banda-criminal-la-camila-que-delinque-en-8-barrios-de-bello-antioquia\/","url":"https:\/\/www.fiscalia.gov.co\/colombia\/crimen-organizado\/condenados-11-integrantes-de-banda-criminal-la-camila-que-delinque-en-8-barrios-de-bello-antioquia\/","name":"Fiscal\u00eda General de la Naci\u00f3n","isPartOf":{"@id":"https:\/\/www.fiscalia.gov.co\/colombia\/#website"},"datePublished":"2020-07-02T20:28:21+00:00","dateModified":"2020-07-02T20:28:21+00:00","description":"P\u00e1gina oficial de la Fiscal\u00eda General de la Naci\u00f3n \u2013 Colombia. Garantizamos el acceso efectivo a la justicia, la verdad y la reparaci\u00f3n de las v\u00edctimas de los delitos.","breadcrumb":{"@id":"https:\/\/www.fiscalia.gov.co\/colombia\/crimen-organizado\/condenados-11-integrantes-de-banda-criminal-la-camila-que-delinque-en-8-barrios-de-bello-antioquia\/#breadcrumb"},"inLanguage":"es-CO","potentialAction":[{"@type":"ReadAction","target":["https:\/\/www.fiscalia.gov.co\/colombia\/crimen-organizado\/condenados-11-integrantes-de-banda-criminal-la-camila-que-delinque-en-8-barrios-de-bello-antioquia\/"]}]},{"@type":"BreadcrumbList","@id":"https:\/\/www.fiscalia.gov.co\/colombia\/crimen-organizado\/condenados-11-integrantes-de-banda-criminal-la-camila-que-delinque-en-8-barrios-de-bello-antioquia\/#breadcrumb","itemListElement":[{"@type":"ListItem","position":1,"name":"Home","item":"https:\/\/www.fiscalia.gov.co\/colombia\/"},{"@type":"ListItem","position":2,"name":"Condenados 11 integrantes de banda criminal La Camila que delinque en 8 barrios de Bello (Antioquia)"}]},{"@type":"WebSite","@id":"https:\/\/www.fiscalia.gov.co\/colombia\/#website","url":"https:\/\/www.fiscalia.gov.co\/colombia\/","name":"Fiscal\u00eda General de la Naci\u00f3n","description":"P\u00e1gina oficial de la Fiscal\u00eda General de la Naci\u00f3n \u2013 Colombia. Garantizamos el acceso efectivo a la justicia, la verdad y la reparaci\u00f3n de las v\u00edctimas de los delitos.","publisher":{"@id":"https:\/\/www.fiscalia.gov.co\/colombia\/#organization"},"potentialAction":[{"@type":"SearchAction","target":{"@type":"EntryPoint","urlTemplate":"https:\/\/www.fiscalia.gov.co\/colombia\/?s={search_term_string}"},"query-input":{"@type":"PropertyValueSpecification","valueRequired":true,"valueName":"search_term_string"}}],"inLanguage":"es-CO"},{"@type":"Organization","@id":"https:\/\/www.fiscalia.gov.co\/colombia\/#organization","name":"Fiscal\u00eda General de la Naci\u00f3n","url":"https:\/\/www.fiscalia.gov.co\/colombia\/","logo":{"@type":"ImageObject","inLanguage":"es-CO","@id":"https:\/\/www.fiscalia.gov.co\/colombia\/#\/schema\/logo\/image\/","url":"https:\/\/www.fiscalia.gov.co\/colombia\/wp-content\/uploads\/LogoHorizontal_1.jpg","contentUrl":"https:\/\/www.fiscalia.gov.co\/colombia\/wp-content\/uploads\/LogoHorizontal_1.jpg","width":300,"height":90,"caption":"Fiscal\u00eda General de la Naci\u00f3n"},"image":{"@id":"https:\/\/www.fiscalia.gov.co\/colombia\/#\/schema\/logo\/image\/"},"sameAs":["https:\/\/www.facebook.com\/FiscaliaCol","https:\/\/x.com\/FiscaliaCol","https:\/\/www.instagram.com\/fiscaliacol","https:\/\/www.linkedin.com\/company\/fiscalia-general-de-la-naci-n\/","https:\/\/youtube.com\/@fiscaliageneraldelanacion-4668?si=6nN79nyQICPU5iTh"]},{"@type":"Person","@id":"https:\/\/www.fiscalia.gov.co\/colombia\/#\/schema\/person\/6c583a82254e9615e852ba9db84e67ee","name":"Federico Bar\u00f3n","image":{"@type":"ImageObject","inLanguage":"es-CO","@id":"https:\/\/www.fiscalia.gov.co\/colombia\/#\/schema\/person\/image\/","url":"https:\/\/secure.gravatar.com\/avatar\/30ff8ce2c54287c7927de9067165726c?s=96&d=mm&r=g","contentUrl":"https:\/\/secure.gravatar.com\/avatar\/30ff8ce2c54287c7927de9067165726c?s=96&d=mm&r=g","caption":"Federico Bar\u00f3n"},"url":"https:\/\/www.fiscalia.gov.co\/colombia\/author\/fbaron\/"}]}},"_links":{"self":[{"href":"https:\/\/www.fiscalia.gov.co\/colombia\/wp-json\/wp\/v2\/posts\/196680","targetHints":{"allow":["GET"]}}],"collection":[{"href":"https:\/\/www.fiscalia.gov.co\/colombia\/wp-json\/wp\/v2\/posts"}],"about":[{"href":"https:\/\/www.fiscalia.gov.co\/colombia\/wp-json\/wp\/v2\/types\/post"}],"author":[{"embeddable":true,"href":"https:\/\/www.fiscalia.gov.co\/colombia\/wp-json\/wp\/v2\/users\/163"}],"replies":[{"embeddable":true,"href":"https:\/\/www.fiscalia.gov.co\/colombia\/wp-json\/wp\/v2\/comments?post=196680"}],"version-history":[{"count":1,"href":"https:\/\/www.fiscalia.gov.co\/colombia\/wp-json\/wp\/v2\/posts\/196680\/revisions"}],"predecessor-version":[{"id":196691,"href":"https:\/\/www.fiscalia.gov.co\/colombia\/wp-json\/wp\/v2\/posts\/196680\/revisions\/196691"}],"wp:attachment":[{"href":"https:\/\/www.fiscalia.gov.co\/colombia\/wp-json\/wp\/v2\/media?parent=196680"}],"wp:term":[{"taxonomy":"category","embeddable":true,"href":"https:\/\/www.fiscalia.gov.co\/colombia\/wp-json\/wp\/v2\/categories?post=196680"},{"taxonomy":"post_tag","embeddable":true,"href":"https:\/\/www.fiscalia.gov.co\/colombia\/wp-json\/wp\/v2\/tags?post=196680"}],"curies":[{"name":"wp","href":"https:\/\/api.w.org\/{rel}","templated":true}]}}