{"id":196645,"date":"2020-07-02T08:44:44","date_gmt":"2020-07-02T13:44:44","guid":{"rendered":"https:\/\/www.fiscalia.gov.co\/colombia\/?p=196645"},"modified":"2020-07-02T08:44:44","modified_gmt":"2020-07-02T13:44:44","slug":"detencion-domiciliaria-para-alcalde-y-contratista-de-la-palma-cundinamarca-por-presuntos-sobrecostos-en-mercados-para-atender-emergencia-sanitaria-por-covid-19","status":"publish","type":"post","link":"https:\/\/www.fiscalia.gov.co\/colombia\/corrupcion\/detencion-domiciliaria-para-alcalde-y-contratista-de-la-palma-cundinamarca-por-presuntos-sobrecostos-en-mercados-para-atender-emergencia-sanitaria-por-covid-19\/","title":{"rendered":"Detenci\u00f3n domiciliaria para alcalde y contratista de La Palma (Cundinamarca) por presuntos sobrecostos en mercados para atender emergencia sanitaria por Covid-19"},"content":{"rendered":"<p style=\"font-weight: 400;\">En desarrollo de la estrategia de lucha contra la corrupci\u00f3n, la Fiscal\u00eda General de la Naci\u00f3n logr\u00f3 la judicializaci\u00f3n y\u00a0<strong>medida de aseguramiento<\/strong>\u00a0en contra del alcalde de La Palma (Cundinamarca), John Jairo Pulido Pulgar\u00edn; y al contratista Jos\u00e9 Ra\u00fal Cruz Quintero, como presuntos responsables de las irregularidades detectadas en el\u00a0<strong>contrato 073 del 30 de marzo 2020 para el suministro de productos de consumo b\u00e1sico y de aseo<\/strong>\u00a0a la poblaci\u00f3n vulnerable durante la pandemia del Covid-19.<\/p>\n<p style=\"font-weight: 400;\">Una fiscal\u00eda especializada adscrita a la Unidad de Administraci\u00f3n P\u00fablica de la Seccional Cundinamarca, en coordinaci\u00f3n con la Direcci\u00f3n Anticorrupci\u00f3n de la Fiscal\u00eda General, con base en el material probatorio recaudado, les imput\u00f3 al alcalde Pulido Pulgar\u00edn y a Cruz Quintero, en calidad de coautor e interviniente, respectivamente, los delitos de\u00a0<strong>contrato sin el cumplimiento de los requisitos legales<\/strong>,\u00a0<strong>inter\u00e9s indebido en la celebraci\u00f3n de contratos<\/strong>,\u00a0<strong>peculado<\/strong>\u00a0<strong>en la modalidad de tentativa<\/strong>\u00a0y\u00a0<strong>falsedad ideol\u00f3gica en documento p\u00fablico<\/strong>.<\/p>\n<p style=\"font-weight: 400;\">De acuerdo con los hallazgos del ente acusador, el precio del contrato ascendi\u00f3 a 65 millones de pesos por los\u00a0<strong>posibles sobrecostos facturados en los productos.<\/strong><\/p>\n<p style=\"font-weight: 400;\">Se evidenci\u00f3 que el mandatario local y el contratista, al parecer, no documentaron el c\u00f3mo, cu\u00e1ndo, d\u00f3nde y a qui\u00e9nes espec\u00edficamente se entregaron los mercados, los kits de aseo y de seguridad personal, que deb\u00edan ser destinados a las familias afectadas por la emergencia sanitaria en el municipio de La Palma.<\/p>\n<p style=\"font-weight: 400;\">Se presume que se habr\u00edan vulnerado los principios de transparencia y selecci\u00f3n objetiva, toda vez que\u00a0<strong>el dise\u00f1o del contrato y su adjudicaci\u00f3n no se ajustan a los requerimientos que exige la ley<\/strong>\u00a0en estos casos.<\/p>\n<p style=\"font-weight: 400;\">\u201cDesde un principio, al alcalde Pulido Pulgar\u00edn le asist\u00eda un inter\u00e9s por adjudicarle a este empresario el contrato, como lo hizo saber p\u00fablicamente varias veces en los medios de comunicaci\u00f3n; incluso, en entregarle la administraci\u00f3n de un parque automotor del Municipio, dinero que no alcanz\u00f3 a salir de las arcas de la poblaci\u00f3n\u201d, sostuvo la representante de la Fiscal\u00eda al hacer la imputaci\u00f3n.<\/p>\n<p style=\"font-weight: 400;\">Al t\u00e9rmino de las audiencias, el juez les impuso la\u00a0<strong>detenci\u00f3n domiciliaria<\/strong>\u00a0a los investigados como medida de aseguramiento preventiva.<\/p>\n<p>&nbsp;<\/p>\n<p style=\"font-weight: 400;\">La Fiscal\u00eda hace p\u00fablica esta informaci\u00f3n por razones de inter\u00e9s general.<\/p>\n\n<div class=\"twitter-share\"><a href=\"https:\/\/twitter.com\/intent\/tweet?via=fiscaliacol\" class=\"twitter-share-button\">Tweet<\/a><\/div>\n","protected":false},"excerpt":{"rendered":"<p>En desarrollo de la estrategia de lucha contra la corrupci\u00f3n, la Fiscal\u00eda General de la Naci\u00f3n logr\u00f3 la judicializaci\u00f3n y\u00a0medida de aseguramiento\u00a0en contra del alcalde de La Palma (Cundinamarca), John Jairo Pulido Pulgar\u00edn; y al contratista Jos\u00e9 Ra\u00fal Cruz Quintero, como presuntos responsables de las irregularidades detectadas en el\u00a0contrato 073 del 30 de marzo 2020 [&hellip;]<\/p>\n","protected":false},"author":163,"featured_media":0,"comment_status":"closed","ping_status":"open","sticky":false,"template":"","format":"standard","meta":{"_price":"","_stock":"","_tribe_ticket_header":"","_tribe_default_ticket_provider":"","_tribe_ticket_capacity":"0","_ticket_start_date":"","_ticket_end_date":"","_tribe_ticket_show_description":"","_tribe_ticket_show_not_going":false,"_tribe_ticket_use_global_stock":"","_tribe_ticket_global_stock_level":"","_global_stock_mode":"","_global_stock_cap":"","_tribe_rsvp_for_event":"","_tribe_ticket_going_count":"","_tribe_ticket_not_going_count":"","_tribe_tickets_list":"[]","_tribe_ticket_has_attendee_info_fields":false,"tdm_status":"","tdm_grid_status":"","footnotes":""},"categories":[24097,327,303],"tags":[],"class_list":{"0":"post-196645","1":"post","2":"type-post","3":"status-publish","4":"format-standard","6":"category-corrupcion","7":"category-seccional-cundinamarca","8":"category-seccionales"},"yoast_head":"<!-- This site is optimized with the Yoast SEO plugin v24.3 - https:\/\/yoast.com\/wordpress\/plugins\/seo\/ -->\n<title>Fiscal\u00eda General de la Naci\u00f3n<\/title>\n<meta name=\"description\" content=\"P\u00e1gina oficial de la Fiscal\u00eda General de la Naci\u00f3n \u2013 Colombia. Garantizamos el acceso efectivo a la justicia, la verdad y la reparaci\u00f3n de las v\u00edctimas de los delitos.\" \/>\n<meta name=\"robots\" content=\"noindex, follow\" \/>\n<meta property=\"og:locale\" content=\"es_ES\" \/>\n<meta property=\"og:type\" content=\"article\" \/>\n<meta property=\"og:title\" content=\"Fiscal\u00eda General de la Naci\u00f3n\" \/>\n<meta property=\"og:description\" content=\"P\u00e1gina oficial de la Fiscal\u00eda General de la Naci\u00f3n \u2013 Colombia. Garantizamos el acceso efectivo a la justicia, la verdad y la reparaci\u00f3n de las v\u00edctimas de los delitos.\" \/>\n<meta property=\"og:url\" content=\"https:\/\/www.fiscalia.gov.co\/colombia\/corrupcion\/detencion-domiciliaria-para-alcalde-y-contratista-de-la-palma-cundinamarca-por-presuntos-sobrecostos-en-mercados-para-atender-emergencia-sanitaria-por-covid-19\/\" \/>\n<meta property=\"og:site_name\" content=\"Fiscal\u00eda General de la Naci\u00f3n\" \/>\n<meta property=\"article:publisher\" content=\"https:\/\/www.facebook.com\/FiscaliaCol\" \/>\n<meta property=\"article:published_time\" content=\"2020-07-02T13:44:44+00:00\" \/>\n<meta name=\"author\" content=\"Federico Bar\u00f3n\" \/>\n<meta name=\"twitter:card\" content=\"summary_large_image\" \/>\n<meta name=\"twitter:creator\" content=\"@FiscaliaCol\" \/>\n<meta name=\"twitter:site\" content=\"@FiscaliaCol\" \/>\n<meta name=\"twitter:label1\" content=\"Escrito por\" \/>\n\t<meta name=\"twitter:data1\" content=\"Federico Bar\u00f3n\" \/>\n\t<meta name=\"twitter:label2\" content=\"Tiempo de lectura\" \/>\n\t<meta name=\"twitter:data2\" content=\"2 minutos\" \/>\n<script type=\"application\/ld+json\" class=\"yoast-schema-graph\">{\"@context\":\"https:\/\/schema.org\",\"@graph\":[{\"@type\":\"Article\",\"@id\":\"https:\/\/www.fiscalia.gov.co\/colombia\/corrupcion\/detencion-domiciliaria-para-alcalde-y-contratista-de-la-palma-cundinamarca-por-presuntos-sobrecostos-en-mercados-para-atender-emergencia-sanitaria-por-covid-19\/#article\",\"isPartOf\":{\"@id\":\"https:\/\/www.fiscalia.gov.co\/colombia\/corrupcion\/detencion-domiciliaria-para-alcalde-y-contratista-de-la-palma-cundinamarca-por-presuntos-sobrecostos-en-mercados-para-atender-emergencia-sanitaria-por-covid-19\/\"},\"author\":{\"name\":\"Federico Bar\u00f3n\",\"@id\":\"https:\/\/www.fiscalia.gov.co\/colombia\/#\/schema\/person\/6c583a82254e9615e852ba9db84e67ee\"},\"headline\":\"Detenci\u00f3n domiciliaria para alcalde y contratista de La Palma (Cundinamarca) por presuntos sobrecostos en mercados para atender emergencia sanitaria por Covid-19\",\"datePublished\":\"2020-07-02T13:44:44+00:00\",\"dateModified\":\"2020-07-02T13:44:44+00:00\",\"mainEntityOfPage\":{\"@id\":\"https:\/\/www.fiscalia.gov.co\/colombia\/corrupcion\/detencion-domiciliaria-para-alcalde-y-contratista-de-la-palma-cundinamarca-por-presuntos-sobrecostos-en-mercados-para-atender-emergencia-sanitaria-por-covid-19\/\"},\"wordCount\":427,\"publisher\":{\"@id\":\"https:\/\/www.fiscalia.gov.co\/colombia\/#organization\"},\"articleSection\":[\"Corrupci\u00f3n\",\"Seccional Cundinamarca\",\"Seccionales\"],\"inLanguage\":\"es-CO\"},{\"@type\":\"WebPage\",\"@id\":\"https:\/\/www.fiscalia.gov.co\/colombia\/corrupcion\/detencion-domiciliaria-para-alcalde-y-contratista-de-la-palma-cundinamarca-por-presuntos-sobrecostos-en-mercados-para-atender-emergencia-sanitaria-por-covid-19\/\",\"url\":\"https:\/\/www.fiscalia.gov.co\/colombia\/corrupcion\/detencion-domiciliaria-para-alcalde-y-contratista-de-la-palma-cundinamarca-por-presuntos-sobrecostos-en-mercados-para-atender-emergencia-sanitaria-por-covid-19\/\",\"name\":\"Fiscal\u00eda General de la Naci\u00f3n\",\"isPartOf\":{\"@id\":\"https:\/\/www.fiscalia.gov.co\/colombia\/#website\"},\"datePublished\":\"2020-07-02T13:44:44+00:00\",\"dateModified\":\"2020-07-02T13:44:44+00:00\",\"description\":\"P\u00e1gina oficial de la Fiscal\u00eda General de la Naci\u00f3n \u2013 Colombia. Garantizamos el acceso efectivo a la justicia, la verdad y la reparaci\u00f3n de las v\u00edctimas de los delitos.\",\"breadcrumb\":{\"@id\":\"https:\/\/www.fiscalia.gov.co\/colombia\/corrupcion\/detencion-domiciliaria-para-alcalde-y-contratista-de-la-palma-cundinamarca-por-presuntos-sobrecostos-en-mercados-para-atender-emergencia-sanitaria-por-covid-19\/#breadcrumb\"},\"inLanguage\":\"es-CO\",\"potentialAction\":[{\"@type\":\"ReadAction\",\"target\":[\"https:\/\/www.fiscalia.gov.co\/colombia\/corrupcion\/detencion-domiciliaria-para-alcalde-y-contratista-de-la-palma-cundinamarca-por-presuntos-sobrecostos-en-mercados-para-atender-emergencia-sanitaria-por-covid-19\/\"]}]},{\"@type\":\"BreadcrumbList\",\"@id\":\"https:\/\/www.fiscalia.gov.co\/colombia\/corrupcion\/detencion-domiciliaria-para-alcalde-y-contratista-de-la-palma-cundinamarca-por-presuntos-sobrecostos-en-mercados-para-atender-emergencia-sanitaria-por-covid-19\/#breadcrumb\",\"itemListElement\":[{\"@type\":\"ListItem\",\"position\":1,\"name\":\"Home\",\"item\":\"https:\/\/www.fiscalia.gov.co\/colombia\/\"},{\"@type\":\"ListItem\",\"position\":2,\"name\":\"Detenci\u00f3n domiciliaria para alcalde y contratista de La Palma (Cundinamarca) por presuntos sobrecostos en mercados para atender emergencia sanitaria por Covid-19\"}]},{\"@type\":\"WebSite\",\"@id\":\"https:\/\/www.fiscalia.gov.co\/colombia\/#website\",\"url\":\"https:\/\/www.fiscalia.gov.co\/colombia\/\",\"name\":\"Fiscal\u00eda General de la Naci\u00f3n\",\"description\":\"P\u00e1gina oficial de la Fiscal\u00eda General de la Naci\u00f3n \u2013 Colombia. Garantizamos el acceso efectivo a la justicia, la verdad y la reparaci\u00f3n de las v\u00edctimas de los delitos.\",\"publisher\":{\"@id\":\"https:\/\/www.fiscalia.gov.co\/colombia\/#organization\"},\"potentialAction\":[{\"@type\":\"SearchAction\",\"target\":{\"@type\":\"EntryPoint\",\"urlTemplate\":\"https:\/\/www.fiscalia.gov.co\/colombia\/?s={search_term_string}\"},\"query-input\":{\"@type\":\"PropertyValueSpecification\",\"valueRequired\":true,\"valueName\":\"search_term_string\"}}],\"inLanguage\":\"es-CO\"},{\"@type\":\"Organization\",\"@id\":\"https:\/\/www.fiscalia.gov.co\/colombia\/#organization\",\"name\":\"Fiscal\u00eda General de la Naci\u00f3n\",\"url\":\"https:\/\/www.fiscalia.gov.co\/colombia\/\",\"logo\":{\"@type\":\"ImageObject\",\"inLanguage\":\"es-CO\",\"@id\":\"https:\/\/www.fiscalia.gov.co\/colombia\/#\/schema\/logo\/image\/\",\"url\":\"https:\/\/www.fiscalia.gov.co\/colombia\/wp-content\/uploads\/LogoHorizontal_1.jpg\",\"contentUrl\":\"https:\/\/www.fiscalia.gov.co\/colombia\/wp-content\/uploads\/LogoHorizontal_1.jpg\",\"width\":300,\"height\":90,\"caption\":\"Fiscal\u00eda General de la Naci\u00f3n\"},\"image\":{\"@id\":\"https:\/\/www.fiscalia.gov.co\/colombia\/#\/schema\/logo\/image\/\"},\"sameAs\":[\"https:\/\/www.facebook.com\/FiscaliaCol\",\"https:\/\/x.com\/FiscaliaCol\",\"https:\/\/www.instagram.com\/fiscaliacol\",\"https:\/\/www.linkedin.com\/company\/fiscalia-general-de-la-naci-n\/\",\"https:\/\/youtube.com\/@fiscaliageneraldelanacion-4668?si=6nN79nyQICPU5iTh\"]},{\"@type\":\"Person\",\"@id\":\"https:\/\/www.fiscalia.gov.co\/colombia\/#\/schema\/person\/6c583a82254e9615e852ba9db84e67ee\",\"name\":\"Federico Bar\u00f3n\",\"image\":{\"@type\":\"ImageObject\",\"inLanguage\":\"es-CO\",\"@id\":\"https:\/\/www.fiscalia.gov.co\/colombia\/#\/schema\/person\/image\/\",\"url\":\"https:\/\/secure.gravatar.com\/avatar\/30ff8ce2c54287c7927de9067165726c?s=96&d=mm&r=g\",\"contentUrl\":\"https:\/\/secure.gravatar.com\/avatar\/30ff8ce2c54287c7927de9067165726c?s=96&d=mm&r=g\",\"caption\":\"Federico Bar\u00f3n\"},\"url\":\"https:\/\/www.fiscalia.gov.co\/colombia\/author\/fbaron\/\"}]}<\/script>\n<!-- \/ Yoast SEO plugin. -->","yoast_head_json":{"title":"Fiscal\u00eda General de la Naci\u00f3n","description":"P\u00e1gina oficial de la Fiscal\u00eda General de la Naci\u00f3n \u2013 Colombia. Garantizamos el acceso efectivo a la justicia, la verdad y la reparaci\u00f3n de las v\u00edctimas de los delitos.","robots":{"index":"noindex","follow":"follow"},"og_locale":"es_ES","og_type":"article","og_title":"Fiscal\u00eda General de la Naci\u00f3n","og_description":"P\u00e1gina oficial de la Fiscal\u00eda General de la Naci\u00f3n \u2013 Colombia. Garantizamos el acceso efectivo a la justicia, la verdad y la reparaci\u00f3n de las v\u00edctimas de los delitos.","og_url":"https:\/\/www.fiscalia.gov.co\/colombia\/corrupcion\/detencion-domiciliaria-para-alcalde-y-contratista-de-la-palma-cundinamarca-por-presuntos-sobrecostos-en-mercados-para-atender-emergencia-sanitaria-por-covid-19\/","og_site_name":"Fiscal\u00eda General de la Naci\u00f3n","article_publisher":"https:\/\/www.facebook.com\/FiscaliaCol","article_published_time":"2020-07-02T13:44:44+00:00","author":"Federico Bar\u00f3n","twitter_card":"summary_large_image","twitter_creator":"@FiscaliaCol","twitter_site":"@FiscaliaCol","twitter_misc":{"Escrito por":"Federico Bar\u00f3n","Tiempo de lectura":"2 minutos"},"schema":{"@context":"https:\/\/schema.org","@graph":[{"@type":"Article","@id":"https:\/\/www.fiscalia.gov.co\/colombia\/corrupcion\/detencion-domiciliaria-para-alcalde-y-contratista-de-la-palma-cundinamarca-por-presuntos-sobrecostos-en-mercados-para-atender-emergencia-sanitaria-por-covid-19\/#article","isPartOf":{"@id":"https:\/\/www.fiscalia.gov.co\/colombia\/corrupcion\/detencion-domiciliaria-para-alcalde-y-contratista-de-la-palma-cundinamarca-por-presuntos-sobrecostos-en-mercados-para-atender-emergencia-sanitaria-por-covid-19\/"},"author":{"name":"Federico Bar\u00f3n","@id":"https:\/\/www.fiscalia.gov.co\/colombia\/#\/schema\/person\/6c583a82254e9615e852ba9db84e67ee"},"headline":"Detenci\u00f3n domiciliaria para alcalde y contratista de La Palma (Cundinamarca) por presuntos sobrecostos en mercados para atender emergencia sanitaria por Covid-19","datePublished":"2020-07-02T13:44:44+00:00","dateModified":"2020-07-02T13:44:44+00:00","mainEntityOfPage":{"@id":"https:\/\/www.fiscalia.gov.co\/colombia\/corrupcion\/detencion-domiciliaria-para-alcalde-y-contratista-de-la-palma-cundinamarca-por-presuntos-sobrecostos-en-mercados-para-atender-emergencia-sanitaria-por-covid-19\/"},"wordCount":427,"publisher":{"@id":"https:\/\/www.fiscalia.gov.co\/colombia\/#organization"},"articleSection":["Corrupci\u00f3n","Seccional Cundinamarca","Seccionales"],"inLanguage":"es-CO"},{"@type":"WebPage","@id":"https:\/\/www.fiscalia.gov.co\/colombia\/corrupcion\/detencion-domiciliaria-para-alcalde-y-contratista-de-la-palma-cundinamarca-por-presuntos-sobrecostos-en-mercados-para-atender-emergencia-sanitaria-por-covid-19\/","url":"https:\/\/www.fiscalia.gov.co\/colombia\/corrupcion\/detencion-domiciliaria-para-alcalde-y-contratista-de-la-palma-cundinamarca-por-presuntos-sobrecostos-en-mercados-para-atender-emergencia-sanitaria-por-covid-19\/","name":"Fiscal\u00eda General de la Naci\u00f3n","isPartOf":{"@id":"https:\/\/www.fiscalia.gov.co\/colombia\/#website"},"datePublished":"2020-07-02T13:44:44+00:00","dateModified":"2020-07-02T13:44:44+00:00","description":"P\u00e1gina oficial de la Fiscal\u00eda General de la Naci\u00f3n \u2013 Colombia. Garantizamos el acceso efectivo a la justicia, la verdad y la reparaci\u00f3n de las v\u00edctimas de los delitos.","breadcrumb":{"@id":"https:\/\/www.fiscalia.gov.co\/colombia\/corrupcion\/detencion-domiciliaria-para-alcalde-y-contratista-de-la-palma-cundinamarca-por-presuntos-sobrecostos-en-mercados-para-atender-emergencia-sanitaria-por-covid-19\/#breadcrumb"},"inLanguage":"es-CO","potentialAction":[{"@type":"ReadAction","target":["https:\/\/www.fiscalia.gov.co\/colombia\/corrupcion\/detencion-domiciliaria-para-alcalde-y-contratista-de-la-palma-cundinamarca-por-presuntos-sobrecostos-en-mercados-para-atender-emergencia-sanitaria-por-covid-19\/"]}]},{"@type":"BreadcrumbList","@id":"https:\/\/www.fiscalia.gov.co\/colombia\/corrupcion\/detencion-domiciliaria-para-alcalde-y-contratista-de-la-palma-cundinamarca-por-presuntos-sobrecostos-en-mercados-para-atender-emergencia-sanitaria-por-covid-19\/#breadcrumb","itemListElement":[{"@type":"ListItem","position":1,"name":"Home","item":"https:\/\/www.fiscalia.gov.co\/colombia\/"},{"@type":"ListItem","position":2,"name":"Detenci\u00f3n domiciliaria para alcalde y contratista de La Palma (Cundinamarca) por presuntos sobrecostos en mercados para atender emergencia sanitaria por Covid-19"}]},{"@type":"WebSite","@id":"https:\/\/www.fiscalia.gov.co\/colombia\/#website","url":"https:\/\/www.fiscalia.gov.co\/colombia\/","name":"Fiscal\u00eda General de la Naci\u00f3n","description":"P\u00e1gina oficial de la Fiscal\u00eda General de la Naci\u00f3n \u2013 Colombia. Garantizamos el acceso efectivo a la justicia, la verdad y la reparaci\u00f3n de las v\u00edctimas de los delitos.","publisher":{"@id":"https:\/\/www.fiscalia.gov.co\/colombia\/#organization"},"potentialAction":[{"@type":"SearchAction","target":{"@type":"EntryPoint","urlTemplate":"https:\/\/www.fiscalia.gov.co\/colombia\/?s={search_term_string}"},"query-input":{"@type":"PropertyValueSpecification","valueRequired":true,"valueName":"search_term_string"}}],"inLanguage":"es-CO"},{"@type":"Organization","@id":"https:\/\/www.fiscalia.gov.co\/colombia\/#organization","name":"Fiscal\u00eda General de la Naci\u00f3n","url":"https:\/\/www.fiscalia.gov.co\/colombia\/","logo":{"@type":"ImageObject","inLanguage":"es-CO","@id":"https:\/\/www.fiscalia.gov.co\/colombia\/#\/schema\/logo\/image\/","url":"https:\/\/www.fiscalia.gov.co\/colombia\/wp-content\/uploads\/LogoHorizontal_1.jpg","contentUrl":"https:\/\/www.fiscalia.gov.co\/colombia\/wp-content\/uploads\/LogoHorizontal_1.jpg","width":300,"height":90,"caption":"Fiscal\u00eda General de la Naci\u00f3n"},"image":{"@id":"https:\/\/www.fiscalia.gov.co\/colombia\/#\/schema\/logo\/image\/"},"sameAs":["https:\/\/www.facebook.com\/FiscaliaCol","https:\/\/x.com\/FiscaliaCol","https:\/\/www.instagram.com\/fiscaliacol","https:\/\/www.linkedin.com\/company\/fiscalia-general-de-la-naci-n\/","https:\/\/youtube.com\/@fiscaliageneraldelanacion-4668?si=6nN79nyQICPU5iTh"]},{"@type":"Person","@id":"https:\/\/www.fiscalia.gov.co\/colombia\/#\/schema\/person\/6c583a82254e9615e852ba9db84e67ee","name":"Federico Bar\u00f3n","image":{"@type":"ImageObject","inLanguage":"es-CO","@id":"https:\/\/www.fiscalia.gov.co\/colombia\/#\/schema\/person\/image\/","url":"https:\/\/secure.gravatar.com\/avatar\/30ff8ce2c54287c7927de9067165726c?s=96&d=mm&r=g","contentUrl":"https:\/\/secure.gravatar.com\/avatar\/30ff8ce2c54287c7927de9067165726c?s=96&d=mm&r=g","caption":"Federico Bar\u00f3n"},"url":"https:\/\/www.fiscalia.gov.co\/colombia\/author\/fbaron\/"}]}},"_links":{"self":[{"href":"https:\/\/www.fiscalia.gov.co\/colombia\/wp-json\/wp\/v2\/posts\/196645","targetHints":{"allow":["GET"]}}],"collection":[{"href":"https:\/\/www.fiscalia.gov.co\/colombia\/wp-json\/wp\/v2\/posts"}],"about":[{"href":"https:\/\/www.fiscalia.gov.co\/colombia\/wp-json\/wp\/v2\/types\/post"}],"author":[{"embeddable":true,"href":"https:\/\/www.fiscalia.gov.co\/colombia\/wp-json\/wp\/v2\/users\/163"}],"replies":[{"embeddable":true,"href":"https:\/\/www.fiscalia.gov.co\/colombia\/wp-json\/wp\/v2\/comments?post=196645"}],"version-history":[{"count":1,"href":"https:\/\/www.fiscalia.gov.co\/colombia\/wp-json\/wp\/v2\/posts\/196645\/revisions"}],"predecessor-version":[{"id":196646,"href":"https:\/\/www.fiscalia.gov.co\/colombia\/wp-json\/wp\/v2\/posts\/196645\/revisions\/196646"}],"wp:attachment":[{"href":"https:\/\/www.fiscalia.gov.co\/colombia\/wp-json\/wp\/v2\/media?parent=196645"}],"wp:term":[{"taxonomy":"category","embeddable":true,"href":"https:\/\/www.fiscalia.gov.co\/colombia\/wp-json\/wp\/v2\/categories?post=196645"},{"taxonomy":"post_tag","embeddable":true,"href":"https:\/\/www.fiscalia.gov.co\/colombia\/wp-json\/wp\/v2\/tags?post=196645"}],"curies":[{"name":"wp","href":"https:\/\/api.w.org\/{rel}","templated":true}]}}