{"id":196023,"date":"2020-06-21T19:08:54","date_gmt":"2020-06-22T00:08:54","guid":{"rendered":"https:\/\/www.fiscalia.gov.co\/colombia\/?p=196023"},"modified":"2020-06-21T19:08:54","modified_gmt":"2020-06-22T00:08:54","slug":"fiscalia-fortalece-estrategia-para-el-esclarecimiento-efectivo-de-homicidios-en-el-pais","status":"publish","type":"post","link":"https:\/\/www.fiscalia.gov.co\/colombia\/noticias\/fiscalia-fortalece-estrategia-para-el-esclarecimiento-efectivo-de-homicidios-en-el-pais\/","title":{"rendered":"Fiscal\u00eda fortalece estrategia para el esclarecimiento efectivo de homicidios en el pa\u00eds"},"content":{"rendered":"<blockquote class=\"td_quote_box td_box_center\">\n<h4 style=\"text-align: left;\"><strong><em>En las seccionales se han destacado grupos de fiscales y polic\u00eda judicial concentrando esfuerzos para judicializar a los responsables de este delito.<\/em><\/strong><\/h4>\n<\/blockquote>\n<p>Para la Fiscal\u00eda General de la Naci\u00f3n se encuentran priorizados los delitos que afectan gravemente la seguridad ciudadana.\u00a0 En ese sentido y ante el incremento de los homicidios dolosos, la entidad adelanta una estrategia conjunta con la polic\u00eda judicial CTI y SIJIN con el fin de esclarecer hechos que atenten contra la vida de los ciudadanos.<\/p>\n<p>La Delegada para la Seguridad Ciudadana, Carmen Torres Malaver, ha resaltado el trabajo articulado entre fiscales y polic\u00eda judicial que en cada una de las seccionales ha permitido no solo la materializaci\u00f3n de capturas, sino el impacto de organizaciones delincuenciales que, dedicadas al microtr\u00e1fico y al hurto, tambi\u00e9n participan en la comisi\u00f3n de homicidios.<\/p>\n<p>\u201cTrabajan 24 horas en el esclarecimiento de estos hechos ocurridos en el a\u00f1o 2020. Por tal motivo se contin\u00faan las judicializaciones, las capturas y la realizaci\u00f3n de audiencias de manera virtual a\u00fan en \u00e9poca de pandemia. El resultado de estos equipos articulados de fiscales y polic\u00eda judicial se ve reflejado no solo en la materializaci\u00f3n de capturas individuales sino tambi\u00e9n en el impacto a organizaciones delincuenciales\u201d, se\u00f1al\u00f3 la funcionaria.<\/p>\n<p>En el caso de Bogot\u00e1, se identificaron las zonas de la ciudad donde m\u00e1s se cometieron delitos que afectaban la vida de los capitalinos. Por ello, desde el 20 de mayo, el grupo especial de fiscales de la Unidad de Vida concentr\u00f3 esfuerzos y prioriz\u00f3 las localidades de Ciudad Bol\u00edvar, Kennedy, M\u00e1rtires, Rafael Uribe y Bosa.<\/p>\n<p>El trabajo articulado logr\u00f3 que se impactaran organizaciones criminales dedicadas al microtr\u00e1fico y hurto, que en muchos casos desencadenaban en homicidios dolosos por disputas territoriales, y apoderamiento de los dineros recaudados de forma il\u00edcita, producto de la venta de estupefacientes.<\/p>\n<p>En total fueron desarticuladas 4 organizaciones criminales implicadas en la comisi\u00f3n de homicidios y 16 de sus integrantes fueron cobijados con medida de aseguramiento privativa de la libertad. En ese contexto se identificaron 2 de las bandas ten\u00edan incidencia en la localidad de Ciudad Bol\u00edvar, 1 en Kennedy y la otra habr\u00eda cometido delitos en otras zonas del pa\u00eds.<\/p>\n<p><strong><u>Homicidios:<\/u><\/strong><strong>\u00a0<\/strong><\/p>\n<p>Durante las semanas del 28 de mayo al 10 de junio se presentaron 39 homicidios dolosos de los cuales 31 se esclarecieron. A los presuntos responsables se les dict\u00f3 medida de aseguramiento.<\/p>\n<p><strong><u>Casos relevantes:<\/u><\/strong><\/p>\n<ul>\n<li>Homicidio auxiliar de enfermer\u00eda. Fue asesinada el 17 de mayo, en el barrio Porvenir, localidad de Bosa. El 23 de mayo fue capturado el presunto responsable del homicidio, a quien se le impuso medida de aseguramiento en establecimiento carcelario.<\/li>\n<li>Homicidio de polic\u00eda. Los hechos ocurrieron en la localidad de Engativ\u00e1, cuando el polic\u00eda retirado intent\u00f3 defender a la v\u00edctima del hurto de una bicicleta. En un forcejeo con los asaltantes fue asesinado con arma de fuego. El 4 de junio se capturaron a los dos presuntos responsables. Los dos recibieron medida de aseguramiento intramural. Los implicados aceptaron los cargos imputados por la Fiscal\u00eda.<\/li>\n<li>Caso de ni\u00f1o de 4 a\u00f1os que lleg\u00f3 al hospital sin signos vitales. El menor de edad fue llevado al CAMI de Patio Bonito, localidad de Kennedy. El 7 de junio fueron capturados como presuntos responsables el padrastro y la mam\u00e1 del menor, a quienes se les impuso medida de aseguramiento en centro carcelario. Ambos aceptaron cargos.<\/li>\n<li>Homicidio de mujer en San Crist\u00f3bal. El 27 de mayo fue asesinada y descuartizada. El 9 de junio se captur\u00f3 al presunto responsable a quien se le impuso medida de aseguramiento intramural.<\/li>\n<li>Caso domiciliario. El 30 de mayo fue asesinado un joven, cuando entregaba un domicilio en el barrio Ciudad Jard\u00edn, localidad Antonio Nari\u00f1o. Por estos hechos fueron capturadas tres personas quienes fueron enviadas a la c\u00e1rcel a petici\u00f3n de la Fiscal\u00eda.<\/li>\n<\/ul>\n<p>La Fiscal\u00eda General de la Naci\u00f3n hace p\u00fablica esta informaci\u00f3n por razones de inter\u00e9s general.<\/p>\n\n<div class=\"twitter-share\"><a href=\"https:\/\/twitter.com\/intent\/tweet?via=fiscaliacol\" class=\"twitter-share-button\">Tweet<\/a><\/div>\n","protected":false},"excerpt":{"rendered":"<p>En las seccionales se han destacado grupos de fiscales y polic\u00eda judicial concentrando esfuerzos para judicializar a los responsables de este delito. Para la Fiscal\u00eda General de la Naci\u00f3n se encuentran priorizados los delitos que afectan gravemente la seguridad ciudadana.\u00a0 En ese sentido y ante el incremento de los homicidios dolosos, la entidad adelanta una [&hellip;]<\/p>\n","protected":false},"author":162,"featured_media":0,"comment_status":"closed","ping_status":"open","sticky":false,"template":"","format":"standard","meta":{"tdm_status":"","tdm_grid_status":"","footnotes":""},"categories":[1,24099],"tags":[],"class_list":{"0":"post-196023","1":"post","2":"type-post","3":"status-publish","4":"format-standard","6":"category-noticias","7":"category-seguridad-territorial"},"yoast_head":"<!-- This site is optimized with the Yoast SEO plugin v24.3 - https:\/\/yoast.com\/wordpress\/plugins\/seo\/ -->\n<title>Fiscal\u00eda General de la Naci\u00f3n<\/title>\n<meta name=\"description\" content=\"P\u00e1gina oficial de la Fiscal\u00eda General de la Naci\u00f3n \u2013 Colombia. Garantizamos el acceso efectivo a la justicia, la verdad y la reparaci\u00f3n de las v\u00edctimas de los delitos.\" \/>\n<meta name=\"robots\" content=\"noindex, follow\" \/>\n<meta property=\"og:locale\" content=\"es_ES\" \/>\n<meta property=\"og:type\" content=\"article\" \/>\n<meta property=\"og:title\" content=\"Fiscal\u00eda General de la Naci\u00f3n\" \/>\n<meta property=\"og:description\" content=\"P\u00e1gina oficial de la Fiscal\u00eda General de la Naci\u00f3n \u2013 Colombia. Garantizamos el acceso efectivo a la justicia, la verdad y la reparaci\u00f3n de las v\u00edctimas de los delitos.\" \/>\n<meta property=\"og:url\" content=\"https:\/\/www.fiscalia.gov.co\/colombia\/noticias\/fiscalia-fortalece-estrategia-para-el-esclarecimiento-efectivo-de-homicidios-en-el-pais\/\" \/>\n<meta property=\"og:site_name\" content=\"Fiscal\u00eda General de la Naci\u00f3n\" \/>\n<meta property=\"article:publisher\" content=\"https:\/\/www.facebook.com\/FiscaliaCol\" \/>\n<meta property=\"article:published_time\" content=\"2020-06-22T00:08:54+00:00\" \/>\n<meta name=\"author\" content=\"Direcci\u00f3n de Comunicaciones Fiscal\u00eda General de la Naci\u00f3n\" \/>\n<meta name=\"twitter:card\" content=\"summary_large_image\" \/>\n<meta name=\"twitter:creator\" content=\"@FiscaliaCol\" \/>\n<meta name=\"twitter:site\" content=\"@FiscaliaCol\" \/>\n<meta name=\"twitter:label1\" content=\"Escrito por\" \/>\n\t<meta name=\"twitter:data1\" content=\"Direcci\u00f3n de Comunicaciones Fiscal\u00eda General de la Naci\u00f3n\" \/>\n\t<meta name=\"twitter:label2\" content=\"Tiempo de lectura\" \/>\n\t<meta name=\"twitter:data2\" content=\"3 minutos\" \/>\n<script type=\"application\/ld+json\" class=\"yoast-schema-graph\">{\"@context\":\"https:\/\/schema.org\",\"@graph\":[{\"@type\":\"Article\",\"@id\":\"https:\/\/www.fiscalia.gov.co\/colombia\/noticias\/fiscalia-fortalece-estrategia-para-el-esclarecimiento-efectivo-de-homicidios-en-el-pais\/#article\",\"isPartOf\":{\"@id\":\"https:\/\/www.fiscalia.gov.co\/colombia\/noticias\/fiscalia-fortalece-estrategia-para-el-esclarecimiento-efectivo-de-homicidios-en-el-pais\/\"},\"author\":{\"name\":\"Direcci\u00f3n de Comunicaciones Fiscal\u00eda General de la Naci\u00f3n\",\"@id\":\"https:\/\/www.fiscalia.gov.co\/colombia\/#\/schema\/person\/bf28d8ae7f1b287bbe3af484b04f43ea\"},\"headline\":\"Fiscal\u00eda fortalece estrategia para el esclarecimiento efectivo de homicidios en el pa\u00eds\",\"datePublished\":\"2020-06-22T00:08:54+00:00\",\"dateModified\":\"2020-06-22T00:08:54+00:00\",\"mainEntityOfPage\":{\"@id\":\"https:\/\/www.fiscalia.gov.co\/colombia\/noticias\/fiscalia-fortalece-estrategia-para-el-esclarecimiento-efectivo-de-homicidios-en-el-pais\/\"},\"wordCount\":678,\"publisher\":{\"@id\":\"https:\/\/www.fiscalia.gov.co\/colombia\/#organization\"},\"articleSection\":[\"Noticias\",\"Seguridad territorial\"],\"inLanguage\":\"es-CO\"},{\"@type\":\"WebPage\",\"@id\":\"https:\/\/www.fiscalia.gov.co\/colombia\/noticias\/fiscalia-fortalece-estrategia-para-el-esclarecimiento-efectivo-de-homicidios-en-el-pais\/\",\"url\":\"https:\/\/www.fiscalia.gov.co\/colombia\/noticias\/fiscalia-fortalece-estrategia-para-el-esclarecimiento-efectivo-de-homicidios-en-el-pais\/\",\"name\":\"Fiscal\u00eda General de la Naci\u00f3n\",\"isPartOf\":{\"@id\":\"https:\/\/www.fiscalia.gov.co\/colombia\/#website\"},\"datePublished\":\"2020-06-22T00:08:54+00:00\",\"dateModified\":\"2020-06-22T00:08:54+00:00\",\"description\":\"P\u00e1gina oficial de la Fiscal\u00eda General de la Naci\u00f3n \u2013 Colombia. Garantizamos el acceso efectivo a la justicia, la verdad y la reparaci\u00f3n de las v\u00edctimas de los delitos.\",\"breadcrumb\":{\"@id\":\"https:\/\/www.fiscalia.gov.co\/colombia\/noticias\/fiscalia-fortalece-estrategia-para-el-esclarecimiento-efectivo-de-homicidios-en-el-pais\/#breadcrumb\"},\"inLanguage\":\"es-CO\",\"potentialAction\":[{\"@type\":\"ReadAction\",\"target\":[\"https:\/\/www.fiscalia.gov.co\/colombia\/noticias\/fiscalia-fortalece-estrategia-para-el-esclarecimiento-efectivo-de-homicidios-en-el-pais\/\"]}]},{\"@type\":\"BreadcrumbList\",\"@id\":\"https:\/\/www.fiscalia.gov.co\/colombia\/noticias\/fiscalia-fortalece-estrategia-para-el-esclarecimiento-efectivo-de-homicidios-en-el-pais\/#breadcrumb\",\"itemListElement\":[{\"@type\":\"ListItem\",\"position\":1,\"name\":\"Home\",\"item\":\"https:\/\/www.fiscalia.gov.co\/colombia\/\"},{\"@type\":\"ListItem\",\"position\":2,\"name\":\"Fiscal\u00eda fortalece estrategia para el esclarecimiento efectivo de homicidios en el pa\u00eds\"}]},{\"@type\":\"WebSite\",\"@id\":\"https:\/\/www.fiscalia.gov.co\/colombia\/#website\",\"url\":\"https:\/\/www.fiscalia.gov.co\/colombia\/\",\"name\":\"Fiscal\u00eda General de la Naci\u00f3n\",\"description\":\"P\u00e1gina oficial de la Fiscal\u00eda General de la Naci\u00f3n \u2013 Colombia. Garantizamos el acceso efectivo a la justicia, la verdad y la reparaci\u00f3n de las v\u00edctimas de los delitos.\",\"publisher\":{\"@id\":\"https:\/\/www.fiscalia.gov.co\/colombia\/#organization\"},\"potentialAction\":[{\"@type\":\"SearchAction\",\"target\":{\"@type\":\"EntryPoint\",\"urlTemplate\":\"https:\/\/www.fiscalia.gov.co\/colombia\/?s={search_term_string}\"},\"query-input\":{\"@type\":\"PropertyValueSpecification\",\"valueRequired\":true,\"valueName\":\"search_term_string\"}}],\"inLanguage\":\"es-CO\"},{\"@type\":\"Organization\",\"@id\":\"https:\/\/www.fiscalia.gov.co\/colombia\/#organization\",\"name\":\"Fiscal\u00eda General de la Naci\u00f3n\",\"url\":\"https:\/\/www.fiscalia.gov.co\/colombia\/\",\"logo\":{\"@type\":\"ImageObject\",\"inLanguage\":\"es-CO\",\"@id\":\"https:\/\/www.fiscalia.gov.co\/colombia\/#\/schema\/logo\/image\/\",\"url\":\"https:\/\/www.fiscalia.gov.co\/colombia\/wp-content\/uploads\/LogoHorizontal_1.jpg\",\"contentUrl\":\"https:\/\/www.fiscalia.gov.co\/colombia\/wp-content\/uploads\/LogoHorizontal_1.jpg\",\"width\":300,\"height\":90,\"caption\":\"Fiscal\u00eda General de la Naci\u00f3n\"},\"image\":{\"@id\":\"https:\/\/www.fiscalia.gov.co\/colombia\/#\/schema\/logo\/image\/\"},\"sameAs\":[\"https:\/\/www.facebook.com\/FiscaliaCol\",\"https:\/\/x.com\/FiscaliaCol\",\"https:\/\/www.instagram.com\/fiscaliacol\",\"https:\/\/www.linkedin.com\/company\/fiscalia-general-de-la-naci-n\/\",\"https:\/\/youtube.com\/@fiscaliageneraldelanacion-4668?si=6nN79nyQICPU5iTh\"]},{\"@type\":\"Person\",\"@id\":\"https:\/\/www.fiscalia.gov.co\/colombia\/#\/schema\/person\/bf28d8ae7f1b287bbe3af484b04f43ea\",\"name\":\"Direcci\u00f3n de Comunicaciones Fiscal\u00eda General de la Naci\u00f3n\",\"image\":{\"@type\":\"ImageObject\",\"inLanguage\":\"es-CO\",\"@id\":\"https:\/\/www.fiscalia.gov.co\/colombia\/#\/schema\/person\/image\/\",\"url\":\"https:\/\/secure.gravatar.com\/avatar\/9d55ae161d32da16dbdd0b380c080a5f?s=96&d=mm&r=g\",\"contentUrl\":\"https:\/\/secure.gravatar.com\/avatar\/9d55ae161d32da16dbdd0b380c080a5f?s=96&d=mm&r=g\",\"caption\":\"Direcci\u00f3n de Comunicaciones Fiscal\u00eda General de la Naci\u00f3n\"},\"url\":\"https:\/\/www.fiscalia.gov.co\/colombia\/author\/kbonilla\/\"}]}<\/script>\n<!-- \/ Yoast SEO plugin. -->","yoast_head_json":{"title":"Fiscal\u00eda General de la Naci\u00f3n","description":"P\u00e1gina oficial de la Fiscal\u00eda General de la Naci\u00f3n \u2013 Colombia. Garantizamos el acceso efectivo a la justicia, la verdad y la reparaci\u00f3n de las v\u00edctimas de los delitos.","robots":{"index":"noindex","follow":"follow"},"og_locale":"es_ES","og_type":"article","og_title":"Fiscal\u00eda General de la Naci\u00f3n","og_description":"P\u00e1gina oficial de la Fiscal\u00eda General de la Naci\u00f3n \u2013 Colombia. Garantizamos el acceso efectivo a la justicia, la verdad y la reparaci\u00f3n de las v\u00edctimas de los delitos.","og_url":"https:\/\/www.fiscalia.gov.co\/colombia\/noticias\/fiscalia-fortalece-estrategia-para-el-esclarecimiento-efectivo-de-homicidios-en-el-pais\/","og_site_name":"Fiscal\u00eda General de la Naci\u00f3n","article_publisher":"https:\/\/www.facebook.com\/FiscaliaCol","article_published_time":"2020-06-22T00:08:54+00:00","author":"Direcci\u00f3n de Comunicaciones Fiscal\u00eda General de la Naci\u00f3n","twitter_card":"summary_large_image","twitter_creator":"@FiscaliaCol","twitter_site":"@FiscaliaCol","twitter_misc":{"Escrito por":"Direcci\u00f3n de Comunicaciones Fiscal\u00eda General de la Naci\u00f3n","Tiempo de lectura":"3 minutos"},"schema":{"@context":"https:\/\/schema.org","@graph":[{"@type":"Article","@id":"https:\/\/www.fiscalia.gov.co\/colombia\/noticias\/fiscalia-fortalece-estrategia-para-el-esclarecimiento-efectivo-de-homicidios-en-el-pais\/#article","isPartOf":{"@id":"https:\/\/www.fiscalia.gov.co\/colombia\/noticias\/fiscalia-fortalece-estrategia-para-el-esclarecimiento-efectivo-de-homicidios-en-el-pais\/"},"author":{"name":"Direcci\u00f3n de Comunicaciones Fiscal\u00eda General de la Naci\u00f3n","@id":"https:\/\/www.fiscalia.gov.co\/colombia\/#\/schema\/person\/bf28d8ae7f1b287bbe3af484b04f43ea"},"headline":"Fiscal\u00eda fortalece estrategia para el esclarecimiento efectivo de homicidios en el pa\u00eds","datePublished":"2020-06-22T00:08:54+00:00","dateModified":"2020-06-22T00:08:54+00:00","mainEntityOfPage":{"@id":"https:\/\/www.fiscalia.gov.co\/colombia\/noticias\/fiscalia-fortalece-estrategia-para-el-esclarecimiento-efectivo-de-homicidios-en-el-pais\/"},"wordCount":678,"publisher":{"@id":"https:\/\/www.fiscalia.gov.co\/colombia\/#organization"},"articleSection":["Noticias","Seguridad territorial"],"inLanguage":"es-CO"},{"@type":"WebPage","@id":"https:\/\/www.fiscalia.gov.co\/colombia\/noticias\/fiscalia-fortalece-estrategia-para-el-esclarecimiento-efectivo-de-homicidios-en-el-pais\/","url":"https:\/\/www.fiscalia.gov.co\/colombia\/noticias\/fiscalia-fortalece-estrategia-para-el-esclarecimiento-efectivo-de-homicidios-en-el-pais\/","name":"Fiscal\u00eda General de la Naci\u00f3n","isPartOf":{"@id":"https:\/\/www.fiscalia.gov.co\/colombia\/#website"},"datePublished":"2020-06-22T00:08:54+00:00","dateModified":"2020-06-22T00:08:54+00:00","description":"P\u00e1gina oficial de la Fiscal\u00eda General de la Naci\u00f3n \u2013 Colombia. Garantizamos el acceso efectivo a la justicia, la verdad y la reparaci\u00f3n de las v\u00edctimas de los delitos.","breadcrumb":{"@id":"https:\/\/www.fiscalia.gov.co\/colombia\/noticias\/fiscalia-fortalece-estrategia-para-el-esclarecimiento-efectivo-de-homicidios-en-el-pais\/#breadcrumb"},"inLanguage":"es-CO","potentialAction":[{"@type":"ReadAction","target":["https:\/\/www.fiscalia.gov.co\/colombia\/noticias\/fiscalia-fortalece-estrategia-para-el-esclarecimiento-efectivo-de-homicidios-en-el-pais\/"]}]},{"@type":"BreadcrumbList","@id":"https:\/\/www.fiscalia.gov.co\/colombia\/noticias\/fiscalia-fortalece-estrategia-para-el-esclarecimiento-efectivo-de-homicidios-en-el-pais\/#breadcrumb","itemListElement":[{"@type":"ListItem","position":1,"name":"Home","item":"https:\/\/www.fiscalia.gov.co\/colombia\/"},{"@type":"ListItem","position":2,"name":"Fiscal\u00eda fortalece estrategia para el esclarecimiento efectivo de homicidios en el pa\u00eds"}]},{"@type":"WebSite","@id":"https:\/\/www.fiscalia.gov.co\/colombia\/#website","url":"https:\/\/www.fiscalia.gov.co\/colombia\/","name":"Fiscal\u00eda General de la Naci\u00f3n","description":"P\u00e1gina oficial de la Fiscal\u00eda General de la Naci\u00f3n \u2013 Colombia. Garantizamos el acceso efectivo a la justicia, la verdad y la reparaci\u00f3n de las v\u00edctimas de los delitos.","publisher":{"@id":"https:\/\/www.fiscalia.gov.co\/colombia\/#organization"},"potentialAction":[{"@type":"SearchAction","target":{"@type":"EntryPoint","urlTemplate":"https:\/\/www.fiscalia.gov.co\/colombia\/?s={search_term_string}"},"query-input":{"@type":"PropertyValueSpecification","valueRequired":true,"valueName":"search_term_string"}}],"inLanguage":"es-CO"},{"@type":"Organization","@id":"https:\/\/www.fiscalia.gov.co\/colombia\/#organization","name":"Fiscal\u00eda General de la Naci\u00f3n","url":"https:\/\/www.fiscalia.gov.co\/colombia\/","logo":{"@type":"ImageObject","inLanguage":"es-CO","@id":"https:\/\/www.fiscalia.gov.co\/colombia\/#\/schema\/logo\/image\/","url":"https:\/\/www.fiscalia.gov.co\/colombia\/wp-content\/uploads\/LogoHorizontal_1.jpg","contentUrl":"https:\/\/www.fiscalia.gov.co\/colombia\/wp-content\/uploads\/LogoHorizontal_1.jpg","width":300,"height":90,"caption":"Fiscal\u00eda General de la Naci\u00f3n"},"image":{"@id":"https:\/\/www.fiscalia.gov.co\/colombia\/#\/schema\/logo\/image\/"},"sameAs":["https:\/\/www.facebook.com\/FiscaliaCol","https:\/\/x.com\/FiscaliaCol","https:\/\/www.instagram.com\/fiscaliacol","https:\/\/www.linkedin.com\/company\/fiscalia-general-de-la-naci-n\/","https:\/\/youtube.com\/@fiscaliageneraldelanacion-4668?si=6nN79nyQICPU5iTh"]},{"@type":"Person","@id":"https:\/\/www.fiscalia.gov.co\/colombia\/#\/schema\/person\/bf28d8ae7f1b287bbe3af484b04f43ea","name":"Direcci\u00f3n de Comunicaciones Fiscal\u00eda General de la Naci\u00f3n","image":{"@type":"ImageObject","inLanguage":"es-CO","@id":"https:\/\/www.fiscalia.gov.co\/colombia\/#\/schema\/person\/image\/","url":"https:\/\/secure.gravatar.com\/avatar\/9d55ae161d32da16dbdd0b380c080a5f?s=96&d=mm&r=g","contentUrl":"https:\/\/secure.gravatar.com\/avatar\/9d55ae161d32da16dbdd0b380c080a5f?s=96&d=mm&r=g","caption":"Direcci\u00f3n de Comunicaciones Fiscal\u00eda General de la Naci\u00f3n"},"url":"https:\/\/www.fiscalia.gov.co\/colombia\/author\/kbonilla\/"}]}},"_links":{"self":[{"href":"https:\/\/www.fiscalia.gov.co\/colombia\/wp-json\/wp\/v2\/posts\/196023","targetHints":{"allow":["GET"]}}],"collection":[{"href":"https:\/\/www.fiscalia.gov.co\/colombia\/wp-json\/wp\/v2\/posts"}],"about":[{"href":"https:\/\/www.fiscalia.gov.co\/colombia\/wp-json\/wp\/v2\/types\/post"}],"author":[{"embeddable":true,"href":"https:\/\/www.fiscalia.gov.co\/colombia\/wp-json\/wp\/v2\/users\/162"}],"replies":[{"embeddable":true,"href":"https:\/\/www.fiscalia.gov.co\/colombia\/wp-json\/wp\/v2\/comments?post=196023"}],"version-history":[{"count":1,"href":"https:\/\/www.fiscalia.gov.co\/colombia\/wp-json\/wp\/v2\/posts\/196023\/revisions"}],"predecessor-version":[{"id":196024,"href":"https:\/\/www.fiscalia.gov.co\/colombia\/wp-json\/wp\/v2\/posts\/196023\/revisions\/196024"}],"wp:attachment":[{"href":"https:\/\/www.fiscalia.gov.co\/colombia\/wp-json\/wp\/v2\/media?parent=196023"}],"wp:term":[{"taxonomy":"category","embeddable":true,"href":"https:\/\/www.fiscalia.gov.co\/colombia\/wp-json\/wp\/v2\/categories?post=196023"},{"taxonomy":"post_tag","embeddable":true,"href":"https:\/\/www.fiscalia.gov.co\/colombia\/wp-json\/wp\/v2\/tags?post=196023"}],"curies":[{"name":"wp","href":"https:\/\/api.w.org\/{rel}","templated":true}]}}