{"id":195980,"date":"2020-06-19T14:04:32","date_gmt":"2020-06-19T19:04:32","guid":{"rendered":"https:\/\/www.fiscalia.gov.co\/colombia\/?p=195980"},"modified":"2020-06-19T14:04:32","modified_gmt":"2020-06-19T19:04:32","slug":"fiscalia-formulo-cargos-contra-un-hombre-que-al-parecer-mato-a-un-vecino-y-habria-tirado-el-cuerpo-en-el-jarillon-del-rio-cauca","status":"publish","type":"post","link":"https:\/\/www.fiscalia.gov.co\/colombia\/seccionales\/fiscalia-formulo-cargos-contra-un-hombre-que-al-parecer-mato-a-un-vecino-y-habria-tirado-el-cuerpo-en-el-jarillon-del-rio-cauca\/","title":{"rendered":"Fiscal\u00eda formul\u00f3 cargos contra un hombre que al parecer mat\u00f3 a un vecino y  habr\u00eda tirado el cuerpo en el jarill\u00f3n del r\u00edo Cauca"},"content":{"rendered":"<p style=\"font-weight: 400;\">Ante un juez penal con funciones de control de garant\u00edas, la Fiscal\u00eda General de la Naci\u00f3n formul\u00f3 cargos a\u00a0<strong>Luis Armando Angulo Gonz\u00e1lez, de 21 a\u00f1os<\/strong>, como presunto autor responsable de la\u00a0<strong>muerte de James Alexis Fajardo Pinz\u00f3n,<\/strong>\u00a0por hechos ocurridos el\u00a0<strong>19 de agosto de 2018<\/strong>.<\/p>\n<p style=\"font-weight: 400;\">La investigaci\u00f3n permiti\u00f3 evidenciar que la\u00a0<strong>v\u00edctima organiz\u00f3 en su casa una reuni\u00f3n con varias personas, entre ellas Luis Armando Gonz\u00e1lez<\/strong>, vecino de su vivienda en el sector del Jarill\u00f3n Decepaz, oriente de la ciudad. Sin embargo,\u00a0<strong>el cuerpo herido de la v\u00edctima fue hallado por su esposa<\/strong>\u00a0dentro de la vivienda, que al parecer hab\u00eda sido registrada.<\/p>\n<p style=\"font-weight: 400;\">De acuerdo con las evidencias recaudadas por el ente acusador, entre ellas entrevistas a varios vecinos, Angulo Gonz\u00e1lez\u00a0<strong>habr\u00eda sido visto por varios vecinos cuando sal\u00eda de la casa, en horas de la madrugada, al parecer, con el cuerpo de la v\u00edctima que fue arrojado al jarill\u00f3n del r\u00edo Cauca.<\/strong><\/p>\n<p style=\"font-weight: 400;\">Luego de que el Juez Cuarto Penal emitiera una\u00a0<strong>orden de captura<\/strong>\u00a0en su contra, el imputado fue detenido por servidores del CTI, con apoyo de unidades del Ej\u00e9rcito y de la Polic\u00eda Nacional,\u00a0<strong>en una finca de la vereda Miravalles, municipio de Yotoco, occidente del Valle, donde al parecer el hombre lleg\u00f3 huyendo y solicitando trabajo<\/strong>.<\/p>\n<p style=\"font-weight: 400;\">La Fiscal\u00eda le solicitar\u00e1 al juez penal, que legaliz\u00f3 la captura, medida de aseguramiento.<\/p>\n<p style=\"font-weight: 400;\">La Fiscal\u00eda hace p\u00fablica esta informaci\u00f3n por razones de inter\u00e9s general.<\/p>\n<p style=\"font-weight: 400;\">JGP\/MRL<\/p>\n\n<div class=\"twitter-share\"><a href=\"https:\/\/twitter.com\/intent\/tweet?via=fiscaliacol\" class=\"twitter-share-button\">Tweet<\/a><\/div>\n","protected":false},"excerpt":{"rendered":"<p>Ante un juez penal con funciones de control de garant\u00edas, la Fiscal\u00eda General de la Naci\u00f3n formul\u00f3 cargos a\u00a0Luis Armando Angulo Gonz\u00e1lez, de 21 a\u00f1os, como presunto autor responsable de [&hellip;]<\/p>\n","protected":false},"author":163,"featured_media":0,"comment_status":"closed","ping_status":"open","sticky":false,"template":"","format":"standard","meta":{"tdm_status":"","tdm_grid_status":"","footnotes":""},"categories":[324,303,24099],"tags":[],"class_list":["post-195980","post","type-post","status-publish","format-standard","category-seccional-cali","category-seccionales","category-seguridad-territorial"],"yoast_head":"<!-- This site is optimized with the Yoast SEO plugin v24.3 - https:\/\/yoast.com\/wordpress\/plugins\/seo\/ -->\n<title>Fiscal\u00eda General de la Naci\u00f3n<\/title>\n<meta name=\"description\" content=\"P\u00e1gina oficial de la Fiscal\u00eda General de la Naci\u00f3n \u2013 Colombia. Garantizamos el acceso efectivo a la justicia, la verdad y la reparaci\u00f3n de las v\u00edctimas de los delitos.\" \/>\n<meta name=\"robots\" content=\"noindex, follow\" \/>\n<meta property=\"og:locale\" content=\"es_ES\" \/>\n<meta property=\"og:type\" content=\"article\" \/>\n<meta property=\"og:title\" content=\"Fiscal\u00eda General de la Naci\u00f3n\" \/>\n<meta property=\"og:description\" content=\"P\u00e1gina oficial de la Fiscal\u00eda General de la Naci\u00f3n \u2013 Colombia. Garantizamos el acceso efectivo a la justicia, la verdad y la reparaci\u00f3n de las v\u00edctimas de los delitos.\" \/>\n<meta property=\"og:url\" content=\"https:\/\/www.fiscalia.gov.co\/colombia\/seccionales\/fiscalia-formulo-cargos-contra-un-hombre-que-al-parecer-mato-a-un-vecino-y-habria-tirado-el-cuerpo-en-el-jarillon-del-rio-cauca\/\" \/>\n<meta property=\"og:site_name\" content=\"Fiscal\u00eda General de la Naci\u00f3n\" \/>\n<meta property=\"article:publisher\" content=\"https:\/\/www.facebook.com\/FiscaliaCol\" \/>\n<meta property=\"article:published_time\" content=\"2020-06-19T19:04:32+00:00\" \/>\n<meta name=\"author\" content=\"Federico Bar\u00f3n\" \/>\n<meta name=\"twitter:card\" content=\"summary_large_image\" \/>\n<meta name=\"twitter:creator\" content=\"@FiscaliaCol\" \/>\n<meta name=\"twitter:site\" content=\"@FiscaliaCol\" \/>\n<meta name=\"twitter:label1\" content=\"Escrito por\" \/>\n\t<meta name=\"twitter:data1\" content=\"Federico Bar\u00f3n\" \/>\n\t<meta name=\"twitter:label2\" content=\"Tiempo de lectura\" \/>\n\t<meta name=\"twitter:data2\" content=\"1 minuto\" \/>\n<script type=\"application\/ld+json\" class=\"yoast-schema-graph\">{\"@context\":\"https:\/\/schema.org\",\"@graph\":[{\"@type\":\"Article\",\"@id\":\"https:\/\/www.fiscalia.gov.co\/colombia\/seccionales\/fiscalia-formulo-cargos-contra-un-hombre-que-al-parecer-mato-a-un-vecino-y-habria-tirado-el-cuerpo-en-el-jarillon-del-rio-cauca\/#article\",\"isPartOf\":{\"@id\":\"https:\/\/www.fiscalia.gov.co\/colombia\/seccionales\/fiscalia-formulo-cargos-contra-un-hombre-que-al-parecer-mato-a-un-vecino-y-habria-tirado-el-cuerpo-en-el-jarillon-del-rio-cauca\/\"},\"author\":{\"name\":\"Federico Bar\u00f3n\",\"@id\":\"https:\/\/www.fiscalia.gov.co\/colombia\/#\/schema\/person\/6c583a82254e9615e852ba9db84e67ee\"},\"headline\":\"Fiscal\u00eda formul\u00f3 cargos contra un hombre que al parecer mat\u00f3 a un vecino y habr\u00eda tirado el cuerpo en el jarill\u00f3n del r\u00edo Cauca\",\"datePublished\":\"2020-06-19T19:04:32+00:00\",\"dateModified\":\"2020-06-19T19:04:32+00:00\",\"mainEntityOfPage\":{\"@id\":\"https:\/\/www.fiscalia.gov.co\/colombia\/seccionales\/fiscalia-formulo-cargos-contra-un-hombre-que-al-parecer-mato-a-un-vecino-y-habria-tirado-el-cuerpo-en-el-jarillon-del-rio-cauca\/\"},\"wordCount\":290,\"publisher\":{\"@id\":\"https:\/\/www.fiscalia.gov.co\/colombia\/#organization\"},\"articleSection\":[\"Seccional Cali\",\"Seccionales\",\"Seguridad territorial\"],\"inLanguage\":\"es-CO\"},{\"@type\":\"WebPage\",\"@id\":\"https:\/\/www.fiscalia.gov.co\/colombia\/seccionales\/fiscalia-formulo-cargos-contra-un-hombre-que-al-parecer-mato-a-un-vecino-y-habria-tirado-el-cuerpo-en-el-jarillon-del-rio-cauca\/\",\"url\":\"https:\/\/www.fiscalia.gov.co\/colombia\/seccionales\/fiscalia-formulo-cargos-contra-un-hombre-que-al-parecer-mato-a-un-vecino-y-habria-tirado-el-cuerpo-en-el-jarillon-del-rio-cauca\/\",\"name\":\"Fiscal\u00eda General de la Naci\u00f3n\",\"isPartOf\":{\"@id\":\"https:\/\/www.fiscalia.gov.co\/colombia\/#website\"},\"datePublished\":\"2020-06-19T19:04:32+00:00\",\"dateModified\":\"2020-06-19T19:04:32+00:00\",\"description\":\"P\u00e1gina oficial de la Fiscal\u00eda General de la Naci\u00f3n \u2013 Colombia. Garantizamos el acceso efectivo a la justicia, la verdad y la reparaci\u00f3n de las v\u00edctimas de los delitos.\",\"breadcrumb\":{\"@id\":\"https:\/\/www.fiscalia.gov.co\/colombia\/seccionales\/fiscalia-formulo-cargos-contra-un-hombre-que-al-parecer-mato-a-un-vecino-y-habria-tirado-el-cuerpo-en-el-jarillon-del-rio-cauca\/#breadcrumb\"},\"inLanguage\":\"es-CO\",\"potentialAction\":[{\"@type\":\"ReadAction\",\"target\":[\"https:\/\/www.fiscalia.gov.co\/colombia\/seccionales\/fiscalia-formulo-cargos-contra-un-hombre-que-al-parecer-mato-a-un-vecino-y-habria-tirado-el-cuerpo-en-el-jarillon-del-rio-cauca\/\"]}]},{\"@type\":\"BreadcrumbList\",\"@id\":\"https:\/\/www.fiscalia.gov.co\/colombia\/seccionales\/fiscalia-formulo-cargos-contra-un-hombre-que-al-parecer-mato-a-un-vecino-y-habria-tirado-el-cuerpo-en-el-jarillon-del-rio-cauca\/#breadcrumb\",\"itemListElement\":[{\"@type\":\"ListItem\",\"position\":1,\"name\":\"Home\",\"item\":\"https:\/\/www.fiscalia.gov.co\/colombia\/\"},{\"@type\":\"ListItem\",\"position\":2,\"name\":\"Fiscal\u00eda formul\u00f3 cargos contra un hombre que al parecer mat\u00f3 a un vecino y habr\u00eda tirado el cuerpo en el jarill\u00f3n del r\u00edo Cauca\"}]},{\"@type\":\"WebSite\",\"@id\":\"https:\/\/www.fiscalia.gov.co\/colombia\/#website\",\"url\":\"https:\/\/www.fiscalia.gov.co\/colombia\/\",\"name\":\"Fiscal\u00eda General de la Naci\u00f3n\",\"description\":\"P\u00e1gina oficial de la Fiscal\u00eda General de la Naci\u00f3n \u2013 Colombia. Garantizamos el acceso efectivo a la justicia, la verdad y la reparaci\u00f3n de las v\u00edctimas de los delitos.\",\"publisher\":{\"@id\":\"https:\/\/www.fiscalia.gov.co\/colombia\/#organization\"},\"potentialAction\":[{\"@type\":\"SearchAction\",\"target\":{\"@type\":\"EntryPoint\",\"urlTemplate\":\"https:\/\/www.fiscalia.gov.co\/colombia\/?s={search_term_string}\"},\"query-input\":{\"@type\":\"PropertyValueSpecification\",\"valueRequired\":true,\"valueName\":\"search_term_string\"}}],\"inLanguage\":\"es-CO\"},{\"@type\":\"Organization\",\"@id\":\"https:\/\/www.fiscalia.gov.co\/colombia\/#organization\",\"name\":\"Fiscal\u00eda General de la Naci\u00f3n\",\"url\":\"https:\/\/www.fiscalia.gov.co\/colombia\/\",\"logo\":{\"@type\":\"ImageObject\",\"inLanguage\":\"es-CO\",\"@id\":\"https:\/\/www.fiscalia.gov.co\/colombia\/#\/schema\/logo\/image\/\",\"url\":\"https:\/\/www.fiscalia.gov.co\/colombia\/wp-content\/uploads\/LogoHorizontal_1.jpg\",\"contentUrl\":\"https:\/\/www.fiscalia.gov.co\/colombia\/wp-content\/uploads\/LogoHorizontal_1.jpg\",\"width\":300,\"height\":90,\"caption\":\"Fiscal\u00eda General de la Naci\u00f3n\"},\"image\":{\"@id\":\"https:\/\/www.fiscalia.gov.co\/colombia\/#\/schema\/logo\/image\/\"},\"sameAs\":[\"https:\/\/www.facebook.com\/FiscaliaCol\",\"https:\/\/x.com\/FiscaliaCol\",\"https:\/\/www.instagram.com\/fiscaliacol\",\"https:\/\/www.linkedin.com\/company\/fiscalia-general-de-la-naci-n\/\",\"https:\/\/youtube.com\/@fiscaliageneraldelanacion-4668?si=6nN79nyQICPU5iTh\"]},{\"@type\":\"Person\",\"@id\":\"https:\/\/www.fiscalia.gov.co\/colombia\/#\/schema\/person\/6c583a82254e9615e852ba9db84e67ee\",\"name\":\"Federico Bar\u00f3n\",\"image\":{\"@type\":\"ImageObject\",\"inLanguage\":\"es-CO\",\"@id\":\"https:\/\/www.fiscalia.gov.co\/colombia\/#\/schema\/person\/image\/\",\"url\":\"https:\/\/secure.gravatar.com\/avatar\/30ff8ce2c54287c7927de9067165726c?s=96&d=mm&r=g\",\"contentUrl\":\"https:\/\/secure.gravatar.com\/avatar\/30ff8ce2c54287c7927de9067165726c?s=96&d=mm&r=g\",\"caption\":\"Federico Bar\u00f3n\"},\"url\":\"https:\/\/www.fiscalia.gov.co\/colombia\/author\/fbaron\/\"}]}<\/script>\n<!-- \/ Yoast SEO plugin. -->","yoast_head_json":{"title":"Fiscal\u00eda General de la Naci\u00f3n","description":"P\u00e1gina oficial de la Fiscal\u00eda General de la Naci\u00f3n \u2013 Colombia. Garantizamos el acceso efectivo a la justicia, la verdad y la reparaci\u00f3n de las v\u00edctimas de los delitos.","robots":{"index":"noindex","follow":"follow"},"og_locale":"es_ES","og_type":"article","og_title":"Fiscal\u00eda General de la Naci\u00f3n","og_description":"P\u00e1gina oficial de la Fiscal\u00eda General de la Naci\u00f3n \u2013 Colombia. Garantizamos el acceso efectivo a la justicia, la verdad y la reparaci\u00f3n de las v\u00edctimas de los delitos.","og_url":"https:\/\/www.fiscalia.gov.co\/colombia\/seccionales\/fiscalia-formulo-cargos-contra-un-hombre-que-al-parecer-mato-a-un-vecino-y-habria-tirado-el-cuerpo-en-el-jarillon-del-rio-cauca\/","og_site_name":"Fiscal\u00eda General de la Naci\u00f3n","article_publisher":"https:\/\/www.facebook.com\/FiscaliaCol","article_published_time":"2020-06-19T19:04:32+00:00","author":"Federico Bar\u00f3n","twitter_card":"summary_large_image","twitter_creator":"@FiscaliaCol","twitter_site":"@FiscaliaCol","twitter_misc":{"Escrito por":"Federico Bar\u00f3n","Tiempo de lectura":"1 minuto"},"schema":{"@context":"https:\/\/schema.org","@graph":[{"@type":"Article","@id":"https:\/\/www.fiscalia.gov.co\/colombia\/seccionales\/fiscalia-formulo-cargos-contra-un-hombre-que-al-parecer-mato-a-un-vecino-y-habria-tirado-el-cuerpo-en-el-jarillon-del-rio-cauca\/#article","isPartOf":{"@id":"https:\/\/www.fiscalia.gov.co\/colombia\/seccionales\/fiscalia-formulo-cargos-contra-un-hombre-que-al-parecer-mato-a-un-vecino-y-habria-tirado-el-cuerpo-en-el-jarillon-del-rio-cauca\/"},"author":{"name":"Federico Bar\u00f3n","@id":"https:\/\/www.fiscalia.gov.co\/colombia\/#\/schema\/person\/6c583a82254e9615e852ba9db84e67ee"},"headline":"Fiscal\u00eda formul\u00f3 cargos contra un hombre que al parecer mat\u00f3 a un vecino y habr\u00eda tirado el cuerpo en el jarill\u00f3n del r\u00edo Cauca","datePublished":"2020-06-19T19:04:32+00:00","dateModified":"2020-06-19T19:04:32+00:00","mainEntityOfPage":{"@id":"https:\/\/www.fiscalia.gov.co\/colombia\/seccionales\/fiscalia-formulo-cargos-contra-un-hombre-que-al-parecer-mato-a-un-vecino-y-habria-tirado-el-cuerpo-en-el-jarillon-del-rio-cauca\/"},"wordCount":290,"publisher":{"@id":"https:\/\/www.fiscalia.gov.co\/colombia\/#organization"},"articleSection":["Seccional Cali","Seccionales","Seguridad territorial"],"inLanguage":"es-CO"},{"@type":"WebPage","@id":"https:\/\/www.fiscalia.gov.co\/colombia\/seccionales\/fiscalia-formulo-cargos-contra-un-hombre-que-al-parecer-mato-a-un-vecino-y-habria-tirado-el-cuerpo-en-el-jarillon-del-rio-cauca\/","url":"https:\/\/www.fiscalia.gov.co\/colombia\/seccionales\/fiscalia-formulo-cargos-contra-un-hombre-que-al-parecer-mato-a-un-vecino-y-habria-tirado-el-cuerpo-en-el-jarillon-del-rio-cauca\/","name":"Fiscal\u00eda General de la Naci\u00f3n","isPartOf":{"@id":"https:\/\/www.fiscalia.gov.co\/colombia\/#website"},"datePublished":"2020-06-19T19:04:32+00:00","dateModified":"2020-06-19T19:04:32+00:00","description":"P\u00e1gina oficial de la Fiscal\u00eda General de la Naci\u00f3n \u2013 Colombia. Garantizamos el acceso efectivo a la justicia, la verdad y la reparaci\u00f3n de las v\u00edctimas de los delitos.","breadcrumb":{"@id":"https:\/\/www.fiscalia.gov.co\/colombia\/seccionales\/fiscalia-formulo-cargos-contra-un-hombre-que-al-parecer-mato-a-un-vecino-y-habria-tirado-el-cuerpo-en-el-jarillon-del-rio-cauca\/#breadcrumb"},"inLanguage":"es-CO","potentialAction":[{"@type":"ReadAction","target":["https:\/\/www.fiscalia.gov.co\/colombia\/seccionales\/fiscalia-formulo-cargos-contra-un-hombre-que-al-parecer-mato-a-un-vecino-y-habria-tirado-el-cuerpo-en-el-jarillon-del-rio-cauca\/"]}]},{"@type":"BreadcrumbList","@id":"https:\/\/www.fiscalia.gov.co\/colombia\/seccionales\/fiscalia-formulo-cargos-contra-un-hombre-que-al-parecer-mato-a-un-vecino-y-habria-tirado-el-cuerpo-en-el-jarillon-del-rio-cauca\/#breadcrumb","itemListElement":[{"@type":"ListItem","position":1,"name":"Home","item":"https:\/\/www.fiscalia.gov.co\/colombia\/"},{"@type":"ListItem","position":2,"name":"Fiscal\u00eda formul\u00f3 cargos contra un hombre que al parecer mat\u00f3 a un vecino y habr\u00eda tirado el cuerpo en el jarill\u00f3n del r\u00edo Cauca"}]},{"@type":"WebSite","@id":"https:\/\/www.fiscalia.gov.co\/colombia\/#website","url":"https:\/\/www.fiscalia.gov.co\/colombia\/","name":"Fiscal\u00eda General de la Naci\u00f3n","description":"P\u00e1gina oficial de la Fiscal\u00eda General de la Naci\u00f3n \u2013 Colombia. Garantizamos el acceso efectivo a la justicia, la verdad y la reparaci\u00f3n de las v\u00edctimas de los delitos.","publisher":{"@id":"https:\/\/www.fiscalia.gov.co\/colombia\/#organization"},"potentialAction":[{"@type":"SearchAction","target":{"@type":"EntryPoint","urlTemplate":"https:\/\/www.fiscalia.gov.co\/colombia\/?s={search_term_string}"},"query-input":{"@type":"PropertyValueSpecification","valueRequired":true,"valueName":"search_term_string"}}],"inLanguage":"es-CO"},{"@type":"Organization","@id":"https:\/\/www.fiscalia.gov.co\/colombia\/#organization","name":"Fiscal\u00eda General de la Naci\u00f3n","url":"https:\/\/www.fiscalia.gov.co\/colombia\/","logo":{"@type":"ImageObject","inLanguage":"es-CO","@id":"https:\/\/www.fiscalia.gov.co\/colombia\/#\/schema\/logo\/image\/","url":"https:\/\/www.fiscalia.gov.co\/colombia\/wp-content\/uploads\/LogoHorizontal_1.jpg","contentUrl":"https:\/\/www.fiscalia.gov.co\/colombia\/wp-content\/uploads\/LogoHorizontal_1.jpg","width":300,"height":90,"caption":"Fiscal\u00eda General de la Naci\u00f3n"},"image":{"@id":"https:\/\/www.fiscalia.gov.co\/colombia\/#\/schema\/logo\/image\/"},"sameAs":["https:\/\/www.facebook.com\/FiscaliaCol","https:\/\/x.com\/FiscaliaCol","https:\/\/www.instagram.com\/fiscaliacol","https:\/\/www.linkedin.com\/company\/fiscalia-general-de-la-naci-n\/","https:\/\/youtube.com\/@fiscaliageneraldelanacion-4668?si=6nN79nyQICPU5iTh"]},{"@type":"Person","@id":"https:\/\/www.fiscalia.gov.co\/colombia\/#\/schema\/person\/6c583a82254e9615e852ba9db84e67ee","name":"Federico Bar\u00f3n","image":{"@type":"ImageObject","inLanguage":"es-CO","@id":"https:\/\/www.fiscalia.gov.co\/colombia\/#\/schema\/person\/image\/","url":"https:\/\/secure.gravatar.com\/avatar\/30ff8ce2c54287c7927de9067165726c?s=96&d=mm&r=g","contentUrl":"https:\/\/secure.gravatar.com\/avatar\/30ff8ce2c54287c7927de9067165726c?s=96&d=mm&r=g","caption":"Federico Bar\u00f3n"},"url":"https:\/\/www.fiscalia.gov.co\/colombia\/author\/fbaron\/"}]}},"_links":{"self":[{"href":"https:\/\/www.fiscalia.gov.co\/colombia\/wp-json\/wp\/v2\/posts\/195980","targetHints":{"allow":["GET"]}}],"collection":[{"href":"https:\/\/www.fiscalia.gov.co\/colombia\/wp-json\/wp\/v2\/posts"}],"about":[{"href":"https:\/\/www.fiscalia.gov.co\/colombia\/wp-json\/wp\/v2\/types\/post"}],"author":[{"embeddable":true,"href":"https:\/\/www.fiscalia.gov.co\/colombia\/wp-json\/wp\/v2\/users\/163"}],"replies":[{"embeddable":true,"href":"https:\/\/www.fiscalia.gov.co\/colombia\/wp-json\/wp\/v2\/comments?post=195980"}],"version-history":[{"count":1,"href":"https:\/\/www.fiscalia.gov.co\/colombia\/wp-json\/wp\/v2\/posts\/195980\/revisions"}],"predecessor-version":[{"id":195981,"href":"https:\/\/www.fiscalia.gov.co\/colombia\/wp-json\/wp\/v2\/posts\/195980\/revisions\/195981"}],"wp:attachment":[{"href":"https:\/\/www.fiscalia.gov.co\/colombia\/wp-json\/wp\/v2\/media?parent=195980"}],"wp:term":[{"taxonomy":"category","embeddable":true,"href":"https:\/\/www.fiscalia.gov.co\/colombia\/wp-json\/wp\/v2\/categories?post=195980"},{"taxonomy":"post_tag","embeddable":true,"href":"https:\/\/www.fiscalia.gov.co\/colombia\/wp-json\/wp\/v2\/tags?post=195980"}],"curies":[{"name":"wp","href":"https:\/\/api.w.org\/{rel}","templated":true}]}}