{"id":195933,"date":"2020-06-19T07:35:18","date_gmt":"2020-06-19T12:35:18","guid":{"rendered":"https:\/\/www.fiscalia.gov.co\/colombia\/?p=195933"},"modified":"2020-06-19T07:35:18","modified_gmt":"2020-06-19T12:35:18","slug":"acusado-expatrullero-de-la-policia-de-caqueta-por-feminicidio-agravado-y-otros-delitos-cometidos-contra-su-exnovia","status":"publish","type":"post","link":"https:\/\/www.fiscalia.gov.co\/colombia\/seccionales\/acusado-expatrullero-de-la-policia-de-caqueta-por-feminicidio-agravado-y-otros-delitos-cometidos-contra-su-exnovia\/","title":{"rendered":"Acusado expatrullero de la Polic\u00eda de Caquet\u00e1 por feminicidio agravado y otros delitos cometidos contra su exnovia"},"content":{"rendered":"<p><span lang=\"ES\">En audiencia virtual, la Fiscal\u00eda General de la Naci\u00f3n\u00a0acus\u00f3\u00a0formalmente\u00a0<\/span><span lang=\"ES-CO\">al expatrullero de la Polic\u00eda de Caquet\u00e1<b>\u00a0<\/b><\/span><span lang=\"ES-CO\">Jhohan Alberto Ossa Lopera,<b>\u00a0<\/b><\/span><span lang=\"ES\">por los delitos<b>\u00a0<\/b>de<b>\u00a0<\/b><\/span><b><span lang=\"ES-CO\">feminicidio agravado, hurto calificado y agravado, violaci\u00f3n a habitaci\u00f3n ajena y acceso abusivo a un sistema inform\u00e1tico<\/span><\/b><span lang=\"ES-CO\">, conductas de las que habr\u00eda sido v\u00edctima<\/span><span lang=\"ES-CO\">\u00a0su exnovia el 29 de febrero de este a\u00f1o en Florencia.<\/span><span lang=\"ES-CO\">\u00a0<\/span><\/p>\n<p><span lang=\"ES-CO\">El ente acusador, con base en la investigaci\u00f3n, infiere que el hombre\u00a0supuestamente\u00a0<b>aprovech\u00f3 sus conocimientos en criminal\u00edstica para tratar de eliminar evidencias<\/b>\u00a0y evitar dejar rastros, entorpeciendo el curso del proceso.<\/span><span lang=\"ES-CO\">\u00a0<\/span><\/p>\n<p><span lang=\"ES-CO\">Ossa Lopera, quien trabaj\u00f3 durante 8 a\u00f1os en la Sij\u00edn, fue detenido el 12 de marzo del a\u00f1o en curso por miembros del Cuerpo T\u00e9cnico de Investigaci\u00f3n (CTI) en el parque principal de la capital caquete\u00f1a, por ser el sospechoso principal de la muerte violenta de la joven de 28 a\u00f1os, cuyo cuerpo fue hallado por sus familiares sobre la cama.<\/span><\/p>\n<p><span lang=\"ES-CO\">Entre el material probatorio recolectado se encuentran m\u00e1s de 270 horas de grabaci\u00f3n de por lo menos 20 videos, con los cuales los\u00a0<b>investigadores reconstruyeron la trayectoria del acusado,<\/b>\u00a0desde la zona rosa donde la v\u00edctima se encontraba celebrando su graduaci\u00f3n como especialista, hasta su casa ubicada en el barrio Las Victorias de esa ciudad.<\/span><\/p>\n<p><span lang=\"ES-CO\">En los videos tambi\u00e9n qued\u00f3 registrado el momento en que ingres\u00f3 a la vivienda y cuando sali\u00f3 poco despu\u00e9s a altas horas de la madrugada, con varios elementos de su expareja.<\/span><\/p>\n<p><span lang=\"ES-CO\">Adem\u00e1s, se cuenta con un testigo clave que asegura que el procesado sigui\u00f3 a la joven toda la noche hasta llegar a su casa, se meti\u00f3 a su carro y le extrajo su celular.<\/span><\/p>\n<p><span lang=\"ES-CO\">Otras pruebas son audios de Whatsapp entre la v\u00edctima y otra persona en los que ella asegur\u00f3 que tem\u00eda por su vida al sentirse amenazada por Jhohan Alberto.<\/span><span lang=\"ES-CO\">\u00a0<\/span><\/p>\n<p><span lang=\"ES-CO\">La audiencia preparatoria del juicio qued\u00f3 fijada para el pr\u00f3ximo 17 de julio ante un juzgado del circuito de Florencia.<\/span><\/p>\n<p><span lang=\"ES-CO\">La Fiscal\u00eda hace p\u00fablica esta informaci\u00f3n por razones de inter\u00e9s general.<\/span><\/p>\n\n<div class=\"twitter-share\"><a href=\"https:\/\/twitter.com\/intent\/tweet?via=fiscaliacol\" class=\"twitter-share-button\">Tweet<\/a><\/div>\n","protected":false},"excerpt":{"rendered":"<p>En audiencia virtual, la Fiscal\u00eda General de la Naci\u00f3n\u00a0acus\u00f3\u00a0formalmente\u00a0al expatrullero de la Polic\u00eda de Caquet\u00e1\u00a0Jhohan Alberto Ossa Lopera,\u00a0por los delitos\u00a0de\u00a0feminicidio agravado, hurto calificado y agravado, violaci\u00f3n a habitaci\u00f3n ajena y [&hellip;]<\/p>\n","protected":false},"author":162,"featured_media":0,"comment_status":"closed","ping_status":"open","sticky":false,"template":"","format":"standard","meta":{"tdm_status":"","tdm_grid_status":"","footnotes":""},"categories":[328,303,24099],"tags":[],"class_list":["post-195933","post","type-post","status-publish","format-standard","category-seccional-florencia","category-seccionales","category-seguridad-territorial"],"yoast_head":"<!-- This site is optimized with the Yoast SEO plugin v24.3 - https:\/\/yoast.com\/wordpress\/plugins\/seo\/ -->\n<title>Fiscal\u00eda General de la Naci\u00f3n<\/title>\n<meta name=\"description\" content=\"P\u00e1gina oficial de la Fiscal\u00eda General de la Naci\u00f3n \u2013 Colombia. Garantizamos el acceso efectivo a la justicia, la verdad y la reparaci\u00f3n de las v\u00edctimas de los delitos.\" \/>\n<meta name=\"robots\" content=\"noindex, follow\" \/>\n<meta property=\"og:locale\" content=\"es_ES\" \/>\n<meta property=\"og:type\" content=\"article\" \/>\n<meta property=\"og:title\" content=\"Fiscal\u00eda General de la Naci\u00f3n\" \/>\n<meta property=\"og:description\" content=\"P\u00e1gina oficial de la Fiscal\u00eda General de la Naci\u00f3n \u2013 Colombia. Garantizamos el acceso efectivo a la justicia, la verdad y la reparaci\u00f3n de las v\u00edctimas de los delitos.\" \/>\n<meta property=\"og:url\" content=\"https:\/\/www.fiscalia.gov.co\/colombia\/seccionales\/acusado-expatrullero-de-la-policia-de-caqueta-por-feminicidio-agravado-y-otros-delitos-cometidos-contra-su-exnovia\/\" \/>\n<meta property=\"og:site_name\" content=\"Fiscal\u00eda General de la Naci\u00f3n\" \/>\n<meta property=\"article:publisher\" content=\"https:\/\/www.facebook.com\/FiscaliaCol\" \/>\n<meta property=\"article:published_time\" content=\"2020-06-19T12:35:18+00:00\" \/>\n<meta name=\"author\" content=\"Direcci\u00f3n de Comunicaciones Fiscal\u00eda General de la Naci\u00f3n\" \/>\n<meta name=\"twitter:card\" content=\"summary_large_image\" \/>\n<meta name=\"twitter:creator\" content=\"@FiscaliaCol\" \/>\n<meta name=\"twitter:site\" content=\"@FiscaliaCol\" \/>\n<meta name=\"twitter:label1\" content=\"Escrito por\" \/>\n\t<meta name=\"twitter:data1\" content=\"Direcci\u00f3n de Comunicaciones Fiscal\u00eda General de la Naci\u00f3n\" \/>\n\t<meta name=\"twitter:label2\" content=\"Tiempo de lectura\" \/>\n\t<meta name=\"twitter:data2\" content=\"2 minutos\" \/>\n<script type=\"application\/ld+json\" class=\"yoast-schema-graph\">{\"@context\":\"https:\/\/schema.org\",\"@graph\":[{\"@type\":\"Article\",\"@id\":\"https:\/\/www.fiscalia.gov.co\/colombia\/seccionales\/acusado-expatrullero-de-la-policia-de-caqueta-por-feminicidio-agravado-y-otros-delitos-cometidos-contra-su-exnovia\/#article\",\"isPartOf\":{\"@id\":\"https:\/\/www.fiscalia.gov.co\/colombia\/seccionales\/acusado-expatrullero-de-la-policia-de-caqueta-por-feminicidio-agravado-y-otros-delitos-cometidos-contra-su-exnovia\/\"},\"author\":{\"name\":\"Direcci\u00f3n de Comunicaciones Fiscal\u00eda General de la Naci\u00f3n\",\"@id\":\"https:\/\/www.fiscalia.gov.co\/colombia\/#\/schema\/person\/bf28d8ae7f1b287bbe3af484b04f43ea\"},\"headline\":\"Acusado expatrullero de la Polic\u00eda de Caquet\u00e1 por feminicidio agravado y otros delitos cometidos contra su exnovia\",\"datePublished\":\"2020-06-19T12:35:18+00:00\",\"dateModified\":\"2020-06-19T12:35:18+00:00\",\"mainEntityOfPage\":{\"@id\":\"https:\/\/www.fiscalia.gov.co\/colombia\/seccionales\/acusado-expatrullero-de-la-policia-de-caqueta-por-feminicidio-agravado-y-otros-delitos-cometidos-contra-su-exnovia\/\"},\"wordCount\":376,\"publisher\":{\"@id\":\"https:\/\/www.fiscalia.gov.co\/colombia\/#organization\"},\"articleSection\":[\"Seccional Florencia\",\"Seccionales\",\"Seguridad territorial\"],\"inLanguage\":\"es-CO\"},{\"@type\":\"WebPage\",\"@id\":\"https:\/\/www.fiscalia.gov.co\/colombia\/seccionales\/acusado-expatrullero-de-la-policia-de-caqueta-por-feminicidio-agravado-y-otros-delitos-cometidos-contra-su-exnovia\/\",\"url\":\"https:\/\/www.fiscalia.gov.co\/colombia\/seccionales\/acusado-expatrullero-de-la-policia-de-caqueta-por-feminicidio-agravado-y-otros-delitos-cometidos-contra-su-exnovia\/\",\"name\":\"Fiscal\u00eda General de la Naci\u00f3n\",\"isPartOf\":{\"@id\":\"https:\/\/www.fiscalia.gov.co\/colombia\/#website\"},\"datePublished\":\"2020-06-19T12:35:18+00:00\",\"dateModified\":\"2020-06-19T12:35:18+00:00\",\"description\":\"P\u00e1gina oficial de la Fiscal\u00eda General de la Naci\u00f3n \u2013 Colombia. Garantizamos el acceso efectivo a la justicia, la verdad y la reparaci\u00f3n de las v\u00edctimas de los delitos.\",\"breadcrumb\":{\"@id\":\"https:\/\/www.fiscalia.gov.co\/colombia\/seccionales\/acusado-expatrullero-de-la-policia-de-caqueta-por-feminicidio-agravado-y-otros-delitos-cometidos-contra-su-exnovia\/#breadcrumb\"},\"inLanguage\":\"es-CO\",\"potentialAction\":[{\"@type\":\"ReadAction\",\"target\":[\"https:\/\/www.fiscalia.gov.co\/colombia\/seccionales\/acusado-expatrullero-de-la-policia-de-caqueta-por-feminicidio-agravado-y-otros-delitos-cometidos-contra-su-exnovia\/\"]}]},{\"@type\":\"BreadcrumbList\",\"@id\":\"https:\/\/www.fiscalia.gov.co\/colombia\/seccionales\/acusado-expatrullero-de-la-policia-de-caqueta-por-feminicidio-agravado-y-otros-delitos-cometidos-contra-su-exnovia\/#breadcrumb\",\"itemListElement\":[{\"@type\":\"ListItem\",\"position\":1,\"name\":\"Home\",\"item\":\"https:\/\/www.fiscalia.gov.co\/colombia\/\"},{\"@type\":\"ListItem\",\"position\":2,\"name\":\"Acusado expatrullero de la Polic\u00eda de Caquet\u00e1 por feminicidio agravado y otros delitos cometidos contra su exnovia\"}]},{\"@type\":\"WebSite\",\"@id\":\"https:\/\/www.fiscalia.gov.co\/colombia\/#website\",\"url\":\"https:\/\/www.fiscalia.gov.co\/colombia\/\",\"name\":\"Fiscal\u00eda General de la Naci\u00f3n\",\"description\":\"P\u00e1gina oficial de la Fiscal\u00eda General de la Naci\u00f3n \u2013 Colombia. Garantizamos el acceso efectivo a la justicia, la verdad y la reparaci\u00f3n de las v\u00edctimas de los delitos.\",\"publisher\":{\"@id\":\"https:\/\/www.fiscalia.gov.co\/colombia\/#organization\"},\"potentialAction\":[{\"@type\":\"SearchAction\",\"target\":{\"@type\":\"EntryPoint\",\"urlTemplate\":\"https:\/\/www.fiscalia.gov.co\/colombia\/?s={search_term_string}\"},\"query-input\":{\"@type\":\"PropertyValueSpecification\",\"valueRequired\":true,\"valueName\":\"search_term_string\"}}],\"inLanguage\":\"es-CO\"},{\"@type\":\"Organization\",\"@id\":\"https:\/\/www.fiscalia.gov.co\/colombia\/#organization\",\"name\":\"Fiscal\u00eda General de la Naci\u00f3n\",\"url\":\"https:\/\/www.fiscalia.gov.co\/colombia\/\",\"logo\":{\"@type\":\"ImageObject\",\"inLanguage\":\"es-CO\",\"@id\":\"https:\/\/www.fiscalia.gov.co\/colombia\/#\/schema\/logo\/image\/\",\"url\":\"https:\/\/www.fiscalia.gov.co\/colombia\/wp-content\/uploads\/LogoHorizontal_1.jpg\",\"contentUrl\":\"https:\/\/www.fiscalia.gov.co\/colombia\/wp-content\/uploads\/LogoHorizontal_1.jpg\",\"width\":300,\"height\":90,\"caption\":\"Fiscal\u00eda General de la Naci\u00f3n\"},\"image\":{\"@id\":\"https:\/\/www.fiscalia.gov.co\/colombia\/#\/schema\/logo\/image\/\"},\"sameAs\":[\"https:\/\/www.facebook.com\/FiscaliaCol\",\"https:\/\/x.com\/FiscaliaCol\",\"https:\/\/www.instagram.com\/fiscaliacol\",\"https:\/\/www.linkedin.com\/company\/fiscalia-general-de-la-naci-n\/\",\"https:\/\/youtube.com\/@fiscaliageneraldelanacion-4668?si=6nN79nyQICPU5iTh\"]},{\"@type\":\"Person\",\"@id\":\"https:\/\/www.fiscalia.gov.co\/colombia\/#\/schema\/person\/bf28d8ae7f1b287bbe3af484b04f43ea\",\"name\":\"Direcci\u00f3n de Comunicaciones Fiscal\u00eda General de la Naci\u00f3n\",\"image\":{\"@type\":\"ImageObject\",\"inLanguage\":\"es-CO\",\"@id\":\"https:\/\/www.fiscalia.gov.co\/colombia\/#\/schema\/person\/image\/\",\"url\":\"https:\/\/secure.gravatar.com\/avatar\/9d55ae161d32da16dbdd0b380c080a5f?s=96&d=mm&r=g\",\"contentUrl\":\"https:\/\/secure.gravatar.com\/avatar\/9d55ae161d32da16dbdd0b380c080a5f?s=96&d=mm&r=g\",\"caption\":\"Direcci\u00f3n de Comunicaciones Fiscal\u00eda General de la Naci\u00f3n\"},\"url\":\"https:\/\/www.fiscalia.gov.co\/colombia\/author\/kbonilla\/\"}]}<\/script>\n<!-- \/ Yoast SEO plugin. -->","yoast_head_json":{"title":"Fiscal\u00eda General de la Naci\u00f3n","description":"P\u00e1gina oficial de la Fiscal\u00eda General de la Naci\u00f3n \u2013 Colombia. Garantizamos el acceso efectivo a la justicia, la verdad y la reparaci\u00f3n de las v\u00edctimas de los delitos.","robots":{"index":"noindex","follow":"follow"},"og_locale":"es_ES","og_type":"article","og_title":"Fiscal\u00eda General de la Naci\u00f3n","og_description":"P\u00e1gina oficial de la Fiscal\u00eda General de la Naci\u00f3n \u2013 Colombia. Garantizamos el acceso efectivo a la justicia, la verdad y la reparaci\u00f3n de las v\u00edctimas de los delitos.","og_url":"https:\/\/www.fiscalia.gov.co\/colombia\/seccionales\/acusado-expatrullero-de-la-policia-de-caqueta-por-feminicidio-agravado-y-otros-delitos-cometidos-contra-su-exnovia\/","og_site_name":"Fiscal\u00eda General de la Naci\u00f3n","article_publisher":"https:\/\/www.facebook.com\/FiscaliaCol","article_published_time":"2020-06-19T12:35:18+00:00","author":"Direcci\u00f3n de Comunicaciones Fiscal\u00eda General de la Naci\u00f3n","twitter_card":"summary_large_image","twitter_creator":"@FiscaliaCol","twitter_site":"@FiscaliaCol","twitter_misc":{"Escrito por":"Direcci\u00f3n de Comunicaciones Fiscal\u00eda General de la Naci\u00f3n","Tiempo de lectura":"2 minutos"},"schema":{"@context":"https:\/\/schema.org","@graph":[{"@type":"Article","@id":"https:\/\/www.fiscalia.gov.co\/colombia\/seccionales\/acusado-expatrullero-de-la-policia-de-caqueta-por-feminicidio-agravado-y-otros-delitos-cometidos-contra-su-exnovia\/#article","isPartOf":{"@id":"https:\/\/www.fiscalia.gov.co\/colombia\/seccionales\/acusado-expatrullero-de-la-policia-de-caqueta-por-feminicidio-agravado-y-otros-delitos-cometidos-contra-su-exnovia\/"},"author":{"name":"Direcci\u00f3n de Comunicaciones Fiscal\u00eda General de la Naci\u00f3n","@id":"https:\/\/www.fiscalia.gov.co\/colombia\/#\/schema\/person\/bf28d8ae7f1b287bbe3af484b04f43ea"},"headline":"Acusado expatrullero de la Polic\u00eda de Caquet\u00e1 por feminicidio agravado y otros delitos cometidos contra su exnovia","datePublished":"2020-06-19T12:35:18+00:00","dateModified":"2020-06-19T12:35:18+00:00","mainEntityOfPage":{"@id":"https:\/\/www.fiscalia.gov.co\/colombia\/seccionales\/acusado-expatrullero-de-la-policia-de-caqueta-por-feminicidio-agravado-y-otros-delitos-cometidos-contra-su-exnovia\/"},"wordCount":376,"publisher":{"@id":"https:\/\/www.fiscalia.gov.co\/colombia\/#organization"},"articleSection":["Seccional Florencia","Seccionales","Seguridad territorial"],"inLanguage":"es-CO"},{"@type":"WebPage","@id":"https:\/\/www.fiscalia.gov.co\/colombia\/seccionales\/acusado-expatrullero-de-la-policia-de-caqueta-por-feminicidio-agravado-y-otros-delitos-cometidos-contra-su-exnovia\/","url":"https:\/\/www.fiscalia.gov.co\/colombia\/seccionales\/acusado-expatrullero-de-la-policia-de-caqueta-por-feminicidio-agravado-y-otros-delitos-cometidos-contra-su-exnovia\/","name":"Fiscal\u00eda General de la Naci\u00f3n","isPartOf":{"@id":"https:\/\/www.fiscalia.gov.co\/colombia\/#website"},"datePublished":"2020-06-19T12:35:18+00:00","dateModified":"2020-06-19T12:35:18+00:00","description":"P\u00e1gina oficial de la Fiscal\u00eda General de la Naci\u00f3n \u2013 Colombia. Garantizamos el acceso efectivo a la justicia, la verdad y la reparaci\u00f3n de las v\u00edctimas de los delitos.","breadcrumb":{"@id":"https:\/\/www.fiscalia.gov.co\/colombia\/seccionales\/acusado-expatrullero-de-la-policia-de-caqueta-por-feminicidio-agravado-y-otros-delitos-cometidos-contra-su-exnovia\/#breadcrumb"},"inLanguage":"es-CO","potentialAction":[{"@type":"ReadAction","target":["https:\/\/www.fiscalia.gov.co\/colombia\/seccionales\/acusado-expatrullero-de-la-policia-de-caqueta-por-feminicidio-agravado-y-otros-delitos-cometidos-contra-su-exnovia\/"]}]},{"@type":"BreadcrumbList","@id":"https:\/\/www.fiscalia.gov.co\/colombia\/seccionales\/acusado-expatrullero-de-la-policia-de-caqueta-por-feminicidio-agravado-y-otros-delitos-cometidos-contra-su-exnovia\/#breadcrumb","itemListElement":[{"@type":"ListItem","position":1,"name":"Home","item":"https:\/\/www.fiscalia.gov.co\/colombia\/"},{"@type":"ListItem","position":2,"name":"Acusado expatrullero de la Polic\u00eda de Caquet\u00e1 por feminicidio agravado y otros delitos cometidos contra su exnovia"}]},{"@type":"WebSite","@id":"https:\/\/www.fiscalia.gov.co\/colombia\/#website","url":"https:\/\/www.fiscalia.gov.co\/colombia\/","name":"Fiscal\u00eda General de la Naci\u00f3n","description":"P\u00e1gina oficial de la Fiscal\u00eda General de la Naci\u00f3n \u2013 Colombia. Garantizamos el acceso efectivo a la justicia, la verdad y la reparaci\u00f3n de las v\u00edctimas de los delitos.","publisher":{"@id":"https:\/\/www.fiscalia.gov.co\/colombia\/#organization"},"potentialAction":[{"@type":"SearchAction","target":{"@type":"EntryPoint","urlTemplate":"https:\/\/www.fiscalia.gov.co\/colombia\/?s={search_term_string}"},"query-input":{"@type":"PropertyValueSpecification","valueRequired":true,"valueName":"search_term_string"}}],"inLanguage":"es-CO"},{"@type":"Organization","@id":"https:\/\/www.fiscalia.gov.co\/colombia\/#organization","name":"Fiscal\u00eda General de la Naci\u00f3n","url":"https:\/\/www.fiscalia.gov.co\/colombia\/","logo":{"@type":"ImageObject","inLanguage":"es-CO","@id":"https:\/\/www.fiscalia.gov.co\/colombia\/#\/schema\/logo\/image\/","url":"https:\/\/www.fiscalia.gov.co\/colombia\/wp-content\/uploads\/LogoHorizontal_1.jpg","contentUrl":"https:\/\/www.fiscalia.gov.co\/colombia\/wp-content\/uploads\/LogoHorizontal_1.jpg","width":300,"height":90,"caption":"Fiscal\u00eda General de la Naci\u00f3n"},"image":{"@id":"https:\/\/www.fiscalia.gov.co\/colombia\/#\/schema\/logo\/image\/"},"sameAs":["https:\/\/www.facebook.com\/FiscaliaCol","https:\/\/x.com\/FiscaliaCol","https:\/\/www.instagram.com\/fiscaliacol","https:\/\/www.linkedin.com\/company\/fiscalia-general-de-la-naci-n\/","https:\/\/youtube.com\/@fiscaliageneraldelanacion-4668?si=6nN79nyQICPU5iTh"]},{"@type":"Person","@id":"https:\/\/www.fiscalia.gov.co\/colombia\/#\/schema\/person\/bf28d8ae7f1b287bbe3af484b04f43ea","name":"Direcci\u00f3n de Comunicaciones Fiscal\u00eda General de la Naci\u00f3n","image":{"@type":"ImageObject","inLanguage":"es-CO","@id":"https:\/\/www.fiscalia.gov.co\/colombia\/#\/schema\/person\/image\/","url":"https:\/\/secure.gravatar.com\/avatar\/9d55ae161d32da16dbdd0b380c080a5f?s=96&d=mm&r=g","contentUrl":"https:\/\/secure.gravatar.com\/avatar\/9d55ae161d32da16dbdd0b380c080a5f?s=96&d=mm&r=g","caption":"Direcci\u00f3n de Comunicaciones Fiscal\u00eda General de la Naci\u00f3n"},"url":"https:\/\/www.fiscalia.gov.co\/colombia\/author\/kbonilla\/"}]}},"_links":{"self":[{"href":"https:\/\/www.fiscalia.gov.co\/colombia\/wp-json\/wp\/v2\/posts\/195933","targetHints":{"allow":["GET"]}}],"collection":[{"href":"https:\/\/www.fiscalia.gov.co\/colombia\/wp-json\/wp\/v2\/posts"}],"about":[{"href":"https:\/\/www.fiscalia.gov.co\/colombia\/wp-json\/wp\/v2\/types\/post"}],"author":[{"embeddable":true,"href":"https:\/\/www.fiscalia.gov.co\/colombia\/wp-json\/wp\/v2\/users\/162"}],"replies":[{"embeddable":true,"href":"https:\/\/www.fiscalia.gov.co\/colombia\/wp-json\/wp\/v2\/comments?post=195933"}],"version-history":[{"count":1,"href":"https:\/\/www.fiscalia.gov.co\/colombia\/wp-json\/wp\/v2\/posts\/195933\/revisions"}],"predecessor-version":[{"id":195934,"href":"https:\/\/www.fiscalia.gov.co\/colombia\/wp-json\/wp\/v2\/posts\/195933\/revisions\/195934"}],"wp:attachment":[{"href":"https:\/\/www.fiscalia.gov.co\/colombia\/wp-json\/wp\/v2\/media?parent=195933"}],"wp:term":[{"taxonomy":"category","embeddable":true,"href":"https:\/\/www.fiscalia.gov.co\/colombia\/wp-json\/wp\/v2\/categories?post=195933"},{"taxonomy":"post_tag","embeddable":true,"href":"https:\/\/www.fiscalia.gov.co\/colombia\/wp-json\/wp\/v2\/tags?post=195933"}],"curies":[{"name":"wp","href":"https:\/\/api.w.org\/{rel}","templated":true}]}}