{"id":194106,"date":"2020-05-22T15:26:19","date_gmt":"2020-05-22T20:26:19","guid":{"rendered":"https:\/\/www.fiscalia.gov.co\/colombia\/?p=194106"},"modified":"2020-05-22T15:26:19","modified_gmt":"2020-05-22T20:26:19","slug":"operativo-contra-el-gaor-farc-que-delinque-en-guaviare-permitio-captura-de-una-mujer-y-la-judicializacion-de-dos-presuntos-integrantes-de-este-grupo","status":"publish","type":"post","link":"https:\/\/www.fiscalia.gov.co\/colombia\/seccionales\/operativo-contra-el-gaor-farc-que-delinque-en-guaviare-permitio-captura-de-una-mujer-y-la-judicializacion-de-dos-presuntos-integrantes-de-este-grupo\/","title":{"rendered":"Operativo contra el GAOR Farc, que delinque en Guaviare, permiti\u00f3 captura de una mujer y la judicializaci\u00f3n de dos presuntos integrantes de este grupo"},"content":{"rendered":"<p><span lang=\"es-CO\">La Fiscal\u00eda Especializada imput\u00f3 cargos, ante un Juzgado con funci\u00f3n de control de garant\u00edas, contra\u00a0<b>Dixon Andr\u00e9s Espinosa Cort\u00e9s<\/b>\u00a0y\u00a0<b>Yoiner Alexis Caviche Zatty<\/b>,\u00a0<b>presuntos integrantes del Grupo Armado Organizado Residual GAOR Farc<\/b>, presente en los\u00a0<b>departamentos del Meta y Guaviare<\/b>.<\/span><span lang=\"es-CO\">\u00a0<\/span><\/p>\n<p><span lang=\"es-CO\">En desarrollo de operaciones militares, se logr\u00f3 la\u00a0<b>captura<\/b>\u00a0<b>por orden judicial de Espinosa Cort\u00e9s y en flagrancia de Caviche Zatty.<\/b>\u00a0Las diligencias se cumplieron en las localidades de\u00a0<b>San Jos\u00e9 del Guaviare<\/b>\u00a0y la Vereda Golondrinas, del municipio del\u00a0<b>Retorno (Guaviare),<\/b>\u00a0donde tambi\u00e9n fue\u00a0<b>detenida una mujer identificada como alias Mireya,<\/b>\u00a0quien ser\u00eda una de las cabecillas del GAOr Farc en el sector.<\/span><\/p>\n<p><span lang=\"es-CO\">Seg\u00fan las autoridades, alias Mireya orientar\u00eda\u00a0<b>acciones contra los programas<\/b>\u00a0del Gobierno Nacional para la\u00a0<b>erradicaci\u00f3n y sustituci\u00f3n de cultivos il\u00edcitos en Meta y Guaviare<\/b>. Adem\u00e1s, estar\u00eda encargada de realizar acciones\u00a0<b>terroristas contra la Fuerza P\u00fablica<\/b>, con activaci\u00f3n de artefactos explosivos usando cilindros bomba y la instalaci\u00f3n de campos minados. Durante 20 a\u00f1os habr\u00eda formado parte del grupo ilegal.<\/span><span lang=\"es-CO\">\u00a0<\/span><\/p>\n<p><span lang=\"es-CO\">En desarrollo de audiencias concentradas, la\u00a0<b>Fiscal\u00eda Especializada imput\u00f3 cargos contra Espinosa Cort\u00e9s,<\/b>\u00a0como presunto cabecilla de finanzas del grupo delictivo, por los\u00a0<b>delitos de concierto para delinquir agravado en concurso con fabricaci\u00f3n, tr\u00e1fico y\/o porte ilegal de armas<\/b>. Contra Caviche Zatty el ente investigador formul\u00f3 cargos por el delito de concierto para delinquir agravado.\u00a0<b>Los dos recibieron medida de aseguramiento consistente en detenci\u00f3n intramural<\/b>.<\/span><span lang=\"es-AR\">\u00a0<\/span><\/p>\n<p><span lang=\"es-CO\">Ante la decisi\u00f3n del juez, la\u00a0<b>Fiscal\u00eda solicit\u00f3 a las autoridades penitenciarias y de salud\u00a0revisar el estado m\u00e9dico de los detenidos<\/b>\u00a0y garantizar que\u00a0<b>est\u00e9n en buenas condiciones<\/b>\u00a0antes de realizar su traslado al lugar de detenci\u00f3n.<\/span><span lang=\"es-CO\">\u00a0<\/span><\/p>\n<p><span lang=\"es-CO\">La Fiscal\u00eda General publica esta informaci\u00f3n por razones de inter\u00e9s general.<\/span><\/p>\n<p><span lang=\"es-CO\">\u00a0<\/span><\/p>\n<p><span lang=\"es-CO\">PYM\/MRL<\/span><\/p>\n\n<div class=\"twitter-share\"><a href=\"https:\/\/twitter.com\/intent\/tweet?via=fiscaliacol\" class=\"twitter-share-button\">Tweet<\/a><\/div>\n","protected":false},"excerpt":{"rendered":"<p>La Fiscal\u00eda Especializada imput\u00f3 cargos, ante un Juzgado con funci\u00f3n de control de garant\u00edas, contra\u00a0Dixon Andr\u00e9s Espinosa Cort\u00e9s\u00a0y\u00a0Yoiner Alexis Caviche Zatty,\u00a0presuntos integrantes del Grupo Armado Organizado Residual GAOR Farc, presente en los\u00a0departamentos del Meta y Guaviare.\u00a0 En desarrollo de operaciones militares, se logr\u00f3 la\u00a0captura\u00a0por orden judicial de Espinosa Cort\u00e9s y en flagrancia de Caviche Zatty.\u00a0Las [&hellip;]<\/p>\n","protected":false},"author":162,"featured_media":0,"comment_status":"closed","ping_status":"open","sticky":false,"template":"","format":"standard","meta":{"tdm_status":"","tdm_grid_status":"","footnotes":""},"categories":[24098,12689,303],"tags":[],"class_list":{"0":"post-194106","1":"post","2":"type-post","3":"status-publish","4":"format-standard","6":"category-crimen-organizado","7":"category-seccional-guaviare","8":"category-seccionales"},"yoast_head":"<!-- This site is optimized with the Yoast SEO plugin v24.3 - https:\/\/yoast.com\/wordpress\/plugins\/seo\/ -->\n<title>Fiscal\u00eda General de la Naci\u00f3n<\/title>\n<meta name=\"description\" content=\"P\u00e1gina oficial de la Fiscal\u00eda General de la Naci\u00f3n \u2013 Colombia. Garantizamos el acceso efectivo a la justicia, la verdad y la reparaci\u00f3n de las v\u00edctimas de los delitos.\" \/>\n<meta name=\"robots\" content=\"noindex, follow\" \/>\n<meta property=\"og:locale\" content=\"es_ES\" \/>\n<meta property=\"og:type\" content=\"article\" \/>\n<meta property=\"og:title\" content=\"Fiscal\u00eda General de la Naci\u00f3n\" \/>\n<meta property=\"og:description\" content=\"P\u00e1gina oficial de la Fiscal\u00eda General de la Naci\u00f3n \u2013 Colombia. Garantizamos el acceso efectivo a la justicia, la verdad y la reparaci\u00f3n de las v\u00edctimas de los delitos.\" \/>\n<meta property=\"og:url\" content=\"https:\/\/www.fiscalia.gov.co\/colombia\/seccionales\/operativo-contra-el-gaor-farc-que-delinque-en-guaviare-permitio-captura-de-una-mujer-y-la-judicializacion-de-dos-presuntos-integrantes-de-este-grupo\/\" \/>\n<meta property=\"og:site_name\" content=\"Fiscal\u00eda General de la Naci\u00f3n\" \/>\n<meta property=\"article:publisher\" content=\"https:\/\/www.facebook.com\/FiscaliaCol\" \/>\n<meta property=\"article:published_time\" content=\"2020-05-22T20:26:19+00:00\" \/>\n<meta name=\"author\" content=\"Direcci\u00f3n de Comunicaciones Fiscal\u00eda General de la Naci\u00f3n\" \/>\n<meta name=\"twitter:card\" content=\"summary_large_image\" \/>\n<meta name=\"twitter:creator\" content=\"@FiscaliaCol\" \/>\n<meta name=\"twitter:site\" content=\"@FiscaliaCol\" \/>\n<meta name=\"twitter:label1\" content=\"Escrito por\" \/>\n\t<meta name=\"twitter:data1\" content=\"Direcci\u00f3n de Comunicaciones Fiscal\u00eda General de la Naci\u00f3n\" \/>\n\t<meta name=\"twitter:label2\" content=\"Tiempo de lectura\" \/>\n\t<meta name=\"twitter:data2\" content=\"2 minutos\" \/>\n<script type=\"application\/ld+json\" class=\"yoast-schema-graph\">{\"@context\":\"https:\/\/schema.org\",\"@graph\":[{\"@type\":\"Article\",\"@id\":\"https:\/\/www.fiscalia.gov.co\/colombia\/seccionales\/operativo-contra-el-gaor-farc-que-delinque-en-guaviare-permitio-captura-de-una-mujer-y-la-judicializacion-de-dos-presuntos-integrantes-de-este-grupo\/#article\",\"isPartOf\":{\"@id\":\"https:\/\/www.fiscalia.gov.co\/colombia\/seccionales\/operativo-contra-el-gaor-farc-que-delinque-en-guaviare-permitio-captura-de-una-mujer-y-la-judicializacion-de-dos-presuntos-integrantes-de-este-grupo\/\"},\"author\":{\"name\":\"Direcci\u00f3n de Comunicaciones Fiscal\u00eda General de la Naci\u00f3n\",\"@id\":\"https:\/\/www.fiscalia.gov.co\/colombia\/#\/schema\/person\/bf28d8ae7f1b287bbe3af484b04f43ea\"},\"headline\":\"Operativo contra el GAOR Farc, que delinque en Guaviare, permiti\u00f3 captura de una mujer y la judicializaci\u00f3n de dos presuntos integrantes de este grupo\",\"datePublished\":\"2020-05-22T20:26:19+00:00\",\"dateModified\":\"2020-05-22T20:26:19+00:00\",\"mainEntityOfPage\":{\"@id\":\"https:\/\/www.fiscalia.gov.co\/colombia\/seccionales\/operativo-contra-el-gaor-farc-que-delinque-en-guaviare-permitio-captura-de-una-mujer-y-la-judicializacion-de-dos-presuntos-integrantes-de-este-grupo\/\"},\"wordCount\":338,\"publisher\":{\"@id\":\"https:\/\/www.fiscalia.gov.co\/colombia\/#organization\"},\"articleSection\":[\"Crimen organizado\",\"Seccional Guaviare\",\"Seccionales\"],\"inLanguage\":\"es-CO\"},{\"@type\":\"WebPage\",\"@id\":\"https:\/\/www.fiscalia.gov.co\/colombia\/seccionales\/operativo-contra-el-gaor-farc-que-delinque-en-guaviare-permitio-captura-de-una-mujer-y-la-judicializacion-de-dos-presuntos-integrantes-de-este-grupo\/\",\"url\":\"https:\/\/www.fiscalia.gov.co\/colombia\/seccionales\/operativo-contra-el-gaor-farc-que-delinque-en-guaviare-permitio-captura-de-una-mujer-y-la-judicializacion-de-dos-presuntos-integrantes-de-este-grupo\/\",\"name\":\"Fiscal\u00eda General de la Naci\u00f3n\",\"isPartOf\":{\"@id\":\"https:\/\/www.fiscalia.gov.co\/colombia\/#website\"},\"datePublished\":\"2020-05-22T20:26:19+00:00\",\"dateModified\":\"2020-05-22T20:26:19+00:00\",\"description\":\"P\u00e1gina oficial de la Fiscal\u00eda General de la Naci\u00f3n \u2013 Colombia. Garantizamos el acceso efectivo a la justicia, la verdad y la reparaci\u00f3n de las v\u00edctimas de los delitos.\",\"breadcrumb\":{\"@id\":\"https:\/\/www.fiscalia.gov.co\/colombia\/seccionales\/operativo-contra-el-gaor-farc-que-delinque-en-guaviare-permitio-captura-de-una-mujer-y-la-judicializacion-de-dos-presuntos-integrantes-de-este-grupo\/#breadcrumb\"},\"inLanguage\":\"es-CO\",\"potentialAction\":[{\"@type\":\"ReadAction\",\"target\":[\"https:\/\/www.fiscalia.gov.co\/colombia\/seccionales\/operativo-contra-el-gaor-farc-que-delinque-en-guaviare-permitio-captura-de-una-mujer-y-la-judicializacion-de-dos-presuntos-integrantes-de-este-grupo\/\"]}]},{\"@type\":\"BreadcrumbList\",\"@id\":\"https:\/\/www.fiscalia.gov.co\/colombia\/seccionales\/operativo-contra-el-gaor-farc-que-delinque-en-guaviare-permitio-captura-de-una-mujer-y-la-judicializacion-de-dos-presuntos-integrantes-de-este-grupo\/#breadcrumb\",\"itemListElement\":[{\"@type\":\"ListItem\",\"position\":1,\"name\":\"Home\",\"item\":\"https:\/\/www.fiscalia.gov.co\/colombia\/\"},{\"@type\":\"ListItem\",\"position\":2,\"name\":\"Operativo contra el GAOR Farc, que delinque en Guaviare, permiti\u00f3 captura de una mujer y la judicializaci\u00f3n de dos presuntos integrantes de este grupo\"}]},{\"@type\":\"WebSite\",\"@id\":\"https:\/\/www.fiscalia.gov.co\/colombia\/#website\",\"url\":\"https:\/\/www.fiscalia.gov.co\/colombia\/\",\"name\":\"Fiscal\u00eda General de la Naci\u00f3n\",\"description\":\"P\u00e1gina oficial de la Fiscal\u00eda General de la Naci\u00f3n \u2013 Colombia. Garantizamos el acceso efectivo a la justicia, la verdad y la reparaci\u00f3n de las v\u00edctimas de los delitos.\",\"publisher\":{\"@id\":\"https:\/\/www.fiscalia.gov.co\/colombia\/#organization\"},\"potentialAction\":[{\"@type\":\"SearchAction\",\"target\":{\"@type\":\"EntryPoint\",\"urlTemplate\":\"https:\/\/www.fiscalia.gov.co\/colombia\/?s={search_term_string}\"},\"query-input\":{\"@type\":\"PropertyValueSpecification\",\"valueRequired\":true,\"valueName\":\"search_term_string\"}}],\"inLanguage\":\"es-CO\"},{\"@type\":\"Organization\",\"@id\":\"https:\/\/www.fiscalia.gov.co\/colombia\/#organization\",\"name\":\"Fiscal\u00eda General de la Naci\u00f3n\",\"url\":\"https:\/\/www.fiscalia.gov.co\/colombia\/\",\"logo\":{\"@type\":\"ImageObject\",\"inLanguage\":\"es-CO\",\"@id\":\"https:\/\/www.fiscalia.gov.co\/colombia\/#\/schema\/logo\/image\/\",\"url\":\"https:\/\/www.fiscalia.gov.co\/colombia\/wp-content\/uploads\/LogoHorizontal_1.jpg\",\"contentUrl\":\"https:\/\/www.fiscalia.gov.co\/colombia\/wp-content\/uploads\/LogoHorizontal_1.jpg\",\"width\":300,\"height\":90,\"caption\":\"Fiscal\u00eda General de la Naci\u00f3n\"},\"image\":{\"@id\":\"https:\/\/www.fiscalia.gov.co\/colombia\/#\/schema\/logo\/image\/\"},\"sameAs\":[\"https:\/\/www.facebook.com\/FiscaliaCol\",\"https:\/\/x.com\/FiscaliaCol\",\"https:\/\/www.instagram.com\/fiscaliacol\",\"https:\/\/www.linkedin.com\/company\/fiscalia-general-de-la-naci-n\/\",\"https:\/\/youtube.com\/@fiscaliageneraldelanacion-4668?si=6nN79nyQICPU5iTh\"]},{\"@type\":\"Person\",\"@id\":\"https:\/\/www.fiscalia.gov.co\/colombia\/#\/schema\/person\/bf28d8ae7f1b287bbe3af484b04f43ea\",\"name\":\"Direcci\u00f3n de Comunicaciones Fiscal\u00eda General de la Naci\u00f3n\",\"image\":{\"@type\":\"ImageObject\",\"inLanguage\":\"es-CO\",\"@id\":\"https:\/\/www.fiscalia.gov.co\/colombia\/#\/schema\/person\/image\/\",\"url\":\"https:\/\/secure.gravatar.com\/avatar\/9d55ae161d32da16dbdd0b380c080a5f?s=96&d=mm&r=g\",\"contentUrl\":\"https:\/\/secure.gravatar.com\/avatar\/9d55ae161d32da16dbdd0b380c080a5f?s=96&d=mm&r=g\",\"caption\":\"Direcci\u00f3n de Comunicaciones Fiscal\u00eda General de la Naci\u00f3n\"},\"url\":\"https:\/\/www.fiscalia.gov.co\/colombia\/author\/kbonilla\/\"}]}<\/script>\n<!-- \/ Yoast SEO plugin. -->","yoast_head_json":{"title":"Fiscal\u00eda General de la Naci\u00f3n","description":"P\u00e1gina oficial de la Fiscal\u00eda General de la Naci\u00f3n \u2013 Colombia. Garantizamos el acceso efectivo a la justicia, la verdad y la reparaci\u00f3n de las v\u00edctimas de los delitos.","robots":{"index":"noindex","follow":"follow"},"og_locale":"es_ES","og_type":"article","og_title":"Fiscal\u00eda General de la Naci\u00f3n","og_description":"P\u00e1gina oficial de la Fiscal\u00eda General de la Naci\u00f3n \u2013 Colombia. Garantizamos el acceso efectivo a la justicia, la verdad y la reparaci\u00f3n de las v\u00edctimas de los delitos.","og_url":"https:\/\/www.fiscalia.gov.co\/colombia\/seccionales\/operativo-contra-el-gaor-farc-que-delinque-en-guaviare-permitio-captura-de-una-mujer-y-la-judicializacion-de-dos-presuntos-integrantes-de-este-grupo\/","og_site_name":"Fiscal\u00eda General de la Naci\u00f3n","article_publisher":"https:\/\/www.facebook.com\/FiscaliaCol","article_published_time":"2020-05-22T20:26:19+00:00","author":"Direcci\u00f3n de Comunicaciones Fiscal\u00eda General de la Naci\u00f3n","twitter_card":"summary_large_image","twitter_creator":"@FiscaliaCol","twitter_site":"@FiscaliaCol","twitter_misc":{"Escrito por":"Direcci\u00f3n de Comunicaciones Fiscal\u00eda General de la Naci\u00f3n","Tiempo de lectura":"2 minutos"},"schema":{"@context":"https:\/\/schema.org","@graph":[{"@type":"Article","@id":"https:\/\/www.fiscalia.gov.co\/colombia\/seccionales\/operativo-contra-el-gaor-farc-que-delinque-en-guaviare-permitio-captura-de-una-mujer-y-la-judicializacion-de-dos-presuntos-integrantes-de-este-grupo\/#article","isPartOf":{"@id":"https:\/\/www.fiscalia.gov.co\/colombia\/seccionales\/operativo-contra-el-gaor-farc-que-delinque-en-guaviare-permitio-captura-de-una-mujer-y-la-judicializacion-de-dos-presuntos-integrantes-de-este-grupo\/"},"author":{"name":"Direcci\u00f3n de Comunicaciones Fiscal\u00eda General de la Naci\u00f3n","@id":"https:\/\/www.fiscalia.gov.co\/colombia\/#\/schema\/person\/bf28d8ae7f1b287bbe3af484b04f43ea"},"headline":"Operativo contra el GAOR Farc, que delinque en Guaviare, permiti\u00f3 captura de una mujer y la judicializaci\u00f3n de dos presuntos integrantes de este grupo","datePublished":"2020-05-22T20:26:19+00:00","dateModified":"2020-05-22T20:26:19+00:00","mainEntityOfPage":{"@id":"https:\/\/www.fiscalia.gov.co\/colombia\/seccionales\/operativo-contra-el-gaor-farc-que-delinque-en-guaviare-permitio-captura-de-una-mujer-y-la-judicializacion-de-dos-presuntos-integrantes-de-este-grupo\/"},"wordCount":338,"publisher":{"@id":"https:\/\/www.fiscalia.gov.co\/colombia\/#organization"},"articleSection":["Crimen organizado","Seccional Guaviare","Seccionales"],"inLanguage":"es-CO"},{"@type":"WebPage","@id":"https:\/\/www.fiscalia.gov.co\/colombia\/seccionales\/operativo-contra-el-gaor-farc-que-delinque-en-guaviare-permitio-captura-de-una-mujer-y-la-judicializacion-de-dos-presuntos-integrantes-de-este-grupo\/","url":"https:\/\/www.fiscalia.gov.co\/colombia\/seccionales\/operativo-contra-el-gaor-farc-que-delinque-en-guaviare-permitio-captura-de-una-mujer-y-la-judicializacion-de-dos-presuntos-integrantes-de-este-grupo\/","name":"Fiscal\u00eda General de la Naci\u00f3n","isPartOf":{"@id":"https:\/\/www.fiscalia.gov.co\/colombia\/#website"},"datePublished":"2020-05-22T20:26:19+00:00","dateModified":"2020-05-22T20:26:19+00:00","description":"P\u00e1gina oficial de la Fiscal\u00eda General de la Naci\u00f3n \u2013 Colombia. Garantizamos el acceso efectivo a la justicia, la verdad y la reparaci\u00f3n de las v\u00edctimas de los delitos.","breadcrumb":{"@id":"https:\/\/www.fiscalia.gov.co\/colombia\/seccionales\/operativo-contra-el-gaor-farc-que-delinque-en-guaviare-permitio-captura-de-una-mujer-y-la-judicializacion-de-dos-presuntos-integrantes-de-este-grupo\/#breadcrumb"},"inLanguage":"es-CO","potentialAction":[{"@type":"ReadAction","target":["https:\/\/www.fiscalia.gov.co\/colombia\/seccionales\/operativo-contra-el-gaor-farc-que-delinque-en-guaviare-permitio-captura-de-una-mujer-y-la-judicializacion-de-dos-presuntos-integrantes-de-este-grupo\/"]}]},{"@type":"BreadcrumbList","@id":"https:\/\/www.fiscalia.gov.co\/colombia\/seccionales\/operativo-contra-el-gaor-farc-que-delinque-en-guaviare-permitio-captura-de-una-mujer-y-la-judicializacion-de-dos-presuntos-integrantes-de-este-grupo\/#breadcrumb","itemListElement":[{"@type":"ListItem","position":1,"name":"Home","item":"https:\/\/www.fiscalia.gov.co\/colombia\/"},{"@type":"ListItem","position":2,"name":"Operativo contra el GAOR Farc, que delinque en Guaviare, permiti\u00f3 captura de una mujer y la judicializaci\u00f3n de dos presuntos integrantes de este grupo"}]},{"@type":"WebSite","@id":"https:\/\/www.fiscalia.gov.co\/colombia\/#website","url":"https:\/\/www.fiscalia.gov.co\/colombia\/","name":"Fiscal\u00eda General de la Naci\u00f3n","description":"P\u00e1gina oficial de la Fiscal\u00eda General de la Naci\u00f3n \u2013 Colombia. Garantizamos el acceso efectivo a la justicia, la verdad y la reparaci\u00f3n de las v\u00edctimas de los delitos.","publisher":{"@id":"https:\/\/www.fiscalia.gov.co\/colombia\/#organization"},"potentialAction":[{"@type":"SearchAction","target":{"@type":"EntryPoint","urlTemplate":"https:\/\/www.fiscalia.gov.co\/colombia\/?s={search_term_string}"},"query-input":{"@type":"PropertyValueSpecification","valueRequired":true,"valueName":"search_term_string"}}],"inLanguage":"es-CO"},{"@type":"Organization","@id":"https:\/\/www.fiscalia.gov.co\/colombia\/#organization","name":"Fiscal\u00eda General de la Naci\u00f3n","url":"https:\/\/www.fiscalia.gov.co\/colombia\/","logo":{"@type":"ImageObject","inLanguage":"es-CO","@id":"https:\/\/www.fiscalia.gov.co\/colombia\/#\/schema\/logo\/image\/","url":"https:\/\/www.fiscalia.gov.co\/colombia\/wp-content\/uploads\/LogoHorizontal_1.jpg","contentUrl":"https:\/\/www.fiscalia.gov.co\/colombia\/wp-content\/uploads\/LogoHorizontal_1.jpg","width":300,"height":90,"caption":"Fiscal\u00eda General de la Naci\u00f3n"},"image":{"@id":"https:\/\/www.fiscalia.gov.co\/colombia\/#\/schema\/logo\/image\/"},"sameAs":["https:\/\/www.facebook.com\/FiscaliaCol","https:\/\/x.com\/FiscaliaCol","https:\/\/www.instagram.com\/fiscaliacol","https:\/\/www.linkedin.com\/company\/fiscalia-general-de-la-naci-n\/","https:\/\/youtube.com\/@fiscaliageneraldelanacion-4668?si=6nN79nyQICPU5iTh"]},{"@type":"Person","@id":"https:\/\/www.fiscalia.gov.co\/colombia\/#\/schema\/person\/bf28d8ae7f1b287bbe3af484b04f43ea","name":"Direcci\u00f3n de Comunicaciones Fiscal\u00eda General de la Naci\u00f3n","image":{"@type":"ImageObject","inLanguage":"es-CO","@id":"https:\/\/www.fiscalia.gov.co\/colombia\/#\/schema\/person\/image\/","url":"https:\/\/secure.gravatar.com\/avatar\/9d55ae161d32da16dbdd0b380c080a5f?s=96&d=mm&r=g","contentUrl":"https:\/\/secure.gravatar.com\/avatar\/9d55ae161d32da16dbdd0b380c080a5f?s=96&d=mm&r=g","caption":"Direcci\u00f3n de Comunicaciones Fiscal\u00eda General de la Naci\u00f3n"},"url":"https:\/\/www.fiscalia.gov.co\/colombia\/author\/kbonilla\/"}]}},"_links":{"self":[{"href":"https:\/\/www.fiscalia.gov.co\/colombia\/wp-json\/wp\/v2\/posts\/194106","targetHints":{"allow":["GET"]}}],"collection":[{"href":"https:\/\/www.fiscalia.gov.co\/colombia\/wp-json\/wp\/v2\/posts"}],"about":[{"href":"https:\/\/www.fiscalia.gov.co\/colombia\/wp-json\/wp\/v2\/types\/post"}],"author":[{"embeddable":true,"href":"https:\/\/www.fiscalia.gov.co\/colombia\/wp-json\/wp\/v2\/users\/162"}],"replies":[{"embeddable":true,"href":"https:\/\/www.fiscalia.gov.co\/colombia\/wp-json\/wp\/v2\/comments?post=194106"}],"version-history":[{"count":1,"href":"https:\/\/www.fiscalia.gov.co\/colombia\/wp-json\/wp\/v2\/posts\/194106\/revisions"}],"predecessor-version":[{"id":194107,"href":"https:\/\/www.fiscalia.gov.co\/colombia\/wp-json\/wp\/v2\/posts\/194106\/revisions\/194107"}],"wp:attachment":[{"href":"https:\/\/www.fiscalia.gov.co\/colombia\/wp-json\/wp\/v2\/media?parent=194106"}],"wp:term":[{"taxonomy":"category","embeddable":true,"href":"https:\/\/www.fiscalia.gov.co\/colombia\/wp-json\/wp\/v2\/categories?post=194106"},{"taxonomy":"post_tag","embeddable":true,"href":"https:\/\/www.fiscalia.gov.co\/colombia\/wp-json\/wp\/v2\/tags?post=194106"}],"curies":[{"name":"wp","href":"https:\/\/api.w.org\/{rel}","templated":true}]}}