{"id":193635,"date":"2020-05-18T11:05:58","date_gmt":"2020-05-18T16:05:58","guid":{"rendered":"https:\/\/www.fiscalia.gov.co\/colombia\/?p=193635"},"modified":"2020-05-18T11:05:58","modified_gmt":"2020-05-18T16:05:58","slug":"a-la-carcel-dos-presuntos-responsables-del-crimen-de-un-hombre-y-su-hija-durante-un-falso-allanamiento","status":"publish","type":"post","link":"https:\/\/www.fiscalia.gov.co\/colombia\/seccionales\/a-la-carcel-dos-presuntos-responsables-del-crimen-de-un-hombre-y-su-hija-durante-un-falso-allanamiento\/","title":{"rendered":"A la c\u00e1rcel dos presuntos  responsables del crimen de un hombre y su hija, durante un falso allanamiento"},"content":{"rendered":"<p class=\"x_MsoNormal\">El material probatorio recaudado por la Fiscal\u00eda General de la Naci\u00f3n le permiti\u00f3 a un juez de garant\u00edas dictar\u00a0<b>medida de aseguramiento de detenci\u00f3n en establecimiento carcelario<\/b>\u00a0contra dos hombres investigados como presuntos\u00a0<b>autores materiales del crimen de\u00a0 un padre de familia y su hija<\/b>\u00a0durante un\u00a0<b>falso allanamiento a su residencia<\/b>\u00a0en la ciudad de\u00a0<b>Cali<\/b>.<\/p>\n<p class=\"x_MsoNormal\">El juez penal aval\u00f3 la imputaci\u00f3n de cargos de la Fiscal\u00eda en contra de\u00a0\u00a0<b>Andr\u00e9s Felipe Trochez, alias La bruja, y Olegario Urrea Correa, alias Olegario,<\/b>\u00a0como presuntos autores materiales de los\u00a0<b>delitos de homicidio agravado en concurso con tr\u00e1fico, fabricaci\u00f3n y porte de armas de fuego, accesorios, partes, y municiones, los cuales no fueron aceptados.<\/b><\/p>\n<p class=\"x_MsoNormal\">El\u00a0<b>crimen de Luis Carlos Cruz Miranda y Mayerlin Andrea Cruz Rodr\u00edguez<\/b>, de profesi\u00f3n enfermera,\u00a0<b>ocurri\u00f3 el pasado 7 de abril de 2020,<\/b>\u00a0dentro de la vivienda que ocupaban, en el oriente de la ciudad.<\/p>\n<p class=\"x_MsoNormal\">Seg\u00fan la investigaci\u00f3n adelantada, a la residencia de la familia Cruz llegaron\u00a0<b>4 hombres armados<\/b>, al parecer vestidos\u00a0<b>con prendas de la Polic\u00eda Nacional<\/b>\u00a0y haci\u00e9ndose pasar por integrantes de la instituci\u00f3n, para realizar un\u00a0<b>supuesto allanamiento y exigir dinero.<\/b><\/p>\n<p class=\"x_MsoNormal\">Dentro de la residencia, al parecer,\u00a0<b>Luis Cruz se neg\u00f3 a las exigencias<\/b>, por lo que uno de los hombres lo\u00a0<b>habr\u00eda atacado con un arma de fuego<\/b>,\u00a0 provoc\u00e1ndole la muerte. Ante la reacci\u00f3n de la hija, los presuntos agresores tambi\u00e9n le habr\u00edan disparado.<\/p>\n<p class=\"x_MsoNormal\">Alias La Bruja y Olegario fueron\u00a0<b>capturados<\/b>\u00a0por servidores del\u00a0<b>CTI\u00a0<\/b>y unidades de la Sijin de la\u00a0<b>Polic\u00eda Metropolitana<\/b>. La Fiscal\u00eda Seccional estableci\u00f3 durante la investigaci\u00f3n que los dos asegurados son\u00a0<b>presuntos integrantes de una organizaci\u00f3n criminal dedicada al hurto a residencias\u00a0<\/b>en sectores de estratos altos de esta ciudad.<\/p>\n<p class=\"x_MsoNormal\">El\u00a0<b>accionar delincuencial<\/b>\u00a0de la supuesta organizaci\u00f3n criminal es el\u00a0<b>uso de uniformes y suplantaci\u00f3n de funcionarios<\/b>\u00a0de empresas de servicios p\u00fablicos, empresas de seguridad privada, lo mismo que integrantes de la Polic\u00eda Nacional, la Fiscal\u00eda, y el Ej\u00e9rcito Nacional, ingresando a los inmuebles con\u00a0 falsas \u00f3rdenes de allanamiento.<\/p>\n<p class=\"x_MsoNormal\">La Fiscal\u00eda\u00a0<b>les solicit\u00f3 a las autoridades penitenciarias y de salud revisar el estado m\u00e9dico de los detenidos\u00a0<\/b>y garantizar que\u00a0<b>est\u00e9n en buenas condiciones\u00a0<\/b>antes de realizar su traslado al lugar de detenci\u00f3n.<\/p>\n<p class=\"x_MsoNormal\">La Fiscal\u00eda hace p\u00fablica esta informaci\u00f3n por razones de inter\u00e9s general.<\/p>\n<p class=\"x_MsoNormal\">JGP\/MRL<\/p>\n\n<div class=\"twitter-share\"><a href=\"https:\/\/twitter.com\/intent\/tweet?via=fiscaliacol\" class=\"twitter-share-button\">Tweet<\/a><\/div>\n","protected":false},"excerpt":{"rendered":"<p>El material probatorio recaudado por la Fiscal\u00eda General de la Naci\u00f3n le permiti\u00f3 a un juez de garant\u00edas dictar\u00a0medida de aseguramiento de detenci\u00f3n en establecimiento carcelario\u00a0contra dos hombres investigados como [&hellip;]<\/p>\n","protected":false},"author":162,"featured_media":0,"comment_status":"closed","ping_status":"open","sticky":false,"template":"","format":"standard","meta":{"tdm_status":"","tdm_grid_status":"","footnotes":""},"categories":[24098,324,303],"tags":[],"class_list":["post-193635","post","type-post","status-publish","format-standard","category-crimen-organizado","category-seccional-cali","category-seccionales"],"yoast_head":"<!-- This site is optimized with the Yoast SEO plugin v24.3 - https:\/\/yoast.com\/wordpress\/plugins\/seo\/ -->\n<title>Fiscal\u00eda General de la Naci\u00f3n<\/title>\n<meta name=\"description\" content=\"P\u00e1gina oficial de la Fiscal\u00eda General de la Naci\u00f3n \u2013 Colombia. Garantizamos el acceso efectivo a la justicia, la verdad y la reparaci\u00f3n de las v\u00edctimas de los delitos.\" \/>\n<meta name=\"robots\" content=\"noindex, follow\" \/>\n<meta property=\"og:locale\" content=\"es_ES\" \/>\n<meta property=\"og:type\" content=\"article\" \/>\n<meta property=\"og:title\" content=\"Fiscal\u00eda General de la Naci\u00f3n\" \/>\n<meta property=\"og:description\" content=\"P\u00e1gina oficial de la Fiscal\u00eda General de la Naci\u00f3n \u2013 Colombia. Garantizamos el acceso efectivo a la justicia, la verdad y la reparaci\u00f3n de las v\u00edctimas de los delitos.\" \/>\n<meta property=\"og:url\" content=\"https:\/\/www.fiscalia.gov.co\/colombia\/seccionales\/a-la-carcel-dos-presuntos-responsables-del-crimen-de-un-hombre-y-su-hija-durante-un-falso-allanamiento\/\" \/>\n<meta property=\"og:site_name\" content=\"Fiscal\u00eda General de la Naci\u00f3n\" \/>\n<meta property=\"article:publisher\" content=\"https:\/\/www.facebook.com\/FiscaliaCol\" \/>\n<meta property=\"article:published_time\" content=\"2020-05-18T16:05:58+00:00\" \/>\n<meta name=\"author\" content=\"Direcci\u00f3n de Comunicaciones Fiscal\u00eda General de la Naci\u00f3n\" \/>\n<meta name=\"twitter:card\" content=\"summary_large_image\" \/>\n<meta name=\"twitter:creator\" content=\"@FiscaliaCol\" \/>\n<meta name=\"twitter:site\" content=\"@FiscaliaCol\" \/>\n<meta name=\"twitter:label1\" content=\"Escrito por\" \/>\n\t<meta name=\"twitter:data1\" content=\"Direcci\u00f3n de Comunicaciones Fiscal\u00eda General de la Naci\u00f3n\" \/>\n\t<meta name=\"twitter:label2\" content=\"Tiempo de lectura\" \/>\n\t<meta name=\"twitter:data2\" content=\"2 minutos\" \/>\n<script type=\"application\/ld+json\" class=\"yoast-schema-graph\">{\"@context\":\"https:\/\/schema.org\",\"@graph\":[{\"@type\":\"Article\",\"@id\":\"https:\/\/www.fiscalia.gov.co\/colombia\/seccionales\/a-la-carcel-dos-presuntos-responsables-del-crimen-de-un-hombre-y-su-hija-durante-un-falso-allanamiento\/#article\",\"isPartOf\":{\"@id\":\"https:\/\/www.fiscalia.gov.co\/colombia\/seccionales\/a-la-carcel-dos-presuntos-responsables-del-crimen-de-un-hombre-y-su-hija-durante-un-falso-allanamiento\/\"},\"author\":{\"name\":\"Direcci\u00f3n de Comunicaciones Fiscal\u00eda General de la Naci\u00f3n\",\"@id\":\"https:\/\/www.fiscalia.gov.co\/colombia\/#\/schema\/person\/bf28d8ae7f1b287bbe3af484b04f43ea\"},\"headline\":\"A la c\u00e1rcel dos presuntos responsables del crimen de un hombre y su hija, durante un falso allanamiento\",\"datePublished\":\"2020-05-18T16:05:58+00:00\",\"dateModified\":\"2020-05-18T16:05:58+00:00\",\"mainEntityOfPage\":{\"@id\":\"https:\/\/www.fiscalia.gov.co\/colombia\/seccionales\/a-la-carcel-dos-presuntos-responsables-del-crimen-de-un-hombre-y-su-hija-durante-un-falso-allanamiento\/\"},\"wordCount\":434,\"publisher\":{\"@id\":\"https:\/\/www.fiscalia.gov.co\/colombia\/#organization\"},\"articleSection\":[\"Crimen organizado\",\"Seccional Cali\",\"Seccionales\"],\"inLanguage\":\"es-CO\"},{\"@type\":\"WebPage\",\"@id\":\"https:\/\/www.fiscalia.gov.co\/colombia\/seccionales\/a-la-carcel-dos-presuntos-responsables-del-crimen-de-un-hombre-y-su-hija-durante-un-falso-allanamiento\/\",\"url\":\"https:\/\/www.fiscalia.gov.co\/colombia\/seccionales\/a-la-carcel-dos-presuntos-responsables-del-crimen-de-un-hombre-y-su-hija-durante-un-falso-allanamiento\/\",\"name\":\"Fiscal\u00eda General de la Naci\u00f3n\",\"isPartOf\":{\"@id\":\"https:\/\/www.fiscalia.gov.co\/colombia\/#website\"},\"datePublished\":\"2020-05-18T16:05:58+00:00\",\"dateModified\":\"2020-05-18T16:05:58+00:00\",\"description\":\"P\u00e1gina oficial de la Fiscal\u00eda General de la Naci\u00f3n \u2013 Colombia. Garantizamos el acceso efectivo a la justicia, la verdad y la reparaci\u00f3n de las v\u00edctimas de los delitos.\",\"breadcrumb\":{\"@id\":\"https:\/\/www.fiscalia.gov.co\/colombia\/seccionales\/a-la-carcel-dos-presuntos-responsables-del-crimen-de-un-hombre-y-su-hija-durante-un-falso-allanamiento\/#breadcrumb\"},\"inLanguage\":\"es-CO\",\"potentialAction\":[{\"@type\":\"ReadAction\",\"target\":[\"https:\/\/www.fiscalia.gov.co\/colombia\/seccionales\/a-la-carcel-dos-presuntos-responsables-del-crimen-de-un-hombre-y-su-hija-durante-un-falso-allanamiento\/\"]}]},{\"@type\":\"BreadcrumbList\",\"@id\":\"https:\/\/www.fiscalia.gov.co\/colombia\/seccionales\/a-la-carcel-dos-presuntos-responsables-del-crimen-de-un-hombre-y-su-hija-durante-un-falso-allanamiento\/#breadcrumb\",\"itemListElement\":[{\"@type\":\"ListItem\",\"position\":1,\"name\":\"Home\",\"item\":\"https:\/\/www.fiscalia.gov.co\/colombia\/\"},{\"@type\":\"ListItem\",\"position\":2,\"name\":\"A la c\u00e1rcel dos presuntos responsables del crimen de un hombre y su hija, durante un falso allanamiento\"}]},{\"@type\":\"WebSite\",\"@id\":\"https:\/\/www.fiscalia.gov.co\/colombia\/#website\",\"url\":\"https:\/\/www.fiscalia.gov.co\/colombia\/\",\"name\":\"Fiscal\u00eda General de la Naci\u00f3n\",\"description\":\"P\u00e1gina oficial de la Fiscal\u00eda General de la Naci\u00f3n \u2013 Colombia. Garantizamos el acceso efectivo a la justicia, la verdad y la reparaci\u00f3n de las v\u00edctimas de los delitos.\",\"publisher\":{\"@id\":\"https:\/\/www.fiscalia.gov.co\/colombia\/#organization\"},\"potentialAction\":[{\"@type\":\"SearchAction\",\"target\":{\"@type\":\"EntryPoint\",\"urlTemplate\":\"https:\/\/www.fiscalia.gov.co\/colombia\/?s={search_term_string}\"},\"query-input\":{\"@type\":\"PropertyValueSpecification\",\"valueRequired\":true,\"valueName\":\"search_term_string\"}}],\"inLanguage\":\"es-CO\"},{\"@type\":\"Organization\",\"@id\":\"https:\/\/www.fiscalia.gov.co\/colombia\/#organization\",\"name\":\"Fiscal\u00eda General de la Naci\u00f3n\",\"url\":\"https:\/\/www.fiscalia.gov.co\/colombia\/\",\"logo\":{\"@type\":\"ImageObject\",\"inLanguage\":\"es-CO\",\"@id\":\"https:\/\/www.fiscalia.gov.co\/colombia\/#\/schema\/logo\/image\/\",\"url\":\"https:\/\/www.fiscalia.gov.co\/colombia\/wp-content\/uploads\/LogoHorizontal_1.jpg\",\"contentUrl\":\"https:\/\/www.fiscalia.gov.co\/colombia\/wp-content\/uploads\/LogoHorizontal_1.jpg\",\"width\":300,\"height\":90,\"caption\":\"Fiscal\u00eda General de la Naci\u00f3n\"},\"image\":{\"@id\":\"https:\/\/www.fiscalia.gov.co\/colombia\/#\/schema\/logo\/image\/\"},\"sameAs\":[\"https:\/\/www.facebook.com\/FiscaliaCol\",\"https:\/\/x.com\/FiscaliaCol\",\"https:\/\/www.instagram.com\/fiscaliacol\",\"https:\/\/www.linkedin.com\/company\/fiscalia-general-de-la-naci-n\/\",\"https:\/\/youtube.com\/@fiscaliageneraldelanacion-4668?si=6nN79nyQICPU5iTh\"]},{\"@type\":\"Person\",\"@id\":\"https:\/\/www.fiscalia.gov.co\/colombia\/#\/schema\/person\/bf28d8ae7f1b287bbe3af484b04f43ea\",\"name\":\"Direcci\u00f3n de Comunicaciones Fiscal\u00eda General de la Naci\u00f3n\",\"image\":{\"@type\":\"ImageObject\",\"inLanguage\":\"es-CO\",\"@id\":\"https:\/\/www.fiscalia.gov.co\/colombia\/#\/schema\/person\/image\/\",\"url\":\"https:\/\/secure.gravatar.com\/avatar\/9d55ae161d32da16dbdd0b380c080a5f?s=96&d=mm&r=g\",\"contentUrl\":\"https:\/\/secure.gravatar.com\/avatar\/9d55ae161d32da16dbdd0b380c080a5f?s=96&d=mm&r=g\",\"caption\":\"Direcci\u00f3n de Comunicaciones Fiscal\u00eda General de la Naci\u00f3n\"},\"url\":\"https:\/\/www.fiscalia.gov.co\/colombia\/author\/kbonilla\/\"}]}<\/script>\n<!-- \/ Yoast SEO plugin. -->","yoast_head_json":{"title":"Fiscal\u00eda General de la Naci\u00f3n","description":"P\u00e1gina oficial de la Fiscal\u00eda General de la Naci\u00f3n \u2013 Colombia. Garantizamos el acceso efectivo a la justicia, la verdad y la reparaci\u00f3n de las v\u00edctimas de los delitos.","robots":{"index":"noindex","follow":"follow"},"og_locale":"es_ES","og_type":"article","og_title":"Fiscal\u00eda General de la Naci\u00f3n","og_description":"P\u00e1gina oficial de la Fiscal\u00eda General de la Naci\u00f3n \u2013 Colombia. Garantizamos el acceso efectivo a la justicia, la verdad y la reparaci\u00f3n de las v\u00edctimas de los delitos.","og_url":"https:\/\/www.fiscalia.gov.co\/colombia\/seccionales\/a-la-carcel-dos-presuntos-responsables-del-crimen-de-un-hombre-y-su-hija-durante-un-falso-allanamiento\/","og_site_name":"Fiscal\u00eda General de la Naci\u00f3n","article_publisher":"https:\/\/www.facebook.com\/FiscaliaCol","article_published_time":"2020-05-18T16:05:58+00:00","author":"Direcci\u00f3n de Comunicaciones Fiscal\u00eda General de la Naci\u00f3n","twitter_card":"summary_large_image","twitter_creator":"@FiscaliaCol","twitter_site":"@FiscaliaCol","twitter_misc":{"Escrito por":"Direcci\u00f3n de Comunicaciones Fiscal\u00eda General de la Naci\u00f3n","Tiempo de lectura":"2 minutos"},"schema":{"@context":"https:\/\/schema.org","@graph":[{"@type":"Article","@id":"https:\/\/www.fiscalia.gov.co\/colombia\/seccionales\/a-la-carcel-dos-presuntos-responsables-del-crimen-de-un-hombre-y-su-hija-durante-un-falso-allanamiento\/#article","isPartOf":{"@id":"https:\/\/www.fiscalia.gov.co\/colombia\/seccionales\/a-la-carcel-dos-presuntos-responsables-del-crimen-de-un-hombre-y-su-hija-durante-un-falso-allanamiento\/"},"author":{"name":"Direcci\u00f3n de Comunicaciones Fiscal\u00eda General de la Naci\u00f3n","@id":"https:\/\/www.fiscalia.gov.co\/colombia\/#\/schema\/person\/bf28d8ae7f1b287bbe3af484b04f43ea"},"headline":"A la c\u00e1rcel dos presuntos responsables del crimen de un hombre y su hija, durante un falso allanamiento","datePublished":"2020-05-18T16:05:58+00:00","dateModified":"2020-05-18T16:05:58+00:00","mainEntityOfPage":{"@id":"https:\/\/www.fiscalia.gov.co\/colombia\/seccionales\/a-la-carcel-dos-presuntos-responsables-del-crimen-de-un-hombre-y-su-hija-durante-un-falso-allanamiento\/"},"wordCount":434,"publisher":{"@id":"https:\/\/www.fiscalia.gov.co\/colombia\/#organization"},"articleSection":["Crimen organizado","Seccional Cali","Seccionales"],"inLanguage":"es-CO"},{"@type":"WebPage","@id":"https:\/\/www.fiscalia.gov.co\/colombia\/seccionales\/a-la-carcel-dos-presuntos-responsables-del-crimen-de-un-hombre-y-su-hija-durante-un-falso-allanamiento\/","url":"https:\/\/www.fiscalia.gov.co\/colombia\/seccionales\/a-la-carcel-dos-presuntos-responsables-del-crimen-de-un-hombre-y-su-hija-durante-un-falso-allanamiento\/","name":"Fiscal\u00eda General de la Naci\u00f3n","isPartOf":{"@id":"https:\/\/www.fiscalia.gov.co\/colombia\/#website"},"datePublished":"2020-05-18T16:05:58+00:00","dateModified":"2020-05-18T16:05:58+00:00","description":"P\u00e1gina oficial de la Fiscal\u00eda General de la Naci\u00f3n \u2013 Colombia. Garantizamos el acceso efectivo a la justicia, la verdad y la reparaci\u00f3n de las v\u00edctimas de los delitos.","breadcrumb":{"@id":"https:\/\/www.fiscalia.gov.co\/colombia\/seccionales\/a-la-carcel-dos-presuntos-responsables-del-crimen-de-un-hombre-y-su-hija-durante-un-falso-allanamiento\/#breadcrumb"},"inLanguage":"es-CO","potentialAction":[{"@type":"ReadAction","target":["https:\/\/www.fiscalia.gov.co\/colombia\/seccionales\/a-la-carcel-dos-presuntos-responsables-del-crimen-de-un-hombre-y-su-hija-durante-un-falso-allanamiento\/"]}]},{"@type":"BreadcrumbList","@id":"https:\/\/www.fiscalia.gov.co\/colombia\/seccionales\/a-la-carcel-dos-presuntos-responsables-del-crimen-de-un-hombre-y-su-hija-durante-un-falso-allanamiento\/#breadcrumb","itemListElement":[{"@type":"ListItem","position":1,"name":"Home","item":"https:\/\/www.fiscalia.gov.co\/colombia\/"},{"@type":"ListItem","position":2,"name":"A la c\u00e1rcel dos presuntos responsables del crimen de un hombre y su hija, durante un falso allanamiento"}]},{"@type":"WebSite","@id":"https:\/\/www.fiscalia.gov.co\/colombia\/#website","url":"https:\/\/www.fiscalia.gov.co\/colombia\/","name":"Fiscal\u00eda General de la Naci\u00f3n","description":"P\u00e1gina oficial de la Fiscal\u00eda General de la Naci\u00f3n \u2013 Colombia. Garantizamos el acceso efectivo a la justicia, la verdad y la reparaci\u00f3n de las v\u00edctimas de los delitos.","publisher":{"@id":"https:\/\/www.fiscalia.gov.co\/colombia\/#organization"},"potentialAction":[{"@type":"SearchAction","target":{"@type":"EntryPoint","urlTemplate":"https:\/\/www.fiscalia.gov.co\/colombia\/?s={search_term_string}"},"query-input":{"@type":"PropertyValueSpecification","valueRequired":true,"valueName":"search_term_string"}}],"inLanguage":"es-CO"},{"@type":"Organization","@id":"https:\/\/www.fiscalia.gov.co\/colombia\/#organization","name":"Fiscal\u00eda General de la Naci\u00f3n","url":"https:\/\/www.fiscalia.gov.co\/colombia\/","logo":{"@type":"ImageObject","inLanguage":"es-CO","@id":"https:\/\/www.fiscalia.gov.co\/colombia\/#\/schema\/logo\/image\/","url":"https:\/\/www.fiscalia.gov.co\/colombia\/wp-content\/uploads\/LogoHorizontal_1.jpg","contentUrl":"https:\/\/www.fiscalia.gov.co\/colombia\/wp-content\/uploads\/LogoHorizontal_1.jpg","width":300,"height":90,"caption":"Fiscal\u00eda General de la Naci\u00f3n"},"image":{"@id":"https:\/\/www.fiscalia.gov.co\/colombia\/#\/schema\/logo\/image\/"},"sameAs":["https:\/\/www.facebook.com\/FiscaliaCol","https:\/\/x.com\/FiscaliaCol","https:\/\/www.instagram.com\/fiscaliacol","https:\/\/www.linkedin.com\/company\/fiscalia-general-de-la-naci-n\/","https:\/\/youtube.com\/@fiscaliageneraldelanacion-4668?si=6nN79nyQICPU5iTh"]},{"@type":"Person","@id":"https:\/\/www.fiscalia.gov.co\/colombia\/#\/schema\/person\/bf28d8ae7f1b287bbe3af484b04f43ea","name":"Direcci\u00f3n de Comunicaciones Fiscal\u00eda General de la Naci\u00f3n","image":{"@type":"ImageObject","inLanguage":"es-CO","@id":"https:\/\/www.fiscalia.gov.co\/colombia\/#\/schema\/person\/image\/","url":"https:\/\/secure.gravatar.com\/avatar\/9d55ae161d32da16dbdd0b380c080a5f?s=96&d=mm&r=g","contentUrl":"https:\/\/secure.gravatar.com\/avatar\/9d55ae161d32da16dbdd0b380c080a5f?s=96&d=mm&r=g","caption":"Direcci\u00f3n de Comunicaciones Fiscal\u00eda General de la Naci\u00f3n"},"url":"https:\/\/www.fiscalia.gov.co\/colombia\/author\/kbonilla\/"}]}},"_links":{"self":[{"href":"https:\/\/www.fiscalia.gov.co\/colombia\/wp-json\/wp\/v2\/posts\/193635","targetHints":{"allow":["GET"]}}],"collection":[{"href":"https:\/\/www.fiscalia.gov.co\/colombia\/wp-json\/wp\/v2\/posts"}],"about":[{"href":"https:\/\/www.fiscalia.gov.co\/colombia\/wp-json\/wp\/v2\/types\/post"}],"author":[{"embeddable":true,"href":"https:\/\/www.fiscalia.gov.co\/colombia\/wp-json\/wp\/v2\/users\/162"}],"replies":[{"embeddable":true,"href":"https:\/\/www.fiscalia.gov.co\/colombia\/wp-json\/wp\/v2\/comments?post=193635"}],"version-history":[{"count":1,"href":"https:\/\/www.fiscalia.gov.co\/colombia\/wp-json\/wp\/v2\/posts\/193635\/revisions"}],"predecessor-version":[{"id":193636,"href":"https:\/\/www.fiscalia.gov.co\/colombia\/wp-json\/wp\/v2\/posts\/193635\/revisions\/193636"}],"wp:attachment":[{"href":"https:\/\/www.fiscalia.gov.co\/colombia\/wp-json\/wp\/v2\/media?parent=193635"}],"wp:term":[{"taxonomy":"category","embeddable":true,"href":"https:\/\/www.fiscalia.gov.co\/colombia\/wp-json\/wp\/v2\/categories?post=193635"},{"taxonomy":"post_tag","embeddable":true,"href":"https:\/\/www.fiscalia.gov.co\/colombia\/wp-json\/wp\/v2\/tags?post=193635"}],"curies":[{"name":"wp","href":"https:\/\/api.w.org\/{rel}","templated":true}]}}