{"id":192400,"date":"2020-04-27T16:39:38","date_gmt":"2020-04-27T21:39:38","guid":{"rendered":"https:\/\/www.fiscalia.gov.co\/colombia\/?p=192400"},"modified":"2020-04-27T16:39:38","modified_gmt":"2020-04-27T21:39:38","slug":"hombre-que-era-procesado-por-porte-de-estupefacientes-y-obtuvo-libertad-debera-permanecer-en-centro-carcelario-por-presunto-homicidio-en-casanare","status":"publish","type":"post","link":"https:\/\/www.fiscalia.gov.co\/colombia\/seccionales\/hombre-que-era-procesado-por-porte-de-estupefacientes-y-obtuvo-libertad-debera-permanecer-en-centro-carcelario-por-presunto-homicidio-en-casanare\/","title":{"rendered":"Hombre que era procesado por porte de estupefacientes y obtuvo libertad deber\u00e1 permanecer en centro carcelario por presunto homicidio en Casanare"},"content":{"rendered":"<p><span lang=\"es-CO\">Por solicitud de la Fiscal\u00eda Seccional, \u00a0<\/span><span lang=\"es-CO\">el\u00a0<b>Juzgado Promiscuo Municipal de Hato Corozal (Casanare)\u00a0<\/b><\/span><b><span lang=\"es-CO\">orden\u00f3 la detenci\u00f3n<\/span><\/b><span lang=\"es-CO\">\u00a0en centro carcelario de\u00a0<b>Luis Carlos Jim\u00e9nez Garc\u00eda<\/b>, por su presunta responsabilidad en el\u00a0<b>homicidio<\/b>\u00a0de un hombre en hechos ocurridos en\u00a0<b>mayo de 2019 en \u00e1rea rural de Pore<\/b>\u00a0(Casanare).<\/span><\/p>\n<p><span lang=\"es-CO\">Por decisi\u00f3n judicial, la\u00a0<b>detenci\u00f3n se cumplir\u00e1 de manera transitoria en el domicilio,<\/b>\u00a0por la emergencia sanitaria que afronta el pa\u00eds debido a la pandemia del\u00a0<b>Covid-19<\/b>.<\/span><\/p>\n<p><span lang=\"es-CO\">Seg\u00fan el ente investigador, los integrantes del Instituto Nacional Penitenciario y Carcelario (<b>Inpec) encontraron que Jim\u00e9nez Garc\u00eda ten\u00eda un proceso en su contra cuando verificaron sus antecedentes para otorgar la salida de la c\u00e1rcel\u00a0<\/b><\/span><b><span lang=\"es-CO\">por vencimiento de t\u00e9rminos<\/span><\/b><span lang=\"es-CO\">, donde cumpl\u00eda detenci\u00f3n preventiva por presunta fabricaci\u00f3n, tr\u00e1fico y\/o porte de estupefacientes<\/span><span lang=\"es-CO\">.<\/span><\/p>\n<p><span lang=\"es-CO\">La Fiscal\u00eda le imput\u00f3 cargos al detenido por los\u00a0<b>delitos de homicidio agravado en concurso con fabricaci\u00f3n, tr\u00e1fico y\/o porte ilegal de armas<\/b>, los cuales no fueron aceptados.<\/span><\/p>\n<p><span lang=\"es-CO\">Seg\u00fan las indagaciones iniciales, presuntamente\u00a0<b>el detenido habr\u00eda participado en el homicidio del due\u00f1o de una finca<\/b>, a la que al parecer ingres\u00f3 con otras personas\u00a0<b>con el prop\u00f3sito de hurtar 10 millones de pesos<\/b>.<\/span><\/p>\n<p><span lang=\"es-CO\">En la investigaci\u00f3n frente el asalto, se registr\u00f3 la\u00a0<b>muerte de John Haiver Ni\u00f1o Fuentes, quien opuso resistencia<\/b>\u00a0y recibi\u00f3 una herida con arma de fuego.<\/span><\/p>\n<p><span lang=\"es-CO\">La\u00a0<b>Fiscal\u00eda le solicit\u00f3 a las autoridades penitenciarias y de salud revisar el estado m\u00e9dico del detenido, para garantizar que est\u00e9 en buenas condiciones<\/b>, esto antes de realizar el traslado al lugar de detenci\u00f3n.<\/span><\/p>\n<p><span lang=\"es-CO\">A la fecha, el Instituto Nacional de Salud reporta\u00a0<b>10\u00a0casos positivos de Covid-19 en el departamento del Casanare<\/b>.<\/span><\/p>\n<p><span lang=\"es-CO\">La Fiscal\u00eda General publica esta informaci\u00f3n por razones de inter\u00e9s general.<\/span><\/p>\n<p><span lang=\"es-CO\">\u00a0<\/span><\/p>\n<p><span lang=\"es-CO\">PYMP\/MRL<\/span><\/p>\n\n<div class=\"twitter-share\"><a href=\"https:\/\/twitter.com\/intent\/tweet?via=fiscaliacol\" class=\"twitter-share-button\">Tweet<\/a><\/div>\n","protected":false},"excerpt":{"rendered":"<p>Por solicitud de la Fiscal\u00eda Seccional, \u00a0el\u00a0Juzgado Promiscuo Municipal de Hato Corozal (Casanare)\u00a0orden\u00f3 la detenci\u00f3n\u00a0en centro carcelario de\u00a0Luis Carlos Jim\u00e9nez Garc\u00eda, por su presunta responsabilidad en el\u00a0homicidio\u00a0de un hombre en hechos ocurridos en\u00a0mayo de 2019 en \u00e1rea rural de Pore\u00a0(Casanare). Por decisi\u00f3n judicial, la\u00a0detenci\u00f3n se cumplir\u00e1 de manera transitoria en el domicilio,\u00a0por la emergencia sanitaria [&hellip;]<\/p>\n","protected":false},"author":162,"featured_media":0,"comment_status":"closed","ping_status":"open","sticky":false,"template":"","format":"standard","meta":{"tdm_status":"","tdm_grid_status":"","footnotes":""},"categories":[24134,303,24099],"tags":[],"class_list":{"0":"post-192400","1":"post","2":"type-post","3":"status-publish","4":"format-standard","6":"category-seccional-yopal","7":"category-seccionales","8":"category-seguridad-territorial"},"yoast_head":"<!-- This site is optimized with the Yoast SEO plugin v24.3 - https:\/\/yoast.com\/wordpress\/plugins\/seo\/ -->\n<title>Fiscal\u00eda General de la Naci\u00f3n<\/title>\n<meta name=\"description\" content=\"P\u00e1gina oficial de la Fiscal\u00eda General de la Naci\u00f3n \u2013 Colombia. Garantizamos el acceso efectivo a la justicia, la verdad y la reparaci\u00f3n de las v\u00edctimas de los delitos.\" \/>\n<meta name=\"robots\" content=\"noindex, follow\" \/>\n<meta property=\"og:locale\" content=\"es_ES\" \/>\n<meta property=\"og:type\" content=\"article\" \/>\n<meta property=\"og:title\" content=\"Fiscal\u00eda General de la Naci\u00f3n\" \/>\n<meta property=\"og:description\" content=\"P\u00e1gina oficial de la Fiscal\u00eda General de la Naci\u00f3n \u2013 Colombia. Garantizamos el acceso efectivo a la justicia, la verdad y la reparaci\u00f3n de las v\u00edctimas de los delitos.\" \/>\n<meta property=\"og:url\" content=\"https:\/\/www.fiscalia.gov.co\/colombia\/seccionales\/hombre-que-era-procesado-por-porte-de-estupefacientes-y-obtuvo-libertad-debera-permanecer-en-centro-carcelario-por-presunto-homicidio-en-casanare\/\" \/>\n<meta property=\"og:site_name\" content=\"Fiscal\u00eda General de la Naci\u00f3n\" \/>\n<meta property=\"article:publisher\" content=\"https:\/\/www.facebook.com\/FiscaliaCol\" \/>\n<meta property=\"article:published_time\" content=\"2020-04-27T21:39:38+00:00\" \/>\n<meta name=\"author\" content=\"Direcci\u00f3n de Comunicaciones Fiscal\u00eda General de la Naci\u00f3n\" \/>\n<meta name=\"twitter:card\" content=\"summary_large_image\" \/>\n<meta name=\"twitter:creator\" content=\"@FiscaliaCol\" \/>\n<meta name=\"twitter:site\" content=\"@FiscaliaCol\" \/>\n<meta name=\"twitter:label1\" content=\"Escrito por\" \/>\n\t<meta name=\"twitter:data1\" content=\"Direcci\u00f3n de Comunicaciones Fiscal\u00eda General de la Naci\u00f3n\" \/>\n\t<meta name=\"twitter:label2\" content=\"Tiempo de lectura\" \/>\n\t<meta name=\"twitter:data2\" content=\"2 minutos\" \/>\n<script type=\"application\/ld+json\" class=\"yoast-schema-graph\">{\"@context\":\"https:\/\/schema.org\",\"@graph\":[{\"@type\":\"Article\",\"@id\":\"https:\/\/www.fiscalia.gov.co\/colombia\/seccionales\/hombre-que-era-procesado-por-porte-de-estupefacientes-y-obtuvo-libertad-debera-permanecer-en-centro-carcelario-por-presunto-homicidio-en-casanare\/#article\",\"isPartOf\":{\"@id\":\"https:\/\/www.fiscalia.gov.co\/colombia\/seccionales\/hombre-que-era-procesado-por-porte-de-estupefacientes-y-obtuvo-libertad-debera-permanecer-en-centro-carcelario-por-presunto-homicidio-en-casanare\/\"},\"author\":{\"name\":\"Direcci\u00f3n de Comunicaciones Fiscal\u00eda General de la Naci\u00f3n\",\"@id\":\"https:\/\/www.fiscalia.gov.co\/colombia\/#\/schema\/person\/bf28d8ae7f1b287bbe3af484b04f43ea\"},\"headline\":\"Hombre que era procesado por porte de estupefacientes y obtuvo libertad deber\u00e1 permanecer en centro carcelario por presunto homicidio en Casanare\",\"datePublished\":\"2020-04-27T21:39:38+00:00\",\"dateModified\":\"2020-04-27T21:39:38+00:00\",\"mainEntityOfPage\":{\"@id\":\"https:\/\/www.fiscalia.gov.co\/colombia\/seccionales\/hombre-que-era-procesado-por-porte-de-estupefacientes-y-obtuvo-libertad-debera-permanecer-en-centro-carcelario-por-presunto-homicidio-en-casanare\/\"},\"wordCount\":332,\"publisher\":{\"@id\":\"https:\/\/www.fiscalia.gov.co\/colombia\/#organization\"},\"articleSection\":[\"Seccional Yopal\",\"Seccionales\",\"Seguridad territorial\"],\"inLanguage\":\"es-CO\"},{\"@type\":\"WebPage\",\"@id\":\"https:\/\/www.fiscalia.gov.co\/colombia\/seccionales\/hombre-que-era-procesado-por-porte-de-estupefacientes-y-obtuvo-libertad-debera-permanecer-en-centro-carcelario-por-presunto-homicidio-en-casanare\/\",\"url\":\"https:\/\/www.fiscalia.gov.co\/colombia\/seccionales\/hombre-que-era-procesado-por-porte-de-estupefacientes-y-obtuvo-libertad-debera-permanecer-en-centro-carcelario-por-presunto-homicidio-en-casanare\/\",\"name\":\"Fiscal\u00eda General de la Naci\u00f3n\",\"isPartOf\":{\"@id\":\"https:\/\/www.fiscalia.gov.co\/colombia\/#website\"},\"datePublished\":\"2020-04-27T21:39:38+00:00\",\"dateModified\":\"2020-04-27T21:39:38+00:00\",\"description\":\"P\u00e1gina oficial de la Fiscal\u00eda General de la Naci\u00f3n \u2013 Colombia. Garantizamos el acceso efectivo a la justicia, la verdad y la reparaci\u00f3n de las v\u00edctimas de los delitos.\",\"breadcrumb\":{\"@id\":\"https:\/\/www.fiscalia.gov.co\/colombia\/seccionales\/hombre-que-era-procesado-por-porte-de-estupefacientes-y-obtuvo-libertad-debera-permanecer-en-centro-carcelario-por-presunto-homicidio-en-casanare\/#breadcrumb\"},\"inLanguage\":\"es-CO\",\"potentialAction\":[{\"@type\":\"ReadAction\",\"target\":[\"https:\/\/www.fiscalia.gov.co\/colombia\/seccionales\/hombre-que-era-procesado-por-porte-de-estupefacientes-y-obtuvo-libertad-debera-permanecer-en-centro-carcelario-por-presunto-homicidio-en-casanare\/\"]}]},{\"@type\":\"BreadcrumbList\",\"@id\":\"https:\/\/www.fiscalia.gov.co\/colombia\/seccionales\/hombre-que-era-procesado-por-porte-de-estupefacientes-y-obtuvo-libertad-debera-permanecer-en-centro-carcelario-por-presunto-homicidio-en-casanare\/#breadcrumb\",\"itemListElement\":[{\"@type\":\"ListItem\",\"position\":1,\"name\":\"Home\",\"item\":\"https:\/\/www.fiscalia.gov.co\/colombia\/\"},{\"@type\":\"ListItem\",\"position\":2,\"name\":\"Hombre que era procesado por porte de estupefacientes y obtuvo libertad deber\u00e1 permanecer en centro carcelario por presunto homicidio en Casanare\"}]},{\"@type\":\"WebSite\",\"@id\":\"https:\/\/www.fiscalia.gov.co\/colombia\/#website\",\"url\":\"https:\/\/www.fiscalia.gov.co\/colombia\/\",\"name\":\"Fiscal\u00eda General de la Naci\u00f3n\",\"description\":\"P\u00e1gina oficial de la Fiscal\u00eda General de la Naci\u00f3n \u2013 Colombia. Garantizamos el acceso efectivo a la justicia, la verdad y la reparaci\u00f3n de las v\u00edctimas de los delitos.\",\"publisher\":{\"@id\":\"https:\/\/www.fiscalia.gov.co\/colombia\/#organization\"},\"potentialAction\":[{\"@type\":\"SearchAction\",\"target\":{\"@type\":\"EntryPoint\",\"urlTemplate\":\"https:\/\/www.fiscalia.gov.co\/colombia\/?s={search_term_string}\"},\"query-input\":{\"@type\":\"PropertyValueSpecification\",\"valueRequired\":true,\"valueName\":\"search_term_string\"}}],\"inLanguage\":\"es-CO\"},{\"@type\":\"Organization\",\"@id\":\"https:\/\/www.fiscalia.gov.co\/colombia\/#organization\",\"name\":\"Fiscal\u00eda General de la Naci\u00f3n\",\"url\":\"https:\/\/www.fiscalia.gov.co\/colombia\/\",\"logo\":{\"@type\":\"ImageObject\",\"inLanguage\":\"es-CO\",\"@id\":\"https:\/\/www.fiscalia.gov.co\/colombia\/#\/schema\/logo\/image\/\",\"url\":\"https:\/\/www.fiscalia.gov.co\/colombia\/wp-content\/uploads\/LogoHorizontal_1.jpg\",\"contentUrl\":\"https:\/\/www.fiscalia.gov.co\/colombia\/wp-content\/uploads\/LogoHorizontal_1.jpg\",\"width\":300,\"height\":90,\"caption\":\"Fiscal\u00eda General de la Naci\u00f3n\"},\"image\":{\"@id\":\"https:\/\/www.fiscalia.gov.co\/colombia\/#\/schema\/logo\/image\/\"},\"sameAs\":[\"https:\/\/www.facebook.com\/FiscaliaCol\",\"https:\/\/x.com\/FiscaliaCol\",\"https:\/\/www.instagram.com\/fiscaliacol\",\"https:\/\/www.linkedin.com\/company\/fiscalia-general-de-la-naci-n\/\",\"https:\/\/youtube.com\/@fiscaliageneraldelanacion-4668?si=6nN79nyQICPU5iTh\"]},{\"@type\":\"Person\",\"@id\":\"https:\/\/www.fiscalia.gov.co\/colombia\/#\/schema\/person\/bf28d8ae7f1b287bbe3af484b04f43ea\",\"name\":\"Direcci\u00f3n de Comunicaciones Fiscal\u00eda General de la Naci\u00f3n\",\"image\":{\"@type\":\"ImageObject\",\"inLanguage\":\"es-CO\",\"@id\":\"https:\/\/www.fiscalia.gov.co\/colombia\/#\/schema\/person\/image\/\",\"url\":\"https:\/\/secure.gravatar.com\/avatar\/9d55ae161d32da16dbdd0b380c080a5f?s=96&d=mm&r=g\",\"contentUrl\":\"https:\/\/secure.gravatar.com\/avatar\/9d55ae161d32da16dbdd0b380c080a5f?s=96&d=mm&r=g\",\"caption\":\"Direcci\u00f3n de Comunicaciones Fiscal\u00eda General de la Naci\u00f3n\"},\"url\":\"https:\/\/www.fiscalia.gov.co\/colombia\/author\/kbonilla\/\"}]}<\/script>\n<!-- \/ Yoast SEO plugin. -->","yoast_head_json":{"title":"Fiscal\u00eda General de la Naci\u00f3n","description":"P\u00e1gina oficial de la Fiscal\u00eda General de la Naci\u00f3n \u2013 Colombia. Garantizamos el acceso efectivo a la justicia, la verdad y la reparaci\u00f3n de las v\u00edctimas de los delitos.","robots":{"index":"noindex","follow":"follow"},"og_locale":"es_ES","og_type":"article","og_title":"Fiscal\u00eda General de la Naci\u00f3n","og_description":"P\u00e1gina oficial de la Fiscal\u00eda General de la Naci\u00f3n \u2013 Colombia. Garantizamos el acceso efectivo a la justicia, la verdad y la reparaci\u00f3n de las v\u00edctimas de los delitos.","og_url":"https:\/\/www.fiscalia.gov.co\/colombia\/seccionales\/hombre-que-era-procesado-por-porte-de-estupefacientes-y-obtuvo-libertad-debera-permanecer-en-centro-carcelario-por-presunto-homicidio-en-casanare\/","og_site_name":"Fiscal\u00eda General de la Naci\u00f3n","article_publisher":"https:\/\/www.facebook.com\/FiscaliaCol","article_published_time":"2020-04-27T21:39:38+00:00","author":"Direcci\u00f3n de Comunicaciones Fiscal\u00eda General de la Naci\u00f3n","twitter_card":"summary_large_image","twitter_creator":"@FiscaliaCol","twitter_site":"@FiscaliaCol","twitter_misc":{"Escrito por":"Direcci\u00f3n de Comunicaciones Fiscal\u00eda General de la Naci\u00f3n","Tiempo de lectura":"2 minutos"},"schema":{"@context":"https:\/\/schema.org","@graph":[{"@type":"Article","@id":"https:\/\/www.fiscalia.gov.co\/colombia\/seccionales\/hombre-que-era-procesado-por-porte-de-estupefacientes-y-obtuvo-libertad-debera-permanecer-en-centro-carcelario-por-presunto-homicidio-en-casanare\/#article","isPartOf":{"@id":"https:\/\/www.fiscalia.gov.co\/colombia\/seccionales\/hombre-que-era-procesado-por-porte-de-estupefacientes-y-obtuvo-libertad-debera-permanecer-en-centro-carcelario-por-presunto-homicidio-en-casanare\/"},"author":{"name":"Direcci\u00f3n de Comunicaciones Fiscal\u00eda General de la Naci\u00f3n","@id":"https:\/\/www.fiscalia.gov.co\/colombia\/#\/schema\/person\/bf28d8ae7f1b287bbe3af484b04f43ea"},"headline":"Hombre que era procesado por porte de estupefacientes y obtuvo libertad deber\u00e1 permanecer en centro carcelario por presunto homicidio en Casanare","datePublished":"2020-04-27T21:39:38+00:00","dateModified":"2020-04-27T21:39:38+00:00","mainEntityOfPage":{"@id":"https:\/\/www.fiscalia.gov.co\/colombia\/seccionales\/hombre-que-era-procesado-por-porte-de-estupefacientes-y-obtuvo-libertad-debera-permanecer-en-centro-carcelario-por-presunto-homicidio-en-casanare\/"},"wordCount":332,"publisher":{"@id":"https:\/\/www.fiscalia.gov.co\/colombia\/#organization"},"articleSection":["Seccional Yopal","Seccionales","Seguridad territorial"],"inLanguage":"es-CO"},{"@type":"WebPage","@id":"https:\/\/www.fiscalia.gov.co\/colombia\/seccionales\/hombre-que-era-procesado-por-porte-de-estupefacientes-y-obtuvo-libertad-debera-permanecer-en-centro-carcelario-por-presunto-homicidio-en-casanare\/","url":"https:\/\/www.fiscalia.gov.co\/colombia\/seccionales\/hombre-que-era-procesado-por-porte-de-estupefacientes-y-obtuvo-libertad-debera-permanecer-en-centro-carcelario-por-presunto-homicidio-en-casanare\/","name":"Fiscal\u00eda General de la Naci\u00f3n","isPartOf":{"@id":"https:\/\/www.fiscalia.gov.co\/colombia\/#website"},"datePublished":"2020-04-27T21:39:38+00:00","dateModified":"2020-04-27T21:39:38+00:00","description":"P\u00e1gina oficial de la Fiscal\u00eda General de la Naci\u00f3n \u2013 Colombia. Garantizamos el acceso efectivo a la justicia, la verdad y la reparaci\u00f3n de las v\u00edctimas de los delitos.","breadcrumb":{"@id":"https:\/\/www.fiscalia.gov.co\/colombia\/seccionales\/hombre-que-era-procesado-por-porte-de-estupefacientes-y-obtuvo-libertad-debera-permanecer-en-centro-carcelario-por-presunto-homicidio-en-casanare\/#breadcrumb"},"inLanguage":"es-CO","potentialAction":[{"@type":"ReadAction","target":["https:\/\/www.fiscalia.gov.co\/colombia\/seccionales\/hombre-que-era-procesado-por-porte-de-estupefacientes-y-obtuvo-libertad-debera-permanecer-en-centro-carcelario-por-presunto-homicidio-en-casanare\/"]}]},{"@type":"BreadcrumbList","@id":"https:\/\/www.fiscalia.gov.co\/colombia\/seccionales\/hombre-que-era-procesado-por-porte-de-estupefacientes-y-obtuvo-libertad-debera-permanecer-en-centro-carcelario-por-presunto-homicidio-en-casanare\/#breadcrumb","itemListElement":[{"@type":"ListItem","position":1,"name":"Home","item":"https:\/\/www.fiscalia.gov.co\/colombia\/"},{"@type":"ListItem","position":2,"name":"Hombre que era procesado por porte de estupefacientes y obtuvo libertad deber\u00e1 permanecer en centro carcelario por presunto homicidio en Casanare"}]},{"@type":"WebSite","@id":"https:\/\/www.fiscalia.gov.co\/colombia\/#website","url":"https:\/\/www.fiscalia.gov.co\/colombia\/","name":"Fiscal\u00eda General de la Naci\u00f3n","description":"P\u00e1gina oficial de la Fiscal\u00eda General de la Naci\u00f3n \u2013 Colombia. Garantizamos el acceso efectivo a la justicia, la verdad y la reparaci\u00f3n de las v\u00edctimas de los delitos.","publisher":{"@id":"https:\/\/www.fiscalia.gov.co\/colombia\/#organization"},"potentialAction":[{"@type":"SearchAction","target":{"@type":"EntryPoint","urlTemplate":"https:\/\/www.fiscalia.gov.co\/colombia\/?s={search_term_string}"},"query-input":{"@type":"PropertyValueSpecification","valueRequired":true,"valueName":"search_term_string"}}],"inLanguage":"es-CO"},{"@type":"Organization","@id":"https:\/\/www.fiscalia.gov.co\/colombia\/#organization","name":"Fiscal\u00eda General de la Naci\u00f3n","url":"https:\/\/www.fiscalia.gov.co\/colombia\/","logo":{"@type":"ImageObject","inLanguage":"es-CO","@id":"https:\/\/www.fiscalia.gov.co\/colombia\/#\/schema\/logo\/image\/","url":"https:\/\/www.fiscalia.gov.co\/colombia\/wp-content\/uploads\/LogoHorizontal_1.jpg","contentUrl":"https:\/\/www.fiscalia.gov.co\/colombia\/wp-content\/uploads\/LogoHorizontal_1.jpg","width":300,"height":90,"caption":"Fiscal\u00eda General de la Naci\u00f3n"},"image":{"@id":"https:\/\/www.fiscalia.gov.co\/colombia\/#\/schema\/logo\/image\/"},"sameAs":["https:\/\/www.facebook.com\/FiscaliaCol","https:\/\/x.com\/FiscaliaCol","https:\/\/www.instagram.com\/fiscaliacol","https:\/\/www.linkedin.com\/company\/fiscalia-general-de-la-naci-n\/","https:\/\/youtube.com\/@fiscaliageneraldelanacion-4668?si=6nN79nyQICPU5iTh"]},{"@type":"Person","@id":"https:\/\/www.fiscalia.gov.co\/colombia\/#\/schema\/person\/bf28d8ae7f1b287bbe3af484b04f43ea","name":"Direcci\u00f3n de Comunicaciones Fiscal\u00eda General de la Naci\u00f3n","image":{"@type":"ImageObject","inLanguage":"es-CO","@id":"https:\/\/www.fiscalia.gov.co\/colombia\/#\/schema\/person\/image\/","url":"https:\/\/secure.gravatar.com\/avatar\/9d55ae161d32da16dbdd0b380c080a5f?s=96&d=mm&r=g","contentUrl":"https:\/\/secure.gravatar.com\/avatar\/9d55ae161d32da16dbdd0b380c080a5f?s=96&d=mm&r=g","caption":"Direcci\u00f3n de Comunicaciones Fiscal\u00eda General de la Naci\u00f3n"},"url":"https:\/\/www.fiscalia.gov.co\/colombia\/author\/kbonilla\/"}]}},"_links":{"self":[{"href":"https:\/\/www.fiscalia.gov.co\/colombia\/wp-json\/wp\/v2\/posts\/192400","targetHints":{"allow":["GET"]}}],"collection":[{"href":"https:\/\/www.fiscalia.gov.co\/colombia\/wp-json\/wp\/v2\/posts"}],"about":[{"href":"https:\/\/www.fiscalia.gov.co\/colombia\/wp-json\/wp\/v2\/types\/post"}],"author":[{"embeddable":true,"href":"https:\/\/www.fiscalia.gov.co\/colombia\/wp-json\/wp\/v2\/users\/162"}],"replies":[{"embeddable":true,"href":"https:\/\/www.fiscalia.gov.co\/colombia\/wp-json\/wp\/v2\/comments?post=192400"}],"version-history":[{"count":2,"href":"https:\/\/www.fiscalia.gov.co\/colombia\/wp-json\/wp\/v2\/posts\/192400\/revisions"}],"predecessor-version":[{"id":192402,"href":"https:\/\/www.fiscalia.gov.co\/colombia\/wp-json\/wp\/v2\/posts\/192400\/revisions\/192402"}],"wp:attachment":[{"href":"https:\/\/www.fiscalia.gov.co\/colombia\/wp-json\/wp\/v2\/media?parent=192400"}],"wp:term":[{"taxonomy":"category","embeddable":true,"href":"https:\/\/www.fiscalia.gov.co\/colombia\/wp-json\/wp\/v2\/categories?post=192400"},{"taxonomy":"post_tag","embeddable":true,"href":"https:\/\/www.fiscalia.gov.co\/colombia\/wp-json\/wp\/v2\/tags?post=192400"}],"curies":[{"name":"wp","href":"https:\/\/api.w.org\/{rel}","templated":true}]}}