{"id":192097,"date":"2020-04-20T17:51:36","date_gmt":"2020-04-20T22:51:36","guid":{"rendered":"https:\/\/www.fiscalia.gov.co\/colombia\/?p=192097"},"modified":"2020-04-20T17:51:36","modified_gmt":"2020-04-20T22:51:36","slug":"imputado-recluso-como-presunto-integrante-del-grupo-delincuencial-los-gatos-dedicado-a-la-pirateria-terrestre-en-todo-el-pais","status":"publish","type":"post","link":"https:\/\/www.fiscalia.gov.co\/colombia\/seccionales\/imputado-recluso-como-presunto-integrante-del-grupo-delincuencial-los-gatos-dedicado-a-la-pirateria-terrestre-en-todo-el-pais\/","title":{"rendered":"Imputado recluso como presunto integrante del grupo delincuencial Los Gatos, dedicado a la pirater\u00eda terrestre en todo el pa\u00eds"},"content":{"rendered":"<blockquote class=\"td_quote_box td_box_center\">\n<h4><strong><span lang=\"ES\">La Fiscal\u00eda lo se\u00f1ala como el \u00faltimo miembro de la estructura, el cual estar\u00eda encargado de la log\u00edstica de la misma.<\/span><\/strong><\/h4>\n<\/blockquote>\n<p><span lang=\"ES\">Mediante audiencia virtual ante un juzgado con funciones de control de garant\u00edas de Ibagu\u00e9 (Tolima), la Fiscal\u00eda le formul\u00f3 imputaci\u00f3n de cargos\u00a0a Jos\u00e9 Dagoberto Bulla Ballesteros,\u00a0por\u00a0<b>concierto para delinquir, hurto calificado y agravado, y obstaculizaci\u00f3n ileg\u00edtima de sistema inform\u00e1tico o red de telecomunicaciones.<\/b><\/span><span lang=\"ES\">\u00a0<\/span><\/p>\n<p><span lang=\"ES\">Estos delitos, que no acept\u00f3 el indiciado, fueron cometidos presuntamente al servicio de la\u00a0<b>extinta<\/b>\u00a0<b>organizaci\u00f3n criminal Los Gatos,\u00a0<\/b>dedicada a la pirater\u00eda terrestre en el Tolima y varias partes del pa\u00eds.<\/span><span lang=\"ES\">\u00a0<\/span><\/p>\n<p><span lang=\"ES\">Pese a cumplir con los requisitos subjetivos y objetivos para solicitar la medida de aseguramiento, no fue necesaria ni urgente por cuanto en la actualidad\u00a0<b>inici\u00f3 el cumplimento de una pena de prisi\u00f3n<\/b>\u00a0por otro proceso en un centro penitenciario del Cauca.<\/span><span lang=\"ES\">\u00a0<\/span><\/p>\n<p><span lang=\"ES\">La banda fue impactada en octubre de 2019 con la captura de siete de sus integrantes por miembros de la Polic\u00eda del Departamento del Tolima de manera simult\u00e1nea en varias ciudades.<\/span><span lang=\"ES\">\u00a0<\/span><\/p>\n<p><span lang=\"ES\">Seg\u00fan la investigaci\u00f3n, es un\u00a0grupo de delincuencia organizada que<b>\u00a0delinqu\u00eda bajo dos modalidades: la pirater\u00eda terrestre y\u00a0<\/b><\/span><b><span lang=\"ES\">suplantaci\u00f3n de puesto de control policial;\u00a0<\/span><\/b><span lang=\"ES\">para ello utilizaban prendas e insignias de la Polic\u00eda Nacional.<\/span><span lang=\"ES\">\u00a0<\/span><\/p>\n<p><span lang=\"ES\">Los hechos jur\u00eddicamente relevantes, que el ente acusador le imput\u00f3 a\u00a0<\/span><span lang=\"ES\">Bulla Ballesteros<\/span><span lang=\"ES\">,\u00a0<b>ocurrieron el 9 de diciembre de 2017\u00a0<\/b>a la altura del\u00a0<b>sector La Martinica<\/b>\u00a0en un restaurante junto a\u00a0una estaci\u00f3n de servicio en<b>\u00a0Ibagu\u00e9<\/b>, cuando Carlos Eduardo Nieto Garz\u00f3n, jefe de la organizaci\u00f3n; y presuntamente el hoy procesado, entre otros, se apoderaron de la mercanc\u00eda que era transportada en un veh\u00edculo tractocami\u00f3n de servicio p\u00fablico, el cual fue despachado desde Cali (Valle del Cauca) con destino a Barranquilla (Atl\u00e1ntico), con\u00a0<b>mercanc\u00eda correspondiente a tecnolog\u00eda como radios, equipos de sonido y televisores, avaluado todo en $393.000.000.<\/b><\/span><span lang=\"ES\">\u00a0<\/span><\/p>\n<p><b><u>Su actuar delictivo<\/u><\/b><\/p>\n<p><b><span lang=\"ES\">La organizaci\u00f3n estaba bajo el liderazgo de Garz\u00f3n Nieto\u00a0<\/span><\/b><span lang=\"ES\">quien con la ayuda de su mano derecha Gretta Var\u00f3n Silva,\u00a0<b>lograban contratar conductores de confianza<\/b>\u00a0por intermedio de Leonel Alejandro Ch\u00e1vez Rodr\u00edguez a quienes les entregaban un tractocami\u00f3n a nombre de terceros, con el fin de que las empresas generadoras de carga los contrataran para el transporte de mercanc\u00eda por las v\u00edas nacionales.<\/span><\/p>\n<p><span lang=\"ES\">Posteriormente proced\u00edan a\u00a0<b>desinstalar el aparato satelital del veh\u00edculo con un inhibidor de se\u00f1al llamado por la organizaci\u00f3n \u00b4Yamer\u00b4,<\/b>\u00a0impidiendo que este, emitiera la ubicaci\u00f3n del veh\u00edculo que llevar\u00eda la mercanc\u00eda objeto del hurto.<\/span><span lang=\"ES\">\u00a0<\/span><\/p>\n<p><span lang=\"ES\">Una vez apoderados de los elementos,\u00a0<b>hac\u00edan el cambio del cabezote del tractocami\u00f3n conservando el tr\u00e1iler donde iba la mercanc\u00eda hurtada<\/b>, con un manifiesto de carga diferente para burlar a las autoridades en caso de ser requeridos en puestos de control.<\/span><\/p>\n<p><span lang=\"ES\">Luego, hac\u00edan el trasbordo de la mercanc\u00eda a otros veh\u00edculos o a parqueaderos p\u00fablicos y\u00a0<b>pon\u00edan la falsa denuncia en la que advert\u00edan que el conductor hab\u00eda sido retenido en contra de su voluntad<\/b>\u00a0por varias horas bajo amenaza con arma de fuego, y que luego de su liberaci\u00f3n hallaba el cami\u00f3n abandonado.<\/span><\/p>\n<p><span lang=\"ES\">La Fiscal\u00eda hace p\u00fablica esta informaci\u00f3n por razones de inter\u00e9s general.<\/span><\/p>\n<p><span lang=\"ES\">\u00a0<\/span><\/p>\n<p><span lang=\"ES\">PAAM\/DLBM<\/span><\/p>\n\n<div class=\"twitter-share\"><a href=\"https:\/\/twitter.com\/intent\/tweet?via=fiscaliacol\" class=\"twitter-share-button\">Tweet<\/a><\/div>\n","protected":false},"excerpt":{"rendered":"<p>La Fiscal\u00eda lo se\u00f1ala como el \u00faltimo miembro de la estructura, el cual estar\u00eda encargado de la log\u00edstica de la misma. Mediante audiencia virtual ante un juzgado con funciones de [&hellip;]<\/p>\n","protected":false},"author":162,"featured_media":0,"comment_status":"closed","ping_status":"open","sticky":false,"template":"","format":"standard","meta":{"tdm_status":"","tdm_grid_status":"","footnotes":""},"categories":[329,303,24099],"tags":[],"class_list":["post-192097","post","type-post","status-publish","format-standard","category-seccional-ibague","category-seccionales","category-seguridad-territorial"],"yoast_head":"<!-- This site is optimized with the Yoast SEO plugin v24.3 - https:\/\/yoast.com\/wordpress\/plugins\/seo\/ -->\n<title>Fiscal\u00eda General de la Naci\u00f3n<\/title>\n<meta name=\"description\" content=\"P\u00e1gina oficial de la Fiscal\u00eda General de la Naci\u00f3n \u2013 Colombia. Garantizamos el acceso efectivo a la justicia, la verdad y la reparaci\u00f3n de las v\u00edctimas de los delitos.\" \/>\n<meta name=\"robots\" content=\"noindex, follow\" \/>\n<meta property=\"og:locale\" content=\"es_ES\" \/>\n<meta property=\"og:type\" content=\"article\" \/>\n<meta property=\"og:title\" content=\"Fiscal\u00eda General de la Naci\u00f3n\" \/>\n<meta property=\"og:description\" content=\"P\u00e1gina oficial de la Fiscal\u00eda General de la Naci\u00f3n \u2013 Colombia. Garantizamos el acceso efectivo a la justicia, la verdad y la reparaci\u00f3n de las v\u00edctimas de los delitos.\" \/>\n<meta property=\"og:url\" content=\"https:\/\/www.fiscalia.gov.co\/colombia\/seccionales\/imputado-recluso-como-presunto-integrante-del-grupo-delincuencial-los-gatos-dedicado-a-la-pirateria-terrestre-en-todo-el-pais\/\" \/>\n<meta property=\"og:site_name\" content=\"Fiscal\u00eda General de la Naci\u00f3n\" \/>\n<meta property=\"article:publisher\" content=\"https:\/\/www.facebook.com\/FiscaliaCol\" \/>\n<meta property=\"article:published_time\" content=\"2020-04-20T22:51:36+00:00\" \/>\n<meta name=\"author\" content=\"Direcci\u00f3n de Comunicaciones Fiscal\u00eda General de la Naci\u00f3n\" \/>\n<meta name=\"twitter:card\" content=\"summary_large_image\" \/>\n<meta name=\"twitter:creator\" content=\"@FiscaliaCol\" \/>\n<meta name=\"twitter:site\" content=\"@FiscaliaCol\" \/>\n<meta name=\"twitter:label1\" content=\"Escrito por\" \/>\n\t<meta name=\"twitter:data1\" content=\"Direcci\u00f3n de Comunicaciones Fiscal\u00eda General de la Naci\u00f3n\" \/>\n\t<meta name=\"twitter:label2\" content=\"Tiempo de lectura\" \/>\n\t<meta name=\"twitter:data2\" content=\"3 minutos\" \/>\n<script type=\"application\/ld+json\" class=\"yoast-schema-graph\">{\"@context\":\"https:\/\/schema.org\",\"@graph\":[{\"@type\":\"Article\",\"@id\":\"https:\/\/www.fiscalia.gov.co\/colombia\/seccionales\/imputado-recluso-como-presunto-integrante-del-grupo-delincuencial-los-gatos-dedicado-a-la-pirateria-terrestre-en-todo-el-pais\/#article\",\"isPartOf\":{\"@id\":\"https:\/\/www.fiscalia.gov.co\/colombia\/seccionales\/imputado-recluso-como-presunto-integrante-del-grupo-delincuencial-los-gatos-dedicado-a-la-pirateria-terrestre-en-todo-el-pais\/\"},\"author\":{\"name\":\"Direcci\u00f3n de Comunicaciones Fiscal\u00eda General de la Naci\u00f3n\",\"@id\":\"https:\/\/www.fiscalia.gov.co\/colombia\/#\/schema\/person\/bf28d8ae7f1b287bbe3af484b04f43ea\"},\"headline\":\"Imputado recluso como presunto integrante del grupo delincuencial Los Gatos, dedicado a la pirater\u00eda terrestre en todo el pa\u00eds\",\"datePublished\":\"2020-04-20T22:51:36+00:00\",\"dateModified\":\"2020-04-20T22:51:36+00:00\",\"mainEntityOfPage\":{\"@id\":\"https:\/\/www.fiscalia.gov.co\/colombia\/seccionales\/imputado-recluso-como-presunto-integrante-del-grupo-delincuencial-los-gatos-dedicado-a-la-pirateria-terrestre-en-todo-el-pais\/\"},\"wordCount\":594,\"publisher\":{\"@id\":\"https:\/\/www.fiscalia.gov.co\/colombia\/#organization\"},\"articleSection\":[\"Seccional Ibagu\u00e9\",\"Seccionales\",\"Seguridad territorial\"],\"inLanguage\":\"es-CO\"},{\"@type\":\"WebPage\",\"@id\":\"https:\/\/www.fiscalia.gov.co\/colombia\/seccionales\/imputado-recluso-como-presunto-integrante-del-grupo-delincuencial-los-gatos-dedicado-a-la-pirateria-terrestre-en-todo-el-pais\/\",\"url\":\"https:\/\/www.fiscalia.gov.co\/colombia\/seccionales\/imputado-recluso-como-presunto-integrante-del-grupo-delincuencial-los-gatos-dedicado-a-la-pirateria-terrestre-en-todo-el-pais\/\",\"name\":\"Fiscal\u00eda General de la Naci\u00f3n\",\"isPartOf\":{\"@id\":\"https:\/\/www.fiscalia.gov.co\/colombia\/#website\"},\"datePublished\":\"2020-04-20T22:51:36+00:00\",\"dateModified\":\"2020-04-20T22:51:36+00:00\",\"description\":\"P\u00e1gina oficial de la Fiscal\u00eda General de la Naci\u00f3n \u2013 Colombia. Garantizamos el acceso efectivo a la justicia, la verdad y la reparaci\u00f3n de las v\u00edctimas de los delitos.\",\"breadcrumb\":{\"@id\":\"https:\/\/www.fiscalia.gov.co\/colombia\/seccionales\/imputado-recluso-como-presunto-integrante-del-grupo-delincuencial-los-gatos-dedicado-a-la-pirateria-terrestre-en-todo-el-pais\/#breadcrumb\"},\"inLanguage\":\"es-CO\",\"potentialAction\":[{\"@type\":\"ReadAction\",\"target\":[\"https:\/\/www.fiscalia.gov.co\/colombia\/seccionales\/imputado-recluso-como-presunto-integrante-del-grupo-delincuencial-los-gatos-dedicado-a-la-pirateria-terrestre-en-todo-el-pais\/\"]}]},{\"@type\":\"BreadcrumbList\",\"@id\":\"https:\/\/www.fiscalia.gov.co\/colombia\/seccionales\/imputado-recluso-como-presunto-integrante-del-grupo-delincuencial-los-gatos-dedicado-a-la-pirateria-terrestre-en-todo-el-pais\/#breadcrumb\",\"itemListElement\":[{\"@type\":\"ListItem\",\"position\":1,\"name\":\"Home\",\"item\":\"https:\/\/www.fiscalia.gov.co\/colombia\/\"},{\"@type\":\"ListItem\",\"position\":2,\"name\":\"Imputado recluso como presunto integrante del grupo delincuencial Los Gatos, dedicado a la pirater\u00eda terrestre en todo el pa\u00eds\"}]},{\"@type\":\"WebSite\",\"@id\":\"https:\/\/www.fiscalia.gov.co\/colombia\/#website\",\"url\":\"https:\/\/www.fiscalia.gov.co\/colombia\/\",\"name\":\"Fiscal\u00eda General de la Naci\u00f3n\",\"description\":\"P\u00e1gina oficial de la Fiscal\u00eda General de la Naci\u00f3n \u2013 Colombia. Garantizamos el acceso efectivo a la justicia, la verdad y la reparaci\u00f3n de las v\u00edctimas de los delitos.\",\"publisher\":{\"@id\":\"https:\/\/www.fiscalia.gov.co\/colombia\/#organization\"},\"potentialAction\":[{\"@type\":\"SearchAction\",\"target\":{\"@type\":\"EntryPoint\",\"urlTemplate\":\"https:\/\/www.fiscalia.gov.co\/colombia\/?s={search_term_string}\"},\"query-input\":{\"@type\":\"PropertyValueSpecification\",\"valueRequired\":true,\"valueName\":\"search_term_string\"}}],\"inLanguage\":\"es-CO\"},{\"@type\":\"Organization\",\"@id\":\"https:\/\/www.fiscalia.gov.co\/colombia\/#organization\",\"name\":\"Fiscal\u00eda General de la Naci\u00f3n\",\"url\":\"https:\/\/www.fiscalia.gov.co\/colombia\/\",\"logo\":{\"@type\":\"ImageObject\",\"inLanguage\":\"es-CO\",\"@id\":\"https:\/\/www.fiscalia.gov.co\/colombia\/#\/schema\/logo\/image\/\",\"url\":\"https:\/\/www.fiscalia.gov.co\/colombia\/wp-content\/uploads\/LogoHorizontal_1.jpg\",\"contentUrl\":\"https:\/\/www.fiscalia.gov.co\/colombia\/wp-content\/uploads\/LogoHorizontal_1.jpg\",\"width\":300,\"height\":90,\"caption\":\"Fiscal\u00eda General de la Naci\u00f3n\"},\"image\":{\"@id\":\"https:\/\/www.fiscalia.gov.co\/colombia\/#\/schema\/logo\/image\/\"},\"sameAs\":[\"https:\/\/www.facebook.com\/FiscaliaCol\",\"https:\/\/x.com\/FiscaliaCol\",\"https:\/\/www.instagram.com\/fiscaliacol\",\"https:\/\/www.linkedin.com\/company\/fiscalia-general-de-la-naci-n\/\",\"https:\/\/youtube.com\/@fiscaliageneraldelanacion-4668?si=6nN79nyQICPU5iTh\"]},{\"@type\":\"Person\",\"@id\":\"https:\/\/www.fiscalia.gov.co\/colombia\/#\/schema\/person\/bf28d8ae7f1b287bbe3af484b04f43ea\",\"name\":\"Direcci\u00f3n de Comunicaciones Fiscal\u00eda General de la Naci\u00f3n\",\"image\":{\"@type\":\"ImageObject\",\"inLanguage\":\"es-CO\",\"@id\":\"https:\/\/www.fiscalia.gov.co\/colombia\/#\/schema\/person\/image\/\",\"url\":\"https:\/\/secure.gravatar.com\/avatar\/9d55ae161d32da16dbdd0b380c080a5f?s=96&d=mm&r=g\",\"contentUrl\":\"https:\/\/secure.gravatar.com\/avatar\/9d55ae161d32da16dbdd0b380c080a5f?s=96&d=mm&r=g\",\"caption\":\"Direcci\u00f3n de Comunicaciones Fiscal\u00eda General de la Naci\u00f3n\"},\"url\":\"https:\/\/www.fiscalia.gov.co\/colombia\/author\/kbonilla\/\"}]}<\/script>\n<!-- \/ Yoast SEO plugin. -->","yoast_head_json":{"title":"Fiscal\u00eda General de la Naci\u00f3n","description":"P\u00e1gina oficial de la Fiscal\u00eda General de la Naci\u00f3n \u2013 Colombia. Garantizamos el acceso efectivo a la justicia, la verdad y la reparaci\u00f3n de las v\u00edctimas de los delitos.","robots":{"index":"noindex","follow":"follow"},"og_locale":"es_ES","og_type":"article","og_title":"Fiscal\u00eda General de la Naci\u00f3n","og_description":"P\u00e1gina oficial de la Fiscal\u00eda General de la Naci\u00f3n \u2013 Colombia. Garantizamos el acceso efectivo a la justicia, la verdad y la reparaci\u00f3n de las v\u00edctimas de los delitos.","og_url":"https:\/\/www.fiscalia.gov.co\/colombia\/seccionales\/imputado-recluso-como-presunto-integrante-del-grupo-delincuencial-los-gatos-dedicado-a-la-pirateria-terrestre-en-todo-el-pais\/","og_site_name":"Fiscal\u00eda General de la Naci\u00f3n","article_publisher":"https:\/\/www.facebook.com\/FiscaliaCol","article_published_time":"2020-04-20T22:51:36+00:00","author":"Direcci\u00f3n de Comunicaciones Fiscal\u00eda General de la Naci\u00f3n","twitter_card":"summary_large_image","twitter_creator":"@FiscaliaCol","twitter_site":"@FiscaliaCol","twitter_misc":{"Escrito por":"Direcci\u00f3n de Comunicaciones Fiscal\u00eda General de la Naci\u00f3n","Tiempo de lectura":"3 minutos"},"schema":{"@context":"https:\/\/schema.org","@graph":[{"@type":"Article","@id":"https:\/\/www.fiscalia.gov.co\/colombia\/seccionales\/imputado-recluso-como-presunto-integrante-del-grupo-delincuencial-los-gatos-dedicado-a-la-pirateria-terrestre-en-todo-el-pais\/#article","isPartOf":{"@id":"https:\/\/www.fiscalia.gov.co\/colombia\/seccionales\/imputado-recluso-como-presunto-integrante-del-grupo-delincuencial-los-gatos-dedicado-a-la-pirateria-terrestre-en-todo-el-pais\/"},"author":{"name":"Direcci\u00f3n de Comunicaciones Fiscal\u00eda General de la Naci\u00f3n","@id":"https:\/\/www.fiscalia.gov.co\/colombia\/#\/schema\/person\/bf28d8ae7f1b287bbe3af484b04f43ea"},"headline":"Imputado recluso como presunto integrante del grupo delincuencial Los Gatos, dedicado a la pirater\u00eda terrestre en todo el pa\u00eds","datePublished":"2020-04-20T22:51:36+00:00","dateModified":"2020-04-20T22:51:36+00:00","mainEntityOfPage":{"@id":"https:\/\/www.fiscalia.gov.co\/colombia\/seccionales\/imputado-recluso-como-presunto-integrante-del-grupo-delincuencial-los-gatos-dedicado-a-la-pirateria-terrestre-en-todo-el-pais\/"},"wordCount":594,"publisher":{"@id":"https:\/\/www.fiscalia.gov.co\/colombia\/#organization"},"articleSection":["Seccional Ibagu\u00e9","Seccionales","Seguridad territorial"],"inLanguage":"es-CO"},{"@type":"WebPage","@id":"https:\/\/www.fiscalia.gov.co\/colombia\/seccionales\/imputado-recluso-como-presunto-integrante-del-grupo-delincuencial-los-gatos-dedicado-a-la-pirateria-terrestre-en-todo-el-pais\/","url":"https:\/\/www.fiscalia.gov.co\/colombia\/seccionales\/imputado-recluso-como-presunto-integrante-del-grupo-delincuencial-los-gatos-dedicado-a-la-pirateria-terrestre-en-todo-el-pais\/","name":"Fiscal\u00eda General de la Naci\u00f3n","isPartOf":{"@id":"https:\/\/www.fiscalia.gov.co\/colombia\/#website"},"datePublished":"2020-04-20T22:51:36+00:00","dateModified":"2020-04-20T22:51:36+00:00","description":"P\u00e1gina oficial de la Fiscal\u00eda General de la Naci\u00f3n \u2013 Colombia. Garantizamos el acceso efectivo a la justicia, la verdad y la reparaci\u00f3n de las v\u00edctimas de los delitos.","breadcrumb":{"@id":"https:\/\/www.fiscalia.gov.co\/colombia\/seccionales\/imputado-recluso-como-presunto-integrante-del-grupo-delincuencial-los-gatos-dedicado-a-la-pirateria-terrestre-en-todo-el-pais\/#breadcrumb"},"inLanguage":"es-CO","potentialAction":[{"@type":"ReadAction","target":["https:\/\/www.fiscalia.gov.co\/colombia\/seccionales\/imputado-recluso-como-presunto-integrante-del-grupo-delincuencial-los-gatos-dedicado-a-la-pirateria-terrestre-en-todo-el-pais\/"]}]},{"@type":"BreadcrumbList","@id":"https:\/\/www.fiscalia.gov.co\/colombia\/seccionales\/imputado-recluso-como-presunto-integrante-del-grupo-delincuencial-los-gatos-dedicado-a-la-pirateria-terrestre-en-todo-el-pais\/#breadcrumb","itemListElement":[{"@type":"ListItem","position":1,"name":"Home","item":"https:\/\/www.fiscalia.gov.co\/colombia\/"},{"@type":"ListItem","position":2,"name":"Imputado recluso como presunto integrante del grupo delincuencial Los Gatos, dedicado a la pirater\u00eda terrestre en todo el pa\u00eds"}]},{"@type":"WebSite","@id":"https:\/\/www.fiscalia.gov.co\/colombia\/#website","url":"https:\/\/www.fiscalia.gov.co\/colombia\/","name":"Fiscal\u00eda General de la Naci\u00f3n","description":"P\u00e1gina oficial de la Fiscal\u00eda General de la Naci\u00f3n \u2013 Colombia. Garantizamos el acceso efectivo a la justicia, la verdad y la reparaci\u00f3n de las v\u00edctimas de los delitos.","publisher":{"@id":"https:\/\/www.fiscalia.gov.co\/colombia\/#organization"},"potentialAction":[{"@type":"SearchAction","target":{"@type":"EntryPoint","urlTemplate":"https:\/\/www.fiscalia.gov.co\/colombia\/?s={search_term_string}"},"query-input":{"@type":"PropertyValueSpecification","valueRequired":true,"valueName":"search_term_string"}}],"inLanguage":"es-CO"},{"@type":"Organization","@id":"https:\/\/www.fiscalia.gov.co\/colombia\/#organization","name":"Fiscal\u00eda General de la Naci\u00f3n","url":"https:\/\/www.fiscalia.gov.co\/colombia\/","logo":{"@type":"ImageObject","inLanguage":"es-CO","@id":"https:\/\/www.fiscalia.gov.co\/colombia\/#\/schema\/logo\/image\/","url":"https:\/\/www.fiscalia.gov.co\/colombia\/wp-content\/uploads\/LogoHorizontal_1.jpg","contentUrl":"https:\/\/www.fiscalia.gov.co\/colombia\/wp-content\/uploads\/LogoHorizontal_1.jpg","width":300,"height":90,"caption":"Fiscal\u00eda General de la Naci\u00f3n"},"image":{"@id":"https:\/\/www.fiscalia.gov.co\/colombia\/#\/schema\/logo\/image\/"},"sameAs":["https:\/\/www.facebook.com\/FiscaliaCol","https:\/\/x.com\/FiscaliaCol","https:\/\/www.instagram.com\/fiscaliacol","https:\/\/www.linkedin.com\/company\/fiscalia-general-de-la-naci-n\/","https:\/\/youtube.com\/@fiscaliageneraldelanacion-4668?si=6nN79nyQICPU5iTh"]},{"@type":"Person","@id":"https:\/\/www.fiscalia.gov.co\/colombia\/#\/schema\/person\/bf28d8ae7f1b287bbe3af484b04f43ea","name":"Direcci\u00f3n de Comunicaciones Fiscal\u00eda General de la Naci\u00f3n","image":{"@type":"ImageObject","inLanguage":"es-CO","@id":"https:\/\/www.fiscalia.gov.co\/colombia\/#\/schema\/person\/image\/","url":"https:\/\/secure.gravatar.com\/avatar\/9d55ae161d32da16dbdd0b380c080a5f?s=96&d=mm&r=g","contentUrl":"https:\/\/secure.gravatar.com\/avatar\/9d55ae161d32da16dbdd0b380c080a5f?s=96&d=mm&r=g","caption":"Direcci\u00f3n de Comunicaciones Fiscal\u00eda General de la Naci\u00f3n"},"url":"https:\/\/www.fiscalia.gov.co\/colombia\/author\/kbonilla\/"}]}},"_links":{"self":[{"href":"https:\/\/www.fiscalia.gov.co\/colombia\/wp-json\/wp\/v2\/posts\/192097","targetHints":{"allow":["GET"]}}],"collection":[{"href":"https:\/\/www.fiscalia.gov.co\/colombia\/wp-json\/wp\/v2\/posts"}],"about":[{"href":"https:\/\/www.fiscalia.gov.co\/colombia\/wp-json\/wp\/v2\/types\/post"}],"author":[{"embeddable":true,"href":"https:\/\/www.fiscalia.gov.co\/colombia\/wp-json\/wp\/v2\/users\/162"}],"replies":[{"embeddable":true,"href":"https:\/\/www.fiscalia.gov.co\/colombia\/wp-json\/wp\/v2\/comments?post=192097"}],"version-history":[{"count":1,"href":"https:\/\/www.fiscalia.gov.co\/colombia\/wp-json\/wp\/v2\/posts\/192097\/revisions"}],"predecessor-version":[{"id":192101,"href":"https:\/\/www.fiscalia.gov.co\/colombia\/wp-json\/wp\/v2\/posts\/192097\/revisions\/192101"}],"wp:attachment":[{"href":"https:\/\/www.fiscalia.gov.co\/colombia\/wp-json\/wp\/v2\/media?parent=192097"}],"wp:term":[{"taxonomy":"category","embeddable":true,"href":"https:\/\/www.fiscalia.gov.co\/colombia\/wp-json\/wp\/v2\/categories?post=192097"},{"taxonomy":"post_tag","embeddable":true,"href":"https:\/\/www.fiscalia.gov.co\/colombia\/wp-json\/wp\/v2\/tags?post=192097"}],"curies":[{"name":"wp","href":"https:\/\/api.w.org\/{rel}","templated":true}]}}