{"id":191775,"date":"2020-04-07T15:48:30","date_gmt":"2020-04-07T20:48:30","guid":{"rendered":"https:\/\/www.fiscalia.gov.co\/colombia\/?p=191775"},"modified":"2020-04-07T15:48:30","modified_gmt":"2020-04-07T20:48:30","slug":"envian-a-la-carcel-a-mujer-que-habria-asesinado-a-su-tia","status":"publish","type":"post","link":"https:\/\/www.fiscalia.gov.co\/colombia\/seccionales\/envian-a-la-carcel-a-mujer-que-habria-asesinado-a-su-tia\/","title":{"rendered":"Env\u00edan a la c\u00e1rcel a mujer que habr\u00eda asesinado a su t\u00eda"},"content":{"rendered":"<p class=\"x_MsoNormal\"><span lang=\"ES\">Con medida de\u00a0<b>aseguramiento consistente en detenci\u00f3n preventiva, en establecimiento carcelario<\/b>\u00a0fue cobijada\u00a0<b>Dana Mayerly Franco Montes<\/b>, se\u00f1alada de su presunta responsabilidad en el\u00a0<b>homicidio de su t\u00eda, Luz Nelly Bland\u00f3n Montes,<\/b>\u00a0ocurrido el 30 de marzo pasado en el municipio de\u00a0<b>Cartago (Valle del Cauca)<\/b>.<\/span><\/p>\n<p class=\"x_MsoNormal\"><span lang=\"ES\">Seg\u00fan las autoridades,\u00a0<b>la v\u00edctima de 58 a\u00f1os de edad<\/b>, habr\u00eda sido atacada, supuestamente, por su sobrina a quien le hab\u00eda dado posada. La deten\u00eda ser\u00eda habitante de la calle.<\/span><\/p>\n<p class=\"x_MsoNormal\"><span lang=\"ES\">Al parecer, mientras Bland\u00f3n dorm\u00eda, fue atacada con arma cortopunzante por su sobrina. La\u00a0<b>v\u00edctima, de 58 a\u00f1os de edad, falleci\u00f3<\/b>\u00a0en un centro asistencial.<\/span><\/p>\n<p class=\"x_MsoNormal\"><span lang=\"ES\">Servidores de la\u00a0<b>Polic\u00eda Nacional<\/b>\u00a0capturaron en flagrancia a supuesta agresora, en el\u00a0<b>barrio Cipr\u00e9s Alto de Cartago<\/b>.<\/span><\/p>\n<p class=\"x_MsoNormal\"><span lang=\"ES\">En desarrollo de las audiencias preliminares la Fiscal\u00eda le formul\u00f3\u00a0<b>cargos\u00a0a Dana Mayerly Franco Montes por el delito de homicidio agravado<\/b>.<\/span><\/p>\n<p class=\"x_MsoNormal\"><span lang=\"ES\">La Fiscal\u00eda hace p\u00fablica esta informaci\u00f3n por razones de inter\u00e9s general.<\/span><\/p>\n<p class=\"x_MsoNormal\"><b><span lang=\"ES\">\u00a0<\/span><\/b><\/p>\n<p class=\"x_MsoNormal\"><b>MAP\/MAGA<\/b><\/p>\n\n<div class=\"twitter-share\"><a href=\"https:\/\/twitter.com\/intent\/tweet?via=fiscaliacol\" class=\"twitter-share-button\">Tweet<\/a><\/div>\n","protected":false},"excerpt":{"rendered":"<p>Con medida de\u00a0aseguramiento consistente en detenci\u00f3n preventiva, en establecimiento carcelario\u00a0fue cobijada\u00a0Dana Mayerly Franco Montes, se\u00f1alada de su presunta responsabilidad en el\u00a0homicidio de su t\u00eda, Luz Nelly Bland\u00f3n Montes,\u00a0ocurrido el 30 de marzo pasado en el municipio de\u00a0Cartago (Valle del Cauca). Seg\u00fan las autoridades,\u00a0la v\u00edctima de 58 a\u00f1os de edad, habr\u00eda sido atacada, supuestamente, por su [&hellip;]<\/p>\n","protected":false},"author":162,"featured_media":0,"comment_status":"closed","ping_status":"open","sticky":false,"template":"","format":"standard","meta":{"tdm_status":"","tdm_grid_status":"","footnotes":""},"categories":[324,303,24099],"tags":[],"class_list":{"0":"post-191775","1":"post","2":"type-post","3":"status-publish","4":"format-standard","6":"category-seccional-cali","7":"category-seccionales","8":"category-seguridad-territorial"},"yoast_head":"<!-- This site is optimized with the Yoast SEO plugin v24.3 - https:\/\/yoast.com\/wordpress\/plugins\/seo\/ -->\n<title>Fiscal\u00eda General de la Naci\u00f3n<\/title>\n<meta name=\"description\" content=\"P\u00e1gina oficial de la Fiscal\u00eda General de la Naci\u00f3n \u2013 Colombia. Garantizamos el acceso efectivo a la justicia, la verdad y la reparaci\u00f3n de las v\u00edctimas de los delitos.\" \/>\n<meta name=\"robots\" content=\"noindex, follow\" \/>\n<meta property=\"og:locale\" content=\"es_ES\" \/>\n<meta property=\"og:type\" content=\"article\" \/>\n<meta property=\"og:title\" content=\"Fiscal\u00eda General de la Naci\u00f3n\" \/>\n<meta property=\"og:description\" content=\"P\u00e1gina oficial de la Fiscal\u00eda General de la Naci\u00f3n \u2013 Colombia. Garantizamos el acceso efectivo a la justicia, la verdad y la reparaci\u00f3n de las v\u00edctimas de los delitos.\" \/>\n<meta property=\"og:url\" content=\"https:\/\/www.fiscalia.gov.co\/colombia\/seccionales\/envian-a-la-carcel-a-mujer-que-habria-asesinado-a-su-tia\/\" \/>\n<meta property=\"og:site_name\" content=\"Fiscal\u00eda General de la Naci\u00f3n\" \/>\n<meta property=\"article:publisher\" content=\"https:\/\/www.facebook.com\/FiscaliaCol\" \/>\n<meta property=\"article:published_time\" content=\"2020-04-07T20:48:30+00:00\" \/>\n<meta name=\"author\" content=\"Direcci\u00f3n de Comunicaciones Fiscal\u00eda General de la Naci\u00f3n\" \/>\n<meta name=\"twitter:card\" content=\"summary_large_image\" \/>\n<meta name=\"twitter:creator\" content=\"@FiscaliaCol\" \/>\n<meta name=\"twitter:site\" content=\"@FiscaliaCol\" \/>\n<meta name=\"twitter:label1\" content=\"Escrito por\" \/>\n\t<meta name=\"twitter:data1\" content=\"Direcci\u00f3n de Comunicaciones Fiscal\u00eda General de la Naci\u00f3n\" \/>\n\t<meta name=\"twitter:label2\" content=\"Tiempo de lectura\" \/>\n\t<meta name=\"twitter:data2\" content=\"1 minuto\" \/>\n<script type=\"application\/ld+json\" class=\"yoast-schema-graph\">{\"@context\":\"https:\/\/schema.org\",\"@graph\":[{\"@type\":\"Article\",\"@id\":\"https:\/\/www.fiscalia.gov.co\/colombia\/seccionales\/envian-a-la-carcel-a-mujer-que-habria-asesinado-a-su-tia\/#article\",\"isPartOf\":{\"@id\":\"https:\/\/www.fiscalia.gov.co\/colombia\/seccionales\/envian-a-la-carcel-a-mujer-que-habria-asesinado-a-su-tia\/\"},\"author\":{\"name\":\"Direcci\u00f3n de Comunicaciones Fiscal\u00eda General de la Naci\u00f3n\",\"@id\":\"https:\/\/www.fiscalia.gov.co\/colombia\/#\/schema\/person\/bf28d8ae7f1b287bbe3af484b04f43ea\"},\"headline\":\"Env\u00edan a la c\u00e1rcel a mujer que habr\u00eda asesinado a su t\u00eda\",\"datePublished\":\"2020-04-07T20:48:30+00:00\",\"dateModified\":\"2020-04-07T20:48:30+00:00\",\"mainEntityOfPage\":{\"@id\":\"https:\/\/www.fiscalia.gov.co\/colombia\/seccionales\/envian-a-la-carcel-a-mujer-que-habria-asesinado-a-su-tia\/\"},\"wordCount\":189,\"publisher\":{\"@id\":\"https:\/\/www.fiscalia.gov.co\/colombia\/#organization\"},\"articleSection\":[\"Seccional Cali\",\"Seccionales\",\"Seguridad territorial\"],\"inLanguage\":\"es-CO\"},{\"@type\":\"WebPage\",\"@id\":\"https:\/\/www.fiscalia.gov.co\/colombia\/seccionales\/envian-a-la-carcel-a-mujer-que-habria-asesinado-a-su-tia\/\",\"url\":\"https:\/\/www.fiscalia.gov.co\/colombia\/seccionales\/envian-a-la-carcel-a-mujer-que-habria-asesinado-a-su-tia\/\",\"name\":\"Fiscal\u00eda General de la Naci\u00f3n\",\"isPartOf\":{\"@id\":\"https:\/\/www.fiscalia.gov.co\/colombia\/#website\"},\"datePublished\":\"2020-04-07T20:48:30+00:00\",\"dateModified\":\"2020-04-07T20:48:30+00:00\",\"description\":\"P\u00e1gina oficial de la Fiscal\u00eda General de la Naci\u00f3n \u2013 Colombia. Garantizamos el acceso efectivo a la justicia, la verdad y la reparaci\u00f3n de las v\u00edctimas de los delitos.\",\"breadcrumb\":{\"@id\":\"https:\/\/www.fiscalia.gov.co\/colombia\/seccionales\/envian-a-la-carcel-a-mujer-que-habria-asesinado-a-su-tia\/#breadcrumb\"},\"inLanguage\":\"es-CO\",\"potentialAction\":[{\"@type\":\"ReadAction\",\"target\":[\"https:\/\/www.fiscalia.gov.co\/colombia\/seccionales\/envian-a-la-carcel-a-mujer-que-habria-asesinado-a-su-tia\/\"]}]},{\"@type\":\"BreadcrumbList\",\"@id\":\"https:\/\/www.fiscalia.gov.co\/colombia\/seccionales\/envian-a-la-carcel-a-mujer-que-habria-asesinado-a-su-tia\/#breadcrumb\",\"itemListElement\":[{\"@type\":\"ListItem\",\"position\":1,\"name\":\"Home\",\"item\":\"https:\/\/www.fiscalia.gov.co\/colombia\/\"},{\"@type\":\"ListItem\",\"position\":2,\"name\":\"Env\u00edan a la c\u00e1rcel a mujer que habr\u00eda asesinado a su t\u00eda\"}]},{\"@type\":\"WebSite\",\"@id\":\"https:\/\/www.fiscalia.gov.co\/colombia\/#website\",\"url\":\"https:\/\/www.fiscalia.gov.co\/colombia\/\",\"name\":\"Fiscal\u00eda General de la Naci\u00f3n\",\"description\":\"P\u00e1gina oficial de la Fiscal\u00eda General de la Naci\u00f3n \u2013 Colombia. Garantizamos el acceso efectivo a la justicia, la verdad y la reparaci\u00f3n de las v\u00edctimas de los delitos.\",\"publisher\":{\"@id\":\"https:\/\/www.fiscalia.gov.co\/colombia\/#organization\"},\"potentialAction\":[{\"@type\":\"SearchAction\",\"target\":{\"@type\":\"EntryPoint\",\"urlTemplate\":\"https:\/\/www.fiscalia.gov.co\/colombia\/?s={search_term_string}\"},\"query-input\":{\"@type\":\"PropertyValueSpecification\",\"valueRequired\":true,\"valueName\":\"search_term_string\"}}],\"inLanguage\":\"es-CO\"},{\"@type\":\"Organization\",\"@id\":\"https:\/\/www.fiscalia.gov.co\/colombia\/#organization\",\"name\":\"Fiscal\u00eda General de la Naci\u00f3n\",\"url\":\"https:\/\/www.fiscalia.gov.co\/colombia\/\",\"logo\":{\"@type\":\"ImageObject\",\"inLanguage\":\"es-CO\",\"@id\":\"https:\/\/www.fiscalia.gov.co\/colombia\/#\/schema\/logo\/image\/\",\"url\":\"https:\/\/www.fiscalia.gov.co\/colombia\/wp-content\/uploads\/LogoHorizontal_1.jpg\",\"contentUrl\":\"https:\/\/www.fiscalia.gov.co\/colombia\/wp-content\/uploads\/LogoHorizontal_1.jpg\",\"width\":300,\"height\":90,\"caption\":\"Fiscal\u00eda General de la Naci\u00f3n\"},\"image\":{\"@id\":\"https:\/\/www.fiscalia.gov.co\/colombia\/#\/schema\/logo\/image\/\"},\"sameAs\":[\"https:\/\/www.facebook.com\/FiscaliaCol\",\"https:\/\/x.com\/FiscaliaCol\",\"https:\/\/www.instagram.com\/fiscaliacol\",\"https:\/\/www.linkedin.com\/company\/fiscalia-general-de-la-naci-n\/\",\"https:\/\/youtube.com\/@fiscaliageneraldelanacion-4668?si=6nN79nyQICPU5iTh\"]},{\"@type\":\"Person\",\"@id\":\"https:\/\/www.fiscalia.gov.co\/colombia\/#\/schema\/person\/bf28d8ae7f1b287bbe3af484b04f43ea\",\"name\":\"Direcci\u00f3n de Comunicaciones Fiscal\u00eda General de la Naci\u00f3n\",\"image\":{\"@type\":\"ImageObject\",\"inLanguage\":\"es-CO\",\"@id\":\"https:\/\/www.fiscalia.gov.co\/colombia\/#\/schema\/person\/image\/\",\"url\":\"https:\/\/secure.gravatar.com\/avatar\/9d55ae161d32da16dbdd0b380c080a5f?s=96&d=mm&r=g\",\"contentUrl\":\"https:\/\/secure.gravatar.com\/avatar\/9d55ae161d32da16dbdd0b380c080a5f?s=96&d=mm&r=g\",\"caption\":\"Direcci\u00f3n de Comunicaciones Fiscal\u00eda General de la Naci\u00f3n\"},\"url\":\"https:\/\/www.fiscalia.gov.co\/colombia\/author\/kbonilla\/\"}]}<\/script>\n<!-- \/ Yoast SEO plugin. -->","yoast_head_json":{"title":"Fiscal\u00eda General de la Naci\u00f3n","description":"P\u00e1gina oficial de la Fiscal\u00eda General de la Naci\u00f3n \u2013 Colombia. Garantizamos el acceso efectivo a la justicia, la verdad y la reparaci\u00f3n de las v\u00edctimas de los delitos.","robots":{"index":"noindex","follow":"follow"},"og_locale":"es_ES","og_type":"article","og_title":"Fiscal\u00eda General de la Naci\u00f3n","og_description":"P\u00e1gina oficial de la Fiscal\u00eda General de la Naci\u00f3n \u2013 Colombia. Garantizamos el acceso efectivo a la justicia, la verdad y la reparaci\u00f3n de las v\u00edctimas de los delitos.","og_url":"https:\/\/www.fiscalia.gov.co\/colombia\/seccionales\/envian-a-la-carcel-a-mujer-que-habria-asesinado-a-su-tia\/","og_site_name":"Fiscal\u00eda General de la Naci\u00f3n","article_publisher":"https:\/\/www.facebook.com\/FiscaliaCol","article_published_time":"2020-04-07T20:48:30+00:00","author":"Direcci\u00f3n de Comunicaciones Fiscal\u00eda General de la Naci\u00f3n","twitter_card":"summary_large_image","twitter_creator":"@FiscaliaCol","twitter_site":"@FiscaliaCol","twitter_misc":{"Escrito por":"Direcci\u00f3n de Comunicaciones Fiscal\u00eda General de la Naci\u00f3n","Tiempo de lectura":"1 minuto"},"schema":{"@context":"https:\/\/schema.org","@graph":[{"@type":"Article","@id":"https:\/\/www.fiscalia.gov.co\/colombia\/seccionales\/envian-a-la-carcel-a-mujer-que-habria-asesinado-a-su-tia\/#article","isPartOf":{"@id":"https:\/\/www.fiscalia.gov.co\/colombia\/seccionales\/envian-a-la-carcel-a-mujer-que-habria-asesinado-a-su-tia\/"},"author":{"name":"Direcci\u00f3n de Comunicaciones Fiscal\u00eda General de la Naci\u00f3n","@id":"https:\/\/www.fiscalia.gov.co\/colombia\/#\/schema\/person\/bf28d8ae7f1b287bbe3af484b04f43ea"},"headline":"Env\u00edan a la c\u00e1rcel a mujer que habr\u00eda asesinado a su t\u00eda","datePublished":"2020-04-07T20:48:30+00:00","dateModified":"2020-04-07T20:48:30+00:00","mainEntityOfPage":{"@id":"https:\/\/www.fiscalia.gov.co\/colombia\/seccionales\/envian-a-la-carcel-a-mujer-que-habria-asesinado-a-su-tia\/"},"wordCount":189,"publisher":{"@id":"https:\/\/www.fiscalia.gov.co\/colombia\/#organization"},"articleSection":["Seccional Cali","Seccionales","Seguridad territorial"],"inLanguage":"es-CO"},{"@type":"WebPage","@id":"https:\/\/www.fiscalia.gov.co\/colombia\/seccionales\/envian-a-la-carcel-a-mujer-que-habria-asesinado-a-su-tia\/","url":"https:\/\/www.fiscalia.gov.co\/colombia\/seccionales\/envian-a-la-carcel-a-mujer-que-habria-asesinado-a-su-tia\/","name":"Fiscal\u00eda General de la Naci\u00f3n","isPartOf":{"@id":"https:\/\/www.fiscalia.gov.co\/colombia\/#website"},"datePublished":"2020-04-07T20:48:30+00:00","dateModified":"2020-04-07T20:48:30+00:00","description":"P\u00e1gina oficial de la Fiscal\u00eda General de la Naci\u00f3n \u2013 Colombia. Garantizamos el acceso efectivo a la justicia, la verdad y la reparaci\u00f3n de las v\u00edctimas de los delitos.","breadcrumb":{"@id":"https:\/\/www.fiscalia.gov.co\/colombia\/seccionales\/envian-a-la-carcel-a-mujer-que-habria-asesinado-a-su-tia\/#breadcrumb"},"inLanguage":"es-CO","potentialAction":[{"@type":"ReadAction","target":["https:\/\/www.fiscalia.gov.co\/colombia\/seccionales\/envian-a-la-carcel-a-mujer-que-habria-asesinado-a-su-tia\/"]}]},{"@type":"BreadcrumbList","@id":"https:\/\/www.fiscalia.gov.co\/colombia\/seccionales\/envian-a-la-carcel-a-mujer-que-habria-asesinado-a-su-tia\/#breadcrumb","itemListElement":[{"@type":"ListItem","position":1,"name":"Home","item":"https:\/\/www.fiscalia.gov.co\/colombia\/"},{"@type":"ListItem","position":2,"name":"Env\u00edan a la c\u00e1rcel a mujer que habr\u00eda asesinado a su t\u00eda"}]},{"@type":"WebSite","@id":"https:\/\/www.fiscalia.gov.co\/colombia\/#website","url":"https:\/\/www.fiscalia.gov.co\/colombia\/","name":"Fiscal\u00eda General de la Naci\u00f3n","description":"P\u00e1gina oficial de la Fiscal\u00eda General de la Naci\u00f3n \u2013 Colombia. Garantizamos el acceso efectivo a la justicia, la verdad y la reparaci\u00f3n de las v\u00edctimas de los delitos.","publisher":{"@id":"https:\/\/www.fiscalia.gov.co\/colombia\/#organization"},"potentialAction":[{"@type":"SearchAction","target":{"@type":"EntryPoint","urlTemplate":"https:\/\/www.fiscalia.gov.co\/colombia\/?s={search_term_string}"},"query-input":{"@type":"PropertyValueSpecification","valueRequired":true,"valueName":"search_term_string"}}],"inLanguage":"es-CO"},{"@type":"Organization","@id":"https:\/\/www.fiscalia.gov.co\/colombia\/#organization","name":"Fiscal\u00eda General de la Naci\u00f3n","url":"https:\/\/www.fiscalia.gov.co\/colombia\/","logo":{"@type":"ImageObject","inLanguage":"es-CO","@id":"https:\/\/www.fiscalia.gov.co\/colombia\/#\/schema\/logo\/image\/","url":"https:\/\/www.fiscalia.gov.co\/colombia\/wp-content\/uploads\/LogoHorizontal_1.jpg","contentUrl":"https:\/\/www.fiscalia.gov.co\/colombia\/wp-content\/uploads\/LogoHorizontal_1.jpg","width":300,"height":90,"caption":"Fiscal\u00eda General de la Naci\u00f3n"},"image":{"@id":"https:\/\/www.fiscalia.gov.co\/colombia\/#\/schema\/logo\/image\/"},"sameAs":["https:\/\/www.facebook.com\/FiscaliaCol","https:\/\/x.com\/FiscaliaCol","https:\/\/www.instagram.com\/fiscaliacol","https:\/\/www.linkedin.com\/company\/fiscalia-general-de-la-naci-n\/","https:\/\/youtube.com\/@fiscaliageneraldelanacion-4668?si=6nN79nyQICPU5iTh"]},{"@type":"Person","@id":"https:\/\/www.fiscalia.gov.co\/colombia\/#\/schema\/person\/bf28d8ae7f1b287bbe3af484b04f43ea","name":"Direcci\u00f3n de Comunicaciones Fiscal\u00eda General de la Naci\u00f3n","image":{"@type":"ImageObject","inLanguage":"es-CO","@id":"https:\/\/www.fiscalia.gov.co\/colombia\/#\/schema\/person\/image\/","url":"https:\/\/secure.gravatar.com\/avatar\/9d55ae161d32da16dbdd0b380c080a5f?s=96&d=mm&r=g","contentUrl":"https:\/\/secure.gravatar.com\/avatar\/9d55ae161d32da16dbdd0b380c080a5f?s=96&d=mm&r=g","caption":"Direcci\u00f3n de Comunicaciones Fiscal\u00eda General de la Naci\u00f3n"},"url":"https:\/\/www.fiscalia.gov.co\/colombia\/author\/kbonilla\/"}]}},"_links":{"self":[{"href":"https:\/\/www.fiscalia.gov.co\/colombia\/wp-json\/wp\/v2\/posts\/191775","targetHints":{"allow":["GET"]}}],"collection":[{"href":"https:\/\/www.fiscalia.gov.co\/colombia\/wp-json\/wp\/v2\/posts"}],"about":[{"href":"https:\/\/www.fiscalia.gov.co\/colombia\/wp-json\/wp\/v2\/types\/post"}],"author":[{"embeddable":true,"href":"https:\/\/www.fiscalia.gov.co\/colombia\/wp-json\/wp\/v2\/users\/162"}],"replies":[{"embeddable":true,"href":"https:\/\/www.fiscalia.gov.co\/colombia\/wp-json\/wp\/v2\/comments?post=191775"}],"version-history":[{"count":1,"href":"https:\/\/www.fiscalia.gov.co\/colombia\/wp-json\/wp\/v2\/posts\/191775\/revisions"}],"predecessor-version":[{"id":191776,"href":"https:\/\/www.fiscalia.gov.co\/colombia\/wp-json\/wp\/v2\/posts\/191775\/revisions\/191776"}],"wp:attachment":[{"href":"https:\/\/www.fiscalia.gov.co\/colombia\/wp-json\/wp\/v2\/media?parent=191775"}],"wp:term":[{"taxonomy":"category","embeddable":true,"href":"https:\/\/www.fiscalia.gov.co\/colombia\/wp-json\/wp\/v2\/categories?post=191775"},{"taxonomy":"post_tag","embeddable":true,"href":"https:\/\/www.fiscalia.gov.co\/colombia\/wp-json\/wp\/v2\/tags?post=191775"}],"curies":[{"name":"wp","href":"https:\/\/api.w.org\/{rel}","templated":true}]}}