{"id":191436,"date":"2020-03-26T13:05:03","date_gmt":"2020-03-26T18:05:03","guid":{"rendered":"https:\/\/www.fiscalia.gov.co\/colombia\/?p=191436"},"modified":"2020-03-26T14:15:10","modified_gmt":"2020-03-26T19:15:10","slug":"a-extincion-de-dominio-bienes-de-exdirectivo-de-la-u-distrital-que-se-apropio-de-cerca-de-13-mil-millones-de-pesos","status":"publish","type":"post","link":"https:\/\/www.fiscalia.gov.co\/colombia\/noticias\/a-extincion-de-dominio-bienes-de-exdirectivo-de-la-u-distrital-que-se-apropio-de-cerca-de-13-mil-millones-de-pesos\/","title":{"rendered":"A extinci\u00f3n de dominio bienes de exdirectivo de la U. Distrital que se apropi\u00f3 de cerca de 13 mil millones de pesos"},"content":{"rendered":"<blockquote class=\"td_quote_box td_box_center\">\n<h4><strong><i><span lang=\"ES-TRAD\">En menos de seis meses la Fiscal\u00eda General de la Naci\u00f3n resolvi\u00f3 uno de los casos de corrupci\u00f3n que m\u00e1s ha impactado a los colombianos.<\/span><\/i><\/strong><\/h4>\n<\/blockquote>\n<p class=\"x_MsoNormal\"><span lang=\"ES-CO\">La\u00a0<b>Fiscal\u00eda General de la Naci\u00f3n<\/b>, empe\u00f1ada en su lucha contra la corrupci\u00f3n, ocup\u00f3 en las \u00faltimas horas, con fines de\u00a0<b>extinci\u00f3n del derecho de dominio<\/b>, bienes muebles e inmuebles por\u00a0<b>5 mil millones de pesos<\/b>\u00a0a nombre de exdirectivo de la\u00a0<b>Universidad Distrital Wilman Mu\u00f1oz Prieto<\/b>\u00a0y su n\u00facleo familiar.<\/span><\/p>\n<p class=\"x_MsoNormal\"><span lang=\"ES-CO\">El material probatorio recaudado, y las labores investigativas por parte de un grupo de fiscales, permiti\u00f3 constatar c\u00f3mo\u00a0<b>Mu\u00f1oz Prieto, actualmente privado de la libertad<\/b>\u00a0en la\u00a0<b>c\u00e1rcel La Picota de Bogot\u00e1<\/b>, se apropi\u00f3 de manera irregular de m\u00e1s de 12 mil 209 millones de pesos.<\/span><\/p>\n<p class=\"x_MsoNormal\"><span lang=\"ES-CO\">Los an\u00e1lisis financieros y contables evidenciaron que el capturado se vali\u00f3 de su posici\u00f3n como director del\u00a0<b>Instituto de Extensi\u00f3n y Educaci\u00f3n para el Trabajo y Desarrollo Humano (IDEXUD) de la Universidad Distrital<\/b>\u00a0y us\u00f3 para su beneficio la tarjeta de cr\u00e9dito Visa Viajera de la instituci\u00f3n y la cuenta corriente de la cual\u00a0<b>gir\u00f3 369 cheques para gastos exc\u00e9ntricos.<\/b><\/span><span lang=\"ES-CO\">\u00a0<\/span><\/p>\n<p class=\"x_MsoNormal\"><span lang=\"ES-CO\">Entre los gastos en los que incurri\u00f3, haciendo uso de estos medios, se destacan pagos por\u00a0<b>188 millones de pesos en tarjeta de cr\u00e9dito y el uso de seis cheques por cerca de 400 millones de pesos para la compra de tres veh\u00edculos<\/b>.<\/span><\/p>\n<p class=\"x_MsoNormal\"><span lang=\"ES-CO\">El esfuerzo coordinado entre las direcciones especializadas de\u00a0<b>Extinci\u00f3n del Derecho de Dominio y contra la Corrupci\u00f3n de la Fiscal\u00eda General<\/b>\u00a0permiti\u00f3 que el exdirectivo aceptara los cargos imputados en su contra como responsable del\u00a0<b>delito<\/b>\u00a0de peculado por apropiaci\u00f3n por el monto referido, y\u00a0<b>600 falsedades<\/b>, e ir\u00e1 a juicio por el delito de concierto para delinquir agravado.<\/span><\/p>\n<p class=\"x_MsoNormal\"><span lang=\"ES-CO\">El cruce de informaci\u00f3n contable, sumada a los an\u00e1lisis financieros relacionadas con Mu\u00f1oz Prieto demostr\u00f3 que el dinero en cuesti\u00f3n fue invertido por el implicado en la compra de veh\u00edculos cl\u00e1sicos y de alta gama; y en la adquisici\u00f3n de inmuebles de gran extensi\u00f3n y valor.<\/span><span lang=\"ES-CO\">\u00a0<\/span><\/p>\n<p class=\"x_MsoNormal\"><span lang=\"ES-CO\">Se destacan, entre los\u00a0<b>bienes ocupados<\/b>, apartamentos, oficinas y parqueaderos ubicados en el norte de\u00a0<b>Bogot\u00e1; tres lotes, dos de ellos en Tubar\u00e1 (Atl\u00e1ntico)<\/b>, y uno m\u00e1s en Villa de Leyva (Boyac\u00e1), que alcanzaba una extensi\u00f3n de 8.500 metros.<\/span><\/p>\n<p class=\"x_MsoNormal\"><span lang=\"ES-CO\">Llam\u00f3 la atenci\u00f3n de las autoridades la\u00a0<b>adquisici\u00f3n de 11 veh\u00edculos de alta gama y cl\u00e1sicos<\/b>\u00a0entre los que se encuentran un Jaguar modelo 74, un\u00a0<\/span><em><span lang=\"ES-CO\">Datsun<\/span><\/em><span lang=\"ES-CO\">\u00a0modelo 71, un\u00a0<\/span><em><span lang=\"ES-CO\">Porsche Convertible modelo 2004<\/span><\/em><span lang=\"ES-CO\">, un par de\u00a0<\/span><em><span lang=\"ES-CO\">Mercedes<\/span><\/em><span lang=\"ES-CO\">&#8211;<em>Benz<\/em><\/span><span lang=\"ES-CO\">\u00a0y una cuatrimoto.<\/span><\/p>\n<p class=\"x_MsoNormal\"><span lang=\"ES-CO\">Los bienes afectados fueron dejados a disposici\u00f3n de la\u00a0<b>Sociedad de Activos Especiales (SAE)<\/b>\u00a0para su administraci\u00f3n.<\/span><span lang=\"ES-CO\">\u00a0<\/span><\/p>\n<p class=\"x_MsoNormal\"><span lang=\"ES-CO\">La Fiscal\u00eda hace p\u00fablica esta informaci\u00f3n por razones de inter\u00e9s general.<\/span><\/p>\n\n<div class=\"twitter-share\"><a href=\"https:\/\/twitter.com\/intent\/tweet?via=fiscaliacol\" class=\"twitter-share-button\">Tweet<\/a><\/div>\n","protected":false},"excerpt":{"rendered":"<p>En menos de seis meses la Fiscal\u00eda General de la Naci\u00f3n resolvi\u00f3 uno de los casos de corrupci\u00f3n que m\u00e1s ha impactado a los colombianos. La\u00a0Fiscal\u00eda General de la Naci\u00f3n, empe\u00f1ada en su lucha contra la corrupci\u00f3n, ocup\u00f3 en las \u00faltimas horas, con fines de\u00a0extinci\u00f3n del derecho de dominio, bienes muebles e inmuebles por\u00a05 mil [&hellip;]<\/p>\n","protected":false},"author":162,"featured_media":0,"comment_status":"closed","ping_status":"open","sticky":false,"template":"","format":"standard","meta":{"tdm_status":"","tdm_grid_status":"","footnotes":""},"categories":[24116,24157,1],"tags":[],"class_list":{"0":"post-191436","1":"post","2":"type-post","3":"status-publish","4":"format-standard","6":"category-extincion-de-dominio","7":"category-finanzas-criminales","8":"category-noticias"},"yoast_head":"<!-- This site is optimized with the Yoast SEO plugin v24.3 - https:\/\/yoast.com\/wordpress\/plugins\/seo\/ -->\n<title>Fiscal\u00eda General de la Naci\u00f3n<\/title>\n<meta name=\"description\" content=\"P\u00e1gina oficial de la Fiscal\u00eda General de la Naci\u00f3n \u2013 Colombia. Garantizamos el acceso efectivo a la justicia, la verdad y la reparaci\u00f3n de las v\u00edctimas de los delitos.\" \/>\n<meta name=\"robots\" content=\"noindex, follow\" \/>\n<meta property=\"og:locale\" content=\"es_ES\" \/>\n<meta property=\"og:type\" content=\"article\" \/>\n<meta property=\"og:title\" content=\"Fiscal\u00eda General de la Naci\u00f3n\" \/>\n<meta property=\"og:description\" content=\"P\u00e1gina oficial de la Fiscal\u00eda General de la Naci\u00f3n \u2013 Colombia. Garantizamos el acceso efectivo a la justicia, la verdad y la reparaci\u00f3n de las v\u00edctimas de los delitos.\" \/>\n<meta property=\"og:url\" content=\"https:\/\/www.fiscalia.gov.co\/colombia\/noticias\/a-extincion-de-dominio-bienes-de-exdirectivo-de-la-u-distrital-que-se-apropio-de-cerca-de-13-mil-millones-de-pesos\/\" \/>\n<meta property=\"og:site_name\" content=\"Fiscal\u00eda General de la Naci\u00f3n\" \/>\n<meta property=\"article:publisher\" content=\"https:\/\/www.facebook.com\/FiscaliaCol\" \/>\n<meta property=\"article:published_time\" content=\"2020-03-26T18:05:03+00:00\" \/>\n<meta property=\"article:modified_time\" content=\"2020-03-26T19:15:10+00:00\" \/>\n<meta name=\"author\" content=\"Direcci\u00f3n de Comunicaciones Fiscal\u00eda General de la Naci\u00f3n\" \/>\n<meta name=\"twitter:card\" content=\"summary_large_image\" \/>\n<meta name=\"twitter:creator\" content=\"@FiscaliaCol\" \/>\n<meta name=\"twitter:site\" content=\"@FiscaliaCol\" \/>\n<meta name=\"twitter:label1\" content=\"Escrito por\" \/>\n\t<meta name=\"twitter:data1\" content=\"Direcci\u00f3n de Comunicaciones Fiscal\u00eda General de la Naci\u00f3n\" \/>\n\t<meta name=\"twitter:label2\" content=\"Tiempo de lectura\" \/>\n\t<meta name=\"twitter:data2\" content=\"2 minutos\" \/>\n<script type=\"application\/ld+json\" class=\"yoast-schema-graph\">{\"@context\":\"https:\/\/schema.org\",\"@graph\":[{\"@type\":\"Article\",\"@id\":\"https:\/\/www.fiscalia.gov.co\/colombia\/noticias\/a-extincion-de-dominio-bienes-de-exdirectivo-de-la-u-distrital-que-se-apropio-de-cerca-de-13-mil-millones-de-pesos\/#article\",\"isPartOf\":{\"@id\":\"https:\/\/www.fiscalia.gov.co\/colombia\/noticias\/a-extincion-de-dominio-bienes-de-exdirectivo-de-la-u-distrital-que-se-apropio-de-cerca-de-13-mil-millones-de-pesos\/\"},\"author\":{\"name\":\"Direcci\u00f3n de Comunicaciones Fiscal\u00eda General de la Naci\u00f3n\",\"@id\":\"https:\/\/www.fiscalia.gov.co\/colombia\/#\/schema\/person\/bf28d8ae7f1b287bbe3af484b04f43ea\"},\"headline\":\"A extinci\u00f3n de dominio bienes de exdirectivo de la U. Distrital que se apropi\u00f3 de cerca de 13 mil millones de pesos\",\"datePublished\":\"2020-03-26T18:05:03+00:00\",\"dateModified\":\"2020-03-26T19:15:10+00:00\",\"mainEntityOfPage\":{\"@id\":\"https:\/\/www.fiscalia.gov.co\/colombia\/noticias\/a-extincion-de-dominio-bienes-de-exdirectivo-de-la-u-distrital-que-se-apropio-de-cerca-de-13-mil-millones-de-pesos\/\"},\"wordCount\":498,\"publisher\":{\"@id\":\"https:\/\/www.fiscalia.gov.co\/colombia\/#organization\"},\"articleSection\":[\"Extinci\u00f3n de dominio\",\"Finanzas criminales\",\"Noticias\"],\"inLanguage\":\"es-CO\"},{\"@type\":\"WebPage\",\"@id\":\"https:\/\/www.fiscalia.gov.co\/colombia\/noticias\/a-extincion-de-dominio-bienes-de-exdirectivo-de-la-u-distrital-que-se-apropio-de-cerca-de-13-mil-millones-de-pesos\/\",\"url\":\"https:\/\/www.fiscalia.gov.co\/colombia\/noticias\/a-extincion-de-dominio-bienes-de-exdirectivo-de-la-u-distrital-que-se-apropio-de-cerca-de-13-mil-millones-de-pesos\/\",\"name\":\"Fiscal\u00eda General de la Naci\u00f3n\",\"isPartOf\":{\"@id\":\"https:\/\/www.fiscalia.gov.co\/colombia\/#website\"},\"datePublished\":\"2020-03-26T18:05:03+00:00\",\"dateModified\":\"2020-03-26T19:15:10+00:00\",\"description\":\"P\u00e1gina oficial de la Fiscal\u00eda General de la Naci\u00f3n \u2013 Colombia. Garantizamos el acceso efectivo a la justicia, la verdad y la reparaci\u00f3n de las v\u00edctimas de los delitos.\",\"breadcrumb\":{\"@id\":\"https:\/\/www.fiscalia.gov.co\/colombia\/noticias\/a-extincion-de-dominio-bienes-de-exdirectivo-de-la-u-distrital-que-se-apropio-de-cerca-de-13-mil-millones-de-pesos\/#breadcrumb\"},\"inLanguage\":\"es-CO\",\"potentialAction\":[{\"@type\":\"ReadAction\",\"target\":[\"https:\/\/www.fiscalia.gov.co\/colombia\/noticias\/a-extincion-de-dominio-bienes-de-exdirectivo-de-la-u-distrital-que-se-apropio-de-cerca-de-13-mil-millones-de-pesos\/\"]}]},{\"@type\":\"BreadcrumbList\",\"@id\":\"https:\/\/www.fiscalia.gov.co\/colombia\/noticias\/a-extincion-de-dominio-bienes-de-exdirectivo-de-la-u-distrital-que-se-apropio-de-cerca-de-13-mil-millones-de-pesos\/#breadcrumb\",\"itemListElement\":[{\"@type\":\"ListItem\",\"position\":1,\"name\":\"Home\",\"item\":\"https:\/\/www.fiscalia.gov.co\/colombia\/\"},{\"@type\":\"ListItem\",\"position\":2,\"name\":\"A extinci\u00f3n de dominio bienes de exdirectivo de la U. Distrital que se apropi\u00f3 de cerca de 13 mil millones de pesos\"}]},{\"@type\":\"WebSite\",\"@id\":\"https:\/\/www.fiscalia.gov.co\/colombia\/#website\",\"url\":\"https:\/\/www.fiscalia.gov.co\/colombia\/\",\"name\":\"Fiscal\u00eda General de la Naci\u00f3n\",\"description\":\"P\u00e1gina oficial de la Fiscal\u00eda General de la Naci\u00f3n \u2013 Colombia. Garantizamos el acceso efectivo a la justicia, la verdad y la reparaci\u00f3n de las v\u00edctimas de los delitos.\",\"publisher\":{\"@id\":\"https:\/\/www.fiscalia.gov.co\/colombia\/#organization\"},\"potentialAction\":[{\"@type\":\"SearchAction\",\"target\":{\"@type\":\"EntryPoint\",\"urlTemplate\":\"https:\/\/www.fiscalia.gov.co\/colombia\/?s={search_term_string}\"},\"query-input\":{\"@type\":\"PropertyValueSpecification\",\"valueRequired\":true,\"valueName\":\"search_term_string\"}}],\"inLanguage\":\"es-CO\"},{\"@type\":\"Organization\",\"@id\":\"https:\/\/www.fiscalia.gov.co\/colombia\/#organization\",\"name\":\"Fiscal\u00eda General de la Naci\u00f3n\",\"url\":\"https:\/\/www.fiscalia.gov.co\/colombia\/\",\"logo\":{\"@type\":\"ImageObject\",\"inLanguage\":\"es-CO\",\"@id\":\"https:\/\/www.fiscalia.gov.co\/colombia\/#\/schema\/logo\/image\/\",\"url\":\"https:\/\/www.fiscalia.gov.co\/colombia\/wp-content\/uploads\/LogoHorizontal_1.jpg\",\"contentUrl\":\"https:\/\/www.fiscalia.gov.co\/colombia\/wp-content\/uploads\/LogoHorizontal_1.jpg\",\"width\":300,\"height\":90,\"caption\":\"Fiscal\u00eda General de la Naci\u00f3n\"},\"image\":{\"@id\":\"https:\/\/www.fiscalia.gov.co\/colombia\/#\/schema\/logo\/image\/\"},\"sameAs\":[\"https:\/\/www.facebook.com\/FiscaliaCol\",\"https:\/\/x.com\/FiscaliaCol\",\"https:\/\/www.instagram.com\/fiscaliacol\",\"https:\/\/www.linkedin.com\/company\/fiscalia-general-de-la-naci-n\/\",\"https:\/\/youtube.com\/@fiscaliageneraldelanacion-4668?si=6nN79nyQICPU5iTh\"]},{\"@type\":\"Person\",\"@id\":\"https:\/\/www.fiscalia.gov.co\/colombia\/#\/schema\/person\/bf28d8ae7f1b287bbe3af484b04f43ea\",\"name\":\"Direcci\u00f3n de Comunicaciones Fiscal\u00eda General de la Naci\u00f3n\",\"image\":{\"@type\":\"ImageObject\",\"inLanguage\":\"es-CO\",\"@id\":\"https:\/\/www.fiscalia.gov.co\/colombia\/#\/schema\/person\/image\/\",\"url\":\"https:\/\/secure.gravatar.com\/avatar\/9d55ae161d32da16dbdd0b380c080a5f?s=96&d=mm&r=g\",\"contentUrl\":\"https:\/\/secure.gravatar.com\/avatar\/9d55ae161d32da16dbdd0b380c080a5f?s=96&d=mm&r=g\",\"caption\":\"Direcci\u00f3n de Comunicaciones Fiscal\u00eda General de la Naci\u00f3n\"},\"url\":\"https:\/\/www.fiscalia.gov.co\/colombia\/author\/kbonilla\/\"}]}<\/script>\n<!-- \/ Yoast SEO plugin. -->","yoast_head_json":{"title":"Fiscal\u00eda General de la Naci\u00f3n","description":"P\u00e1gina oficial de la Fiscal\u00eda General de la Naci\u00f3n \u2013 Colombia. Garantizamos el acceso efectivo a la justicia, la verdad y la reparaci\u00f3n de las v\u00edctimas de los delitos.","robots":{"index":"noindex","follow":"follow"},"og_locale":"es_ES","og_type":"article","og_title":"Fiscal\u00eda General de la Naci\u00f3n","og_description":"P\u00e1gina oficial de la Fiscal\u00eda General de la Naci\u00f3n \u2013 Colombia. Garantizamos el acceso efectivo a la justicia, la verdad y la reparaci\u00f3n de las v\u00edctimas de los delitos.","og_url":"https:\/\/www.fiscalia.gov.co\/colombia\/noticias\/a-extincion-de-dominio-bienes-de-exdirectivo-de-la-u-distrital-que-se-apropio-de-cerca-de-13-mil-millones-de-pesos\/","og_site_name":"Fiscal\u00eda General de la Naci\u00f3n","article_publisher":"https:\/\/www.facebook.com\/FiscaliaCol","article_published_time":"2020-03-26T18:05:03+00:00","article_modified_time":"2020-03-26T19:15:10+00:00","author":"Direcci\u00f3n de Comunicaciones Fiscal\u00eda General de la Naci\u00f3n","twitter_card":"summary_large_image","twitter_creator":"@FiscaliaCol","twitter_site":"@FiscaliaCol","twitter_misc":{"Escrito por":"Direcci\u00f3n de Comunicaciones Fiscal\u00eda General de la Naci\u00f3n","Tiempo de lectura":"2 minutos"},"schema":{"@context":"https:\/\/schema.org","@graph":[{"@type":"Article","@id":"https:\/\/www.fiscalia.gov.co\/colombia\/noticias\/a-extincion-de-dominio-bienes-de-exdirectivo-de-la-u-distrital-que-se-apropio-de-cerca-de-13-mil-millones-de-pesos\/#article","isPartOf":{"@id":"https:\/\/www.fiscalia.gov.co\/colombia\/noticias\/a-extincion-de-dominio-bienes-de-exdirectivo-de-la-u-distrital-que-se-apropio-de-cerca-de-13-mil-millones-de-pesos\/"},"author":{"name":"Direcci\u00f3n de Comunicaciones Fiscal\u00eda General de la Naci\u00f3n","@id":"https:\/\/www.fiscalia.gov.co\/colombia\/#\/schema\/person\/bf28d8ae7f1b287bbe3af484b04f43ea"},"headline":"A extinci\u00f3n de dominio bienes de exdirectivo de la U. Distrital que se apropi\u00f3 de cerca de 13 mil millones de pesos","datePublished":"2020-03-26T18:05:03+00:00","dateModified":"2020-03-26T19:15:10+00:00","mainEntityOfPage":{"@id":"https:\/\/www.fiscalia.gov.co\/colombia\/noticias\/a-extincion-de-dominio-bienes-de-exdirectivo-de-la-u-distrital-que-se-apropio-de-cerca-de-13-mil-millones-de-pesos\/"},"wordCount":498,"publisher":{"@id":"https:\/\/www.fiscalia.gov.co\/colombia\/#organization"},"articleSection":["Extinci\u00f3n de dominio","Finanzas criminales","Noticias"],"inLanguage":"es-CO"},{"@type":"WebPage","@id":"https:\/\/www.fiscalia.gov.co\/colombia\/noticias\/a-extincion-de-dominio-bienes-de-exdirectivo-de-la-u-distrital-que-se-apropio-de-cerca-de-13-mil-millones-de-pesos\/","url":"https:\/\/www.fiscalia.gov.co\/colombia\/noticias\/a-extincion-de-dominio-bienes-de-exdirectivo-de-la-u-distrital-que-se-apropio-de-cerca-de-13-mil-millones-de-pesos\/","name":"Fiscal\u00eda General de la Naci\u00f3n","isPartOf":{"@id":"https:\/\/www.fiscalia.gov.co\/colombia\/#website"},"datePublished":"2020-03-26T18:05:03+00:00","dateModified":"2020-03-26T19:15:10+00:00","description":"P\u00e1gina oficial de la Fiscal\u00eda General de la Naci\u00f3n \u2013 Colombia. Garantizamos el acceso efectivo a la justicia, la verdad y la reparaci\u00f3n de las v\u00edctimas de los delitos.","breadcrumb":{"@id":"https:\/\/www.fiscalia.gov.co\/colombia\/noticias\/a-extincion-de-dominio-bienes-de-exdirectivo-de-la-u-distrital-que-se-apropio-de-cerca-de-13-mil-millones-de-pesos\/#breadcrumb"},"inLanguage":"es-CO","potentialAction":[{"@type":"ReadAction","target":["https:\/\/www.fiscalia.gov.co\/colombia\/noticias\/a-extincion-de-dominio-bienes-de-exdirectivo-de-la-u-distrital-que-se-apropio-de-cerca-de-13-mil-millones-de-pesos\/"]}]},{"@type":"BreadcrumbList","@id":"https:\/\/www.fiscalia.gov.co\/colombia\/noticias\/a-extincion-de-dominio-bienes-de-exdirectivo-de-la-u-distrital-que-se-apropio-de-cerca-de-13-mil-millones-de-pesos\/#breadcrumb","itemListElement":[{"@type":"ListItem","position":1,"name":"Home","item":"https:\/\/www.fiscalia.gov.co\/colombia\/"},{"@type":"ListItem","position":2,"name":"A extinci\u00f3n de dominio bienes de exdirectivo de la U. Distrital que se apropi\u00f3 de cerca de 13 mil millones de pesos"}]},{"@type":"WebSite","@id":"https:\/\/www.fiscalia.gov.co\/colombia\/#website","url":"https:\/\/www.fiscalia.gov.co\/colombia\/","name":"Fiscal\u00eda General de la Naci\u00f3n","description":"P\u00e1gina oficial de la Fiscal\u00eda General de la Naci\u00f3n \u2013 Colombia. Garantizamos el acceso efectivo a la justicia, la verdad y la reparaci\u00f3n de las v\u00edctimas de los delitos.","publisher":{"@id":"https:\/\/www.fiscalia.gov.co\/colombia\/#organization"},"potentialAction":[{"@type":"SearchAction","target":{"@type":"EntryPoint","urlTemplate":"https:\/\/www.fiscalia.gov.co\/colombia\/?s={search_term_string}"},"query-input":{"@type":"PropertyValueSpecification","valueRequired":true,"valueName":"search_term_string"}}],"inLanguage":"es-CO"},{"@type":"Organization","@id":"https:\/\/www.fiscalia.gov.co\/colombia\/#organization","name":"Fiscal\u00eda General de la Naci\u00f3n","url":"https:\/\/www.fiscalia.gov.co\/colombia\/","logo":{"@type":"ImageObject","inLanguage":"es-CO","@id":"https:\/\/www.fiscalia.gov.co\/colombia\/#\/schema\/logo\/image\/","url":"https:\/\/www.fiscalia.gov.co\/colombia\/wp-content\/uploads\/LogoHorizontal_1.jpg","contentUrl":"https:\/\/www.fiscalia.gov.co\/colombia\/wp-content\/uploads\/LogoHorizontal_1.jpg","width":300,"height":90,"caption":"Fiscal\u00eda General de la Naci\u00f3n"},"image":{"@id":"https:\/\/www.fiscalia.gov.co\/colombia\/#\/schema\/logo\/image\/"},"sameAs":["https:\/\/www.facebook.com\/FiscaliaCol","https:\/\/x.com\/FiscaliaCol","https:\/\/www.instagram.com\/fiscaliacol","https:\/\/www.linkedin.com\/company\/fiscalia-general-de-la-naci-n\/","https:\/\/youtube.com\/@fiscaliageneraldelanacion-4668?si=6nN79nyQICPU5iTh"]},{"@type":"Person","@id":"https:\/\/www.fiscalia.gov.co\/colombia\/#\/schema\/person\/bf28d8ae7f1b287bbe3af484b04f43ea","name":"Direcci\u00f3n de Comunicaciones Fiscal\u00eda General de la Naci\u00f3n","image":{"@type":"ImageObject","inLanguage":"es-CO","@id":"https:\/\/www.fiscalia.gov.co\/colombia\/#\/schema\/person\/image\/","url":"https:\/\/secure.gravatar.com\/avatar\/9d55ae161d32da16dbdd0b380c080a5f?s=96&d=mm&r=g","contentUrl":"https:\/\/secure.gravatar.com\/avatar\/9d55ae161d32da16dbdd0b380c080a5f?s=96&d=mm&r=g","caption":"Direcci\u00f3n de Comunicaciones Fiscal\u00eda General de la Naci\u00f3n"},"url":"https:\/\/www.fiscalia.gov.co\/colombia\/author\/kbonilla\/"}]}},"_links":{"self":[{"href":"https:\/\/www.fiscalia.gov.co\/colombia\/wp-json\/wp\/v2\/posts\/191436","targetHints":{"allow":["GET"]}}],"collection":[{"href":"https:\/\/www.fiscalia.gov.co\/colombia\/wp-json\/wp\/v2\/posts"}],"about":[{"href":"https:\/\/www.fiscalia.gov.co\/colombia\/wp-json\/wp\/v2\/types\/post"}],"author":[{"embeddable":true,"href":"https:\/\/www.fiscalia.gov.co\/colombia\/wp-json\/wp\/v2\/users\/162"}],"replies":[{"embeddable":true,"href":"https:\/\/www.fiscalia.gov.co\/colombia\/wp-json\/wp\/v2\/comments?post=191436"}],"version-history":[{"count":1,"href":"https:\/\/www.fiscalia.gov.co\/colombia\/wp-json\/wp\/v2\/posts\/191436\/revisions"}],"predecessor-version":[{"id":191437,"href":"https:\/\/www.fiscalia.gov.co\/colombia\/wp-json\/wp\/v2\/posts\/191436\/revisions\/191437"}],"wp:attachment":[{"href":"https:\/\/www.fiscalia.gov.co\/colombia\/wp-json\/wp\/v2\/media?parent=191436"}],"wp:term":[{"taxonomy":"category","embeddable":true,"href":"https:\/\/www.fiscalia.gov.co\/colombia\/wp-json\/wp\/v2\/categories?post=191436"},{"taxonomy":"post_tag","embeddable":true,"href":"https:\/\/www.fiscalia.gov.co\/colombia\/wp-json\/wp\/v2\/tags?post=191436"}],"curies":[{"name":"wp","href":"https:\/\/api.w.org\/{rel}","templated":true}]}}