{"id":191217,"date":"2020-03-18T17:08:14","date_gmt":"2020-03-18T22:08:14","guid":{"rendered":"https:\/\/www.fiscalia.gov.co\/colombia\/?p=191217"},"modified":"2020-03-18T17:10:17","modified_gmt":"2020-03-18T22:10:17","slug":"fiscalia-imputo-seis-homicidios-a-supuesto-cabecilla-de-la-subestructura-jorge-ivan-arboleda-garces-del-clan-del-golfo-con-injerencia-en-el-nordeste-antioqueno","status":"publish","type":"post","link":"https:\/\/www.fiscalia.gov.co\/colombia\/seccionales\/fiscalia-imputo-seis-homicidios-a-supuesto-cabecilla-de-la-subestructura-jorge-ivan-arboleda-garces-del-clan-del-golfo-con-injerencia-en-el-nordeste-antioqueno\/","title":{"rendered":"Fiscal\u00eda imput\u00f3 seis homicidios a supuesto cabecilla de la subestructura Jorge Iv\u00e1n Arboleda Garc\u00e9s del Clan del Golfo, con injerencia en el nordeste antioque\u00f1o"},"content":{"rendered":"<p>La Fiscal\u00eda General de la Naci\u00f3n imput\u00f3 cargos contra Juan Gabriel Gil, alias el Poli, presunto cabecilla de la subestructura Jorge Iv\u00e1n Arboleda Garc\u00e9s del Clan del Golfo, como responsable del\u00a0<b>homicidio de<\/b>\u00a0<b>Henry Arturo Gonz\u00e1lez Acevedo, educador, sindicalista y l\u00edder social<\/b>, de 47 a\u00f1os de edad.<\/p>\n<p>El homicidio del l\u00edder fue perpetrado el 15 de diciembre de 2018 en la vereda La Sonadora del municipio de Vegach\u00ed (Antioquia), cuando la v\u00edctima se movilizaba en una motocicleta y fue atacada por varios hombres armados. En la acci\u00f3n tambi\u00e9n result\u00f3 lesionado Carlos Eduardo Garc\u00e9s Hincapi\u00e9.<\/p>\n<p>Adicional a estos hechos, la Fiscal\u00eda \u2500en el marco de caracterizaci\u00f3n de afectaciones en el territorio\u2500\u00a0<b>logr\u00f3 imputarle a alias el Poli otros 5 homicidios<\/b>\u00a0ocurridos entre febrero y junio de 2019 en los municipios antioque\u00f1os de Yolomb\u00f3, Vegach\u00ed y Remedios, hechos en los que estar\u00eda involucrada la citada estructura criminal.<\/p>\n<p>La imputaci\u00f3n fue realizada por un fiscal de la Unidad Especial de Investigaci\u00f3n por los delitos de\u00a0<b>homicidio agravado<\/b>\u00a0en concurso homog\u00e9neo y sucesivo con\u00a0<b>porte ilegal de arma de fuego y concierto para delinquir agravado<\/b>.<\/p>\n<p>Alias el Poli ya contaba con medida de aseguramiento en centro carcelario por el homicidio de Diofanor Montoya Urrego, l\u00edder comunal asesinado el 26 de abril de 2019 en el municipio de Maceo (Antioquia).<\/p>\n<p>La Fiscal\u00eda hace p\u00fablica esta informaci\u00f3n por razones de inter\u00e9s general.<\/p>\n<p>LFML\/DLBM<\/p>\n\n<div class=\"twitter-share\"><a href=\"https:\/\/twitter.com\/intent\/tweet?via=fiscaliacol\" class=\"twitter-share-button\">Tweet<\/a><\/div>\n","protected":false},"excerpt":{"rendered":"<p>La Fiscal\u00eda General de la Naci\u00f3n imput\u00f3 cargos contra Juan Gabriel Gil, alias el Poli, presunto cabecilla de la subestructura Jorge Iv\u00e1n Arboleda Garc\u00e9s del Clan del Golfo, como responsable del\u00a0homicidio de\u00a0Henry Arturo Gonz\u00e1lez Acevedo, educador, sindicalista y l\u00edder social, de 47 a\u00f1os de edad. El homicidio del l\u00edder fue perpetrado el 15 de diciembre [&hellip;]<\/p>\n","protected":false},"author":162,"featured_media":0,"comment_status":"closed","ping_status":"open","sticky":false,"template":"","format":"standard","meta":{"tdm_status":"","tdm_grid_status":"","footnotes":""},"categories":[24098,331,303],"tags":[],"class_list":{"0":"post-191217","1":"post","2":"type-post","3":"status-publish","4":"format-standard","6":"category-crimen-organizado","7":"category-seccional-medellin","8":"category-seccionales"},"yoast_head":"<!-- This site is optimized with the Yoast SEO plugin v24.3 - https:\/\/yoast.com\/wordpress\/plugins\/seo\/ -->\n<title>Fiscal\u00eda General de la Naci\u00f3n<\/title>\n<meta name=\"description\" content=\"P\u00e1gina oficial de la Fiscal\u00eda General de la Naci\u00f3n \u2013 Colombia. Garantizamos el acceso efectivo a la justicia, la verdad y la reparaci\u00f3n de las v\u00edctimas de los delitos.\" \/>\n<meta name=\"robots\" content=\"noindex, follow\" \/>\n<meta property=\"og:locale\" content=\"es_ES\" \/>\n<meta property=\"og:type\" content=\"article\" \/>\n<meta property=\"og:title\" content=\"Fiscal\u00eda General de la Naci\u00f3n\" \/>\n<meta property=\"og:description\" content=\"P\u00e1gina oficial de la Fiscal\u00eda General de la Naci\u00f3n \u2013 Colombia. Garantizamos el acceso efectivo a la justicia, la verdad y la reparaci\u00f3n de las v\u00edctimas de los delitos.\" \/>\n<meta property=\"og:url\" content=\"https:\/\/www.fiscalia.gov.co\/colombia\/seccionales\/fiscalia-imputo-seis-homicidios-a-supuesto-cabecilla-de-la-subestructura-jorge-ivan-arboleda-garces-del-clan-del-golfo-con-injerencia-en-el-nordeste-antioqueno\/\" \/>\n<meta property=\"og:site_name\" content=\"Fiscal\u00eda General de la Naci\u00f3n\" \/>\n<meta property=\"article:publisher\" content=\"https:\/\/www.facebook.com\/FiscaliaCol\" \/>\n<meta property=\"article:published_time\" content=\"2020-03-18T22:08:14+00:00\" \/>\n<meta property=\"article:modified_time\" content=\"2020-03-18T22:10:17+00:00\" \/>\n<meta name=\"author\" content=\"Direcci\u00f3n de Comunicaciones Fiscal\u00eda General de la Naci\u00f3n\" \/>\n<meta name=\"twitter:card\" content=\"summary_large_image\" \/>\n<meta name=\"twitter:creator\" content=\"@FiscaliaCol\" \/>\n<meta name=\"twitter:site\" content=\"@FiscaliaCol\" \/>\n<meta name=\"twitter:label1\" content=\"Escrito por\" \/>\n\t<meta name=\"twitter:data1\" content=\"Direcci\u00f3n de Comunicaciones Fiscal\u00eda General de la Naci\u00f3n\" \/>\n\t<meta name=\"twitter:label2\" content=\"Tiempo de lectura\" \/>\n\t<meta name=\"twitter:data2\" content=\"1 minuto\" \/>\n<script type=\"application\/ld+json\" class=\"yoast-schema-graph\">{\"@context\":\"https:\/\/schema.org\",\"@graph\":[{\"@type\":\"Article\",\"@id\":\"https:\/\/www.fiscalia.gov.co\/colombia\/seccionales\/fiscalia-imputo-seis-homicidios-a-supuesto-cabecilla-de-la-subestructura-jorge-ivan-arboleda-garces-del-clan-del-golfo-con-injerencia-en-el-nordeste-antioqueno\/#article\",\"isPartOf\":{\"@id\":\"https:\/\/www.fiscalia.gov.co\/colombia\/seccionales\/fiscalia-imputo-seis-homicidios-a-supuesto-cabecilla-de-la-subestructura-jorge-ivan-arboleda-garces-del-clan-del-golfo-con-injerencia-en-el-nordeste-antioqueno\/\"},\"author\":{\"name\":\"Direcci\u00f3n de Comunicaciones Fiscal\u00eda General de la Naci\u00f3n\",\"@id\":\"https:\/\/www.fiscalia.gov.co\/colombia\/#\/schema\/person\/bf28d8ae7f1b287bbe3af484b04f43ea\"},\"headline\":\"Fiscal\u00eda imput\u00f3 seis homicidios a supuesto cabecilla de la subestructura Jorge Iv\u00e1n Arboleda Garc\u00e9s del Clan del Golfo, con injerencia en el nordeste antioque\u00f1o\",\"datePublished\":\"2020-03-18T22:08:14+00:00\",\"dateModified\":\"2020-03-18T22:10:17+00:00\",\"mainEntityOfPage\":{\"@id\":\"https:\/\/www.fiscalia.gov.co\/colombia\/seccionales\/fiscalia-imputo-seis-homicidios-a-supuesto-cabecilla-de-la-subestructura-jorge-ivan-arboleda-garces-del-clan-del-golfo-con-injerencia-en-el-nordeste-antioqueno\/\"},\"wordCount\":273,\"publisher\":{\"@id\":\"https:\/\/www.fiscalia.gov.co\/colombia\/#organization\"},\"articleSection\":[\"Crimen organizado\",\"Seccional Medell\u00edn\",\"Seccionales\"],\"inLanguage\":\"es-CO\"},{\"@type\":\"WebPage\",\"@id\":\"https:\/\/www.fiscalia.gov.co\/colombia\/seccionales\/fiscalia-imputo-seis-homicidios-a-supuesto-cabecilla-de-la-subestructura-jorge-ivan-arboleda-garces-del-clan-del-golfo-con-injerencia-en-el-nordeste-antioqueno\/\",\"url\":\"https:\/\/www.fiscalia.gov.co\/colombia\/seccionales\/fiscalia-imputo-seis-homicidios-a-supuesto-cabecilla-de-la-subestructura-jorge-ivan-arboleda-garces-del-clan-del-golfo-con-injerencia-en-el-nordeste-antioqueno\/\",\"name\":\"Fiscal\u00eda General de la Naci\u00f3n\",\"isPartOf\":{\"@id\":\"https:\/\/www.fiscalia.gov.co\/colombia\/#website\"},\"datePublished\":\"2020-03-18T22:08:14+00:00\",\"dateModified\":\"2020-03-18T22:10:17+00:00\",\"description\":\"P\u00e1gina oficial de la Fiscal\u00eda General de la Naci\u00f3n \u2013 Colombia. Garantizamos el acceso efectivo a la justicia, la verdad y la reparaci\u00f3n de las v\u00edctimas de los delitos.\",\"breadcrumb\":{\"@id\":\"https:\/\/www.fiscalia.gov.co\/colombia\/seccionales\/fiscalia-imputo-seis-homicidios-a-supuesto-cabecilla-de-la-subestructura-jorge-ivan-arboleda-garces-del-clan-del-golfo-con-injerencia-en-el-nordeste-antioqueno\/#breadcrumb\"},\"inLanguage\":\"es-CO\",\"potentialAction\":[{\"@type\":\"ReadAction\",\"target\":[\"https:\/\/www.fiscalia.gov.co\/colombia\/seccionales\/fiscalia-imputo-seis-homicidios-a-supuesto-cabecilla-de-la-subestructura-jorge-ivan-arboleda-garces-del-clan-del-golfo-con-injerencia-en-el-nordeste-antioqueno\/\"]}]},{\"@type\":\"BreadcrumbList\",\"@id\":\"https:\/\/www.fiscalia.gov.co\/colombia\/seccionales\/fiscalia-imputo-seis-homicidios-a-supuesto-cabecilla-de-la-subestructura-jorge-ivan-arboleda-garces-del-clan-del-golfo-con-injerencia-en-el-nordeste-antioqueno\/#breadcrumb\",\"itemListElement\":[{\"@type\":\"ListItem\",\"position\":1,\"name\":\"Home\",\"item\":\"https:\/\/www.fiscalia.gov.co\/colombia\/\"},{\"@type\":\"ListItem\",\"position\":2,\"name\":\"Fiscal\u00eda imput\u00f3 seis homicidios a supuesto cabecilla de la subestructura Jorge Iv\u00e1n Arboleda Garc\u00e9s del Clan del Golfo, con injerencia en el nordeste antioque\u00f1o\"}]},{\"@type\":\"WebSite\",\"@id\":\"https:\/\/www.fiscalia.gov.co\/colombia\/#website\",\"url\":\"https:\/\/www.fiscalia.gov.co\/colombia\/\",\"name\":\"Fiscal\u00eda General de la Naci\u00f3n\",\"description\":\"P\u00e1gina oficial de la Fiscal\u00eda General de la Naci\u00f3n \u2013 Colombia. Garantizamos el acceso efectivo a la justicia, la verdad y la reparaci\u00f3n de las v\u00edctimas de los delitos.\",\"publisher\":{\"@id\":\"https:\/\/www.fiscalia.gov.co\/colombia\/#organization\"},\"potentialAction\":[{\"@type\":\"SearchAction\",\"target\":{\"@type\":\"EntryPoint\",\"urlTemplate\":\"https:\/\/www.fiscalia.gov.co\/colombia\/?s={search_term_string}\"},\"query-input\":{\"@type\":\"PropertyValueSpecification\",\"valueRequired\":true,\"valueName\":\"search_term_string\"}}],\"inLanguage\":\"es-CO\"},{\"@type\":\"Organization\",\"@id\":\"https:\/\/www.fiscalia.gov.co\/colombia\/#organization\",\"name\":\"Fiscal\u00eda General de la Naci\u00f3n\",\"url\":\"https:\/\/www.fiscalia.gov.co\/colombia\/\",\"logo\":{\"@type\":\"ImageObject\",\"inLanguage\":\"es-CO\",\"@id\":\"https:\/\/www.fiscalia.gov.co\/colombia\/#\/schema\/logo\/image\/\",\"url\":\"https:\/\/www.fiscalia.gov.co\/colombia\/wp-content\/uploads\/LogoHorizontal_1.jpg\",\"contentUrl\":\"https:\/\/www.fiscalia.gov.co\/colombia\/wp-content\/uploads\/LogoHorizontal_1.jpg\",\"width\":300,\"height\":90,\"caption\":\"Fiscal\u00eda General de la Naci\u00f3n\"},\"image\":{\"@id\":\"https:\/\/www.fiscalia.gov.co\/colombia\/#\/schema\/logo\/image\/\"},\"sameAs\":[\"https:\/\/www.facebook.com\/FiscaliaCol\",\"https:\/\/x.com\/FiscaliaCol\",\"https:\/\/www.instagram.com\/fiscaliacol\",\"https:\/\/www.linkedin.com\/company\/fiscalia-general-de-la-naci-n\/\",\"https:\/\/youtube.com\/@fiscaliageneraldelanacion-4668?si=6nN79nyQICPU5iTh\"]},{\"@type\":\"Person\",\"@id\":\"https:\/\/www.fiscalia.gov.co\/colombia\/#\/schema\/person\/bf28d8ae7f1b287bbe3af484b04f43ea\",\"name\":\"Direcci\u00f3n de Comunicaciones Fiscal\u00eda General de la Naci\u00f3n\",\"image\":{\"@type\":\"ImageObject\",\"inLanguage\":\"es-CO\",\"@id\":\"https:\/\/www.fiscalia.gov.co\/colombia\/#\/schema\/person\/image\/\",\"url\":\"https:\/\/secure.gravatar.com\/avatar\/9d55ae161d32da16dbdd0b380c080a5f?s=96&d=mm&r=g\",\"contentUrl\":\"https:\/\/secure.gravatar.com\/avatar\/9d55ae161d32da16dbdd0b380c080a5f?s=96&d=mm&r=g\",\"caption\":\"Direcci\u00f3n de Comunicaciones Fiscal\u00eda General de la Naci\u00f3n\"},\"url\":\"https:\/\/www.fiscalia.gov.co\/colombia\/author\/kbonilla\/\"}]}<\/script>\n<!-- \/ Yoast SEO plugin. -->","yoast_head_json":{"title":"Fiscal\u00eda General de la Naci\u00f3n","description":"P\u00e1gina oficial de la Fiscal\u00eda General de la Naci\u00f3n \u2013 Colombia. Garantizamos el acceso efectivo a la justicia, la verdad y la reparaci\u00f3n de las v\u00edctimas de los delitos.","robots":{"index":"noindex","follow":"follow"},"og_locale":"es_ES","og_type":"article","og_title":"Fiscal\u00eda General de la Naci\u00f3n","og_description":"P\u00e1gina oficial de la Fiscal\u00eda General de la Naci\u00f3n \u2013 Colombia. Garantizamos el acceso efectivo a la justicia, la verdad y la reparaci\u00f3n de las v\u00edctimas de los delitos.","og_url":"https:\/\/www.fiscalia.gov.co\/colombia\/seccionales\/fiscalia-imputo-seis-homicidios-a-supuesto-cabecilla-de-la-subestructura-jorge-ivan-arboleda-garces-del-clan-del-golfo-con-injerencia-en-el-nordeste-antioqueno\/","og_site_name":"Fiscal\u00eda General de la Naci\u00f3n","article_publisher":"https:\/\/www.facebook.com\/FiscaliaCol","article_published_time":"2020-03-18T22:08:14+00:00","article_modified_time":"2020-03-18T22:10:17+00:00","author":"Direcci\u00f3n de Comunicaciones Fiscal\u00eda General de la Naci\u00f3n","twitter_card":"summary_large_image","twitter_creator":"@FiscaliaCol","twitter_site":"@FiscaliaCol","twitter_misc":{"Escrito por":"Direcci\u00f3n de Comunicaciones Fiscal\u00eda General de la Naci\u00f3n","Tiempo de lectura":"1 minuto"},"schema":{"@context":"https:\/\/schema.org","@graph":[{"@type":"Article","@id":"https:\/\/www.fiscalia.gov.co\/colombia\/seccionales\/fiscalia-imputo-seis-homicidios-a-supuesto-cabecilla-de-la-subestructura-jorge-ivan-arboleda-garces-del-clan-del-golfo-con-injerencia-en-el-nordeste-antioqueno\/#article","isPartOf":{"@id":"https:\/\/www.fiscalia.gov.co\/colombia\/seccionales\/fiscalia-imputo-seis-homicidios-a-supuesto-cabecilla-de-la-subestructura-jorge-ivan-arboleda-garces-del-clan-del-golfo-con-injerencia-en-el-nordeste-antioqueno\/"},"author":{"name":"Direcci\u00f3n de Comunicaciones Fiscal\u00eda General de la Naci\u00f3n","@id":"https:\/\/www.fiscalia.gov.co\/colombia\/#\/schema\/person\/bf28d8ae7f1b287bbe3af484b04f43ea"},"headline":"Fiscal\u00eda imput\u00f3 seis homicidios a supuesto cabecilla de la subestructura Jorge Iv\u00e1n Arboleda Garc\u00e9s del Clan del Golfo, con injerencia en el nordeste antioque\u00f1o","datePublished":"2020-03-18T22:08:14+00:00","dateModified":"2020-03-18T22:10:17+00:00","mainEntityOfPage":{"@id":"https:\/\/www.fiscalia.gov.co\/colombia\/seccionales\/fiscalia-imputo-seis-homicidios-a-supuesto-cabecilla-de-la-subestructura-jorge-ivan-arboleda-garces-del-clan-del-golfo-con-injerencia-en-el-nordeste-antioqueno\/"},"wordCount":273,"publisher":{"@id":"https:\/\/www.fiscalia.gov.co\/colombia\/#organization"},"articleSection":["Crimen organizado","Seccional Medell\u00edn","Seccionales"],"inLanguage":"es-CO"},{"@type":"WebPage","@id":"https:\/\/www.fiscalia.gov.co\/colombia\/seccionales\/fiscalia-imputo-seis-homicidios-a-supuesto-cabecilla-de-la-subestructura-jorge-ivan-arboleda-garces-del-clan-del-golfo-con-injerencia-en-el-nordeste-antioqueno\/","url":"https:\/\/www.fiscalia.gov.co\/colombia\/seccionales\/fiscalia-imputo-seis-homicidios-a-supuesto-cabecilla-de-la-subestructura-jorge-ivan-arboleda-garces-del-clan-del-golfo-con-injerencia-en-el-nordeste-antioqueno\/","name":"Fiscal\u00eda General de la Naci\u00f3n","isPartOf":{"@id":"https:\/\/www.fiscalia.gov.co\/colombia\/#website"},"datePublished":"2020-03-18T22:08:14+00:00","dateModified":"2020-03-18T22:10:17+00:00","description":"P\u00e1gina oficial de la Fiscal\u00eda General de la Naci\u00f3n \u2013 Colombia. Garantizamos el acceso efectivo a la justicia, la verdad y la reparaci\u00f3n de las v\u00edctimas de los delitos.","breadcrumb":{"@id":"https:\/\/www.fiscalia.gov.co\/colombia\/seccionales\/fiscalia-imputo-seis-homicidios-a-supuesto-cabecilla-de-la-subestructura-jorge-ivan-arboleda-garces-del-clan-del-golfo-con-injerencia-en-el-nordeste-antioqueno\/#breadcrumb"},"inLanguage":"es-CO","potentialAction":[{"@type":"ReadAction","target":["https:\/\/www.fiscalia.gov.co\/colombia\/seccionales\/fiscalia-imputo-seis-homicidios-a-supuesto-cabecilla-de-la-subestructura-jorge-ivan-arboleda-garces-del-clan-del-golfo-con-injerencia-en-el-nordeste-antioqueno\/"]}]},{"@type":"BreadcrumbList","@id":"https:\/\/www.fiscalia.gov.co\/colombia\/seccionales\/fiscalia-imputo-seis-homicidios-a-supuesto-cabecilla-de-la-subestructura-jorge-ivan-arboleda-garces-del-clan-del-golfo-con-injerencia-en-el-nordeste-antioqueno\/#breadcrumb","itemListElement":[{"@type":"ListItem","position":1,"name":"Home","item":"https:\/\/www.fiscalia.gov.co\/colombia\/"},{"@type":"ListItem","position":2,"name":"Fiscal\u00eda imput\u00f3 seis homicidios a supuesto cabecilla de la subestructura Jorge Iv\u00e1n Arboleda Garc\u00e9s del Clan del Golfo, con injerencia en el nordeste antioque\u00f1o"}]},{"@type":"WebSite","@id":"https:\/\/www.fiscalia.gov.co\/colombia\/#website","url":"https:\/\/www.fiscalia.gov.co\/colombia\/","name":"Fiscal\u00eda General de la Naci\u00f3n","description":"P\u00e1gina oficial de la Fiscal\u00eda General de la Naci\u00f3n \u2013 Colombia. Garantizamos el acceso efectivo a la justicia, la verdad y la reparaci\u00f3n de las v\u00edctimas de los delitos.","publisher":{"@id":"https:\/\/www.fiscalia.gov.co\/colombia\/#organization"},"potentialAction":[{"@type":"SearchAction","target":{"@type":"EntryPoint","urlTemplate":"https:\/\/www.fiscalia.gov.co\/colombia\/?s={search_term_string}"},"query-input":{"@type":"PropertyValueSpecification","valueRequired":true,"valueName":"search_term_string"}}],"inLanguage":"es-CO"},{"@type":"Organization","@id":"https:\/\/www.fiscalia.gov.co\/colombia\/#organization","name":"Fiscal\u00eda General de la Naci\u00f3n","url":"https:\/\/www.fiscalia.gov.co\/colombia\/","logo":{"@type":"ImageObject","inLanguage":"es-CO","@id":"https:\/\/www.fiscalia.gov.co\/colombia\/#\/schema\/logo\/image\/","url":"https:\/\/www.fiscalia.gov.co\/colombia\/wp-content\/uploads\/LogoHorizontal_1.jpg","contentUrl":"https:\/\/www.fiscalia.gov.co\/colombia\/wp-content\/uploads\/LogoHorizontal_1.jpg","width":300,"height":90,"caption":"Fiscal\u00eda General de la Naci\u00f3n"},"image":{"@id":"https:\/\/www.fiscalia.gov.co\/colombia\/#\/schema\/logo\/image\/"},"sameAs":["https:\/\/www.facebook.com\/FiscaliaCol","https:\/\/x.com\/FiscaliaCol","https:\/\/www.instagram.com\/fiscaliacol","https:\/\/www.linkedin.com\/company\/fiscalia-general-de-la-naci-n\/","https:\/\/youtube.com\/@fiscaliageneraldelanacion-4668?si=6nN79nyQICPU5iTh"]},{"@type":"Person","@id":"https:\/\/www.fiscalia.gov.co\/colombia\/#\/schema\/person\/bf28d8ae7f1b287bbe3af484b04f43ea","name":"Direcci\u00f3n de Comunicaciones Fiscal\u00eda General de la Naci\u00f3n","image":{"@type":"ImageObject","inLanguage":"es-CO","@id":"https:\/\/www.fiscalia.gov.co\/colombia\/#\/schema\/person\/image\/","url":"https:\/\/secure.gravatar.com\/avatar\/9d55ae161d32da16dbdd0b380c080a5f?s=96&d=mm&r=g","contentUrl":"https:\/\/secure.gravatar.com\/avatar\/9d55ae161d32da16dbdd0b380c080a5f?s=96&d=mm&r=g","caption":"Direcci\u00f3n de Comunicaciones Fiscal\u00eda General de la Naci\u00f3n"},"url":"https:\/\/www.fiscalia.gov.co\/colombia\/author\/kbonilla\/"}]}},"_links":{"self":[{"href":"https:\/\/www.fiscalia.gov.co\/colombia\/wp-json\/wp\/v2\/posts\/191217","targetHints":{"allow":["GET"]}}],"collection":[{"href":"https:\/\/www.fiscalia.gov.co\/colombia\/wp-json\/wp\/v2\/posts"}],"about":[{"href":"https:\/\/www.fiscalia.gov.co\/colombia\/wp-json\/wp\/v2\/types\/post"}],"author":[{"embeddable":true,"href":"https:\/\/www.fiscalia.gov.co\/colombia\/wp-json\/wp\/v2\/users\/162"}],"replies":[{"embeddable":true,"href":"https:\/\/www.fiscalia.gov.co\/colombia\/wp-json\/wp\/v2\/comments?post=191217"}],"version-history":[{"count":2,"href":"https:\/\/www.fiscalia.gov.co\/colombia\/wp-json\/wp\/v2\/posts\/191217\/revisions"}],"predecessor-version":[{"id":191219,"href":"https:\/\/www.fiscalia.gov.co\/colombia\/wp-json\/wp\/v2\/posts\/191217\/revisions\/191219"}],"wp:attachment":[{"href":"https:\/\/www.fiscalia.gov.co\/colombia\/wp-json\/wp\/v2\/media?parent=191217"}],"wp:term":[{"taxonomy":"category","embeddable":true,"href":"https:\/\/www.fiscalia.gov.co\/colombia\/wp-json\/wp\/v2\/categories?post=191217"},{"taxonomy":"post_tag","embeddable":true,"href":"https:\/\/www.fiscalia.gov.co\/colombia\/wp-json\/wp\/v2\/tags?post=191217"}],"curies":[{"name":"wp","href":"https:\/\/api.w.org\/{rel}","templated":true}]}}